{"id":17604,"date":"2026-04-30T10:33:59","date_gmt":"2026-04-30T08:33:59","guid":{"rendered":"https:\/\/nordnesrepublikken.no\/index.php\/2026\/04\/30\/historien-til-det-persiske-imperiet-begynte-med-kyros-den-store\/"},"modified":"2026-04-30T10:34:02","modified_gmt":"2026-04-30T08:34:02","slug":"historien-til-det-persiske-imperiet-begynte-med-kyros-den-store","status":"publish","type":"post","link":"https:\/\/nordnesrepublikken.no\/index.php\/2026\/04\/30\/historien-til-det-persiske-imperiet-begynte-med-kyros-den-store\/","title":{"rendered":"historien til det persiske imperiet begynte med Kyros den store"},"content":{"rendered":"<div>\n<div class=\"cp_wrapper cp_wrapper--fw mb-30 mb-20@tablet\">\n<figure class=\"mm\"><picture class=\"img\" style=\"padding-top:56.25%\"><source  media=\"(min-width: 1024px)\"><source  media=\"(min-width: 768px)\"><\/source><\/source><\/picture><\/figure>\n<\/p><\/div>\n<p>Identiteten til<b>Iran<\/b> det er ikke bare sammenfallende med <b>Persia<\/b>: mens sistnevnte representerer det persiske folks historiske og spr\u00e5klige vugge, har Iran legemliggjort et bredere konsept i \u00e5rtusener, nemlig <b>&laquo;Arianernes land&raquo;<\/b>. Det er en komplisert mosaikk av forskjellige folk, der den persiske komponenten fungerer som et lim.<\/p>\n<p>Denne kj\u00f8refunksjonen ble f\u00f8dt med <b>Kyros den store<\/b>arkitekten til <strong>f\u00f8rste universelle imperium i historien<\/strong>. Under hans ledelse sluttet Persia \u00e5 v\u00e6re en enkelt region og ble en <strong>avantgarde politisk modell<\/strong>: et stort domene som er i stand til \u00e5 forene forskjellige folk og trosretninger under en enkelt, enest\u00e5ende administrasjon basert p\u00e5 toleranse.<\/p>\n<h2>Indoeuropeiske r\u00f8tter: fra Kyros den store til det f\u00f8rste universelle imperiet<\/h2>\n<p><strong>Perserne,<\/strong> om <b>50\u201360 %<\/b> <strong>av befolkningen i dagens Iran<\/strong>er et indoeuropeisk folk som mellom det 10. og 7. \u00e5rhundre f.Kr., migrerte til det iranske plat\u00e5et. Forenkling. det er en sivilisasjon som fra et spr\u00e5klig synspunkt har mye mer til felles med oss \u200b\u200bvestlige enn de ulike semittiske etniske gruppene i regionen, som j\u00f8der eller arabere.<\/p>\n<p>Historien til det persiske imperiet begynte offisielt i <strong>550 f.Kr<\/strong> med <b>Kyros den store<\/b>. Han ga liv til et imperium som utvidet seg, ogs\u00e5 takket v\u00e6re hans etterf\u00f8lgere, fra Egypt til India: <strong>5,5 millioner kvadratkilometer. <\/strong>Et rike holdt sammen ikke bare med makt, men av religi\u00f8s toleranse, som demonstrert av de ber\u00f8mte<strong> Cyrus sylinder<\/strong>. Med dette <strong>eldgammelt dokument<\/strong>laget av terrakotta, de suverene tilskuddene <strong>tilbedelsesfrihet for alle underkuede folk<\/strong>. Ikke bare det: den autoriserer <strong>j\u00f8diske fanger i Babylon<\/strong> \u00e5 returnere til Israel, hvor de bygger <strong>Jerusalems tempel<\/strong>.<\/p>\n<p>Ved \u00e5 gj\u00f8re det, de persiske kongene <strong>de presenterer seg ikke som enkle erobrere<\/strong>men som beskyttere av unders\u00e5ttenes frihet og velv\u00e6re. Det er ingen tilfeldighet at i 1971<strong>FNs organisasjon (FN)<\/strong> han oversatte sylinderen til alle de offisielle spr\u00e5kene i verden, og kalte den en <b>&laquo;forl\u00f8per for menneskerettigheter&raquo;. <\/b><\/p>\n<div class=\"cp_wrapper cp_wrapper--fw mb-50\">\n<figure class=\"mm\"><picture class=\"img\" style=\"padding-top:56.8%\"><source  media=\"(min-width: 1024px)\"><source  media=\"(min-width: 768px)\"><img decoding=\"async\" loading=\"lazy\" src=\"https:\/\/nordnesrepublikken.no\/wp-content\/uploads\/2026\/04\/1777538034_286_historien-til-det-persiske-imperiet-begynte-med-Kyros-den-store.jpg\" alt=\"Achaemenid Persiske riket under Dareios I\" width=\"1000\" height=\"568\"\/><\/source><\/source><\/picture><\/figure>\n<\/p><\/div>\n<p>Perserne er imidlertid ikke bare dyktige politikere, men ogs\u00e5 <strong>ekstraordin\u00e6re ingeni\u00f8rer<\/strong>. De lager en rekke futuristiske verk som:<\/p>\n<ul>\n<li><b>Qanat:<\/b> underjordiske kanaler for \u00e5 transportere vann inn i \u00f8rkenen uten \u00e5 la det fordampe.<\/li>\n<li><b>Paradiser:<\/b> frodige hager som ga navn til selve konseptet om et idyllisk sted (fra den greske paradeisos og den persiske pairi-daeza).<\/li>\n<\/ul>\n<p>Det er med fremkomsten av dynastiet <b>Achaemenid<\/b> at begrepet Iran begynner \u00e5 utkrystallisere seg politisk. Darius I, i sine monumentale inskripsjoner som Naqsh-e Rostam, hevder stolt sin etniske og \u00e5ndelige identitet: <b>\u00abP\u0101rsa, P\u0101rsahya pu\u00e7a, Ariya, Ariya ci\u00e7a\u00bb<\/b>det vil si <b>&laquo;Perser, s\u00f8nn av en perser, en arisk, av arisk avstamning&raquo;<\/b>. Mens han enn\u00e5 ikke bruker navnet &laquo;Iran&raquo; i sin moderne form, plasserer Darius seg som hersker over<b>Ary\u0101n\u0101m kh\u0161a\u03b8ra<\/b>&laquo;ariernes rike&raquo;, som for f\u00f8rste gang definerer en keiserlig identitet som gikk utover grensene til den enkelt provinsen Fars.<\/p>\n<h2><b>Fra Satraps til Magi<\/b><\/h2>\n<p>En suveren, uansett hvor dyktig den er, kan absolutt ikke styre et s\u00e5 stort territorium alene. Av denne grunn ble det persiske riket delt inn i provinser <strong>satrapier<\/strong>hver administrert av en guvern\u00f8r (satrapen) og forbundet med hverandre av en veiinfrastruktur: <strong>Kongeveien<\/strong>. Dette nettverket tillot kommunikasjon og tropper \u00e5 bevege seg med enest\u00e5ende hastighet, mens <strong>arameisk <\/strong>(spr\u00e5ket som \u00e5rhundrer senere ogs\u00e5 ville bli talt av Jesus) fungerte som et universelt lim for handel og diplomati.<\/p>\n<p>Som det kongelige hoff flyttet mellom de praktfulle keiserlige byene i <b>Susa og Persepolis<\/b>slo det \u00e5ndelige hjertet av riket rundt <strong>Zoroastrisk religion<\/strong>. I sentrum av kulten deres brente <b>Hellig ild<\/b>tilbedt ikke som en guddom, men som et symbol p\u00e5 <b>Ahura Mazda<\/b> (den vise Herre). For perserne representerte ild sannhetens lys og absolutt renhet; \u00e5 holde den tent var en kosmisk handling for \u00e5 beskytte orden mot kaos.<\/p>\n<p><strong>Voktere av ild og kunnskap<\/strong> de var <strong>magi<\/strong>prestevitenskapsmenn hvis term ordene magi og magiker stammer fra. Denne filosofiske visjonen var revolusjonerende, og introduserte for f\u00f8rste gang i historien <b>dualisme mellom godt og ondt<\/b>begrepene himmel og helvete og ideen om en endelig dom. Konsepter som da p\u00e5virket j\u00f8dedommen, kristendommen og islam dypt.<\/p>\n<div class=\"cp_wrapper cp_wrapper--fw mb-50\">\n<figure class=\"mm\"><picture class=\"img\" style=\"padding-top:56.5%\"><source  media=\"(min-width: 1024px)\"><source  media=\"(min-width: 768px)\"><img decoding=\"async\" loading=\"lazy\" src=\"https:\/\/nordnesrepublikken.no\/wp-content\/uploads\/2026\/04\/1777538035_314_historien-til-det-persiske-imperiet-begynte-med-Kyros-den-store.jpg\" alt=\"Bilde\" width=\"800\" height=\"452\" class=\"js-seedtag-img\"\/><\/source><\/source><\/picture><\/figure>\n<\/p><\/div>\n<h2>Fra Alexander den store til sammenst\u00f8tet med Roma<\/h2>\n<p>S\u00e5 tidlig som p\u00e5 400-tallet f.Kr. teoretiserte greske filosofer det <b>&laquo;sammenst\u00f8t mellom sivilisasjoner&raquo;<\/b>: p\u00e5 den ene siden det frie Vesten, p\u00e5 den andre det despotiske \u00d8sten. En id\u00e9 f\u00f8dt av arrene fra legendariske kamper som Thermopylae og Salamis. Men historien elsker overraskelser: n\u00e5r <b>Alexander den store<\/b> styrter det persiske riket, sletter ikke dets identitet. Tvert imot gifter han seg med henne, smelter sammen den greske verden med den orientalske og gir liv til<b>Hellenisme<\/b>.<\/p>\n<p>Arven etter Kyros den store faller imidlertid ikke i glemmeboken: dynastiene til <b>Forlate<\/b> og guder <b>sasanianere<\/b> de hevder det med kraft, og reiser seg som et bolverk mot den nye stigende supermakten: <b>Roma<\/b>. Etter \u00e5 ha beseiret Kartago, begynner Roma \u00e5 se insisterende mot \u00f8st, og rivaliseringen blir umiddelbart til et blodbad. Flotte navn betaler prisen: triumviren <b>Crassus<\/b>den rikeste mannen i Roma, ender opp med \u00e5 bli tilintetgjort og drept i kamp i hendene p\u00e5 sine \u00f8stlige fiender. Til og med <b>Julius C\u00e6sar<\/b>f\u00f8r han falt for knivstikkene p\u00e5 Ides i mars, fullf\u00f8rte forberedelsene til en kolossal straffeekspedisjon mot dem.<\/p>\n<p>I syv \u00e5rhundrer, elven <b>Eufrat<\/b> det var antikkens \u00abr\u00f8de linje\u00bb, grensen mellom to titaner som ser fiendtlig p\u00e5 hverandre. Et episk sammenst\u00f8t som imidlertid endte i en ekte en <b>geopolitisk selvmord<\/b>: p\u00e5 700-tallet e.Kr., utmattet av endel\u00f8se kriger og med tomme statskasser, kollapset de to gigantene inn i seg selv, og la feltet \u00e5pent for en ny, ustoppelig hovedperson: den arabiske fremmarsj.<\/p>\n<div class=\"cp_wrapper cp_wrapper--fw mb-50\">\n<figure class=\"mm\"><picture class=\"img\" style=\"padding-top:113.125%\"><source  media=\"(min-width: 1024px)\"><source  media=\"(min-width: 768px)\"><img decoding=\"async\" loading=\"lazy\" src=\"https:\/\/nordnesrepublikken.no\/wp-content\/uploads\/2026\/04\/1777538037_39_historien-til-det-persiske-imperiet-begynte-med-Kyros-den-store.jpg\" alt=\"Bilde\" width=\"800\" height=\"905\"\/><\/source><\/source><\/picture><\/figure>\n<\/p><\/div>\n<h2>Metamorfosen: motoren til den islamske gullalderen<\/h2>\n<p>I 636 e.Kr. <strong>den arabiske invasjonen<\/strong> \u2013 uventet \u2013 scoret et poeng p\u00e5 <strong>epoke vendepunkt<\/strong>som bestemmer den politiske kollapsen i det gamle Persia og slutten av det regjerende dynastiet, det sasaniske. Denne hendelsen f\u00f8rte imidlertid ikke til slutten av den persiske sivilisasjonen. Mens andre regioner erobret av araberne ganske enkelt ble assimilert, satte perserne utbredt kulturell motstand.<\/p>\n<p>Strikt forsvare <b>Farsi<\/b> som et spr\u00e5k for uttrykk og identitet, integrert persisk i strukturene til den nye islamske verden, og ble dens sinn. Siden deres arabiske erobrere ikke hadde noen erfaring med \u00e5 styre et stort imperium, stolte de p\u00e5 perserne, som ble de sanne &laquo;politiske ingeni\u00f8rene&raquo; av kalifatene, spesielt under det abbasidiske dynastiet i Bagdad.<\/p>\n<p>Denne fusjonen mellom den overveldende arabiske religi\u00f8se driften og den tusen \u00e5r gamle persiske rikdommen av ferdigheter har tent lunten til <b>Islamsk gullalder<\/b>. Det er et \u00f8yeblikk av intellektuell n\u00e5de unikt i historien: mens Europa opplevde &laquo;m\u00f8rketiden&raquo;, blomstret tankegiganter i omr\u00e5det til det tidligere imperiet.<\/p>\n<p>La oss tenke oss om <b>Al-Khwarizmi<\/b>matematikeren som bokstavelig talt oppfant algebra (begrepet i seg selv kommer fra hans avhandling al-Jabr), eller ad <b>Avicenna<\/b> (Ibn Sina), hvis &laquo;medisinskanon&raquo; var den hellige h\u00e5ndboken for europeiske leger frem til 1600-tallet.<\/p>\n<p>I hovedsak skjedde et fascinerende geopolitisk paradoks: Persia mistet sin politiske uavhengighet i \u00e5rhundrer, underkastet seg kalifatene, men endte opp med <b>erobre kulturelt<\/b> sine egne herskere. Araberne tok med seg religion og administrasjonsspr\u00e5ket, men for \u00e5 forvalte et s\u00e5 stort imperium m\u00e5tte de ta i bruk byr\u00e5kratiet, kunsten, arkitekturen og filosofien til perserne.<\/p>\n<p>Andre folkeslag som senere erobret denne regionen gjennomgikk ogs\u00e5 den samme fascinasjonen. Ikke overraskende heller <b>mongoler eller tyrkere,<\/b> etter \u00e5 ha erobret Iran milit\u00e6rt, endte de opp med \u00e5 adoptere persisk som domstols- og kulturspr\u00e5k.<\/p>\n<p>Den zoroastriske religionen overlevde arabisk dominans i flere \u00e5rhundrer, spesielt i fjellomr\u00e5dene, reddet fra glemselen takket v\u00e6re flukten sj\u00f8veien til India (i Gujarat), hvor Parsi-samfunnet fortsatt bevarer de hellige tekstene og tradisjonene i dag.<\/p>\n<div class=\"cp_wrapper cp_wrapper--fw mb-50\">\n<figure class=\"mm\"><picture class=\"img\" style=\"padding-top:69.166666666667%\"><source  media=\"(min-width: 1024px)\"><source  media=\"(min-width: 768px)\"><img decoding=\"async\" loading=\"lazy\" src=\"https:\/\/nordnesrepublikken.no\/wp-content\/uploads\/2026\/04\/1777538039_861_historien-til-det-persiske-imperiet-begynte-med-Kyros-den-store.jpg\" alt=\"Det osmanske tyrkiske riket mot Iran\" width=\"600\" height=\"415\" class=\"js-seedtag-img\"\/><\/source><\/source><\/picture><\/figure>\n<\/p><\/div>\n<h2>Gjenf\u00f8delsen og den n\u00e5v\u00e6rende mosaikken<\/h2>\n<p>Uavhengigheten kom tilbake <b>1501<\/b> med dynastiet til <b>safavider<\/b>som har valgt den islamske str\u00f8mmen av <b>Shiisme, i motsetning til sunni,<\/b> som statsreligion. Valget, snarere enn \u00e5 utlede av en ideologisk grunn, var av politisk karakter, og \u00f8nsket \u00e5 skille seg fra de n\u00e6rliggende osmanske tyrkerne, de nye mektige fiendene som ligger i vest.<\/p>\n<p>Samtidig m\u00e5tte perserne m\u00f8te europeisk kolonial innblanding, spesielt engelske og russiske, som gjentatte ganger truet suvereniteten til de regjerende dynastiene. Det er i denne perioden Iran konsoliderer sin natur <b>Imperial mosaikkstat<\/b>med en delikat balanse mellom ulike folkeslag.<\/p>\n<p>I dag har landet v\u00e6rt bebodd av ca <strong>88 millioner mennesker,<\/strong> fordelt i en delikat balanse:<\/p>\n<ul>\n<li><b>Persere (ca. 50-60%):<\/b> Landets bankende hjerte. De bor i de store sentrale byene (Teheran, Isfahan, Shiraz) og er voktere av det farsiske spr\u00e5ket og den keiserlige arven.<\/li>\n<li><b>aseriske (ca. 16\u201324%):<\/b> I nordvest (Tabriz). De er et tyrkisktalende folk, men av sjiatro, perfekt integrert i sentralmakten og \u00f8konomien, s\u00e5 mye at de representerer den mest innflytelsesrike minoriteten.<\/li>\n<li><b>Kurdere (ca. 10%):<\/b> Plassert langs Zagros-fjellene i vest. Indoeuropeiske mennesker av iransk avstamning, de anser seg selv som etterkommere av mederne og bevarer tusen \u00e5r gamle fjelltradisjoner, fargerike kl\u00e6r og en visceral forbindelse med naturen.<\/li>\n<li><b>Luri (omtrent 6%):<\/b> Ogs\u00e5 barn av Zagros, de er n\u00e6rt beslektet med perserne, men opprettholder en distinkt stamme- og nomadkultur, kjent for motstandskraft og uavhengighet.<\/li>\n<li><b>Arabere (omtrent 2%):<\/b> Konsentrert i s\u00f8rvest (<b>Khuzestan<\/b>). De snakker en arabisk dialekt, men er overveiende sjia; de bor i regionen som har 80 % av iransk olje, en viktig strategisk del.<\/li>\n<li><b>Baluchi (omtrent 2%):<\/b> De bor i det t\u00f8rre s\u00f8r-\u00f8st, grenser til Pakistan og Afghanistan. Jeg er av iransk avstamning, men av tro <b>Sunni<\/b>en detalj som gj\u00f8r dem til en religi\u00f8s s\u00e5 vel som etnisk minoritet, med en \u00f8rken og stolt kultur.<\/li>\n<li><b>Turkmen og Qashqai:<\/b> I nord\u00f8st og i de nomadiske omr\u00e5dene i s\u00f8r b\u00e6rer de arven fra de asiatiske steppestammene, med sine turkiske spr\u00e5k og ber\u00f8mte geometriske tepper.<\/li>\n<\/ul>\n<p>I \u00e5rhundrer har omverdenen kalt dette landet &laquo;<strong>Persia<\/strong>&laquo;, et navn som <strong>den kom fra bare \u00e9n av regionene<\/strong> (Fars). Imidlertid, i <b>1935<\/b>ba Reza Shah Pahlavis regjering formelt utenlandske nasjoner om \u00e5 bruke navnet eksklusivt <b>Iran<\/b>. Det var ikke bare et merkeskifte, men en handling av <b>nasjonal stolthet<\/b>. En referanse til de indoeuropeiske r\u00f8ttene som er felles for alle folkene p\u00e5 plat\u00e5et og en m\u00e5te \u00e5 lukke epoken med koloniale p\u00e5virkninger.<\/p>\n<div class=\"cp_wrapper  mb-50   \">\n<div class=\"cbx\">\n<div class=\"cbx__collection\">\n<p>Kilder<\/p>\n<div class=\"cbx__sources\">\n<p>Wieseh\u00f6fer, Josef. Det gamle Persia. The Mill, 2003.<\/p>\n<p>Ansary, Tamim. En parallell skjebne: Verdenshistorien sett fra islam. Fazi Editore, 2014<\/p>\n<\/p><\/div>\n<\/p><\/div>\n<\/p><\/div>\n<\/div><\/div>\n","protected":false},"excerpt":{"rendered":"<p>Identiteten tilIran det er ikke bare sammenfallende med Persia: mens sistnevnte representerer det persiske folks<\/p>\n","protected":false},"author":1,"featured_media":17605,"comment_status":"closed","ping_status":"open","sticky":false,"template":"","format":"standard","meta":{"footnotes":""},"categories":[104],"tags":[3609,74,66,521,6327,11351,79,11350,1045,117],"class_list":["post-17604","post","type-post","status-publish","format-standard","has-post-thumbnail","hentry","category-samfunn","tag-begynte","tag-den","tag-det","tag-historien","tag-imperiet","tag-kyros","tag-med","tag-persiske","tag-store","tag-til","generate-columns","tablet-grid-50","mobile-grid-100","grid-parent","grid-33","resize-featured-image"],"yoast_head":"<!-- This site is optimized with the Yoast SEO plugin v24.4 - https:\/\/yoast.com\/wordpress\/plugins\/seo\/ -->\n<title>historien til det persiske imperiet begynte med Kyros den store - Nordnesrepublikken<\/title>\n<meta name=\"robots\" content=\"index, follow, max-snippet:-1, max-image-preview:large, max-video-preview:-1\" \/>\n<link rel=\"canonical\" href=\"https:\/\/nordnesrepublikken.no\/index.php\/2026\/04\/30\/historien-til-det-persiske-imperiet-begynte-med-kyros-den-store\/\" \/>\n<meta property=\"og:locale\" content=\"nb_NO\" \/>\n<meta property=\"og:type\" content=\"article\" \/>\n<meta property=\"og:title\" content=\"historien til det persiske imperiet begynte med Kyros den store - Nordnesrepublikken\" \/>\n<meta property=\"og:description\" content=\"Identiteten tilIran det er ikke bare sammenfallende med Persia: mens sistnevnte representerer det persiske folks\" \/>\n<meta property=\"og:url\" content=\"https:\/\/nordnesrepublikken.no\/index.php\/2026\/04\/30\/historien-til-det-persiske-imperiet-begynte-med-kyros-den-store\/\" \/>\n<meta property=\"og:site_name\" content=\"Nordnesrepublikken\" \/>\n<meta property=\"article:published_time\" content=\"2026-04-30T08:33:59+00:00\" \/>\n<meta property=\"article:modified_time\" content=\"2026-04-30T08:34:02+00:00\" \/>\n<meta property=\"og:image\" content=\"https:\/\/nordnesrepublikken.no\/wp-content\/uploads\/2026\/04\/1777538041_historien-til-det-persiske-imperiet-begynte-med-Kyros-den-store.jpg\" \/>\n\t<meta property=\"og:image:width\" content=\"1550\" \/>\n\t<meta property=\"og:image:height\" content=\"1015\" \/>\n\t<meta property=\"og:image:type\" content=\"image\/jpeg\" \/>\n<meta name=\"author\" content=\"Ole Andersen\" \/>\n<meta name=\"twitter:card\" content=\"summary_large_image\" \/>\n<meta name=\"twitter:label1\" content=\"Skrevet av\" \/>\n\t<meta name=\"twitter:data1\" content=\"Ole Andersen\" \/>\n\t<meta name=\"twitter:label2\" content=\"Ansl. lesetid\" \/>\n\t<meta name=\"twitter:data2\" content=\"8 minutter\" \/>\n<script type=\"application\/ld+json\" class=\"yoast-schema-graph\">{\"@context\":\"https:\/\/schema.org\",\"@graph\":[{\"@type\":\"Article\",\"@id\":\"https:\/\/nordnesrepublikken.no\/index.php\/2026\/04\/30\/historien-til-det-persiske-imperiet-begynte-med-kyros-den-store\/#article\",\"isPartOf\":{\"@id\":\"https:\/\/nordnesrepublikken.no\/index.php\/2026\/04\/30\/historien-til-det-persiske-imperiet-begynte-med-kyros-den-store\/\"},\"author\":{\"name\":\"Ole Andersen\",\"@id\":\"https:\/\/nordnesrepublikken.no\/#\/schema\/person\/2e7e81935bab77882fffb79296240ff1\"},\"headline\":\"historien til det persiske imperiet begynte med Kyros den store\",\"datePublished\":\"2026-04-30T08:33:59+00:00\",\"dateModified\":\"2026-04-30T08:34:02+00:00\",\"mainEntityOfPage\":{\"@id\":\"https:\/\/nordnesrepublikken.no\/index.php\/2026\/04\/30\/historien-til-det-persiske-imperiet-begynte-med-kyros-den-store\/\"},\"wordCount\":1682,\"publisher\":{\"@id\":\"https:\/\/nordnesrepublikken.no\/#organization\"},\"image\":{\"@id\":\"https:\/\/nordnesrepublikken.no\/index.php\/2026\/04\/30\/historien-til-det-persiske-imperiet-begynte-med-kyros-den-store\/#primaryimage\"},\"thumbnailUrl\":\"https:\/\/nordnesrepublikken.no\/wp-content\/uploads\/2026\/04\/1777538041_historien-til-det-persiske-imperiet-begynte-med-Kyros-den-store.jpg\",\"keywords\":[\"begynte\",\"den\",\"Det\",\"Historien\",\"imperiet\",\"Kyros\",\"med\",\"persiske\",\"Store\",\"til\"],\"articleSection\":[\"Samfunn\"],\"inLanguage\":\"nb-NO\"},{\"@type\":\"WebPage\",\"@id\":\"https:\/\/nordnesrepublikken.no\/index.php\/2026\/04\/30\/historien-til-det-persiske-imperiet-begynte-med-kyros-den-store\/\",\"url\":\"https:\/\/nordnesrepublikken.no\/index.php\/2026\/04\/30\/historien-til-det-persiske-imperiet-begynte-med-kyros-den-store\/\",\"name\":\"historien til det persiske imperiet begynte med Kyros den store - Nordnesrepublikken\",\"isPartOf\":{\"@id\":\"https:\/\/nordnesrepublikken.no\/#website\"},\"primaryImageOfPage\":{\"@id\":\"https:\/\/nordnesrepublikken.no\/index.php\/2026\/04\/30\/historien-til-det-persiske-imperiet-begynte-med-kyros-den-store\/#primaryimage\"},\"image\":{\"@id\":\"https:\/\/nordnesrepublikken.no\/index.php\/2026\/04\/30\/historien-til-det-persiske-imperiet-begynte-med-kyros-den-store\/#primaryimage\"},\"thumbnailUrl\":\"https:\/\/nordnesrepublikken.no\/wp-content\/uploads\/2026\/04\/1777538041_historien-til-det-persiske-imperiet-begynte-med-Kyros-den-store.jpg\",\"datePublished\":\"2026-04-30T08:33:59+00:00\",\"dateModified\":\"2026-04-30T08:34:02+00:00\",\"breadcrumb\":{\"@id\":\"https:\/\/nordnesrepublikken.no\/index.php\/2026\/04\/30\/historien-til-det-persiske-imperiet-begynte-med-kyros-den-store\/#breadcrumb\"},\"inLanguage\":\"nb-NO\",\"potentialAction\":[{\"@type\":\"ReadAction\",\"target\":[\"https:\/\/nordnesrepublikken.no\/index.php\/2026\/04\/30\/historien-til-det-persiske-imperiet-begynte-med-kyros-den-store\/\"]}]},{\"@type\":\"ImageObject\",\"inLanguage\":\"nb-NO\",\"@id\":\"https:\/\/nordnesrepublikken.no\/index.php\/2026\/04\/30\/historien-til-det-persiske-imperiet-begynte-med-kyros-den-store\/#primaryimage\",\"url\":\"https:\/\/nordnesrepublikken.no\/wp-content\/uploads\/2026\/04\/1777538041_historien-til-det-persiske-imperiet-begynte-med-Kyros-den-store.jpg\",\"contentUrl\":\"https:\/\/nordnesrepublikken.no\/wp-content\/uploads\/2026\/04\/1777538041_historien-til-det-persiske-imperiet-begynte-med-Kyros-den-store.jpg\",\"width\":1550,\"height\":1015,\"caption\":\"historien til det persiske imperiet begynte med Kyros den store\"},{\"@type\":\"BreadcrumbList\",\"@id\":\"https:\/\/nordnesrepublikken.no\/index.php\/2026\/04\/30\/historien-til-det-persiske-imperiet-begynte-med-kyros-den-store\/#breadcrumb\",\"itemListElement\":[{\"@type\":\"ListItem\",\"position\":1,\"name\":\"Home\",\"item\":\"https:\/\/nordnesrepublikken.no\/\"},{\"@type\":\"ListItem\",\"position\":2,\"name\":\"historien til det persiske imperiet begynte med Kyros den store\"}]},{\"@type\":\"WebSite\",\"@id\":\"https:\/\/nordnesrepublikken.no\/#website\",\"url\":\"https:\/\/nordnesrepublikken.no\/\",\"name\":\"Nordnesrepublikken\",\"description\":\"Stemmer og Visjoner fra Republikkens Hjerte\",\"publisher\":{\"@id\":\"https:\/\/nordnesrepublikken.no\/#organization\"},\"potentialAction\":[{\"@type\":\"SearchAction\",\"target\":{\"@type\":\"EntryPoint\",\"urlTemplate\":\"https:\/\/nordnesrepublikken.no\/?s={search_term_string}\"},\"query-input\":{\"@type\":\"PropertyValueSpecification\",\"valueRequired\":true,\"valueName\":\"search_term_string\"}}],\"inLanguage\":\"nb-NO\"},{\"@type\":\"Organization\",\"@id\":\"https:\/\/nordnesrepublikken.no\/#organization\",\"name\":\"Nordnesrepublikken\",\"url\":\"https:\/\/nordnesrepublikken.no\/\",\"logo\":{\"@type\":\"ImageObject\",\"inLanguage\":\"nb-NO\",\"@id\":\"https:\/\/nordnesrepublikken.no\/#\/schema\/logo\/image\/\",\"url\":\"https:\/\/nordnesrepublikken.no\/wp-content\/uploads\/2025\/02\/cropped-nordnesrepublikken-2.png\",\"contentUrl\":\"https:\/\/nordnesrepublikken.no\/wp-content\/uploads\/2025\/02\/cropped-nordnesrepublikken-2.png\",\"width\":1248,\"height\":362,\"caption\":\"Nordnesrepublikken\"},\"image\":{\"@id\":\"https:\/\/nordnesrepublikken.no\/#\/schema\/logo\/image\/\"}},{\"@type\":\"Person\",\"@id\":\"https:\/\/nordnesrepublikken.no\/#\/schema\/person\/2e7e81935bab77882fffb79296240ff1\",\"name\":\"Ole Andersen\",\"image\":{\"@type\":\"ImageObject\",\"inLanguage\":\"nb-NO\",\"@id\":\"https:\/\/nordnesrepublikken.no\/#\/schema\/person\/image\/\",\"url\":\"https:\/\/nordnesrepublikken.no\/wp-content\/uploads\/2025\/02\/nordnesrepublikken-2-2-150x150.jpg\",\"contentUrl\":\"https:\/\/nordnesrepublikken.no\/wp-content\/uploads\/2025\/02\/nordnesrepublikken-2-2-150x150.jpg\",\"caption\":\"Ole Andersen\"},\"description\":\"Ettersom jeg vokste opp i Oslo, har jeg alltid v\u00e6rt fascinert av ordenes kraft og deres evne til \u00e5 skape endringer. Etter \u00e5 ha fullf\u00f8rt min utdannelse i kommunikasjon ved Universitetet i Bergen, fikk jeg muligheten til \u00e5 jobbe innen ulike medier, der jeg har s\u00f8kt \u00e5 belyse viktige samfunnssp\u00f8rsm\u00e5l. I dag, som redakt\u00f8r for Nordnesrepublikken, pr\u00f8ver jeg \u00e5 forene min kj\u00e6rlighet for journalistikk med min lidenskap for innovasjon og eventyr.\",\"sameAs\":[\"https:\/\/nordnesrepublikken.no\/\"]}]}<\/script>\n<!-- \/ Yoast SEO plugin. -->","yoast_head_json":{"title":"historien til det persiske imperiet begynte med Kyros den store - Nordnesrepublikken","robots":{"index":"index","follow":"follow","max-snippet":"max-snippet:-1","max-image-preview":"max-image-preview:large","max-video-preview":"max-video-preview:-1"},"canonical":"https:\/\/nordnesrepublikken.no\/index.php\/2026\/04\/30\/historien-til-det-persiske-imperiet-begynte-med-kyros-den-store\/","og_locale":"nb_NO","og_type":"article","og_title":"historien til det persiske imperiet begynte med Kyros den store - Nordnesrepublikken","og_description":"Identiteten tilIran det er ikke bare sammenfallende med Persia: mens sistnevnte representerer det persiske folks","og_url":"https:\/\/nordnesrepublikken.no\/index.php\/2026\/04\/30\/historien-til-det-persiske-imperiet-begynte-med-kyros-den-store\/","og_site_name":"Nordnesrepublikken","article_published_time":"2026-04-30T08:33:59+00:00","article_modified_time":"2026-04-30T08:34:02+00:00","og_image":[{"width":1550,"height":1015,"url":"https:\/\/nordnesrepublikken.no\/wp-content\/uploads\/2026\/04\/1777538041_historien-til-det-persiske-imperiet-begynte-med-Kyros-den-store.jpg","type":"image\/jpeg"}],"author":"Ole Andersen","twitter_card":"summary_large_image","twitter_misc":{"Skrevet av":"Ole Andersen","Ansl. lesetid":"8 minutter"},"schema":{"@context":"https:\/\/schema.org","@graph":[{"@type":"Article","@id":"https:\/\/nordnesrepublikken.no\/index.php\/2026\/04\/30\/historien-til-det-persiske-imperiet-begynte-med-kyros-den-store\/#article","isPartOf":{"@id":"https:\/\/nordnesrepublikken.no\/index.php\/2026\/04\/30\/historien-til-det-persiske-imperiet-begynte-med-kyros-den-store\/"},"author":{"name":"Ole Andersen","@id":"https:\/\/nordnesrepublikken.no\/#\/schema\/person\/2e7e81935bab77882fffb79296240ff1"},"headline":"historien til det persiske imperiet begynte med Kyros den store","datePublished":"2026-04-30T08:33:59+00:00","dateModified":"2026-04-30T08:34:02+00:00","mainEntityOfPage":{"@id":"https:\/\/nordnesrepublikken.no\/index.php\/2026\/04\/30\/historien-til-det-persiske-imperiet-begynte-med-kyros-den-store\/"},"wordCount":1682,"publisher":{"@id":"https:\/\/nordnesrepublikken.no\/#organization"},"image":{"@id":"https:\/\/nordnesrepublikken.no\/index.php\/2026\/04\/30\/historien-til-det-persiske-imperiet-begynte-med-kyros-den-store\/#primaryimage"},"thumbnailUrl":"https:\/\/nordnesrepublikken.no\/wp-content\/uploads\/2026\/04\/1777538041_historien-til-det-persiske-imperiet-begynte-med-Kyros-den-store.jpg","keywords":["begynte","den","Det","Historien","imperiet","Kyros","med","persiske","Store","til"],"articleSection":["Samfunn"],"inLanguage":"nb-NO"},{"@type":"WebPage","@id":"https:\/\/nordnesrepublikken.no\/index.php\/2026\/04\/30\/historien-til-det-persiske-imperiet-begynte-med-kyros-den-store\/","url":"https:\/\/nordnesrepublikken.no\/index.php\/2026\/04\/30\/historien-til-det-persiske-imperiet-begynte-med-kyros-den-store\/","name":"historien til det persiske imperiet begynte med Kyros den store - Nordnesrepublikken","isPartOf":{"@id":"https:\/\/nordnesrepublikken.no\/#website"},"primaryImageOfPage":{"@id":"https:\/\/nordnesrepublikken.no\/index.php\/2026\/04\/30\/historien-til-det-persiske-imperiet-begynte-med-kyros-den-store\/#primaryimage"},"image":{"@id":"https:\/\/nordnesrepublikken.no\/index.php\/2026\/04\/30\/historien-til-det-persiske-imperiet-begynte-med-kyros-den-store\/#primaryimage"},"thumbnailUrl":"https:\/\/nordnesrepublikken.no\/wp-content\/uploads\/2026\/04\/1777538041_historien-til-det-persiske-imperiet-begynte-med-Kyros-den-store.jpg","datePublished":"2026-04-30T08:33:59+00:00","dateModified":"2026-04-30T08:34:02+00:00","breadcrumb":{"@id":"https:\/\/nordnesrepublikken.no\/index.php\/2026\/04\/30\/historien-til-det-persiske-imperiet-begynte-med-kyros-den-store\/#breadcrumb"},"inLanguage":"nb-NO","potentialAction":[{"@type":"ReadAction","target":["https:\/\/nordnesrepublikken.no\/index.php\/2026\/04\/30\/historien-til-det-persiske-imperiet-begynte-med-kyros-den-store\/"]}]},{"@type":"ImageObject","inLanguage":"nb-NO","@id":"https:\/\/nordnesrepublikken.no\/index.php\/2026\/04\/30\/historien-til-det-persiske-imperiet-begynte-med-kyros-den-store\/#primaryimage","url":"https:\/\/nordnesrepublikken.no\/wp-content\/uploads\/2026\/04\/1777538041_historien-til-det-persiske-imperiet-begynte-med-Kyros-den-store.jpg","contentUrl":"https:\/\/nordnesrepublikken.no\/wp-content\/uploads\/2026\/04\/1777538041_historien-til-det-persiske-imperiet-begynte-med-Kyros-den-store.jpg","width":1550,"height":1015,"caption":"historien til det persiske imperiet begynte med Kyros den store"},{"@type":"BreadcrumbList","@id":"https:\/\/nordnesrepublikken.no\/index.php\/2026\/04\/30\/historien-til-det-persiske-imperiet-begynte-med-kyros-den-store\/#breadcrumb","itemListElement":[{"@type":"ListItem","position":1,"name":"Home","item":"https:\/\/nordnesrepublikken.no\/"},{"@type":"ListItem","position":2,"name":"historien til det persiske imperiet begynte med Kyros den store"}]},{"@type":"WebSite","@id":"https:\/\/nordnesrepublikken.no\/#website","url":"https:\/\/nordnesrepublikken.no\/","name":"Nordnesrepublikken","description":"Stemmer og Visjoner fra Republikkens Hjerte","publisher":{"@id":"https:\/\/nordnesrepublikken.no\/#organization"},"potentialAction":[{"@type":"SearchAction","target":{"@type":"EntryPoint","urlTemplate":"https:\/\/nordnesrepublikken.no\/?s={search_term_string}"},"query-input":{"@type":"PropertyValueSpecification","valueRequired":true,"valueName":"search_term_string"}}],"inLanguage":"nb-NO"},{"@type":"Organization","@id":"https:\/\/nordnesrepublikken.no\/#organization","name":"Nordnesrepublikken","url":"https:\/\/nordnesrepublikken.no\/","logo":{"@type":"ImageObject","inLanguage":"nb-NO","@id":"https:\/\/nordnesrepublikken.no\/#\/schema\/logo\/image\/","url":"https:\/\/nordnesrepublikken.no\/wp-content\/uploads\/2025\/02\/cropped-nordnesrepublikken-2.png","contentUrl":"https:\/\/nordnesrepublikken.no\/wp-content\/uploads\/2025\/02\/cropped-nordnesrepublikken-2.png","width":1248,"height":362,"caption":"Nordnesrepublikken"},"image":{"@id":"https:\/\/nordnesrepublikken.no\/#\/schema\/logo\/image\/"}},{"@type":"Person","@id":"https:\/\/nordnesrepublikken.no\/#\/schema\/person\/2e7e81935bab77882fffb79296240ff1","name":"Ole Andersen","image":{"@type":"ImageObject","inLanguage":"nb-NO","@id":"https:\/\/nordnesrepublikken.no\/#\/schema\/person\/image\/","url":"https:\/\/nordnesrepublikken.no\/wp-content\/uploads\/2025\/02\/nordnesrepublikken-2-2-150x150.jpg","contentUrl":"https:\/\/nordnesrepublikken.no\/wp-content\/uploads\/2025\/02\/nordnesrepublikken-2-2-150x150.jpg","caption":"Ole Andersen"},"description":"Ettersom jeg vokste opp i Oslo, har jeg alltid v\u00e6rt fascinert av ordenes kraft og deres evne til \u00e5 skape endringer. Etter \u00e5 ha fullf\u00f8rt min utdannelse i kommunikasjon ved Universitetet i Bergen, fikk jeg muligheten til \u00e5 jobbe innen ulike medier, der jeg har s\u00f8kt \u00e5 belyse viktige samfunnssp\u00f8rsm\u00e5l. I dag, som redakt\u00f8r for Nordnesrepublikken, pr\u00f8ver jeg \u00e5 forene min kj\u00e6rlighet for journalistikk med min lidenskap for innovasjon og eventyr.","sameAs":["https:\/\/nordnesrepublikken.no\/"]}]}},"_links":{"self":[{"href":"https:\/\/nordnesrepublikken.no\/index.php\/wp-json\/wp\/v2\/posts\/17604","targetHints":{"allow":["GET"]}}],"collection":[{"href":"https:\/\/nordnesrepublikken.no\/index.php\/wp-json\/wp\/v2\/posts"}],"about":[{"href":"https:\/\/nordnesrepublikken.no\/index.php\/wp-json\/wp\/v2\/types\/post"}],"author":[{"embeddable":true,"href":"https:\/\/nordnesrepublikken.no\/index.php\/wp-json\/wp\/v2\/users\/1"}],"replies":[{"embeddable":true,"href":"https:\/\/nordnesrepublikken.no\/index.php\/wp-json\/wp\/v2\/comments?post=17604"}],"version-history":[{"count":1,"href":"https:\/\/nordnesrepublikken.no\/index.php\/wp-json\/wp\/v2\/posts\/17604\/revisions"}],"predecessor-version":[{"id":17606,"href":"https:\/\/nordnesrepublikken.no\/index.php\/wp-json\/wp\/v2\/posts\/17604\/revisions\/17606"}],"wp:featuredmedia":[{"embeddable":true,"href":"https:\/\/nordnesrepublikken.no\/index.php\/wp-json\/wp\/v2\/media\/17605"}],"wp:attachment":[{"href":"https:\/\/nordnesrepublikken.no\/index.php\/wp-json\/wp\/v2\/media?parent=17604"}],"wp:term":[{"taxonomy":"category","embeddable":true,"href":"https:\/\/nordnesrepublikken.no\/index.php\/wp-json\/wp\/v2\/categories?post=17604"},{"taxonomy":"post_tag","embeddable":true,"href":"https:\/\/nordnesrepublikken.no\/index.php\/wp-json\/wp\/v2\/tags?post=17604"}],"curies":[{"name":"wp","href":"https:\/\/api.w.org\/{rel}","templated":true}]}}