{"id":17586,"date":"2026-04-29T16:20:01","date_gmt":"2026-04-29T14:20:01","guid":{"rendered":"https:\/\/nordnesrepublikken.no\/index.php\/2026\/04\/29\/alle-sektorer-som-er-berort-av-blokaden-av-sundet\/"},"modified":"2026-04-29T16:20:03","modified_gmt":"2026-04-29T14:20:03","slug":"alle-sektorer-som-er-berort-av-blokaden-av-sundet","status":"publish","type":"post","link":"https:\/\/nordnesrepublikken.no\/index.php\/2026\/04\/29\/alle-sektorer-som-er-berort-av-blokaden-av-sundet\/","title":{"rendered":"alle sektorer som er ber\u00f8rt av blokaden av sundet"},"content":{"rendered":"<div>\n<div class=\"cp_wrapper cp_wrapper--fw mb-30 mb-20@tablet\">\n<figure class=\"mm\"><picture class=\"img\" style=\"padding-top:56.25%\"><source  media=\"(min-width: 1024px)\"><source  media=\"(min-width: 768px)\"><\/source><\/source><\/picture><\/figure>\n<\/p><\/div>\n<p>I s\u00e5 fall<strong> Hormuzstredet<\/strong> krasjer, gjelder problemet ikke bare \u00f8kningen i drivstoffprisene: <strong>den reelle risikoen er mye st\u00f8rre<\/strong> og mindre synlig. Dette sundet representerer faktisk en av de viktigste &laquo;flaskehalsene&raquo; i global handel: bare 33 km bred p\u00e5 det smaleste punktet, med navigerbare baner bare 3 km brede, fra Hormuz passerer det ca. <strong>en femtedel av verdens olje og omtrent 20 % av flytende naturgass<\/strong>. Men \u00e5 stoppe ved energi betyr ikke \u00e5 unders\u00f8ke det fullstendige bildet: Hormuz er faktisk et knutepunkt hvor de passerer <strong>r\u00e5varer<\/strong> grunnleggende for en rekke sektorer, fra<strong>landbruk til industri<\/strong> opp til finans og <strong>avansert teknologi.<\/strong> N\u00e5r transitt over sundet bremser opp eller stopper, er det som genereres ikke en enkel energikrise, men en kjedereaksjon som g\u00e5r gjennom hele<b> global \u00f8konomi<\/b>.<\/p>\n<h2><b>Energikrise og strategiske ressurser: olje, gass, helium<\/b><\/h2>\n<p>Den f\u00f8rste virkningen av blokaden av Hormuzstredet er uten tvil<strong> energisk.<\/strong> Gjennom Hormuz passerer ca <strong>20 % av verdens olje,<\/strong> gj\u00f8r sundet til et av de viktigste chokepoints p\u00e5 planeten. Til og med gass<strong> naturlig flytende<\/strong> er sv\u00e6rt avhengig av denne ruten: ca <strong>en femtedel<\/strong> av den globale LNG-handelen g\u00e5r gjennom sundet, if\u00f8lge IEA (International Energy Agency). Dette betyr at en betydelig del av energien som forbrukes i <strong>Asia og Europa<\/strong> avhenger indirekte av stabiliteten til denne passasjen. I de siste ukene av april 2026 overgikk oljen <strong>110 dollar fatet,<\/strong> mens Verdensbanken sp\u00e5r en samlet \u00f8kning i globale energipriser p\u00e5 <strong>24 %<\/strong>.<\/p>\n<p>Ved siden av olje og gass er det alts\u00e5 et mindre kjent, men like strategisk element: l<strong>&#8216;helium<\/strong>. De <strong>Qatar<\/strong>en av verdens ledende heliumprodusenter, eksporterer mye av sin produksjon gjennom <strong>Hormuz.<\/strong> I f\u00f8lge data sitert av Den europeiske sentralbanken er omtrent en tredjedel av den globale heliumproduksjonen konsentrert i Qatar og Persiabukta-omr\u00e5det.<strong> Helium er essensielt for halvledere<\/strong>n\u00f8dvendig for brikkene til enhetene vi bruker hver dag som smarttelefoner eller datamaskiner, men ogs\u00e5 i det medisinske feltet for tester som f.eks. <strong>magnetisk resonansavbildning<\/strong> og ogs\u00e5 innen <strong>vitenskapelig forskning.<\/strong> Blant dens egenskaper er det viktig \u00e5 understreke at det ikke er lett \u00e5 bytte ut og ikke varer i lang tid: av denne grunn ogs\u00e5 <strong>sm\u00e5 logistiske sjokk<\/strong> de kan ogs\u00e5 ha umiddelbare effekter p\u00e5 teknologi og helsevesen.<\/p>\n<div class=\"cp_wrapper cp_wrapper--fw mb-50\">\n<figure class=\"mm\"><picture class=\"img\" style=\"padding-top:107.92492179353%\"><source  media=\"(min-width: 1024px)\"><source  media=\"(min-width: 768px)\"><img decoding=\"async\" loading=\"lazy\" src=\"https:\/\/nordnesrepublikken.no\/wp-content\/uploads\/2026\/04\/1777472401_561_alle-sektorer-som-er-berort-av-blokaden-av-sundet.jpg\" alt=\"Bilde\" width=\"959\" height=\"1035\"\/><\/source><\/source><\/picture><\/figure>\n<\/p><\/div>\n<h2><b>Landbruk, gj\u00f8dsel og vegetabilske oljer<\/b><\/h2>\n<p>En av de mindre \u00e5penbare, men like viktige effektene gjelder<strong>jordbruk: <\/strong>fra <strong>Persiabukta<\/strong> faktisk store volumer av<strong> gj\u00f8dsel som urea og ammoniakk,<\/strong> grunnleggende for global landbruksproduksjon. I f\u00f8lge <strong>Verdens \u00f8konomiske forum<\/strong>g\u00e5r en betydelig andel av disse str\u00f8mmene rett gjennom Hormuz. N\u00e5r forsyningene synker, stiger gj\u00f8dselprisene og b\u00f8ndene reduserer bruken. Effekten er ikke umiddelbar: den kan manifestere seg selv m\u00e5neder senere, i form av<strong> mindre produktive avlinger<\/strong> og dermed h\u00f8yere matvarepriser. I de f\u00f8rste m\u00e5nedene av 2026 \u00f8kte de for urea <strong>opptil 50 %,<\/strong> mens Verdensbanken sp\u00e5r en<strong> samlet \u00f8kning i gj\u00f8dsel p\u00e5 over 30 %.<\/strong><\/p>\n<p>I tillegg kommer en annen lite unders\u00f8kt effekt som ang\u00e5r <strong>vegetabilske oljer<\/strong>. Faktisk, i faser av energikrise, \u00f8ker ettersp\u00f8rselen etter energi <strong>biodrivstoff<\/strong>som de bruker <strong>oljer som soyab\u00f8nner, raps og palme<\/strong>. Dette skaper en <strong>direkte konkurranse mellom matbruk og energibruk<\/strong> av de samme r\u00e5varene. Energisjokk som blokaden av Hormuzstredet har en tendens til \u00e5 \u00f8ke prisene p\u00e5 landbruksvarer nettopp p\u00e5 grunn av denne substitusjonseffekten mellom mat og drivstoff, og resultatet er en <strong>indirekte press<\/strong> p\u00e5 mange bearbeidede matprodukter, som er avhengige av disse oljene som hovedingredienser eller som industrielle innsatsfaktorer.<\/p>\n<h2><b>Kjemi, teknologi og global logistikk <\/b><\/h2>\n<p>En annen effekt som f\u00f8lge av blokaden av Hormuz gjelder <strong>kjemiske r\u00e5varer og industrigasser.<\/strong> <strong>Svovel, metanol og petrokjemiske derivater<\/strong> som passerer gjennom Gulfen er grunnleggende for gj\u00f8dsel, plast og industrielle materialer og er en strukturell komponent i den globale forsyningskjeden. Parallelt, gass som <strong>neon og argon<\/strong> de er avgj\u00f8rende for <strong>halvledere og medisinsk teknologi<\/strong>: den<em>Det internasjonale energibyr\u00e5et<\/em> fremhever at disse forsyningskjedene er sv\u00e6rt konsentrerte og s\u00e5rbare for selv delvise forstyrrelser.<\/p>\n<p>Endelig er det <strong>logistikk<\/strong>: N\u00e5r risikoen \u00f8ker, \u00f8ker forsikringskostnadene, rutene bremser opp og den generelle effektiviteten av maritim handel reduseres. S\u00e5 kostnadene gjennom hele forsyningskjeden kan \u00f8ke selv uten full blokkering over sundet. En av de minst omtalte effektene i denne forbindelse ang\u00e5r <strong>sj\u00f8forsikring.<\/strong> N\u00e5r geopolitisk risiko \u00f8ker, forsikringsselskaper<strong> beregne prisene p\u00e5 nytt<\/strong> i sanntid. I 2026, if\u00f8lge bransjeanalyser rapportert av Reuters, &laquo;<em>krigsrisikopremier&raquo;<\/em>  (dvs. forsikringspremier i tilfelle krig) for skip som passerer Golfen er <strong>\u00f8ke<\/strong> i noen tilfeller mer enn <strong>300 %<\/strong>. Dette blokkerer ikke handel, men gj\u00f8r det dyrere oppstr\u00f8ms, selv om oljen fysisk fortsetter \u00e5 passere.<\/p>\n<p>Hormuz da <strong>det er ikke bare en energisk passasje. <\/strong>Det er en node der forskjellige og dypt sammenkoblede sektorer flettes sammen: <strong>energi, landbruk, kjemi, teknologi og matmarkeder.<\/strong> Det kritiske punktet er derfor ikke krisen i en enkelt sektor, men deres gjensidige avhengighet, og det er nettopp denne sammenkoblingen som gj\u00f8r Hormuzstredet til en av de<strong> mest skj\u00f8re og sensitive punkter<\/strong> av dagens globale \u00f8konomi, med konsekvenser i sektorer som noen ganger er lite utforsket.<\/p>\n<\/p><\/div>\n","protected":false},"excerpt":{"rendered":"<p>I s\u00e5 fall Hormuzstredet krasjer, gjelder problemet ikke bare \u00f8kningen i drivstoffprisene: den reelle risikoen<\/p>\n","protected":false},"author":1,"featured_media":17587,"comment_status":"closed","ping_status":"open","sticky":false,"template":"","format":"standard","meta":{"footnotes":""},"categories":[23],"tags":[1515,641,11337,10812,31,4031],"class_list":["post-17586","post","type-post","status-publish","format-standard","has-post-thumbnail","hentry","category-politikk","tag-alle","tag-berort","tag-blokaden","tag-sektorer","tag-som","tag-sundet","generate-columns","tablet-grid-50","mobile-grid-100","grid-parent","grid-33","resize-featured-image"],"yoast_head":"<!-- This site is optimized with the Yoast SEO plugin v24.4 - https:\/\/yoast.com\/wordpress\/plugins\/seo\/ -->\n<title>alle sektorer som er ber\u00f8rt av blokaden av sundet - Nordnesrepublikken<\/title>\n<meta name=\"robots\" content=\"index, follow, max-snippet:-1, max-image-preview:large, max-video-preview:-1\" \/>\n<link rel=\"canonical\" href=\"https:\/\/nordnesrepublikken.no\/index.php\/2026\/04\/29\/alle-sektorer-som-er-berort-av-blokaden-av-sundet\/\" \/>\n<meta property=\"og:locale\" content=\"nb_NO\" \/>\n<meta property=\"og:type\" content=\"article\" \/>\n<meta property=\"og:title\" content=\"alle sektorer som er ber\u00f8rt av blokaden av sundet - Nordnesrepublikken\" \/>\n<meta property=\"og:description\" content=\"I s\u00e5 fall Hormuzstredet krasjer, gjelder problemet ikke bare \u00f8kningen i drivstoffprisene: den reelle risikoen\" \/>\n<meta property=\"og:url\" content=\"https:\/\/nordnesrepublikken.no\/index.php\/2026\/04\/29\/alle-sektorer-som-er-berort-av-blokaden-av-sundet\/\" \/>\n<meta property=\"og:site_name\" content=\"Nordnesrepublikken\" \/>\n<meta property=\"article:published_time\" content=\"2026-04-29T14:20:01+00:00\" \/>\n<meta property=\"article:modified_time\" content=\"2026-04-29T14:20:03+00:00\" \/>\n<meta property=\"og:image\" content=\"https:\/\/nordnesrepublikken.no\/wp-content\/uploads\/2026\/04\/1777472403_alle-sektorer-som-er-berort-av-blokaden-av-sundet.jpg\" \/>\n\t<meta property=\"og:image:width\" content=\"800\" \/>\n\t<meta property=\"og:image:height\" content=\"738\" \/>\n\t<meta property=\"og:image:type\" content=\"image\/jpeg\" \/>\n<meta name=\"author\" content=\"Ole Andersen\" \/>\n<meta name=\"twitter:card\" content=\"summary_large_image\" \/>\n<meta name=\"twitter:label1\" content=\"Skrevet av\" \/>\n\t<meta name=\"twitter:data1\" content=\"Ole Andersen\" \/>\n\t<meta name=\"twitter:label2\" content=\"Ansl. lesetid\" \/>\n\t<meta name=\"twitter:data2\" content=\"4 minutter\" \/>\n<script type=\"application\/ld+json\" class=\"yoast-schema-graph\">{\"@context\":\"https:\/\/schema.org\",\"@graph\":[{\"@type\":\"Article\",\"@id\":\"https:\/\/nordnesrepublikken.no\/index.php\/2026\/04\/29\/alle-sektorer-som-er-berort-av-blokaden-av-sundet\/#article\",\"isPartOf\":{\"@id\":\"https:\/\/nordnesrepublikken.no\/index.php\/2026\/04\/29\/alle-sektorer-som-er-berort-av-blokaden-av-sundet\/\"},\"author\":{\"name\":\"Ole Andersen\",\"@id\":\"https:\/\/nordnesrepublikken.no\/#\/schema\/person\/2e7e81935bab77882fffb79296240ff1\"},\"headline\":\"alle sektorer som er ber\u00f8rt av blokaden av sundet\",\"datePublished\":\"2026-04-29T14:20:01+00:00\",\"dateModified\":\"2026-04-29T14:20:03+00:00\",\"mainEntityOfPage\":{\"@id\":\"https:\/\/nordnesrepublikken.no\/index.php\/2026\/04\/29\/alle-sektorer-som-er-berort-av-blokaden-av-sundet\/\"},\"wordCount\":830,\"publisher\":{\"@id\":\"https:\/\/nordnesrepublikken.no\/#organization\"},\"image\":{\"@id\":\"https:\/\/nordnesrepublikken.no\/index.php\/2026\/04\/29\/alle-sektorer-som-er-berort-av-blokaden-av-sundet\/#primaryimage\"},\"thumbnailUrl\":\"https:\/\/nordnesrepublikken.no\/wp-content\/uploads\/2026\/04\/1777472403_alle-sektorer-som-er-berort-av-blokaden-av-sundet.jpg\",\"keywords\":[\"alle\",\"ber\u00f8rt\",\"blokaden\",\"sektorer\",\"som\",\"sundet\"],\"articleSection\":[\"Politikk\"],\"inLanguage\":\"nb-NO\"},{\"@type\":\"WebPage\",\"@id\":\"https:\/\/nordnesrepublikken.no\/index.php\/2026\/04\/29\/alle-sektorer-som-er-berort-av-blokaden-av-sundet\/\",\"url\":\"https:\/\/nordnesrepublikken.no\/index.php\/2026\/04\/29\/alle-sektorer-som-er-berort-av-blokaden-av-sundet\/\",\"name\":\"alle sektorer som er ber\u00f8rt av blokaden av sundet - Nordnesrepublikken\",\"isPartOf\":{\"@id\":\"https:\/\/nordnesrepublikken.no\/#website\"},\"primaryImageOfPage\":{\"@id\":\"https:\/\/nordnesrepublikken.no\/index.php\/2026\/04\/29\/alle-sektorer-som-er-berort-av-blokaden-av-sundet\/#primaryimage\"},\"image\":{\"@id\":\"https:\/\/nordnesrepublikken.no\/index.php\/2026\/04\/29\/alle-sektorer-som-er-berort-av-blokaden-av-sundet\/#primaryimage\"},\"thumbnailUrl\":\"https:\/\/nordnesrepublikken.no\/wp-content\/uploads\/2026\/04\/1777472403_alle-sektorer-som-er-berort-av-blokaden-av-sundet.jpg\",\"datePublished\":\"2026-04-29T14:20:01+00:00\",\"dateModified\":\"2026-04-29T14:20:03+00:00\",\"breadcrumb\":{\"@id\":\"https:\/\/nordnesrepublikken.no\/index.php\/2026\/04\/29\/alle-sektorer-som-er-berort-av-blokaden-av-sundet\/#breadcrumb\"},\"inLanguage\":\"nb-NO\",\"potentialAction\":[{\"@type\":\"ReadAction\",\"target\":[\"https:\/\/nordnesrepublikken.no\/index.php\/2026\/04\/29\/alle-sektorer-som-er-berort-av-blokaden-av-sundet\/\"]}]},{\"@type\":\"ImageObject\",\"inLanguage\":\"nb-NO\",\"@id\":\"https:\/\/nordnesrepublikken.no\/index.php\/2026\/04\/29\/alle-sektorer-som-er-berort-av-blokaden-av-sundet\/#primaryimage\",\"url\":\"https:\/\/nordnesrepublikken.no\/wp-content\/uploads\/2026\/04\/1777472403_alle-sektorer-som-er-berort-av-blokaden-av-sundet.jpg\",\"contentUrl\":\"https:\/\/nordnesrepublikken.no\/wp-content\/uploads\/2026\/04\/1777472403_alle-sektorer-som-er-berort-av-blokaden-av-sundet.jpg\",\"width\":800,\"height\":738,\"caption\":\"alle sektorer som er ber\u00f8rt av blokaden av sundet\"},{\"@type\":\"BreadcrumbList\",\"@id\":\"https:\/\/nordnesrepublikken.no\/index.php\/2026\/04\/29\/alle-sektorer-som-er-berort-av-blokaden-av-sundet\/#breadcrumb\",\"itemListElement\":[{\"@type\":\"ListItem\",\"position\":1,\"name\":\"Home\",\"item\":\"https:\/\/nordnesrepublikken.no\/\"},{\"@type\":\"ListItem\",\"position\":2,\"name\":\"alle sektorer som er ber\u00f8rt av blokaden av sundet\"}]},{\"@type\":\"WebSite\",\"@id\":\"https:\/\/nordnesrepublikken.no\/#website\",\"url\":\"https:\/\/nordnesrepublikken.no\/\",\"name\":\"Nordnesrepublikken\",\"description\":\"Stemmer og Visjoner fra Republikkens Hjerte\",\"publisher\":{\"@id\":\"https:\/\/nordnesrepublikken.no\/#organization\"},\"potentialAction\":[{\"@type\":\"SearchAction\",\"target\":{\"@type\":\"EntryPoint\",\"urlTemplate\":\"https:\/\/nordnesrepublikken.no\/?s={search_term_string}\"},\"query-input\":{\"@type\":\"PropertyValueSpecification\",\"valueRequired\":true,\"valueName\":\"search_term_string\"}}],\"inLanguage\":\"nb-NO\"},{\"@type\":\"Organization\",\"@id\":\"https:\/\/nordnesrepublikken.no\/#organization\",\"name\":\"Nordnesrepublikken\",\"url\":\"https:\/\/nordnesrepublikken.no\/\",\"logo\":{\"@type\":\"ImageObject\",\"inLanguage\":\"nb-NO\",\"@id\":\"https:\/\/nordnesrepublikken.no\/#\/schema\/logo\/image\/\",\"url\":\"https:\/\/nordnesrepublikken.no\/wp-content\/uploads\/2025\/02\/cropped-nordnesrepublikken-2.png\",\"contentUrl\":\"https:\/\/nordnesrepublikken.no\/wp-content\/uploads\/2025\/02\/cropped-nordnesrepublikken-2.png\",\"width\":1248,\"height\":362,\"caption\":\"Nordnesrepublikken\"},\"image\":{\"@id\":\"https:\/\/nordnesrepublikken.no\/#\/schema\/logo\/image\/\"}},{\"@type\":\"Person\",\"@id\":\"https:\/\/nordnesrepublikken.no\/#\/schema\/person\/2e7e81935bab77882fffb79296240ff1\",\"name\":\"Ole Andersen\",\"image\":{\"@type\":\"ImageObject\",\"inLanguage\":\"nb-NO\",\"@id\":\"https:\/\/nordnesrepublikken.no\/#\/schema\/person\/image\/\",\"url\":\"https:\/\/nordnesrepublikken.no\/wp-content\/uploads\/2025\/02\/nordnesrepublikken-2-2-150x150.jpg\",\"contentUrl\":\"https:\/\/nordnesrepublikken.no\/wp-content\/uploads\/2025\/02\/nordnesrepublikken-2-2-150x150.jpg\",\"caption\":\"Ole Andersen\"},\"description\":\"Ettersom jeg vokste opp i Oslo, har jeg alltid v\u00e6rt fascinert av ordenes kraft og deres evne til \u00e5 skape endringer. Etter \u00e5 ha fullf\u00f8rt min utdannelse i kommunikasjon ved Universitetet i Bergen, fikk jeg muligheten til \u00e5 jobbe innen ulike medier, der jeg har s\u00f8kt \u00e5 belyse viktige samfunnssp\u00f8rsm\u00e5l. I dag, som redakt\u00f8r for Nordnesrepublikken, pr\u00f8ver jeg \u00e5 forene min kj\u00e6rlighet for journalistikk med min lidenskap for innovasjon og eventyr.\",\"sameAs\":[\"https:\/\/nordnesrepublikken.no\/\"]}]}<\/script>\n<!-- \/ Yoast SEO plugin. -->","yoast_head_json":{"title":"alle sektorer som er ber\u00f8rt av blokaden av sundet - Nordnesrepublikken","robots":{"index":"index","follow":"follow","max-snippet":"max-snippet:-1","max-image-preview":"max-image-preview:large","max-video-preview":"max-video-preview:-1"},"canonical":"https:\/\/nordnesrepublikken.no\/index.php\/2026\/04\/29\/alle-sektorer-som-er-berort-av-blokaden-av-sundet\/","og_locale":"nb_NO","og_type":"article","og_title":"alle sektorer som er ber\u00f8rt av blokaden av sundet - Nordnesrepublikken","og_description":"I s\u00e5 fall Hormuzstredet krasjer, gjelder problemet ikke bare \u00f8kningen i drivstoffprisene: den reelle risikoen","og_url":"https:\/\/nordnesrepublikken.no\/index.php\/2026\/04\/29\/alle-sektorer-som-er-berort-av-blokaden-av-sundet\/","og_site_name":"Nordnesrepublikken","article_published_time":"2026-04-29T14:20:01+00:00","article_modified_time":"2026-04-29T14:20:03+00:00","og_image":[{"width":800,"height":738,"url":"https:\/\/nordnesrepublikken.no\/wp-content\/uploads\/2026\/04\/1777472403_alle-sektorer-som-er-berort-av-blokaden-av-sundet.jpg","type":"image\/jpeg"}],"author":"Ole Andersen","twitter_card":"summary_large_image","twitter_misc":{"Skrevet av":"Ole Andersen","Ansl. lesetid":"4 minutter"},"schema":{"@context":"https:\/\/schema.org","@graph":[{"@type":"Article","@id":"https:\/\/nordnesrepublikken.no\/index.php\/2026\/04\/29\/alle-sektorer-som-er-berort-av-blokaden-av-sundet\/#article","isPartOf":{"@id":"https:\/\/nordnesrepublikken.no\/index.php\/2026\/04\/29\/alle-sektorer-som-er-berort-av-blokaden-av-sundet\/"},"author":{"name":"Ole Andersen","@id":"https:\/\/nordnesrepublikken.no\/#\/schema\/person\/2e7e81935bab77882fffb79296240ff1"},"headline":"alle sektorer som er ber\u00f8rt av blokaden av sundet","datePublished":"2026-04-29T14:20:01+00:00","dateModified":"2026-04-29T14:20:03+00:00","mainEntityOfPage":{"@id":"https:\/\/nordnesrepublikken.no\/index.php\/2026\/04\/29\/alle-sektorer-som-er-berort-av-blokaden-av-sundet\/"},"wordCount":830,"publisher":{"@id":"https:\/\/nordnesrepublikken.no\/#organization"},"image":{"@id":"https:\/\/nordnesrepublikken.no\/index.php\/2026\/04\/29\/alle-sektorer-som-er-berort-av-blokaden-av-sundet\/#primaryimage"},"thumbnailUrl":"https:\/\/nordnesrepublikken.no\/wp-content\/uploads\/2026\/04\/1777472403_alle-sektorer-som-er-berort-av-blokaden-av-sundet.jpg","keywords":["alle","ber\u00f8rt","blokaden","sektorer","som","sundet"],"articleSection":["Politikk"],"inLanguage":"nb-NO"},{"@type":"WebPage","@id":"https:\/\/nordnesrepublikken.no\/index.php\/2026\/04\/29\/alle-sektorer-som-er-berort-av-blokaden-av-sundet\/","url":"https:\/\/nordnesrepublikken.no\/index.php\/2026\/04\/29\/alle-sektorer-som-er-berort-av-blokaden-av-sundet\/","name":"alle sektorer som er ber\u00f8rt av blokaden av sundet - Nordnesrepublikken","isPartOf":{"@id":"https:\/\/nordnesrepublikken.no\/#website"},"primaryImageOfPage":{"@id":"https:\/\/nordnesrepublikken.no\/index.php\/2026\/04\/29\/alle-sektorer-som-er-berort-av-blokaden-av-sundet\/#primaryimage"},"image":{"@id":"https:\/\/nordnesrepublikken.no\/index.php\/2026\/04\/29\/alle-sektorer-som-er-berort-av-blokaden-av-sundet\/#primaryimage"},"thumbnailUrl":"https:\/\/nordnesrepublikken.no\/wp-content\/uploads\/2026\/04\/1777472403_alle-sektorer-som-er-berort-av-blokaden-av-sundet.jpg","datePublished":"2026-04-29T14:20:01+00:00","dateModified":"2026-04-29T14:20:03+00:00","breadcrumb":{"@id":"https:\/\/nordnesrepublikken.no\/index.php\/2026\/04\/29\/alle-sektorer-som-er-berort-av-blokaden-av-sundet\/#breadcrumb"},"inLanguage":"nb-NO","potentialAction":[{"@type":"ReadAction","target":["https:\/\/nordnesrepublikken.no\/index.php\/2026\/04\/29\/alle-sektorer-som-er-berort-av-blokaden-av-sundet\/"]}]},{"@type":"ImageObject","inLanguage":"nb-NO","@id":"https:\/\/nordnesrepublikken.no\/index.php\/2026\/04\/29\/alle-sektorer-som-er-berort-av-blokaden-av-sundet\/#primaryimage","url":"https:\/\/nordnesrepublikken.no\/wp-content\/uploads\/2026\/04\/1777472403_alle-sektorer-som-er-berort-av-blokaden-av-sundet.jpg","contentUrl":"https:\/\/nordnesrepublikken.no\/wp-content\/uploads\/2026\/04\/1777472403_alle-sektorer-som-er-berort-av-blokaden-av-sundet.jpg","width":800,"height":738,"caption":"alle sektorer som er ber\u00f8rt av blokaden av sundet"},{"@type":"BreadcrumbList","@id":"https:\/\/nordnesrepublikken.no\/index.php\/2026\/04\/29\/alle-sektorer-som-er-berort-av-blokaden-av-sundet\/#breadcrumb","itemListElement":[{"@type":"ListItem","position":1,"name":"Home","item":"https:\/\/nordnesrepublikken.no\/"},{"@type":"ListItem","position":2,"name":"alle sektorer som er ber\u00f8rt av blokaden av sundet"}]},{"@type":"WebSite","@id":"https:\/\/nordnesrepublikken.no\/#website","url":"https:\/\/nordnesrepublikken.no\/","name":"Nordnesrepublikken","description":"Stemmer og Visjoner fra Republikkens Hjerte","publisher":{"@id":"https:\/\/nordnesrepublikken.no\/#organization"},"potentialAction":[{"@type":"SearchAction","target":{"@type":"EntryPoint","urlTemplate":"https:\/\/nordnesrepublikken.no\/?s={search_term_string}"},"query-input":{"@type":"PropertyValueSpecification","valueRequired":true,"valueName":"search_term_string"}}],"inLanguage":"nb-NO"},{"@type":"Organization","@id":"https:\/\/nordnesrepublikken.no\/#organization","name":"Nordnesrepublikken","url":"https:\/\/nordnesrepublikken.no\/","logo":{"@type":"ImageObject","inLanguage":"nb-NO","@id":"https:\/\/nordnesrepublikken.no\/#\/schema\/logo\/image\/","url":"https:\/\/nordnesrepublikken.no\/wp-content\/uploads\/2025\/02\/cropped-nordnesrepublikken-2.png","contentUrl":"https:\/\/nordnesrepublikken.no\/wp-content\/uploads\/2025\/02\/cropped-nordnesrepublikken-2.png","width":1248,"height":362,"caption":"Nordnesrepublikken"},"image":{"@id":"https:\/\/nordnesrepublikken.no\/#\/schema\/logo\/image\/"}},{"@type":"Person","@id":"https:\/\/nordnesrepublikken.no\/#\/schema\/person\/2e7e81935bab77882fffb79296240ff1","name":"Ole Andersen","image":{"@type":"ImageObject","inLanguage":"nb-NO","@id":"https:\/\/nordnesrepublikken.no\/#\/schema\/person\/image\/","url":"https:\/\/nordnesrepublikken.no\/wp-content\/uploads\/2025\/02\/nordnesrepublikken-2-2-150x150.jpg","contentUrl":"https:\/\/nordnesrepublikken.no\/wp-content\/uploads\/2025\/02\/nordnesrepublikken-2-2-150x150.jpg","caption":"Ole Andersen"},"description":"Ettersom jeg vokste opp i Oslo, har jeg alltid v\u00e6rt fascinert av ordenes kraft og deres evne til \u00e5 skape endringer. Etter \u00e5 ha fullf\u00f8rt min utdannelse i kommunikasjon ved Universitetet i Bergen, fikk jeg muligheten til \u00e5 jobbe innen ulike medier, der jeg har s\u00f8kt \u00e5 belyse viktige samfunnssp\u00f8rsm\u00e5l. I dag, som redakt\u00f8r for Nordnesrepublikken, pr\u00f8ver jeg \u00e5 forene min kj\u00e6rlighet for journalistikk med min lidenskap for innovasjon og eventyr.","sameAs":["https:\/\/nordnesrepublikken.no\/"]}]}},"_links":{"self":[{"href":"https:\/\/nordnesrepublikken.no\/index.php\/wp-json\/wp\/v2\/posts\/17586","targetHints":{"allow":["GET"]}}],"collection":[{"href":"https:\/\/nordnesrepublikken.no\/index.php\/wp-json\/wp\/v2\/posts"}],"about":[{"href":"https:\/\/nordnesrepublikken.no\/index.php\/wp-json\/wp\/v2\/types\/post"}],"author":[{"embeddable":true,"href":"https:\/\/nordnesrepublikken.no\/index.php\/wp-json\/wp\/v2\/users\/1"}],"replies":[{"embeddable":true,"href":"https:\/\/nordnesrepublikken.no\/index.php\/wp-json\/wp\/v2\/comments?post=17586"}],"version-history":[{"count":1,"href":"https:\/\/nordnesrepublikken.no\/index.php\/wp-json\/wp\/v2\/posts\/17586\/revisions"}],"predecessor-version":[{"id":17588,"href":"https:\/\/nordnesrepublikken.no\/index.php\/wp-json\/wp\/v2\/posts\/17586\/revisions\/17588"}],"wp:featuredmedia":[{"embeddable":true,"href":"https:\/\/nordnesrepublikken.no\/index.php\/wp-json\/wp\/v2\/media\/17587"}],"wp:attachment":[{"href":"https:\/\/nordnesrepublikken.no\/index.php\/wp-json\/wp\/v2\/media?parent=17586"}],"wp:term":[{"taxonomy":"category","embeddable":true,"href":"https:\/\/nordnesrepublikken.no\/index.php\/wp-json\/wp\/v2\/categories?post=17586"},{"taxonomy":"post_tag","embeddable":true,"href":"https:\/\/nordnesrepublikken.no\/index.php\/wp-json\/wp\/v2\/tags?post=17586"}],"curies":[{"name":"wp","href":"https:\/\/api.w.org\/{rel}","templated":true}]}}