{"id":17571,"date":"2026-04-29T13:20:02","date_gmt":"2026-04-29T11:20:02","guid":{"rendered":"https:\/\/nordnesrepublikken.no\/index.php\/2026\/04\/29\/aktivert-karbon-for-voc\/"},"modified":"2026-04-29T13:20:06","modified_gmt":"2026-04-29T11:20:06","slug":"aktivert-karbon-for-voc","status":"publish","type":"post","link":"https:\/\/nordnesrepublikken.no\/index.php\/2026\/04\/29\/aktivert-karbon-for-voc\/","title":{"rendered":"aktivert karbon for VOC"},"content":{"rendered":"<div>\n<div class=\"cp_wrapper cp_wrapper--fw mb-30 mb-20@tablet\">\n<figure class=\"mm\"><picture class=\"img\" style=\"padding-top:56.25%\"><source  media=\"(min-width: 1024px)\"><source  media=\"(min-width: 768px)\"><\/source><\/source><\/picture><\/figure>\n<\/p><\/div>\n<p>Vi har latt mat ligge i mikrob\u00f8lgeovnen eller i den klassiske ovnen hjemme for lenge og n\u00e5 er kj\u00f8kkenet invadert av en veldig irriterende <strong>det lukter svie<\/strong>. Problemet oppst\u00e5r fra <strong>vedvarende flyktige molekyler<\/strong> som frigj\u00f8res n\u00e5r vi ved en feiltakelse overoppheter lunsjen v\u00e5r: den irriterende brente lukten stammer faktisk fra kjemiske forbindelser som blir igjen <strong>suspendert i luften og avsatt p\u00e5 overflater<\/strong> selv i lang tid. \u00c5 spraye en luftfrisker vil ikke l\u00f8se situasjonen: det er som \u00e5 legge st\u00f8v under teppet. For \u00e5 virkelig eliminere lukten m\u00e5 du <strong>fjerne <\/strong>disse molekylene, dekker dem ikke. De beste metodene er, utover <strong>ventilasjon<\/strong>, <strong>rengj\u00f8r ovnsveggene godt<\/strong> \u2013 hvor VOC (flyktige organiske forbindelser) kan absorberes \u2013 eller bruk de klassiske stoffene som eliminerer lukt: <strong>aktivert karbon<\/strong> for \u00e5 v\u00e6re p\u00e5 den sikre siden, men ogs\u00e5 <strong>natron<\/strong> det kan hjelpe mot sure molekyler, om enn med noen <strong>begrense<\/strong> sammenlignet med den f\u00f8rste.<\/p>\n<h2>Hva er den brennende lukten i ovnen og hvorfor vedvarer den<\/h2>\n<p>N\u00e5r noe brenner, produserer det ikke bare en lukt, men en ekte lukt <strong>kompleks blanding av flyktige organiske forbindelser (VOC)<\/strong>karbonbaserte organiske molekyler som har en tendens til \u00e5 &laquo;fly&raquo; i luften og&#8230; i nesen v\u00e5r. Under matlaging og <strong>termisk nedbrytning<\/strong> av matvarer dannes annerledes <strong>karbonholdige forbindelser<\/strong> vanlig: spesielt aldehyder, ketoner og molekyler av ulik natur, inkludert karboksylsyrer.<\/p>\n<p>Den brennende lukten er derfor ikke kjemisk &laquo;enkel&raquo;, men en <strong>kombinasjon av ulike molekyler med ulike kjemiske egenskaper<\/strong>. De fleste av disse forbindelsene <strong>det forsvinner ikke med en gang<\/strong>: det samler seg i lukkede milj\u00f8er, ja <strong>innskudd <\/strong>p\u00e5 overflater som plast, vegger eller tekstiler (for eksempel gardiner eller tepper) og frigj\u00f8res sakte over tid. Det er av denne grunn at lukten ser ut til \u00e5 komme tilbake selv etter \u00e5 ha \u00e5pnet vinduene: &laquo;kilden&raquo; er ikke helt fjernet.<\/p>\n<h2>Hva du skal gj\u00f8re for \u00e5 eliminere VOC fra ovner og mikrob\u00f8lgeovner<\/h2>\n<p>Det f\u00f8rste trinnet er selvf\u00f8lgelig <strong>lufte<\/strong>: det kan virke trivielt, men \u00e5 sikre en <strong>luftutveksling<\/strong> i timene etter frigj\u00f8ring av lukten er det den mest effektive metoden for \u00e5 redusere innend\u00f8rs VOC og hindre dem i \u00e5 samle seg uten at vi er klar over det. <strong>S\u00e5 la oss \u00e5pne ovnsd\u00f8ren og \u00e5pne vinduene<\/strong>.<\/p>\n<p>Dessverre, som vi godt vet, er dette noen ganger ikke nok: som et andre trekk m\u00e5 du <strong>rengj\u00f8re<\/strong>. Bortenfor <strong>fjern kilden<\/strong> \u2013 de brente restene fortsetter \u00e5 frigj\u00f8re luktende molekyler og vi ville v\u00e6re tilbake til toppen \u2013 det er viktig <strong>rengj\u00f8r innsiden av ovnen\/mikrob\u00f8lgeovnen godt<\/strong> hvor forbrytelsen skjedde. P\u00e5 denne m\u00e5ten vil vi kunne eliminere evt <strong>rester av brent mat, <\/strong>selv de minste som unnslipper \u00f8ynene v\u00e5re, og hindrer VOC fra \u00e5 forbli p\u00e5 overflater. For denne operasjonen vil det v\u00e6re tilstrekkelig \u00e5 best\u00e5 en <strong>v\u00e5t klut<\/strong> med litt oppvaskmiddel eller enkel sitronsyre fra sitron, uten \u00e5 overdrive.<\/p>\n<p>P\u00e5 dette tidspunktet, hvis lukten fortsatt forblir og vi vil v\u00e6re sikker p\u00e5 \u00e5 fjerne den helt, vil den <strong>aktivert karbon<\/strong>et materiale designet for fjerning av VOC takket v\u00e6re sin <strong>ekstremt por\u00f8s struktur<\/strong> som lar deg beholde disse molekylene ved \u00e5 &laquo;huse&raquo; dem p\u00e5 overflaten <strong>stor indre overflate<\/strong>. I frav\u00e6r av aktivert karbon kan vi ogs\u00e5 bruke det <strong>natron<\/strong>som imidlertid har <strong>mange begrensninger:<\/strong> faktisk selv om han er i stand <strong>for \u00e5 n\u00f8ytralisere sure forbindelser<\/strong>i tilfelle av brennende lukt denne hjelpen er bare delvis nyttig, fordi de fleste av de ansvarlige molekylene <strong>det er ikke surt<\/strong>. Det kan med andre ord redusere noe av lukten, men <strong>Ikke slett den helt. <\/strong>I alle fall kan du like godt pr\u00f8ve det vel vitende om det <strong>det vil ikke v\u00e6re i stand til \u00e5 erstatte effektiviteten til aktivt karbon<\/strong> for fjerning av lukt p\u00e5 grunn av VOC.<\/p>\n<\/p><\/div>\n","protected":false},"excerpt":{"rendered":"<p>Vi har latt mat ligge i mikrob\u00f8lgeovnen eller i den klassiske ovnen hjemme for lenge<\/p>\n","protected":false},"author":1,"featured_media":17572,"comment_status":"closed","ping_status":"open","sticky":false,"template":"","format":"standard","meta":{"footnotes":""},"categories":[24],"tags":[7340,6796,11334],"class_list":["post-17571","post","type-post","status-publish","format-standard","has-post-thumbnail","hentry","category-vitenskap","tag-aktivert","tag-karbon","tag-voc","generate-columns","tablet-grid-50","mobile-grid-100","grid-parent","grid-33","resize-featured-image"],"yoast_head":"<!-- This site is optimized with the Yoast SEO plugin v24.4 - https:\/\/yoast.com\/wordpress\/plugins\/seo\/ -->\n<title>aktivert karbon for VOC - Nordnesrepublikken<\/title>\n<meta name=\"robots\" content=\"index, follow, max-snippet:-1, max-image-preview:large, max-video-preview:-1\" \/>\n<link rel=\"canonical\" href=\"https:\/\/nordnesrepublikken.no\/index.php\/2026\/04\/29\/aktivert-karbon-for-voc\/\" \/>\n<meta property=\"og:locale\" content=\"nb_NO\" \/>\n<meta property=\"og:type\" content=\"article\" \/>\n<meta property=\"og:title\" content=\"aktivert karbon for VOC - Nordnesrepublikken\" \/>\n<meta property=\"og:description\" content=\"Vi har latt mat ligge i mikrob\u00f8lgeovnen eller i den klassiske ovnen hjemme for lenge\" \/>\n<meta property=\"og:url\" content=\"https:\/\/nordnesrepublikken.no\/index.php\/2026\/04\/29\/aktivert-karbon-for-voc\/\" \/>\n<meta property=\"og:site_name\" content=\"Nordnesrepublikken\" \/>\n<meta property=\"article:published_time\" content=\"2026-04-29T11:20:02+00:00\" \/>\n<meta property=\"article:modified_time\" content=\"2026-04-29T11:20:06+00:00\" \/>\n<meta property=\"og:image\" content=\"https:\/\/nordnesrepublikken.no\/wp-content\/uploads\/2026\/04\/1777461604_aktivert-karbon-for-VOC.jpg\" \/>\n\t<meta property=\"og:image:width\" content=\"2121\" \/>\n\t<meta property=\"og:image:height\" content=\"1414\" \/>\n\t<meta property=\"og:image:type\" content=\"image\/jpeg\" \/>\n<meta name=\"author\" content=\"Ole Andersen\" \/>\n<meta name=\"twitter:card\" content=\"summary_large_image\" \/>\n<meta name=\"twitter:label1\" content=\"Skrevet av\" \/>\n\t<meta name=\"twitter:data1\" content=\"Ole Andersen\" \/>\n\t<meta name=\"twitter:label2\" content=\"Ansl. lesetid\" \/>\n\t<meta name=\"twitter:data2\" content=\"3 minutter\" \/>\n<script type=\"application\/ld+json\" class=\"yoast-schema-graph\">{\"@context\":\"https:\/\/schema.org\",\"@graph\":[{\"@type\":\"Article\",\"@id\":\"https:\/\/nordnesrepublikken.no\/index.php\/2026\/04\/29\/aktivert-karbon-for-voc\/#article\",\"isPartOf\":{\"@id\":\"https:\/\/nordnesrepublikken.no\/index.php\/2026\/04\/29\/aktivert-karbon-for-voc\/\"},\"author\":{\"name\":\"Ole Andersen\",\"@id\":\"https:\/\/nordnesrepublikken.no\/#\/schema\/person\/2e7e81935bab77882fffb79296240ff1\"},\"headline\":\"aktivert karbon for VOC\",\"datePublished\":\"2026-04-29T11:20:02+00:00\",\"dateModified\":\"2026-04-29T11:20:06+00:00\",\"mainEntityOfPage\":{\"@id\":\"https:\/\/nordnesrepublikken.no\/index.php\/2026\/04\/29\/aktivert-karbon-for-voc\/\"},\"wordCount\":624,\"publisher\":{\"@id\":\"https:\/\/nordnesrepublikken.no\/#organization\"},\"image\":{\"@id\":\"https:\/\/nordnesrepublikken.no\/index.php\/2026\/04\/29\/aktivert-karbon-for-voc\/#primaryimage\"},\"thumbnailUrl\":\"https:\/\/nordnesrepublikken.no\/wp-content\/uploads\/2026\/04\/1777461604_aktivert-karbon-for-VOC.jpg\",\"keywords\":[\"aktivert\",\"karbon\",\"VOC\"],\"articleSection\":[\"Vitenskap\"],\"inLanguage\":\"nb-NO\"},{\"@type\":\"WebPage\",\"@id\":\"https:\/\/nordnesrepublikken.no\/index.php\/2026\/04\/29\/aktivert-karbon-for-voc\/\",\"url\":\"https:\/\/nordnesrepublikken.no\/index.php\/2026\/04\/29\/aktivert-karbon-for-voc\/\",\"name\":\"aktivert karbon for VOC - Nordnesrepublikken\",\"isPartOf\":{\"@id\":\"https:\/\/nordnesrepublikken.no\/#website\"},\"primaryImageOfPage\":{\"@id\":\"https:\/\/nordnesrepublikken.no\/index.php\/2026\/04\/29\/aktivert-karbon-for-voc\/#primaryimage\"},\"image\":{\"@id\":\"https:\/\/nordnesrepublikken.no\/index.php\/2026\/04\/29\/aktivert-karbon-for-voc\/#primaryimage\"},\"thumbnailUrl\":\"https:\/\/nordnesrepublikken.no\/wp-content\/uploads\/2026\/04\/1777461604_aktivert-karbon-for-VOC.jpg\",\"datePublished\":\"2026-04-29T11:20:02+00:00\",\"dateModified\":\"2026-04-29T11:20:06+00:00\",\"breadcrumb\":{\"@id\":\"https:\/\/nordnesrepublikken.no\/index.php\/2026\/04\/29\/aktivert-karbon-for-voc\/#breadcrumb\"},\"inLanguage\":\"nb-NO\",\"potentialAction\":[{\"@type\":\"ReadAction\",\"target\":[\"https:\/\/nordnesrepublikken.no\/index.php\/2026\/04\/29\/aktivert-karbon-for-voc\/\"]}]},{\"@type\":\"ImageObject\",\"inLanguage\":\"nb-NO\",\"@id\":\"https:\/\/nordnesrepublikken.no\/index.php\/2026\/04\/29\/aktivert-karbon-for-voc\/#primaryimage\",\"url\":\"https:\/\/nordnesrepublikken.no\/wp-content\/uploads\/2026\/04\/1777461604_aktivert-karbon-for-VOC.jpg\",\"contentUrl\":\"https:\/\/nordnesrepublikken.no\/wp-content\/uploads\/2026\/04\/1777461604_aktivert-karbon-for-VOC.jpg\",\"width\":2121,\"height\":1414,\"caption\":\"aktivert karbon for VOC\"},{\"@type\":\"BreadcrumbList\",\"@id\":\"https:\/\/nordnesrepublikken.no\/index.php\/2026\/04\/29\/aktivert-karbon-for-voc\/#breadcrumb\",\"itemListElement\":[{\"@type\":\"ListItem\",\"position\":1,\"name\":\"Home\",\"item\":\"https:\/\/nordnesrepublikken.no\/\"},{\"@type\":\"ListItem\",\"position\":2,\"name\":\"aktivert karbon for VOC\"}]},{\"@type\":\"WebSite\",\"@id\":\"https:\/\/nordnesrepublikken.no\/#website\",\"url\":\"https:\/\/nordnesrepublikken.no\/\",\"name\":\"Nordnesrepublikken\",\"description\":\"Stemmer og Visjoner fra Republikkens Hjerte\",\"publisher\":{\"@id\":\"https:\/\/nordnesrepublikken.no\/#organization\"},\"potentialAction\":[{\"@type\":\"SearchAction\",\"target\":{\"@type\":\"EntryPoint\",\"urlTemplate\":\"https:\/\/nordnesrepublikken.no\/?s={search_term_string}\"},\"query-input\":{\"@type\":\"PropertyValueSpecification\",\"valueRequired\":true,\"valueName\":\"search_term_string\"}}],\"inLanguage\":\"nb-NO\"},{\"@type\":\"Organization\",\"@id\":\"https:\/\/nordnesrepublikken.no\/#organization\",\"name\":\"Nordnesrepublikken\",\"url\":\"https:\/\/nordnesrepublikken.no\/\",\"logo\":{\"@type\":\"ImageObject\",\"inLanguage\":\"nb-NO\",\"@id\":\"https:\/\/nordnesrepublikken.no\/#\/schema\/logo\/image\/\",\"url\":\"https:\/\/nordnesrepublikken.no\/wp-content\/uploads\/2025\/02\/cropped-nordnesrepublikken-2.png\",\"contentUrl\":\"https:\/\/nordnesrepublikken.no\/wp-content\/uploads\/2025\/02\/cropped-nordnesrepublikken-2.png\",\"width\":1248,\"height\":362,\"caption\":\"Nordnesrepublikken\"},\"image\":{\"@id\":\"https:\/\/nordnesrepublikken.no\/#\/schema\/logo\/image\/\"}},{\"@type\":\"Person\",\"@id\":\"https:\/\/nordnesrepublikken.no\/#\/schema\/person\/2e7e81935bab77882fffb79296240ff1\",\"name\":\"Ole Andersen\",\"image\":{\"@type\":\"ImageObject\",\"inLanguage\":\"nb-NO\",\"@id\":\"https:\/\/nordnesrepublikken.no\/#\/schema\/person\/image\/\",\"url\":\"https:\/\/nordnesrepublikken.no\/wp-content\/uploads\/2025\/02\/nordnesrepublikken-2-2-150x150.jpg\",\"contentUrl\":\"https:\/\/nordnesrepublikken.no\/wp-content\/uploads\/2025\/02\/nordnesrepublikken-2-2-150x150.jpg\",\"caption\":\"Ole Andersen\"},\"description\":\"Ettersom jeg vokste opp i Oslo, har jeg alltid v\u00e6rt fascinert av ordenes kraft og deres evne til \u00e5 skape endringer. Etter \u00e5 ha fullf\u00f8rt min utdannelse i kommunikasjon ved Universitetet i Bergen, fikk jeg muligheten til \u00e5 jobbe innen ulike medier, der jeg har s\u00f8kt \u00e5 belyse viktige samfunnssp\u00f8rsm\u00e5l. I dag, som redakt\u00f8r for Nordnesrepublikken, pr\u00f8ver jeg \u00e5 forene min kj\u00e6rlighet for journalistikk med min lidenskap for innovasjon og eventyr.\",\"sameAs\":[\"https:\/\/nordnesrepublikken.no\/\"]}]}<\/script>\n<!-- \/ Yoast SEO plugin. -->","yoast_head_json":{"title":"aktivert karbon for VOC - Nordnesrepublikken","robots":{"index":"index","follow":"follow","max-snippet":"max-snippet:-1","max-image-preview":"max-image-preview:large","max-video-preview":"max-video-preview:-1"},"canonical":"https:\/\/nordnesrepublikken.no\/index.php\/2026\/04\/29\/aktivert-karbon-for-voc\/","og_locale":"nb_NO","og_type":"article","og_title":"aktivert karbon for VOC - Nordnesrepublikken","og_description":"Vi har latt mat ligge i mikrob\u00f8lgeovnen eller i den klassiske ovnen hjemme for lenge","og_url":"https:\/\/nordnesrepublikken.no\/index.php\/2026\/04\/29\/aktivert-karbon-for-voc\/","og_site_name":"Nordnesrepublikken","article_published_time":"2026-04-29T11:20:02+00:00","article_modified_time":"2026-04-29T11:20:06+00:00","og_image":[{"width":2121,"height":1414,"url":"https:\/\/nordnesrepublikken.no\/wp-content\/uploads\/2026\/04\/1777461604_aktivert-karbon-for-VOC.jpg","type":"image\/jpeg"}],"author":"Ole Andersen","twitter_card":"summary_large_image","twitter_misc":{"Skrevet av":"Ole Andersen","Ansl. lesetid":"3 minutter"},"schema":{"@context":"https:\/\/schema.org","@graph":[{"@type":"Article","@id":"https:\/\/nordnesrepublikken.no\/index.php\/2026\/04\/29\/aktivert-karbon-for-voc\/#article","isPartOf":{"@id":"https:\/\/nordnesrepublikken.no\/index.php\/2026\/04\/29\/aktivert-karbon-for-voc\/"},"author":{"name":"Ole Andersen","@id":"https:\/\/nordnesrepublikken.no\/#\/schema\/person\/2e7e81935bab77882fffb79296240ff1"},"headline":"aktivert karbon for VOC","datePublished":"2026-04-29T11:20:02+00:00","dateModified":"2026-04-29T11:20:06+00:00","mainEntityOfPage":{"@id":"https:\/\/nordnesrepublikken.no\/index.php\/2026\/04\/29\/aktivert-karbon-for-voc\/"},"wordCount":624,"publisher":{"@id":"https:\/\/nordnesrepublikken.no\/#organization"},"image":{"@id":"https:\/\/nordnesrepublikken.no\/index.php\/2026\/04\/29\/aktivert-karbon-for-voc\/#primaryimage"},"thumbnailUrl":"https:\/\/nordnesrepublikken.no\/wp-content\/uploads\/2026\/04\/1777461604_aktivert-karbon-for-VOC.jpg","keywords":["aktivert","karbon","VOC"],"articleSection":["Vitenskap"],"inLanguage":"nb-NO"},{"@type":"WebPage","@id":"https:\/\/nordnesrepublikken.no\/index.php\/2026\/04\/29\/aktivert-karbon-for-voc\/","url":"https:\/\/nordnesrepublikken.no\/index.php\/2026\/04\/29\/aktivert-karbon-for-voc\/","name":"aktivert karbon for VOC - Nordnesrepublikken","isPartOf":{"@id":"https:\/\/nordnesrepublikken.no\/#website"},"primaryImageOfPage":{"@id":"https:\/\/nordnesrepublikken.no\/index.php\/2026\/04\/29\/aktivert-karbon-for-voc\/#primaryimage"},"image":{"@id":"https:\/\/nordnesrepublikken.no\/index.php\/2026\/04\/29\/aktivert-karbon-for-voc\/#primaryimage"},"thumbnailUrl":"https:\/\/nordnesrepublikken.no\/wp-content\/uploads\/2026\/04\/1777461604_aktivert-karbon-for-VOC.jpg","datePublished":"2026-04-29T11:20:02+00:00","dateModified":"2026-04-29T11:20:06+00:00","breadcrumb":{"@id":"https:\/\/nordnesrepublikken.no\/index.php\/2026\/04\/29\/aktivert-karbon-for-voc\/#breadcrumb"},"inLanguage":"nb-NO","potentialAction":[{"@type":"ReadAction","target":["https:\/\/nordnesrepublikken.no\/index.php\/2026\/04\/29\/aktivert-karbon-for-voc\/"]}]},{"@type":"ImageObject","inLanguage":"nb-NO","@id":"https:\/\/nordnesrepublikken.no\/index.php\/2026\/04\/29\/aktivert-karbon-for-voc\/#primaryimage","url":"https:\/\/nordnesrepublikken.no\/wp-content\/uploads\/2026\/04\/1777461604_aktivert-karbon-for-VOC.jpg","contentUrl":"https:\/\/nordnesrepublikken.no\/wp-content\/uploads\/2026\/04\/1777461604_aktivert-karbon-for-VOC.jpg","width":2121,"height":1414,"caption":"aktivert karbon for VOC"},{"@type":"BreadcrumbList","@id":"https:\/\/nordnesrepublikken.no\/index.php\/2026\/04\/29\/aktivert-karbon-for-voc\/#breadcrumb","itemListElement":[{"@type":"ListItem","position":1,"name":"Home","item":"https:\/\/nordnesrepublikken.no\/"},{"@type":"ListItem","position":2,"name":"aktivert karbon for VOC"}]},{"@type":"WebSite","@id":"https:\/\/nordnesrepublikken.no\/#website","url":"https:\/\/nordnesrepublikken.no\/","name":"Nordnesrepublikken","description":"Stemmer og Visjoner fra Republikkens Hjerte","publisher":{"@id":"https:\/\/nordnesrepublikken.no\/#organization"},"potentialAction":[{"@type":"SearchAction","target":{"@type":"EntryPoint","urlTemplate":"https:\/\/nordnesrepublikken.no\/?s={search_term_string}"},"query-input":{"@type":"PropertyValueSpecification","valueRequired":true,"valueName":"search_term_string"}}],"inLanguage":"nb-NO"},{"@type":"Organization","@id":"https:\/\/nordnesrepublikken.no\/#organization","name":"Nordnesrepublikken","url":"https:\/\/nordnesrepublikken.no\/","logo":{"@type":"ImageObject","inLanguage":"nb-NO","@id":"https:\/\/nordnesrepublikken.no\/#\/schema\/logo\/image\/","url":"https:\/\/nordnesrepublikken.no\/wp-content\/uploads\/2025\/02\/cropped-nordnesrepublikken-2.png","contentUrl":"https:\/\/nordnesrepublikken.no\/wp-content\/uploads\/2025\/02\/cropped-nordnesrepublikken-2.png","width":1248,"height":362,"caption":"Nordnesrepublikken"},"image":{"@id":"https:\/\/nordnesrepublikken.no\/#\/schema\/logo\/image\/"}},{"@type":"Person","@id":"https:\/\/nordnesrepublikken.no\/#\/schema\/person\/2e7e81935bab77882fffb79296240ff1","name":"Ole Andersen","image":{"@type":"ImageObject","inLanguage":"nb-NO","@id":"https:\/\/nordnesrepublikken.no\/#\/schema\/person\/image\/","url":"https:\/\/nordnesrepublikken.no\/wp-content\/uploads\/2025\/02\/nordnesrepublikken-2-2-150x150.jpg","contentUrl":"https:\/\/nordnesrepublikken.no\/wp-content\/uploads\/2025\/02\/nordnesrepublikken-2-2-150x150.jpg","caption":"Ole Andersen"},"description":"Ettersom jeg vokste opp i Oslo, har jeg alltid v\u00e6rt fascinert av ordenes kraft og deres evne til \u00e5 skape endringer. Etter \u00e5 ha fullf\u00f8rt min utdannelse i kommunikasjon ved Universitetet i Bergen, fikk jeg muligheten til \u00e5 jobbe innen ulike medier, der jeg har s\u00f8kt \u00e5 belyse viktige samfunnssp\u00f8rsm\u00e5l. I dag, som redakt\u00f8r for Nordnesrepublikken, pr\u00f8ver jeg \u00e5 forene min kj\u00e6rlighet for journalistikk med min lidenskap for innovasjon og eventyr.","sameAs":["https:\/\/nordnesrepublikken.no\/"]}]}},"_links":{"self":[{"href":"https:\/\/nordnesrepublikken.no\/index.php\/wp-json\/wp\/v2\/posts\/17571","targetHints":{"allow":["GET"]}}],"collection":[{"href":"https:\/\/nordnesrepublikken.no\/index.php\/wp-json\/wp\/v2\/posts"}],"about":[{"href":"https:\/\/nordnesrepublikken.no\/index.php\/wp-json\/wp\/v2\/types\/post"}],"author":[{"embeddable":true,"href":"https:\/\/nordnesrepublikken.no\/index.php\/wp-json\/wp\/v2\/users\/1"}],"replies":[{"embeddable":true,"href":"https:\/\/nordnesrepublikken.no\/index.php\/wp-json\/wp\/v2\/comments?post=17571"}],"version-history":[{"count":1,"href":"https:\/\/nordnesrepublikken.no\/index.php\/wp-json\/wp\/v2\/posts\/17571\/revisions"}],"predecessor-version":[{"id":17573,"href":"https:\/\/nordnesrepublikken.no\/index.php\/wp-json\/wp\/v2\/posts\/17571\/revisions\/17573"}],"wp:featuredmedia":[{"embeddable":true,"href":"https:\/\/nordnesrepublikken.no\/index.php\/wp-json\/wp\/v2\/media\/17572"}],"wp:attachment":[{"href":"https:\/\/nordnesrepublikken.no\/index.php\/wp-json\/wp\/v2\/media?parent=17571"}],"wp:term":[{"taxonomy":"category","embeddable":true,"href":"https:\/\/nordnesrepublikken.no\/index.php\/wp-json\/wp\/v2\/categories?post=17571"},{"taxonomy":"post_tag","embeddable":true,"href":"https:\/\/nordnesrepublikken.no\/index.php\/wp-json\/wp\/v2\/tags?post=17571"}],"curies":[{"name":"wp","href":"https:\/\/api.w.org\/{rel}","templated":true}]}}