{"id":17562,"date":"2026-04-29T10:07:50","date_gmt":"2026-04-29T08:07:50","guid":{"rendered":"https:\/\/nordnesrepublikken.no\/index.php\/2026\/04\/29\/fordi-presidenten-kan-oppheve-en-dom\/"},"modified":"2026-04-29T10:07:53","modified_gmt":"2026-04-29T08:07:53","slug":"fordi-presidenten-kan-oppheve-en-dom","status":"publish","type":"post","link":"https:\/\/nordnesrepublikken.no\/index.php\/2026\/04\/29\/fordi-presidenten-kan-oppheve-en-dom\/","title":{"rendered":"fordi presidenten kan oppheve en dom"},"content":{"rendered":"<div>\n<div class=\"cp_wrapper cp_wrapper--fw mb-30 mb-20@tablet\">\n<figure class=\"mm\"><picture class=\"img\" style=\"padding-top:56.25%\"><source  media=\"(min-width: 1024px)\"><source  media=\"(min-width: 768px)\"><\/source><\/source><\/picture><\/figure>\n<\/p><\/div>\n<p>Ofte vekker det \u00e5 gi ben\u00e5dning av republikkens president til domfelte politisk kontrovers fordi det er i offentlig mening <strong>det er forskjellige ideer<\/strong>: noen er for, andre mot. Tvister har oppst\u00e5tt ved mange anledninger og i mange land. I <strong>USA<\/strong> For eksempel har ulike n\u00e5detiltak utstedt av Joe Biden og Donald Trump utl\u00f8st debatter. I Italia var blant de mest kontroversielle sakene de av <strong>Graziano Mesina<\/strong>Av <strong>Sabrina De Sousa<\/strong> og tre menn d\u00f8mt for <strong>Calabresi-drapet:<\/strong> Adriano Sofri, Giorgio Pietrostefani (aldri ben\u00e5det) og Ovidio Bompressi (som mottok ben\u00e5dningen i 2006).<\/p>\n<h2><strong>Hva betyr en presidentens ben\u00e5dning<\/strong><\/h2>\n<p>N\u00e5dens institusjon er forutsett <strong>i rettssystemet i en rekke land<\/strong>. Vanligvis ligger makten til \u00e5 gi det hos <strong>statsoverhode<\/strong>: presidenten i republikanske land, kongen i monarkier. N\u00e5de kan v\u00e6re <strong>helt eller delvis<\/strong>det vil si at den kan oppheve setningen helt eller bare redusere den. N\u00e5de er ikke en form for absolusjon: tvert imot, den anerkjenner <strong>den d\u00f8mtes skyld<\/strong>men tilgir ham <strong>av humanit\u00e6re eller andre grunner<\/strong>.<\/p>\n<p>Ben\u00e5dningstiltak gir ofte opphav til politiske kontroverser, fordi opinionen og den herskende klassen er delt<strong> mellom for og mot<\/strong>. Presidenter har noen ganger blitt beskyldt for \u00e5 gi ben\u00e5dninger til fordel for sine politiske st\u00f8ttespillere og, i noen tilfeller, sin egen familie. En nylig sak involverte den tidligere presidenten i USA<strong>Joe Biden<\/strong>som i 2024, noen m\u00e5neder f\u00f8r slutten av sitt mandat, ga en presidentens ben\u00e5dning til s\u00f8nnen, <strong>Hunter Biden<\/strong>d\u00f8mt for ulovlig besittelse av v\u00e5pen og skatteforbrytelser.<\/p>\n<div class=\"cp_wrapper cp_wrapper--fw mb-50\">\n<figure class=\"mm\"><picture class=\"img\" style=\"padding-top:149.57264957265%\"><source  media=\"(min-width: 1024px)\"><source  media=\"(min-width: 768px)\"><img decoding=\"async\" loading=\"lazy\" src=\"https:\/\/nordnesrepublikken.no\/wp-content\/uploads\/2026\/04\/1777450068_702_fordi-presidenten-kan-oppheve-en-dom.jpg\" alt=\"Hunter Biden (Wikimedia Commons)\" width=\"234\" height=\"350\"\/><\/source><\/source><\/picture><\/figure>\n<\/p><\/div>\n<p>USAs n\u00e5v\u00e6rende president, Donald Trump, fikk ogs\u00e5 sterke mottakelser <strong>kritikk av ben\u00e5dningstiltakene <\/strong>utstedt til fordel for venner og st\u00f8ttespillere, inkludert personer d\u00f8mt for forbrytelser knyttet til finansieringen av valgkampene hans.<\/p>\n<h2>N\u00e5de, amnesti og ben\u00e5dning i Italia<\/h2>\n<p>N\u00e5de, amnesti og ben\u00e5dning er tre forskjellige former for juridisk n\u00e5de gitt av v\u00e5r republikk. Der <strong>n\u00e5de<\/strong>som allerede sagt, sletter ikke skylden, men straffen n\u00e5r det gjelder et enkelt individ; de<strong>tilgi<\/strong> gj\u00f8r det samme, men med en kollektiv forbrytelse, mens den<strong>amnesti<\/strong> slukker forbrytelsen oppstr\u00f8ms. Kort tid etter opprettelsen av republikken ble f.eks. <strong>en bestemt amnesti<\/strong> (dvs. en slags kollektiv n\u00e5de) g\u00e5tt over i historien som <strong>Togliatti amnesti<\/strong>garantert straffrihet for de fleste av eksponentene for det fascistiske regimet.<\/p>\n<p>Blant enkelttiltakene har noen blitt bestridt. Nylig br\u00f8t det for eksempel ut en heftig strid om saken om <strong>Usama Al Masri<\/strong>en libysk kriminell som er underlagt en internasjonal arrestordre og arrestert i Italia 19. januar 2025, som ble l\u00f8slatt fra fengsel for prosedyre- og <strong>repatriert p\u00e5 statsflukt<\/strong>til tross for sv\u00e6rt alvorlige anklager om krigsforbrytelser og tortur. Det var imidlertid ikke en reell n\u00e5debestemmelse pga <strong>Al Masri var ikke d\u00f8mt.<\/strong> Det er flere saker om Graziano Mesina, Sabrina De Sousa og mennene som er anklaget for drapet p\u00e5 kommiss\u00e6r Calabresi.<\/p>\n<h2><strong>Saken om Graziano Mesina<\/strong><\/h2>\n<p>Blant de mest kontroversielle ben\u00e5dningstiltakene i Italias historie er absolutt det til fordel for Graziano Mesina, nevnt ovenfor <em>Gratzianeddu,<\/em> <strong>som bestemmelsen ble utstedt for i 2004 av president Carlo Azeglio Ciampi<\/strong>. Mesina, f\u00f8dt i Orgosolo (provinsen Nuoro) i 1942, var en av <strong>mest kjente sardinske banditter<\/strong>gjerningsmann for kidnappinger, drap og andre forbrytelser. Han brukte livet sitt <strong>inn og ut av fengsel<\/strong> Igjen <strong>fra ungdoms\u00e5rene,<\/strong> tilbringe rundt f\u00f8rti \u00e5r totalt bak murene og bli hovedpersonen i dristige r\u00f8mminger.<\/p>\n<div class=\"cp_wrapper cp_wrapper--fw mb-50\">\n<figure class=\"mm\"><picture class=\"img\" style=\"padding-top:143.61851332398%\"><source  media=\"(min-width: 1024px)\"><source  media=\"(min-width: 768px)\"><img decoding=\"async\" loading=\"lazy\" src=\"https:\/\/nordnesrepublikken.no\/wp-content\/uploads\/2026\/04\/1777450069_750_fordi-presidenten-kan-oppheve-en-dom.jpg\" alt=\"Plakat med dus\u00f8ren p\u00e5 Mesina (ilmanifesto.it)\" width=\"713\" height=\"1024\" class=\"js-seedtag-img\"\/><\/source><\/source><\/picture><\/figure>\n<\/p><\/div>\n<p>I 2003, n\u00e5 eldre, instruerte han advokatene sine om \u00e5 <strong>be president Ciampi om ben\u00e5dning<\/strong>som gikk med p\u00e5 \u00e5 innvilge det \u00e5ret etter. Tiltaket vakte mye kontrovers, gitt alvorligheten av forbrytelsene som Mesina var skyldig i. Hva verre er, etter l\u00f8slatelsen utnyttet banditten hans frihet <strong>\u00e5 starte kriminalitet igjen<\/strong>: han jobbet en periode som turistguide i hjembyen Orgosolo, men i 2013 planla han sammen med et vennegjeng en <strong>ny kidnapping<\/strong> og ble arrestert for dette. L\u00f8slatt fra fengsel p\u00e5 grunn av utl\u00f8pet av varetektsvilk\u00e5rene i 2019, \u00e5ret etter, da carabinieri dro hjem til ham for \u00e5 ta ham tilbake til fengselet, kunne han ikke bli funnet og ble en flyktning igjen, i den \u00e6rverdige alder av 78. Fanget \u00e5ret etter, <strong>han d\u00f8de i 2025<\/strong>.<\/p>\n<h2>Konsesjonen til Sabrina De Sousa, tidligere CIA-agent<\/h2>\n<p>Sabrina De Sousa er en tidligere CIA-agent av portugisisk opprinnelse, involvert i <strong>kidnapping av Abu Omar<\/strong>egyptisk imam bosatt i Milano. Abu Omar ble kidnappet i 2003 av amerikanske agenter, med medvirkning til <strong>italienske agenter<\/strong>for mistenkt terrorvirksomhet. Han ble deportert til Egypt <strong>utsatt for tortur og holdt i fengsel uten rettssak<\/strong>. I 2009 ble De Sousa, som i mellomtiden hadde flyttet til Portugal, d\u00f8mt til 7 \u00e5rs fengsel, senere redusert til 4, for kidnappingen. Andre amerikanske agenter og to italienske agenter ble d\u00f8mt sammen med henne.<\/p>\n<div class=\"cp_wrapper cp_wrapper--fw mb-50\">\n<figure class=\"mm\"><picture class=\"img\" style=\"padding-top:56.25%\"><source  media=\"(min-width: 1024px)\"><source  media=\"(min-width: 768px)\"><img decoding=\"async\" loading=\"lazy\" src=\"https:\/\/nordnesrepublikken.no\/wp-content\/uploads\/2026\/04\/fordi-presidenten-kan-oppheve-en-dom.jpeg\" alt=\"Sabrina De Sousa (Ilfoglio.it)\" width=\"1200\" height=\"675\"\/><\/source><\/source><\/picture><\/figure>\n<\/p><\/div>\n<p>De Sousa ble imidlertid arrestert og utlevert til Italia <strong>f\u00f8rst 20. februar 2017<\/strong>. \u00c5tte dager senere ga president Mattarella dem <strong>ben\u00e5dning av ett \u00e5r av straffen<\/strong> slik at hun, med mindre enn tre \u00e5r igjen \u00e5 sone, kunne f\u00e5 tilgang til alternative straffer til fengsel. Utleveringsordre ble opphevet og De Sousa <strong>han kunne reise tilbake til Portugal<\/strong>. Bestemmelsen utl\u00f8ste heftig kontrovers i Italia, ogs\u00e5 fordi rykter umiddelbart spredte seg om at den var utstedt<strong> under press fra USA<\/strong> (hvis presidentskap Donald Trump nettopp hadde tiltr\u00e5dt for sin f\u00f8rste periode). Omstendigheten er ikke bevist, men det er sikkert at De Sousa aldri sonet dommen hun ble d\u00f8mt til.<\/p>\n<h2><strong>Sofri, Bompressi og Pietrostefani<\/strong><\/h2>\n<p>Adriano Sofri, Giorgio Pietrostefani og Ovidio Bompressi var hovedpersonene i en lang juridisk aff\u00e6re. I 1997 ble de anerkjent <strong>skyldig i drapet p\u00e5 kommiss\u00e6ren<\/strong> <strong>Luigi Calabres<\/strong>i, som skjedde i 1972, p\u00e5 h\u00f8yden av \u00e5rene med bly, og d\u00f8mt til 22 \u00e5rs fengsel. If\u00f8lge anklagene var Sofri og Pietrostefani p\u00e5driverne for drapet, Bompressi morderen; de ford\u00f8mte har alltid erkjent sin uskyld. Etter slutten av prosessen, et stort omr\u00e5de av <strong>intellektuelle og sivilsamfunnsbevegelser<\/strong> foreslo \u00e5 ben\u00e5de de tre mennene, i kraft av at domfellelsen skjedde den <strong>ganske tvilsomt bevisgrunnlag<\/strong>.<\/p>\n<div class=\"cp_wrapper cp_wrapper--fw mb-50\">\n<figure class=\"mm\"><picture class=\"img\" style=\"padding-top:66.517857142857%\"><source  media=\"(min-width: 1024px)\"><source  media=\"(min-width: 768px)\"><img decoding=\"async\" loading=\"lazy\" src=\"https:\/\/nordnesrepublikken.no\/wp-content\/uploads\/2026\/04\/1777450070_536_fordi-presidenten-kan-oppheve-en-dom.jpg\" alt=\"Sofri, Bompressi og Pietrostefani (corriere.it)\" width=\"672\" height=\"447\" class=\"js-seedtag-img\"\/><\/source><\/source><\/picture><\/figure>\n<\/p><\/div>\n<p>Imidlertid ble bare \u00e9n av de tre ben\u00e5det. <strong>Pietrostefani flyktet til Frankrike<\/strong>beskyttet av Mitterrand-doktrinen (prinsippet som begrenser muligheten for \u00e5 utlevere de som er anklaget for politiske forbrytelser). <strong>Sofri har alltid nektet \u00e5 be om n\u00e5de<\/strong>til tross for den enorme kampanjen i hans fav\u00f8r, og trodde at hans uskyld burde anerkjennes, og ingen president vedtok n\u00e5dehandlingen spontant, fordi noen av de politiske kreftene var imot den. Sofri sonet deretter dommen delvis i fengsel og delvis i husarrest. Den eneste <strong>Bompressi ba om og fikk ben\u00e5dning i 2006<\/strong>.<\/p>\n<\/p><\/div>\n","protected":false},"excerpt":{"rendered":"<p>Ofte vekker det \u00e5 gi ben\u00e5dning av republikkens president til domfelte politisk kontrovers fordi det<\/p>\n","protected":false},"author":1,"featured_media":17563,"comment_status":"closed","ping_status":"open","sticky":false,"template":"","format":"standard","meta":{"footnotes":""},"categories":[104],"tags":[11330,83,339,11329,2472],"class_list":["post-17562","post","type-post","status-publish","format-standard","has-post-thumbnail","hentry","category-samfunn","tag-dom","tag-fordi","tag-kan","tag-oppheve","tag-presidenten","generate-columns","tablet-grid-50","mobile-grid-100","grid-parent","grid-33","resize-featured-image"],"yoast_head":"<!-- This site is optimized with the Yoast SEO plugin v24.4 - https:\/\/yoast.com\/wordpress\/plugins\/seo\/ -->\n<title>fordi presidenten kan oppheve en dom - Nordnesrepublikken<\/title>\n<meta name=\"robots\" content=\"index, follow, max-snippet:-1, max-image-preview:large, max-video-preview:-1\" \/>\n<link rel=\"canonical\" href=\"https:\/\/nordnesrepublikken.no\/index.php\/2026\/04\/29\/fordi-presidenten-kan-oppheve-en-dom\/\" \/>\n<meta property=\"og:locale\" content=\"nb_NO\" \/>\n<meta property=\"og:type\" content=\"article\" \/>\n<meta property=\"og:title\" content=\"fordi presidenten kan oppheve en dom - Nordnesrepublikken\" \/>\n<meta property=\"og:description\" content=\"Ofte vekker det \u00e5 gi ben\u00e5dning av republikkens president til domfelte politisk kontrovers fordi det\" \/>\n<meta property=\"og:url\" content=\"https:\/\/nordnesrepublikken.no\/index.php\/2026\/04\/29\/fordi-presidenten-kan-oppheve-en-dom\/\" \/>\n<meta property=\"og:site_name\" content=\"Nordnesrepublikken\" \/>\n<meta property=\"article:published_time\" content=\"2026-04-29T08:07:50+00:00\" \/>\n<meta property=\"article:modified_time\" content=\"2026-04-29T08:07:53+00:00\" \/>\n<meta property=\"og:image\" content=\"https:\/\/nordnesrepublikken.no\/wp-content\/uploads\/2026\/04\/1777450073_fordi-presidenten-kan-oppheve-en-dom.jpg\" \/>\n\t<meta property=\"og:image:width\" content=\"1536\" \/>\n\t<meta property=\"og:image:height\" content=\"1024\" \/>\n\t<meta property=\"og:image:type\" content=\"image\/jpeg\" \/>\n<meta name=\"author\" content=\"Ole Andersen\" \/>\n<meta name=\"twitter:card\" content=\"summary_large_image\" \/>\n<meta name=\"twitter:label1\" content=\"Skrevet av\" \/>\n\t<meta name=\"twitter:data1\" content=\"Ole Andersen\" \/>\n\t<meta name=\"twitter:label2\" content=\"Ansl. lesetid\" \/>\n\t<meta name=\"twitter:data2\" content=\"5 minutter\" \/>\n<script type=\"application\/ld+json\" class=\"yoast-schema-graph\">{\"@context\":\"https:\/\/schema.org\",\"@graph\":[{\"@type\":\"Article\",\"@id\":\"https:\/\/nordnesrepublikken.no\/index.php\/2026\/04\/29\/fordi-presidenten-kan-oppheve-en-dom\/#article\",\"isPartOf\":{\"@id\":\"https:\/\/nordnesrepublikken.no\/index.php\/2026\/04\/29\/fordi-presidenten-kan-oppheve-en-dom\/\"},\"author\":{\"name\":\"Ole Andersen\",\"@id\":\"https:\/\/nordnesrepublikken.no\/#\/schema\/person\/2e7e81935bab77882fffb79296240ff1\"},\"headline\":\"fordi presidenten kan oppheve en dom\",\"datePublished\":\"2026-04-29T08:07:50+00:00\",\"dateModified\":\"2026-04-29T08:07:53+00:00\",\"mainEntityOfPage\":{\"@id\":\"https:\/\/nordnesrepublikken.no\/index.php\/2026\/04\/29\/fordi-presidenten-kan-oppheve-en-dom\/\"},\"wordCount\":1073,\"publisher\":{\"@id\":\"https:\/\/nordnesrepublikken.no\/#organization\"},\"image\":{\"@id\":\"https:\/\/nordnesrepublikken.no\/index.php\/2026\/04\/29\/fordi-presidenten-kan-oppheve-en-dom\/#primaryimage\"},\"thumbnailUrl\":\"https:\/\/nordnesrepublikken.no\/wp-content\/uploads\/2026\/04\/1777450073_fordi-presidenten-kan-oppheve-en-dom.jpg\",\"keywords\":[\"dom\",\"Fordi\",\"kan\",\"oppheve\",\"presidenten\"],\"articleSection\":[\"Samfunn\"],\"inLanguage\":\"nb-NO\"},{\"@type\":\"WebPage\",\"@id\":\"https:\/\/nordnesrepublikken.no\/index.php\/2026\/04\/29\/fordi-presidenten-kan-oppheve-en-dom\/\",\"url\":\"https:\/\/nordnesrepublikken.no\/index.php\/2026\/04\/29\/fordi-presidenten-kan-oppheve-en-dom\/\",\"name\":\"fordi presidenten kan oppheve en dom - Nordnesrepublikken\",\"isPartOf\":{\"@id\":\"https:\/\/nordnesrepublikken.no\/#website\"},\"primaryImageOfPage\":{\"@id\":\"https:\/\/nordnesrepublikken.no\/index.php\/2026\/04\/29\/fordi-presidenten-kan-oppheve-en-dom\/#primaryimage\"},\"image\":{\"@id\":\"https:\/\/nordnesrepublikken.no\/index.php\/2026\/04\/29\/fordi-presidenten-kan-oppheve-en-dom\/#primaryimage\"},\"thumbnailUrl\":\"https:\/\/nordnesrepublikken.no\/wp-content\/uploads\/2026\/04\/1777450073_fordi-presidenten-kan-oppheve-en-dom.jpg\",\"datePublished\":\"2026-04-29T08:07:50+00:00\",\"dateModified\":\"2026-04-29T08:07:53+00:00\",\"breadcrumb\":{\"@id\":\"https:\/\/nordnesrepublikken.no\/index.php\/2026\/04\/29\/fordi-presidenten-kan-oppheve-en-dom\/#breadcrumb\"},\"inLanguage\":\"nb-NO\",\"potentialAction\":[{\"@type\":\"ReadAction\",\"target\":[\"https:\/\/nordnesrepublikken.no\/index.php\/2026\/04\/29\/fordi-presidenten-kan-oppheve-en-dom\/\"]}]},{\"@type\":\"ImageObject\",\"inLanguage\":\"nb-NO\",\"@id\":\"https:\/\/nordnesrepublikken.no\/index.php\/2026\/04\/29\/fordi-presidenten-kan-oppheve-en-dom\/#primaryimage\",\"url\":\"https:\/\/nordnesrepublikken.no\/wp-content\/uploads\/2026\/04\/1777450073_fordi-presidenten-kan-oppheve-en-dom.jpg\",\"contentUrl\":\"https:\/\/nordnesrepublikken.no\/wp-content\/uploads\/2026\/04\/1777450073_fordi-presidenten-kan-oppheve-en-dom.jpg\",\"width\":1536,\"height\":1024,\"caption\":\"fordi presidenten kan oppheve en dom\"},{\"@type\":\"BreadcrumbList\",\"@id\":\"https:\/\/nordnesrepublikken.no\/index.php\/2026\/04\/29\/fordi-presidenten-kan-oppheve-en-dom\/#breadcrumb\",\"itemListElement\":[{\"@type\":\"ListItem\",\"position\":1,\"name\":\"Home\",\"item\":\"https:\/\/nordnesrepublikken.no\/\"},{\"@type\":\"ListItem\",\"position\":2,\"name\":\"fordi presidenten kan oppheve en dom\"}]},{\"@type\":\"WebSite\",\"@id\":\"https:\/\/nordnesrepublikken.no\/#website\",\"url\":\"https:\/\/nordnesrepublikken.no\/\",\"name\":\"Nordnesrepublikken\",\"description\":\"Stemmer og Visjoner fra Republikkens Hjerte\",\"publisher\":{\"@id\":\"https:\/\/nordnesrepublikken.no\/#organization\"},\"potentialAction\":[{\"@type\":\"SearchAction\",\"target\":{\"@type\":\"EntryPoint\",\"urlTemplate\":\"https:\/\/nordnesrepublikken.no\/?s={search_term_string}\"},\"query-input\":{\"@type\":\"PropertyValueSpecification\",\"valueRequired\":true,\"valueName\":\"search_term_string\"}}],\"inLanguage\":\"nb-NO\"},{\"@type\":\"Organization\",\"@id\":\"https:\/\/nordnesrepublikken.no\/#organization\",\"name\":\"Nordnesrepublikken\",\"url\":\"https:\/\/nordnesrepublikken.no\/\",\"logo\":{\"@type\":\"ImageObject\",\"inLanguage\":\"nb-NO\",\"@id\":\"https:\/\/nordnesrepublikken.no\/#\/schema\/logo\/image\/\",\"url\":\"https:\/\/nordnesrepublikken.no\/wp-content\/uploads\/2025\/02\/cropped-nordnesrepublikken-2.png\",\"contentUrl\":\"https:\/\/nordnesrepublikken.no\/wp-content\/uploads\/2025\/02\/cropped-nordnesrepublikken-2.png\",\"width\":1248,\"height\":362,\"caption\":\"Nordnesrepublikken\"},\"image\":{\"@id\":\"https:\/\/nordnesrepublikken.no\/#\/schema\/logo\/image\/\"}},{\"@type\":\"Person\",\"@id\":\"https:\/\/nordnesrepublikken.no\/#\/schema\/person\/2e7e81935bab77882fffb79296240ff1\",\"name\":\"Ole Andersen\",\"image\":{\"@type\":\"ImageObject\",\"inLanguage\":\"nb-NO\",\"@id\":\"https:\/\/nordnesrepublikken.no\/#\/schema\/person\/image\/\",\"url\":\"https:\/\/nordnesrepublikken.no\/wp-content\/uploads\/2025\/02\/nordnesrepublikken-2-2-150x150.jpg\",\"contentUrl\":\"https:\/\/nordnesrepublikken.no\/wp-content\/uploads\/2025\/02\/nordnesrepublikken-2-2-150x150.jpg\",\"caption\":\"Ole Andersen\"},\"description\":\"Ettersom jeg vokste opp i Oslo, har jeg alltid v\u00e6rt fascinert av ordenes kraft og deres evne til \u00e5 skape endringer. Etter \u00e5 ha fullf\u00f8rt min utdannelse i kommunikasjon ved Universitetet i Bergen, fikk jeg muligheten til \u00e5 jobbe innen ulike medier, der jeg har s\u00f8kt \u00e5 belyse viktige samfunnssp\u00f8rsm\u00e5l. I dag, som redakt\u00f8r for Nordnesrepublikken, pr\u00f8ver jeg \u00e5 forene min kj\u00e6rlighet for journalistikk med min lidenskap for innovasjon og eventyr.\",\"sameAs\":[\"https:\/\/nordnesrepublikken.no\/\"]}]}<\/script>\n<!-- \/ Yoast SEO plugin. -->","yoast_head_json":{"title":"fordi presidenten kan oppheve en dom - Nordnesrepublikken","robots":{"index":"index","follow":"follow","max-snippet":"max-snippet:-1","max-image-preview":"max-image-preview:large","max-video-preview":"max-video-preview:-1"},"canonical":"https:\/\/nordnesrepublikken.no\/index.php\/2026\/04\/29\/fordi-presidenten-kan-oppheve-en-dom\/","og_locale":"nb_NO","og_type":"article","og_title":"fordi presidenten kan oppheve en dom - Nordnesrepublikken","og_description":"Ofte vekker det \u00e5 gi ben\u00e5dning av republikkens president til domfelte politisk kontrovers fordi det","og_url":"https:\/\/nordnesrepublikken.no\/index.php\/2026\/04\/29\/fordi-presidenten-kan-oppheve-en-dom\/","og_site_name":"Nordnesrepublikken","article_published_time":"2026-04-29T08:07:50+00:00","article_modified_time":"2026-04-29T08:07:53+00:00","og_image":[{"width":1536,"height":1024,"url":"https:\/\/nordnesrepublikken.no\/wp-content\/uploads\/2026\/04\/1777450073_fordi-presidenten-kan-oppheve-en-dom.jpg","type":"image\/jpeg"}],"author":"Ole Andersen","twitter_card":"summary_large_image","twitter_misc":{"Skrevet av":"Ole Andersen","Ansl. lesetid":"5 minutter"},"schema":{"@context":"https:\/\/schema.org","@graph":[{"@type":"Article","@id":"https:\/\/nordnesrepublikken.no\/index.php\/2026\/04\/29\/fordi-presidenten-kan-oppheve-en-dom\/#article","isPartOf":{"@id":"https:\/\/nordnesrepublikken.no\/index.php\/2026\/04\/29\/fordi-presidenten-kan-oppheve-en-dom\/"},"author":{"name":"Ole Andersen","@id":"https:\/\/nordnesrepublikken.no\/#\/schema\/person\/2e7e81935bab77882fffb79296240ff1"},"headline":"fordi presidenten kan oppheve en dom","datePublished":"2026-04-29T08:07:50+00:00","dateModified":"2026-04-29T08:07:53+00:00","mainEntityOfPage":{"@id":"https:\/\/nordnesrepublikken.no\/index.php\/2026\/04\/29\/fordi-presidenten-kan-oppheve-en-dom\/"},"wordCount":1073,"publisher":{"@id":"https:\/\/nordnesrepublikken.no\/#organization"},"image":{"@id":"https:\/\/nordnesrepublikken.no\/index.php\/2026\/04\/29\/fordi-presidenten-kan-oppheve-en-dom\/#primaryimage"},"thumbnailUrl":"https:\/\/nordnesrepublikken.no\/wp-content\/uploads\/2026\/04\/1777450073_fordi-presidenten-kan-oppheve-en-dom.jpg","keywords":["dom","Fordi","kan","oppheve","presidenten"],"articleSection":["Samfunn"],"inLanguage":"nb-NO"},{"@type":"WebPage","@id":"https:\/\/nordnesrepublikken.no\/index.php\/2026\/04\/29\/fordi-presidenten-kan-oppheve-en-dom\/","url":"https:\/\/nordnesrepublikken.no\/index.php\/2026\/04\/29\/fordi-presidenten-kan-oppheve-en-dom\/","name":"fordi presidenten kan oppheve en dom - Nordnesrepublikken","isPartOf":{"@id":"https:\/\/nordnesrepublikken.no\/#website"},"primaryImageOfPage":{"@id":"https:\/\/nordnesrepublikken.no\/index.php\/2026\/04\/29\/fordi-presidenten-kan-oppheve-en-dom\/#primaryimage"},"image":{"@id":"https:\/\/nordnesrepublikken.no\/index.php\/2026\/04\/29\/fordi-presidenten-kan-oppheve-en-dom\/#primaryimage"},"thumbnailUrl":"https:\/\/nordnesrepublikken.no\/wp-content\/uploads\/2026\/04\/1777450073_fordi-presidenten-kan-oppheve-en-dom.jpg","datePublished":"2026-04-29T08:07:50+00:00","dateModified":"2026-04-29T08:07:53+00:00","breadcrumb":{"@id":"https:\/\/nordnesrepublikken.no\/index.php\/2026\/04\/29\/fordi-presidenten-kan-oppheve-en-dom\/#breadcrumb"},"inLanguage":"nb-NO","potentialAction":[{"@type":"ReadAction","target":["https:\/\/nordnesrepublikken.no\/index.php\/2026\/04\/29\/fordi-presidenten-kan-oppheve-en-dom\/"]}]},{"@type":"ImageObject","inLanguage":"nb-NO","@id":"https:\/\/nordnesrepublikken.no\/index.php\/2026\/04\/29\/fordi-presidenten-kan-oppheve-en-dom\/#primaryimage","url":"https:\/\/nordnesrepublikken.no\/wp-content\/uploads\/2026\/04\/1777450073_fordi-presidenten-kan-oppheve-en-dom.jpg","contentUrl":"https:\/\/nordnesrepublikken.no\/wp-content\/uploads\/2026\/04\/1777450073_fordi-presidenten-kan-oppheve-en-dom.jpg","width":1536,"height":1024,"caption":"fordi presidenten kan oppheve en dom"},{"@type":"BreadcrumbList","@id":"https:\/\/nordnesrepublikken.no\/index.php\/2026\/04\/29\/fordi-presidenten-kan-oppheve-en-dom\/#breadcrumb","itemListElement":[{"@type":"ListItem","position":1,"name":"Home","item":"https:\/\/nordnesrepublikken.no\/"},{"@type":"ListItem","position":2,"name":"fordi presidenten kan oppheve en dom"}]},{"@type":"WebSite","@id":"https:\/\/nordnesrepublikken.no\/#website","url":"https:\/\/nordnesrepublikken.no\/","name":"Nordnesrepublikken","description":"Stemmer og Visjoner fra Republikkens Hjerte","publisher":{"@id":"https:\/\/nordnesrepublikken.no\/#organization"},"potentialAction":[{"@type":"SearchAction","target":{"@type":"EntryPoint","urlTemplate":"https:\/\/nordnesrepublikken.no\/?s={search_term_string}"},"query-input":{"@type":"PropertyValueSpecification","valueRequired":true,"valueName":"search_term_string"}}],"inLanguage":"nb-NO"},{"@type":"Organization","@id":"https:\/\/nordnesrepublikken.no\/#organization","name":"Nordnesrepublikken","url":"https:\/\/nordnesrepublikken.no\/","logo":{"@type":"ImageObject","inLanguage":"nb-NO","@id":"https:\/\/nordnesrepublikken.no\/#\/schema\/logo\/image\/","url":"https:\/\/nordnesrepublikken.no\/wp-content\/uploads\/2025\/02\/cropped-nordnesrepublikken-2.png","contentUrl":"https:\/\/nordnesrepublikken.no\/wp-content\/uploads\/2025\/02\/cropped-nordnesrepublikken-2.png","width":1248,"height":362,"caption":"Nordnesrepublikken"},"image":{"@id":"https:\/\/nordnesrepublikken.no\/#\/schema\/logo\/image\/"}},{"@type":"Person","@id":"https:\/\/nordnesrepublikken.no\/#\/schema\/person\/2e7e81935bab77882fffb79296240ff1","name":"Ole Andersen","image":{"@type":"ImageObject","inLanguage":"nb-NO","@id":"https:\/\/nordnesrepublikken.no\/#\/schema\/person\/image\/","url":"https:\/\/nordnesrepublikken.no\/wp-content\/uploads\/2025\/02\/nordnesrepublikken-2-2-150x150.jpg","contentUrl":"https:\/\/nordnesrepublikken.no\/wp-content\/uploads\/2025\/02\/nordnesrepublikken-2-2-150x150.jpg","caption":"Ole Andersen"},"description":"Ettersom jeg vokste opp i Oslo, har jeg alltid v\u00e6rt fascinert av ordenes kraft og deres evne til \u00e5 skape endringer. Etter \u00e5 ha fullf\u00f8rt min utdannelse i kommunikasjon ved Universitetet i Bergen, fikk jeg muligheten til \u00e5 jobbe innen ulike medier, der jeg har s\u00f8kt \u00e5 belyse viktige samfunnssp\u00f8rsm\u00e5l. I dag, som redakt\u00f8r for Nordnesrepublikken, pr\u00f8ver jeg \u00e5 forene min kj\u00e6rlighet for journalistikk med min lidenskap for innovasjon og eventyr.","sameAs":["https:\/\/nordnesrepublikken.no\/"]}]}},"_links":{"self":[{"href":"https:\/\/nordnesrepublikken.no\/index.php\/wp-json\/wp\/v2\/posts\/17562","targetHints":{"allow":["GET"]}}],"collection":[{"href":"https:\/\/nordnesrepublikken.no\/index.php\/wp-json\/wp\/v2\/posts"}],"about":[{"href":"https:\/\/nordnesrepublikken.no\/index.php\/wp-json\/wp\/v2\/types\/post"}],"author":[{"embeddable":true,"href":"https:\/\/nordnesrepublikken.no\/index.php\/wp-json\/wp\/v2\/users\/1"}],"replies":[{"embeddable":true,"href":"https:\/\/nordnesrepublikken.no\/index.php\/wp-json\/wp\/v2\/comments?post=17562"}],"version-history":[{"count":1,"href":"https:\/\/nordnesrepublikken.no\/index.php\/wp-json\/wp\/v2\/posts\/17562\/revisions"}],"predecessor-version":[{"id":17564,"href":"https:\/\/nordnesrepublikken.no\/index.php\/wp-json\/wp\/v2\/posts\/17562\/revisions\/17564"}],"wp:featuredmedia":[{"embeddable":true,"href":"https:\/\/nordnesrepublikken.no\/index.php\/wp-json\/wp\/v2\/media\/17563"}],"wp:attachment":[{"href":"https:\/\/nordnesrepublikken.no\/index.php\/wp-json\/wp\/v2\/media?parent=17562"}],"wp:term":[{"taxonomy":"category","embeddable":true,"href":"https:\/\/nordnesrepublikken.no\/index.php\/wp-json\/wp\/v2\/categories?post=17562"},{"taxonomy":"post_tag","embeddable":true,"href":"https:\/\/nordnesrepublikken.no\/index.php\/wp-json\/wp\/v2\/tags?post=17562"}],"curies":[{"name":"wp","href":"https:\/\/api.w.org\/{rel}","templated":true}]}}