{"id":17544,"date":"2026-04-28T15:59:48","date_gmt":"2026-04-28T13:59:48","guid":{"rendered":"https:\/\/nordnesrepublikken.no\/index.php\/2026\/04\/28\/ingv-bulletinen-bekrefter-jordlofting-med-10-mm-maned\/"},"modified":"2026-04-28T15:59:51","modified_gmt":"2026-04-28T13:59:51","slug":"ingv-bulletinen-bekrefter-jordlofting-med-10-mm-maned","status":"publish","type":"post","link":"https:\/\/nordnesrepublikken.no\/index.php\/2026\/04\/28\/ingv-bulletinen-bekrefter-jordlofting-med-10-mm-maned\/","title":{"rendered":"INGV-bulletinen bekrefter jordl\u00f8fting med 10 mm\/m\u00e5ned"},"content":{"rendered":"<div>\n<div class=\"cp_wrapper cp_wrapper--fw mb-30 mb-20@tablet\">\n<figure class=\"mm\"><picture class=\"img\" style=\"padding-top:56.25%\"><source  media=\"(min-width: 1024px)\"><source  media=\"(min-width: 768px)\"><\/source><\/source><\/picture><\/figure>\n<\/p><\/div>\n<p>Aktiviteten ai <strong>Phlegraean Fields<\/strong> forblir beskjeden: den siste ukentlige bulletinen fra Vesuvian Observatory (INGV) viser <strong>21 jordskjelvsjokk<\/strong> med en maksimal styrke p\u00e5 1,9 i perioden mellom 20. og 26. april 2026, mot 14 i forrige uke. De andre parametrene som overv\u00e5kes indikerer heller ikke vesentlige endringer: <strong>bradyseisme<\/strong> holder seg p\u00e5 linje med de siste ukene med en markl\u00f8fthastighet p\u00e5 <strong>10 mm\/mnd<\/strong> og geokjemiske parametere, inkludert Solfatara-temperaturen (ca <strong>173\u00b0C<\/strong>), holdt seg vesentlig stabil sammenlignet med tidligere uker.<\/p>\n<h2>21 jordskjelv med maksimal styrke 1,9: jordskjelvdata<\/h2>\n<p>I uken fra 20. til 26. april 2026 registrerte seismografene fra det flegraiske omr\u00e5det <strong>21 seismiske hendelser<\/strong>med det mest intense sjokket (st\u00f8rrelse <strong>1.9<\/strong>) som fant sted 25. april. Jordskjelvene er bekreftet \u00e5 v\u00e6re sv\u00e6rt overfladiske, slik det vanligvis skjer i fasene av bradyseismisk l\u00f8ft: den maksimale dybden som ble oppdaget var <strong>2,89 km<\/strong>. Totalt sett fremst\u00e5r det seismiske bildet som inneholdt og i tr\u00e5d med det som ble observert i forrige uke.<\/p>\n<div class=\"cp_wrapper cp_wrapper--fw mb-50\">\n<figure class=\"mm\"><picture class=\"img\" style=\"padding-top:71.910112359551%\"><source  media=\"(min-width: 1024px)\"><source  media=\"(min-width: 768px)\"><img decoding=\"async\" loading=\"lazy\" src=\"https:\/\/nordnesrepublikken.no\/wp-content\/uploads\/2026\/04\/1777384787_529_INGV-bulletinen-bekrefter-jordlofting-med-10-mmmaned.jpg\" alt=\"Campi-flegrei-jordskjelv-sjokk\" width=\"1424\" height=\"1024\"\/><\/source><\/source><\/picture><\/figure>\n<\/p><\/div>\n<h2>Jordhevingen holder seg stabil p\u00e5 10 mm\/mnd<\/h2>\n<p>Den bradyseismiske bakkel\u00f8fthastigheten ved Campi Flegrei holder seg stabil p\u00e5 <strong>10 mm\/mnd <\/strong>fra februar 2026, en nedgang sammenlignet med verdiene registrert \u00e5ret f\u00f8r. Siden begynnelsen av 2025 har bakken i omr\u00e5det til Rione Terra GNSS-stasjonen samlet en total omveltning p\u00e5 omtrent 26,5 cm.<\/p>\n<div class=\"cp_wrapper cp_wrapper--fw mb-50\">\n<figure class=\"mm\"><picture class=\"img\" style=\"padding-top:46.829971181556%\"><source  media=\"(min-width: 1024px)\"><source  media=\"(min-width: 768px)\"><img decoding=\"async\" loading=\"lazy\" src=\"https:\/\/nordnesrepublikken.no\/wp-content\/uploads\/2026\/04\/1777384788_446_INGV-bulletinen-bekrefter-jordlofting-med-10-mmmaned.jpg\" alt=\"campo-flegrei-gnss\" width=\"1388\" height=\"650\" class=\"js-seedtag-img\"\/><\/source><\/source><\/picture><\/figure>\n<\/p><\/div>\n<p>DE <strong>geokjemiske parametere<\/strong> er i kontinuitet med det som ble observert de foreg\u00e5ende ukene, og bekrefter de allerede kjente \u00f8kningstrendene, b\u00e5de n\u00e5r det gjelder str\u00f8mmen av gass som slippes ut og temperaturen til fumarolene. I den vurderte perioden registrerte Pisciarelli fumarole en gjennomsnittstemperatur p\u00e5 ca <strong>95\u00b0C<\/strong>mens for hovedfumarolen (BG) som ligger i Solfatara-krateret en gjennomsnittsverdi p\u00e5 ca <strong>173\u00b0C<\/strong>.<\/p>\n<\/p><\/div>\n","protected":false},"excerpt":{"rendered":"<p>Aktiviteten ai Phlegraean Fields forblir beskjeden: den siste ukentlige bulletinen fra Vesuvian Observatory (INGV) viser<\/p>\n","protected":false},"author":1,"featured_media":17545,"comment_status":"closed","ping_status":"open","sticky":false,"template":"","format":"standard","meta":{"footnotes":""},"categories":[24],"tags":[1415,7138,9757,79,7479],"class_list":["post-17544","post","type-post","status-publish","format-standard","has-post-thumbnail","hentry","category-vitenskap","tag-bekrefter","tag-ingvbulletinen","tag-jordlofting","tag-med","tag-mmmaned","generate-columns","tablet-grid-50","mobile-grid-100","grid-parent","grid-33","resize-featured-image"],"yoast_head":"<!-- This site is optimized with the Yoast SEO plugin v24.4 - https:\/\/yoast.com\/wordpress\/plugins\/seo\/ -->\n<title>INGV-bulletinen bekrefter jordl\u00f8fting med 10 mm\/m\u00e5ned - Nordnesrepublikken<\/title>\n<meta name=\"robots\" content=\"index, follow, max-snippet:-1, max-image-preview:large, max-video-preview:-1\" \/>\n<link rel=\"canonical\" href=\"https:\/\/nordnesrepublikken.no\/index.php\/2026\/04\/28\/ingv-bulletinen-bekrefter-jordlofting-med-10-mm-maned\/\" \/>\n<meta property=\"og:locale\" content=\"nb_NO\" \/>\n<meta property=\"og:type\" content=\"article\" \/>\n<meta property=\"og:title\" content=\"INGV-bulletinen bekrefter jordl\u00f8fting med 10 mm\/m\u00e5ned - Nordnesrepublikken\" \/>\n<meta property=\"og:description\" content=\"Aktiviteten ai Phlegraean Fields forblir beskjeden: den siste ukentlige bulletinen fra Vesuvian Observatory (INGV) viser\" \/>\n<meta property=\"og:url\" content=\"https:\/\/nordnesrepublikken.no\/index.php\/2026\/04\/28\/ingv-bulletinen-bekrefter-jordlofting-med-10-mm-maned\/\" \/>\n<meta property=\"og:site_name\" content=\"Nordnesrepublikken\" \/>\n<meta property=\"article:published_time\" content=\"2026-04-28T13:59:48+00:00\" \/>\n<meta property=\"article:modified_time\" content=\"2026-04-28T13:59:51+00:00\" \/>\n<meta property=\"og:image\" content=\"https:\/\/nordnesrepublikken.no\/wp-content\/uploads\/2026\/04\/1777384790_INGV-bulletinen-bekrefter-jordlofting-med-10-mmmaned.jpg\" \/>\n\t<meta property=\"og:image:width\" content=\"1280\" \/>\n\t<meta property=\"og:image:height\" content=\"720\" \/>\n\t<meta property=\"og:image:type\" content=\"image\/jpeg\" \/>\n<meta name=\"author\" content=\"Ole Andersen\" \/>\n<meta name=\"twitter:card\" content=\"summary_large_image\" \/>\n<meta name=\"twitter:label1\" content=\"Skrevet av\" \/>\n\t<meta name=\"twitter:data1\" content=\"Ole Andersen\" \/>\n\t<meta name=\"twitter:label2\" content=\"Ansl. lesetid\" \/>\n\t<meta name=\"twitter:data2\" content=\"1 minutt\" \/>\n<script type=\"application\/ld+json\" class=\"yoast-schema-graph\">{\"@context\":\"https:\/\/schema.org\",\"@graph\":[{\"@type\":\"Article\",\"@id\":\"https:\/\/nordnesrepublikken.no\/index.php\/2026\/04\/28\/ingv-bulletinen-bekrefter-jordlofting-med-10-mm-maned\/#article\",\"isPartOf\":{\"@id\":\"https:\/\/nordnesrepublikken.no\/index.php\/2026\/04\/28\/ingv-bulletinen-bekrefter-jordlofting-med-10-mm-maned\/\"},\"author\":{\"name\":\"Ole Andersen\",\"@id\":\"https:\/\/nordnesrepublikken.no\/#\/schema\/person\/2e7e81935bab77882fffb79296240ff1\"},\"headline\":\"INGV-bulletinen bekrefter jordl\u00f8fting med 10 mm\/m\u00e5ned\",\"datePublished\":\"2026-04-28T13:59:48+00:00\",\"dateModified\":\"2026-04-28T13:59:51+00:00\",\"mainEntityOfPage\":{\"@id\":\"https:\/\/nordnesrepublikken.no\/index.php\/2026\/04\/28\/ingv-bulletinen-bekrefter-jordlofting-med-10-mm-maned\/\"},\"wordCount\":268,\"publisher\":{\"@id\":\"https:\/\/nordnesrepublikken.no\/#organization\"},\"image\":{\"@id\":\"https:\/\/nordnesrepublikken.no\/index.php\/2026\/04\/28\/ingv-bulletinen-bekrefter-jordlofting-med-10-mm-maned\/#primaryimage\"},\"thumbnailUrl\":\"https:\/\/nordnesrepublikken.no\/wp-content\/uploads\/2026\/04\/1777384790_INGV-bulletinen-bekrefter-jordlofting-med-10-mmmaned.jpg\",\"keywords\":[\"bekrefter\",\"INGVbulletinen\",\"jordl\u00f8fting\",\"med\",\"mmm\u00e5ned\"],\"articleSection\":[\"Vitenskap\"],\"inLanguage\":\"nb-NO\"},{\"@type\":\"WebPage\",\"@id\":\"https:\/\/nordnesrepublikken.no\/index.php\/2026\/04\/28\/ingv-bulletinen-bekrefter-jordlofting-med-10-mm-maned\/\",\"url\":\"https:\/\/nordnesrepublikken.no\/index.php\/2026\/04\/28\/ingv-bulletinen-bekrefter-jordlofting-med-10-mm-maned\/\",\"name\":\"INGV-bulletinen bekrefter jordl\u00f8fting med 10 mm\/m\u00e5ned - Nordnesrepublikken\",\"isPartOf\":{\"@id\":\"https:\/\/nordnesrepublikken.no\/#website\"},\"primaryImageOfPage\":{\"@id\":\"https:\/\/nordnesrepublikken.no\/index.php\/2026\/04\/28\/ingv-bulletinen-bekrefter-jordlofting-med-10-mm-maned\/#primaryimage\"},\"image\":{\"@id\":\"https:\/\/nordnesrepublikken.no\/index.php\/2026\/04\/28\/ingv-bulletinen-bekrefter-jordlofting-med-10-mm-maned\/#primaryimage\"},\"thumbnailUrl\":\"https:\/\/nordnesrepublikken.no\/wp-content\/uploads\/2026\/04\/1777384790_INGV-bulletinen-bekrefter-jordlofting-med-10-mmmaned.jpg\",\"datePublished\":\"2026-04-28T13:59:48+00:00\",\"dateModified\":\"2026-04-28T13:59:51+00:00\",\"breadcrumb\":{\"@id\":\"https:\/\/nordnesrepublikken.no\/index.php\/2026\/04\/28\/ingv-bulletinen-bekrefter-jordlofting-med-10-mm-maned\/#breadcrumb\"},\"inLanguage\":\"nb-NO\",\"potentialAction\":[{\"@type\":\"ReadAction\",\"target\":[\"https:\/\/nordnesrepublikken.no\/index.php\/2026\/04\/28\/ingv-bulletinen-bekrefter-jordlofting-med-10-mm-maned\/\"]}]},{\"@type\":\"ImageObject\",\"inLanguage\":\"nb-NO\",\"@id\":\"https:\/\/nordnesrepublikken.no\/index.php\/2026\/04\/28\/ingv-bulletinen-bekrefter-jordlofting-med-10-mm-maned\/#primaryimage\",\"url\":\"https:\/\/nordnesrepublikken.no\/wp-content\/uploads\/2026\/04\/1777384790_INGV-bulletinen-bekrefter-jordlofting-med-10-mmmaned.jpg\",\"contentUrl\":\"https:\/\/nordnesrepublikken.no\/wp-content\/uploads\/2026\/04\/1777384790_INGV-bulletinen-bekrefter-jordlofting-med-10-mmmaned.jpg\",\"width\":1280,\"height\":720,\"caption\":\"INGV-bulletinen bekrefter jordl\u00f8fting med 10 mm\/m\u00e5ned\"},{\"@type\":\"BreadcrumbList\",\"@id\":\"https:\/\/nordnesrepublikken.no\/index.php\/2026\/04\/28\/ingv-bulletinen-bekrefter-jordlofting-med-10-mm-maned\/#breadcrumb\",\"itemListElement\":[{\"@type\":\"ListItem\",\"position\":1,\"name\":\"Home\",\"item\":\"https:\/\/nordnesrepublikken.no\/\"},{\"@type\":\"ListItem\",\"position\":2,\"name\":\"INGV-bulletinen bekrefter jordl\u00f8fting med 10 mm\/m\u00e5ned\"}]},{\"@type\":\"WebSite\",\"@id\":\"https:\/\/nordnesrepublikken.no\/#website\",\"url\":\"https:\/\/nordnesrepublikken.no\/\",\"name\":\"Nordnesrepublikken\",\"description\":\"Stemmer og Visjoner fra Republikkens Hjerte\",\"publisher\":{\"@id\":\"https:\/\/nordnesrepublikken.no\/#organization\"},\"potentialAction\":[{\"@type\":\"SearchAction\",\"target\":{\"@type\":\"EntryPoint\",\"urlTemplate\":\"https:\/\/nordnesrepublikken.no\/?s={search_term_string}\"},\"query-input\":{\"@type\":\"PropertyValueSpecification\",\"valueRequired\":true,\"valueName\":\"search_term_string\"}}],\"inLanguage\":\"nb-NO\"},{\"@type\":\"Organization\",\"@id\":\"https:\/\/nordnesrepublikken.no\/#organization\",\"name\":\"Nordnesrepublikken\",\"url\":\"https:\/\/nordnesrepublikken.no\/\",\"logo\":{\"@type\":\"ImageObject\",\"inLanguage\":\"nb-NO\",\"@id\":\"https:\/\/nordnesrepublikken.no\/#\/schema\/logo\/image\/\",\"url\":\"https:\/\/nordnesrepublikken.no\/wp-content\/uploads\/2025\/02\/cropped-nordnesrepublikken-2.png\",\"contentUrl\":\"https:\/\/nordnesrepublikken.no\/wp-content\/uploads\/2025\/02\/cropped-nordnesrepublikken-2.png\",\"width\":1248,\"height\":362,\"caption\":\"Nordnesrepublikken\"},\"image\":{\"@id\":\"https:\/\/nordnesrepublikken.no\/#\/schema\/logo\/image\/\"}},{\"@type\":\"Person\",\"@id\":\"https:\/\/nordnesrepublikken.no\/#\/schema\/person\/2e7e81935bab77882fffb79296240ff1\",\"name\":\"Ole Andersen\",\"image\":{\"@type\":\"ImageObject\",\"inLanguage\":\"nb-NO\",\"@id\":\"https:\/\/nordnesrepublikken.no\/#\/schema\/person\/image\/\",\"url\":\"https:\/\/nordnesrepublikken.no\/wp-content\/uploads\/2025\/02\/nordnesrepublikken-2-2-150x150.jpg\",\"contentUrl\":\"https:\/\/nordnesrepublikken.no\/wp-content\/uploads\/2025\/02\/nordnesrepublikken-2-2-150x150.jpg\",\"caption\":\"Ole Andersen\"},\"description\":\"Ettersom jeg vokste opp i Oslo, har jeg alltid v\u00e6rt fascinert av ordenes kraft og deres evne til \u00e5 skape endringer. Etter \u00e5 ha fullf\u00f8rt min utdannelse i kommunikasjon ved Universitetet i Bergen, fikk jeg muligheten til \u00e5 jobbe innen ulike medier, der jeg har s\u00f8kt \u00e5 belyse viktige samfunnssp\u00f8rsm\u00e5l. I dag, som redakt\u00f8r for Nordnesrepublikken, pr\u00f8ver jeg \u00e5 forene min kj\u00e6rlighet for journalistikk med min lidenskap for innovasjon og eventyr.\",\"sameAs\":[\"https:\/\/nordnesrepublikken.no\/\"]}]}<\/script>\n<!-- \/ Yoast SEO plugin. -->","yoast_head_json":{"title":"INGV-bulletinen bekrefter jordl\u00f8fting med 10 mm\/m\u00e5ned - Nordnesrepublikken","robots":{"index":"index","follow":"follow","max-snippet":"max-snippet:-1","max-image-preview":"max-image-preview:large","max-video-preview":"max-video-preview:-1"},"canonical":"https:\/\/nordnesrepublikken.no\/index.php\/2026\/04\/28\/ingv-bulletinen-bekrefter-jordlofting-med-10-mm-maned\/","og_locale":"nb_NO","og_type":"article","og_title":"INGV-bulletinen bekrefter jordl\u00f8fting med 10 mm\/m\u00e5ned - Nordnesrepublikken","og_description":"Aktiviteten ai Phlegraean Fields forblir beskjeden: den siste ukentlige bulletinen fra Vesuvian Observatory (INGV) viser","og_url":"https:\/\/nordnesrepublikken.no\/index.php\/2026\/04\/28\/ingv-bulletinen-bekrefter-jordlofting-med-10-mm-maned\/","og_site_name":"Nordnesrepublikken","article_published_time":"2026-04-28T13:59:48+00:00","article_modified_time":"2026-04-28T13:59:51+00:00","og_image":[{"width":1280,"height":720,"url":"https:\/\/nordnesrepublikken.no\/wp-content\/uploads\/2026\/04\/1777384790_INGV-bulletinen-bekrefter-jordlofting-med-10-mmmaned.jpg","type":"image\/jpeg"}],"author":"Ole Andersen","twitter_card":"summary_large_image","twitter_misc":{"Skrevet av":"Ole Andersen","Ansl. lesetid":"1 minutt"},"schema":{"@context":"https:\/\/schema.org","@graph":[{"@type":"Article","@id":"https:\/\/nordnesrepublikken.no\/index.php\/2026\/04\/28\/ingv-bulletinen-bekrefter-jordlofting-med-10-mm-maned\/#article","isPartOf":{"@id":"https:\/\/nordnesrepublikken.no\/index.php\/2026\/04\/28\/ingv-bulletinen-bekrefter-jordlofting-med-10-mm-maned\/"},"author":{"name":"Ole Andersen","@id":"https:\/\/nordnesrepublikken.no\/#\/schema\/person\/2e7e81935bab77882fffb79296240ff1"},"headline":"INGV-bulletinen bekrefter jordl\u00f8fting med 10 mm\/m\u00e5ned","datePublished":"2026-04-28T13:59:48+00:00","dateModified":"2026-04-28T13:59:51+00:00","mainEntityOfPage":{"@id":"https:\/\/nordnesrepublikken.no\/index.php\/2026\/04\/28\/ingv-bulletinen-bekrefter-jordlofting-med-10-mm-maned\/"},"wordCount":268,"publisher":{"@id":"https:\/\/nordnesrepublikken.no\/#organization"},"image":{"@id":"https:\/\/nordnesrepublikken.no\/index.php\/2026\/04\/28\/ingv-bulletinen-bekrefter-jordlofting-med-10-mm-maned\/#primaryimage"},"thumbnailUrl":"https:\/\/nordnesrepublikken.no\/wp-content\/uploads\/2026\/04\/1777384790_INGV-bulletinen-bekrefter-jordlofting-med-10-mmmaned.jpg","keywords":["bekrefter","INGVbulletinen","jordl\u00f8fting","med","mmm\u00e5ned"],"articleSection":["Vitenskap"],"inLanguage":"nb-NO"},{"@type":"WebPage","@id":"https:\/\/nordnesrepublikken.no\/index.php\/2026\/04\/28\/ingv-bulletinen-bekrefter-jordlofting-med-10-mm-maned\/","url":"https:\/\/nordnesrepublikken.no\/index.php\/2026\/04\/28\/ingv-bulletinen-bekrefter-jordlofting-med-10-mm-maned\/","name":"INGV-bulletinen bekrefter jordl\u00f8fting med 10 mm\/m\u00e5ned - Nordnesrepublikken","isPartOf":{"@id":"https:\/\/nordnesrepublikken.no\/#website"},"primaryImageOfPage":{"@id":"https:\/\/nordnesrepublikken.no\/index.php\/2026\/04\/28\/ingv-bulletinen-bekrefter-jordlofting-med-10-mm-maned\/#primaryimage"},"image":{"@id":"https:\/\/nordnesrepublikken.no\/index.php\/2026\/04\/28\/ingv-bulletinen-bekrefter-jordlofting-med-10-mm-maned\/#primaryimage"},"thumbnailUrl":"https:\/\/nordnesrepublikken.no\/wp-content\/uploads\/2026\/04\/1777384790_INGV-bulletinen-bekrefter-jordlofting-med-10-mmmaned.jpg","datePublished":"2026-04-28T13:59:48+00:00","dateModified":"2026-04-28T13:59:51+00:00","breadcrumb":{"@id":"https:\/\/nordnesrepublikken.no\/index.php\/2026\/04\/28\/ingv-bulletinen-bekrefter-jordlofting-med-10-mm-maned\/#breadcrumb"},"inLanguage":"nb-NO","potentialAction":[{"@type":"ReadAction","target":["https:\/\/nordnesrepublikken.no\/index.php\/2026\/04\/28\/ingv-bulletinen-bekrefter-jordlofting-med-10-mm-maned\/"]}]},{"@type":"ImageObject","inLanguage":"nb-NO","@id":"https:\/\/nordnesrepublikken.no\/index.php\/2026\/04\/28\/ingv-bulletinen-bekrefter-jordlofting-med-10-mm-maned\/#primaryimage","url":"https:\/\/nordnesrepublikken.no\/wp-content\/uploads\/2026\/04\/1777384790_INGV-bulletinen-bekrefter-jordlofting-med-10-mmmaned.jpg","contentUrl":"https:\/\/nordnesrepublikken.no\/wp-content\/uploads\/2026\/04\/1777384790_INGV-bulletinen-bekrefter-jordlofting-med-10-mmmaned.jpg","width":1280,"height":720,"caption":"INGV-bulletinen bekrefter jordl\u00f8fting med 10 mm\/m\u00e5ned"},{"@type":"BreadcrumbList","@id":"https:\/\/nordnesrepublikken.no\/index.php\/2026\/04\/28\/ingv-bulletinen-bekrefter-jordlofting-med-10-mm-maned\/#breadcrumb","itemListElement":[{"@type":"ListItem","position":1,"name":"Home","item":"https:\/\/nordnesrepublikken.no\/"},{"@type":"ListItem","position":2,"name":"INGV-bulletinen bekrefter jordl\u00f8fting med 10 mm\/m\u00e5ned"}]},{"@type":"WebSite","@id":"https:\/\/nordnesrepublikken.no\/#website","url":"https:\/\/nordnesrepublikken.no\/","name":"Nordnesrepublikken","description":"Stemmer og Visjoner fra Republikkens Hjerte","publisher":{"@id":"https:\/\/nordnesrepublikken.no\/#organization"},"potentialAction":[{"@type":"SearchAction","target":{"@type":"EntryPoint","urlTemplate":"https:\/\/nordnesrepublikken.no\/?s={search_term_string}"},"query-input":{"@type":"PropertyValueSpecification","valueRequired":true,"valueName":"search_term_string"}}],"inLanguage":"nb-NO"},{"@type":"Organization","@id":"https:\/\/nordnesrepublikken.no\/#organization","name":"Nordnesrepublikken","url":"https:\/\/nordnesrepublikken.no\/","logo":{"@type":"ImageObject","inLanguage":"nb-NO","@id":"https:\/\/nordnesrepublikken.no\/#\/schema\/logo\/image\/","url":"https:\/\/nordnesrepublikken.no\/wp-content\/uploads\/2025\/02\/cropped-nordnesrepublikken-2.png","contentUrl":"https:\/\/nordnesrepublikken.no\/wp-content\/uploads\/2025\/02\/cropped-nordnesrepublikken-2.png","width":1248,"height":362,"caption":"Nordnesrepublikken"},"image":{"@id":"https:\/\/nordnesrepublikken.no\/#\/schema\/logo\/image\/"}},{"@type":"Person","@id":"https:\/\/nordnesrepublikken.no\/#\/schema\/person\/2e7e81935bab77882fffb79296240ff1","name":"Ole Andersen","image":{"@type":"ImageObject","inLanguage":"nb-NO","@id":"https:\/\/nordnesrepublikken.no\/#\/schema\/person\/image\/","url":"https:\/\/nordnesrepublikken.no\/wp-content\/uploads\/2025\/02\/nordnesrepublikken-2-2-150x150.jpg","contentUrl":"https:\/\/nordnesrepublikken.no\/wp-content\/uploads\/2025\/02\/nordnesrepublikken-2-2-150x150.jpg","caption":"Ole Andersen"},"description":"Ettersom jeg vokste opp i Oslo, har jeg alltid v\u00e6rt fascinert av ordenes kraft og deres evne til \u00e5 skape endringer. Etter \u00e5 ha fullf\u00f8rt min utdannelse i kommunikasjon ved Universitetet i Bergen, fikk jeg muligheten til \u00e5 jobbe innen ulike medier, der jeg har s\u00f8kt \u00e5 belyse viktige samfunnssp\u00f8rsm\u00e5l. I dag, som redakt\u00f8r for Nordnesrepublikken, pr\u00f8ver jeg \u00e5 forene min kj\u00e6rlighet for journalistikk med min lidenskap for innovasjon og eventyr.","sameAs":["https:\/\/nordnesrepublikken.no\/"]}]}},"_links":{"self":[{"href":"https:\/\/nordnesrepublikken.no\/index.php\/wp-json\/wp\/v2\/posts\/17544","targetHints":{"allow":["GET"]}}],"collection":[{"href":"https:\/\/nordnesrepublikken.no\/index.php\/wp-json\/wp\/v2\/posts"}],"about":[{"href":"https:\/\/nordnesrepublikken.no\/index.php\/wp-json\/wp\/v2\/types\/post"}],"author":[{"embeddable":true,"href":"https:\/\/nordnesrepublikken.no\/index.php\/wp-json\/wp\/v2\/users\/1"}],"replies":[{"embeddable":true,"href":"https:\/\/nordnesrepublikken.no\/index.php\/wp-json\/wp\/v2\/comments?post=17544"}],"version-history":[{"count":1,"href":"https:\/\/nordnesrepublikken.no\/index.php\/wp-json\/wp\/v2\/posts\/17544\/revisions"}],"predecessor-version":[{"id":17546,"href":"https:\/\/nordnesrepublikken.no\/index.php\/wp-json\/wp\/v2\/posts\/17544\/revisions\/17546"}],"wp:featuredmedia":[{"embeddable":true,"href":"https:\/\/nordnesrepublikken.no\/index.php\/wp-json\/wp\/v2\/media\/17545"}],"wp:attachment":[{"href":"https:\/\/nordnesrepublikken.no\/index.php\/wp-json\/wp\/v2\/media?parent=17544"}],"wp:term":[{"taxonomy":"category","embeddable":true,"href":"https:\/\/nordnesrepublikken.no\/index.php\/wp-json\/wp\/v2\/categories?post=17544"},{"taxonomy":"post_tag","embeddable":true,"href":"https:\/\/nordnesrepublikken.no\/index.php\/wp-json\/wp\/v2\/tags?post=17544"}],"curies":[{"name":"wp","href":"https:\/\/api.w.org\/{rel}","templated":true}]}}