{"id":17535,"date":"2026-04-28T14:45:44","date_gmt":"2026-04-28T12:45:44","guid":{"rendered":"https:\/\/nordnesrepublikken.no\/index.php\/2026\/04\/28\/spanias-flyplasssjokk-da-flyselskapene-kuttet-flyvningene-for-sommerrushet\/"},"modified":"2026-04-28T14:45:46","modified_gmt":"2026-04-28T12:45:46","slug":"spanias-flyplasssjokk-da-flyselskapene-kuttet-flyvningene-for-sommerrushet","status":"publish","type":"post","link":"https:\/\/nordnesrepublikken.no\/index.php\/2026\/04\/28\/spanias-flyplasssjokk-da-flyselskapene-kuttet-flyvningene-for-sommerrushet\/","title":{"rendered":"Spanias flyplasssjokk da flyselskapene kuttet flyvningene f\u00f8r sommerrushet"},"content":{"rendered":"<p><\/p>\n<div class=\"wordpress-content\">\n                    <!-- Article Start --><\/p>\n<p>Reisende som drar til Spania denne sommeren kan se f\u00e6rre flyreiser til mindre flyplasser ettersom flyselskapene vurderer ruter med lavere fortjeneste p\u00e5 grunn av \u00f8kende drivstoffkostnader. Mens den totale setekapasiteten for sesongen fortsatt er oppe, trimmer eller fryser flere flyselskap tjenester der marginene er knappe, noe som betyr at regionale flyplasser kan f\u00f8le presset f\u00f8rst.<\/p>\n<p>For passasjerene kan det bety f\u00e6rre direktealternativer, h\u00f8yere priser og flere reiser rutet gjennom st\u00f8rre knutepunkter som Madrid og Barcelona.<\/p>\n<p>De travleste ferieflyplassene forventes \u00e5 forbli sterke, men noen sekund\u00e6re destinasjoner kan miste forbindelser ettersom flyselskapene beskytter rutene som tjener dem mest penger.<\/p>\n<div class=\"sra_unit\"><link rel=\"stylesheet\" id=\"block-sra\" href=\"https:\/\/euroweeklynews.com\/wp-content\/plugins\/snack-related-articles\/dist\/css\/snack-related.min.css?250312-193541\" type=\"text\/css\" media=\"all\">\n<\/div>\n<h2>Hvorfor flyselskapene endrer sommerrutene<\/h2>\n<p>Drivstoff er en av de st\u00f8rste kostnadene for ethvert flyselskap. N\u00e5r prisene stiger kraftig, ser transport\u00f8rene ofte f\u00f8rst p\u00e5 ruter der inntjeningen er svakere. Det betyr vanligvis mindre flyplasser, sesongforbindelser eller tjenester med stor konkurranse.<\/p>\n<p>Bransjekilder i Spania sier at flyselskapene er fokusert p\u00e5 effektivitet mens usikkerheten rundt flydrivstoffprisene fortsetter.<\/p>\n<p>Det betyr ikke n\u00f8dvendigvis massekanselleringer p\u00e5 flyreiser som allerede er i salg. Oftere er det f\u00f8rste grepet \u00e5 redusere fremtidig kapasitet, trege utvidelsesplaner eller skifte fly til sterkere ruter.<\/p>\n<p>For passasjerene kan resultatet fortsatt merkes. Mindre utvalg betyr ofte h\u00f8yere priser.<\/p>\n<h2>Ryanair kutter seter p\u00e5 flere spanske flyplasser<\/h2>\n<p>Det tydeligste eksemplet s\u00e5 langt har kommet fra Ryanair, Spanias st\u00f8rste operat\u00f8r m\u00e5lt i antall passasjerer. Flyselskapet har annonsert ytterligere 1,2 millioner setereduksjon p\u00e5 regionale flyplasser, noe som legger til tidligere kutt gjort det siste og et halvt \u00e5ret.<\/p>\n<p>Det har allerede avsluttet driften p\u00e5 noen steder og redusert tjenestene p\u00e5 andre.<\/p>\n<p>Rapporter indikerer at Asturias, Valladolid, Jerez, Tenerife Norte og Vigo har v\u00e6rt blant de ber\u00f8rte flyplassene, mens ruter som involverer Santiago, Zaragoza og Santander ogs\u00e5 har hatt reduksjoner.<\/p>\n<p>Ryanair har offentlig knyttet avgj\u00f8relsene til flyplassavgifter, men de har ogs\u00e5 erkjent det st\u00f8rre presset som drivstoffkostnadene setter p\u00e5 priser og ettersp\u00f8rsel.<\/p>\n<p>Enkelt sagt, n\u00e5r driftskostnadene stiger, blir svakere ruter vanskeligere \u00e5 rettferdiggj\u00f8re.<\/p>\n<h2>Ogs\u00e5 andre flyselskaper er forsiktige<\/h2>\n<p>Dette handler ikke bare om ett flyselskap. Over hele Europa f\u00f8lger transport\u00f8rer kostnadene n\u00f8ye og justerer der det er n\u00f8dvendig.<\/p>\n<p>Spanske rapporter sier at Vueling har stoppet veksten p\u00e5 noen forbindelser i stedet for \u00e5 \u00f8ke frekvensene som opprinnelig planlagt. Et eksempel som ble nevnt var ruten mellom Barcelona og Istanbul, der utvidelsesplaner skal ha blitt satt p\u00e5 vent forel\u00f8pig.<\/p>\n<p>Andre steder i Europa har Lufthansa allerede kunngjort betydelige rutekutt, og sagt at fly og drivstoff vil bli bedre brukt p\u00e5 ruter med sterkere avkastning.<\/p>\n<p>I mellomtiden har Iberia og Air Europa indikert at de for \u00f8yeblikket opprettholder planlagte operasjoner. Det kan berolige reisende, men den bredere bransjestemningen er fortsatt forsiktig.<\/p>\n<h2>Hvorfor Madrid, Barcelona og Alicante ser tryggere ut<\/h2>\n<p>N\u00e5r presset \u00f8ker, beskytter flyselskapene vanligvis flyplasser som genererer st\u00f8rst ettersp\u00f8rsel.<\/p>\n<p>Det er derfor store knutepunkter som Madrid Barajas og Barcelona El Prat forventes \u00e5 fortsette \u00e5 vokse denne sommeren.<\/p>\n<p>I f\u00f8lge sektorestimater \u00f8ker setetilbudet i Madrid og Barcelona, \u200b\u200bmens Alicante Elche Miguel Hern\u00e1ndez lufthavn ogs\u00e5 forventes \u00e5 se en sunn \u00f8kning.<\/p>\n<p>For Costa Blanca-reisende er det et viktig poeng. Alicante er fortsatt en av Spanias sterkeste fritidsporter, med jevn ettersp\u00f8rsel fra britiske, nederlandske, belgiske og skandinaviske markeder.<\/p>\n<p>Travle ferieflyplasser med dokumentert trafikk har generelt en bedre posisjon enn mindre regionale baser.<\/p>\n<h2>Hva dette betyr for passasjerene<\/h2>\n<p>Skal du fly til Spania i sommer, spesielt til en mindre flyplass, er det verdt \u00e5 holde \u00f8ye med bestillingen.<\/p>\n<p>Selv der flyvninger ikke er kansellert, kan ruteendringer skje. Avgangstider kan endres. Fly kan endres. Direkteruter kan bli sjeldnere i fremtidige bestillingsvinduer.<\/p>\n<p>For alle som ikke har bestilt enn\u00e5, kan fleksibilitet hjelpe. Noen ganger kan det v\u00e6re billigere og enklere \u00e5 fly til en st\u00f8rre flyplass og ta tog eller leiebil videre enn \u00e5 vente p\u00e5 en begrenset regional tjeneste. Det er kanskje ikke ideelt, men det kan \u00e5pne flere alternativer.<\/p>\n<h2>Kan billettprisene stige ytterligere<\/h2>\n<p>Ganske mulig. Flyselskapssjefer over hele Europa har advart om at h\u00f8yere drivstoffkostnader er vanskelig \u00e5 absorbere for alltid. Noe av denne utgiften overf\u00f8res ofte til passasjerer gjennom priser, bagasjekostnader eller f\u00e6rre kampanjetilbud.<\/p>\n<p>Det betyr ikke at hver billett plutselig blir dyr. Lave priser vil fortsatt vises, spesielt hvis ettersp\u00f8rselen avtar p\u00e5 bestemte datoer.<\/p>\n<p>Men sommerkupp i siste liten kan v\u00e6re vanskeligere \u00e5 finne enn i roligere \u00e5r.<\/p>\n<h2>B\u00f8r feriegjester v\u00e6re bekymret<\/h2>\n<p>Bekymret, kanskje. Fikk panikk, nei. Millioner av mennesker vil fortsatt reise til Spania denne sommeren, og de aller fleste flyreiser vil fungere normalt.<\/p>\n<p>Det som endrer seg er marginen for svakere ruter. Flyselskaper er mer selektive med hensyn til hvor de plasserer fly og hvor de ser verdi. Det betyr at de sterkeste destinasjonene sannsynligvis vil holde seg godt tilkoblet, mens mindre flyplasser kan trenge \u00e5 kjempe hardere for tjenester.<\/p>\n<p>For reisende er det smarte trekket enkelt. Bestill tidlig hvis du kjenner planene dine. Sjekk flyet ditt regelmessig. Og hvis du er avhengig av en liten regional flyplass, b\u00f8r du ha et reservealternativ i tankene. For i sommer vil ikke alle ruter bli behandlet likt.<\/p>\n<p>                    <!-- Originally published at https:\/\/euroweeklynews.com\/2026\/04\/28\/spain-airport-shock-as-airlines-cut-flights-before-summer-rush\/ on 28 Apr 2026 at 14:39 by Farah Mokrani --><br \/>\n                    <!-- Article End -->\n                <\/div>\n","protected":false},"excerpt":{"rendered":"<p>Reisende som drar til Spania denne sommeren kan se f\u00e6rre flyreiser til mindre flyplasser ettersom<\/p>\n","protected":false},"author":1,"featured_media":17536,"comment_status":"closed","ping_status":"open","sticky":false,"template":"","format":"standard","meta":{"footnotes":""},"categories":[105],"tags":[11319,7988,10275,1232,320,11282,1892],"class_list":["post-17535","post","type-post","status-publish","format-standard","has-post-thumbnail","hentry","category-livsstil","tag-flyplasssjokk","tag-flyselskapene","tag-flyvningene","tag-for","tag-kuttet","tag-sommerrushet","tag-spanias","generate-columns","tablet-grid-50","mobile-grid-100","grid-parent","grid-33","resize-featured-image"],"yoast_head":"<!-- This site is optimized with the Yoast SEO plugin v24.4 - https:\/\/yoast.com\/wordpress\/plugins\/seo\/ -->\n<title>Spanias flyplasssjokk da flyselskapene kuttet flyvningene f\u00f8r sommerrushet - Nordnesrepublikken<\/title>\n<meta name=\"robots\" content=\"index, follow, max-snippet:-1, max-image-preview:large, max-video-preview:-1\" \/>\n<link rel=\"canonical\" href=\"https:\/\/nordnesrepublikken.no\/index.php\/2026\/04\/28\/spanias-flyplasssjokk-da-flyselskapene-kuttet-flyvningene-for-sommerrushet\/\" \/>\n<meta property=\"og:locale\" content=\"nb_NO\" \/>\n<meta property=\"og:type\" content=\"article\" \/>\n<meta property=\"og:title\" content=\"Spanias flyplasssjokk da flyselskapene kuttet flyvningene f\u00f8r sommerrushet - Nordnesrepublikken\" \/>\n<meta property=\"og:description\" content=\"Reisende som drar til Spania denne sommeren kan se f\u00e6rre flyreiser til mindre flyplasser ettersom\" \/>\n<meta property=\"og:url\" content=\"https:\/\/nordnesrepublikken.no\/index.php\/2026\/04\/28\/spanias-flyplasssjokk-da-flyselskapene-kuttet-flyvningene-for-sommerrushet\/\" \/>\n<meta property=\"og:site_name\" content=\"Nordnesrepublikken\" \/>\n<meta property=\"article:published_time\" content=\"2026-04-28T12:45:44+00:00\" \/>\n<meta property=\"article:modified_time\" content=\"2026-04-28T12:45:46+00:00\" \/>\n<meta property=\"og:image\" content=\"https:\/\/nordnesrepublikken.no\/wp-content\/uploads\/2026\/04\/1777380345_Spanias-flyplasssjokk-da-flyselskapene-kuttet-flyvningene-for-sommerrushet.jpg\" \/>\n\t<meta property=\"og:image:width\" content=\"1200\" \/>\n\t<meta property=\"og:image:height\" content=\"800\" \/>\n\t<meta property=\"og:image:type\" content=\"image\/jpeg\" \/>\n<meta name=\"author\" content=\"Ole Andersen\" \/>\n<meta name=\"twitter:card\" content=\"summary_large_image\" \/>\n<meta name=\"twitter:label1\" content=\"Skrevet av\" \/>\n\t<meta name=\"twitter:data1\" content=\"Ole Andersen\" \/>\n\t<meta name=\"twitter:label2\" content=\"Ansl. lesetid\" \/>\n\t<meta name=\"twitter:data2\" content=\"4 minutter\" \/>\n<script type=\"application\/ld+json\" class=\"yoast-schema-graph\">{\"@context\":\"https:\/\/schema.org\",\"@graph\":[{\"@type\":\"Article\",\"@id\":\"https:\/\/nordnesrepublikken.no\/index.php\/2026\/04\/28\/spanias-flyplasssjokk-da-flyselskapene-kuttet-flyvningene-for-sommerrushet\/#article\",\"isPartOf\":{\"@id\":\"https:\/\/nordnesrepublikken.no\/index.php\/2026\/04\/28\/spanias-flyplasssjokk-da-flyselskapene-kuttet-flyvningene-for-sommerrushet\/\"},\"author\":{\"name\":\"Ole Andersen\",\"@id\":\"https:\/\/nordnesrepublikken.no\/#\/schema\/person\/2e7e81935bab77882fffb79296240ff1\"},\"headline\":\"Spanias flyplasssjokk da flyselskapene kuttet flyvningene f\u00f8r sommerrushet\",\"datePublished\":\"2026-04-28T12:45:44+00:00\",\"dateModified\":\"2026-04-28T12:45:46+00:00\",\"mainEntityOfPage\":{\"@id\":\"https:\/\/nordnesrepublikken.no\/index.php\/2026\/04\/28\/spanias-flyplasssjokk-da-flyselskapene-kuttet-flyvningene-for-sommerrushet\/\"},\"wordCount\":855,\"publisher\":{\"@id\":\"https:\/\/nordnesrepublikken.no\/#organization\"},\"image\":{\"@id\":\"https:\/\/nordnesrepublikken.no\/index.php\/2026\/04\/28\/spanias-flyplasssjokk-da-flyselskapene-kuttet-flyvningene-for-sommerrushet\/#primaryimage\"},\"thumbnailUrl\":\"https:\/\/nordnesrepublikken.no\/wp-content\/uploads\/2026\/04\/1777380345_Spanias-flyplasssjokk-da-flyselskapene-kuttet-flyvningene-for-sommerrushet.jpg\",\"keywords\":[\"flyplasssjokk\",\"flyselskapene\",\"flyvningene\",\"f\u00f8r\",\"kuttet\",\"sommerrushet\",\"Spanias\"],\"articleSection\":[\"Livsstil\"],\"inLanguage\":\"nb-NO\"},{\"@type\":\"WebPage\",\"@id\":\"https:\/\/nordnesrepublikken.no\/index.php\/2026\/04\/28\/spanias-flyplasssjokk-da-flyselskapene-kuttet-flyvningene-for-sommerrushet\/\",\"url\":\"https:\/\/nordnesrepublikken.no\/index.php\/2026\/04\/28\/spanias-flyplasssjokk-da-flyselskapene-kuttet-flyvningene-for-sommerrushet\/\",\"name\":\"Spanias flyplasssjokk da flyselskapene kuttet flyvningene f\u00f8r sommerrushet - Nordnesrepublikken\",\"isPartOf\":{\"@id\":\"https:\/\/nordnesrepublikken.no\/#website\"},\"primaryImageOfPage\":{\"@id\":\"https:\/\/nordnesrepublikken.no\/index.php\/2026\/04\/28\/spanias-flyplasssjokk-da-flyselskapene-kuttet-flyvningene-for-sommerrushet\/#primaryimage\"},\"image\":{\"@id\":\"https:\/\/nordnesrepublikken.no\/index.php\/2026\/04\/28\/spanias-flyplasssjokk-da-flyselskapene-kuttet-flyvningene-for-sommerrushet\/#primaryimage\"},\"thumbnailUrl\":\"https:\/\/nordnesrepublikken.no\/wp-content\/uploads\/2026\/04\/1777380345_Spanias-flyplasssjokk-da-flyselskapene-kuttet-flyvningene-for-sommerrushet.jpg\",\"datePublished\":\"2026-04-28T12:45:44+00:00\",\"dateModified\":\"2026-04-28T12:45:46+00:00\",\"breadcrumb\":{\"@id\":\"https:\/\/nordnesrepublikken.no\/index.php\/2026\/04\/28\/spanias-flyplasssjokk-da-flyselskapene-kuttet-flyvningene-for-sommerrushet\/#breadcrumb\"},\"inLanguage\":\"nb-NO\",\"potentialAction\":[{\"@type\":\"ReadAction\",\"target\":[\"https:\/\/nordnesrepublikken.no\/index.php\/2026\/04\/28\/spanias-flyplasssjokk-da-flyselskapene-kuttet-flyvningene-for-sommerrushet\/\"]}]},{\"@type\":\"ImageObject\",\"inLanguage\":\"nb-NO\",\"@id\":\"https:\/\/nordnesrepublikken.no\/index.php\/2026\/04\/28\/spanias-flyplasssjokk-da-flyselskapene-kuttet-flyvningene-for-sommerrushet\/#primaryimage\",\"url\":\"https:\/\/nordnesrepublikken.no\/wp-content\/uploads\/2026\/04\/1777380345_Spanias-flyplasssjokk-da-flyselskapene-kuttet-flyvningene-for-sommerrushet.jpg\",\"contentUrl\":\"https:\/\/nordnesrepublikken.no\/wp-content\/uploads\/2026\/04\/1777380345_Spanias-flyplasssjokk-da-flyselskapene-kuttet-flyvningene-for-sommerrushet.jpg\",\"width\":1200,\"height\":800,\"caption\":\"Spanias flyplasssjokk da flyselskapene kuttet flyvningene f\u00f8r sommerrushet\"},{\"@type\":\"BreadcrumbList\",\"@id\":\"https:\/\/nordnesrepublikken.no\/index.php\/2026\/04\/28\/spanias-flyplasssjokk-da-flyselskapene-kuttet-flyvningene-for-sommerrushet\/#breadcrumb\",\"itemListElement\":[{\"@type\":\"ListItem\",\"position\":1,\"name\":\"Home\",\"item\":\"https:\/\/nordnesrepublikken.no\/\"},{\"@type\":\"ListItem\",\"position\":2,\"name\":\"Spanias flyplasssjokk da flyselskapene kuttet flyvningene f\u00f8r sommerrushet\"}]},{\"@type\":\"WebSite\",\"@id\":\"https:\/\/nordnesrepublikken.no\/#website\",\"url\":\"https:\/\/nordnesrepublikken.no\/\",\"name\":\"Nordnesrepublikken\",\"description\":\"Stemmer og Visjoner fra Republikkens Hjerte\",\"publisher\":{\"@id\":\"https:\/\/nordnesrepublikken.no\/#organization\"},\"potentialAction\":[{\"@type\":\"SearchAction\",\"target\":{\"@type\":\"EntryPoint\",\"urlTemplate\":\"https:\/\/nordnesrepublikken.no\/?s={search_term_string}\"},\"query-input\":{\"@type\":\"PropertyValueSpecification\",\"valueRequired\":true,\"valueName\":\"search_term_string\"}}],\"inLanguage\":\"nb-NO\"},{\"@type\":\"Organization\",\"@id\":\"https:\/\/nordnesrepublikken.no\/#organization\",\"name\":\"Nordnesrepublikken\",\"url\":\"https:\/\/nordnesrepublikken.no\/\",\"logo\":{\"@type\":\"ImageObject\",\"inLanguage\":\"nb-NO\",\"@id\":\"https:\/\/nordnesrepublikken.no\/#\/schema\/logo\/image\/\",\"url\":\"https:\/\/nordnesrepublikken.no\/wp-content\/uploads\/2025\/02\/cropped-nordnesrepublikken-2.png\",\"contentUrl\":\"https:\/\/nordnesrepublikken.no\/wp-content\/uploads\/2025\/02\/cropped-nordnesrepublikken-2.png\",\"width\":1248,\"height\":362,\"caption\":\"Nordnesrepublikken\"},\"image\":{\"@id\":\"https:\/\/nordnesrepublikken.no\/#\/schema\/logo\/image\/\"}},{\"@type\":\"Person\",\"@id\":\"https:\/\/nordnesrepublikken.no\/#\/schema\/person\/2e7e81935bab77882fffb79296240ff1\",\"name\":\"Ole Andersen\",\"image\":{\"@type\":\"ImageObject\",\"inLanguage\":\"nb-NO\",\"@id\":\"https:\/\/nordnesrepublikken.no\/#\/schema\/person\/image\/\",\"url\":\"https:\/\/nordnesrepublikken.no\/wp-content\/uploads\/2025\/02\/nordnesrepublikken-2-2-150x150.jpg\",\"contentUrl\":\"https:\/\/nordnesrepublikken.no\/wp-content\/uploads\/2025\/02\/nordnesrepublikken-2-2-150x150.jpg\",\"caption\":\"Ole Andersen\"},\"description\":\"Ettersom jeg vokste opp i Oslo, har jeg alltid v\u00e6rt fascinert av ordenes kraft og deres evne til \u00e5 skape endringer. Etter \u00e5 ha fullf\u00f8rt min utdannelse i kommunikasjon ved Universitetet i Bergen, fikk jeg muligheten til \u00e5 jobbe innen ulike medier, der jeg har s\u00f8kt \u00e5 belyse viktige samfunnssp\u00f8rsm\u00e5l. I dag, som redakt\u00f8r for Nordnesrepublikken, pr\u00f8ver jeg \u00e5 forene min kj\u00e6rlighet for journalistikk med min lidenskap for innovasjon og eventyr.\",\"sameAs\":[\"https:\/\/nordnesrepublikken.no\/\"]}]}<\/script>\n<!-- \/ Yoast SEO plugin. -->","yoast_head_json":{"title":"Spanias flyplasssjokk da flyselskapene kuttet flyvningene f\u00f8r sommerrushet - Nordnesrepublikken","robots":{"index":"index","follow":"follow","max-snippet":"max-snippet:-1","max-image-preview":"max-image-preview:large","max-video-preview":"max-video-preview:-1"},"canonical":"https:\/\/nordnesrepublikken.no\/index.php\/2026\/04\/28\/spanias-flyplasssjokk-da-flyselskapene-kuttet-flyvningene-for-sommerrushet\/","og_locale":"nb_NO","og_type":"article","og_title":"Spanias flyplasssjokk da flyselskapene kuttet flyvningene f\u00f8r sommerrushet - Nordnesrepublikken","og_description":"Reisende som drar til Spania denne sommeren kan se f\u00e6rre flyreiser til mindre flyplasser ettersom","og_url":"https:\/\/nordnesrepublikken.no\/index.php\/2026\/04\/28\/spanias-flyplasssjokk-da-flyselskapene-kuttet-flyvningene-for-sommerrushet\/","og_site_name":"Nordnesrepublikken","article_published_time":"2026-04-28T12:45:44+00:00","article_modified_time":"2026-04-28T12:45:46+00:00","og_image":[{"width":1200,"height":800,"url":"https:\/\/nordnesrepublikken.no\/wp-content\/uploads\/2026\/04\/1777380345_Spanias-flyplasssjokk-da-flyselskapene-kuttet-flyvningene-for-sommerrushet.jpg","type":"image\/jpeg"}],"author":"Ole Andersen","twitter_card":"summary_large_image","twitter_misc":{"Skrevet av":"Ole Andersen","Ansl. lesetid":"4 minutter"},"schema":{"@context":"https:\/\/schema.org","@graph":[{"@type":"Article","@id":"https:\/\/nordnesrepublikken.no\/index.php\/2026\/04\/28\/spanias-flyplasssjokk-da-flyselskapene-kuttet-flyvningene-for-sommerrushet\/#article","isPartOf":{"@id":"https:\/\/nordnesrepublikken.no\/index.php\/2026\/04\/28\/spanias-flyplasssjokk-da-flyselskapene-kuttet-flyvningene-for-sommerrushet\/"},"author":{"name":"Ole Andersen","@id":"https:\/\/nordnesrepublikken.no\/#\/schema\/person\/2e7e81935bab77882fffb79296240ff1"},"headline":"Spanias flyplasssjokk da flyselskapene kuttet flyvningene f\u00f8r sommerrushet","datePublished":"2026-04-28T12:45:44+00:00","dateModified":"2026-04-28T12:45:46+00:00","mainEntityOfPage":{"@id":"https:\/\/nordnesrepublikken.no\/index.php\/2026\/04\/28\/spanias-flyplasssjokk-da-flyselskapene-kuttet-flyvningene-for-sommerrushet\/"},"wordCount":855,"publisher":{"@id":"https:\/\/nordnesrepublikken.no\/#organization"},"image":{"@id":"https:\/\/nordnesrepublikken.no\/index.php\/2026\/04\/28\/spanias-flyplasssjokk-da-flyselskapene-kuttet-flyvningene-for-sommerrushet\/#primaryimage"},"thumbnailUrl":"https:\/\/nordnesrepublikken.no\/wp-content\/uploads\/2026\/04\/1777380345_Spanias-flyplasssjokk-da-flyselskapene-kuttet-flyvningene-for-sommerrushet.jpg","keywords":["flyplasssjokk","flyselskapene","flyvningene","f\u00f8r","kuttet","sommerrushet","Spanias"],"articleSection":["Livsstil"],"inLanguage":"nb-NO"},{"@type":"WebPage","@id":"https:\/\/nordnesrepublikken.no\/index.php\/2026\/04\/28\/spanias-flyplasssjokk-da-flyselskapene-kuttet-flyvningene-for-sommerrushet\/","url":"https:\/\/nordnesrepublikken.no\/index.php\/2026\/04\/28\/spanias-flyplasssjokk-da-flyselskapene-kuttet-flyvningene-for-sommerrushet\/","name":"Spanias flyplasssjokk da flyselskapene kuttet flyvningene f\u00f8r sommerrushet - Nordnesrepublikken","isPartOf":{"@id":"https:\/\/nordnesrepublikken.no\/#website"},"primaryImageOfPage":{"@id":"https:\/\/nordnesrepublikken.no\/index.php\/2026\/04\/28\/spanias-flyplasssjokk-da-flyselskapene-kuttet-flyvningene-for-sommerrushet\/#primaryimage"},"image":{"@id":"https:\/\/nordnesrepublikken.no\/index.php\/2026\/04\/28\/spanias-flyplasssjokk-da-flyselskapene-kuttet-flyvningene-for-sommerrushet\/#primaryimage"},"thumbnailUrl":"https:\/\/nordnesrepublikken.no\/wp-content\/uploads\/2026\/04\/1777380345_Spanias-flyplasssjokk-da-flyselskapene-kuttet-flyvningene-for-sommerrushet.jpg","datePublished":"2026-04-28T12:45:44+00:00","dateModified":"2026-04-28T12:45:46+00:00","breadcrumb":{"@id":"https:\/\/nordnesrepublikken.no\/index.php\/2026\/04\/28\/spanias-flyplasssjokk-da-flyselskapene-kuttet-flyvningene-for-sommerrushet\/#breadcrumb"},"inLanguage":"nb-NO","potentialAction":[{"@type":"ReadAction","target":["https:\/\/nordnesrepublikken.no\/index.php\/2026\/04\/28\/spanias-flyplasssjokk-da-flyselskapene-kuttet-flyvningene-for-sommerrushet\/"]}]},{"@type":"ImageObject","inLanguage":"nb-NO","@id":"https:\/\/nordnesrepublikken.no\/index.php\/2026\/04\/28\/spanias-flyplasssjokk-da-flyselskapene-kuttet-flyvningene-for-sommerrushet\/#primaryimage","url":"https:\/\/nordnesrepublikken.no\/wp-content\/uploads\/2026\/04\/1777380345_Spanias-flyplasssjokk-da-flyselskapene-kuttet-flyvningene-for-sommerrushet.jpg","contentUrl":"https:\/\/nordnesrepublikken.no\/wp-content\/uploads\/2026\/04\/1777380345_Spanias-flyplasssjokk-da-flyselskapene-kuttet-flyvningene-for-sommerrushet.jpg","width":1200,"height":800,"caption":"Spanias flyplasssjokk da flyselskapene kuttet flyvningene f\u00f8r sommerrushet"},{"@type":"BreadcrumbList","@id":"https:\/\/nordnesrepublikken.no\/index.php\/2026\/04\/28\/spanias-flyplasssjokk-da-flyselskapene-kuttet-flyvningene-for-sommerrushet\/#breadcrumb","itemListElement":[{"@type":"ListItem","position":1,"name":"Home","item":"https:\/\/nordnesrepublikken.no\/"},{"@type":"ListItem","position":2,"name":"Spanias flyplasssjokk da flyselskapene kuttet flyvningene f\u00f8r sommerrushet"}]},{"@type":"WebSite","@id":"https:\/\/nordnesrepublikken.no\/#website","url":"https:\/\/nordnesrepublikken.no\/","name":"Nordnesrepublikken","description":"Stemmer og Visjoner fra Republikkens Hjerte","publisher":{"@id":"https:\/\/nordnesrepublikken.no\/#organization"},"potentialAction":[{"@type":"SearchAction","target":{"@type":"EntryPoint","urlTemplate":"https:\/\/nordnesrepublikken.no\/?s={search_term_string}"},"query-input":{"@type":"PropertyValueSpecification","valueRequired":true,"valueName":"search_term_string"}}],"inLanguage":"nb-NO"},{"@type":"Organization","@id":"https:\/\/nordnesrepublikken.no\/#organization","name":"Nordnesrepublikken","url":"https:\/\/nordnesrepublikken.no\/","logo":{"@type":"ImageObject","inLanguage":"nb-NO","@id":"https:\/\/nordnesrepublikken.no\/#\/schema\/logo\/image\/","url":"https:\/\/nordnesrepublikken.no\/wp-content\/uploads\/2025\/02\/cropped-nordnesrepublikken-2.png","contentUrl":"https:\/\/nordnesrepublikken.no\/wp-content\/uploads\/2025\/02\/cropped-nordnesrepublikken-2.png","width":1248,"height":362,"caption":"Nordnesrepublikken"},"image":{"@id":"https:\/\/nordnesrepublikken.no\/#\/schema\/logo\/image\/"}},{"@type":"Person","@id":"https:\/\/nordnesrepublikken.no\/#\/schema\/person\/2e7e81935bab77882fffb79296240ff1","name":"Ole Andersen","image":{"@type":"ImageObject","inLanguage":"nb-NO","@id":"https:\/\/nordnesrepublikken.no\/#\/schema\/person\/image\/","url":"https:\/\/nordnesrepublikken.no\/wp-content\/uploads\/2025\/02\/nordnesrepublikken-2-2-150x150.jpg","contentUrl":"https:\/\/nordnesrepublikken.no\/wp-content\/uploads\/2025\/02\/nordnesrepublikken-2-2-150x150.jpg","caption":"Ole Andersen"},"description":"Ettersom jeg vokste opp i Oslo, har jeg alltid v\u00e6rt fascinert av ordenes kraft og deres evne til \u00e5 skape endringer. Etter \u00e5 ha fullf\u00f8rt min utdannelse i kommunikasjon ved Universitetet i Bergen, fikk jeg muligheten til \u00e5 jobbe innen ulike medier, der jeg har s\u00f8kt \u00e5 belyse viktige samfunnssp\u00f8rsm\u00e5l. I dag, som redakt\u00f8r for Nordnesrepublikken, pr\u00f8ver jeg \u00e5 forene min kj\u00e6rlighet for journalistikk med min lidenskap for innovasjon og eventyr.","sameAs":["https:\/\/nordnesrepublikken.no\/"]}]}},"_links":{"self":[{"href":"https:\/\/nordnesrepublikken.no\/index.php\/wp-json\/wp\/v2\/posts\/17535","targetHints":{"allow":["GET"]}}],"collection":[{"href":"https:\/\/nordnesrepublikken.no\/index.php\/wp-json\/wp\/v2\/posts"}],"about":[{"href":"https:\/\/nordnesrepublikken.no\/index.php\/wp-json\/wp\/v2\/types\/post"}],"author":[{"embeddable":true,"href":"https:\/\/nordnesrepublikken.no\/index.php\/wp-json\/wp\/v2\/users\/1"}],"replies":[{"embeddable":true,"href":"https:\/\/nordnesrepublikken.no\/index.php\/wp-json\/wp\/v2\/comments?post=17535"}],"version-history":[{"count":1,"href":"https:\/\/nordnesrepublikken.no\/index.php\/wp-json\/wp\/v2\/posts\/17535\/revisions"}],"predecessor-version":[{"id":17537,"href":"https:\/\/nordnesrepublikken.no\/index.php\/wp-json\/wp\/v2\/posts\/17535\/revisions\/17537"}],"wp:featuredmedia":[{"embeddable":true,"href":"https:\/\/nordnesrepublikken.no\/index.php\/wp-json\/wp\/v2\/media\/17536"}],"wp:attachment":[{"href":"https:\/\/nordnesrepublikken.no\/index.php\/wp-json\/wp\/v2\/media?parent=17535"}],"wp:term":[{"taxonomy":"category","embeddable":true,"href":"https:\/\/nordnesrepublikken.no\/index.php\/wp-json\/wp\/v2\/categories?post=17535"},{"taxonomy":"post_tag","embeddable":true,"href":"https:\/\/nordnesrepublikken.no\/index.php\/wp-json\/wp\/v2\/tags?post=17535"}],"curies":[{"name":"wp","href":"https:\/\/api.w.org\/{rel}","templated":true}]}}