{"id":17532,"date":"2026-04-28T11:44:45","date_gmt":"2026-04-28T09:44:45","guid":{"rendered":"https:\/\/nordnesrepublikken.no\/index.php\/2026\/04\/28\/hva-det-er-hvordan-det-fungerer-og-nar-det-oppheves\/"},"modified":"2026-04-28T11:44:48","modified_gmt":"2026-04-28T09:44:48","slug":"hva-det-er-hvordan-det-fungerer-og-nar-det-oppheves","status":"publish","type":"post","link":"https:\/\/nordnesrepublikken.no\/index.php\/2026\/04\/28\/hva-det-er-hvordan-det-fungerer-og-nar-det-oppheves\/","title":{"rendered":"hva det er, hvordan det fungerer og n\u00e5r det oppheves"},"content":{"rendered":"<div>\n<div class=\"cp_wrapper cp_wrapper--fw mb-30 mb-20@tablet\">\n<figure class=\"mm\"><picture class=\"img\" style=\"padding-top:56.25%\"><source  media=\"(min-width: 1024px)\"><source  media=\"(min-width: 768px)\"><\/source><\/source><\/picture><\/figure>\n<\/p><\/div>\n<p>De sendes ogs\u00e5 til republikkens president hvert \u00e5r <strong>hundrevis av foresp\u00f8rsler om n\u00e5de<\/strong>som han blir bedt om \u00e5 avgj\u00f8re om han skal innvilge eller ikke. Denne kraften leveres av<strong>artikkel 87 i grunnloven<\/strong>i paragraf elleve, hvoretter republikkens president faktisk ved dekret kan &laquo;gi ben\u00e5dning og omvandle straffer&raquo;. Dette er en <strong>individuell n\u00e5dehandling<\/strong>som gjelder en bestemt person, d\u00f8mt for en bestemt forbrytelse, som er &laquo;ben\u00e5det&raquo; med denne ekstraordin\u00e6re handlingen: domfellelsen oppheves ikke, men <strong>straffen som skal sones oppheves<\/strong>eller er forvandlet.<\/p>\n<p>P\u00e5 1970- og 1980-tallet ble det gitt noen hundre ben\u00e5dninger per \u00e5r, mens fra 1990-tallet og utover gikk antallet ned: If\u00f8lge data fra Justisdepartementet ga mange presidenter i l\u00f8pet av 2000-tallet f\u00e6rre enn fem ben\u00e5dninger per mandat. Det sendes inn hundrevis av s\u00f8knader hvert \u00e5r, hvorav de fleste blir avsl\u00e5tt eller forblir ubesvart. Siden han tiltr\u00e5dte i sin andre periode (29. januar 2022), har <strong>President Sergio Mattarella<\/strong> har vedtatt 36 individuelle n\u00e5detiltak, inkludert nylig den i februar i forbindelse med <strong>Nicole Minetti,<\/strong> hvis dommer p\u00e5 3 \u00e5r og 11 m\u00e5neder for medvirkning til prostitusjon og underslag ble opphevet, men de siste dagene har de <strong>etterspurt nye unders\u00f8kelser<\/strong> for tvil knyttet til dokumentasjonen som presenteres, er det n\u00f8dvendig \u00e5 evaluere konsesjonen av humanit\u00e6re \u00e5rsaker. Men kan ben\u00e5dningen som n\u00e5 er gitt, oppheves eller annulleres?<\/p>\n<h2>Hva er en presidentens ben\u00e5dning: art. 87 Grunnloven og 681 cpc<\/h2>\n<p>Grace er en <strong>individuell n\u00e5debestemmelse<\/strong> som helt eller delvis opphever straffen som er id\u00f8mt en domfelt, eller forvandler den, dvs. forvandler den til en annen og mindre alvorlig type straff. Det kan gjelde begge <strong>fengselsstraff<\/strong> som fengsel og livsvarig fengsel, <strong>pengestraff<\/strong> (b\u00f8tene) og i noen tilfeller til og med <strong>tilleggsstraff<\/strong> som inhabilitet fra \u00e5 inneha offentlige verv.<\/p>\n<p>Det er en institusjonell barmhjertighetshandling, forutsett av<strong>artikkel 87 i grunnloven<\/strong>paragraf 11, og regulert <strong>fra kunsten. 681 i straffeprosessloven<\/strong>som innvilges utelukkende p\u00e5 foresp\u00f8rsel: det vil si at det m\u00e5 bes om av den domfelte selv, av hans familiemedlemmer, av hans advokat, av hans verge eller kurator, eller i noen tilfeller av dommeren som f\u00f8rer tilsyn med fullbyrdelsen av straffen. Begj\u00e6ringen om ben\u00e5dning er stilt til republikkens president, og m\u00e5 presenteres for justisministeren.<\/p>\n<p>Det er viktig \u00e5 presisere den n\u00e5den <strong>det sletter ikke forbrytelsen eller domfellelsen<\/strong>er det ikke en frifinnelse med tilbakevirkende kraft. De som ben\u00e5des blir faktisk ikke uskyldige: straffen forblir i strafferegisteret, forbrytelsen har alltid blitt beg\u00e5tt, men staten vedtar gjennom sitt overhode \u00e5 ikke la straffen sone, eller \u00e5 f\u00e5 den bare delvis sonet.<\/p>\n<h2><b>Slik f\u00e5r du det: prosedyren<\/b><\/h2>\n<p>Der <strong>s\u00f8knad om ben\u00e5dning m\u00e5 sendes til Justisdepartementet<\/strong>som instruerer det gjennom Department of Penitentiary Administration (DAP) og den kompetente tilsynsdomstolen. Domfeltes saksmappe, rapporterer om hans oppf\u00f8rsel i fengselet, vurderingene fra ledelsen i kriminalomsorgen, uttalelsen fra statsadvokaten som fulgte saken og i noen tilfeller offerets eller hans families mening. Tradisjonelt tas faktorer som helsetilstanden til den domfelte i betraktning, spesielt n\u00e5r alvorlige eller terminale, alder, demonstrert omvendelse, oppf\u00f8rsel under forvaring, lengden p\u00e5 straffen som allerede er sonet og \u00e5rsaker av humanit\u00e6r eller familiemessig karakter. I noen saker av internasjonal betydning spiller ogs\u00e5 diplomatiske hensyn inn.<\/p>\n<p>Filen behandlet av departementet sendes deretter til Quirinale, hvor<strong> presidenten vurderer om han skal gi ben\u00e5dning eller ikke, <\/strong>if\u00f8lge kunsten. 87 i grunnloven. Det er ingen maksimal frist du m\u00e5 svare innenfor: tidene kan v\u00e6re lange, og mange sp\u00f8rsm\u00e5l blir rett og slett arkivert uten et formelt svar. I lang tid ble det diskutert om presidenten kunne opptre autonomt eller om godkjenning av justisministeren ogs\u00e5 var n\u00f8dvendig, gjennom &laquo;ministerens kontrasignatur&raquo; gitt mange presidenthandlinger i artikkel 89. Sp\u00f8rsm\u00e5let forble \u00e5pent i \u00e5revis, inntil <strong>forfatningsdomstolen, med setningsnr. 200 av 2006<\/strong>uttalte ikke at ben\u00e5dningen er en vesentlig presidenthandling, som statsoverhodet er innehaver av, ikke bare formelt. Denne dommen kom 18. mai 2006 etter maktkonflikten reist av president Carlo Azeglio Ciampi mot justisministeren Roberto Castelli, som hadde nektet \u00e5 kontrasignere ben\u00e5dningen av den amerikanske statsborgeren Joseph Provenzano, d\u00f8mt for drap.<\/p>\n<p>I den juridiske kjennelsen om at ut\u00f8velse av ben\u00e5dningsmakten svarer til vesentlige humanit\u00e6re form\u00e5l og tjener &laquo;til \u00e5 dempe strengheten til den rene og enkle anvendelsen av straffeloven ved \u00e5 oppmuntre lovbryterens endring og hans reintegrering i det sosiale stoffet&raquo;. Republikkens president er derfor ikke bundet til justisministerens potensielt motsatte oppfatning og kan gi ben\u00e5dning selv mot s\u00e6lvokterens vilje, forutsatt at ministeren likevel formelt kontrasignerer dekretet. Hvis republikkens president innvilger ben\u00e5dning, tar den kompetente statsadvokaten seg av henrettelsen, og beordrer, om n\u00f8dvendig, l\u00f8slatelse av den domfelte.<\/p>\n<h2><b>De individuelle n\u00e5detiltakene vedtatt av italienske statsoverhoder frem til 31. desember 2025<\/b><\/h2>\n<ul>\n<li><strong>Luigi Einaudi<\/strong> (1948\u20131955): 15.578<\/li>\n<li><strong>Giovanni Gronchi<\/strong> (1955\u20131962): 7.423<\/li>\n<li><strong>Antonio Segni\/Cesare Merzagora<\/strong> (1962\u20131964): 926<\/li>\n<li><strong>Giuseppe Saragat<\/strong> (1964\u20131971): 2.925<\/li>\n<li><strong>Giovanni Leone<\/strong> (1971\u20131978): 7.498<\/li>\n<li><strong>Sandro Pertini<\/strong> (1978\u20131985): 6.095<\/li>\n<li><strong>Francesco Cossiga<\/strong> (1985\u20131992): 1.395<\/li>\n<li><strong>Oscar Luigi Scalfaro<\/strong> (1992\u20131999): 339<\/li>\n<li><strong>Carlo Azelio Ciampi<\/strong> (1999\u20132006): 114<\/li>\n<li><strong>Giorgio Napolitano I <\/strong>(2006\u20132015): 23<\/li>\n<li><strong>Sergio Mattarella<\/strong> (2015\u20132022): 35<\/li>\n<li><strong>Sergio Mattarella II<\/strong> (2022\u2013n\u00e5tid): 36 per desember 2025<\/li>\n<\/ul>\n<h2>Hva er tilfellene der ben\u00e5dningen oppheves eller oppheves<\/h2>\n<p>Vanligvis er den (resolutive) betingelsen for dommen inkludert i ben\u00e5dning eller setningsomvandlingsdekreter <strong>tilbakekall av n\u00e5dehandlingen<\/strong> i tilfelle provisjon fra mottakeren av en <strong>ikke-uaktsom kriminalitet innen 5 \u00e5r etter presidentdekretet<\/strong> (10 \u00e5r ved ben\u00e5dning vedr. livsvarig fengsel). Tilbakekalling av ben\u00e5dningen, &laquo;betinget&raquo;, beordres av henrettelsesdommeren og i dette tilfellet blir den ben\u00e5dede dommen eksekverbar igjen. S\u00e5,<strong> teoretisk ja, det er tilbakekallelig,<\/strong> selv om det sjelden har skjedd i italiensk historie.<\/p>\n<p>Den mest kjente presedensen for tilbakekall er den av <strong>Graziano Mesina<\/strong>ans\u00e5 den sardinske banditten som lederen av Anonymous-kidnappingene. Etter ben\u00e5dningen mottatt i 2004 fra president Carlo Azeglio Ciampi, ble Mesina i 2016 d\u00f8mt til tretti \u00e5r for kriminell forening rettet mot narkotikasmugling, og ben\u00e5dningen ble opphevet av Sergio Mattarella.<\/p>\n<p>Det generelle prinsippet er at ben\u00e5dning, n\u00e5r den f\u00f8rst er gitt, gir definitive virkninger p\u00e5 gjennomf\u00f8ringen av straffen. Ben\u00e5dningsdekretet kan imidlertid gi vilk\u00e5r eller forpliktelser for den ben\u00e5dede (for eksempel plikt til \u00e5 oppholde seg p\u00e5 et bestemt sted, ikke frekventere visse milj\u00f8er, til \u00e5 gjennomg\u00e5 medisinsk behandling): dersom disse vilk\u00e5rene brytes, kan ben\u00e5dningen oppheves. Likeledes dersom det viser seg at ben\u00e5dningen ble gitt p\u00e5 grunnlag av <strong>falske eller skjulte antakelser<\/strong>kunne det \u00e5pnes en ny ministerbehandling for \u00e5 vurdere gyldigheten av det opprinnelige dekretet, slik det n\u00e5 skjer med Nicole Minetti-saken, som n\u00e5dingen ville blitt gitt med tanke p\u00e5 adopsjonen av et sykt barn (den viktigste humanit\u00e6re grunnen for valget om n\u00e5de er basert p\u00e5) hvis sak det er tvil som er reist av en etterforskning. <em>Det daglige faktum<\/em>.<\/p>\n<p>Til dags dato har det aldri skjedd at en ben\u00e5dning ble tilbakekalt fordi underlagsdokumentasjonen i forunders\u00f8kelsesfasen var feil eller p\u00e5 en eller annen m\u00e5te ikke sannhetsrelevant, ufullstendig eller villedende. Av denne grunn har Quirinale bedt Justisdepartementet om \u00e5 snarest skaffe ytterligere elementer for \u00e5 verifisere gyldigheten av det som kom frem. 27. april 2026 ble et brev adressert til Justisdepartementet publisert p\u00e5 nettsiden til republikkens presidentskap, der det ble skrevet:<\/p>\n<p><em>\u00abMed henvisning til dekretet som innvilger n\u00e5de til fru Minetti vedtatt av republikkens president, etter positivt forslag fra justisministeren, den 18. februar 2026, og de p\u00e5f\u00f8lgende presseoppslagene om den antatte falskheten av elementene som er representert i anmodningen om n\u00e5de, ber jeg deg om \u00e5 innhente den n\u00f8dvendige informasjonen av en gyldighet som er egnet for \u00e5 verifisere. presseorgel.\u00bb<\/em><\/p>\n<p>I dette tilfellet, snarere enn \u00abtilbakekallelse\u00bb, er det snakk om en mulig \u00abannullering\u00bb p\u00e5 grunn av opprinnelige mangler ved handlingen, dvs. knyttet til mangelen eller falskheten i forutsetningene som l\u00e5 til grunn for vedtaket.<\/p>\n<\/p><\/div>\n","protected":false},"excerpt":{"rendered":"<p>De sendes ogs\u00e5 til republikkens president hvert \u00e5r hundrevis av foresp\u00f8rsler om n\u00e5desom han blir<\/p>\n","protected":false},"author":1,"featured_media":17533,"comment_status":"closed","ping_status":"open","sticky":false,"template":"","format":"standard","meta":{"footnotes":""},"categories":[104],"tags":[66,581,144,112,16,11318],"class_list":["post-17532","post","type-post","status-publish","format-standard","has-post-thumbnail","hentry","category-samfunn","tag-det","tag-fungerer","tag-hva","tag-hvordan","tag-nar","tag-oppheves","generate-columns","tablet-grid-50","mobile-grid-100","grid-parent","grid-33","resize-featured-image"],"yoast_head":"<!-- This site is optimized with the Yoast SEO plugin v24.4 - https:\/\/yoast.com\/wordpress\/plugins\/seo\/ -->\n<title>hva det er, hvordan det fungerer og n\u00e5r det oppheves - Nordnesrepublikken<\/title>\n<meta name=\"robots\" content=\"index, follow, max-snippet:-1, max-image-preview:large, max-video-preview:-1\" \/>\n<link rel=\"canonical\" href=\"https:\/\/nordnesrepublikken.no\/index.php\/2026\/04\/28\/hva-det-er-hvordan-det-fungerer-og-nar-det-oppheves\/\" \/>\n<meta property=\"og:locale\" content=\"nb_NO\" \/>\n<meta property=\"og:type\" content=\"article\" \/>\n<meta property=\"og:title\" content=\"hva det er, hvordan det fungerer og n\u00e5r det oppheves - Nordnesrepublikken\" \/>\n<meta property=\"og:description\" content=\"De sendes ogs\u00e5 til republikkens president hvert \u00e5r hundrevis av foresp\u00f8rsler om n\u00e5desom han blir\" \/>\n<meta property=\"og:url\" content=\"https:\/\/nordnesrepublikken.no\/index.php\/2026\/04\/28\/hva-det-er-hvordan-det-fungerer-og-nar-det-oppheves\/\" \/>\n<meta property=\"og:site_name\" content=\"Nordnesrepublikken\" \/>\n<meta property=\"article:published_time\" content=\"2026-04-28T09:44:45+00:00\" \/>\n<meta property=\"article:modified_time\" content=\"2026-04-28T09:44:48+00:00\" \/>\n<meta property=\"og:image\" content=\"https:\/\/nordnesrepublikken.no\/wp-content\/uploads\/2026\/04\/1777369487_hva-det-er-hvordan-det-fungerer-og-nar-det-oppheves.jpg\" \/>\n\t<meta property=\"og:image:width\" content=\"1376\" \/>\n\t<meta property=\"og:image:height\" content=\"768\" \/>\n\t<meta property=\"og:image:type\" content=\"image\/jpeg\" \/>\n<meta name=\"author\" content=\"Ole Andersen\" \/>\n<meta name=\"twitter:card\" content=\"summary_large_image\" \/>\n<meta name=\"twitter:label1\" content=\"Skrevet av\" \/>\n\t<meta name=\"twitter:data1\" content=\"Ole Andersen\" \/>\n\t<meta name=\"twitter:label2\" content=\"Ansl. lesetid\" \/>\n\t<meta name=\"twitter:data2\" content=\"6 minutter\" \/>\n<script type=\"application\/ld+json\" class=\"yoast-schema-graph\">{\"@context\":\"https:\/\/schema.org\",\"@graph\":[{\"@type\":\"Article\",\"@id\":\"https:\/\/nordnesrepublikken.no\/index.php\/2026\/04\/28\/hva-det-er-hvordan-det-fungerer-og-nar-det-oppheves\/#article\",\"isPartOf\":{\"@id\":\"https:\/\/nordnesrepublikken.no\/index.php\/2026\/04\/28\/hva-det-er-hvordan-det-fungerer-og-nar-det-oppheves\/\"},\"author\":{\"name\":\"Ole Andersen\",\"@id\":\"https:\/\/nordnesrepublikken.no\/#\/schema\/person\/2e7e81935bab77882fffb79296240ff1\"},\"headline\":\"hva det er, hvordan det fungerer og n\u00e5r det oppheves\",\"datePublished\":\"2026-04-28T09:44:45+00:00\",\"dateModified\":\"2026-04-28T09:44:48+00:00\",\"mainEntityOfPage\":{\"@id\":\"https:\/\/nordnesrepublikken.no\/index.php\/2026\/04\/28\/hva-det-er-hvordan-det-fungerer-og-nar-det-oppheves\/\"},\"wordCount\":1249,\"publisher\":{\"@id\":\"https:\/\/nordnesrepublikken.no\/#organization\"},\"image\":{\"@id\":\"https:\/\/nordnesrepublikken.no\/index.php\/2026\/04\/28\/hva-det-er-hvordan-det-fungerer-og-nar-det-oppheves\/#primaryimage\"},\"thumbnailUrl\":\"https:\/\/nordnesrepublikken.no\/wp-content\/uploads\/2026\/04\/1777369487_hva-det-er-hvordan-det-fungerer-og-nar-det-oppheves.jpg\",\"keywords\":[\"Det\",\"fungerer\",\"Hva\",\"Hvordan\",\"n\u00e5r\",\"oppheves\"],\"articleSection\":[\"Samfunn\"],\"inLanguage\":\"nb-NO\"},{\"@type\":\"WebPage\",\"@id\":\"https:\/\/nordnesrepublikken.no\/index.php\/2026\/04\/28\/hva-det-er-hvordan-det-fungerer-og-nar-det-oppheves\/\",\"url\":\"https:\/\/nordnesrepublikken.no\/index.php\/2026\/04\/28\/hva-det-er-hvordan-det-fungerer-og-nar-det-oppheves\/\",\"name\":\"hva det er, hvordan det fungerer og n\u00e5r det oppheves - Nordnesrepublikken\",\"isPartOf\":{\"@id\":\"https:\/\/nordnesrepublikken.no\/#website\"},\"primaryImageOfPage\":{\"@id\":\"https:\/\/nordnesrepublikken.no\/index.php\/2026\/04\/28\/hva-det-er-hvordan-det-fungerer-og-nar-det-oppheves\/#primaryimage\"},\"image\":{\"@id\":\"https:\/\/nordnesrepublikken.no\/index.php\/2026\/04\/28\/hva-det-er-hvordan-det-fungerer-og-nar-det-oppheves\/#primaryimage\"},\"thumbnailUrl\":\"https:\/\/nordnesrepublikken.no\/wp-content\/uploads\/2026\/04\/1777369487_hva-det-er-hvordan-det-fungerer-og-nar-det-oppheves.jpg\",\"datePublished\":\"2026-04-28T09:44:45+00:00\",\"dateModified\":\"2026-04-28T09:44:48+00:00\",\"breadcrumb\":{\"@id\":\"https:\/\/nordnesrepublikken.no\/index.php\/2026\/04\/28\/hva-det-er-hvordan-det-fungerer-og-nar-det-oppheves\/#breadcrumb\"},\"inLanguage\":\"nb-NO\",\"potentialAction\":[{\"@type\":\"ReadAction\",\"target\":[\"https:\/\/nordnesrepublikken.no\/index.php\/2026\/04\/28\/hva-det-er-hvordan-det-fungerer-og-nar-det-oppheves\/\"]}]},{\"@type\":\"ImageObject\",\"inLanguage\":\"nb-NO\",\"@id\":\"https:\/\/nordnesrepublikken.no\/index.php\/2026\/04\/28\/hva-det-er-hvordan-det-fungerer-og-nar-det-oppheves\/#primaryimage\",\"url\":\"https:\/\/nordnesrepublikken.no\/wp-content\/uploads\/2026\/04\/1777369487_hva-det-er-hvordan-det-fungerer-og-nar-det-oppheves.jpg\",\"contentUrl\":\"https:\/\/nordnesrepublikken.no\/wp-content\/uploads\/2026\/04\/1777369487_hva-det-er-hvordan-det-fungerer-og-nar-det-oppheves.jpg\",\"width\":1376,\"height\":768,\"caption\":\"hva det er, hvordan det fungerer og n\u00e5r det oppheves\"},{\"@type\":\"BreadcrumbList\",\"@id\":\"https:\/\/nordnesrepublikken.no\/index.php\/2026\/04\/28\/hva-det-er-hvordan-det-fungerer-og-nar-det-oppheves\/#breadcrumb\",\"itemListElement\":[{\"@type\":\"ListItem\",\"position\":1,\"name\":\"Home\",\"item\":\"https:\/\/nordnesrepublikken.no\/\"},{\"@type\":\"ListItem\",\"position\":2,\"name\":\"hva det er, hvordan det fungerer og n\u00e5r det oppheves\"}]},{\"@type\":\"WebSite\",\"@id\":\"https:\/\/nordnesrepublikken.no\/#website\",\"url\":\"https:\/\/nordnesrepublikken.no\/\",\"name\":\"Nordnesrepublikken\",\"description\":\"Stemmer og Visjoner fra Republikkens Hjerte\",\"publisher\":{\"@id\":\"https:\/\/nordnesrepublikken.no\/#organization\"},\"potentialAction\":[{\"@type\":\"SearchAction\",\"target\":{\"@type\":\"EntryPoint\",\"urlTemplate\":\"https:\/\/nordnesrepublikken.no\/?s={search_term_string}\"},\"query-input\":{\"@type\":\"PropertyValueSpecification\",\"valueRequired\":true,\"valueName\":\"search_term_string\"}}],\"inLanguage\":\"nb-NO\"},{\"@type\":\"Organization\",\"@id\":\"https:\/\/nordnesrepublikken.no\/#organization\",\"name\":\"Nordnesrepublikken\",\"url\":\"https:\/\/nordnesrepublikken.no\/\",\"logo\":{\"@type\":\"ImageObject\",\"inLanguage\":\"nb-NO\",\"@id\":\"https:\/\/nordnesrepublikken.no\/#\/schema\/logo\/image\/\",\"url\":\"https:\/\/nordnesrepublikken.no\/wp-content\/uploads\/2025\/02\/cropped-nordnesrepublikken-2.png\",\"contentUrl\":\"https:\/\/nordnesrepublikken.no\/wp-content\/uploads\/2025\/02\/cropped-nordnesrepublikken-2.png\",\"width\":1248,\"height\":362,\"caption\":\"Nordnesrepublikken\"},\"image\":{\"@id\":\"https:\/\/nordnesrepublikken.no\/#\/schema\/logo\/image\/\"}},{\"@type\":\"Person\",\"@id\":\"https:\/\/nordnesrepublikken.no\/#\/schema\/person\/2e7e81935bab77882fffb79296240ff1\",\"name\":\"Ole Andersen\",\"image\":{\"@type\":\"ImageObject\",\"inLanguage\":\"nb-NO\",\"@id\":\"https:\/\/nordnesrepublikken.no\/#\/schema\/person\/image\/\",\"url\":\"https:\/\/nordnesrepublikken.no\/wp-content\/uploads\/2025\/02\/nordnesrepublikken-2-2-150x150.jpg\",\"contentUrl\":\"https:\/\/nordnesrepublikken.no\/wp-content\/uploads\/2025\/02\/nordnesrepublikken-2-2-150x150.jpg\",\"caption\":\"Ole Andersen\"},\"description\":\"Ettersom jeg vokste opp i Oslo, har jeg alltid v\u00e6rt fascinert av ordenes kraft og deres evne til \u00e5 skape endringer. Etter \u00e5 ha fullf\u00f8rt min utdannelse i kommunikasjon ved Universitetet i Bergen, fikk jeg muligheten til \u00e5 jobbe innen ulike medier, der jeg har s\u00f8kt \u00e5 belyse viktige samfunnssp\u00f8rsm\u00e5l. I dag, som redakt\u00f8r for Nordnesrepublikken, pr\u00f8ver jeg \u00e5 forene min kj\u00e6rlighet for journalistikk med min lidenskap for innovasjon og eventyr.\",\"sameAs\":[\"https:\/\/nordnesrepublikken.no\/\"]}]}<\/script>\n<!-- \/ Yoast SEO plugin. -->","yoast_head_json":{"title":"hva det er, hvordan det fungerer og n\u00e5r det oppheves - Nordnesrepublikken","robots":{"index":"index","follow":"follow","max-snippet":"max-snippet:-1","max-image-preview":"max-image-preview:large","max-video-preview":"max-video-preview:-1"},"canonical":"https:\/\/nordnesrepublikken.no\/index.php\/2026\/04\/28\/hva-det-er-hvordan-det-fungerer-og-nar-det-oppheves\/","og_locale":"nb_NO","og_type":"article","og_title":"hva det er, hvordan det fungerer og n\u00e5r det oppheves - Nordnesrepublikken","og_description":"De sendes ogs\u00e5 til republikkens president hvert \u00e5r hundrevis av foresp\u00f8rsler om n\u00e5desom han blir","og_url":"https:\/\/nordnesrepublikken.no\/index.php\/2026\/04\/28\/hva-det-er-hvordan-det-fungerer-og-nar-det-oppheves\/","og_site_name":"Nordnesrepublikken","article_published_time":"2026-04-28T09:44:45+00:00","article_modified_time":"2026-04-28T09:44:48+00:00","og_image":[{"width":1376,"height":768,"url":"https:\/\/nordnesrepublikken.no\/wp-content\/uploads\/2026\/04\/1777369487_hva-det-er-hvordan-det-fungerer-og-nar-det-oppheves.jpg","type":"image\/jpeg"}],"author":"Ole Andersen","twitter_card":"summary_large_image","twitter_misc":{"Skrevet av":"Ole Andersen","Ansl. lesetid":"6 minutter"},"schema":{"@context":"https:\/\/schema.org","@graph":[{"@type":"Article","@id":"https:\/\/nordnesrepublikken.no\/index.php\/2026\/04\/28\/hva-det-er-hvordan-det-fungerer-og-nar-det-oppheves\/#article","isPartOf":{"@id":"https:\/\/nordnesrepublikken.no\/index.php\/2026\/04\/28\/hva-det-er-hvordan-det-fungerer-og-nar-det-oppheves\/"},"author":{"name":"Ole Andersen","@id":"https:\/\/nordnesrepublikken.no\/#\/schema\/person\/2e7e81935bab77882fffb79296240ff1"},"headline":"hva det er, hvordan det fungerer og n\u00e5r det oppheves","datePublished":"2026-04-28T09:44:45+00:00","dateModified":"2026-04-28T09:44:48+00:00","mainEntityOfPage":{"@id":"https:\/\/nordnesrepublikken.no\/index.php\/2026\/04\/28\/hva-det-er-hvordan-det-fungerer-og-nar-det-oppheves\/"},"wordCount":1249,"publisher":{"@id":"https:\/\/nordnesrepublikken.no\/#organization"},"image":{"@id":"https:\/\/nordnesrepublikken.no\/index.php\/2026\/04\/28\/hva-det-er-hvordan-det-fungerer-og-nar-det-oppheves\/#primaryimage"},"thumbnailUrl":"https:\/\/nordnesrepublikken.no\/wp-content\/uploads\/2026\/04\/1777369487_hva-det-er-hvordan-det-fungerer-og-nar-det-oppheves.jpg","keywords":["Det","fungerer","Hva","Hvordan","n\u00e5r","oppheves"],"articleSection":["Samfunn"],"inLanguage":"nb-NO"},{"@type":"WebPage","@id":"https:\/\/nordnesrepublikken.no\/index.php\/2026\/04\/28\/hva-det-er-hvordan-det-fungerer-og-nar-det-oppheves\/","url":"https:\/\/nordnesrepublikken.no\/index.php\/2026\/04\/28\/hva-det-er-hvordan-det-fungerer-og-nar-det-oppheves\/","name":"hva det er, hvordan det fungerer og n\u00e5r det oppheves - Nordnesrepublikken","isPartOf":{"@id":"https:\/\/nordnesrepublikken.no\/#website"},"primaryImageOfPage":{"@id":"https:\/\/nordnesrepublikken.no\/index.php\/2026\/04\/28\/hva-det-er-hvordan-det-fungerer-og-nar-det-oppheves\/#primaryimage"},"image":{"@id":"https:\/\/nordnesrepublikken.no\/index.php\/2026\/04\/28\/hva-det-er-hvordan-det-fungerer-og-nar-det-oppheves\/#primaryimage"},"thumbnailUrl":"https:\/\/nordnesrepublikken.no\/wp-content\/uploads\/2026\/04\/1777369487_hva-det-er-hvordan-det-fungerer-og-nar-det-oppheves.jpg","datePublished":"2026-04-28T09:44:45+00:00","dateModified":"2026-04-28T09:44:48+00:00","breadcrumb":{"@id":"https:\/\/nordnesrepublikken.no\/index.php\/2026\/04\/28\/hva-det-er-hvordan-det-fungerer-og-nar-det-oppheves\/#breadcrumb"},"inLanguage":"nb-NO","potentialAction":[{"@type":"ReadAction","target":["https:\/\/nordnesrepublikken.no\/index.php\/2026\/04\/28\/hva-det-er-hvordan-det-fungerer-og-nar-det-oppheves\/"]}]},{"@type":"ImageObject","inLanguage":"nb-NO","@id":"https:\/\/nordnesrepublikken.no\/index.php\/2026\/04\/28\/hva-det-er-hvordan-det-fungerer-og-nar-det-oppheves\/#primaryimage","url":"https:\/\/nordnesrepublikken.no\/wp-content\/uploads\/2026\/04\/1777369487_hva-det-er-hvordan-det-fungerer-og-nar-det-oppheves.jpg","contentUrl":"https:\/\/nordnesrepublikken.no\/wp-content\/uploads\/2026\/04\/1777369487_hva-det-er-hvordan-det-fungerer-og-nar-det-oppheves.jpg","width":1376,"height":768,"caption":"hva det er, hvordan det fungerer og n\u00e5r det oppheves"},{"@type":"BreadcrumbList","@id":"https:\/\/nordnesrepublikken.no\/index.php\/2026\/04\/28\/hva-det-er-hvordan-det-fungerer-og-nar-det-oppheves\/#breadcrumb","itemListElement":[{"@type":"ListItem","position":1,"name":"Home","item":"https:\/\/nordnesrepublikken.no\/"},{"@type":"ListItem","position":2,"name":"hva det er, hvordan det fungerer og n\u00e5r det oppheves"}]},{"@type":"WebSite","@id":"https:\/\/nordnesrepublikken.no\/#website","url":"https:\/\/nordnesrepublikken.no\/","name":"Nordnesrepublikken","description":"Stemmer og Visjoner fra Republikkens Hjerte","publisher":{"@id":"https:\/\/nordnesrepublikken.no\/#organization"},"potentialAction":[{"@type":"SearchAction","target":{"@type":"EntryPoint","urlTemplate":"https:\/\/nordnesrepublikken.no\/?s={search_term_string}"},"query-input":{"@type":"PropertyValueSpecification","valueRequired":true,"valueName":"search_term_string"}}],"inLanguage":"nb-NO"},{"@type":"Organization","@id":"https:\/\/nordnesrepublikken.no\/#organization","name":"Nordnesrepublikken","url":"https:\/\/nordnesrepublikken.no\/","logo":{"@type":"ImageObject","inLanguage":"nb-NO","@id":"https:\/\/nordnesrepublikken.no\/#\/schema\/logo\/image\/","url":"https:\/\/nordnesrepublikken.no\/wp-content\/uploads\/2025\/02\/cropped-nordnesrepublikken-2.png","contentUrl":"https:\/\/nordnesrepublikken.no\/wp-content\/uploads\/2025\/02\/cropped-nordnesrepublikken-2.png","width":1248,"height":362,"caption":"Nordnesrepublikken"},"image":{"@id":"https:\/\/nordnesrepublikken.no\/#\/schema\/logo\/image\/"}},{"@type":"Person","@id":"https:\/\/nordnesrepublikken.no\/#\/schema\/person\/2e7e81935bab77882fffb79296240ff1","name":"Ole Andersen","image":{"@type":"ImageObject","inLanguage":"nb-NO","@id":"https:\/\/nordnesrepublikken.no\/#\/schema\/person\/image\/","url":"https:\/\/nordnesrepublikken.no\/wp-content\/uploads\/2025\/02\/nordnesrepublikken-2-2-150x150.jpg","contentUrl":"https:\/\/nordnesrepublikken.no\/wp-content\/uploads\/2025\/02\/nordnesrepublikken-2-2-150x150.jpg","caption":"Ole Andersen"},"description":"Ettersom jeg vokste opp i Oslo, har jeg alltid v\u00e6rt fascinert av ordenes kraft og deres evne til \u00e5 skape endringer. Etter \u00e5 ha fullf\u00f8rt min utdannelse i kommunikasjon ved Universitetet i Bergen, fikk jeg muligheten til \u00e5 jobbe innen ulike medier, der jeg har s\u00f8kt \u00e5 belyse viktige samfunnssp\u00f8rsm\u00e5l. I dag, som redakt\u00f8r for Nordnesrepublikken, pr\u00f8ver jeg \u00e5 forene min kj\u00e6rlighet for journalistikk med min lidenskap for innovasjon og eventyr.","sameAs":["https:\/\/nordnesrepublikken.no\/"]}]}},"_links":{"self":[{"href":"https:\/\/nordnesrepublikken.no\/index.php\/wp-json\/wp\/v2\/posts\/17532","targetHints":{"allow":["GET"]}}],"collection":[{"href":"https:\/\/nordnesrepublikken.no\/index.php\/wp-json\/wp\/v2\/posts"}],"about":[{"href":"https:\/\/nordnesrepublikken.no\/index.php\/wp-json\/wp\/v2\/types\/post"}],"author":[{"embeddable":true,"href":"https:\/\/nordnesrepublikken.no\/index.php\/wp-json\/wp\/v2\/users\/1"}],"replies":[{"embeddable":true,"href":"https:\/\/nordnesrepublikken.no\/index.php\/wp-json\/wp\/v2\/comments?post=17532"}],"version-history":[{"count":1,"href":"https:\/\/nordnesrepublikken.no\/index.php\/wp-json\/wp\/v2\/posts\/17532\/revisions"}],"predecessor-version":[{"id":17534,"href":"https:\/\/nordnesrepublikken.no\/index.php\/wp-json\/wp\/v2\/posts\/17532\/revisions\/17534"}],"wp:featuredmedia":[{"embeddable":true,"href":"https:\/\/nordnesrepublikken.no\/index.php\/wp-json\/wp\/v2\/media\/17533"}],"wp:attachment":[{"href":"https:\/\/nordnesrepublikken.no\/index.php\/wp-json\/wp\/v2\/media?parent=17532"}],"wp:term":[{"taxonomy":"category","embeddable":true,"href":"https:\/\/nordnesrepublikken.no\/index.php\/wp-json\/wp\/v2\/categories?post=17532"},{"taxonomy":"post_tag","embeddable":true,"href":"https:\/\/nordnesrepublikken.no\/index.php\/wp-json\/wp\/v2\/tags?post=17532"}],"curies":[{"name":"wp","href":"https:\/\/api.w.org\/{rel}","templated":true}]}}