{"id":17526,"date":"2026-04-28T09:52:59","date_gmt":"2026-04-28T07:52:59","guid":{"rendered":"https:\/\/nordnesrepublikken.no\/index.php\/2026\/04\/28\/de-forarsaker-ikke-allergier\/"},"modified":"2026-04-28T09:53:07","modified_gmt":"2026-04-28T07:53:07","slug":"de-forarsaker-ikke-allergier","status":"publish","type":"post","link":"https:\/\/nordnesrepublikken.no\/index.php\/2026\/04\/28\/de-forarsaker-ikke-allergier\/","title":{"rendered":"de for\u00e5rsaker ikke allergier"},"content":{"rendered":"<div>\n<div class=\"cp_wrapper cp_wrapper--fw mb-30 mb-20@tablet\">\n<figure class=\"mm\"><picture class=\"img\" style=\"padding-top:56.25%\"><source  media=\"(min-width: 1024px)\"><source  media=\"(min-width: 768px)\"><\/source><\/source><\/picture><\/figure>\n<\/p><\/div>\n<p>Gatene og parkene i mange italienske byer er i disse dager invadert av &laquo;v\u00e5rsn\u00f8&raquo;, de hvite puffene som ligner bomull som flyr ut av kontroll. Men hva er det? Ofte forvekslet med &laquo;pollen&raquo; og kalt &laquo;popler&raquo; eller &laquo;pioppini&raquo;, er de faktisk <strong>pappi<\/strong> og brukes til \u00e5 transportere med vinden <strong>poppelfr\u00f8<\/strong>en sv\u00e6rt utbredt plante i Po-dalen. Vi har en tendens til \u00e5 assosiere tilstedev\u00e6relsen av disse lette flakene med utseendet til <strong>allergier<\/strong> v\u00e5ren, men i virkeligheten er det ingen direkte kobling, pappusen inneholder ikke <strong>pollen<\/strong>den virkelige \u00e5rsaken til allergiene v\u00e5re.<\/p>\n<h2>Hva er poppel pappus<\/h2>\n<p>Det riktige navnet p\u00e5 disse bomullsflakene er <strong>pappi <\/strong>og deres funksjon er veldig viktig for treet de slippes ut fra. Faktisk er oppgaven til disse fj\u00e6rkledde og lette vedhengene \u00e5 <strong>fremme spredning av fr\u00f8<\/strong> for handlingen til <strong>vind<\/strong>en kjent mekanisme <strong>anemokorisk formidling<\/strong>.<\/p>\n<div class=\"cp_wrapper cp_wrapper--fw mb-50\">\n<figure class=\"mm\"><picture class=\"img\" style=\"padding-top:66.666666666667%\"><source  media=\"(min-width: 1024px)\"><source  media=\"(min-width: 768px)\"><img decoding=\"async\" loading=\"lazy\" src=\"https:\/\/nordnesrepublikken.no\/wp-content\/uploads\/2026\/04\/1777362778_777_de-forarsaker-ikke-allergier.jpg\" alt=\"poppel i en eng\" width=\"4368\" height=\"2912\"\/><\/source><\/source><\/picture><\/figure>\n<\/p><\/div>\n<p>I tilfelle av <strong>poppel<\/strong>pappuser er ikke blomster eller pollenkorn: de er jeg <strong>fruktene av planten<\/strong>utstyrt med <strong>mange fr\u00f8<\/strong> med <strong>lange bomullsh\u00e5r<\/strong>og de tjener planten nettopp for \u00e5 transportere fr\u00f8et med vinden, for s\u00e5 \u00e5 gi liv til andre poppel.<\/p>\n<p>Poppelpollenene, med lave allergifremkallende egenskaper, hadde allerede blitt sluppet ut uker tidligere, usynlige for det blotte \u00f8ye, da planten fortsatt var bar for blader. Pollinering skjer f\u00f8r det luftige loet slippes ut i luften, noe som betyr at n\u00e5r pappusene flyr, har poppelen allerede avsluttet sin reproduksjonsfase via pollen for en tid siden.<\/p>\n<h2>Det er ikke barnemat som for\u00e5rsaker allergi<\/h2>\n<p>Som ARPA Veneto p\u00e5peker, best\u00e5r &laquo;dynene&raquo; eller &laquo;hendene&raquo; av <strong>cellulose<\/strong>en <strong>hypoallergen stoff<\/strong> som danner veggene til planteceller og bomullsfibre. Hvorfor sverger s\u00e5 mange mennesker at de f\u00f8ler seg verre de dagene?<\/p>\n<p>Svaret er at barnematen kommer til feil tid. I perioden med maksimal blomstring av ulike allergifremkallende planter som f.eks <strong>Gramineae<\/strong>dukker opp fenomenet med frigj\u00f8ring av pappus som imidlertid ikke inneholder pollen. Gress frigj\u00f8r for eksempel enorme mengder allergifremkallende pollen fra april og utover, usynlig for det blotte \u00f8ye. Resultatet er at nysing og rennende \u00f8yne instinktivt tilskrives det som kan sees (de hvite vattene) og ikke til det som ikke kan sees.<\/p>\n<p>Men p\u00e5 overflaten av pappus kan de <strong>fester pollen fra andre arter<\/strong> av planter som blomstrer i samme periode eller <strong>fint st\u00f8v<\/strong> produsert av veitrafikk, og fremhever plagene til personer med allergi. Slik sett er ikke pappus \u00e5rsaken, men kan bli en ufrivillig vektor. Til dette kan legges en plage av rent mekanisk art, ved inn\u00e5nding eller om de ved et uhell havner i \u00f8ynene kan disse &laquo;flakene&raquo; fysisk irritere slimhinner og luftveier.<\/p>\n<h2>Poppelen, et symbolsk tre i Po-dalen<\/h2>\n<p>Poppelen (<em>Populus spp<\/em>) er et av symbolene p\u00e5<strong> Po-dalen<\/strong>. Den er utbredt langs elver, ved bredden av innsj\u00f8er og i skog, mye dyrket b\u00e5de for prydform\u00e5l og for \u00e5 mate papirindustrien. Av de rundt f\u00f8rti eksisterende artene er det i Italia hovedsakelig fire spontane med deres beslektede kultivarer. De mest kjente er <strong>svart poppel<\/strong> (<em>Populus nigra<\/em>), kjent for sin m\u00f8rke bark, den <strong>hvit poppel<\/strong> (<em>Populus alba<\/em>) og <strong>sypresspoppel<\/strong>. Alle sv\u00e6rt h\u00f8ye tr\u00e6r (30-40 m) som blomstrer i perioden februar, mars og april.<\/p>\n<div class=\"cp_wrapper cp_wrapper--fw mb-50\">\n<figure class=\"mm\"><picture class=\"img\" style=\"padding-top:56.25%\"><source  media=\"(min-width: 1024px)\"><source  media=\"(min-width: 768px)\"><img decoding=\"async\" loading=\"lazy\" src=\"https:\/\/nordnesrepublikken.no\/wp-content\/uploads\/2026\/04\/1777362779_713_de-forarsaker-ikke-allergier.jpg\" alt=\"arter av poppel\" width=\"1280\" height=\"720\" class=\"js-seedtag-img\"\/><\/source><\/source><\/picture><\/figure>\n<\/p><\/div>\n<p>Fenomenet &laquo;v\u00e5rsn\u00f8&raquo; som bleker byene skyldes pappus produsert utelukkende av pr\u00f8vene <strong>feminin<\/strong> under frukting. For \u00e5 begrense ulempene forbundet med denne rikelige bomullsproduksjonen, foretrekkes vanligvis bruk av hanntr\u00e6r. Sypresspoppelen er for eksempel utbredt i gatene v\u00e5re nesten bare i sin mannlige variant, ute av stand til \u00e5 produsere pappus.<\/p>\n<\/p><\/div>\n","protected":false},"excerpt":{"rendered":"<p>Gatene og parkene i mange italienske byer er i disse dager invadert av &laquo;v\u00e5rsn\u00f8&raquo;, de<\/p>\n","protected":false},"author":1,"featured_media":17527,"comment_status":"closed","ping_status":"open","sticky":false,"template":"","format":"standard","meta":{"footnotes":""},"categories":[24],"tags":[3495,1656,187],"class_list":["post-17526","post","type-post","status-publish","format-standard","has-post-thumbnail","hentry","category-vitenskap","tag-allergier","tag-forarsaker","tag-ikke","generate-columns","tablet-grid-50","mobile-grid-100","grid-parent","grid-33","resize-featured-image"],"yoast_head":"<!-- This site is optimized with the Yoast SEO plugin v24.4 - https:\/\/yoast.com\/wordpress\/plugins\/seo\/ -->\n<title>de for\u00e5rsaker ikke allergier - Nordnesrepublikken<\/title>\n<meta name=\"robots\" content=\"index, follow, max-snippet:-1, max-image-preview:large, max-video-preview:-1\" \/>\n<link rel=\"canonical\" href=\"https:\/\/nordnesrepublikken.no\/index.php\/2026\/04\/28\/de-forarsaker-ikke-allergier\/\" \/>\n<meta property=\"og:locale\" content=\"nb_NO\" \/>\n<meta property=\"og:type\" content=\"article\" \/>\n<meta property=\"og:title\" content=\"de for\u00e5rsaker ikke allergier - Nordnesrepublikken\" \/>\n<meta property=\"og:description\" content=\"Gatene og parkene i mange italienske byer er i disse dager invadert av &laquo;v\u00e5rsn\u00f8&raquo;, de\" \/>\n<meta property=\"og:url\" content=\"https:\/\/nordnesrepublikken.no\/index.php\/2026\/04\/28\/de-forarsaker-ikke-allergier\/\" \/>\n<meta property=\"og:site_name\" content=\"Nordnesrepublikken\" \/>\n<meta property=\"article:published_time\" content=\"2026-04-28T07:52:59+00:00\" \/>\n<meta property=\"article:modified_time\" content=\"2026-04-28T07:53:07+00:00\" \/>\n<meta property=\"og:image\" content=\"https:\/\/nordnesrepublikken.no\/wp-content\/uploads\/2026\/04\/1777362782_de-forarsaker-ikke-allergier-scaled.jpg\" \/>\n\t<meta property=\"og:image:width\" content=\"2560\" \/>\n\t<meta property=\"og:image:height\" content=\"1920\" \/>\n\t<meta property=\"og:image:type\" content=\"image\/jpeg\" \/>\n<meta name=\"author\" content=\"Ole Andersen\" \/>\n<meta name=\"twitter:card\" content=\"summary_large_image\" \/>\n<meta name=\"twitter:label1\" content=\"Skrevet av\" \/>\n\t<meta name=\"twitter:data1\" content=\"Ole Andersen\" \/>\n\t<meta name=\"twitter:label2\" content=\"Ansl. lesetid\" \/>\n\t<meta name=\"twitter:data2\" content=\"3 minutter\" \/>\n<script type=\"application\/ld+json\" class=\"yoast-schema-graph\">{\"@context\":\"https:\/\/schema.org\",\"@graph\":[{\"@type\":\"Article\",\"@id\":\"https:\/\/nordnesrepublikken.no\/index.php\/2026\/04\/28\/de-forarsaker-ikke-allergier\/#article\",\"isPartOf\":{\"@id\":\"https:\/\/nordnesrepublikken.no\/index.php\/2026\/04\/28\/de-forarsaker-ikke-allergier\/\"},\"author\":{\"name\":\"Ole Andersen\",\"@id\":\"https:\/\/nordnesrepublikken.no\/#\/schema\/person\/2e7e81935bab77882fffb79296240ff1\"},\"headline\":\"de for\u00e5rsaker ikke allergier\",\"datePublished\":\"2026-04-28T07:52:59+00:00\",\"dateModified\":\"2026-04-28T07:53:07+00:00\",\"mainEntityOfPage\":{\"@id\":\"https:\/\/nordnesrepublikken.no\/index.php\/2026\/04\/28\/de-forarsaker-ikke-allergier\/\"},\"wordCount\":576,\"publisher\":{\"@id\":\"https:\/\/nordnesrepublikken.no\/#organization\"},\"image\":{\"@id\":\"https:\/\/nordnesrepublikken.no\/index.php\/2026\/04\/28\/de-forarsaker-ikke-allergier\/#primaryimage\"},\"thumbnailUrl\":\"https:\/\/nordnesrepublikken.no\/wp-content\/uploads\/2026\/04\/1777362782_de-forarsaker-ikke-allergier-scaled.jpg\",\"keywords\":[\"allergier\",\"for\u00e5rsaker\",\"ikke\"],\"articleSection\":[\"Vitenskap\"],\"inLanguage\":\"nb-NO\"},{\"@type\":\"WebPage\",\"@id\":\"https:\/\/nordnesrepublikken.no\/index.php\/2026\/04\/28\/de-forarsaker-ikke-allergier\/\",\"url\":\"https:\/\/nordnesrepublikken.no\/index.php\/2026\/04\/28\/de-forarsaker-ikke-allergier\/\",\"name\":\"de for\u00e5rsaker ikke allergier - Nordnesrepublikken\",\"isPartOf\":{\"@id\":\"https:\/\/nordnesrepublikken.no\/#website\"},\"primaryImageOfPage\":{\"@id\":\"https:\/\/nordnesrepublikken.no\/index.php\/2026\/04\/28\/de-forarsaker-ikke-allergier\/#primaryimage\"},\"image\":{\"@id\":\"https:\/\/nordnesrepublikken.no\/index.php\/2026\/04\/28\/de-forarsaker-ikke-allergier\/#primaryimage\"},\"thumbnailUrl\":\"https:\/\/nordnesrepublikken.no\/wp-content\/uploads\/2026\/04\/1777362782_de-forarsaker-ikke-allergier-scaled.jpg\",\"datePublished\":\"2026-04-28T07:52:59+00:00\",\"dateModified\":\"2026-04-28T07:53:07+00:00\",\"breadcrumb\":{\"@id\":\"https:\/\/nordnesrepublikken.no\/index.php\/2026\/04\/28\/de-forarsaker-ikke-allergier\/#breadcrumb\"},\"inLanguage\":\"nb-NO\",\"potentialAction\":[{\"@type\":\"ReadAction\",\"target\":[\"https:\/\/nordnesrepublikken.no\/index.php\/2026\/04\/28\/de-forarsaker-ikke-allergier\/\"]}]},{\"@type\":\"ImageObject\",\"inLanguage\":\"nb-NO\",\"@id\":\"https:\/\/nordnesrepublikken.no\/index.php\/2026\/04\/28\/de-forarsaker-ikke-allergier\/#primaryimage\",\"url\":\"https:\/\/nordnesrepublikken.no\/wp-content\/uploads\/2026\/04\/1777362782_de-forarsaker-ikke-allergier-scaled.jpg\",\"contentUrl\":\"https:\/\/nordnesrepublikken.no\/wp-content\/uploads\/2026\/04\/1777362782_de-forarsaker-ikke-allergier-scaled.jpg\",\"width\":2560,\"height\":1920,\"caption\":\"de for\u00e5rsaker ikke allergier\"},{\"@type\":\"BreadcrumbList\",\"@id\":\"https:\/\/nordnesrepublikken.no\/index.php\/2026\/04\/28\/de-forarsaker-ikke-allergier\/#breadcrumb\",\"itemListElement\":[{\"@type\":\"ListItem\",\"position\":1,\"name\":\"Home\",\"item\":\"https:\/\/nordnesrepublikken.no\/\"},{\"@type\":\"ListItem\",\"position\":2,\"name\":\"de for\u00e5rsaker ikke allergier\"}]},{\"@type\":\"WebSite\",\"@id\":\"https:\/\/nordnesrepublikken.no\/#website\",\"url\":\"https:\/\/nordnesrepublikken.no\/\",\"name\":\"Nordnesrepublikken\",\"description\":\"Stemmer og Visjoner fra Republikkens Hjerte\",\"publisher\":{\"@id\":\"https:\/\/nordnesrepublikken.no\/#organization\"},\"potentialAction\":[{\"@type\":\"SearchAction\",\"target\":{\"@type\":\"EntryPoint\",\"urlTemplate\":\"https:\/\/nordnesrepublikken.no\/?s={search_term_string}\"},\"query-input\":{\"@type\":\"PropertyValueSpecification\",\"valueRequired\":true,\"valueName\":\"search_term_string\"}}],\"inLanguage\":\"nb-NO\"},{\"@type\":\"Organization\",\"@id\":\"https:\/\/nordnesrepublikken.no\/#organization\",\"name\":\"Nordnesrepublikken\",\"url\":\"https:\/\/nordnesrepublikken.no\/\",\"logo\":{\"@type\":\"ImageObject\",\"inLanguage\":\"nb-NO\",\"@id\":\"https:\/\/nordnesrepublikken.no\/#\/schema\/logo\/image\/\",\"url\":\"https:\/\/nordnesrepublikken.no\/wp-content\/uploads\/2025\/02\/cropped-nordnesrepublikken-2.png\",\"contentUrl\":\"https:\/\/nordnesrepublikken.no\/wp-content\/uploads\/2025\/02\/cropped-nordnesrepublikken-2.png\",\"width\":1248,\"height\":362,\"caption\":\"Nordnesrepublikken\"},\"image\":{\"@id\":\"https:\/\/nordnesrepublikken.no\/#\/schema\/logo\/image\/\"}},{\"@type\":\"Person\",\"@id\":\"https:\/\/nordnesrepublikken.no\/#\/schema\/person\/2e7e81935bab77882fffb79296240ff1\",\"name\":\"Ole Andersen\",\"image\":{\"@type\":\"ImageObject\",\"inLanguage\":\"nb-NO\",\"@id\":\"https:\/\/nordnesrepublikken.no\/#\/schema\/person\/image\/\",\"url\":\"https:\/\/nordnesrepublikken.no\/wp-content\/uploads\/2025\/02\/nordnesrepublikken-2-2-150x150.jpg\",\"contentUrl\":\"https:\/\/nordnesrepublikken.no\/wp-content\/uploads\/2025\/02\/nordnesrepublikken-2-2-150x150.jpg\",\"caption\":\"Ole Andersen\"},\"description\":\"Ettersom jeg vokste opp i Oslo, har jeg alltid v\u00e6rt fascinert av ordenes kraft og deres evne til \u00e5 skape endringer. Etter \u00e5 ha fullf\u00f8rt min utdannelse i kommunikasjon ved Universitetet i Bergen, fikk jeg muligheten til \u00e5 jobbe innen ulike medier, der jeg har s\u00f8kt \u00e5 belyse viktige samfunnssp\u00f8rsm\u00e5l. I dag, som redakt\u00f8r for Nordnesrepublikken, pr\u00f8ver jeg \u00e5 forene min kj\u00e6rlighet for journalistikk med min lidenskap for innovasjon og eventyr.\",\"sameAs\":[\"https:\/\/nordnesrepublikken.no\/\"]}]}<\/script>\n<!-- \/ Yoast SEO plugin. -->","yoast_head_json":{"title":"de for\u00e5rsaker ikke allergier - Nordnesrepublikken","robots":{"index":"index","follow":"follow","max-snippet":"max-snippet:-1","max-image-preview":"max-image-preview:large","max-video-preview":"max-video-preview:-1"},"canonical":"https:\/\/nordnesrepublikken.no\/index.php\/2026\/04\/28\/de-forarsaker-ikke-allergier\/","og_locale":"nb_NO","og_type":"article","og_title":"de for\u00e5rsaker ikke allergier - Nordnesrepublikken","og_description":"Gatene og parkene i mange italienske byer er i disse dager invadert av &laquo;v\u00e5rsn\u00f8&raquo;, de","og_url":"https:\/\/nordnesrepublikken.no\/index.php\/2026\/04\/28\/de-forarsaker-ikke-allergier\/","og_site_name":"Nordnesrepublikken","article_published_time":"2026-04-28T07:52:59+00:00","article_modified_time":"2026-04-28T07:53:07+00:00","og_image":[{"width":2560,"height":1920,"url":"https:\/\/nordnesrepublikken.no\/wp-content\/uploads\/2026\/04\/1777362782_de-forarsaker-ikke-allergier-scaled.jpg","type":"image\/jpeg"}],"author":"Ole Andersen","twitter_card":"summary_large_image","twitter_misc":{"Skrevet av":"Ole Andersen","Ansl. lesetid":"3 minutter"},"schema":{"@context":"https:\/\/schema.org","@graph":[{"@type":"Article","@id":"https:\/\/nordnesrepublikken.no\/index.php\/2026\/04\/28\/de-forarsaker-ikke-allergier\/#article","isPartOf":{"@id":"https:\/\/nordnesrepublikken.no\/index.php\/2026\/04\/28\/de-forarsaker-ikke-allergier\/"},"author":{"name":"Ole Andersen","@id":"https:\/\/nordnesrepublikken.no\/#\/schema\/person\/2e7e81935bab77882fffb79296240ff1"},"headline":"de for\u00e5rsaker ikke allergier","datePublished":"2026-04-28T07:52:59+00:00","dateModified":"2026-04-28T07:53:07+00:00","mainEntityOfPage":{"@id":"https:\/\/nordnesrepublikken.no\/index.php\/2026\/04\/28\/de-forarsaker-ikke-allergier\/"},"wordCount":576,"publisher":{"@id":"https:\/\/nordnesrepublikken.no\/#organization"},"image":{"@id":"https:\/\/nordnesrepublikken.no\/index.php\/2026\/04\/28\/de-forarsaker-ikke-allergier\/#primaryimage"},"thumbnailUrl":"https:\/\/nordnesrepublikken.no\/wp-content\/uploads\/2026\/04\/1777362782_de-forarsaker-ikke-allergier-scaled.jpg","keywords":["allergier","for\u00e5rsaker","ikke"],"articleSection":["Vitenskap"],"inLanguage":"nb-NO"},{"@type":"WebPage","@id":"https:\/\/nordnesrepublikken.no\/index.php\/2026\/04\/28\/de-forarsaker-ikke-allergier\/","url":"https:\/\/nordnesrepublikken.no\/index.php\/2026\/04\/28\/de-forarsaker-ikke-allergier\/","name":"de for\u00e5rsaker ikke allergier - Nordnesrepublikken","isPartOf":{"@id":"https:\/\/nordnesrepublikken.no\/#website"},"primaryImageOfPage":{"@id":"https:\/\/nordnesrepublikken.no\/index.php\/2026\/04\/28\/de-forarsaker-ikke-allergier\/#primaryimage"},"image":{"@id":"https:\/\/nordnesrepublikken.no\/index.php\/2026\/04\/28\/de-forarsaker-ikke-allergier\/#primaryimage"},"thumbnailUrl":"https:\/\/nordnesrepublikken.no\/wp-content\/uploads\/2026\/04\/1777362782_de-forarsaker-ikke-allergier-scaled.jpg","datePublished":"2026-04-28T07:52:59+00:00","dateModified":"2026-04-28T07:53:07+00:00","breadcrumb":{"@id":"https:\/\/nordnesrepublikken.no\/index.php\/2026\/04\/28\/de-forarsaker-ikke-allergier\/#breadcrumb"},"inLanguage":"nb-NO","potentialAction":[{"@type":"ReadAction","target":["https:\/\/nordnesrepublikken.no\/index.php\/2026\/04\/28\/de-forarsaker-ikke-allergier\/"]}]},{"@type":"ImageObject","inLanguage":"nb-NO","@id":"https:\/\/nordnesrepublikken.no\/index.php\/2026\/04\/28\/de-forarsaker-ikke-allergier\/#primaryimage","url":"https:\/\/nordnesrepublikken.no\/wp-content\/uploads\/2026\/04\/1777362782_de-forarsaker-ikke-allergier-scaled.jpg","contentUrl":"https:\/\/nordnesrepublikken.no\/wp-content\/uploads\/2026\/04\/1777362782_de-forarsaker-ikke-allergier-scaled.jpg","width":2560,"height":1920,"caption":"de for\u00e5rsaker ikke allergier"},{"@type":"BreadcrumbList","@id":"https:\/\/nordnesrepublikken.no\/index.php\/2026\/04\/28\/de-forarsaker-ikke-allergier\/#breadcrumb","itemListElement":[{"@type":"ListItem","position":1,"name":"Home","item":"https:\/\/nordnesrepublikken.no\/"},{"@type":"ListItem","position":2,"name":"de for\u00e5rsaker ikke allergier"}]},{"@type":"WebSite","@id":"https:\/\/nordnesrepublikken.no\/#website","url":"https:\/\/nordnesrepublikken.no\/","name":"Nordnesrepublikken","description":"Stemmer og Visjoner fra Republikkens Hjerte","publisher":{"@id":"https:\/\/nordnesrepublikken.no\/#organization"},"potentialAction":[{"@type":"SearchAction","target":{"@type":"EntryPoint","urlTemplate":"https:\/\/nordnesrepublikken.no\/?s={search_term_string}"},"query-input":{"@type":"PropertyValueSpecification","valueRequired":true,"valueName":"search_term_string"}}],"inLanguage":"nb-NO"},{"@type":"Organization","@id":"https:\/\/nordnesrepublikken.no\/#organization","name":"Nordnesrepublikken","url":"https:\/\/nordnesrepublikken.no\/","logo":{"@type":"ImageObject","inLanguage":"nb-NO","@id":"https:\/\/nordnesrepublikken.no\/#\/schema\/logo\/image\/","url":"https:\/\/nordnesrepublikken.no\/wp-content\/uploads\/2025\/02\/cropped-nordnesrepublikken-2.png","contentUrl":"https:\/\/nordnesrepublikken.no\/wp-content\/uploads\/2025\/02\/cropped-nordnesrepublikken-2.png","width":1248,"height":362,"caption":"Nordnesrepublikken"},"image":{"@id":"https:\/\/nordnesrepublikken.no\/#\/schema\/logo\/image\/"}},{"@type":"Person","@id":"https:\/\/nordnesrepublikken.no\/#\/schema\/person\/2e7e81935bab77882fffb79296240ff1","name":"Ole Andersen","image":{"@type":"ImageObject","inLanguage":"nb-NO","@id":"https:\/\/nordnesrepublikken.no\/#\/schema\/person\/image\/","url":"https:\/\/nordnesrepublikken.no\/wp-content\/uploads\/2025\/02\/nordnesrepublikken-2-2-150x150.jpg","contentUrl":"https:\/\/nordnesrepublikken.no\/wp-content\/uploads\/2025\/02\/nordnesrepublikken-2-2-150x150.jpg","caption":"Ole Andersen"},"description":"Ettersom jeg vokste opp i Oslo, har jeg alltid v\u00e6rt fascinert av ordenes kraft og deres evne til \u00e5 skape endringer. Etter \u00e5 ha fullf\u00f8rt min utdannelse i kommunikasjon ved Universitetet i Bergen, fikk jeg muligheten til \u00e5 jobbe innen ulike medier, der jeg har s\u00f8kt \u00e5 belyse viktige samfunnssp\u00f8rsm\u00e5l. I dag, som redakt\u00f8r for Nordnesrepublikken, pr\u00f8ver jeg \u00e5 forene min kj\u00e6rlighet for journalistikk med min lidenskap for innovasjon og eventyr.","sameAs":["https:\/\/nordnesrepublikken.no\/"]}]}},"_links":{"self":[{"href":"https:\/\/nordnesrepublikken.no\/index.php\/wp-json\/wp\/v2\/posts\/17526","targetHints":{"allow":["GET"]}}],"collection":[{"href":"https:\/\/nordnesrepublikken.no\/index.php\/wp-json\/wp\/v2\/posts"}],"about":[{"href":"https:\/\/nordnesrepublikken.no\/index.php\/wp-json\/wp\/v2\/types\/post"}],"author":[{"embeddable":true,"href":"https:\/\/nordnesrepublikken.no\/index.php\/wp-json\/wp\/v2\/users\/1"}],"replies":[{"embeddable":true,"href":"https:\/\/nordnesrepublikken.no\/index.php\/wp-json\/wp\/v2\/comments?post=17526"}],"version-history":[{"count":1,"href":"https:\/\/nordnesrepublikken.no\/index.php\/wp-json\/wp\/v2\/posts\/17526\/revisions"}],"predecessor-version":[{"id":17528,"href":"https:\/\/nordnesrepublikken.no\/index.php\/wp-json\/wp\/v2\/posts\/17526\/revisions\/17528"}],"wp:featuredmedia":[{"embeddable":true,"href":"https:\/\/nordnesrepublikken.no\/index.php\/wp-json\/wp\/v2\/media\/17527"}],"wp:attachment":[{"href":"https:\/\/nordnesrepublikken.no\/index.php\/wp-json\/wp\/v2\/media?parent=17526"}],"wp:term":[{"taxonomy":"category","embeddable":true,"href":"https:\/\/nordnesrepublikken.no\/index.php\/wp-json\/wp\/v2\/categories?post=17526"},{"taxonomy":"post_tag","embeddable":true,"href":"https:\/\/nordnesrepublikken.no\/index.php\/wp-json\/wp\/v2\/tags?post=17526"}],"curies":[{"name":"wp","href":"https:\/\/api.w.org\/{rel}","templated":true}]}}