{"id":17508,"date":"2026-04-27T19:27:44","date_gmt":"2026-04-27T17:27:44","guid":{"rendered":"https:\/\/nordnesrepublikken.no\/index.php\/2026\/04\/27\/ryanair-dropper-berlin-basen-og-kaller-den-europas-mest-sviktende-flyplass-etter-trafikknedgang\/"},"modified":"2026-04-27T19:27:46","modified_gmt":"2026-04-27T17:27:46","slug":"ryanair-dropper-berlin-basen-og-kaller-den-europas-mest-sviktende-flyplass-etter-trafikknedgang","status":"publish","type":"post","link":"https:\/\/nordnesrepublikken.no\/index.php\/2026\/04\/27\/ryanair-dropper-berlin-basen-og-kaller-den-europas-mest-sviktende-flyplass-etter-trafikknedgang\/","title":{"rendered":"Ryanair dropper Berlin-basen og kaller den &laquo;Europas mest sviktende flyplass&raquo; etter trafikknedgang"},"content":{"rendered":"<p><\/p>\n<div class=\"wordpress-content\">\n                    <!-- Article Start --><\/p>\n<p><span style=\"font-weight: 400\">Ryanair har kunngjort at de vil legge ned sin base i Berlin Brandenburg Airport (BER), og merke den som &laquo;Europas mest sviktende flyplass&raquo;, ettersom flyselskapet reagerer p\u00e5 fallende passasjertall og h\u00f8ye driftskostnader i Tyskland.<\/span><\/p>\n<p><span style=\"font-weight: 400\">Det irske lavprisselskapet bekreftet at det vil fase ut sin syvflyflybase i Berlin innen oktober 2026, og kutte rundt halvparten av kapasiteten i den tyske hovedstaden. Ryanair vil fortsette \u00e5 betjene Berlin-ruter, men vil ikke lenger stasjonere fly der, noe som betyr f\u00e6rre flyvninger, redusert frekvens og mindre fleksibilitet for reisende.<\/span><\/p>\n<h2><b>S\u00e5 hvorfor forlater Ryanair sin Berlin-base?<\/b><\/h2>\n<p><span style=\"font-weight: 400\">Flyselskapet sier at avgj\u00f8relsen kommer etter en betydelig nedgang i ettersp\u00f8rselen og det de beskriver som &laquo;uholdbare flyplassavgifter og luftfartsskatter&raquo;. If\u00f8lge Ryanair har Berlin sett passasjertrafikken falle med omtrent en fjerdedel sammenlignet med pre-pandemiske niv\u00e5er, med en kraftig \u00f8kning i driftskostnadene i samme periode. Tysklands luftfartsskattestruktur har blitt kritisert av Ryanair og sa at de \u00f8kte passasjeravgiftene og flyplassavgiftene har gjort det til et av Europas minst konkurranseutsatte markeder for lavprisflyging. <\/span><\/p>\n<div class=\"sra_unit\"><link rel=\"stylesheet\" id=\"block-sra\" href=\"https:\/\/euroweeklynews.com\/wp-content\/plugins\/snack-related-articles\/dist\/css\/snack-related.min.css?250312-193541\" type=\"text\/css\" media=\"all\">\n<\/div>\n<h2><b>Flyplassavgifter og fallende konkurranseevne i Tyskland<\/b><\/h2>\n<p><span style=\"font-weight: 400\">Berlins flyplassavgifter har \u00f8kt med rundt 50 % siden 2019. Med de ekstra h\u00f8yere skattene og \u00f8kningen i avgiftene, argumenterer Ryanair for at Tyskland priser ut lavprisselskaper og tvinger overgangen til andre mer konkurransedyktige markeder hovedsakelig i S\u00f8r- og \u00d8st-Europa. <\/span><\/p>\n<h2><b>Hva betyr flyttingen i virkeligheten for passasjerene, og svikter Berlin virkelig?<\/b><\/h2>\n<p><span style=\"font-weight: 400\">Passasjerer vil fortsatt kunne fly til og fra Berlin p\u00e5 Ryanair-ruter, bare med f\u00e6rre flyalternativer med eksperter som forutsier h\u00f8yere priser. <\/span><\/p>\n<p><span style=\"font-weight: 400\">Berlin Brandenburg lufthavn har faktisk avvist p\u00e5stander om at den svikter, og peker i stedet p\u00e5 en gradvis oppgang i passasjertall og p\u00e5g\u00e5ende diskusjoner med flyselskapene om avgifter og kapasitet.<\/span><\/p>\n<h2><b>Den bredere europeiske planen for Ryanair<\/b><\/h2>\n<p><span style=\"font-weight: 400\">Ryanairs trekk er en del av en st\u00f8rre strategi for \u00e5 omstille fly fra h\u00f8ykostbaser som Tyskland til raskere voksende, billigere markeder over hele Europa. Flyselskapet har i \u00f8kende grad ekspandert i land som Italia, Sverige og deler av \u00d8st-Europa, samtidig som det har kuttet ned driften i dyrere vesteuropeiske knutepunkter.<\/span><\/p>\n<p>                    <!-- Originally published at https:\/\/euroweeklynews.com\/2026\/04\/27\/ryanair-ditches-berlin-base-calling-it-europes-most-failing-airport-following-traffic-drop\/ on 27 Apr 2026 at 18:55 by Lucy Ramnought --><br \/>\n                    <!-- Article End -->\n                <\/div>\n","protected":false},"excerpt":{"rendered":"<p>Ryanair har kunngjort at de vil legge ned sin base i Berlin Brandenburg Airport (BER),<\/p>\n","protected":false},"author":1,"featured_media":17509,"comment_status":"closed","ping_status":"open","sticky":false,"template":"","format":"standard","meta":{"footnotes":""},"categories":[105],"tags":[11303,74,8729,92,2372,979,709,167,1079,11304,11305],"class_list":["post-17508","post","type-post","status-publish","format-standard","has-post-thumbnail","hentry","category-livsstil","tag-berlinbasen","tag-den","tag-dropper","tag-etter","tag-europas","tag-flyplass","tag-kaller","tag-mest","tag-ryanair","tag-sviktende","tag-trafikknedgang","generate-columns","tablet-grid-50","mobile-grid-100","grid-parent","grid-33","resize-featured-image"],"yoast_head":"<!-- This site is optimized with the Yoast SEO plugin v24.4 - https:\/\/yoast.com\/wordpress\/plugins\/seo\/ -->\n<title>Ryanair dropper Berlin-basen og kaller den &quot;Europas mest sviktende flyplass&quot; etter trafikknedgang - Nordnesrepublikken<\/title>\n<meta name=\"robots\" content=\"index, follow, max-snippet:-1, max-image-preview:large, max-video-preview:-1\" \/>\n<link rel=\"canonical\" href=\"https:\/\/nordnesrepublikken.no\/index.php\/2026\/04\/27\/ryanair-dropper-berlin-basen-og-kaller-den-europas-mest-sviktende-flyplass-etter-trafikknedgang\/\" \/>\n<meta property=\"og:locale\" content=\"nb_NO\" \/>\n<meta property=\"og:type\" content=\"article\" \/>\n<meta property=\"og:title\" content=\"Ryanair dropper Berlin-basen og kaller den &quot;Europas mest sviktende flyplass&quot; etter trafikknedgang - Nordnesrepublikken\" \/>\n<meta property=\"og:description\" content=\"Ryanair har kunngjort at de vil legge ned sin base i Berlin Brandenburg Airport (BER),\" \/>\n<meta property=\"og:url\" content=\"https:\/\/nordnesrepublikken.no\/index.php\/2026\/04\/27\/ryanair-dropper-berlin-basen-og-kaller-den-europas-mest-sviktende-flyplass-etter-trafikknedgang\/\" \/>\n<meta property=\"og:site_name\" content=\"Nordnesrepublikken\" \/>\n<meta property=\"article:published_time\" content=\"2026-04-27T17:27:44+00:00\" \/>\n<meta property=\"article:modified_time\" content=\"2026-04-27T17:27:46+00:00\" \/>\n<meta property=\"og:image\" content=\"https:\/\/nordnesrepublikken.no\/wp-content\/uploads\/2026\/04\/1777310866_Ryanair-dropper-Berlin-basen-og-kaller-den-Europas-mest-sviktende-flyplass.jpg\" \/>\n\t<meta property=\"og:image:width\" content=\"1200\" \/>\n\t<meta property=\"og:image:height\" content=\"800\" \/>\n\t<meta property=\"og:image:type\" content=\"image\/jpeg\" \/>\n<meta name=\"author\" content=\"Ole Andersen\" \/>\n<meta name=\"twitter:card\" content=\"summary_large_image\" \/>\n<meta name=\"twitter:label1\" content=\"Skrevet av\" \/>\n\t<meta name=\"twitter:data1\" content=\"Ole Andersen\" \/>\n\t<meta name=\"twitter:label2\" content=\"Ansl. lesetid\" \/>\n\t<meta name=\"twitter:data2\" content=\"2 minutter\" \/>\n<script type=\"application\/ld+json\" class=\"yoast-schema-graph\">{\"@context\":\"https:\/\/schema.org\",\"@graph\":[{\"@type\":\"Article\",\"@id\":\"https:\/\/nordnesrepublikken.no\/index.php\/2026\/04\/27\/ryanair-dropper-berlin-basen-og-kaller-den-europas-mest-sviktende-flyplass-etter-trafikknedgang\/#article\",\"isPartOf\":{\"@id\":\"https:\/\/nordnesrepublikken.no\/index.php\/2026\/04\/27\/ryanair-dropper-berlin-basen-og-kaller-den-europas-mest-sviktende-flyplass-etter-trafikknedgang\/\"},\"author\":{\"name\":\"Ole Andersen\",\"@id\":\"https:\/\/nordnesrepublikken.no\/#\/schema\/person\/2e7e81935bab77882fffb79296240ff1\"},\"headline\":\"Ryanair dropper Berlin-basen og kaller den &laquo;Europas mest sviktende flyplass&raquo; etter trafikknedgang\",\"datePublished\":\"2026-04-27T17:27:44+00:00\",\"dateModified\":\"2026-04-27T17:27:46+00:00\",\"mainEntityOfPage\":{\"@id\":\"https:\/\/nordnesrepublikken.no\/index.php\/2026\/04\/27\/ryanair-dropper-berlin-basen-og-kaller-den-europas-mest-sviktende-flyplass-etter-trafikknedgang\/\"},\"wordCount\":348,\"publisher\":{\"@id\":\"https:\/\/nordnesrepublikken.no\/#organization\"},\"image\":{\"@id\":\"https:\/\/nordnesrepublikken.no\/index.php\/2026\/04\/27\/ryanair-dropper-berlin-basen-og-kaller-den-europas-mest-sviktende-flyplass-etter-trafikknedgang\/#primaryimage\"},\"thumbnailUrl\":\"https:\/\/nordnesrepublikken.no\/wp-content\/uploads\/2026\/04\/1777310866_Ryanair-dropper-Berlin-basen-og-kaller-den-Europas-mest-sviktende-flyplass.jpg\",\"keywords\":[\"Berlinbasen\",\"den\",\"dropper\",\"Etter\",\"Europas\",\"flyplass\",\"kaller\",\"mest\",\"Ryanair\",\"sviktende\",\"trafikknedgang\"],\"articleSection\":[\"Livsstil\"],\"inLanguage\":\"nb-NO\"},{\"@type\":\"WebPage\",\"@id\":\"https:\/\/nordnesrepublikken.no\/index.php\/2026\/04\/27\/ryanair-dropper-berlin-basen-og-kaller-den-europas-mest-sviktende-flyplass-etter-trafikknedgang\/\",\"url\":\"https:\/\/nordnesrepublikken.no\/index.php\/2026\/04\/27\/ryanair-dropper-berlin-basen-og-kaller-den-europas-mest-sviktende-flyplass-etter-trafikknedgang\/\",\"name\":\"Ryanair dropper Berlin-basen og kaller den \\\"Europas mest sviktende flyplass\\\" etter trafikknedgang - Nordnesrepublikken\",\"isPartOf\":{\"@id\":\"https:\/\/nordnesrepublikken.no\/#website\"},\"primaryImageOfPage\":{\"@id\":\"https:\/\/nordnesrepublikken.no\/index.php\/2026\/04\/27\/ryanair-dropper-berlin-basen-og-kaller-den-europas-mest-sviktende-flyplass-etter-trafikknedgang\/#primaryimage\"},\"image\":{\"@id\":\"https:\/\/nordnesrepublikken.no\/index.php\/2026\/04\/27\/ryanair-dropper-berlin-basen-og-kaller-den-europas-mest-sviktende-flyplass-etter-trafikknedgang\/#primaryimage\"},\"thumbnailUrl\":\"https:\/\/nordnesrepublikken.no\/wp-content\/uploads\/2026\/04\/1777310866_Ryanair-dropper-Berlin-basen-og-kaller-den-Europas-mest-sviktende-flyplass.jpg\",\"datePublished\":\"2026-04-27T17:27:44+00:00\",\"dateModified\":\"2026-04-27T17:27:46+00:00\",\"breadcrumb\":{\"@id\":\"https:\/\/nordnesrepublikken.no\/index.php\/2026\/04\/27\/ryanair-dropper-berlin-basen-og-kaller-den-europas-mest-sviktende-flyplass-etter-trafikknedgang\/#breadcrumb\"},\"inLanguage\":\"nb-NO\",\"potentialAction\":[{\"@type\":\"ReadAction\",\"target\":[\"https:\/\/nordnesrepublikken.no\/index.php\/2026\/04\/27\/ryanair-dropper-berlin-basen-og-kaller-den-europas-mest-sviktende-flyplass-etter-trafikknedgang\/\"]}]},{\"@type\":\"ImageObject\",\"inLanguage\":\"nb-NO\",\"@id\":\"https:\/\/nordnesrepublikken.no\/index.php\/2026\/04\/27\/ryanair-dropper-berlin-basen-og-kaller-den-europas-mest-sviktende-flyplass-etter-trafikknedgang\/#primaryimage\",\"url\":\"https:\/\/nordnesrepublikken.no\/wp-content\/uploads\/2026\/04\/1777310866_Ryanair-dropper-Berlin-basen-og-kaller-den-Europas-mest-sviktende-flyplass.jpg\",\"contentUrl\":\"https:\/\/nordnesrepublikken.no\/wp-content\/uploads\/2026\/04\/1777310866_Ryanair-dropper-Berlin-basen-og-kaller-den-Europas-mest-sviktende-flyplass.jpg\",\"width\":1200,\"height\":800,\"caption\":\"Ryanair dropper Berlin-basen og kaller den \\\"Europas mest sviktende flyplass\\\" etter trafikknedgang\"},{\"@type\":\"BreadcrumbList\",\"@id\":\"https:\/\/nordnesrepublikken.no\/index.php\/2026\/04\/27\/ryanair-dropper-berlin-basen-og-kaller-den-europas-mest-sviktende-flyplass-etter-trafikknedgang\/#breadcrumb\",\"itemListElement\":[{\"@type\":\"ListItem\",\"position\":1,\"name\":\"Home\",\"item\":\"https:\/\/nordnesrepublikken.no\/\"},{\"@type\":\"ListItem\",\"position\":2,\"name\":\"Ryanair dropper Berlin-basen og kaller den &laquo;Europas mest sviktende flyplass&raquo; etter trafikknedgang\"}]},{\"@type\":\"WebSite\",\"@id\":\"https:\/\/nordnesrepublikken.no\/#website\",\"url\":\"https:\/\/nordnesrepublikken.no\/\",\"name\":\"Nordnesrepublikken\",\"description\":\"Stemmer og Visjoner fra Republikkens Hjerte\",\"publisher\":{\"@id\":\"https:\/\/nordnesrepublikken.no\/#organization\"},\"potentialAction\":[{\"@type\":\"SearchAction\",\"target\":{\"@type\":\"EntryPoint\",\"urlTemplate\":\"https:\/\/nordnesrepublikken.no\/?s={search_term_string}\"},\"query-input\":{\"@type\":\"PropertyValueSpecification\",\"valueRequired\":true,\"valueName\":\"search_term_string\"}}],\"inLanguage\":\"nb-NO\"},{\"@type\":\"Organization\",\"@id\":\"https:\/\/nordnesrepublikken.no\/#organization\",\"name\":\"Nordnesrepublikken\",\"url\":\"https:\/\/nordnesrepublikken.no\/\",\"logo\":{\"@type\":\"ImageObject\",\"inLanguage\":\"nb-NO\",\"@id\":\"https:\/\/nordnesrepublikken.no\/#\/schema\/logo\/image\/\",\"url\":\"https:\/\/nordnesrepublikken.no\/wp-content\/uploads\/2025\/02\/cropped-nordnesrepublikken-2.png\",\"contentUrl\":\"https:\/\/nordnesrepublikken.no\/wp-content\/uploads\/2025\/02\/cropped-nordnesrepublikken-2.png\",\"width\":1248,\"height\":362,\"caption\":\"Nordnesrepublikken\"},\"image\":{\"@id\":\"https:\/\/nordnesrepublikken.no\/#\/schema\/logo\/image\/\"}},{\"@type\":\"Person\",\"@id\":\"https:\/\/nordnesrepublikken.no\/#\/schema\/person\/2e7e81935bab77882fffb79296240ff1\",\"name\":\"Ole Andersen\",\"image\":{\"@type\":\"ImageObject\",\"inLanguage\":\"nb-NO\",\"@id\":\"https:\/\/nordnesrepublikken.no\/#\/schema\/person\/image\/\",\"url\":\"https:\/\/nordnesrepublikken.no\/wp-content\/uploads\/2025\/02\/nordnesrepublikken-2-2-150x150.jpg\",\"contentUrl\":\"https:\/\/nordnesrepublikken.no\/wp-content\/uploads\/2025\/02\/nordnesrepublikken-2-2-150x150.jpg\",\"caption\":\"Ole Andersen\"},\"description\":\"Ettersom jeg vokste opp i Oslo, har jeg alltid v\u00e6rt fascinert av ordenes kraft og deres evne til \u00e5 skape endringer. Etter \u00e5 ha fullf\u00f8rt min utdannelse i kommunikasjon ved Universitetet i Bergen, fikk jeg muligheten til \u00e5 jobbe innen ulike medier, der jeg har s\u00f8kt \u00e5 belyse viktige samfunnssp\u00f8rsm\u00e5l. I dag, som redakt\u00f8r for Nordnesrepublikken, pr\u00f8ver jeg \u00e5 forene min kj\u00e6rlighet for journalistikk med min lidenskap for innovasjon og eventyr.\",\"sameAs\":[\"https:\/\/nordnesrepublikken.no\/\"]}]}<\/script>\n<!-- \/ Yoast SEO plugin. -->","yoast_head_json":{"title":"Ryanair dropper Berlin-basen og kaller den \"Europas mest sviktende flyplass\" etter trafikknedgang - Nordnesrepublikken","robots":{"index":"index","follow":"follow","max-snippet":"max-snippet:-1","max-image-preview":"max-image-preview:large","max-video-preview":"max-video-preview:-1"},"canonical":"https:\/\/nordnesrepublikken.no\/index.php\/2026\/04\/27\/ryanair-dropper-berlin-basen-og-kaller-den-europas-mest-sviktende-flyplass-etter-trafikknedgang\/","og_locale":"nb_NO","og_type":"article","og_title":"Ryanair dropper Berlin-basen og kaller den \"Europas mest sviktende flyplass\" etter trafikknedgang - Nordnesrepublikken","og_description":"Ryanair har kunngjort at de vil legge ned sin base i Berlin Brandenburg Airport (BER),","og_url":"https:\/\/nordnesrepublikken.no\/index.php\/2026\/04\/27\/ryanair-dropper-berlin-basen-og-kaller-den-europas-mest-sviktende-flyplass-etter-trafikknedgang\/","og_site_name":"Nordnesrepublikken","article_published_time":"2026-04-27T17:27:44+00:00","article_modified_time":"2026-04-27T17:27:46+00:00","og_image":[{"width":1200,"height":800,"url":"https:\/\/nordnesrepublikken.no\/wp-content\/uploads\/2026\/04\/1777310866_Ryanair-dropper-Berlin-basen-og-kaller-den-Europas-mest-sviktende-flyplass.jpg","type":"image\/jpeg"}],"author":"Ole Andersen","twitter_card":"summary_large_image","twitter_misc":{"Skrevet av":"Ole Andersen","Ansl. lesetid":"2 minutter"},"schema":{"@context":"https:\/\/schema.org","@graph":[{"@type":"Article","@id":"https:\/\/nordnesrepublikken.no\/index.php\/2026\/04\/27\/ryanair-dropper-berlin-basen-og-kaller-den-europas-mest-sviktende-flyplass-etter-trafikknedgang\/#article","isPartOf":{"@id":"https:\/\/nordnesrepublikken.no\/index.php\/2026\/04\/27\/ryanair-dropper-berlin-basen-og-kaller-den-europas-mest-sviktende-flyplass-etter-trafikknedgang\/"},"author":{"name":"Ole Andersen","@id":"https:\/\/nordnesrepublikken.no\/#\/schema\/person\/2e7e81935bab77882fffb79296240ff1"},"headline":"Ryanair dropper Berlin-basen og kaller den &laquo;Europas mest sviktende flyplass&raquo; etter trafikknedgang","datePublished":"2026-04-27T17:27:44+00:00","dateModified":"2026-04-27T17:27:46+00:00","mainEntityOfPage":{"@id":"https:\/\/nordnesrepublikken.no\/index.php\/2026\/04\/27\/ryanair-dropper-berlin-basen-og-kaller-den-europas-mest-sviktende-flyplass-etter-trafikknedgang\/"},"wordCount":348,"publisher":{"@id":"https:\/\/nordnesrepublikken.no\/#organization"},"image":{"@id":"https:\/\/nordnesrepublikken.no\/index.php\/2026\/04\/27\/ryanair-dropper-berlin-basen-og-kaller-den-europas-mest-sviktende-flyplass-etter-trafikknedgang\/#primaryimage"},"thumbnailUrl":"https:\/\/nordnesrepublikken.no\/wp-content\/uploads\/2026\/04\/1777310866_Ryanair-dropper-Berlin-basen-og-kaller-den-Europas-mest-sviktende-flyplass.jpg","keywords":["Berlinbasen","den","dropper","Etter","Europas","flyplass","kaller","mest","Ryanair","sviktende","trafikknedgang"],"articleSection":["Livsstil"],"inLanguage":"nb-NO"},{"@type":"WebPage","@id":"https:\/\/nordnesrepublikken.no\/index.php\/2026\/04\/27\/ryanair-dropper-berlin-basen-og-kaller-den-europas-mest-sviktende-flyplass-etter-trafikknedgang\/","url":"https:\/\/nordnesrepublikken.no\/index.php\/2026\/04\/27\/ryanair-dropper-berlin-basen-og-kaller-den-europas-mest-sviktende-flyplass-etter-trafikknedgang\/","name":"Ryanair dropper Berlin-basen og kaller den \"Europas mest sviktende flyplass\" etter trafikknedgang - Nordnesrepublikken","isPartOf":{"@id":"https:\/\/nordnesrepublikken.no\/#website"},"primaryImageOfPage":{"@id":"https:\/\/nordnesrepublikken.no\/index.php\/2026\/04\/27\/ryanair-dropper-berlin-basen-og-kaller-den-europas-mest-sviktende-flyplass-etter-trafikknedgang\/#primaryimage"},"image":{"@id":"https:\/\/nordnesrepublikken.no\/index.php\/2026\/04\/27\/ryanair-dropper-berlin-basen-og-kaller-den-europas-mest-sviktende-flyplass-etter-trafikknedgang\/#primaryimage"},"thumbnailUrl":"https:\/\/nordnesrepublikken.no\/wp-content\/uploads\/2026\/04\/1777310866_Ryanair-dropper-Berlin-basen-og-kaller-den-Europas-mest-sviktende-flyplass.jpg","datePublished":"2026-04-27T17:27:44+00:00","dateModified":"2026-04-27T17:27:46+00:00","breadcrumb":{"@id":"https:\/\/nordnesrepublikken.no\/index.php\/2026\/04\/27\/ryanair-dropper-berlin-basen-og-kaller-den-europas-mest-sviktende-flyplass-etter-trafikknedgang\/#breadcrumb"},"inLanguage":"nb-NO","potentialAction":[{"@type":"ReadAction","target":["https:\/\/nordnesrepublikken.no\/index.php\/2026\/04\/27\/ryanair-dropper-berlin-basen-og-kaller-den-europas-mest-sviktende-flyplass-etter-trafikknedgang\/"]}]},{"@type":"ImageObject","inLanguage":"nb-NO","@id":"https:\/\/nordnesrepublikken.no\/index.php\/2026\/04\/27\/ryanair-dropper-berlin-basen-og-kaller-den-europas-mest-sviktende-flyplass-etter-trafikknedgang\/#primaryimage","url":"https:\/\/nordnesrepublikken.no\/wp-content\/uploads\/2026\/04\/1777310866_Ryanair-dropper-Berlin-basen-og-kaller-den-Europas-mest-sviktende-flyplass.jpg","contentUrl":"https:\/\/nordnesrepublikken.no\/wp-content\/uploads\/2026\/04\/1777310866_Ryanair-dropper-Berlin-basen-og-kaller-den-Europas-mest-sviktende-flyplass.jpg","width":1200,"height":800,"caption":"Ryanair dropper Berlin-basen og kaller den \"Europas mest sviktende flyplass\" etter trafikknedgang"},{"@type":"BreadcrumbList","@id":"https:\/\/nordnesrepublikken.no\/index.php\/2026\/04\/27\/ryanair-dropper-berlin-basen-og-kaller-den-europas-mest-sviktende-flyplass-etter-trafikknedgang\/#breadcrumb","itemListElement":[{"@type":"ListItem","position":1,"name":"Home","item":"https:\/\/nordnesrepublikken.no\/"},{"@type":"ListItem","position":2,"name":"Ryanair dropper Berlin-basen og kaller den &laquo;Europas mest sviktende flyplass&raquo; etter trafikknedgang"}]},{"@type":"WebSite","@id":"https:\/\/nordnesrepublikken.no\/#website","url":"https:\/\/nordnesrepublikken.no\/","name":"Nordnesrepublikken","description":"Stemmer og Visjoner fra Republikkens Hjerte","publisher":{"@id":"https:\/\/nordnesrepublikken.no\/#organization"},"potentialAction":[{"@type":"SearchAction","target":{"@type":"EntryPoint","urlTemplate":"https:\/\/nordnesrepublikken.no\/?s={search_term_string}"},"query-input":{"@type":"PropertyValueSpecification","valueRequired":true,"valueName":"search_term_string"}}],"inLanguage":"nb-NO"},{"@type":"Organization","@id":"https:\/\/nordnesrepublikken.no\/#organization","name":"Nordnesrepublikken","url":"https:\/\/nordnesrepublikken.no\/","logo":{"@type":"ImageObject","inLanguage":"nb-NO","@id":"https:\/\/nordnesrepublikken.no\/#\/schema\/logo\/image\/","url":"https:\/\/nordnesrepublikken.no\/wp-content\/uploads\/2025\/02\/cropped-nordnesrepublikken-2.png","contentUrl":"https:\/\/nordnesrepublikken.no\/wp-content\/uploads\/2025\/02\/cropped-nordnesrepublikken-2.png","width":1248,"height":362,"caption":"Nordnesrepublikken"},"image":{"@id":"https:\/\/nordnesrepublikken.no\/#\/schema\/logo\/image\/"}},{"@type":"Person","@id":"https:\/\/nordnesrepublikken.no\/#\/schema\/person\/2e7e81935bab77882fffb79296240ff1","name":"Ole Andersen","image":{"@type":"ImageObject","inLanguage":"nb-NO","@id":"https:\/\/nordnesrepublikken.no\/#\/schema\/person\/image\/","url":"https:\/\/nordnesrepublikken.no\/wp-content\/uploads\/2025\/02\/nordnesrepublikken-2-2-150x150.jpg","contentUrl":"https:\/\/nordnesrepublikken.no\/wp-content\/uploads\/2025\/02\/nordnesrepublikken-2-2-150x150.jpg","caption":"Ole Andersen"},"description":"Ettersom jeg vokste opp i Oslo, har jeg alltid v\u00e6rt fascinert av ordenes kraft og deres evne til \u00e5 skape endringer. Etter \u00e5 ha fullf\u00f8rt min utdannelse i kommunikasjon ved Universitetet i Bergen, fikk jeg muligheten til \u00e5 jobbe innen ulike medier, der jeg har s\u00f8kt \u00e5 belyse viktige samfunnssp\u00f8rsm\u00e5l. I dag, som redakt\u00f8r for Nordnesrepublikken, pr\u00f8ver jeg \u00e5 forene min kj\u00e6rlighet for journalistikk med min lidenskap for innovasjon og eventyr.","sameAs":["https:\/\/nordnesrepublikken.no\/"]}]}},"_links":{"self":[{"href":"https:\/\/nordnesrepublikken.no\/index.php\/wp-json\/wp\/v2\/posts\/17508","targetHints":{"allow":["GET"]}}],"collection":[{"href":"https:\/\/nordnesrepublikken.no\/index.php\/wp-json\/wp\/v2\/posts"}],"about":[{"href":"https:\/\/nordnesrepublikken.no\/index.php\/wp-json\/wp\/v2\/types\/post"}],"author":[{"embeddable":true,"href":"https:\/\/nordnesrepublikken.no\/index.php\/wp-json\/wp\/v2\/users\/1"}],"replies":[{"embeddable":true,"href":"https:\/\/nordnesrepublikken.no\/index.php\/wp-json\/wp\/v2\/comments?post=17508"}],"version-history":[{"count":1,"href":"https:\/\/nordnesrepublikken.no\/index.php\/wp-json\/wp\/v2\/posts\/17508\/revisions"}],"predecessor-version":[{"id":17510,"href":"https:\/\/nordnesrepublikken.no\/index.php\/wp-json\/wp\/v2\/posts\/17508\/revisions\/17510"}],"wp:featuredmedia":[{"embeddable":true,"href":"https:\/\/nordnesrepublikken.no\/index.php\/wp-json\/wp\/v2\/media\/17509"}],"wp:attachment":[{"href":"https:\/\/nordnesrepublikken.no\/index.php\/wp-json\/wp\/v2\/media?parent=17508"}],"wp:term":[{"taxonomy":"category","embeddable":true,"href":"https:\/\/nordnesrepublikken.no\/index.php\/wp-json\/wp\/v2\/categories?post=17508"},{"taxonomy":"post_tag","embeddable":true,"href":"https:\/\/nordnesrepublikken.no\/index.php\/wp-json\/wp\/v2\/tags?post=17508"}],"curies":[{"name":"wp","href":"https:\/\/api.w.org\/{rel}","templated":true}]}}