{"id":17505,"date":"2026-04-27T18:27:56","date_gmt":"2026-04-27T16:27:56","guid":{"rendered":"https:\/\/nordnesrepublikken.no\/index.php\/2026\/04\/27\/sawes-all-time-rekord-i-london-takket-vaere-vaer-og-sko\/"},"modified":"2026-04-27T18:27:59","modified_gmt":"2026-04-27T16:27:59","slug":"sawes-all-time-rekord-i-london-takket-vaere-vaer-og-sko","status":"publish","type":"post","link":"https:\/\/nordnesrepublikken.no\/index.php\/2026\/04\/27\/sawes-all-time-rekord-i-london-takket-vaere-vaer-og-sko\/","title":{"rendered":"Sawes all-time rekord i London takket v\u00e6re v\u00e6r og sko"},"content":{"rendered":"<div>\n<div class=\"cp_wrapper cp_wrapper--fw mb-30 mb-20@tablet\">\n<figure class=\"mm\"><picture class=\"img\" style=\"padding-top:56.25%\"><source  media=\"(min-width: 1024px)\"><source  media=\"(min-width: 768px)\"><\/source><\/source><\/picture><\/figure>\n<\/p><\/div>\n<p>Londons gater var scenen for noe mange trodde de aldri ville se: et menneske som l\u00f8p en maraton i <strong>mindre enn to timer<\/strong> i offisiell stand. Og ikke bare \u00e9n: to i samme l\u00f8p s\u00f8ndag 26. april 2026, med 3 menn under forrige verdensrekord og den nye rekorden ogs\u00e5 satt for kvinner. 31 \u00e5r gamle Sebastian Sawe krysset m\u00e5lstreken med tiden 1:59:30. London Marathon 2026 var ikke alene <strong>det raskeste l\u00f8pet noensinne<\/strong>men ogs\u00e5 en sportsdag som vil forbli i historien.<\/p>\n<h2>Maraton under to timer i London: Sawes rekord omskriver historien<\/h2>\n<p>Kenyaneren <strong>Sabastian Sawe<\/strong> vant London Marathon 2026 i <strong>1 time, 59 minutter og 30 sekunder<\/strong>og ble det f\u00f8rste mennesket til \u00e5 l\u00f8pe et offisielt maraton p\u00e5 under to timer. Han forbedret den forrige verdensrekorden p\u00e5 <strong>65 sekunder<\/strong>en enorm margin p\u00e5 disse niv\u00e5ene. Etiopieren tok andreplassen <strong>Yomif Kejelcha<\/strong>som stoppet klokken <strong>1:59:41<\/strong> i sin absolutte debut p\u00e5 maraton. P\u00e5 tredjeplass var den mest etterlengtede dagen f\u00f8r, ugandieren <strong>Jacob Kiplimo<\/strong> med 2:00:28: en tid som igjen ville sette ny verdensrekord. I et enkelt l\u00f8p l\u00f8p tre atleter raskere enn noen i historien.<\/p>\n<p>Blant kvinner, etiopiske <strong>Tigist Assefa<\/strong> forsvarte tittelen som ble vunnet i fjor ved \u00e5 vinne inn <strong>2:15:41<\/strong>og forbedret sin egen verdensrekord med 9 sekunder. Bak henne, <strong>Hellen Obiri<\/strong> hun ble nummer to<strong> 2:15:53<\/strong> Og <strong>Joyciline Jepkosgei<\/strong> tredje inn <strong>2:15:55<\/strong> Det er f\u00f8rste gang i historien at tre kvinner har fullf\u00f8rt et maraton under 2:16 i samme l\u00f8p.<\/p>\n<h2>En uoverkommelig grense og Kipchoges fors\u00f8k<\/h2>\n<p>Maraton er langt<strong> 42.195 kilometer<\/strong> og \u00e5 kj\u00f8re den p\u00e5 mindre enn to timer betyr \u00e5 opprettholde en gjennomsnittshastighet p\u00e5 litt over <strong>21 km\/t<\/strong> for hele distansen, og dekker hver kilometer mindre enn <strong>2 minutter og 50 sekunder<\/strong>. Siden begynnelsen av det 21. \u00e5rhundre har store kenyanske og etiopiske maratonl\u00f8pere begynt \u00e5 gradvis senke rekordene sine, fra rundt 2 timer og 6 minutter til den skjebnesvangre terskelen p\u00e5 to timer: Haile Gebrselassie, Wilson Kipsang, Eliud Kipchoge, Kelvin Kiptum. Fremgangen var jevn, men den to timer lange barrieren virket alltid utenfor rekkevidde,<strong> fysisk uoppn\u00e5elig i et vanlig l\u00f8p<\/strong>.<\/p>\n<p>I 2017 og 2019 ble det arrangert to spesifikke arrangementer (men <strong>ikke-regulerende<\/strong>) for \u00e5 overvinne denne barrieren som s\u00e5 den doble olympiske mesteren som hovedpersonen <strong>Eliud Kipchoge<\/strong>. I utformede situasjoner <em>ad hoc<\/em>med mange <em><strong>pacemaker<\/strong><\/em>  (ekspertl\u00f8pere som veileder ut\u00f8verne mot en forh\u00e5ndsbestemt siste tid, holder et konstant tempo) for \u00e5 bytte, <strong>innovative sko<\/strong> og v\u00e6rforholdene studert til perfeksjon, klarte den kenyanske mesteren \u00e5 l\u00f8pe maraton <strong>1:59:40<\/strong> 12. oktober 2019 i Wien, og beviste at det var mulig \u00e5 bryte totimersgrensen, men sannsynligvis ikke under klassiske racingforhold.<\/p>\n<h2>Hvorfor London spesielt? Gunstige sko og v\u00e6rforhold<\/h2>\n<p>London Marathon har f\u00e5tt et rykte de siste \u00e5rene for \u00e5 v\u00e6re det <strong>den raskeste kretsen<\/strong> blant World Marathon Majors (de seks store verdensmaratonene: Tokyo, Boston, London, Berlin, Chicago, New York). Banen er flat, fra Blackheath til m\u00e5lstreken p\u00e5 kj\u00f8pesenteret, foran Buckingham Palace. De <strong>v\u00e6rforhold<\/strong> av \u00e5rets utgave var praktisk talt perfekt for ut\u00f8verne: starttemperatur rundt <strong>10\u00b0C<\/strong>med maksimalt<strong> 17\u00b0C<\/strong> i l\u00f8pet av formiddagen, lett og gunstig vind i siste del av l\u00f8pet, ingen regn.<\/p>\n<p>S\u00e5 er det faktoren <strong>sko<\/strong>: de to mennene som l\u00f8p under to timer, samt vinneren blant kvinnene, bar den splitter nye Adidas Adizero Adios Pro Evo 3, som ble presentert offentlig for noen dager siden og annonsert som en liten revolusjon for idrettsut\u00f8vere p\u00e5 h\u00f8yt niv\u00e5, med kun <strong>97 gram vekt <\/strong>og a <strong>ny design kan forbedre kj\u00f8re\u00f8konomien med 1,6 %<\/strong> sammenlignet med forrige modell. Oversatt til et maraton p\u00e5 h\u00f8yt niv\u00e5, gj\u00f8r det<strong>1,6 % mindre innsats<\/strong> sammenlignet med motstandere betyr det faktisk \u00e5 ha muligheten til \u00e5 ankomme der ingen hadde ankommet f\u00f8r. Dette er et nytt skritt fremover i verden av s\u00e5kalte <strong>&laquo;super sko&raquo;<\/strong> med karbonplate som har revolusjonert l\u00f8peverdenen de siste 10 \u00e5rene, og forbedret ytelsen til idrettsut\u00f8vere betydelig.<\/p>\n<p>De<strong>enormt potensial<\/strong> av de konkurrerende ut\u00f8verne. Hvis &laquo;harene&raquo; i den f\u00f8rste delen gjorde en eksemplarisk jobb med \u00e5 lede gruppen, i andre halvdel av l\u00f8pet, f\u00f8rte niv\u00e5et til de tre f\u00f8rste klassifiserte dem til \u00e5 presse seg selv forbi den grensen som virket uoverkommelig, og l\u00f8p de siste 21 km p\u00e5 bare 59:01.<\/p>\n<h2>Debuten og rekorden til andremann Yomif Kejelcha<\/h2>\n<p>Vinneren <strong>Sabastian Kimaru Sawe<\/strong>Kenyan f\u00f8dt i 1996, debuterte p\u00e5 maraton f\u00f8rst i desember 2024, i Valencia, og vant i <strong>2:02:05<\/strong>en av de raskeste nybegynnere i historien. Den i London var hans alene <strong>fjerde maraton<\/strong> i karrieren, men han hadde alltid fullf\u00f8rt de tre foreg\u00e5ende gangene under 2:03. Men hvis Sawes historie er ekstraordin\u00e6r, s\u00e5 er den til andremann Yomif Kejelcha <strong>nesten usannsynlig<\/strong>. Blant de beste i verden p\u00e5 kortere distanser, tidligere rekordholder p\u00e5 halvmaraton og innend\u00f8rsmil, i London var han p\u00e5 <strong>f\u00f8rste maraton i karrieren<\/strong>konkluderte i <strong>1:59:41<\/strong>: historiens beste debut, en ekstraordin\u00e6r tid som imidlertid ikke garanterte ham verken seier eller gleden ved \u00e5 sette verdensrekord.<\/p>\n<\/p><\/div>\n","protected":false},"excerpt":{"rendered":"<p>Londons gater var scenen for noe mange trodde de aldri ville se: et menneske som<\/p>\n","protected":false},"author":1,"featured_media":17506,"comment_status":"closed","ping_status":"open","sticky":false,"template":"","format":"standard","meta":{"footnotes":""},"categories":[104],"tags":[11302,249,4864,11301,5957,289,532,290],"class_list":["post-17505","post","type-post","status-publish","format-standard","has-post-thumbnail","hentry","category-samfunn","tag-alltime","tag-london","tag-rekord","tag-sawes","tag-sko","tag-takket","tag-vaer","tag-vaere","generate-columns","tablet-grid-50","mobile-grid-100","grid-parent","grid-33","resize-featured-image"],"yoast_head":"<!-- This site is optimized with the Yoast SEO plugin v24.4 - https:\/\/yoast.com\/wordpress\/plugins\/seo\/ -->\n<title>Sawes all-time rekord i London takket v\u00e6re v\u00e6r og sko - Nordnesrepublikken<\/title>\n<meta name=\"robots\" content=\"index, follow, max-snippet:-1, max-image-preview:large, max-video-preview:-1\" \/>\n<link rel=\"canonical\" href=\"https:\/\/nordnesrepublikken.no\/index.php\/2026\/04\/27\/sawes-all-time-rekord-i-london-takket-vaere-vaer-og-sko\/\" \/>\n<meta property=\"og:locale\" content=\"nb_NO\" \/>\n<meta property=\"og:type\" content=\"article\" \/>\n<meta property=\"og:title\" content=\"Sawes all-time rekord i London takket v\u00e6re v\u00e6r og sko - Nordnesrepublikken\" \/>\n<meta property=\"og:description\" content=\"Londons gater var scenen for noe mange trodde de aldri ville se: et menneske som\" \/>\n<meta property=\"og:url\" content=\"https:\/\/nordnesrepublikken.no\/index.php\/2026\/04\/27\/sawes-all-time-rekord-i-london-takket-vaere-vaer-og-sko\/\" \/>\n<meta property=\"og:site_name\" content=\"Nordnesrepublikken\" \/>\n<meta property=\"article:published_time\" content=\"2026-04-27T16:27:56+00:00\" \/>\n<meta property=\"article:modified_time\" content=\"2026-04-27T16:27:59+00:00\" \/>\n<meta property=\"og:image\" content=\"https:\/\/nordnesrepublikken.no\/wp-content\/uploads\/2026\/04\/1777307278_Sawes-all-time-rekord-i-London-takket-vaere-vaer-og-sko.jpg\" \/>\n\t<meta property=\"og:image:width\" content=\"1890\" \/>\n\t<meta property=\"og:image:height\" content=\"1063\" \/>\n\t<meta property=\"og:image:type\" content=\"image\/jpeg\" \/>\n<meta name=\"author\" content=\"Ole Andersen\" \/>\n<meta name=\"twitter:card\" content=\"summary_large_image\" \/>\n<meta name=\"twitter:label1\" content=\"Skrevet av\" \/>\n\t<meta name=\"twitter:data1\" content=\"Ole Andersen\" \/>\n\t<meta name=\"twitter:label2\" content=\"Ansl. lesetid\" \/>\n\t<meta name=\"twitter:data2\" content=\"4 minutter\" \/>\n<script type=\"application\/ld+json\" class=\"yoast-schema-graph\">{\"@context\":\"https:\/\/schema.org\",\"@graph\":[{\"@type\":\"Article\",\"@id\":\"https:\/\/nordnesrepublikken.no\/index.php\/2026\/04\/27\/sawes-all-time-rekord-i-london-takket-vaere-vaer-og-sko\/#article\",\"isPartOf\":{\"@id\":\"https:\/\/nordnesrepublikken.no\/index.php\/2026\/04\/27\/sawes-all-time-rekord-i-london-takket-vaere-vaer-og-sko\/\"},\"author\":{\"name\":\"Ole Andersen\",\"@id\":\"https:\/\/nordnesrepublikken.no\/#\/schema\/person\/2e7e81935bab77882fffb79296240ff1\"},\"headline\":\"Sawes all-time rekord i London takket v\u00e6re v\u00e6r og sko\",\"datePublished\":\"2026-04-27T16:27:56+00:00\",\"dateModified\":\"2026-04-27T16:27:59+00:00\",\"mainEntityOfPage\":{\"@id\":\"https:\/\/nordnesrepublikken.no\/index.php\/2026\/04\/27\/sawes-all-time-rekord-i-london-takket-vaere-vaer-og-sko\/\"},\"wordCount\":809,\"publisher\":{\"@id\":\"https:\/\/nordnesrepublikken.no\/#organization\"},\"image\":{\"@id\":\"https:\/\/nordnesrepublikken.no\/index.php\/2026\/04\/27\/sawes-all-time-rekord-i-london-takket-vaere-vaer-og-sko\/#primaryimage\"},\"thumbnailUrl\":\"https:\/\/nordnesrepublikken.no\/wp-content\/uploads\/2026\/04\/1777307278_Sawes-all-time-rekord-i-London-takket-vaere-vaer-og-sko.jpg\",\"keywords\":[\"alltime\",\"London\",\"rekord\",\"Sawes\",\"sko\",\"takket\",\"v\u00e6r\",\"v\u00e6re\"],\"articleSection\":[\"Samfunn\"],\"inLanguage\":\"nb-NO\"},{\"@type\":\"WebPage\",\"@id\":\"https:\/\/nordnesrepublikken.no\/index.php\/2026\/04\/27\/sawes-all-time-rekord-i-london-takket-vaere-vaer-og-sko\/\",\"url\":\"https:\/\/nordnesrepublikken.no\/index.php\/2026\/04\/27\/sawes-all-time-rekord-i-london-takket-vaere-vaer-og-sko\/\",\"name\":\"Sawes all-time rekord i London takket v\u00e6re v\u00e6r og sko - Nordnesrepublikken\",\"isPartOf\":{\"@id\":\"https:\/\/nordnesrepublikken.no\/#website\"},\"primaryImageOfPage\":{\"@id\":\"https:\/\/nordnesrepublikken.no\/index.php\/2026\/04\/27\/sawes-all-time-rekord-i-london-takket-vaere-vaer-og-sko\/#primaryimage\"},\"image\":{\"@id\":\"https:\/\/nordnesrepublikken.no\/index.php\/2026\/04\/27\/sawes-all-time-rekord-i-london-takket-vaere-vaer-og-sko\/#primaryimage\"},\"thumbnailUrl\":\"https:\/\/nordnesrepublikken.no\/wp-content\/uploads\/2026\/04\/1777307278_Sawes-all-time-rekord-i-London-takket-vaere-vaer-og-sko.jpg\",\"datePublished\":\"2026-04-27T16:27:56+00:00\",\"dateModified\":\"2026-04-27T16:27:59+00:00\",\"breadcrumb\":{\"@id\":\"https:\/\/nordnesrepublikken.no\/index.php\/2026\/04\/27\/sawes-all-time-rekord-i-london-takket-vaere-vaer-og-sko\/#breadcrumb\"},\"inLanguage\":\"nb-NO\",\"potentialAction\":[{\"@type\":\"ReadAction\",\"target\":[\"https:\/\/nordnesrepublikken.no\/index.php\/2026\/04\/27\/sawes-all-time-rekord-i-london-takket-vaere-vaer-og-sko\/\"]}]},{\"@type\":\"ImageObject\",\"inLanguage\":\"nb-NO\",\"@id\":\"https:\/\/nordnesrepublikken.no\/index.php\/2026\/04\/27\/sawes-all-time-rekord-i-london-takket-vaere-vaer-og-sko\/#primaryimage\",\"url\":\"https:\/\/nordnesrepublikken.no\/wp-content\/uploads\/2026\/04\/1777307278_Sawes-all-time-rekord-i-London-takket-vaere-vaer-og-sko.jpg\",\"contentUrl\":\"https:\/\/nordnesrepublikken.no\/wp-content\/uploads\/2026\/04\/1777307278_Sawes-all-time-rekord-i-London-takket-vaere-vaer-og-sko.jpg\",\"width\":1890,\"height\":1063,\"caption\":\"Sawes all-time rekord i London takket v\u00e6re v\u00e6r og sko\"},{\"@type\":\"BreadcrumbList\",\"@id\":\"https:\/\/nordnesrepublikken.no\/index.php\/2026\/04\/27\/sawes-all-time-rekord-i-london-takket-vaere-vaer-og-sko\/#breadcrumb\",\"itemListElement\":[{\"@type\":\"ListItem\",\"position\":1,\"name\":\"Home\",\"item\":\"https:\/\/nordnesrepublikken.no\/\"},{\"@type\":\"ListItem\",\"position\":2,\"name\":\"Sawes all-time rekord i London takket v\u00e6re v\u00e6r og sko\"}]},{\"@type\":\"WebSite\",\"@id\":\"https:\/\/nordnesrepublikken.no\/#website\",\"url\":\"https:\/\/nordnesrepublikken.no\/\",\"name\":\"Nordnesrepublikken\",\"description\":\"Stemmer og Visjoner fra Republikkens Hjerte\",\"publisher\":{\"@id\":\"https:\/\/nordnesrepublikken.no\/#organization\"},\"potentialAction\":[{\"@type\":\"SearchAction\",\"target\":{\"@type\":\"EntryPoint\",\"urlTemplate\":\"https:\/\/nordnesrepublikken.no\/?s={search_term_string}\"},\"query-input\":{\"@type\":\"PropertyValueSpecification\",\"valueRequired\":true,\"valueName\":\"search_term_string\"}}],\"inLanguage\":\"nb-NO\"},{\"@type\":\"Organization\",\"@id\":\"https:\/\/nordnesrepublikken.no\/#organization\",\"name\":\"Nordnesrepublikken\",\"url\":\"https:\/\/nordnesrepublikken.no\/\",\"logo\":{\"@type\":\"ImageObject\",\"inLanguage\":\"nb-NO\",\"@id\":\"https:\/\/nordnesrepublikken.no\/#\/schema\/logo\/image\/\",\"url\":\"https:\/\/nordnesrepublikken.no\/wp-content\/uploads\/2025\/02\/cropped-nordnesrepublikken-2.png\",\"contentUrl\":\"https:\/\/nordnesrepublikken.no\/wp-content\/uploads\/2025\/02\/cropped-nordnesrepublikken-2.png\",\"width\":1248,\"height\":362,\"caption\":\"Nordnesrepublikken\"},\"image\":{\"@id\":\"https:\/\/nordnesrepublikken.no\/#\/schema\/logo\/image\/\"}},{\"@type\":\"Person\",\"@id\":\"https:\/\/nordnesrepublikken.no\/#\/schema\/person\/2e7e81935bab77882fffb79296240ff1\",\"name\":\"Ole Andersen\",\"image\":{\"@type\":\"ImageObject\",\"inLanguage\":\"nb-NO\",\"@id\":\"https:\/\/nordnesrepublikken.no\/#\/schema\/person\/image\/\",\"url\":\"https:\/\/nordnesrepublikken.no\/wp-content\/uploads\/2025\/02\/nordnesrepublikken-2-2-150x150.jpg\",\"contentUrl\":\"https:\/\/nordnesrepublikken.no\/wp-content\/uploads\/2025\/02\/nordnesrepublikken-2-2-150x150.jpg\",\"caption\":\"Ole Andersen\"},\"description\":\"Ettersom jeg vokste opp i Oslo, har jeg alltid v\u00e6rt fascinert av ordenes kraft og deres evne til \u00e5 skape endringer. Etter \u00e5 ha fullf\u00f8rt min utdannelse i kommunikasjon ved Universitetet i Bergen, fikk jeg muligheten til \u00e5 jobbe innen ulike medier, der jeg har s\u00f8kt \u00e5 belyse viktige samfunnssp\u00f8rsm\u00e5l. I dag, som redakt\u00f8r for Nordnesrepublikken, pr\u00f8ver jeg \u00e5 forene min kj\u00e6rlighet for journalistikk med min lidenskap for innovasjon og eventyr.\",\"sameAs\":[\"https:\/\/nordnesrepublikken.no\/\"]}]}<\/script>\n<!-- \/ Yoast SEO plugin. -->","yoast_head_json":{"title":"Sawes all-time rekord i London takket v\u00e6re v\u00e6r og sko - Nordnesrepublikken","robots":{"index":"index","follow":"follow","max-snippet":"max-snippet:-1","max-image-preview":"max-image-preview:large","max-video-preview":"max-video-preview:-1"},"canonical":"https:\/\/nordnesrepublikken.no\/index.php\/2026\/04\/27\/sawes-all-time-rekord-i-london-takket-vaere-vaer-og-sko\/","og_locale":"nb_NO","og_type":"article","og_title":"Sawes all-time rekord i London takket v\u00e6re v\u00e6r og sko - Nordnesrepublikken","og_description":"Londons gater var scenen for noe mange trodde de aldri ville se: et menneske som","og_url":"https:\/\/nordnesrepublikken.no\/index.php\/2026\/04\/27\/sawes-all-time-rekord-i-london-takket-vaere-vaer-og-sko\/","og_site_name":"Nordnesrepublikken","article_published_time":"2026-04-27T16:27:56+00:00","article_modified_time":"2026-04-27T16:27:59+00:00","og_image":[{"width":1890,"height":1063,"url":"https:\/\/nordnesrepublikken.no\/wp-content\/uploads\/2026\/04\/1777307278_Sawes-all-time-rekord-i-London-takket-vaere-vaer-og-sko.jpg","type":"image\/jpeg"}],"author":"Ole Andersen","twitter_card":"summary_large_image","twitter_misc":{"Skrevet av":"Ole Andersen","Ansl. lesetid":"4 minutter"},"schema":{"@context":"https:\/\/schema.org","@graph":[{"@type":"Article","@id":"https:\/\/nordnesrepublikken.no\/index.php\/2026\/04\/27\/sawes-all-time-rekord-i-london-takket-vaere-vaer-og-sko\/#article","isPartOf":{"@id":"https:\/\/nordnesrepublikken.no\/index.php\/2026\/04\/27\/sawes-all-time-rekord-i-london-takket-vaere-vaer-og-sko\/"},"author":{"name":"Ole Andersen","@id":"https:\/\/nordnesrepublikken.no\/#\/schema\/person\/2e7e81935bab77882fffb79296240ff1"},"headline":"Sawes all-time rekord i London takket v\u00e6re v\u00e6r og sko","datePublished":"2026-04-27T16:27:56+00:00","dateModified":"2026-04-27T16:27:59+00:00","mainEntityOfPage":{"@id":"https:\/\/nordnesrepublikken.no\/index.php\/2026\/04\/27\/sawes-all-time-rekord-i-london-takket-vaere-vaer-og-sko\/"},"wordCount":809,"publisher":{"@id":"https:\/\/nordnesrepublikken.no\/#organization"},"image":{"@id":"https:\/\/nordnesrepublikken.no\/index.php\/2026\/04\/27\/sawes-all-time-rekord-i-london-takket-vaere-vaer-og-sko\/#primaryimage"},"thumbnailUrl":"https:\/\/nordnesrepublikken.no\/wp-content\/uploads\/2026\/04\/1777307278_Sawes-all-time-rekord-i-London-takket-vaere-vaer-og-sko.jpg","keywords":["alltime","London","rekord","Sawes","sko","takket","v\u00e6r","v\u00e6re"],"articleSection":["Samfunn"],"inLanguage":"nb-NO"},{"@type":"WebPage","@id":"https:\/\/nordnesrepublikken.no\/index.php\/2026\/04\/27\/sawes-all-time-rekord-i-london-takket-vaere-vaer-og-sko\/","url":"https:\/\/nordnesrepublikken.no\/index.php\/2026\/04\/27\/sawes-all-time-rekord-i-london-takket-vaere-vaer-og-sko\/","name":"Sawes all-time rekord i London takket v\u00e6re v\u00e6r og sko - Nordnesrepublikken","isPartOf":{"@id":"https:\/\/nordnesrepublikken.no\/#website"},"primaryImageOfPage":{"@id":"https:\/\/nordnesrepublikken.no\/index.php\/2026\/04\/27\/sawes-all-time-rekord-i-london-takket-vaere-vaer-og-sko\/#primaryimage"},"image":{"@id":"https:\/\/nordnesrepublikken.no\/index.php\/2026\/04\/27\/sawes-all-time-rekord-i-london-takket-vaere-vaer-og-sko\/#primaryimage"},"thumbnailUrl":"https:\/\/nordnesrepublikken.no\/wp-content\/uploads\/2026\/04\/1777307278_Sawes-all-time-rekord-i-London-takket-vaere-vaer-og-sko.jpg","datePublished":"2026-04-27T16:27:56+00:00","dateModified":"2026-04-27T16:27:59+00:00","breadcrumb":{"@id":"https:\/\/nordnesrepublikken.no\/index.php\/2026\/04\/27\/sawes-all-time-rekord-i-london-takket-vaere-vaer-og-sko\/#breadcrumb"},"inLanguage":"nb-NO","potentialAction":[{"@type":"ReadAction","target":["https:\/\/nordnesrepublikken.no\/index.php\/2026\/04\/27\/sawes-all-time-rekord-i-london-takket-vaere-vaer-og-sko\/"]}]},{"@type":"ImageObject","inLanguage":"nb-NO","@id":"https:\/\/nordnesrepublikken.no\/index.php\/2026\/04\/27\/sawes-all-time-rekord-i-london-takket-vaere-vaer-og-sko\/#primaryimage","url":"https:\/\/nordnesrepublikken.no\/wp-content\/uploads\/2026\/04\/1777307278_Sawes-all-time-rekord-i-London-takket-vaere-vaer-og-sko.jpg","contentUrl":"https:\/\/nordnesrepublikken.no\/wp-content\/uploads\/2026\/04\/1777307278_Sawes-all-time-rekord-i-London-takket-vaere-vaer-og-sko.jpg","width":1890,"height":1063,"caption":"Sawes all-time rekord i London takket v\u00e6re v\u00e6r og sko"},{"@type":"BreadcrumbList","@id":"https:\/\/nordnesrepublikken.no\/index.php\/2026\/04\/27\/sawes-all-time-rekord-i-london-takket-vaere-vaer-og-sko\/#breadcrumb","itemListElement":[{"@type":"ListItem","position":1,"name":"Home","item":"https:\/\/nordnesrepublikken.no\/"},{"@type":"ListItem","position":2,"name":"Sawes all-time rekord i London takket v\u00e6re v\u00e6r og sko"}]},{"@type":"WebSite","@id":"https:\/\/nordnesrepublikken.no\/#website","url":"https:\/\/nordnesrepublikken.no\/","name":"Nordnesrepublikken","description":"Stemmer og Visjoner fra Republikkens Hjerte","publisher":{"@id":"https:\/\/nordnesrepublikken.no\/#organization"},"potentialAction":[{"@type":"SearchAction","target":{"@type":"EntryPoint","urlTemplate":"https:\/\/nordnesrepublikken.no\/?s={search_term_string}"},"query-input":{"@type":"PropertyValueSpecification","valueRequired":true,"valueName":"search_term_string"}}],"inLanguage":"nb-NO"},{"@type":"Organization","@id":"https:\/\/nordnesrepublikken.no\/#organization","name":"Nordnesrepublikken","url":"https:\/\/nordnesrepublikken.no\/","logo":{"@type":"ImageObject","inLanguage":"nb-NO","@id":"https:\/\/nordnesrepublikken.no\/#\/schema\/logo\/image\/","url":"https:\/\/nordnesrepublikken.no\/wp-content\/uploads\/2025\/02\/cropped-nordnesrepublikken-2.png","contentUrl":"https:\/\/nordnesrepublikken.no\/wp-content\/uploads\/2025\/02\/cropped-nordnesrepublikken-2.png","width":1248,"height":362,"caption":"Nordnesrepublikken"},"image":{"@id":"https:\/\/nordnesrepublikken.no\/#\/schema\/logo\/image\/"}},{"@type":"Person","@id":"https:\/\/nordnesrepublikken.no\/#\/schema\/person\/2e7e81935bab77882fffb79296240ff1","name":"Ole Andersen","image":{"@type":"ImageObject","inLanguage":"nb-NO","@id":"https:\/\/nordnesrepublikken.no\/#\/schema\/person\/image\/","url":"https:\/\/nordnesrepublikken.no\/wp-content\/uploads\/2025\/02\/nordnesrepublikken-2-2-150x150.jpg","contentUrl":"https:\/\/nordnesrepublikken.no\/wp-content\/uploads\/2025\/02\/nordnesrepublikken-2-2-150x150.jpg","caption":"Ole Andersen"},"description":"Ettersom jeg vokste opp i Oslo, har jeg alltid v\u00e6rt fascinert av ordenes kraft og deres evne til \u00e5 skape endringer. Etter \u00e5 ha fullf\u00f8rt min utdannelse i kommunikasjon ved Universitetet i Bergen, fikk jeg muligheten til \u00e5 jobbe innen ulike medier, der jeg har s\u00f8kt \u00e5 belyse viktige samfunnssp\u00f8rsm\u00e5l. I dag, som redakt\u00f8r for Nordnesrepublikken, pr\u00f8ver jeg \u00e5 forene min kj\u00e6rlighet for journalistikk med min lidenskap for innovasjon og eventyr.","sameAs":["https:\/\/nordnesrepublikken.no\/"]}]}},"_links":{"self":[{"href":"https:\/\/nordnesrepublikken.no\/index.php\/wp-json\/wp\/v2\/posts\/17505","targetHints":{"allow":["GET"]}}],"collection":[{"href":"https:\/\/nordnesrepublikken.no\/index.php\/wp-json\/wp\/v2\/posts"}],"about":[{"href":"https:\/\/nordnesrepublikken.no\/index.php\/wp-json\/wp\/v2\/types\/post"}],"author":[{"embeddable":true,"href":"https:\/\/nordnesrepublikken.no\/index.php\/wp-json\/wp\/v2\/users\/1"}],"replies":[{"embeddable":true,"href":"https:\/\/nordnesrepublikken.no\/index.php\/wp-json\/wp\/v2\/comments?post=17505"}],"version-history":[{"count":1,"href":"https:\/\/nordnesrepublikken.no\/index.php\/wp-json\/wp\/v2\/posts\/17505\/revisions"}],"predecessor-version":[{"id":17507,"href":"https:\/\/nordnesrepublikken.no\/index.php\/wp-json\/wp\/v2\/posts\/17505\/revisions\/17507"}],"wp:featuredmedia":[{"embeddable":true,"href":"https:\/\/nordnesrepublikken.no\/index.php\/wp-json\/wp\/v2\/media\/17506"}],"wp:attachment":[{"href":"https:\/\/nordnesrepublikken.no\/index.php\/wp-json\/wp\/v2\/media?parent=17505"}],"wp:term":[{"taxonomy":"category","embeddable":true,"href":"https:\/\/nordnesrepublikken.no\/index.php\/wp-json\/wp\/v2\/categories?post=17505"},{"taxonomy":"post_tag","embeddable":true,"href":"https:\/\/nordnesrepublikken.no\/index.php\/wp-json\/wp\/v2\/tags?post=17505"}],"curies":[{"name":"wp","href":"https:\/\/api.w.org\/{rel}","templated":true}]}}