{"id":17502,"date":"2026-04-27T17:40:08","date_gmt":"2026-04-27T15:40:08","guid":{"rendered":"https:\/\/nordnesrepublikken.no\/index.php\/2026\/04\/27\/okonomiske-konsekvenser-og-prisokninger\/"},"modified":"2026-04-27T17:40:11","modified_gmt":"2026-04-27T15:40:11","slug":"okonomiske-konsekvenser-og-prisokninger","status":"publish","type":"post","link":"https:\/\/nordnesrepublikken.no\/index.php\/2026\/04\/27\/okonomiske-konsekvenser-og-prisokninger\/","title":{"rendered":"\u00f8konomiske konsekvenser og pris\u00f8kninger"},"content":{"rendered":"<div>\n<div class=\"cp_wrapper cp_wrapper--fw mb-30 mb-20@tablet\">\n<figure class=\"mm\"><picture class=\"img\" style=\"padding-top:56.25%\"><source  media=\"(min-width: 1024px)\"><source  media=\"(min-width: 768px)\"><\/source><\/source><\/picture><\/figure>\n<\/p><\/div>\n<p>Siden utbruddet av<strong> krig i Iran<\/strong> og blokkering av <strong>Hormuzstredet<\/strong> vi har sett prisene stige. I f\u00f8lge analysedataene til <em>Facile.it<\/em>som beregnet hvor mye mer forbrukerne brukte de siste to m\u00e5nedene enn italienerne allerede ville ha brukt <strong>1,7 milliarder euro mer<\/strong>. Dette tallet stammer i stor grad fra<strong>\u00f8kning i drivstoffprisene<\/strong> (1,2 milliarder euro) og kom igjen <strong>\u00f8kning i str\u00f8m- og gassregninger<\/strong> (500 millioner euro). Allerede i begynnelsen av mars snakket estimatene om en mulig \u00f8kning p\u00e5 opptil 166 euro per \u00e5r p\u00e5 elektrisitet og gass for hver italiensk familie, og ISTAT rapporterer ogs\u00e5 \u00f8kningen i matvareprisene. I f\u00f8lge data fra<strong> Bekjennere<\/strong>treffer \u00f8kningen i str\u00f8m- og gassprisene <strong>ogs\u00e5 handels- og reiselivsbedrifter<\/strong>med en \u00f8kning som kan n\u00e5 900 millioner euro innen utgangen av \u00e5ret. Men la oss se p\u00e5 \u00f8kningene i detalj.<\/p>\n<h2><b>\u00d8kningen i str\u00f8m- og gassregninger p\u00e5 grunn av krigen i Iran: opptil 40 euro mer<\/b><\/h2>\n<p>I f\u00f8lge analysen<strong>neste regning for mars og april<\/strong> vil se for alle som har en indeksert prisforsyningskontrakt i det frie markedet (dvs. en kontrakt der prisen som betales hver m\u00e5ned ikke er fast, men f\u00f8lger trenden i engrosenergimarkedene) en <strong>pris\u00f8kning p\u00e5 over 40 euro<\/strong>for en totalsum i hele Italia p\u00e5 <strong>500 millioner euro<\/strong>.<\/p>\n<p>Regninger forventes \u00e5 f\u00e5 st\u00f8rst innvirkning <strong>gass<\/strong>: for en gjennomsnittlig familie, som bruker 1100 smc (standard kubikkmeter), vil gjennomsnittsregningen for mars-april v\u00e6re ca. <strong>263 euro<\/strong> (<strong>+16 %<\/strong>36 euro mer enn de ville ha brukt hvis prisene ikke hadde \u00f8kt). For denne beregningen, <em>Facile.it<\/em> brukte verdiene kommunisert av departementet for milj\u00f8 og energisikkerhet (avdeling II i Generaldirektoratet for energikilder og kvalifikasjoner). N\u00e5r det gjelder regningene til <strong>lys<\/strong>igjen tatt i betraktning forbruket til en typisk familie (lik 2000 kWh), vil regningene for mars og april n\u00e5 110 euro, noe som markerer en <strong>+5<\/strong>%.<\/p>\n<h2><b>Drivstoffpriser, bensin og diesel<\/b><\/h2>\n<p>If\u00f8lge analysen er drivstoffprisene de prisene som har hatt st\u00f8rst vekst: 1,2 milliarder euro brukt mer enn hva vi ville ha brukt hvis tariffene hadde v\u00e6rt de samme som f\u00f8r konflikten.<\/p>\n<p>Tatt i betraktning prisen p\u00e5 bensin og diesel oppdatert per 26.04.2026 og en kj\u00f8relengde p\u00e5 10 000 km, bruker en bilist i l\u00f8pet av et \u00e5r:<\/p>\n<ul>\n<li>cirka 1.147 euro i bensin, <strong>50 euro mer (5%)<\/strong> sammenlignet med prognoser f\u00f8r konflikten i februar;<\/li>\n<li>rundt 1 132 euro i diesel, med en \u00f8kning p\u00e5 20 %,<strong> det er 192 euro.<\/strong><\/li>\n<\/ul>\n<p>For godstransportsektoren er \u00f8kningen enda mer betydelig: Hvis en lastebilsj\u00e5f\u00f8r pleide \u00e5 bruke 1 283 euro for \u00e5 reise 3 000 km, bruker han i dag 1 544 (<strong>+262 euro<\/strong>).<\/p>\n<h2><b>ISTAT-data om kostnadene for elektrisitet, gass, drivstoff og matvarer<\/b><\/h2>\n<p>I f\u00f8lge i<strong> ISTAT data<\/strong>i mars 2026 var inflasjonen p\u00e5 <strong>+1,7 %<\/strong> p\u00e5 \u00e5rsbasis (fra +1,5 % i februar), som bekrefter det forel\u00f8pige anslaget. Denne \u00f8kningen skyldes hovedsakelig \u00f8kningen av <strong>regulerte energipriser<\/strong> (fra -11,6 % til -1,6 %, innenlandsk elektrisitet og gass, hvis priser oppdateres kvartalsvis av den offentlige reguleringsmyndigheten ARERA), som steg kraftig etter m\u00e5neder med nedgang, og uregulert (fra -6,2 % til -2,0 %, er drivstoff ved pumpen, bensin og diesel, prisene p\u00e5 disse er fritt dannet p\u00e5 markedet).<\/p>\n<p>Videre er det p\u00e5 grunn av akselerasjonen av <strong>\u00f8kning i prisene p\u00e5 uforedlet mat<\/strong> (fra +3,7 % til +4,7 % p\u00e5 \u00e5rsbasis), dvs. frukt, gr\u00f8nnsaker, ferskt kj\u00f8tt, fisk, egg og generelt alt som ikke er bearbeidet p\u00e5 industrielt niv\u00e5. Dette er produktene med de mest variable prisene, fordi de avhenger av \u00e5rstider, avlinger og v\u00e6r &#8211; og i fremtiden kan de ogs\u00e5 avhenge av <strong>mangel p\u00e5 gj\u00f8dsel<\/strong>gitt at en tredjedel av den globale handelen med gj\u00f8dselr\u00e5varer g\u00e5r gjennom Hormuzstredet.<\/p>\n<p>ISTAT bemerker at i f\u00f8rste kvartal 2026 s\u00e5 familier med lav inntekt prisene deres vokse mindre (+1,0 %) enn rikere familier (+1,6 %). Hvordan kommer det seg? Fordi mindre bemidlede husholdninger bruker en st\u00f8rre andel p\u00e5 energi og basismat, kategorier som i denne perioden fortsatt nyter godt av fjor\u00e5rets nedgang, mens familier med h\u00f8yere forbruk ogs\u00e5 kj\u00f8per tjenester og varige varer, hvis priskategorier har vokst mer.<\/p>\n<div class=\"cp_wrapper cp_wrapper--fw mb-50\">\n<figure class=\"mm\"><picture class=\"img\" style=\"padding-top:56.27990430622%\"><source  media=\"(min-width: 1024px)\"><source  media=\"(min-width: 768px)\"><img decoding=\"async\" loading=\"lazy\" src=\"https:\/\/nordnesrepublikken.no\/wp-content\/uploads\/2026\/04\/1777304408_620_okonomiske-konsekvenser-og-prisokninger.jpg\" alt=\"Bilde\" width=\"1672\" height=\"941\"\/><\/source><\/source><\/picture><\/figure>\n<\/p><\/div>\n<h2><b>Variable boligl\u00e5nsrenter <\/b><\/h2>\n<p>Avdrag p\u00e5 boligl\u00e5n har ogs\u00e5 gjenopptatt veksten, selv om ECB enn\u00e5 ikke har intervenert p\u00e5 rentene (noe eksperter forventer vil skje i juni). Dette skjer p\u00e5 grunn av referanseindeksen <strong>Euribor<\/strong>renten som europeiske banker l\u00e5ner penger til hverandre til, som foregriper ECBs forventninger til fremtidige renter. Derfor, selv om ECB enn\u00e5 ikke har hevet offisielle renter, <strong>markedene forventer at den gj\u00f8r det<\/strong> p\u00e5 grunn av inflasjonspresset knyttet til krigen i Iran, og dermed stiger Euribor.<\/p>\n<p>Dette er grunnen til at avdrag av <strong>variable boligl\u00e5n<\/strong> de \u00f8ker allerede: Euribor har steget med 15 basispunkter siden krigens utbrudd til dags dato, med topper p\u00e5 +25 basispunkter p\u00e5 3-m\u00e5neders Euribor (renten som er mest brukt som referanse for boligl\u00e5n, som gjenspeiler kostnadene for et interbankl\u00e5n med en varighet p\u00e5 tre m\u00e5neder). Vanligvis er det slik at jo lengre l\u00f8petid, desto h\u00f8yere har renten en tendens til \u00e5 v\u00e6re, ettersom usikkerheten om fremtiden er st\u00f8rre.<\/p>\n<p>Hvordan oversettes denne \u00f8kningen? I ca <strong>5 euro mer i aprilavdrag<\/strong> og inn <strong>en ytterligere \u00f8kning p\u00e5 5 euro i mai<\/strong> (beregnet p\u00e5 et standard variabelt l\u00e5n tatt opp de siste \u00e5rene, dvs. et boligl\u00e5n p\u00e5 126 000 euro over 25 \u00e5r, tilsvarende 70 % av verdien av den kj\u00f8pte eiendommen). Dessverre sp\u00e5r estimater at det ikke vil v\u00e6re den siste \u00f8kningen: ser p\u00e5 Euribor-futureskontraktene, det vil si hva markedene forventer at Euribor vil v\u00e6re verdt i de kommende m\u00e5nedene, kan avdraget p\u00e5 et standard boligl\u00e5n passere <strong>fra dagens 620 euro til 642 euro<\/strong> ved begynnelsen av andre semester, med ankomst kl <strong>rundt 660 euro innen utgangen av \u00e5ret.<\/strong> I dette tilfellet, beregningen av analysen av <em>Facile.it<\/em> er basert p\u00e5 standard finansiering tegnet fra og med 2022.<\/p>\n<h2><strong>Virkningen p\u00e5 den italienske \u00f8konomien if\u00f8lge Confesercenti<br \/><\/strong><\/h2>\n<p>Pris\u00f8kningene rammer ikke bare familier. <strong>If\u00f8lge Confesercenti-anslag<\/strong>utdypet med Innova Research, sl\u00e5r \u00f8kningen i str\u00f8m- og gassprisene inn <strong>ogs\u00e5 handels- og reiselivsbedrifter<\/strong>med en samlet byrde p\u00e5 regninger som kan n\u00e5 nesten 900 millioner euro innen utgangen av 2026, for et gjennomsnitt p\u00e5 ca. <strong>1500 euro<\/strong> etter aktivitet i 2026. De mest utsatte sektorene er catering (+1 830 euro estimert for en restaurant) og gjestfrihet (+2 723 euro for et 30-roms hotell).<\/p>\n<p>N\u00e5r det gjelder det makro\u00f8konomiske rammeverket, igjen if\u00f8lge Confesercenti-estimater, kan den forventede veksten i italiensk BNP for 2026 reduseres med 0,3 prosentpoeng i to m\u00e5neder med konflikt, tilsvarende 9,7 milliarder euro mindre enn prognosene f\u00f8r krigen. <strong>Forbruket vil bremse med 3,9 milliarder<\/strong>mens investeringer, holdt tilbake av \u00f8kende kostnader og usikkerhet, kan falle med 7,7 milliarder. Bekreftelse kommer ogs\u00e5 fra <strong>Det internasjonale pengefondet<\/strong>som i sin siste World Economic Outlook reviderte Italias vekstanslag ned til 0,5 % for 2026 og 2027, og kuttet 0,2 prosentpoeng sammenlignet med prognosene i januar.<\/p>\n<\/p><\/div>\n","protected":false},"excerpt":{"rendered":"<p>Siden utbruddet av krig i Iran og blokkering av Hormuzstredet vi har sett prisene stige.<\/p>\n","protected":false},"author":1,"featured_media":17503,"comment_status":"closed","ping_status":"open","sticky":false,"template":"","format":"standard","meta":{"footnotes":""},"categories":[26],"tags":[332,427,9088],"class_list":["post-17502","post","type-post","status-publish","format-standard","has-post-thumbnail","hentry","category-miljo","tag-konsekvenser","tag-okonomiske","tag-prisokninger","generate-columns","tablet-grid-50","mobile-grid-100","grid-parent","grid-33","resize-featured-image"],"yoast_head":"<!-- This site is optimized with the Yoast SEO plugin v24.4 - https:\/\/yoast.com\/wordpress\/plugins\/seo\/ -->\n<title>\u00f8konomiske konsekvenser og pris\u00f8kninger - Nordnesrepublikken<\/title>\n<meta name=\"robots\" content=\"index, follow, max-snippet:-1, max-image-preview:large, max-video-preview:-1\" \/>\n<link rel=\"canonical\" href=\"https:\/\/nordnesrepublikken.no\/index.php\/2026\/04\/27\/okonomiske-konsekvenser-og-prisokninger\/\" \/>\n<meta property=\"og:locale\" content=\"nb_NO\" \/>\n<meta property=\"og:type\" content=\"article\" \/>\n<meta property=\"og:title\" content=\"\u00f8konomiske konsekvenser og pris\u00f8kninger - Nordnesrepublikken\" \/>\n<meta property=\"og:description\" content=\"Siden utbruddet av krig i Iran og blokkering av Hormuzstredet vi har sett prisene stige.\" \/>\n<meta property=\"og:url\" content=\"https:\/\/nordnesrepublikken.no\/index.php\/2026\/04\/27\/okonomiske-konsekvenser-og-prisokninger\/\" \/>\n<meta property=\"og:site_name\" content=\"Nordnesrepublikken\" \/>\n<meta property=\"article:published_time\" content=\"2026-04-27T15:40:08+00:00\" \/>\n<meta property=\"article:modified_time\" content=\"2026-04-27T15:40:11+00:00\" \/>\n<meta property=\"og:image\" content=\"https:\/\/nordnesrepublikken.no\/wp-content\/uploads\/2026\/04\/1777304410_okonomiske-konsekvenser-og-prisokninger.jpg\" \/>\n\t<meta property=\"og:image:width\" content=\"1376\" \/>\n\t<meta property=\"og:image:height\" content=\"768\" \/>\n\t<meta property=\"og:image:type\" content=\"image\/jpeg\" \/>\n<meta name=\"author\" content=\"Ole Andersen\" \/>\n<meta name=\"twitter:card\" content=\"summary_large_image\" \/>\n<meta name=\"twitter:label1\" content=\"Skrevet av\" \/>\n\t<meta name=\"twitter:data1\" content=\"Ole Andersen\" \/>\n\t<meta name=\"twitter:label2\" content=\"Ansl. lesetid\" \/>\n\t<meta name=\"twitter:data2\" content=\"5 minutter\" \/>\n<script type=\"application\/ld+json\" class=\"yoast-schema-graph\">{\"@context\":\"https:\/\/schema.org\",\"@graph\":[{\"@type\":\"Article\",\"@id\":\"https:\/\/nordnesrepublikken.no\/index.php\/2026\/04\/27\/okonomiske-konsekvenser-og-prisokninger\/#article\",\"isPartOf\":{\"@id\":\"https:\/\/nordnesrepublikken.no\/index.php\/2026\/04\/27\/okonomiske-konsekvenser-og-prisokninger\/\"},\"author\":{\"name\":\"Ole Andersen\",\"@id\":\"https:\/\/nordnesrepublikken.no\/#\/schema\/person\/2e7e81935bab77882fffb79296240ff1\"},\"headline\":\"\u00f8konomiske konsekvenser og pris\u00f8kninger\",\"datePublished\":\"2026-04-27T15:40:08+00:00\",\"dateModified\":\"2026-04-27T15:40:11+00:00\",\"mainEntityOfPage\":{\"@id\":\"https:\/\/nordnesrepublikken.no\/index.php\/2026\/04\/27\/okonomiske-konsekvenser-og-prisokninger\/\"},\"wordCount\":1080,\"publisher\":{\"@id\":\"https:\/\/nordnesrepublikken.no\/#organization\"},\"image\":{\"@id\":\"https:\/\/nordnesrepublikken.no\/index.php\/2026\/04\/27\/okonomiske-konsekvenser-og-prisokninger\/#primaryimage\"},\"thumbnailUrl\":\"https:\/\/nordnesrepublikken.no\/wp-content\/uploads\/2026\/04\/1777304410_okonomiske-konsekvenser-og-prisokninger.jpg\",\"keywords\":[\"konsekvenser\",\"\u00f8konomiske\",\"pris\u00f8kninger\"],\"articleSection\":[\"Milj\u00f8\"],\"inLanguage\":\"nb-NO\"},{\"@type\":\"WebPage\",\"@id\":\"https:\/\/nordnesrepublikken.no\/index.php\/2026\/04\/27\/okonomiske-konsekvenser-og-prisokninger\/\",\"url\":\"https:\/\/nordnesrepublikken.no\/index.php\/2026\/04\/27\/okonomiske-konsekvenser-og-prisokninger\/\",\"name\":\"\u00f8konomiske konsekvenser og pris\u00f8kninger - Nordnesrepublikken\",\"isPartOf\":{\"@id\":\"https:\/\/nordnesrepublikken.no\/#website\"},\"primaryImageOfPage\":{\"@id\":\"https:\/\/nordnesrepublikken.no\/index.php\/2026\/04\/27\/okonomiske-konsekvenser-og-prisokninger\/#primaryimage\"},\"image\":{\"@id\":\"https:\/\/nordnesrepublikken.no\/index.php\/2026\/04\/27\/okonomiske-konsekvenser-og-prisokninger\/#primaryimage\"},\"thumbnailUrl\":\"https:\/\/nordnesrepublikken.no\/wp-content\/uploads\/2026\/04\/1777304410_okonomiske-konsekvenser-og-prisokninger.jpg\",\"datePublished\":\"2026-04-27T15:40:08+00:00\",\"dateModified\":\"2026-04-27T15:40:11+00:00\",\"breadcrumb\":{\"@id\":\"https:\/\/nordnesrepublikken.no\/index.php\/2026\/04\/27\/okonomiske-konsekvenser-og-prisokninger\/#breadcrumb\"},\"inLanguage\":\"nb-NO\",\"potentialAction\":[{\"@type\":\"ReadAction\",\"target\":[\"https:\/\/nordnesrepublikken.no\/index.php\/2026\/04\/27\/okonomiske-konsekvenser-og-prisokninger\/\"]}]},{\"@type\":\"ImageObject\",\"inLanguage\":\"nb-NO\",\"@id\":\"https:\/\/nordnesrepublikken.no\/index.php\/2026\/04\/27\/okonomiske-konsekvenser-og-prisokninger\/#primaryimage\",\"url\":\"https:\/\/nordnesrepublikken.no\/wp-content\/uploads\/2026\/04\/1777304410_okonomiske-konsekvenser-og-prisokninger.jpg\",\"contentUrl\":\"https:\/\/nordnesrepublikken.no\/wp-content\/uploads\/2026\/04\/1777304410_okonomiske-konsekvenser-og-prisokninger.jpg\",\"width\":1376,\"height\":768,\"caption\":\"\u00f8konomiske konsekvenser og pris\u00f8kninger\"},{\"@type\":\"BreadcrumbList\",\"@id\":\"https:\/\/nordnesrepublikken.no\/index.php\/2026\/04\/27\/okonomiske-konsekvenser-og-prisokninger\/#breadcrumb\",\"itemListElement\":[{\"@type\":\"ListItem\",\"position\":1,\"name\":\"Home\",\"item\":\"https:\/\/nordnesrepublikken.no\/\"},{\"@type\":\"ListItem\",\"position\":2,\"name\":\"\u00f8konomiske konsekvenser og pris\u00f8kninger\"}]},{\"@type\":\"WebSite\",\"@id\":\"https:\/\/nordnesrepublikken.no\/#website\",\"url\":\"https:\/\/nordnesrepublikken.no\/\",\"name\":\"Nordnesrepublikken\",\"description\":\"Stemmer og Visjoner fra Republikkens Hjerte\",\"publisher\":{\"@id\":\"https:\/\/nordnesrepublikken.no\/#organization\"},\"potentialAction\":[{\"@type\":\"SearchAction\",\"target\":{\"@type\":\"EntryPoint\",\"urlTemplate\":\"https:\/\/nordnesrepublikken.no\/?s={search_term_string}\"},\"query-input\":{\"@type\":\"PropertyValueSpecification\",\"valueRequired\":true,\"valueName\":\"search_term_string\"}}],\"inLanguage\":\"nb-NO\"},{\"@type\":\"Organization\",\"@id\":\"https:\/\/nordnesrepublikken.no\/#organization\",\"name\":\"Nordnesrepublikken\",\"url\":\"https:\/\/nordnesrepublikken.no\/\",\"logo\":{\"@type\":\"ImageObject\",\"inLanguage\":\"nb-NO\",\"@id\":\"https:\/\/nordnesrepublikken.no\/#\/schema\/logo\/image\/\",\"url\":\"https:\/\/nordnesrepublikken.no\/wp-content\/uploads\/2025\/02\/cropped-nordnesrepublikken-2.png\",\"contentUrl\":\"https:\/\/nordnesrepublikken.no\/wp-content\/uploads\/2025\/02\/cropped-nordnesrepublikken-2.png\",\"width\":1248,\"height\":362,\"caption\":\"Nordnesrepublikken\"},\"image\":{\"@id\":\"https:\/\/nordnesrepublikken.no\/#\/schema\/logo\/image\/\"}},{\"@type\":\"Person\",\"@id\":\"https:\/\/nordnesrepublikken.no\/#\/schema\/person\/2e7e81935bab77882fffb79296240ff1\",\"name\":\"Ole Andersen\",\"image\":{\"@type\":\"ImageObject\",\"inLanguage\":\"nb-NO\",\"@id\":\"https:\/\/nordnesrepublikken.no\/#\/schema\/person\/image\/\",\"url\":\"https:\/\/nordnesrepublikken.no\/wp-content\/uploads\/2025\/02\/nordnesrepublikken-2-2-150x150.jpg\",\"contentUrl\":\"https:\/\/nordnesrepublikken.no\/wp-content\/uploads\/2025\/02\/nordnesrepublikken-2-2-150x150.jpg\",\"caption\":\"Ole Andersen\"},\"description\":\"Ettersom jeg vokste opp i Oslo, har jeg alltid v\u00e6rt fascinert av ordenes kraft og deres evne til \u00e5 skape endringer. Etter \u00e5 ha fullf\u00f8rt min utdannelse i kommunikasjon ved Universitetet i Bergen, fikk jeg muligheten til \u00e5 jobbe innen ulike medier, der jeg har s\u00f8kt \u00e5 belyse viktige samfunnssp\u00f8rsm\u00e5l. I dag, som redakt\u00f8r for Nordnesrepublikken, pr\u00f8ver jeg \u00e5 forene min kj\u00e6rlighet for journalistikk med min lidenskap for innovasjon og eventyr.\",\"sameAs\":[\"https:\/\/nordnesrepublikken.no\/\"]}]}<\/script>\n<!-- \/ Yoast SEO plugin. -->","yoast_head_json":{"title":"\u00f8konomiske konsekvenser og pris\u00f8kninger - Nordnesrepublikken","robots":{"index":"index","follow":"follow","max-snippet":"max-snippet:-1","max-image-preview":"max-image-preview:large","max-video-preview":"max-video-preview:-1"},"canonical":"https:\/\/nordnesrepublikken.no\/index.php\/2026\/04\/27\/okonomiske-konsekvenser-og-prisokninger\/","og_locale":"nb_NO","og_type":"article","og_title":"\u00f8konomiske konsekvenser og pris\u00f8kninger - Nordnesrepublikken","og_description":"Siden utbruddet av krig i Iran og blokkering av Hormuzstredet vi har sett prisene stige.","og_url":"https:\/\/nordnesrepublikken.no\/index.php\/2026\/04\/27\/okonomiske-konsekvenser-og-prisokninger\/","og_site_name":"Nordnesrepublikken","article_published_time":"2026-04-27T15:40:08+00:00","article_modified_time":"2026-04-27T15:40:11+00:00","og_image":[{"width":1376,"height":768,"url":"https:\/\/nordnesrepublikken.no\/wp-content\/uploads\/2026\/04\/1777304410_okonomiske-konsekvenser-og-prisokninger.jpg","type":"image\/jpeg"}],"author":"Ole Andersen","twitter_card":"summary_large_image","twitter_misc":{"Skrevet av":"Ole Andersen","Ansl. lesetid":"5 minutter"},"schema":{"@context":"https:\/\/schema.org","@graph":[{"@type":"Article","@id":"https:\/\/nordnesrepublikken.no\/index.php\/2026\/04\/27\/okonomiske-konsekvenser-og-prisokninger\/#article","isPartOf":{"@id":"https:\/\/nordnesrepublikken.no\/index.php\/2026\/04\/27\/okonomiske-konsekvenser-og-prisokninger\/"},"author":{"name":"Ole Andersen","@id":"https:\/\/nordnesrepublikken.no\/#\/schema\/person\/2e7e81935bab77882fffb79296240ff1"},"headline":"\u00f8konomiske konsekvenser og pris\u00f8kninger","datePublished":"2026-04-27T15:40:08+00:00","dateModified":"2026-04-27T15:40:11+00:00","mainEntityOfPage":{"@id":"https:\/\/nordnesrepublikken.no\/index.php\/2026\/04\/27\/okonomiske-konsekvenser-og-prisokninger\/"},"wordCount":1080,"publisher":{"@id":"https:\/\/nordnesrepublikken.no\/#organization"},"image":{"@id":"https:\/\/nordnesrepublikken.no\/index.php\/2026\/04\/27\/okonomiske-konsekvenser-og-prisokninger\/#primaryimage"},"thumbnailUrl":"https:\/\/nordnesrepublikken.no\/wp-content\/uploads\/2026\/04\/1777304410_okonomiske-konsekvenser-og-prisokninger.jpg","keywords":["konsekvenser","\u00f8konomiske","pris\u00f8kninger"],"articleSection":["Milj\u00f8"],"inLanguage":"nb-NO"},{"@type":"WebPage","@id":"https:\/\/nordnesrepublikken.no\/index.php\/2026\/04\/27\/okonomiske-konsekvenser-og-prisokninger\/","url":"https:\/\/nordnesrepublikken.no\/index.php\/2026\/04\/27\/okonomiske-konsekvenser-og-prisokninger\/","name":"\u00f8konomiske konsekvenser og pris\u00f8kninger - Nordnesrepublikken","isPartOf":{"@id":"https:\/\/nordnesrepublikken.no\/#website"},"primaryImageOfPage":{"@id":"https:\/\/nordnesrepublikken.no\/index.php\/2026\/04\/27\/okonomiske-konsekvenser-og-prisokninger\/#primaryimage"},"image":{"@id":"https:\/\/nordnesrepublikken.no\/index.php\/2026\/04\/27\/okonomiske-konsekvenser-og-prisokninger\/#primaryimage"},"thumbnailUrl":"https:\/\/nordnesrepublikken.no\/wp-content\/uploads\/2026\/04\/1777304410_okonomiske-konsekvenser-og-prisokninger.jpg","datePublished":"2026-04-27T15:40:08+00:00","dateModified":"2026-04-27T15:40:11+00:00","breadcrumb":{"@id":"https:\/\/nordnesrepublikken.no\/index.php\/2026\/04\/27\/okonomiske-konsekvenser-og-prisokninger\/#breadcrumb"},"inLanguage":"nb-NO","potentialAction":[{"@type":"ReadAction","target":["https:\/\/nordnesrepublikken.no\/index.php\/2026\/04\/27\/okonomiske-konsekvenser-og-prisokninger\/"]}]},{"@type":"ImageObject","inLanguage":"nb-NO","@id":"https:\/\/nordnesrepublikken.no\/index.php\/2026\/04\/27\/okonomiske-konsekvenser-og-prisokninger\/#primaryimage","url":"https:\/\/nordnesrepublikken.no\/wp-content\/uploads\/2026\/04\/1777304410_okonomiske-konsekvenser-og-prisokninger.jpg","contentUrl":"https:\/\/nordnesrepublikken.no\/wp-content\/uploads\/2026\/04\/1777304410_okonomiske-konsekvenser-og-prisokninger.jpg","width":1376,"height":768,"caption":"\u00f8konomiske konsekvenser og pris\u00f8kninger"},{"@type":"BreadcrumbList","@id":"https:\/\/nordnesrepublikken.no\/index.php\/2026\/04\/27\/okonomiske-konsekvenser-og-prisokninger\/#breadcrumb","itemListElement":[{"@type":"ListItem","position":1,"name":"Home","item":"https:\/\/nordnesrepublikken.no\/"},{"@type":"ListItem","position":2,"name":"\u00f8konomiske konsekvenser og pris\u00f8kninger"}]},{"@type":"WebSite","@id":"https:\/\/nordnesrepublikken.no\/#website","url":"https:\/\/nordnesrepublikken.no\/","name":"Nordnesrepublikken","description":"Stemmer og Visjoner fra Republikkens Hjerte","publisher":{"@id":"https:\/\/nordnesrepublikken.no\/#organization"},"potentialAction":[{"@type":"SearchAction","target":{"@type":"EntryPoint","urlTemplate":"https:\/\/nordnesrepublikken.no\/?s={search_term_string}"},"query-input":{"@type":"PropertyValueSpecification","valueRequired":true,"valueName":"search_term_string"}}],"inLanguage":"nb-NO"},{"@type":"Organization","@id":"https:\/\/nordnesrepublikken.no\/#organization","name":"Nordnesrepublikken","url":"https:\/\/nordnesrepublikken.no\/","logo":{"@type":"ImageObject","inLanguage":"nb-NO","@id":"https:\/\/nordnesrepublikken.no\/#\/schema\/logo\/image\/","url":"https:\/\/nordnesrepublikken.no\/wp-content\/uploads\/2025\/02\/cropped-nordnesrepublikken-2.png","contentUrl":"https:\/\/nordnesrepublikken.no\/wp-content\/uploads\/2025\/02\/cropped-nordnesrepublikken-2.png","width":1248,"height":362,"caption":"Nordnesrepublikken"},"image":{"@id":"https:\/\/nordnesrepublikken.no\/#\/schema\/logo\/image\/"}},{"@type":"Person","@id":"https:\/\/nordnesrepublikken.no\/#\/schema\/person\/2e7e81935bab77882fffb79296240ff1","name":"Ole Andersen","image":{"@type":"ImageObject","inLanguage":"nb-NO","@id":"https:\/\/nordnesrepublikken.no\/#\/schema\/person\/image\/","url":"https:\/\/nordnesrepublikken.no\/wp-content\/uploads\/2025\/02\/nordnesrepublikken-2-2-150x150.jpg","contentUrl":"https:\/\/nordnesrepublikken.no\/wp-content\/uploads\/2025\/02\/nordnesrepublikken-2-2-150x150.jpg","caption":"Ole Andersen"},"description":"Ettersom jeg vokste opp i Oslo, har jeg alltid v\u00e6rt fascinert av ordenes kraft og deres evne til \u00e5 skape endringer. Etter \u00e5 ha fullf\u00f8rt min utdannelse i kommunikasjon ved Universitetet i Bergen, fikk jeg muligheten til \u00e5 jobbe innen ulike medier, der jeg har s\u00f8kt \u00e5 belyse viktige samfunnssp\u00f8rsm\u00e5l. I dag, som redakt\u00f8r for Nordnesrepublikken, pr\u00f8ver jeg \u00e5 forene min kj\u00e6rlighet for journalistikk med min lidenskap for innovasjon og eventyr.","sameAs":["https:\/\/nordnesrepublikken.no\/"]}]}},"_links":{"self":[{"href":"https:\/\/nordnesrepublikken.no\/index.php\/wp-json\/wp\/v2\/posts\/17502","targetHints":{"allow":["GET"]}}],"collection":[{"href":"https:\/\/nordnesrepublikken.no\/index.php\/wp-json\/wp\/v2\/posts"}],"about":[{"href":"https:\/\/nordnesrepublikken.no\/index.php\/wp-json\/wp\/v2\/types\/post"}],"author":[{"embeddable":true,"href":"https:\/\/nordnesrepublikken.no\/index.php\/wp-json\/wp\/v2\/users\/1"}],"replies":[{"embeddable":true,"href":"https:\/\/nordnesrepublikken.no\/index.php\/wp-json\/wp\/v2\/comments?post=17502"}],"version-history":[{"count":1,"href":"https:\/\/nordnesrepublikken.no\/index.php\/wp-json\/wp\/v2\/posts\/17502\/revisions"}],"predecessor-version":[{"id":17504,"href":"https:\/\/nordnesrepublikken.no\/index.php\/wp-json\/wp\/v2\/posts\/17502\/revisions\/17504"}],"wp:featuredmedia":[{"embeddable":true,"href":"https:\/\/nordnesrepublikken.no\/index.php\/wp-json\/wp\/v2\/media\/17503"}],"wp:attachment":[{"href":"https:\/\/nordnesrepublikken.no\/index.php\/wp-json\/wp\/v2\/media?parent=17502"}],"wp:term":[{"taxonomy":"category","embeddable":true,"href":"https:\/\/nordnesrepublikken.no\/index.php\/wp-json\/wp\/v2\/categories?post=17502"},{"taxonomy":"post_tag","embeddable":true,"href":"https:\/\/nordnesrepublikken.no\/index.php\/wp-json\/wp\/v2\/tags?post=17502"}],"curies":[{"name":"wp","href":"https:\/\/api.w.org\/{rel}","templated":true}]}}