{"id":17493,"date":"2026-04-27T13:22:53","date_gmt":"2026-04-27T11:22:53","guid":{"rendered":"https:\/\/nordnesrepublikken.no\/index.php\/2026\/04\/27\/oecd-og-istat-data\/"},"modified":"2026-04-27T13:22:56","modified_gmt":"2026-04-27T11:22:56","slug":"oecd-og-istat-data","status":"publish","type":"post","link":"https:\/\/nordnesrepublikken.no\/index.php\/2026\/04\/27\/oecd-og-istat-data\/","title":{"rendered":"OECD og Istat data"},"content":{"rendered":"<div>\n<div class=\"cp_wrapper cp_wrapper--fw mb-30 mb-20@tablet\">\n<figure class=\"mm\"><picture class=\"img\" style=\"padding-top:56.25%\"><source  media=\"(min-width: 1024px)\"><source  media=\"(min-width: 768px)\"><\/source><\/source><\/picture><\/figure>\n<\/p><\/div>\n<p>De som jobber i Italia i dag tjener, reelt sett, mindre enn de gjorde i 1990. Det er ingen sensasjon, og det avhenger ikke bare av inflasjonen de siste \u00e5rene. Dette er data sertifisert av OECD, bekreftet av Istat og gjentatt av Bank of Italy: <strong>Italienske l\u00f8nninger har st\u00e5tt stille i over tretti \u00e5r<\/strong>i et land hvor levekostnadene i mellomtiden aldri har sluttet \u00e5 stige. Historien om denne stagnasjonen er delt inn i to distinkte \u00f8yeblikk: en lang frysing og en nylig kraftig forverring.<\/p>\n<p>Denne situasjonen har \u00e9n rot: et \u00f8konomisk system som ikke har klart \u00e5 omsette vekst til l\u00f8nns\u00f8kninger. Og dessuten har ikke Italia et sikkerhetsnett som nesten hele Europa tar for gitt: <strong>lovlig minstel\u00f8nn<\/strong>en terskel fastsatt ved lov som ingen arbeidsgiver kan g\u00e5 under. De har det<strong> introduserte 22 av de 27 landene i EU<\/strong>. Italia er blant de fem unntakene, og i motsetning til Danmark, Sverige og \u00d8sterrike, som kompenserer med historisk meget sterke tariffsystemer, viser v\u00e5r alternative modell sprekker som det blir stadig vanskeligere \u00e5 ignorere.<\/p>\n<h2>Tretti \u00e5r med stillest\u00e5ende l\u00f8nn i Italia: et problem som kommer langveisfra<\/h2>\n<p>Italiensk l\u00f8nnsstagnasjon er ikke et nyere fenomen. I f\u00f8lge OECD-data, <strong>bruttol\u00f8nn per ansatt<\/strong> (dvs. f\u00f8r skatter og sosiale avgifter betalt av arbeideren), hvis de vurderes i reelle termer, dvs. fratrukket inflasjon, ligger de i dag p\u00e5 samme niv\u00e5 som p\u00e5 begynnelsen av nittitallet.  Over samme tidsperiode er gjennomsnittet p\u00e5 <strong>OECD-land<\/strong> <strong>markerer en \u00f8kning p\u00e5 32,5 %<\/strong>.<\/p>\n<p><iframe title=\"Interactive or visual content\" class=\"flourish-embed-iframe js-parse-embed\" frameborder=\"0\" scrolling=\"no\" style=\"width:100%;height:600px;\" sandbox=\"allow-same-origin allow-forms allow-scripts allow-downloads allow-popups allow-popups-to-escape-sandbox allow-top-navigation-by-user-activation\" data-type=\"generic-iframe\" data-src=\"https:\/\/flo.uri.sh\/visualisation\/28686069\/embed\"><\/iframe><\/p>\n<p>\u00c5rsakene er strukturelle. Over tid har den italienske \u00f8konomien forvandlet seg til et system med lite innovasjon, sm\u00e5 bedrifter med liten tilb\u00f8yelighet til \u00e5 investere i teknologi, og en lavproduktiv tjenestesektor som veier tungt p\u00e5 de samlede dataene. <strong>Mindre produktivitet betyr mindre rom for \u00f8kninger<\/strong>: Bedrifter kan ikke betale arbeidere mer som ikke produserer mer. Men forholdet mellom produktivitet og l\u00f8nn i Italia forble ubalansert selv n\u00e5r produktiviteten vokste: andelen av inntekten som gikk til arbeidere ble gradvis redusert sammenlignet med den som gikk til profitt.<\/p>\n<p>Vendepunktet g\u00e5r tilbake til 1990-tallet, da inntreden i euro og slutten av rulletrappen \u2013 mekanismen som automatisk koblet l\u00f8nn til inflasjon \u2013 endret spillereglene. I <strong>Frankrike<\/strong>, <strong>Tyskland<\/strong> Og <strong>Spania<\/strong> disse endringene <strong>de har blitt absorbert av aktive l\u00f8nnsst\u00f8ttepolitikker og mer reaktive kontraktssystemer<\/strong>. I Italia, nei. Fra det \u00f8yeblikket forble l\u00f8nningene i hovedsak stillest\u00e5ende, og landet har aldri funnet en alternativ modell som er i stand til \u00e5 starte dem p\u00e5 nytt.<\/p>\n<h2>De m\u00f8rke to \u00e5rene: da inflasjonen utslettet ti\u00e5r med forhandlinger<\/h2>\n<p>\u00d8kningen i inflasjonen, drevet av energikrisen og det post-pandemiske sjokket, har <strong>kj\u00f8pekraft erodert<\/strong> med en hastighet som det italienske kontraktssystemet ikke var rustet til \u00e5 absorbere. P\u00e5 to \u00e5r har inflasjonen spist opp det arbeiderne m\u00f8ysommelig hadde oppn\u00e5dd i l\u00f8pet av et ti\u00e5r.<\/p>\n<p>De <strong>Istat \u00e5rsrapport 2025 bekrefter det mellom 2019 og 2024<\/strong> reall\u00f8nn tapte 10,5 % av verdien. P\u00e5 toppen av krisen, i 2022, hadde tapet n\u00e5dd 15 %. Dette er tall som er enest\u00e5ende i moderne tid: p\u00e5 fem \u00e5r fant en italiensk arbeider seg med en nominelt h\u00f8yere l\u00f8nnsslipp, men i stand til \u00e5 kj\u00f8pe betydelig mindre.<\/p>\n<p>Siden 2024 har noe begynt \u00e5 r\u00f8re p\u00e5 seg. Nedgangen i inflasjonen ei <strong>fornyelse av enkelte tariffavtaler<\/strong> viktige tillot en delvis bedring. Men OECD, i<strong>Employment Outlook 2025<\/strong>det er klart: i begynnelsen av 2025 i <strong>Italienske reall\u00f8nninger var fortsatt 7,5 % lavere enn i 2021<\/strong>det d\u00e5rligste resultatet blant alle store \u00f8konomier i organisasjonen. Veien for \u00e5 komme tilbake til niv\u00e5ene f\u00f8r krisen er fortsatt lang, og reall\u00f8nnsveksten vil if\u00f8lge prognosene forbli begrenset de neste \u00e5rene.<\/p>\n<h2>Hvor mye tjener italienere sammenlignet med andre europeere<\/h2>\n<p>Den europeiske sammenligningen gj\u00f8r situasjonen enda klarere. Sekund <strong>Eurostat data<\/strong>i 2023 <strong>gjennomsnittlig m\u00e5nedlig bruttol\u00f8nn i Italia var rundt 2800 euro<\/strong>mot et EU-gjennomsnitt p\u00e5 over 3.400 euro. Fra 2018 til i dag har italienske l\u00f8nninger vokst mindre enn halvparten sammenlignet med det europeiske gjennomsnittet.<\/p>\n<p>Det er et paradoks som er spesielt sl\u00e5ende: arbeid i Italia koster mye for bedriftene, men gir lite til arbeiderne. De <strong>skattekile<\/strong> (forskjellen mellom hvor mye et selskap bruker p\u00e5 en ansatt og hvor mye den ansatte mottar i l\u00f8nnsslippen) er inne <strong>Italia blant de h\u00f8yeste i Europa<\/strong>: Nesten <strong>47 % av den totale l\u00f8nnskostnaden havner i skatter og avgifter<\/strong>mot en<strong> OECD-gjennomsnittet som stopper p\u00e5 35 %<\/strong>. Resultatet er at gjennomsnittlig nettol\u00f8nn til en italiensk arbeider ligger p\u00e5 23. plass av 38 OECD-land, overg\u00e5tt ikke bare av Frankrike, Tyskland og Spania, men ogs\u00e5 av Polen og Tyrkia.<\/p>\n<p><iframe title=\"Interactive or visual content\" class=\"flourish-embed-iframe js-parse-embed\" frameborder=\"0\" scrolling=\"no\" style=\"width:100%;height:600px;\" sandbox=\"allow-same-origin allow-forms allow-scripts allow-downloads allow-popups allow-popups-to-escape-sandbox allow-top-navigation-by-user-activation\" data-type=\"generic-iframe\" data-src=\"https:\/\/flo.uri.sh\/visualisation\/28686248\/embed\"><\/iframe><\/p>\n<p>Den spanske saken er verdt \u00e5 rapportere. I flere ti\u00e5r var Spania landet Italia konkurrerte med i et slags l\u00f8nnsl\u00f8p mot bunnen. I dag er det l\u00f8pet over: i <strong>2024 Spania har passert Italia for gjennomsnittlig \u00e5rsl\u00f8nn<\/strong>delvis takket v\u00e6re innf\u00f8ringen og den gradvise \u00f8kningen av en lovlig minstel\u00f8nn som nesten har doblet seg siden 2019.<\/p>\n<h2>Minimumsl\u00f8nn i Italia: hva det er og hvorfor det ikke er noen lov enn\u00e5<\/h2>\n<p>De <strong>lovlig minstel\u00f8nn<\/strong> det er en l\u00f8nnsgrense fastsatt ved lov som ingen arbeidsgiver kan g\u00e5 under, uansett hvilken sektor eller type kontrakt som brukes. Det er ikke en ny eller venstreorientert id\u00e9: 22 av de 27 landene i EU har innf\u00f8rt den, inkludert Tyskland, Frankrike, Spania og Polen.<\/p>\n<p>I Italia har det v\u00e6rt snakk om det i flere ti\u00e5r, men hvert fors\u00f8k p\u00e5 \u00e5 omsette det til lov har mislyktes. Det f\u00f8rste seri\u00f8se fors\u00f8ket g\u00e5r tilbake til <strong>Jobs Act av Matteo Renzi i 2014<\/strong>men forble en d\u00f8d bokstav p\u00e5 punktet. I <strong>2019<\/strong> M5S-parlamentariker Nunzia Catalfo presenterte et forslag med en terskel p\u00e5 9 euro brutto per time, det samme tallet som ville bli referansen for alle p\u00e5f\u00f8lgende fors\u00f8k. Med <strong>Draghi-regjeringen var kommet et skritt n\u00e6rmere<\/strong>: Arbeidsminister Andrea Orlando jobbet med en l\u00f8sning som ville ha utvidet de kontraktsmessige minimumskravene til de mest representative fagforeningene til alle arbeidere, for ikke \u00e5 overstyre kollektive forhandlinger, men integrere det med en juridisk garanti. Regjeringens fall stoppet alt.<\/p>\n<p>I <strong>I 2023 har opposisjonene \u2013 PD, M5S, Gr\u00f8nne og Venstre, med unntak av Italia Viva \u2013 sendt inn et nytt enhetsforslag, igjen til 9 euro i timen.<\/strong> Flertallet suspenderte den f\u00f8rst, omskrev den deretter fullstendig i kommisjonen, t\u00f8mte den for enhver henvisning til en minimumsterskel og forvandlet den til en generisk delegasjon til regjeringen. Der <strong>Meloni-regjeringens stilling<\/strong> p\u00e5 dette punktet har det alltid v\u00e6rt klart: en lovlig minstel\u00f8nn er ikke n\u00f8dvendig, fordi kollektive forhandlinger allerede garanterer tilstrekkelig dekning. Resultatet er <strong>lov 144 av 2025<\/strong>: en tekst som ikke fastsetter noe bel\u00f8p, men p\u00e5legger regjeringen \u00e5 identifisere den mest anvendte tariffavtalen for hver sektor og gj\u00f8re den bindende som minimumsreferanse. Gjennomf\u00f8ringsdekretene var forventet innen april 2026, men det ser ikke ut til at de er godkjent.<\/p>\n<h2>Kollektive forhandlinger: hvorfor avtalesystemet ikke lenger er nok<\/h2>\n<p><strong>I Italia er det ingen lovlig minstel\u00f8nn<\/strong>: l\u00f8nnsbeskyttelse er helt avhengig av<strong> kollektive forhandlinger<\/strong>et system med lang historie som i dag viser dype sprekker. Nasjonale kontrakter varer i gjennomsnitt tre \u00e5r og gir ikke automatiske mekanismer for oppdatering til inflasjon, i motsetning til Belgia og Frankrike, hvor standardvarigheten er kortere og det ofte er automatisk indeksering. Da prisene eksploderte i 2022, fant millioner av arbeidere seg selv <strong>bundet til avtaler inng\u00e5tt \u00e5r f\u00f8r<\/strong>uten fallskjerm.<\/p>\n<p>For \u00e5 komplisere bildet, if\u00f8lge CNEL, eksisterer de i Italia <strong>nesten tusen tariffavtaler<\/strong> i privat sektor alene. En spredning som banet vei for den s\u00e5kalte <strong>piratkontrakter<\/strong>avtaler signert med akronymer for tvilsom representativitet som tilbyr l\u00f8nn opptil 20-30% lavere enn kontraktene til de store fagforeningene. De <strong>ADAPT Bulletin har imidlertid flyttet problemet dypere<\/strong>: Sp\u00f8rsm\u00e5let er ikke hvor ofte kontrakter fornyes, men hvordan de er konstruert. Tabellformede minimumskrav forankret til tidligere inflasjon og uten margin for \u00e5 omfordele produktivitetsgevinster garanterer at arbeiderne ikke taper terreng, men ikke vinner det.<\/p>\n<p>Der <strong>Kassasjonsretten<\/strong>med to tvillingdommer i 2023, anerkjente at dommere kan se bort fra en tariffavtale n\u00e5r godtgj\u00f8relsen den gir ikke garanterer en verdig tilv\u00e6relse, som kreves av artikkel 36 i grunnloven. Et signal om at systemet i visse tilfeller ikke lenger er i stand til \u00e5 gj\u00f8re jobben det er designet for, og at problemet med <strong>lovlig minstel\u00f8nn,<\/strong> i Italia er det ikke lenger bare et politisk sp\u00f8rsm\u00e5l, men et svar p\u00e5 bevis som er vanskelig \u00e5 ignorere.<\/p>\n<\/p><\/div>\n","protected":false},"excerpt":{"rendered":"<p>De som jobber i Italia i dag tjener, reelt sett, mindre enn de gjorde i<\/p>\n","protected":false},"author":1,"featured_media":17494,"comment_status":"closed","ping_status":"open","sticky":false,"template":"","format":"standard","meta":{"footnotes":""},"categories":[104],"tags":[3707,2786,3645],"class_list":["post-17493","post","type-post","status-publish","format-standard","has-post-thumbnail","hentry","category-samfunn","tag-data","tag-istat","tag-oecd","generate-columns","tablet-grid-50","mobile-grid-100","grid-parent","grid-33","resize-featured-image"],"yoast_head":"<!-- This site is optimized with the Yoast SEO plugin v24.4 - https:\/\/yoast.com\/wordpress\/plugins\/seo\/ -->\n<title>OECD og Istat data - Nordnesrepublikken<\/title>\n<meta name=\"robots\" content=\"index, follow, max-snippet:-1, max-image-preview:large, max-video-preview:-1\" \/>\n<link rel=\"canonical\" href=\"https:\/\/nordnesrepublikken.no\/index.php\/2026\/04\/27\/oecd-og-istat-data\/\" \/>\n<meta property=\"og:locale\" content=\"nb_NO\" \/>\n<meta property=\"og:type\" content=\"article\" \/>\n<meta property=\"og:title\" content=\"OECD og Istat data - Nordnesrepublikken\" \/>\n<meta property=\"og:description\" content=\"De som jobber i Italia i dag tjener, reelt sett, mindre enn de gjorde i\" \/>\n<meta property=\"og:url\" content=\"https:\/\/nordnesrepublikken.no\/index.php\/2026\/04\/27\/oecd-og-istat-data\/\" \/>\n<meta property=\"og:site_name\" content=\"Nordnesrepublikken\" \/>\n<meta property=\"article:published_time\" content=\"2026-04-27T11:22:53+00:00\" \/>\n<meta property=\"article:modified_time\" content=\"2026-04-27T11:22:56+00:00\" \/>\n<meta property=\"og:image\" content=\"https:\/\/nordnesrepublikken.no\/wp-content\/uploads\/2026\/04\/1777288975_OECD-og-Istat-data.jpg\" \/>\n\t<meta property=\"og:image:width\" content=\"1376\" \/>\n\t<meta property=\"og:image:height\" content=\"768\" \/>\n\t<meta property=\"og:image:type\" content=\"image\/jpeg\" \/>\n<meta name=\"author\" content=\"Ole Andersen\" \/>\n<meta name=\"twitter:card\" content=\"summary_large_image\" \/>\n<meta name=\"twitter:label1\" content=\"Skrevet av\" \/>\n\t<meta name=\"twitter:data1\" content=\"Ole Andersen\" \/>\n\t<meta name=\"twitter:label2\" content=\"Ansl. lesetid\" \/>\n\t<meta name=\"twitter:data2\" content=\"7 minutter\" \/>\n<script type=\"application\/ld+json\" class=\"yoast-schema-graph\">{\"@context\":\"https:\/\/schema.org\",\"@graph\":[{\"@type\":\"Article\",\"@id\":\"https:\/\/nordnesrepublikken.no\/index.php\/2026\/04\/27\/oecd-og-istat-data\/#article\",\"isPartOf\":{\"@id\":\"https:\/\/nordnesrepublikken.no\/index.php\/2026\/04\/27\/oecd-og-istat-data\/\"},\"author\":{\"name\":\"Ole Andersen\",\"@id\":\"https:\/\/nordnesrepublikken.no\/#\/schema\/person\/2e7e81935bab77882fffb79296240ff1\"},\"headline\":\"OECD og Istat data\",\"datePublished\":\"2026-04-27T11:22:53+00:00\",\"dateModified\":\"2026-04-27T11:22:56+00:00\",\"mainEntityOfPage\":{\"@id\":\"https:\/\/nordnesrepublikken.no\/index.php\/2026\/04\/27\/oecd-og-istat-data\/\"},\"wordCount\":1380,\"publisher\":{\"@id\":\"https:\/\/nordnesrepublikken.no\/#organization\"},\"image\":{\"@id\":\"https:\/\/nordnesrepublikken.no\/index.php\/2026\/04\/27\/oecd-og-istat-data\/#primaryimage\"},\"thumbnailUrl\":\"https:\/\/nordnesrepublikken.no\/wp-content\/uploads\/2026\/04\/1777288975_OECD-og-Istat-data.jpg\",\"keywords\":[\"data\",\"ISTAT\",\"OECD\"],\"articleSection\":[\"Samfunn\"],\"inLanguage\":\"nb-NO\"},{\"@type\":\"WebPage\",\"@id\":\"https:\/\/nordnesrepublikken.no\/index.php\/2026\/04\/27\/oecd-og-istat-data\/\",\"url\":\"https:\/\/nordnesrepublikken.no\/index.php\/2026\/04\/27\/oecd-og-istat-data\/\",\"name\":\"OECD og Istat data - Nordnesrepublikken\",\"isPartOf\":{\"@id\":\"https:\/\/nordnesrepublikken.no\/#website\"},\"primaryImageOfPage\":{\"@id\":\"https:\/\/nordnesrepublikken.no\/index.php\/2026\/04\/27\/oecd-og-istat-data\/#primaryimage\"},\"image\":{\"@id\":\"https:\/\/nordnesrepublikken.no\/index.php\/2026\/04\/27\/oecd-og-istat-data\/#primaryimage\"},\"thumbnailUrl\":\"https:\/\/nordnesrepublikken.no\/wp-content\/uploads\/2026\/04\/1777288975_OECD-og-Istat-data.jpg\",\"datePublished\":\"2026-04-27T11:22:53+00:00\",\"dateModified\":\"2026-04-27T11:22:56+00:00\",\"breadcrumb\":{\"@id\":\"https:\/\/nordnesrepublikken.no\/index.php\/2026\/04\/27\/oecd-og-istat-data\/#breadcrumb\"},\"inLanguage\":\"nb-NO\",\"potentialAction\":[{\"@type\":\"ReadAction\",\"target\":[\"https:\/\/nordnesrepublikken.no\/index.php\/2026\/04\/27\/oecd-og-istat-data\/\"]}]},{\"@type\":\"ImageObject\",\"inLanguage\":\"nb-NO\",\"@id\":\"https:\/\/nordnesrepublikken.no\/index.php\/2026\/04\/27\/oecd-og-istat-data\/#primaryimage\",\"url\":\"https:\/\/nordnesrepublikken.no\/wp-content\/uploads\/2026\/04\/1777288975_OECD-og-Istat-data.jpg\",\"contentUrl\":\"https:\/\/nordnesrepublikken.no\/wp-content\/uploads\/2026\/04\/1777288975_OECD-og-Istat-data.jpg\",\"width\":1376,\"height\":768,\"caption\":\"OECD og Istat data\"},{\"@type\":\"BreadcrumbList\",\"@id\":\"https:\/\/nordnesrepublikken.no\/index.php\/2026\/04\/27\/oecd-og-istat-data\/#breadcrumb\",\"itemListElement\":[{\"@type\":\"ListItem\",\"position\":1,\"name\":\"Home\",\"item\":\"https:\/\/nordnesrepublikken.no\/\"},{\"@type\":\"ListItem\",\"position\":2,\"name\":\"OECD og Istat data\"}]},{\"@type\":\"WebSite\",\"@id\":\"https:\/\/nordnesrepublikken.no\/#website\",\"url\":\"https:\/\/nordnesrepublikken.no\/\",\"name\":\"Nordnesrepublikken\",\"description\":\"Stemmer og Visjoner fra Republikkens Hjerte\",\"publisher\":{\"@id\":\"https:\/\/nordnesrepublikken.no\/#organization\"},\"potentialAction\":[{\"@type\":\"SearchAction\",\"target\":{\"@type\":\"EntryPoint\",\"urlTemplate\":\"https:\/\/nordnesrepublikken.no\/?s={search_term_string}\"},\"query-input\":{\"@type\":\"PropertyValueSpecification\",\"valueRequired\":true,\"valueName\":\"search_term_string\"}}],\"inLanguage\":\"nb-NO\"},{\"@type\":\"Organization\",\"@id\":\"https:\/\/nordnesrepublikken.no\/#organization\",\"name\":\"Nordnesrepublikken\",\"url\":\"https:\/\/nordnesrepublikken.no\/\",\"logo\":{\"@type\":\"ImageObject\",\"inLanguage\":\"nb-NO\",\"@id\":\"https:\/\/nordnesrepublikken.no\/#\/schema\/logo\/image\/\",\"url\":\"https:\/\/nordnesrepublikken.no\/wp-content\/uploads\/2025\/02\/cropped-nordnesrepublikken-2.png\",\"contentUrl\":\"https:\/\/nordnesrepublikken.no\/wp-content\/uploads\/2025\/02\/cropped-nordnesrepublikken-2.png\",\"width\":1248,\"height\":362,\"caption\":\"Nordnesrepublikken\"},\"image\":{\"@id\":\"https:\/\/nordnesrepublikken.no\/#\/schema\/logo\/image\/\"}},{\"@type\":\"Person\",\"@id\":\"https:\/\/nordnesrepublikken.no\/#\/schema\/person\/2e7e81935bab77882fffb79296240ff1\",\"name\":\"Ole Andersen\",\"image\":{\"@type\":\"ImageObject\",\"inLanguage\":\"nb-NO\",\"@id\":\"https:\/\/nordnesrepublikken.no\/#\/schema\/person\/image\/\",\"url\":\"https:\/\/nordnesrepublikken.no\/wp-content\/uploads\/2025\/02\/nordnesrepublikken-2-2-150x150.jpg\",\"contentUrl\":\"https:\/\/nordnesrepublikken.no\/wp-content\/uploads\/2025\/02\/nordnesrepublikken-2-2-150x150.jpg\",\"caption\":\"Ole Andersen\"},\"description\":\"Ettersom jeg vokste opp i Oslo, har jeg alltid v\u00e6rt fascinert av ordenes kraft og deres evne til \u00e5 skape endringer. Etter \u00e5 ha fullf\u00f8rt min utdannelse i kommunikasjon ved Universitetet i Bergen, fikk jeg muligheten til \u00e5 jobbe innen ulike medier, der jeg har s\u00f8kt \u00e5 belyse viktige samfunnssp\u00f8rsm\u00e5l. I dag, som redakt\u00f8r for Nordnesrepublikken, pr\u00f8ver jeg \u00e5 forene min kj\u00e6rlighet for journalistikk med min lidenskap for innovasjon og eventyr.\",\"sameAs\":[\"https:\/\/nordnesrepublikken.no\/\"]}]}<\/script>\n<!-- \/ Yoast SEO plugin. -->","yoast_head_json":{"title":"OECD og Istat data - Nordnesrepublikken","robots":{"index":"index","follow":"follow","max-snippet":"max-snippet:-1","max-image-preview":"max-image-preview:large","max-video-preview":"max-video-preview:-1"},"canonical":"https:\/\/nordnesrepublikken.no\/index.php\/2026\/04\/27\/oecd-og-istat-data\/","og_locale":"nb_NO","og_type":"article","og_title":"OECD og Istat data - Nordnesrepublikken","og_description":"De som jobber i Italia i dag tjener, reelt sett, mindre enn de gjorde i","og_url":"https:\/\/nordnesrepublikken.no\/index.php\/2026\/04\/27\/oecd-og-istat-data\/","og_site_name":"Nordnesrepublikken","article_published_time":"2026-04-27T11:22:53+00:00","article_modified_time":"2026-04-27T11:22:56+00:00","og_image":[{"width":1376,"height":768,"url":"https:\/\/nordnesrepublikken.no\/wp-content\/uploads\/2026\/04\/1777288975_OECD-og-Istat-data.jpg","type":"image\/jpeg"}],"author":"Ole Andersen","twitter_card":"summary_large_image","twitter_misc":{"Skrevet av":"Ole Andersen","Ansl. lesetid":"7 minutter"},"schema":{"@context":"https:\/\/schema.org","@graph":[{"@type":"Article","@id":"https:\/\/nordnesrepublikken.no\/index.php\/2026\/04\/27\/oecd-og-istat-data\/#article","isPartOf":{"@id":"https:\/\/nordnesrepublikken.no\/index.php\/2026\/04\/27\/oecd-og-istat-data\/"},"author":{"name":"Ole Andersen","@id":"https:\/\/nordnesrepublikken.no\/#\/schema\/person\/2e7e81935bab77882fffb79296240ff1"},"headline":"OECD og Istat data","datePublished":"2026-04-27T11:22:53+00:00","dateModified":"2026-04-27T11:22:56+00:00","mainEntityOfPage":{"@id":"https:\/\/nordnesrepublikken.no\/index.php\/2026\/04\/27\/oecd-og-istat-data\/"},"wordCount":1380,"publisher":{"@id":"https:\/\/nordnesrepublikken.no\/#organization"},"image":{"@id":"https:\/\/nordnesrepublikken.no\/index.php\/2026\/04\/27\/oecd-og-istat-data\/#primaryimage"},"thumbnailUrl":"https:\/\/nordnesrepublikken.no\/wp-content\/uploads\/2026\/04\/1777288975_OECD-og-Istat-data.jpg","keywords":["data","ISTAT","OECD"],"articleSection":["Samfunn"],"inLanguage":"nb-NO"},{"@type":"WebPage","@id":"https:\/\/nordnesrepublikken.no\/index.php\/2026\/04\/27\/oecd-og-istat-data\/","url":"https:\/\/nordnesrepublikken.no\/index.php\/2026\/04\/27\/oecd-og-istat-data\/","name":"OECD og Istat data - Nordnesrepublikken","isPartOf":{"@id":"https:\/\/nordnesrepublikken.no\/#website"},"primaryImageOfPage":{"@id":"https:\/\/nordnesrepublikken.no\/index.php\/2026\/04\/27\/oecd-og-istat-data\/#primaryimage"},"image":{"@id":"https:\/\/nordnesrepublikken.no\/index.php\/2026\/04\/27\/oecd-og-istat-data\/#primaryimage"},"thumbnailUrl":"https:\/\/nordnesrepublikken.no\/wp-content\/uploads\/2026\/04\/1777288975_OECD-og-Istat-data.jpg","datePublished":"2026-04-27T11:22:53+00:00","dateModified":"2026-04-27T11:22:56+00:00","breadcrumb":{"@id":"https:\/\/nordnesrepublikken.no\/index.php\/2026\/04\/27\/oecd-og-istat-data\/#breadcrumb"},"inLanguage":"nb-NO","potentialAction":[{"@type":"ReadAction","target":["https:\/\/nordnesrepublikken.no\/index.php\/2026\/04\/27\/oecd-og-istat-data\/"]}]},{"@type":"ImageObject","inLanguage":"nb-NO","@id":"https:\/\/nordnesrepublikken.no\/index.php\/2026\/04\/27\/oecd-og-istat-data\/#primaryimage","url":"https:\/\/nordnesrepublikken.no\/wp-content\/uploads\/2026\/04\/1777288975_OECD-og-Istat-data.jpg","contentUrl":"https:\/\/nordnesrepublikken.no\/wp-content\/uploads\/2026\/04\/1777288975_OECD-og-Istat-data.jpg","width":1376,"height":768,"caption":"OECD og Istat data"},{"@type":"BreadcrumbList","@id":"https:\/\/nordnesrepublikken.no\/index.php\/2026\/04\/27\/oecd-og-istat-data\/#breadcrumb","itemListElement":[{"@type":"ListItem","position":1,"name":"Home","item":"https:\/\/nordnesrepublikken.no\/"},{"@type":"ListItem","position":2,"name":"OECD og Istat data"}]},{"@type":"WebSite","@id":"https:\/\/nordnesrepublikken.no\/#website","url":"https:\/\/nordnesrepublikken.no\/","name":"Nordnesrepublikken","description":"Stemmer og Visjoner fra Republikkens Hjerte","publisher":{"@id":"https:\/\/nordnesrepublikken.no\/#organization"},"potentialAction":[{"@type":"SearchAction","target":{"@type":"EntryPoint","urlTemplate":"https:\/\/nordnesrepublikken.no\/?s={search_term_string}"},"query-input":{"@type":"PropertyValueSpecification","valueRequired":true,"valueName":"search_term_string"}}],"inLanguage":"nb-NO"},{"@type":"Organization","@id":"https:\/\/nordnesrepublikken.no\/#organization","name":"Nordnesrepublikken","url":"https:\/\/nordnesrepublikken.no\/","logo":{"@type":"ImageObject","inLanguage":"nb-NO","@id":"https:\/\/nordnesrepublikken.no\/#\/schema\/logo\/image\/","url":"https:\/\/nordnesrepublikken.no\/wp-content\/uploads\/2025\/02\/cropped-nordnesrepublikken-2.png","contentUrl":"https:\/\/nordnesrepublikken.no\/wp-content\/uploads\/2025\/02\/cropped-nordnesrepublikken-2.png","width":1248,"height":362,"caption":"Nordnesrepublikken"},"image":{"@id":"https:\/\/nordnesrepublikken.no\/#\/schema\/logo\/image\/"}},{"@type":"Person","@id":"https:\/\/nordnesrepublikken.no\/#\/schema\/person\/2e7e81935bab77882fffb79296240ff1","name":"Ole Andersen","image":{"@type":"ImageObject","inLanguage":"nb-NO","@id":"https:\/\/nordnesrepublikken.no\/#\/schema\/person\/image\/","url":"https:\/\/nordnesrepublikken.no\/wp-content\/uploads\/2025\/02\/nordnesrepublikken-2-2-150x150.jpg","contentUrl":"https:\/\/nordnesrepublikken.no\/wp-content\/uploads\/2025\/02\/nordnesrepublikken-2-2-150x150.jpg","caption":"Ole Andersen"},"description":"Ettersom jeg vokste opp i Oslo, har jeg alltid v\u00e6rt fascinert av ordenes kraft og deres evne til \u00e5 skape endringer. Etter \u00e5 ha fullf\u00f8rt min utdannelse i kommunikasjon ved Universitetet i Bergen, fikk jeg muligheten til \u00e5 jobbe innen ulike medier, der jeg har s\u00f8kt \u00e5 belyse viktige samfunnssp\u00f8rsm\u00e5l. I dag, som redakt\u00f8r for Nordnesrepublikken, pr\u00f8ver jeg \u00e5 forene min kj\u00e6rlighet for journalistikk med min lidenskap for innovasjon og eventyr.","sameAs":["https:\/\/nordnesrepublikken.no\/"]}]}},"_links":{"self":[{"href":"https:\/\/nordnesrepublikken.no\/index.php\/wp-json\/wp\/v2\/posts\/17493","targetHints":{"allow":["GET"]}}],"collection":[{"href":"https:\/\/nordnesrepublikken.no\/index.php\/wp-json\/wp\/v2\/posts"}],"about":[{"href":"https:\/\/nordnesrepublikken.no\/index.php\/wp-json\/wp\/v2\/types\/post"}],"author":[{"embeddable":true,"href":"https:\/\/nordnesrepublikken.no\/index.php\/wp-json\/wp\/v2\/users\/1"}],"replies":[{"embeddable":true,"href":"https:\/\/nordnesrepublikken.no\/index.php\/wp-json\/wp\/v2\/comments?post=17493"}],"version-history":[{"count":1,"href":"https:\/\/nordnesrepublikken.no\/index.php\/wp-json\/wp\/v2\/posts\/17493\/revisions"}],"predecessor-version":[{"id":17495,"href":"https:\/\/nordnesrepublikken.no\/index.php\/wp-json\/wp\/v2\/posts\/17493\/revisions\/17495"}],"wp:featuredmedia":[{"embeddable":true,"href":"https:\/\/nordnesrepublikken.no\/index.php\/wp-json\/wp\/v2\/media\/17494"}],"wp:attachment":[{"href":"https:\/\/nordnesrepublikken.no\/index.php\/wp-json\/wp\/v2\/media?parent=17493"}],"wp:term":[{"taxonomy":"category","embeddable":true,"href":"https:\/\/nordnesrepublikken.no\/index.php\/wp-json\/wp\/v2\/categories?post=17493"},{"taxonomy":"post_tag","embeddable":true,"href":"https:\/\/nordnesrepublikken.no\/index.php\/wp-json\/wp\/v2\/tags?post=17493"}],"curies":[{"name":"wp","href":"https:\/\/api.w.org\/{rel}","templated":true}]}}