{"id":17484,"date":"2026-04-27T06:16:26","date_gmt":"2026-04-27T04:16:26","guid":{"rendered":"https:\/\/nordnesrepublikken.no\/index.php\/2026\/04\/27\/kort-biografi-om-den-intellektuelle-og-kommunistiske-lederen-sentral-skikkelse-av-det-italienske-tjuende-arhundre\/"},"modified":"2026-04-27T06:16:29","modified_gmt":"2026-04-27T04:16:29","slug":"kort-biografi-om-den-intellektuelle-og-kommunistiske-lederen-sentral-skikkelse-av-det-italienske-tjuende-arhundre","status":"publish","type":"post","link":"https:\/\/nordnesrepublikken.no\/index.php\/2026\/04\/27\/kort-biografi-om-den-intellektuelle-og-kommunistiske-lederen-sentral-skikkelse-av-det-italienske-tjuende-arhundre\/","title":{"rendered":"kort biografi om den intellektuelle og kommunistiske lederen, sentral skikkelse av det italienske tjuende \u00e5rhundre"},"content":{"rendered":"<div>\n<div class=\"cp_wrapper cp_wrapper--fw mb-30 mb-20@tablet\">\n<figure class=\"mm\"><picture class=\"img\" style=\"padding-top:56.25%\"><source  media=\"(min-width: 1024px)\"><source  media=\"(min-width: 768px)\"><\/source><\/source><\/picture><\/figure>\n<\/p><\/div>\n<p>Antonio Gramsci, <strong>f\u00f8dt i Ales<\/strong>p\u00e5 Sardinia, i 1891 og d\u00f8de i Roma i 1937, var en <strong>intellektuell og leder av Italias kommunistparti<\/strong>. Som ung studerte han f\u00f8rst p\u00e5 Sardinia og deretter ved Universitetet i Torino. Da han var universitetsstudent ble han med i <strong>Sosialistpartiet<\/strong> og etter f\u00f8rste verdenskrig var han en av de <strong>grunnleggerne av Italias kommunistiske parti<\/strong>. Mellom 1922 og 1924 bodde han i <strong>Sovjetunionen og \u00d8sterrike<\/strong>. Valgt stedfortreder i 1924, returnerte han til Italia og <strong>fortsatte han<\/strong> <strong>politisk aktivitet frem til arrestasjonen<\/strong>som skjedde i 1926 etter beslutning fra det fascistiske diktaturet. Han forble varetektsfengslet, f\u00f8rst i fengsel og deretter p\u00e5 en klinikk, til sin d\u00f8d. Under sin internering opprettholdt han en korrespondanse med familien, samlet etter krigen i <strong>Brev fra fengselet<\/strong>og ogs\u00e5 utarbeidet i <strong>Fengsels notatb\u00f8ker<\/strong>en samling notater om politikk og kultur<\/p>\n<h2><strong>Gramscis barndom og ungdom p\u00e5 Sardinia<\/strong><\/h2>\n<p>Antonio Gramsci ble f\u00f8dt i Ales, i provinsen Cagliari (n\u00e5 provinsen Oristano) i 1891. Han tilh\u00f8rte en <strong>familie av beskjedne midler<\/strong> og fra en tidlig alder m\u00e5tte han m\u00f8te <strong>helseproblemer<\/strong>inkludert utbruddet av Potts sykdom, som for\u00e5rsaket kyfose (dvs. utseendet til pukkelen). Han tilbrakte barndommen i byen <strong>Ghilarza<\/strong> og siden han var barn viste han stor kj\u00e6rlighet til studier, men han m\u00e5tte midlertidig forlate skolen i en alder av 12 \u00e5r for \u00e5 jobbe og hjelpe familien, som ogs\u00e5 var i vanskeligheter fordi faren, Francesco, var blitt arrestert for forbrytelser beg\u00e5tt som matrikkelansatt. <strong>I 1905 kunne han imidlertid melde seg p\u00e5 videreg\u00e5ende skole<\/strong> i byen Santu Lussurgiu og tre \u00e5r senere flyttet han til Cagliari, hvor broren Gennaro bodde, for \u00e5 <strong>g\u00e5 p\u00e5 videreg\u00e5ende skole<\/strong>.<\/p>\n<div class=\"cp_wrapper cp_wrapper--fw mb-50\">\n<figure class=\"mm\"><picture class=\"img\" style=\"padding-top:75.058823529412%\"><source  media=\"(min-width: 1024px)\"><source  media=\"(min-width: 768px)\"><img decoding=\"async\" loading=\"lazy\" src=\"https:\/\/nordnesrepublikken.no\/wp-content\/uploads\/2026\/04\/1777263382_297_kort-biografi-om-den-intellektuelle-og-kommunistiske-lederen-sentral-skikkelse.jpg\" alt=\"Gramsci i 1905, ved siden av professoren, ved Santu Lussurgiu gymnasium\" width=\"850\" height=\"638\"\/><\/source><\/source><\/picture><\/figure>\n<\/p><\/div>\n<p>Han utviklet politiske overbevisninger<strong> &laquo;sardistas&raquo;, <\/strong>mente at Sardinia var blitt skadet av &laquo;kontinentalene&raquo;, men fra en ung alder viste han interesse for forholdene til de ydmykere klassene. Han ble uteksaminert i 1911 og deltok samme \u00e5r i konkurransen om et stipend for \u00e5 delta <strong>universitetet i Torino<\/strong>\u00e5 v\u00e6re blant vinnerne. En annen av vinnerne var Palmiro Togliatti.<\/p>\n<h2><strong>Hans opphold i Torino og hans politiske modning<\/strong><\/h2>\n<p>I 1911 <strong>Gramsci flyttet til Torino<\/strong> og meldte seg inn p\u00e5 det litteraturvitenskapelige fakultet. Han levde under prek\u00e6re \u00f8konomiske forhold, fordi stipendet s\u00e5 vidt rakk til utgifter. Utvikling <strong>sosialistiske politiske ideer<\/strong> og i 1913 og sluttet seg til PSI. Ved utbruddet av f\u00f8rste verdenskrig viste han sin takknemlighet <strong>den intervensjonistiske linjen<\/strong>. Under konflikten innledet han et flittig samarbeid med den sosialistiske pressen, og skrev for ukebladet &laquo;<strong>Folkets rop&raquo;<\/strong> og Torino-utgaven av<strong>&laquo;Etter deg!&raquo;. <\/strong>Han ble venn med Togliatti og andre unge sosialister, inkludert Umberto Terracini og Angelo Tasca. I 1917 s\u00e5 han med interesse p\u00e5 den russiske revolusjonen.<\/p>\n<div class=\"cp_wrapper cp_wrapper--fw mb-50\">\n<figure class=\"mm\"><picture class=\"img\" style=\"padding-top:56.748466257669%\"><source  media=\"(min-width: 1024px)\"><source  media=\"(min-width: 768px)\"><img decoding=\"async\" loading=\"lazy\" src=\"https:\/\/nordnesrepublikken.no\/wp-content\/uploads\/2026\/04\/1777263384_292_kort-biografi-om-den-intellektuelle-og-kommunistiske-lederen-sentral-skikkelse.jpg\" alt=\"Gramsci (sist til h\u00f8yre) i 1916 med redaksjonen til avisen Il Grido del Popolo\" width=\"652\" height=\"370\" class=\"js-seedtag-img\"\/><\/source><\/source><\/picture><\/figure>\n<\/p><\/div>\n<p>Hans politiske engasjement tok ham bort fra studiene, som han aldri fullf\u00f8rte. I 1919 grunnla han sammen med Togliatti, Tasca og Terracini en ny avis, <strong>\u00abDen nye orden\u00bb<\/strong>som st\u00f8ttet arbeidernes krav og bedriftsr\u00e5dsbevegelsen. I 1921 tok han avstand fra sosialistpartiet og var blant grunnleggerne av <strong>Italias kommunistiske parti<\/strong>hvorav han umiddelbart ble en av de mest fremtredende lederne. Men han m\u00e5tte <strong>m\u00f8te fascismen<\/strong>stadig mer tilstedev\u00e6rende og voldelig. Kommunistpartiet var <strong>utplassert p\u00e5 uforsonlige stillinger<\/strong> og nektet samarbeid med andre antifascistiske krefter. Gramsci satte sannsynligvis ikke pris p\u00e5 sekterisme, men han gjorde ikke dissens eksplisitt.<\/p>\n<h2><strong>Gramsci i Sovjetunionen og \u00d8sterrike<\/strong><\/h2>\n<p>I 1922 Gramsci <strong>flyttet til Moskva<\/strong> som representant for Italias kommunistiske parti ved den kommunistiske internasjonale. Moskva-opplevelsen var et grunnleggende vendepunkt i livet hans. F\u00f8rst av alt hadde han muligheten til \u00e5 vite <strong>de viktigste kommunistiske eksponentene<\/strong>inkludert Lenin, og for \u00e5 utvikle presise ideer om den italienske krisen (mens han var i Moskva, tok dessuten fascistene i Italia makten med marsjen mot Roma). P\u00e5 grunn av hans helsemessige forhold ble han dessuten innlagt p\u00e5 sykehus i en periode p\u00e5 et sanatorium, hvor han m\u00f8ttes <strong>Giulia Schuchth<\/strong>en l\u00e6rer som tilh\u00f8rte en kommunistisk familie, som han giftet seg med i 1923 og som han hadde fra <strong>to s\u00f8nner, Delio og Giuliano<\/strong>.<\/p>\n<div class=\"cp_wrapper cp_wrapper--fw mb-50\">\n<figure class=\"mm\"><picture class=\"img\" style=\"padding-top:133.33333333333%\"><source  media=\"(min-width: 1024px)\"><source  media=\"(min-width: 768px)\"><img decoding=\"async\" loading=\"lazy\" src=\"https:\/\/nordnesrepublikken.no\/wp-content\/uploads\/2026\/04\/1777263385_620_kort-biografi-om-den-intellektuelle-og-kommunistiske-lederen-sentral-skikkelse.jpg\" alt=\"Giulia Schucht\" width=\"414\" height=\"552\"\/><\/source><\/source><\/picture><\/figure>\n<\/p><\/div>\n<p>Gramsci <strong>han ble i Moskva til slutten av 1923<\/strong>da han flyttet til Wien som representant for den kommunistiske internasjonale. I 1924, mens han var i utlandet, ja <strong>stilte til valg for Deputertkammeret<\/strong>i det siste relativt frie valget f\u00f8r opprettelsen av diktaturet og ble valgt.<\/p>\n<h2><strong>Nestleder og kommunistleder<\/strong><\/h2>\n<p>Da han kom tilbake til Italia i mai 1924, tok Gramsci sin plass i kammeret. I juni, som vi vet, drepte fascistene Giacomo Matteotti, noe som for\u00e5rsaket <strong>tilbaketrekning av partiets varamedlemmer<\/strong> mot motstand fra salen. Kommunistene bestemte seg imidlertid for \u00e5 forbli i salen for \u00e5 ford\u00f8mme skadene for\u00e5rsaket av fascismen. Samme 1924 grunnla partiet en ny avis<strong>&laquo;Enheten&raquo;<\/strong>: tittelen ble valgt av Gramsci for \u00e5 bety at det var n\u00f8dvendig \u00e5 forene de antifascistiske kreftene. Fra \u00e5ret etter begynte imidlertid fascistene prosessen med \u00e5 etablere et reelt diktatur, som begrenset de andre partienes frihetsmarginer. Gramsci <strong>han fortsatte modig sin politiske virksomhet<\/strong> b\u00e5de i salen og i partiavisene. I januar 1926 var han hovedpersonen i <strong>Lyon-kongressen <\/strong>av kommunistpartiet sammen med Palmiro Togliatti. I de p\u00e5f\u00f8lgende m\u00e5nedene fant han imidlertid seg selv <strong>i motsetning til Togliatti<\/strong> ang\u00e5ende dommen om bruddet som var i ferd med \u00e5 utvikle seg i det bolsjevikiske kommunistpartiet mellom flertallspartiet, ledet av <strong>Stalin<\/strong>og opposisjonen ledet av <strong>Leon Trotskij<\/strong>. Selv om Gramsci sluttet seg til flertallet, inntok han en mer forsonende holdning enn Togliatti. De to lederne kunne aldri ha avklart: <strong>den 8. november 1926 ble Gramsci<\/strong> <strong>arrestert<\/strong> av politiet i Roma: Mussolini tok som p\u00e5skudd et angrep han hadde lidd og beordret<strong>arrestasjon av opposisjonsrepresentanter <\/strong>og oppl\u00f8sning av opposisjonspartier. Diktaturet begynte for Italia og fengselsd\u00f8rene \u00e5pnet seg for Gramsci.<\/p>\n<div class=\"cp_wrapper cp_wrapper--fw mb-50\">\n<figure class=\"mm\"><picture class=\"img\" style=\"padding-top:62.05860255447%\"><source  media=\"(min-width: 1024px)\"><source  media=\"(min-width: 768px)\"><img decoding=\"async\" loading=\"lazy\" src=\"https:\/\/nordnesrepublikken.no\/wp-content\/uploads\/2026\/04\/1777263385_193_kort-biografi-om-den-intellektuelle-og-kommunistiske-lederen-sentral-skikkelse.jpg\" alt=\"Krus skutt under forvaring\" width=\"1331\" height=\"826\" class=\"js-seedtag-img\"\/><\/source><\/source><\/picture><\/figure>\n<\/p><\/div>\n<h2><strong>Gramscis rettssak og varetektsfengsling<\/strong><\/h2>\n<p>Gramsci ble sendt til <strong>Jeg er innesperret p\u00e5 \u00f8ya Ustica<\/strong>men ble senere overf\u00f8rt til fengsel og anklaget i en rettssak holdt i 1928 f\u00f8r <strong>Spesialdomstol for statens forsvar<\/strong> (etablert av fascismen for \u00e5 d\u00f8mme politiske forbrytelser). Terracini og andre ledere ble anklaget sammen med ham. Etter en rettssak gjennomf\u00f8rt uten garantier fra ordin\u00e6re domstoler, ble det <strong>d\u00f8mt til tjue \u00e5rs fengsel<\/strong> og tildelt Turi-fengselet, i provinsen Bari. Under varetektsfengslingen skrev han bl.a <strong>Fengsels notatb\u00f8ker<\/strong>et verk der han gjennom refleksjoner over Italias historie og kultur uttrykte sine ideer om staten, om kampen mot fascismen, om demokrati og om mange andre temaer.<\/p>\n<div class=\"cp_wrapper cp_wrapper--fw mb-50\">\n<figure class=\"mm\"><picture class=\"img\" style=\"padding-top:70.9375%\"><source  media=\"(min-width: 1024px)\"><source  media=\"(min-width: 768px)\"><img decoding=\"async\" loading=\"lazy\" src=\"https:\/\/nordnesrepublikken.no\/wp-content\/uploads\/2026\/04\/1777263386_591_kort-biografi-om-den-intellektuelle-og-kommunistiske-lederen-sentral-skikkelse.jpg\" alt=\"En side fra notatb\u00f8kene\" width=\"1920\" height=\"1362\"\/><\/source><\/source><\/picture><\/figure>\n<\/p><\/div>\n<p>Han opprettholdt ogs\u00e5 en omfattende epistol\u00e6r korrespondanse med Giulia, med andre familiemedlemmer og fremfor alt med <strong>svigerinne Tatiana<\/strong>som bodde i Italia og var n\u00e6r ham under hele varetektsfengslingen. De <strong>brev fra fengselet<\/strong>utgitt etter fascismens fall, skulle bli et av de mest kjente litter\u00e6re verkene i det tjuende \u00e5rhundre. Fengslingen for\u00e5rsaket imidlertid en alvorlig <strong>forverring av helsetilstander<\/strong> av Gramsci. I desember 1933 ble han overf\u00f8rt, p\u00e5 pr\u00f8vel\u00f8slatelse, til en klinikk i Formia. I utlandet n\u00f8t han enorm prestisje og i mange land feiret antifascister ham som en av de mest prestisjefylte politiske lederne. Togliatti, til tross for uenighetene i 1926, definerte det <strong>&laquo;arbeiderklassens leder&raquo;<\/strong>. Fangens helsetilstand ble imidlertid gradvis forverret. I 1935 ble han overf\u00f8rt til en klinikk i Roma. Den 25. april 1937, da han nettopp hadde oppn\u00e5dd full frihet, ble han truffet av <strong>hjernebl\u00f8dning<\/strong>. To dager senere d\u00f8de han. Etter krigen, hans <strong>politisk og kulturell arv<\/strong>fremfor alt formidlet gjennom Prison Notebooks, hadde en <strong>veldig stort<\/strong> <strong>innflytelse<\/strong> om intellektuelle og den politiske verden.<\/p>\n<div class=\"cp_wrapper  mb-50   \">\n<div class=\"cbx\">\n<div class=\"cbx__collection\">\n<p>Kilder<\/p>\n<div class=\"cbx__sources\">\n<p>Angelo D&#8217;Orsi, Gramsci. En ny biografi, 2. utgave, Milan, Feltrinelli, 2019<\/p>\n<p>                                                                                Giuseppe Vacca, Gramsci, Antonio, i Biographical Dictionary of Italians,<\/p>\n<p>L. Rapone, Fem \u00e5r som virker som \u00e5rhundrer. Antonio Gramsci fra sosialisme til kommunisme (1914-1919), Carocci 2011<\/p>\n<\/p><\/div>\n<\/p><\/div>\n<\/p><\/div>\n<\/div><\/div>\n","protected":false},"excerpt":{"rendered":"<p>Antonio Gramsci, f\u00f8dt i Alesp\u00e5 Sardinia, i 1891 og d\u00f8de i Roma i 1937, var<\/p>\n","protected":false},"author":1,"featured_media":17485,"comment_status":"closed","ping_status":"open","sticky":false,"template":"","format":"standard","meta":{"footnotes":""},"categories":[104],"tags":[1589,2879,74,66,3760,782,11291,1243,3597,11292,11293,4662],"class_list":["post-17484","post","type-post","status-publish","format-standard","has-post-thumbnail","hentry","category-samfunn","tag-arhundre","tag-biografi","tag-den","tag-det","tag-intellektuelle","tag-italienske","tag-kommunistiske","tag-kort","tag-lederen","tag-sentral","tag-skikkelse","tag-tjuende","generate-columns","tablet-grid-50","mobile-grid-100","grid-parent","grid-33","resize-featured-image"],"yoast_head":"<!-- This site is optimized with the Yoast SEO plugin v24.4 - https:\/\/yoast.com\/wordpress\/plugins\/seo\/ -->\n<title>kort biografi om den intellektuelle og kommunistiske lederen, sentral skikkelse av det italienske tjuende \u00e5rhundre - Nordnesrepublikken<\/title>\n<meta name=\"robots\" content=\"index, follow, max-snippet:-1, max-image-preview:large, max-video-preview:-1\" \/>\n<link rel=\"canonical\" href=\"https:\/\/nordnesrepublikken.no\/index.php\/2026\/04\/27\/kort-biografi-om-den-intellektuelle-og-kommunistiske-lederen-sentral-skikkelse-av-det-italienske-tjuende-arhundre\/\" \/>\n<meta property=\"og:locale\" content=\"nb_NO\" \/>\n<meta property=\"og:type\" content=\"article\" \/>\n<meta property=\"og:title\" content=\"kort biografi om den intellektuelle og kommunistiske lederen, sentral skikkelse av det italienske tjuende \u00e5rhundre - Nordnesrepublikken\" \/>\n<meta property=\"og:description\" content=\"Antonio Gramsci, f\u00f8dt i Alesp\u00e5 Sardinia, i 1891 og d\u00f8de i Roma i 1937, var\" \/>\n<meta property=\"og:url\" content=\"https:\/\/nordnesrepublikken.no\/index.php\/2026\/04\/27\/kort-biografi-om-den-intellektuelle-og-kommunistiske-lederen-sentral-skikkelse-av-det-italienske-tjuende-arhundre\/\" \/>\n<meta property=\"og:site_name\" content=\"Nordnesrepublikken\" \/>\n<meta property=\"article:published_time\" content=\"2026-04-27T04:16:26+00:00\" \/>\n<meta property=\"article:modified_time\" content=\"2026-04-27T04:16:29+00:00\" \/>\n<meta property=\"og:image\" content=\"https:\/\/nordnesrepublikken.no\/wp-content\/uploads\/2026\/04\/1777263388_kort-biografi-om-den-intellektuelle-og-kommunistiske-lederen-sentral-skikkelse.jpg\" \/>\n\t<meta property=\"og:image:width\" content=\"1024\" \/>\n\t<meta property=\"og:image:height\" content=\"768\" \/>\n\t<meta property=\"og:image:type\" content=\"image\/jpeg\" \/>\n<meta name=\"author\" content=\"Ole Andersen\" \/>\n<meta name=\"twitter:card\" content=\"summary_large_image\" \/>\n<meta name=\"twitter:label1\" content=\"Skrevet av\" \/>\n\t<meta name=\"twitter:data1\" content=\"Ole Andersen\" \/>\n\t<meta name=\"twitter:label2\" content=\"Ansl. lesetid\" \/>\n\t<meta name=\"twitter:data2\" content=\"6 minutter\" \/>\n<script type=\"application\/ld+json\" class=\"yoast-schema-graph\">{\"@context\":\"https:\/\/schema.org\",\"@graph\":[{\"@type\":\"Article\",\"@id\":\"https:\/\/nordnesrepublikken.no\/index.php\/2026\/04\/27\/kort-biografi-om-den-intellektuelle-og-kommunistiske-lederen-sentral-skikkelse-av-det-italienske-tjuende-arhundre\/#article\",\"isPartOf\":{\"@id\":\"https:\/\/nordnesrepublikken.no\/index.php\/2026\/04\/27\/kort-biografi-om-den-intellektuelle-og-kommunistiske-lederen-sentral-skikkelse-av-det-italienske-tjuende-arhundre\/\"},\"author\":{\"name\":\"Ole Andersen\",\"@id\":\"https:\/\/nordnesrepublikken.no\/#\/schema\/person\/2e7e81935bab77882fffb79296240ff1\"},\"headline\":\"kort biografi om den intellektuelle og kommunistiske lederen, sentral skikkelse av det italienske tjuende \u00e5rhundre\",\"datePublished\":\"2026-04-27T04:16:26+00:00\",\"dateModified\":\"2026-04-27T04:16:29+00:00\",\"mainEntityOfPage\":{\"@id\":\"https:\/\/nordnesrepublikken.no\/index.php\/2026\/04\/27\/kort-biografi-om-den-intellektuelle-og-kommunistiske-lederen-sentral-skikkelse-av-det-italienske-tjuende-arhundre\/\"},\"wordCount\":1243,\"publisher\":{\"@id\":\"https:\/\/nordnesrepublikken.no\/#organization\"},\"image\":{\"@id\":\"https:\/\/nordnesrepublikken.no\/index.php\/2026\/04\/27\/kort-biografi-om-den-intellektuelle-og-kommunistiske-lederen-sentral-skikkelse-av-det-italienske-tjuende-arhundre\/#primaryimage\"},\"thumbnailUrl\":\"https:\/\/nordnesrepublikken.no\/wp-content\/uploads\/2026\/04\/1777263388_kort-biografi-om-den-intellektuelle-og-kommunistiske-lederen-sentral-skikkelse.jpg\",\"keywords\":[\"\u00e5rhundre\",\"biografi\",\"den\",\"Det\",\"intellektuelle\",\"italienske\",\"kommunistiske\",\"Kort\",\"lederen\",\"sentral\",\"skikkelse\",\"tjuende\"],\"articleSection\":[\"Samfunn\"],\"inLanguage\":\"nb-NO\"},{\"@type\":\"WebPage\",\"@id\":\"https:\/\/nordnesrepublikken.no\/index.php\/2026\/04\/27\/kort-biografi-om-den-intellektuelle-og-kommunistiske-lederen-sentral-skikkelse-av-det-italienske-tjuende-arhundre\/\",\"url\":\"https:\/\/nordnesrepublikken.no\/index.php\/2026\/04\/27\/kort-biografi-om-den-intellektuelle-og-kommunistiske-lederen-sentral-skikkelse-av-det-italienske-tjuende-arhundre\/\",\"name\":\"kort biografi om den intellektuelle og kommunistiske lederen, sentral skikkelse av det italienske tjuende \u00e5rhundre - Nordnesrepublikken\",\"isPartOf\":{\"@id\":\"https:\/\/nordnesrepublikken.no\/#website\"},\"primaryImageOfPage\":{\"@id\":\"https:\/\/nordnesrepublikken.no\/index.php\/2026\/04\/27\/kort-biografi-om-den-intellektuelle-og-kommunistiske-lederen-sentral-skikkelse-av-det-italienske-tjuende-arhundre\/#primaryimage\"},\"image\":{\"@id\":\"https:\/\/nordnesrepublikken.no\/index.php\/2026\/04\/27\/kort-biografi-om-den-intellektuelle-og-kommunistiske-lederen-sentral-skikkelse-av-det-italienske-tjuende-arhundre\/#primaryimage\"},\"thumbnailUrl\":\"https:\/\/nordnesrepublikken.no\/wp-content\/uploads\/2026\/04\/1777263388_kort-biografi-om-den-intellektuelle-og-kommunistiske-lederen-sentral-skikkelse.jpg\",\"datePublished\":\"2026-04-27T04:16:26+00:00\",\"dateModified\":\"2026-04-27T04:16:29+00:00\",\"breadcrumb\":{\"@id\":\"https:\/\/nordnesrepublikken.no\/index.php\/2026\/04\/27\/kort-biografi-om-den-intellektuelle-og-kommunistiske-lederen-sentral-skikkelse-av-det-italienske-tjuende-arhundre\/#breadcrumb\"},\"inLanguage\":\"nb-NO\",\"potentialAction\":[{\"@type\":\"ReadAction\",\"target\":[\"https:\/\/nordnesrepublikken.no\/index.php\/2026\/04\/27\/kort-biografi-om-den-intellektuelle-og-kommunistiske-lederen-sentral-skikkelse-av-det-italienske-tjuende-arhundre\/\"]}]},{\"@type\":\"ImageObject\",\"inLanguage\":\"nb-NO\",\"@id\":\"https:\/\/nordnesrepublikken.no\/index.php\/2026\/04\/27\/kort-biografi-om-den-intellektuelle-og-kommunistiske-lederen-sentral-skikkelse-av-det-italienske-tjuende-arhundre\/#primaryimage\",\"url\":\"https:\/\/nordnesrepublikken.no\/wp-content\/uploads\/2026\/04\/1777263388_kort-biografi-om-den-intellektuelle-og-kommunistiske-lederen-sentral-skikkelse.jpg\",\"contentUrl\":\"https:\/\/nordnesrepublikken.no\/wp-content\/uploads\/2026\/04\/1777263388_kort-biografi-om-den-intellektuelle-og-kommunistiske-lederen-sentral-skikkelse.jpg\",\"width\":1024,\"height\":768,\"caption\":\"kort biografi om den intellektuelle og kommunistiske lederen, sentral skikkelse av det italienske tjuende \u00e5rhundre\"},{\"@type\":\"BreadcrumbList\",\"@id\":\"https:\/\/nordnesrepublikken.no\/index.php\/2026\/04\/27\/kort-biografi-om-den-intellektuelle-og-kommunistiske-lederen-sentral-skikkelse-av-det-italienske-tjuende-arhundre\/#breadcrumb\",\"itemListElement\":[{\"@type\":\"ListItem\",\"position\":1,\"name\":\"Home\",\"item\":\"https:\/\/nordnesrepublikken.no\/\"},{\"@type\":\"ListItem\",\"position\":2,\"name\":\"kort biografi om den intellektuelle og kommunistiske lederen, sentral skikkelse av det italienske tjuende \u00e5rhundre\"}]},{\"@type\":\"WebSite\",\"@id\":\"https:\/\/nordnesrepublikken.no\/#website\",\"url\":\"https:\/\/nordnesrepublikken.no\/\",\"name\":\"Nordnesrepublikken\",\"description\":\"Stemmer og Visjoner fra Republikkens Hjerte\",\"publisher\":{\"@id\":\"https:\/\/nordnesrepublikken.no\/#organization\"},\"potentialAction\":[{\"@type\":\"SearchAction\",\"target\":{\"@type\":\"EntryPoint\",\"urlTemplate\":\"https:\/\/nordnesrepublikken.no\/?s={search_term_string}\"},\"query-input\":{\"@type\":\"PropertyValueSpecification\",\"valueRequired\":true,\"valueName\":\"search_term_string\"}}],\"inLanguage\":\"nb-NO\"},{\"@type\":\"Organization\",\"@id\":\"https:\/\/nordnesrepublikken.no\/#organization\",\"name\":\"Nordnesrepublikken\",\"url\":\"https:\/\/nordnesrepublikken.no\/\",\"logo\":{\"@type\":\"ImageObject\",\"inLanguage\":\"nb-NO\",\"@id\":\"https:\/\/nordnesrepublikken.no\/#\/schema\/logo\/image\/\",\"url\":\"https:\/\/nordnesrepublikken.no\/wp-content\/uploads\/2025\/02\/cropped-nordnesrepublikken-2.png\",\"contentUrl\":\"https:\/\/nordnesrepublikken.no\/wp-content\/uploads\/2025\/02\/cropped-nordnesrepublikken-2.png\",\"width\":1248,\"height\":362,\"caption\":\"Nordnesrepublikken\"},\"image\":{\"@id\":\"https:\/\/nordnesrepublikken.no\/#\/schema\/logo\/image\/\"}},{\"@type\":\"Person\",\"@id\":\"https:\/\/nordnesrepublikken.no\/#\/schema\/person\/2e7e81935bab77882fffb79296240ff1\",\"name\":\"Ole Andersen\",\"image\":{\"@type\":\"ImageObject\",\"inLanguage\":\"nb-NO\",\"@id\":\"https:\/\/nordnesrepublikken.no\/#\/schema\/person\/image\/\",\"url\":\"https:\/\/nordnesrepublikken.no\/wp-content\/uploads\/2025\/02\/nordnesrepublikken-2-2-150x150.jpg\",\"contentUrl\":\"https:\/\/nordnesrepublikken.no\/wp-content\/uploads\/2025\/02\/nordnesrepublikken-2-2-150x150.jpg\",\"caption\":\"Ole Andersen\"},\"description\":\"Ettersom jeg vokste opp i Oslo, har jeg alltid v\u00e6rt fascinert av ordenes kraft og deres evne til \u00e5 skape endringer. Etter \u00e5 ha fullf\u00f8rt min utdannelse i kommunikasjon ved Universitetet i Bergen, fikk jeg muligheten til \u00e5 jobbe innen ulike medier, der jeg har s\u00f8kt \u00e5 belyse viktige samfunnssp\u00f8rsm\u00e5l. I dag, som redakt\u00f8r for Nordnesrepublikken, pr\u00f8ver jeg \u00e5 forene min kj\u00e6rlighet for journalistikk med min lidenskap for innovasjon og eventyr.\",\"sameAs\":[\"https:\/\/nordnesrepublikken.no\/\"]}]}<\/script>\n<!-- \/ Yoast SEO plugin. -->","yoast_head_json":{"title":"kort biografi om den intellektuelle og kommunistiske lederen, sentral skikkelse av det italienske tjuende \u00e5rhundre - Nordnesrepublikken","robots":{"index":"index","follow":"follow","max-snippet":"max-snippet:-1","max-image-preview":"max-image-preview:large","max-video-preview":"max-video-preview:-1"},"canonical":"https:\/\/nordnesrepublikken.no\/index.php\/2026\/04\/27\/kort-biografi-om-den-intellektuelle-og-kommunistiske-lederen-sentral-skikkelse-av-det-italienske-tjuende-arhundre\/","og_locale":"nb_NO","og_type":"article","og_title":"kort biografi om den intellektuelle og kommunistiske lederen, sentral skikkelse av det italienske tjuende \u00e5rhundre - Nordnesrepublikken","og_description":"Antonio Gramsci, f\u00f8dt i Alesp\u00e5 Sardinia, i 1891 og d\u00f8de i Roma i 1937, var","og_url":"https:\/\/nordnesrepublikken.no\/index.php\/2026\/04\/27\/kort-biografi-om-den-intellektuelle-og-kommunistiske-lederen-sentral-skikkelse-av-det-italienske-tjuende-arhundre\/","og_site_name":"Nordnesrepublikken","article_published_time":"2026-04-27T04:16:26+00:00","article_modified_time":"2026-04-27T04:16:29+00:00","og_image":[{"width":1024,"height":768,"url":"https:\/\/nordnesrepublikken.no\/wp-content\/uploads\/2026\/04\/1777263388_kort-biografi-om-den-intellektuelle-og-kommunistiske-lederen-sentral-skikkelse.jpg","type":"image\/jpeg"}],"author":"Ole Andersen","twitter_card":"summary_large_image","twitter_misc":{"Skrevet av":"Ole Andersen","Ansl. lesetid":"6 minutter"},"schema":{"@context":"https:\/\/schema.org","@graph":[{"@type":"Article","@id":"https:\/\/nordnesrepublikken.no\/index.php\/2026\/04\/27\/kort-biografi-om-den-intellektuelle-og-kommunistiske-lederen-sentral-skikkelse-av-det-italienske-tjuende-arhundre\/#article","isPartOf":{"@id":"https:\/\/nordnesrepublikken.no\/index.php\/2026\/04\/27\/kort-biografi-om-den-intellektuelle-og-kommunistiske-lederen-sentral-skikkelse-av-det-italienske-tjuende-arhundre\/"},"author":{"name":"Ole Andersen","@id":"https:\/\/nordnesrepublikken.no\/#\/schema\/person\/2e7e81935bab77882fffb79296240ff1"},"headline":"kort biografi om den intellektuelle og kommunistiske lederen, sentral skikkelse av det italienske tjuende \u00e5rhundre","datePublished":"2026-04-27T04:16:26+00:00","dateModified":"2026-04-27T04:16:29+00:00","mainEntityOfPage":{"@id":"https:\/\/nordnesrepublikken.no\/index.php\/2026\/04\/27\/kort-biografi-om-den-intellektuelle-og-kommunistiske-lederen-sentral-skikkelse-av-det-italienske-tjuende-arhundre\/"},"wordCount":1243,"publisher":{"@id":"https:\/\/nordnesrepublikken.no\/#organization"},"image":{"@id":"https:\/\/nordnesrepublikken.no\/index.php\/2026\/04\/27\/kort-biografi-om-den-intellektuelle-og-kommunistiske-lederen-sentral-skikkelse-av-det-italienske-tjuende-arhundre\/#primaryimage"},"thumbnailUrl":"https:\/\/nordnesrepublikken.no\/wp-content\/uploads\/2026\/04\/1777263388_kort-biografi-om-den-intellektuelle-og-kommunistiske-lederen-sentral-skikkelse.jpg","keywords":["\u00e5rhundre","biografi","den","Det","intellektuelle","italienske","kommunistiske","Kort","lederen","sentral","skikkelse","tjuende"],"articleSection":["Samfunn"],"inLanguage":"nb-NO"},{"@type":"WebPage","@id":"https:\/\/nordnesrepublikken.no\/index.php\/2026\/04\/27\/kort-biografi-om-den-intellektuelle-og-kommunistiske-lederen-sentral-skikkelse-av-det-italienske-tjuende-arhundre\/","url":"https:\/\/nordnesrepublikken.no\/index.php\/2026\/04\/27\/kort-biografi-om-den-intellektuelle-og-kommunistiske-lederen-sentral-skikkelse-av-det-italienske-tjuende-arhundre\/","name":"kort biografi om den intellektuelle og kommunistiske lederen, sentral skikkelse av det italienske tjuende \u00e5rhundre - Nordnesrepublikken","isPartOf":{"@id":"https:\/\/nordnesrepublikken.no\/#website"},"primaryImageOfPage":{"@id":"https:\/\/nordnesrepublikken.no\/index.php\/2026\/04\/27\/kort-biografi-om-den-intellektuelle-og-kommunistiske-lederen-sentral-skikkelse-av-det-italienske-tjuende-arhundre\/#primaryimage"},"image":{"@id":"https:\/\/nordnesrepublikken.no\/index.php\/2026\/04\/27\/kort-biografi-om-den-intellektuelle-og-kommunistiske-lederen-sentral-skikkelse-av-det-italienske-tjuende-arhundre\/#primaryimage"},"thumbnailUrl":"https:\/\/nordnesrepublikken.no\/wp-content\/uploads\/2026\/04\/1777263388_kort-biografi-om-den-intellektuelle-og-kommunistiske-lederen-sentral-skikkelse.jpg","datePublished":"2026-04-27T04:16:26+00:00","dateModified":"2026-04-27T04:16:29+00:00","breadcrumb":{"@id":"https:\/\/nordnesrepublikken.no\/index.php\/2026\/04\/27\/kort-biografi-om-den-intellektuelle-og-kommunistiske-lederen-sentral-skikkelse-av-det-italienske-tjuende-arhundre\/#breadcrumb"},"inLanguage":"nb-NO","potentialAction":[{"@type":"ReadAction","target":["https:\/\/nordnesrepublikken.no\/index.php\/2026\/04\/27\/kort-biografi-om-den-intellektuelle-og-kommunistiske-lederen-sentral-skikkelse-av-det-italienske-tjuende-arhundre\/"]}]},{"@type":"ImageObject","inLanguage":"nb-NO","@id":"https:\/\/nordnesrepublikken.no\/index.php\/2026\/04\/27\/kort-biografi-om-den-intellektuelle-og-kommunistiske-lederen-sentral-skikkelse-av-det-italienske-tjuende-arhundre\/#primaryimage","url":"https:\/\/nordnesrepublikken.no\/wp-content\/uploads\/2026\/04\/1777263388_kort-biografi-om-den-intellektuelle-og-kommunistiske-lederen-sentral-skikkelse.jpg","contentUrl":"https:\/\/nordnesrepublikken.no\/wp-content\/uploads\/2026\/04\/1777263388_kort-biografi-om-den-intellektuelle-og-kommunistiske-lederen-sentral-skikkelse.jpg","width":1024,"height":768,"caption":"kort biografi om den intellektuelle og kommunistiske lederen, sentral skikkelse av det italienske tjuende \u00e5rhundre"},{"@type":"BreadcrumbList","@id":"https:\/\/nordnesrepublikken.no\/index.php\/2026\/04\/27\/kort-biografi-om-den-intellektuelle-og-kommunistiske-lederen-sentral-skikkelse-av-det-italienske-tjuende-arhundre\/#breadcrumb","itemListElement":[{"@type":"ListItem","position":1,"name":"Home","item":"https:\/\/nordnesrepublikken.no\/"},{"@type":"ListItem","position":2,"name":"kort biografi om den intellektuelle og kommunistiske lederen, sentral skikkelse av det italienske tjuende \u00e5rhundre"}]},{"@type":"WebSite","@id":"https:\/\/nordnesrepublikken.no\/#website","url":"https:\/\/nordnesrepublikken.no\/","name":"Nordnesrepublikken","description":"Stemmer og Visjoner fra Republikkens Hjerte","publisher":{"@id":"https:\/\/nordnesrepublikken.no\/#organization"},"potentialAction":[{"@type":"SearchAction","target":{"@type":"EntryPoint","urlTemplate":"https:\/\/nordnesrepublikken.no\/?s={search_term_string}"},"query-input":{"@type":"PropertyValueSpecification","valueRequired":true,"valueName":"search_term_string"}}],"inLanguage":"nb-NO"},{"@type":"Organization","@id":"https:\/\/nordnesrepublikken.no\/#organization","name":"Nordnesrepublikken","url":"https:\/\/nordnesrepublikken.no\/","logo":{"@type":"ImageObject","inLanguage":"nb-NO","@id":"https:\/\/nordnesrepublikken.no\/#\/schema\/logo\/image\/","url":"https:\/\/nordnesrepublikken.no\/wp-content\/uploads\/2025\/02\/cropped-nordnesrepublikken-2.png","contentUrl":"https:\/\/nordnesrepublikken.no\/wp-content\/uploads\/2025\/02\/cropped-nordnesrepublikken-2.png","width":1248,"height":362,"caption":"Nordnesrepublikken"},"image":{"@id":"https:\/\/nordnesrepublikken.no\/#\/schema\/logo\/image\/"}},{"@type":"Person","@id":"https:\/\/nordnesrepublikken.no\/#\/schema\/person\/2e7e81935bab77882fffb79296240ff1","name":"Ole Andersen","image":{"@type":"ImageObject","inLanguage":"nb-NO","@id":"https:\/\/nordnesrepublikken.no\/#\/schema\/person\/image\/","url":"https:\/\/nordnesrepublikken.no\/wp-content\/uploads\/2025\/02\/nordnesrepublikken-2-2-150x150.jpg","contentUrl":"https:\/\/nordnesrepublikken.no\/wp-content\/uploads\/2025\/02\/nordnesrepublikken-2-2-150x150.jpg","caption":"Ole Andersen"},"description":"Ettersom jeg vokste opp i Oslo, har jeg alltid v\u00e6rt fascinert av ordenes kraft og deres evne til \u00e5 skape endringer. Etter \u00e5 ha fullf\u00f8rt min utdannelse i kommunikasjon ved Universitetet i Bergen, fikk jeg muligheten til \u00e5 jobbe innen ulike medier, der jeg har s\u00f8kt \u00e5 belyse viktige samfunnssp\u00f8rsm\u00e5l. I dag, som redakt\u00f8r for Nordnesrepublikken, pr\u00f8ver jeg \u00e5 forene min kj\u00e6rlighet for journalistikk med min lidenskap for innovasjon og eventyr.","sameAs":["https:\/\/nordnesrepublikken.no\/"]}]}},"_links":{"self":[{"href":"https:\/\/nordnesrepublikken.no\/index.php\/wp-json\/wp\/v2\/posts\/17484","targetHints":{"allow":["GET"]}}],"collection":[{"href":"https:\/\/nordnesrepublikken.no\/index.php\/wp-json\/wp\/v2\/posts"}],"about":[{"href":"https:\/\/nordnesrepublikken.no\/index.php\/wp-json\/wp\/v2\/types\/post"}],"author":[{"embeddable":true,"href":"https:\/\/nordnesrepublikken.no\/index.php\/wp-json\/wp\/v2\/users\/1"}],"replies":[{"embeddable":true,"href":"https:\/\/nordnesrepublikken.no\/index.php\/wp-json\/wp\/v2\/comments?post=17484"}],"version-history":[{"count":1,"href":"https:\/\/nordnesrepublikken.no\/index.php\/wp-json\/wp\/v2\/posts\/17484\/revisions"}],"predecessor-version":[{"id":17486,"href":"https:\/\/nordnesrepublikken.no\/index.php\/wp-json\/wp\/v2\/posts\/17484\/revisions\/17486"}],"wp:featuredmedia":[{"embeddable":true,"href":"https:\/\/nordnesrepublikken.no\/index.php\/wp-json\/wp\/v2\/media\/17485"}],"wp:attachment":[{"href":"https:\/\/nordnesrepublikken.no\/index.php\/wp-json\/wp\/v2\/media?parent=17484"}],"wp:term":[{"taxonomy":"category","embeddable":true,"href":"https:\/\/nordnesrepublikken.no\/index.php\/wp-json\/wp\/v2\/categories?post=17484"},{"taxonomy":"post_tag","embeddable":true,"href":"https:\/\/nordnesrepublikken.no\/index.php\/wp-json\/wp\/v2\/tags?post=17484"}],"curies":[{"name":"wp","href":"https:\/\/api.w.org\/{rel}","templated":true}]}}