{"id":17481,"date":"2026-04-27T01:09:03","date_gmt":"2026-04-26T23:09:03","guid":{"rendered":"https:\/\/nordnesrepublikken.no\/index.php\/2026\/04\/27\/spania-flytter-for-a-omdefinere-lovlige-kjaeledyr-ettersom-lovutkastet-reiser-bredere-velferdsbekymringer\/"},"modified":"2026-04-27T01:09:05","modified_gmt":"2026-04-26T23:09:05","slug":"spania-flytter-for-a-omdefinere-lovlige-kjaeledyr-ettersom-lovutkastet-reiser-bredere-velferdsbekymringer","status":"publish","type":"post","link":"https:\/\/nordnesrepublikken.no\/index.php\/2026\/04\/27\/spania-flytter-for-a-omdefinere-lovlige-kjaeledyr-ettersom-lovutkastet-reiser-bredere-velferdsbekymringer\/","title":{"rendered":"Spania flytter for \u00e5 omdefinere lovlige kj\u00e6ledyr ettersom lovutkastet reiser bredere velferdsbekymringer"},"content":{"rendered":"<p><\/p>\n<div class=\"wordpress-content\">\n                    <!-- Article Start --><\/p>\n<p class=\"p1\">Spania g\u00e5r gjennom en offentlig h\u00f8ringsfase om et utkast til kongelig resolusjon som innf\u00f8rer s\u00e5kalte &laquo;positive lister&raquo; over selskapsdyr, som vil avgj\u00f8re hvilke arter som lovlig kan holdes som kj\u00e6ledyr i husholdninger. Regjeringen har uttalt at tiltaket er en del av gjennomf\u00f8ringen av lov 7\/2023 om dyrevelferd, selv om det enn\u00e5 ikke er offentliggjort noen endelig liste over tillatte arter.<\/p>\n<p class=\"p1\">Utkastet angir ikke en fast liste over dyr, men definerer i stedet kriterier som arter m\u00e5 oppfylle for \u00e5 kvalifisere som husdyr. Disse kriteriene er knyttet til velferdsbehov, sikkerhet og milj\u00f8risiko. Forslaget har allerede skapt debatt p\u00e5 grunn av omfanget av utelukkelser og juridiske konsekvenser knyttet til dem.<\/p>\n<h2 class=\"p2\"><b>Rettslige konsekvenser for ekskluderte dyr<\/b><\/h2>\n<p class=\"p1\">Et sentralt aspekt ved utkastet er hvordan det omklassifiserer dyr som ikke er med p\u00e5 positivlistene. I henhold til forslaget vil alle arter som ikke vises i verken tam- eller selskapsdyrlistene bli behandlet som vill fauna i henhold til lov 42\/2007 om naturarv og biologisk mangfold.<\/p>\n<div class=\"sra_unit\"><link rel=\"stylesheet\" id=\"block-sra\" href=\"https:\/\/euroweeklynews.com\/wp-content\/plugins\/snack-related-articles\/dist\/css\/snack-related.min.css?250312-193541\" type=\"text\/css\" media=\"all\">\n<\/div>\n<p class=\"p1\">Dette vil plassere ekskluderte kj\u00e6ledyr i samme juridiske kategori som ville arter som rev eller surikat, til tross for at mange er f\u00f8dt i fangenskap og aldri har levd i naturen. Kritikere hevder at dette skaper usikkerhet for eiere som skaffet dyr lovlig under eksisterende regler.<\/p>\n<p class=\"p1\">Basert p\u00e5 rapportering av utkastet, <strong>arter som kan bli p\u00e5virket inkluderer undulater<\/strong>gekkoer, enkelte skilpadder, slanger og noen prydfisk. Disse dyrene ville ikke v\u00e6re ulovlige direkte, men ville ikke komme p\u00e5 den godkjente listen og ville derfor falle utenfor vanlig lovlig eierskap.<\/p>\n<h2 class=\"p2\"><b>Debatt om ansvar, h\u00e5ndheving og konsistens<\/b><\/h2>\n<p class=\"p1\">Forslagene har f\u00f8rt til diskusjon mellom vernegrupper, oppdrettere og dyreeiere. Bevaringsfokuserte organisasjoner hevder at strengere regulering er n\u00f8dvendig for \u00e5 redusere \u00f8kologisk skade, spesielt der ikke-innf\u00f8dte dyr r\u00f8mmer og etablerer bestander som konkurrerer med innf\u00f8dt dyreliv.<\/p>\n<p class=\"p1\">Imidlertid hevder mange ansvarlige eiere av eksotiske kj\u00e6ledyr at politikken er formet av handlingene til en minoritet i stedet for av de bredere standardene for omsorg som allerede er p\u00e5 plass blant erfarne voktere. De p\u00e5peker at d\u00e5rlige utfall ofte er knyttet til uansvarlig eierskap i stedet for selve arten.<\/p>\n<p class=\"p1\">Det er ogs\u00e5 en p\u00e5g\u00e5ende debatt om regelmessig konsistens. Huskatter blir ofte referert til i bevaringsdiskusjoner p\u00e5 grunn av deres innvirkning p\u00e5 dyrelivspopulasjoner, spesielt fugler og sm\u00e5 pattedyr, men de er ikke underlagt restriksjoner p\u00e5 eierskap eller roaming i henhold til spansk lov. Denne kontrasten blir ofte sitert i bredere debatter om hvordan ulike kategorier av dyr er regulert.<\/p>\n<h2 class=\"p2\"><b>Eierrettigheter og begrensninger<\/b><\/h2>\n<p class=\"p1\">Forslaget omfatter overgangsordninger for n\u00e5v\u00e6rende eiere av dyr som kan utelukkes. I slike tilfeller kan dyr bare beholdes gjennom unntaksvis tillatelse utstedt av regionale myndigheter. Eiere m\u00e5 bevise tidligere besittelse f\u00f8r loven trer i kraft, ved \u00e5 bruke kvitteringer, veterin\u00e6rjournaler eller offisielle sertifikater.<\/p>\n<p class=\"p1\">Selv der det er tillatt, vil begrensninger gjelde. Avl, salg og overf\u00f8ring av disse dyrene vil v\u00e6re forbudt, noe som hindrer videre sirkulasjon av arter som ikke er inkludert i de endelige godkjente listene.<\/p>\n<h2 class=\"p2\"><b>Politisk debatt og offentlig strid<\/b><\/h2>\n<p class=\"p1\">Utkastet har f\u00f8rt til debatt blant vernegrupper, oppdrettere og kj\u00e6ledyreiere. Foreninger som Asociaci\u00f3n Fauna hevder at m\u00e5let ser ut til \u00e5 v\u00e6re \u00e5 maksimere eksklusjoner gjennom brede kriterier de anser som vilk\u00e5rlige, snarere enn \u00e5 vurdere arter individuelt basert p\u00e5 vitenskapelig bevis.<\/p>\n<p class=\"p1\">Inkluderingen av vektterskler, f\u00f4ringsatferd og fysiske egenskaper som regulatoriske kriterier har v\u00e6rt spesielt omstridt. Kritikere hevder at disse tiltakene kan mangle konsistens p\u00e5 tvers av forskjellige dyregrupper. Samtidig fremhever rapporteringen uvanlige klassifiseringer innenfor rammen, inkludert den teoretiske muligheten for \u00e5 registrere husdyrarter som storfe som selskapsdyr under spesifikke forhold.<\/p>\n<h2 class=\"p2\"><b>Ekspertperspektiv p\u00e5 velferd, h\u00e5ndheving og ansvar<\/b><\/h2>\n<p class=\"p1\">Fra mitt perspektiv som dyrevelferds- og atferdsforsker, samt eksotisk veterin\u00e6rsykepleier, fremhever den aktuelle debatten i Spania dypere strukturelle sp\u00f8rsm\u00e5l i dyrevelferdspolitikken.<\/p>\n<p class=\"p1\"><strong>Siden innf\u00f8ringen av nye dyrevelferdslover<\/strong>har det v\u00e6rt liten synlig forbedring i beskyttelsen av husdyr. Resultatene har ikke endret seg vesentlig, spesielt i forhold til avbruddsrater og langvarige velferdsbekymringer som p\u00e5virker kj\u00e6ledyr. Dersom lovgivning ikke f\u00f8rer til m\u00e5lbar forbedring, er dens praktiske verdi begrenset.<\/p>\n<p class=\"p1\">Forlatelse av dyr er fortsatt et vedvarende problem og ikke bare blant hunder eller katter, noe som reiser sp\u00f8rsm\u00e5l om hvorvidt utvidelse av tillatte arter l\u00f8ser de grunnleggende \u00e5rsakene. Hvis grunnleggende velferdsstandarder ikke kan oppfylles for eksisterende selskapsdyr, l\u00f8ser ikke det \u00e5 legge til flere kategorier underliggende problemer, tvert imot er det mer sannsynlig at vi ser mer ulovlig bevegelse av salg, avl og aktiviteter og mindre hensyn til dyrevelferden.<\/p>\n<h2 class=\"p2\"><b>St\u00f8rre ansvar p\u00e5 tvers av alle arter<\/b><\/h2>\n<p class=\"p1\">Disse problemene b\u00f8r ikke behandles gjennom en enkelt profesjonell linse. Effektiv politikk krever samarbeid mellom veterin\u00e6rer, velferdsspesialister, naturvernere og biologer. Hver av dem bidrar med viktig bevis for beslutningstaking om dyreeierskap og milj\u00f8p\u00e5virkning.<\/p>\n<p class=\"p1\">Selv om jeg er enig i at dyr med gift eller medisinsk signifikant risikoprofil krever strengere regulering, bestemmes de fleste velferdsresultater av ansvarlig eierskap i stedet for arter alene. Fors\u00f8mmelse er ofte knyttet til manglende kunnskap om atferd, omsorgskrav og langsiktig engasjement.<\/p>\n<p class=\"p1\">Samtidig b\u00f8r det h\u00e5ndheves sterkere mot \u00e5 holde ekte ville dyr ulovlig som kj\u00e6ledyr. Det er behov for et klarere skille mellom etablerte arter i fangenskap og dyr som forblir fundamentalt ville.<\/p>\n<h2 class=\"p2\"><b>Utdanningsbasert tiln\u00e6rming til eierskap<\/b><\/h2>\n<p class=\"p1\">Etter min mening vil en mer effektiv langsiktig l\u00f8sning inkludere obligatorisk utdanning eller sertifisering f\u00f8r du anskaffer noe dyr. Dette vil gjelde universelt og dekke <strong>grunnleggende kunnskap om dyret som atferd, ern\u00e6ring<\/strong>bolig, berikelse og veterin\u00e6rkostnader.<\/p>\n<p class=\"p1\">En slik tiln\u00e6rming vil strekke seg over alle dyr, enten det er hester, slanger eller ildere. M\u00e5let vil v\u00e6re \u00e5 redusere velferdssvikt for\u00e5rsaket av misforst\u00e5elser i stedet for kun \u00e5 stole p\u00e5 restriktive lister.<\/p>\n<h2 class=\"p2\"><b>Juridisk status og neste trinn<\/b><\/h2>\n<p class=\"p1\">Utkastene til forslag er fortsatt p\u00e5 h\u00f8ring og er enn\u00e5 ikke vedtatt i lov. Tilbakemeldinger fra veterin\u00e6rer, verneorganisasjoner, industriens interessenter og publikum blir fortsatt gjennomg\u00e5tt, og den endelige listen over tillatte arter kan endres f\u00f8r godkjenning.<\/p>\n<p class=\"p1\">Hvis det implementeres, vil Spanias system representere et skifte fra reaktive restriksjoner til forh\u00e5ndsgodkjenning av kj\u00e6ledyr gjennom definerte lister. Inntil da forblir eksisterende lover om dyreeierskap fullt ut i kraft.<\/p>\n<p>                    <!-- Originally published at https:\/\/euroweeklynews.com\/2026\/04\/27\/spain-moves-to-redefine-legal-pets-as-draft-law-raises-wider-welfare-concerns\/ on 27 Apr 2026 at 0:48 by Molly Grace --><br \/>\n                    <!-- Article End -->\n                <\/div>\n","protected":false},"excerpt":{"rendered":"<p>Spania g\u00e5r gjennom en offentlig h\u00f8ringsfase om et utkast til kongelig resolusjon som innf\u00f8rer s\u00e5kalte<\/p>\n","protected":false},"author":1,"featured_media":17482,"comment_status":"closed","ping_status":"open","sticky":false,"template":"","format":"standard","meta":{"footnotes":""},"categories":[105],"tags":[11289,2870,3280,7059,4017,11288,1763,4267,529,11290],"class_list":["post-17481","post","type-post","status-publish","format-standard","has-post-thumbnail","hentry","category-livsstil","tag-bredere","tag-ettersom","tag-flytter","tag-kjaeledyr","tag-lovlige","tag-lovutkastet","tag-omdefinere","tag-reiser","tag-spania","tag-velferdsbekymringer","generate-columns","tablet-grid-50","mobile-grid-100","grid-parent","grid-33","resize-featured-image"],"yoast_head":"<!-- This site is optimized with the Yoast SEO plugin v24.4 - https:\/\/yoast.com\/wordpress\/plugins\/seo\/ -->\n<title>Spania flytter for \u00e5 omdefinere lovlige kj\u00e6ledyr ettersom lovutkastet reiser bredere velferdsbekymringer - Nordnesrepublikken<\/title>\n<meta name=\"robots\" content=\"index, follow, max-snippet:-1, max-image-preview:large, max-video-preview:-1\" \/>\n<link rel=\"canonical\" href=\"https:\/\/nordnesrepublikken.no\/index.php\/2026\/04\/27\/spania-flytter-for-a-omdefinere-lovlige-kjaeledyr-ettersom-lovutkastet-reiser-bredere-velferdsbekymringer\/\" \/>\n<meta property=\"og:locale\" content=\"nb_NO\" \/>\n<meta property=\"og:type\" content=\"article\" \/>\n<meta property=\"og:title\" content=\"Spania flytter for \u00e5 omdefinere lovlige kj\u00e6ledyr ettersom lovutkastet reiser bredere velferdsbekymringer - Nordnesrepublikken\" \/>\n<meta property=\"og:description\" content=\"Spania g\u00e5r gjennom en offentlig h\u00f8ringsfase om et utkast til kongelig resolusjon som innf\u00f8rer s\u00e5kalte\" \/>\n<meta property=\"og:url\" content=\"https:\/\/nordnesrepublikken.no\/index.php\/2026\/04\/27\/spania-flytter-for-a-omdefinere-lovlige-kjaeledyr-ettersom-lovutkastet-reiser-bredere-velferdsbekymringer\/\" \/>\n<meta property=\"og:site_name\" content=\"Nordnesrepublikken\" \/>\n<meta property=\"article:published_time\" content=\"2026-04-26T23:09:03+00:00\" \/>\n<meta property=\"article:modified_time\" content=\"2026-04-26T23:09:05+00:00\" \/>\n<meta property=\"og:image\" content=\"https:\/\/nordnesrepublikken.no\/wp-content\/uploads\/2026\/04\/1777244945_Spania-flytter-for-a-omdefinere-lovlige-kjaeledyr-ettersom-lovutkastet-reiser.jpg\" \/>\n\t<meta property=\"og:image:width\" content=\"1342\" \/>\n\t<meta property=\"og:image:height\" content=\"893\" \/>\n\t<meta property=\"og:image:type\" content=\"image\/jpeg\" \/>\n<meta name=\"author\" content=\"Ole Andersen\" \/>\n<meta name=\"twitter:card\" content=\"summary_large_image\" \/>\n<meta name=\"twitter:label1\" content=\"Skrevet av\" \/>\n\t<meta name=\"twitter:data1\" content=\"Ole Andersen\" \/>\n\t<meta name=\"twitter:label2\" content=\"Ansl. lesetid\" \/>\n\t<meta name=\"twitter:data2\" content=\"5 minutter\" \/>\n<script type=\"application\/ld+json\" class=\"yoast-schema-graph\">{\"@context\":\"https:\/\/schema.org\",\"@graph\":[{\"@type\":\"Article\",\"@id\":\"https:\/\/nordnesrepublikken.no\/index.php\/2026\/04\/27\/spania-flytter-for-a-omdefinere-lovlige-kjaeledyr-ettersom-lovutkastet-reiser-bredere-velferdsbekymringer\/#article\",\"isPartOf\":{\"@id\":\"https:\/\/nordnesrepublikken.no\/index.php\/2026\/04\/27\/spania-flytter-for-a-omdefinere-lovlige-kjaeledyr-ettersom-lovutkastet-reiser-bredere-velferdsbekymringer\/\"},\"author\":{\"name\":\"Ole Andersen\",\"@id\":\"https:\/\/nordnesrepublikken.no\/#\/schema\/person\/2e7e81935bab77882fffb79296240ff1\"},\"headline\":\"Spania flytter for \u00e5 omdefinere lovlige kj\u00e6ledyr ettersom lovutkastet reiser bredere velferdsbekymringer\",\"datePublished\":\"2026-04-26T23:09:03+00:00\",\"dateModified\":\"2026-04-26T23:09:05+00:00\",\"mainEntityOfPage\":{\"@id\":\"https:\/\/nordnesrepublikken.no\/index.php\/2026\/04\/27\/spania-flytter-for-a-omdefinere-lovlige-kjaeledyr-ettersom-lovutkastet-reiser-bredere-velferdsbekymringer\/\"},\"wordCount\":1046,\"publisher\":{\"@id\":\"https:\/\/nordnesrepublikken.no\/#organization\"},\"image\":{\"@id\":\"https:\/\/nordnesrepublikken.no\/index.php\/2026\/04\/27\/spania-flytter-for-a-omdefinere-lovlige-kjaeledyr-ettersom-lovutkastet-reiser-bredere-velferdsbekymringer\/#primaryimage\"},\"thumbnailUrl\":\"https:\/\/nordnesrepublikken.no\/wp-content\/uploads\/2026\/04\/1777244945_Spania-flytter-for-a-omdefinere-lovlige-kjaeledyr-ettersom-lovutkastet-reiser.jpg\",\"keywords\":[\"bredere\",\"Ettersom\",\"Flytter\",\"kj\u00e6ledyr\",\"lovlige\",\"lovutkastet\",\"Omdefinere\",\"Reiser\",\"Spania\",\"velferdsbekymringer\"],\"articleSection\":[\"Livsstil\"],\"inLanguage\":\"nb-NO\"},{\"@type\":\"WebPage\",\"@id\":\"https:\/\/nordnesrepublikken.no\/index.php\/2026\/04\/27\/spania-flytter-for-a-omdefinere-lovlige-kjaeledyr-ettersom-lovutkastet-reiser-bredere-velferdsbekymringer\/\",\"url\":\"https:\/\/nordnesrepublikken.no\/index.php\/2026\/04\/27\/spania-flytter-for-a-omdefinere-lovlige-kjaeledyr-ettersom-lovutkastet-reiser-bredere-velferdsbekymringer\/\",\"name\":\"Spania flytter for \u00e5 omdefinere lovlige kj\u00e6ledyr ettersom lovutkastet reiser bredere velferdsbekymringer - Nordnesrepublikken\",\"isPartOf\":{\"@id\":\"https:\/\/nordnesrepublikken.no\/#website\"},\"primaryImageOfPage\":{\"@id\":\"https:\/\/nordnesrepublikken.no\/index.php\/2026\/04\/27\/spania-flytter-for-a-omdefinere-lovlige-kjaeledyr-ettersom-lovutkastet-reiser-bredere-velferdsbekymringer\/#primaryimage\"},\"image\":{\"@id\":\"https:\/\/nordnesrepublikken.no\/index.php\/2026\/04\/27\/spania-flytter-for-a-omdefinere-lovlige-kjaeledyr-ettersom-lovutkastet-reiser-bredere-velferdsbekymringer\/#primaryimage\"},\"thumbnailUrl\":\"https:\/\/nordnesrepublikken.no\/wp-content\/uploads\/2026\/04\/1777244945_Spania-flytter-for-a-omdefinere-lovlige-kjaeledyr-ettersom-lovutkastet-reiser.jpg\",\"datePublished\":\"2026-04-26T23:09:03+00:00\",\"dateModified\":\"2026-04-26T23:09:05+00:00\",\"breadcrumb\":{\"@id\":\"https:\/\/nordnesrepublikken.no\/index.php\/2026\/04\/27\/spania-flytter-for-a-omdefinere-lovlige-kjaeledyr-ettersom-lovutkastet-reiser-bredere-velferdsbekymringer\/#breadcrumb\"},\"inLanguage\":\"nb-NO\",\"potentialAction\":[{\"@type\":\"ReadAction\",\"target\":[\"https:\/\/nordnesrepublikken.no\/index.php\/2026\/04\/27\/spania-flytter-for-a-omdefinere-lovlige-kjaeledyr-ettersom-lovutkastet-reiser-bredere-velferdsbekymringer\/\"]}]},{\"@type\":\"ImageObject\",\"inLanguage\":\"nb-NO\",\"@id\":\"https:\/\/nordnesrepublikken.no\/index.php\/2026\/04\/27\/spania-flytter-for-a-omdefinere-lovlige-kjaeledyr-ettersom-lovutkastet-reiser-bredere-velferdsbekymringer\/#primaryimage\",\"url\":\"https:\/\/nordnesrepublikken.no\/wp-content\/uploads\/2026\/04\/1777244945_Spania-flytter-for-a-omdefinere-lovlige-kjaeledyr-ettersom-lovutkastet-reiser.jpg\",\"contentUrl\":\"https:\/\/nordnesrepublikken.no\/wp-content\/uploads\/2026\/04\/1777244945_Spania-flytter-for-a-omdefinere-lovlige-kjaeledyr-ettersom-lovutkastet-reiser.jpg\",\"width\":1342,\"height\":893,\"caption\":\"Spania flytter for \u00e5 omdefinere lovlige kj\u00e6ledyr ettersom lovutkastet reiser bredere velferdsbekymringer\"},{\"@type\":\"BreadcrumbList\",\"@id\":\"https:\/\/nordnesrepublikken.no\/index.php\/2026\/04\/27\/spania-flytter-for-a-omdefinere-lovlige-kjaeledyr-ettersom-lovutkastet-reiser-bredere-velferdsbekymringer\/#breadcrumb\",\"itemListElement\":[{\"@type\":\"ListItem\",\"position\":1,\"name\":\"Home\",\"item\":\"https:\/\/nordnesrepublikken.no\/\"},{\"@type\":\"ListItem\",\"position\":2,\"name\":\"Spania flytter for \u00e5 omdefinere lovlige kj\u00e6ledyr ettersom lovutkastet reiser bredere velferdsbekymringer\"}]},{\"@type\":\"WebSite\",\"@id\":\"https:\/\/nordnesrepublikken.no\/#website\",\"url\":\"https:\/\/nordnesrepublikken.no\/\",\"name\":\"Nordnesrepublikken\",\"description\":\"Stemmer og Visjoner fra Republikkens Hjerte\",\"publisher\":{\"@id\":\"https:\/\/nordnesrepublikken.no\/#organization\"},\"potentialAction\":[{\"@type\":\"SearchAction\",\"target\":{\"@type\":\"EntryPoint\",\"urlTemplate\":\"https:\/\/nordnesrepublikken.no\/?s={search_term_string}\"},\"query-input\":{\"@type\":\"PropertyValueSpecification\",\"valueRequired\":true,\"valueName\":\"search_term_string\"}}],\"inLanguage\":\"nb-NO\"},{\"@type\":\"Organization\",\"@id\":\"https:\/\/nordnesrepublikken.no\/#organization\",\"name\":\"Nordnesrepublikken\",\"url\":\"https:\/\/nordnesrepublikken.no\/\",\"logo\":{\"@type\":\"ImageObject\",\"inLanguage\":\"nb-NO\",\"@id\":\"https:\/\/nordnesrepublikken.no\/#\/schema\/logo\/image\/\",\"url\":\"https:\/\/nordnesrepublikken.no\/wp-content\/uploads\/2025\/02\/cropped-nordnesrepublikken-2.png\",\"contentUrl\":\"https:\/\/nordnesrepublikken.no\/wp-content\/uploads\/2025\/02\/cropped-nordnesrepublikken-2.png\",\"width\":1248,\"height\":362,\"caption\":\"Nordnesrepublikken\"},\"image\":{\"@id\":\"https:\/\/nordnesrepublikken.no\/#\/schema\/logo\/image\/\"}},{\"@type\":\"Person\",\"@id\":\"https:\/\/nordnesrepublikken.no\/#\/schema\/person\/2e7e81935bab77882fffb79296240ff1\",\"name\":\"Ole Andersen\",\"image\":{\"@type\":\"ImageObject\",\"inLanguage\":\"nb-NO\",\"@id\":\"https:\/\/nordnesrepublikken.no\/#\/schema\/person\/image\/\",\"url\":\"https:\/\/nordnesrepublikken.no\/wp-content\/uploads\/2025\/02\/nordnesrepublikken-2-2-150x150.jpg\",\"contentUrl\":\"https:\/\/nordnesrepublikken.no\/wp-content\/uploads\/2025\/02\/nordnesrepublikken-2-2-150x150.jpg\",\"caption\":\"Ole Andersen\"},\"description\":\"Ettersom jeg vokste opp i Oslo, har jeg alltid v\u00e6rt fascinert av ordenes kraft og deres evne til \u00e5 skape endringer. Etter \u00e5 ha fullf\u00f8rt min utdannelse i kommunikasjon ved Universitetet i Bergen, fikk jeg muligheten til \u00e5 jobbe innen ulike medier, der jeg har s\u00f8kt \u00e5 belyse viktige samfunnssp\u00f8rsm\u00e5l. I dag, som redakt\u00f8r for Nordnesrepublikken, pr\u00f8ver jeg \u00e5 forene min kj\u00e6rlighet for journalistikk med min lidenskap for innovasjon og eventyr.\",\"sameAs\":[\"https:\/\/nordnesrepublikken.no\/\"]}]}<\/script>\n<!-- \/ Yoast SEO plugin. -->","yoast_head_json":{"title":"Spania flytter for \u00e5 omdefinere lovlige kj\u00e6ledyr ettersom lovutkastet reiser bredere velferdsbekymringer - Nordnesrepublikken","robots":{"index":"index","follow":"follow","max-snippet":"max-snippet:-1","max-image-preview":"max-image-preview:large","max-video-preview":"max-video-preview:-1"},"canonical":"https:\/\/nordnesrepublikken.no\/index.php\/2026\/04\/27\/spania-flytter-for-a-omdefinere-lovlige-kjaeledyr-ettersom-lovutkastet-reiser-bredere-velferdsbekymringer\/","og_locale":"nb_NO","og_type":"article","og_title":"Spania flytter for \u00e5 omdefinere lovlige kj\u00e6ledyr ettersom lovutkastet reiser bredere velferdsbekymringer - Nordnesrepublikken","og_description":"Spania g\u00e5r gjennom en offentlig h\u00f8ringsfase om et utkast til kongelig resolusjon som innf\u00f8rer s\u00e5kalte","og_url":"https:\/\/nordnesrepublikken.no\/index.php\/2026\/04\/27\/spania-flytter-for-a-omdefinere-lovlige-kjaeledyr-ettersom-lovutkastet-reiser-bredere-velferdsbekymringer\/","og_site_name":"Nordnesrepublikken","article_published_time":"2026-04-26T23:09:03+00:00","article_modified_time":"2026-04-26T23:09:05+00:00","og_image":[{"width":1342,"height":893,"url":"https:\/\/nordnesrepublikken.no\/wp-content\/uploads\/2026\/04\/1777244945_Spania-flytter-for-a-omdefinere-lovlige-kjaeledyr-ettersom-lovutkastet-reiser.jpg","type":"image\/jpeg"}],"author":"Ole Andersen","twitter_card":"summary_large_image","twitter_misc":{"Skrevet av":"Ole Andersen","Ansl. lesetid":"5 minutter"},"schema":{"@context":"https:\/\/schema.org","@graph":[{"@type":"Article","@id":"https:\/\/nordnesrepublikken.no\/index.php\/2026\/04\/27\/spania-flytter-for-a-omdefinere-lovlige-kjaeledyr-ettersom-lovutkastet-reiser-bredere-velferdsbekymringer\/#article","isPartOf":{"@id":"https:\/\/nordnesrepublikken.no\/index.php\/2026\/04\/27\/spania-flytter-for-a-omdefinere-lovlige-kjaeledyr-ettersom-lovutkastet-reiser-bredere-velferdsbekymringer\/"},"author":{"name":"Ole Andersen","@id":"https:\/\/nordnesrepublikken.no\/#\/schema\/person\/2e7e81935bab77882fffb79296240ff1"},"headline":"Spania flytter for \u00e5 omdefinere lovlige kj\u00e6ledyr ettersom lovutkastet reiser bredere velferdsbekymringer","datePublished":"2026-04-26T23:09:03+00:00","dateModified":"2026-04-26T23:09:05+00:00","mainEntityOfPage":{"@id":"https:\/\/nordnesrepublikken.no\/index.php\/2026\/04\/27\/spania-flytter-for-a-omdefinere-lovlige-kjaeledyr-ettersom-lovutkastet-reiser-bredere-velferdsbekymringer\/"},"wordCount":1046,"publisher":{"@id":"https:\/\/nordnesrepublikken.no\/#organization"},"image":{"@id":"https:\/\/nordnesrepublikken.no\/index.php\/2026\/04\/27\/spania-flytter-for-a-omdefinere-lovlige-kjaeledyr-ettersom-lovutkastet-reiser-bredere-velferdsbekymringer\/#primaryimage"},"thumbnailUrl":"https:\/\/nordnesrepublikken.no\/wp-content\/uploads\/2026\/04\/1777244945_Spania-flytter-for-a-omdefinere-lovlige-kjaeledyr-ettersom-lovutkastet-reiser.jpg","keywords":["bredere","Ettersom","Flytter","kj\u00e6ledyr","lovlige","lovutkastet","Omdefinere","Reiser","Spania","velferdsbekymringer"],"articleSection":["Livsstil"],"inLanguage":"nb-NO"},{"@type":"WebPage","@id":"https:\/\/nordnesrepublikken.no\/index.php\/2026\/04\/27\/spania-flytter-for-a-omdefinere-lovlige-kjaeledyr-ettersom-lovutkastet-reiser-bredere-velferdsbekymringer\/","url":"https:\/\/nordnesrepublikken.no\/index.php\/2026\/04\/27\/spania-flytter-for-a-omdefinere-lovlige-kjaeledyr-ettersom-lovutkastet-reiser-bredere-velferdsbekymringer\/","name":"Spania flytter for \u00e5 omdefinere lovlige kj\u00e6ledyr ettersom lovutkastet reiser bredere velferdsbekymringer - Nordnesrepublikken","isPartOf":{"@id":"https:\/\/nordnesrepublikken.no\/#website"},"primaryImageOfPage":{"@id":"https:\/\/nordnesrepublikken.no\/index.php\/2026\/04\/27\/spania-flytter-for-a-omdefinere-lovlige-kjaeledyr-ettersom-lovutkastet-reiser-bredere-velferdsbekymringer\/#primaryimage"},"image":{"@id":"https:\/\/nordnesrepublikken.no\/index.php\/2026\/04\/27\/spania-flytter-for-a-omdefinere-lovlige-kjaeledyr-ettersom-lovutkastet-reiser-bredere-velferdsbekymringer\/#primaryimage"},"thumbnailUrl":"https:\/\/nordnesrepublikken.no\/wp-content\/uploads\/2026\/04\/1777244945_Spania-flytter-for-a-omdefinere-lovlige-kjaeledyr-ettersom-lovutkastet-reiser.jpg","datePublished":"2026-04-26T23:09:03+00:00","dateModified":"2026-04-26T23:09:05+00:00","breadcrumb":{"@id":"https:\/\/nordnesrepublikken.no\/index.php\/2026\/04\/27\/spania-flytter-for-a-omdefinere-lovlige-kjaeledyr-ettersom-lovutkastet-reiser-bredere-velferdsbekymringer\/#breadcrumb"},"inLanguage":"nb-NO","potentialAction":[{"@type":"ReadAction","target":["https:\/\/nordnesrepublikken.no\/index.php\/2026\/04\/27\/spania-flytter-for-a-omdefinere-lovlige-kjaeledyr-ettersom-lovutkastet-reiser-bredere-velferdsbekymringer\/"]}]},{"@type":"ImageObject","inLanguage":"nb-NO","@id":"https:\/\/nordnesrepublikken.no\/index.php\/2026\/04\/27\/spania-flytter-for-a-omdefinere-lovlige-kjaeledyr-ettersom-lovutkastet-reiser-bredere-velferdsbekymringer\/#primaryimage","url":"https:\/\/nordnesrepublikken.no\/wp-content\/uploads\/2026\/04\/1777244945_Spania-flytter-for-a-omdefinere-lovlige-kjaeledyr-ettersom-lovutkastet-reiser.jpg","contentUrl":"https:\/\/nordnesrepublikken.no\/wp-content\/uploads\/2026\/04\/1777244945_Spania-flytter-for-a-omdefinere-lovlige-kjaeledyr-ettersom-lovutkastet-reiser.jpg","width":1342,"height":893,"caption":"Spania flytter for \u00e5 omdefinere lovlige kj\u00e6ledyr ettersom lovutkastet reiser bredere velferdsbekymringer"},{"@type":"BreadcrumbList","@id":"https:\/\/nordnesrepublikken.no\/index.php\/2026\/04\/27\/spania-flytter-for-a-omdefinere-lovlige-kjaeledyr-ettersom-lovutkastet-reiser-bredere-velferdsbekymringer\/#breadcrumb","itemListElement":[{"@type":"ListItem","position":1,"name":"Home","item":"https:\/\/nordnesrepublikken.no\/"},{"@type":"ListItem","position":2,"name":"Spania flytter for \u00e5 omdefinere lovlige kj\u00e6ledyr ettersom lovutkastet reiser bredere velferdsbekymringer"}]},{"@type":"WebSite","@id":"https:\/\/nordnesrepublikken.no\/#website","url":"https:\/\/nordnesrepublikken.no\/","name":"Nordnesrepublikken","description":"Stemmer og Visjoner fra Republikkens Hjerte","publisher":{"@id":"https:\/\/nordnesrepublikken.no\/#organization"},"potentialAction":[{"@type":"SearchAction","target":{"@type":"EntryPoint","urlTemplate":"https:\/\/nordnesrepublikken.no\/?s={search_term_string}"},"query-input":{"@type":"PropertyValueSpecification","valueRequired":true,"valueName":"search_term_string"}}],"inLanguage":"nb-NO"},{"@type":"Organization","@id":"https:\/\/nordnesrepublikken.no\/#organization","name":"Nordnesrepublikken","url":"https:\/\/nordnesrepublikken.no\/","logo":{"@type":"ImageObject","inLanguage":"nb-NO","@id":"https:\/\/nordnesrepublikken.no\/#\/schema\/logo\/image\/","url":"https:\/\/nordnesrepublikken.no\/wp-content\/uploads\/2025\/02\/cropped-nordnesrepublikken-2.png","contentUrl":"https:\/\/nordnesrepublikken.no\/wp-content\/uploads\/2025\/02\/cropped-nordnesrepublikken-2.png","width":1248,"height":362,"caption":"Nordnesrepublikken"},"image":{"@id":"https:\/\/nordnesrepublikken.no\/#\/schema\/logo\/image\/"}},{"@type":"Person","@id":"https:\/\/nordnesrepublikken.no\/#\/schema\/person\/2e7e81935bab77882fffb79296240ff1","name":"Ole Andersen","image":{"@type":"ImageObject","inLanguage":"nb-NO","@id":"https:\/\/nordnesrepublikken.no\/#\/schema\/person\/image\/","url":"https:\/\/nordnesrepublikken.no\/wp-content\/uploads\/2025\/02\/nordnesrepublikken-2-2-150x150.jpg","contentUrl":"https:\/\/nordnesrepublikken.no\/wp-content\/uploads\/2025\/02\/nordnesrepublikken-2-2-150x150.jpg","caption":"Ole Andersen"},"description":"Ettersom jeg vokste opp i Oslo, har jeg alltid v\u00e6rt fascinert av ordenes kraft og deres evne til \u00e5 skape endringer. Etter \u00e5 ha fullf\u00f8rt min utdannelse i kommunikasjon ved Universitetet i Bergen, fikk jeg muligheten til \u00e5 jobbe innen ulike medier, der jeg har s\u00f8kt \u00e5 belyse viktige samfunnssp\u00f8rsm\u00e5l. I dag, som redakt\u00f8r for Nordnesrepublikken, pr\u00f8ver jeg \u00e5 forene min kj\u00e6rlighet for journalistikk med min lidenskap for innovasjon og eventyr.","sameAs":["https:\/\/nordnesrepublikken.no\/"]}]}},"_links":{"self":[{"href":"https:\/\/nordnesrepublikken.no\/index.php\/wp-json\/wp\/v2\/posts\/17481","targetHints":{"allow":["GET"]}}],"collection":[{"href":"https:\/\/nordnesrepublikken.no\/index.php\/wp-json\/wp\/v2\/posts"}],"about":[{"href":"https:\/\/nordnesrepublikken.no\/index.php\/wp-json\/wp\/v2\/types\/post"}],"author":[{"embeddable":true,"href":"https:\/\/nordnesrepublikken.no\/index.php\/wp-json\/wp\/v2\/users\/1"}],"replies":[{"embeddable":true,"href":"https:\/\/nordnesrepublikken.no\/index.php\/wp-json\/wp\/v2\/comments?post=17481"}],"version-history":[{"count":1,"href":"https:\/\/nordnesrepublikken.no\/index.php\/wp-json\/wp\/v2\/posts\/17481\/revisions"}],"predecessor-version":[{"id":17483,"href":"https:\/\/nordnesrepublikken.no\/index.php\/wp-json\/wp\/v2\/posts\/17481\/revisions\/17483"}],"wp:featuredmedia":[{"embeddable":true,"href":"https:\/\/nordnesrepublikken.no\/index.php\/wp-json\/wp\/v2\/media\/17482"}],"wp:attachment":[{"href":"https:\/\/nordnesrepublikken.no\/index.php\/wp-json\/wp\/v2\/media?parent=17481"}],"wp:term":[{"taxonomy":"category","embeddable":true,"href":"https:\/\/nordnesrepublikken.no\/index.php\/wp-json\/wp\/v2\/categories?post=17481"},{"taxonomy":"post_tag","embeddable":true,"href":"https:\/\/nordnesrepublikken.no\/index.php\/wp-json\/wp\/v2\/tags?post=17481"}],"curies":[{"name":"wp","href":"https:\/\/api.w.org\/{rel}","templated":true}]}}