{"id":17472,"date":"2026-04-26T16:01:43","date_gmt":"2026-04-26T14:01:43","guid":{"rendered":"https:\/\/nordnesrepublikken.no\/index.php\/2026\/04\/26\/blant-disse-er-aedile-og-overtale\/"},"modified":"2026-04-26T16:01:46","modified_gmt":"2026-04-26T14:01:46","slug":"blant-disse-er-aedile-og-overtale","status":"publish","type":"post","link":"https:\/\/nordnesrepublikken.no\/index.php\/2026\/04\/26\/blant-disse-er-aedile-og-overtale\/","title":{"rendered":"blant disse er aedile og overtale"},"content":{"rendered":"<div>\n<div class=\"cp_wrapper cp_wrapper--fw mb-30 mb-20@tablet\">\n<figure class=\"mm\"><picture class=\"img\" style=\"padding-top:56.25%\"><source  media=\"(min-width: 1024px)\"><source  media=\"(min-width: 768px)\"><\/source><\/source><\/picture><\/figure>\n<\/p><\/div>\n<p style=\"text-align: justify\">Det sies <b>Friuli<\/b> eller <b>Friuli<\/b>? <b>Aedile<\/b> eller <b>\u00e8dile<\/b>? Noen ord genererer reell tvil som ikke er relatert til grammatikk eller stavem\u00e5te. Dette er tilfellet<b>tonic aksent<\/b>alts\u00e5 stavelsen som stemmens intonasjon faller p\u00e5 n\u00e5r vi uttaler et ord. I motsetning til<strong>grafisk aksent<\/strong>som p\u00e5 italiensk bare skrives i noen tilfeller, er den toniske aksenten nesten alltid implisitt. Dette betyr at mange ord rett og slett m\u00e5 l\u00e6res av vane. Og det er her usikkerheten begynner, gitt at det ved siden av standard italiensk alltid har eksistert et spr\u00e5klig lag best\u00e5ende av regionale uttaler, skolastiske p\u00e5virkninger, utenlandske l\u00e5n og historisk utvikling som gj\u00f8r noen ord spesielt tvetydige.<\/p>\n<p> <!-- SUMMARY --><\/p>\n<div class=\"cp_wrapper mb-20 mb-40@desktop\">\n<div class=\"smy\" data-sticky-btn-text=\"\">\n<p>De 5 aksentene tar vi oftest feil<\/p>\n<\/div>\n<\/div>\n<h2 id=\"1-friuli-o-friuli\"><b>1. Fri\u00f9li eller Fr\u00eculi?<\/b><\/h2>\n<p style=\"text-align: justify\">Den korrekte uttalen p\u00e5 standard italiensk er <b>Friuli<\/b>med tonic aksent p\u00e5 <b>u<\/b>Ikke <b>Friuli<\/b>.<\/p>\n<p style=\"text-align: justify\">Formen stammer fra det latinske Forum Iulii, (F\u00f2rum I\u00f9li) hvorfra <b>toponym <\/b>historiker av regionen, gammelt navn p\u00e5 <b>Cividale<\/b>. Den italienske leksikografiske og geografiske tradisjonen registrerer ogs\u00e5 formen <b>Friuli<\/b> som den riktige.<\/p>\n<p style=\"text-align: justify\">Ikke desto mindre h\u00f8res den ukorrekte varianten ofte, spesielt i rask tale eller i mindre overv\u00e5kede sammenhenger. Men hvorfor skjer dette? Dels i analogi med andre trestavelses italienske ord som har en tendens til \u00e5 fremheve f\u00f8rste del av ordet, dels ogs\u00e5 fordi mange foredragsholdere ikke lenger oppfatter navnets historiske opphav og tolker det etter mer kjente fonetiske m\u00f8nstre. Et tilfelle der et ord beveger seg ut av bevisst bruk og blir automatisk, kan stresset glippe.<\/p>\n<h2 id=\"2-edile-o-edile\"><b>2. Aedile eller \u00e8dile?<\/b><\/h2>\n<p style=\"text-align: justify\">Riktig form er <b>bygning<\/b>med vekt p\u00e5 <b>de<\/b>n\u00e5r man snakker om byggesektoren eller annet relatert til bygg og anlegg. Men mange sier <b>\u00e8dile<\/b>sannsynligvis p\u00e5 grunn av innflytelsen fra skolastisk latin eller i analogi med ord som oppfattes som mer &laquo;kulturelt&raquo;. I dette tilfellet oppst\u00e5r ikke den feilaktige formen fra uvitenhet, men fra spr\u00e5klig overdreven iver.<\/p>\n<h2 id=\"3-persuadere-o-persuadere\"><b>3. \u00c5 overtale eller \u00e5 overtale?<\/b><\/h2>\n<p style=\"text-align: justify\">Standardskjemaet er <b>overtale<\/b>med vekt p\u00e5 <b>Og<\/b> siste av det verbale temaet, men i tale er det ikke uvanlig \u00e5 h\u00f8re noen si  <b>overtale<\/b>i analogi med andre mer vanlige verb. Verb er faktisk blant de mest ustabile terrengene for aksenten: deres hyppige bruk og deres kontinuerlige b\u00f8yning gj\u00f8r dem spesielt utsatt for glidning.<\/p>\n<h2 id=\"4-zaffiro-o-zaffiro\"><b>4. Safir eller safir?<\/b><\/h2>\n<p style=\"text-align: justify\">Riktig form er <b>safir<\/b>. Selv her sirkulerer imidlertid \u00abs\u00e0ffiro\u00bb mye og faktisk, selv om \u00abzaffiro\u00bb er den mest utbredte formen i dag, tillater italiensk ogs\u00e5 \u00abs\u00e0ffiro\u00bb.<\/p>\n<h2 id=\"5-salubre-o-salubre\"><b>5. Sal\u00f9bre eller sunn?<\/b><\/h2>\n<p style=\"text-align: justify\">Standardskjemaet er <b>sunn<\/b>. Siden det er et sjeldent ord i vanlig tale, er det mer utsatt for endringer over tid. N\u00e5r et begrep er sjeldent eller mer litter\u00e6rt, har foredragsholdere en tendens til \u00e5 &laquo;rekonstruere&raquo; uttalen ved analogi, det vil si ved \u00e5 bruke mer vanlige fonetiske regler, ofte \u00e5 gj\u00f8re feil. I dette tilfellet, selv om de fleste ord har vekt p\u00e5 den nest siste stavelsen (flate ord), har mange en tendens til \u00e5 gj\u00f8re det til et glatt ord (stress p\u00e5 den f\u00f8r-nest siste).<\/p>\n<\/p><\/div>\n","protected":false},"excerpt":{"rendered":"<p>Det sies Friuli eller Friuli? Aedile eller \u00e8dile? Noen ord genererer reell tvil som ikke<\/p>\n","protected":false},"author":1,"featured_media":17473,"comment_status":"closed","ping_status":"open","sticky":false,"template":"","format":"standard","meta":{"footnotes":""},"categories":[104],"tags":[11284,1849,1767,11285],"class_list":["post-17472","post","type-post","status-publish","format-standard","has-post-thumbnail","hentry","category-samfunn","tag-aedile","tag-blant","tag-disse","tag-overtale","generate-columns","tablet-grid-50","mobile-grid-100","grid-parent","grid-33","resize-featured-image"],"yoast_head":"<!-- This site is optimized with the Yoast SEO plugin v24.4 - https:\/\/yoast.com\/wordpress\/plugins\/seo\/ -->\n<title>blant disse er aedile og overtale - Nordnesrepublikken<\/title>\n<meta name=\"robots\" content=\"index, follow, max-snippet:-1, max-image-preview:large, max-video-preview:-1\" \/>\n<link rel=\"canonical\" href=\"https:\/\/nordnesrepublikken.no\/index.php\/2026\/04\/26\/blant-disse-er-aedile-og-overtale\/\" \/>\n<meta property=\"og:locale\" content=\"nb_NO\" \/>\n<meta property=\"og:type\" content=\"article\" \/>\n<meta property=\"og:title\" content=\"blant disse er aedile og overtale - Nordnesrepublikken\" \/>\n<meta property=\"og:description\" content=\"Det sies Friuli eller Friuli? Aedile eller \u00e8dile? Noen ord genererer reell tvil som ikke\" \/>\n<meta property=\"og:url\" content=\"https:\/\/nordnesrepublikken.no\/index.php\/2026\/04\/26\/blant-disse-er-aedile-og-overtale\/\" \/>\n<meta property=\"og:site_name\" content=\"Nordnesrepublikken\" \/>\n<meta property=\"article:published_time\" content=\"2026-04-26T14:01:43+00:00\" \/>\n<meta property=\"article:modified_time\" content=\"2026-04-26T14:01:46+00:00\" \/>\n<meta property=\"og:image\" content=\"https:\/\/nordnesrepublikken.no\/wp-content\/uploads\/2026\/04\/1777212104_blant-disse-er-aedile-og-overtale.jpeg\" \/>\n\t<meta property=\"og:image:width\" content=\"2406\" \/>\n\t<meta property=\"og:image:height\" content=\"1353\" \/>\n\t<meta property=\"og:image:type\" content=\"image\/jpeg\" \/>\n<meta name=\"author\" content=\"Ole Andersen\" \/>\n<meta name=\"twitter:card\" content=\"summary_large_image\" \/>\n<meta name=\"twitter:label1\" content=\"Skrevet av\" \/>\n\t<meta name=\"twitter:data1\" content=\"Ole Andersen\" \/>\n\t<meta name=\"twitter:label2\" content=\"Ansl. lesetid\" \/>\n\t<meta name=\"twitter:data2\" content=\"2 minutter\" \/>\n<script type=\"application\/ld+json\" class=\"yoast-schema-graph\">{\"@context\":\"https:\/\/schema.org\",\"@graph\":[{\"@type\":\"Article\",\"@id\":\"https:\/\/nordnesrepublikken.no\/index.php\/2026\/04\/26\/blant-disse-er-aedile-og-overtale\/#article\",\"isPartOf\":{\"@id\":\"https:\/\/nordnesrepublikken.no\/index.php\/2026\/04\/26\/blant-disse-er-aedile-og-overtale\/\"},\"author\":{\"name\":\"Ole Andersen\",\"@id\":\"https:\/\/nordnesrepublikken.no\/#\/schema\/person\/2e7e81935bab77882fffb79296240ff1\"},\"headline\":\"blant disse er aedile og overtale\",\"datePublished\":\"2026-04-26T14:01:43+00:00\",\"dateModified\":\"2026-04-26T14:01:46+00:00\",\"mainEntityOfPage\":{\"@id\":\"https:\/\/nordnesrepublikken.no\/index.php\/2026\/04\/26\/blant-disse-er-aedile-og-overtale\/\"},\"wordCount\":492,\"publisher\":{\"@id\":\"https:\/\/nordnesrepublikken.no\/#organization\"},\"image\":{\"@id\":\"https:\/\/nordnesrepublikken.no\/index.php\/2026\/04\/26\/blant-disse-er-aedile-og-overtale\/#primaryimage\"},\"thumbnailUrl\":\"https:\/\/nordnesrepublikken.no\/wp-content\/uploads\/2026\/04\/1777212104_blant-disse-er-aedile-og-overtale.jpeg\",\"keywords\":[\"aedile\",\"blant\",\"disse\",\"overtale\"],\"articleSection\":[\"Samfunn\"],\"inLanguage\":\"nb-NO\"},{\"@type\":\"WebPage\",\"@id\":\"https:\/\/nordnesrepublikken.no\/index.php\/2026\/04\/26\/blant-disse-er-aedile-og-overtale\/\",\"url\":\"https:\/\/nordnesrepublikken.no\/index.php\/2026\/04\/26\/blant-disse-er-aedile-og-overtale\/\",\"name\":\"blant disse er aedile og overtale - Nordnesrepublikken\",\"isPartOf\":{\"@id\":\"https:\/\/nordnesrepublikken.no\/#website\"},\"primaryImageOfPage\":{\"@id\":\"https:\/\/nordnesrepublikken.no\/index.php\/2026\/04\/26\/blant-disse-er-aedile-og-overtale\/#primaryimage\"},\"image\":{\"@id\":\"https:\/\/nordnesrepublikken.no\/index.php\/2026\/04\/26\/blant-disse-er-aedile-og-overtale\/#primaryimage\"},\"thumbnailUrl\":\"https:\/\/nordnesrepublikken.no\/wp-content\/uploads\/2026\/04\/1777212104_blant-disse-er-aedile-og-overtale.jpeg\",\"datePublished\":\"2026-04-26T14:01:43+00:00\",\"dateModified\":\"2026-04-26T14:01:46+00:00\",\"breadcrumb\":{\"@id\":\"https:\/\/nordnesrepublikken.no\/index.php\/2026\/04\/26\/blant-disse-er-aedile-og-overtale\/#breadcrumb\"},\"inLanguage\":\"nb-NO\",\"potentialAction\":[{\"@type\":\"ReadAction\",\"target\":[\"https:\/\/nordnesrepublikken.no\/index.php\/2026\/04\/26\/blant-disse-er-aedile-og-overtale\/\"]}]},{\"@type\":\"ImageObject\",\"inLanguage\":\"nb-NO\",\"@id\":\"https:\/\/nordnesrepublikken.no\/index.php\/2026\/04\/26\/blant-disse-er-aedile-og-overtale\/#primaryimage\",\"url\":\"https:\/\/nordnesrepublikken.no\/wp-content\/uploads\/2026\/04\/1777212104_blant-disse-er-aedile-og-overtale.jpeg\",\"contentUrl\":\"https:\/\/nordnesrepublikken.no\/wp-content\/uploads\/2026\/04\/1777212104_blant-disse-er-aedile-og-overtale.jpeg\",\"width\":2406,\"height\":1353,\"caption\":\"blant disse er aedile og overtale\"},{\"@type\":\"BreadcrumbList\",\"@id\":\"https:\/\/nordnesrepublikken.no\/index.php\/2026\/04\/26\/blant-disse-er-aedile-og-overtale\/#breadcrumb\",\"itemListElement\":[{\"@type\":\"ListItem\",\"position\":1,\"name\":\"Home\",\"item\":\"https:\/\/nordnesrepublikken.no\/\"},{\"@type\":\"ListItem\",\"position\":2,\"name\":\"blant disse er aedile og overtale\"}]},{\"@type\":\"WebSite\",\"@id\":\"https:\/\/nordnesrepublikken.no\/#website\",\"url\":\"https:\/\/nordnesrepublikken.no\/\",\"name\":\"Nordnesrepublikken\",\"description\":\"Stemmer og Visjoner fra Republikkens Hjerte\",\"publisher\":{\"@id\":\"https:\/\/nordnesrepublikken.no\/#organization\"},\"potentialAction\":[{\"@type\":\"SearchAction\",\"target\":{\"@type\":\"EntryPoint\",\"urlTemplate\":\"https:\/\/nordnesrepublikken.no\/?s={search_term_string}\"},\"query-input\":{\"@type\":\"PropertyValueSpecification\",\"valueRequired\":true,\"valueName\":\"search_term_string\"}}],\"inLanguage\":\"nb-NO\"},{\"@type\":\"Organization\",\"@id\":\"https:\/\/nordnesrepublikken.no\/#organization\",\"name\":\"Nordnesrepublikken\",\"url\":\"https:\/\/nordnesrepublikken.no\/\",\"logo\":{\"@type\":\"ImageObject\",\"inLanguage\":\"nb-NO\",\"@id\":\"https:\/\/nordnesrepublikken.no\/#\/schema\/logo\/image\/\",\"url\":\"https:\/\/nordnesrepublikken.no\/wp-content\/uploads\/2025\/02\/cropped-nordnesrepublikken-2.png\",\"contentUrl\":\"https:\/\/nordnesrepublikken.no\/wp-content\/uploads\/2025\/02\/cropped-nordnesrepublikken-2.png\",\"width\":1248,\"height\":362,\"caption\":\"Nordnesrepublikken\"},\"image\":{\"@id\":\"https:\/\/nordnesrepublikken.no\/#\/schema\/logo\/image\/\"}},{\"@type\":\"Person\",\"@id\":\"https:\/\/nordnesrepublikken.no\/#\/schema\/person\/2e7e81935bab77882fffb79296240ff1\",\"name\":\"Ole Andersen\",\"image\":{\"@type\":\"ImageObject\",\"inLanguage\":\"nb-NO\",\"@id\":\"https:\/\/nordnesrepublikken.no\/#\/schema\/person\/image\/\",\"url\":\"https:\/\/nordnesrepublikken.no\/wp-content\/uploads\/2025\/02\/nordnesrepublikken-2-2-150x150.jpg\",\"contentUrl\":\"https:\/\/nordnesrepublikken.no\/wp-content\/uploads\/2025\/02\/nordnesrepublikken-2-2-150x150.jpg\",\"caption\":\"Ole Andersen\"},\"description\":\"Ettersom jeg vokste opp i Oslo, har jeg alltid v\u00e6rt fascinert av ordenes kraft og deres evne til \u00e5 skape endringer. Etter \u00e5 ha fullf\u00f8rt min utdannelse i kommunikasjon ved Universitetet i Bergen, fikk jeg muligheten til \u00e5 jobbe innen ulike medier, der jeg har s\u00f8kt \u00e5 belyse viktige samfunnssp\u00f8rsm\u00e5l. I dag, som redakt\u00f8r for Nordnesrepublikken, pr\u00f8ver jeg \u00e5 forene min kj\u00e6rlighet for journalistikk med min lidenskap for innovasjon og eventyr.\",\"sameAs\":[\"https:\/\/nordnesrepublikken.no\/\"]}]}<\/script>\n<!-- \/ Yoast SEO plugin. -->","yoast_head_json":{"title":"blant disse er aedile og overtale - Nordnesrepublikken","robots":{"index":"index","follow":"follow","max-snippet":"max-snippet:-1","max-image-preview":"max-image-preview:large","max-video-preview":"max-video-preview:-1"},"canonical":"https:\/\/nordnesrepublikken.no\/index.php\/2026\/04\/26\/blant-disse-er-aedile-og-overtale\/","og_locale":"nb_NO","og_type":"article","og_title":"blant disse er aedile og overtale - Nordnesrepublikken","og_description":"Det sies Friuli eller Friuli? Aedile eller \u00e8dile? Noen ord genererer reell tvil som ikke","og_url":"https:\/\/nordnesrepublikken.no\/index.php\/2026\/04\/26\/blant-disse-er-aedile-og-overtale\/","og_site_name":"Nordnesrepublikken","article_published_time":"2026-04-26T14:01:43+00:00","article_modified_time":"2026-04-26T14:01:46+00:00","og_image":[{"width":2406,"height":1353,"url":"https:\/\/nordnesrepublikken.no\/wp-content\/uploads\/2026\/04\/1777212104_blant-disse-er-aedile-og-overtale.jpeg","type":"image\/jpeg"}],"author":"Ole Andersen","twitter_card":"summary_large_image","twitter_misc":{"Skrevet av":"Ole Andersen","Ansl. lesetid":"2 minutter"},"schema":{"@context":"https:\/\/schema.org","@graph":[{"@type":"Article","@id":"https:\/\/nordnesrepublikken.no\/index.php\/2026\/04\/26\/blant-disse-er-aedile-og-overtale\/#article","isPartOf":{"@id":"https:\/\/nordnesrepublikken.no\/index.php\/2026\/04\/26\/blant-disse-er-aedile-og-overtale\/"},"author":{"name":"Ole Andersen","@id":"https:\/\/nordnesrepublikken.no\/#\/schema\/person\/2e7e81935bab77882fffb79296240ff1"},"headline":"blant disse er aedile og overtale","datePublished":"2026-04-26T14:01:43+00:00","dateModified":"2026-04-26T14:01:46+00:00","mainEntityOfPage":{"@id":"https:\/\/nordnesrepublikken.no\/index.php\/2026\/04\/26\/blant-disse-er-aedile-og-overtale\/"},"wordCount":492,"publisher":{"@id":"https:\/\/nordnesrepublikken.no\/#organization"},"image":{"@id":"https:\/\/nordnesrepublikken.no\/index.php\/2026\/04\/26\/blant-disse-er-aedile-og-overtale\/#primaryimage"},"thumbnailUrl":"https:\/\/nordnesrepublikken.no\/wp-content\/uploads\/2026\/04\/1777212104_blant-disse-er-aedile-og-overtale.jpeg","keywords":["aedile","blant","disse","overtale"],"articleSection":["Samfunn"],"inLanguage":"nb-NO"},{"@type":"WebPage","@id":"https:\/\/nordnesrepublikken.no\/index.php\/2026\/04\/26\/blant-disse-er-aedile-og-overtale\/","url":"https:\/\/nordnesrepublikken.no\/index.php\/2026\/04\/26\/blant-disse-er-aedile-og-overtale\/","name":"blant disse er aedile og overtale - Nordnesrepublikken","isPartOf":{"@id":"https:\/\/nordnesrepublikken.no\/#website"},"primaryImageOfPage":{"@id":"https:\/\/nordnesrepublikken.no\/index.php\/2026\/04\/26\/blant-disse-er-aedile-og-overtale\/#primaryimage"},"image":{"@id":"https:\/\/nordnesrepublikken.no\/index.php\/2026\/04\/26\/blant-disse-er-aedile-og-overtale\/#primaryimage"},"thumbnailUrl":"https:\/\/nordnesrepublikken.no\/wp-content\/uploads\/2026\/04\/1777212104_blant-disse-er-aedile-og-overtale.jpeg","datePublished":"2026-04-26T14:01:43+00:00","dateModified":"2026-04-26T14:01:46+00:00","breadcrumb":{"@id":"https:\/\/nordnesrepublikken.no\/index.php\/2026\/04\/26\/blant-disse-er-aedile-og-overtale\/#breadcrumb"},"inLanguage":"nb-NO","potentialAction":[{"@type":"ReadAction","target":["https:\/\/nordnesrepublikken.no\/index.php\/2026\/04\/26\/blant-disse-er-aedile-og-overtale\/"]}]},{"@type":"ImageObject","inLanguage":"nb-NO","@id":"https:\/\/nordnesrepublikken.no\/index.php\/2026\/04\/26\/blant-disse-er-aedile-og-overtale\/#primaryimage","url":"https:\/\/nordnesrepublikken.no\/wp-content\/uploads\/2026\/04\/1777212104_blant-disse-er-aedile-og-overtale.jpeg","contentUrl":"https:\/\/nordnesrepublikken.no\/wp-content\/uploads\/2026\/04\/1777212104_blant-disse-er-aedile-og-overtale.jpeg","width":2406,"height":1353,"caption":"blant disse er aedile og overtale"},{"@type":"BreadcrumbList","@id":"https:\/\/nordnesrepublikken.no\/index.php\/2026\/04\/26\/blant-disse-er-aedile-og-overtale\/#breadcrumb","itemListElement":[{"@type":"ListItem","position":1,"name":"Home","item":"https:\/\/nordnesrepublikken.no\/"},{"@type":"ListItem","position":2,"name":"blant disse er aedile og overtale"}]},{"@type":"WebSite","@id":"https:\/\/nordnesrepublikken.no\/#website","url":"https:\/\/nordnesrepublikken.no\/","name":"Nordnesrepublikken","description":"Stemmer og Visjoner fra Republikkens Hjerte","publisher":{"@id":"https:\/\/nordnesrepublikken.no\/#organization"},"potentialAction":[{"@type":"SearchAction","target":{"@type":"EntryPoint","urlTemplate":"https:\/\/nordnesrepublikken.no\/?s={search_term_string}"},"query-input":{"@type":"PropertyValueSpecification","valueRequired":true,"valueName":"search_term_string"}}],"inLanguage":"nb-NO"},{"@type":"Organization","@id":"https:\/\/nordnesrepublikken.no\/#organization","name":"Nordnesrepublikken","url":"https:\/\/nordnesrepublikken.no\/","logo":{"@type":"ImageObject","inLanguage":"nb-NO","@id":"https:\/\/nordnesrepublikken.no\/#\/schema\/logo\/image\/","url":"https:\/\/nordnesrepublikken.no\/wp-content\/uploads\/2025\/02\/cropped-nordnesrepublikken-2.png","contentUrl":"https:\/\/nordnesrepublikken.no\/wp-content\/uploads\/2025\/02\/cropped-nordnesrepublikken-2.png","width":1248,"height":362,"caption":"Nordnesrepublikken"},"image":{"@id":"https:\/\/nordnesrepublikken.no\/#\/schema\/logo\/image\/"}},{"@type":"Person","@id":"https:\/\/nordnesrepublikken.no\/#\/schema\/person\/2e7e81935bab77882fffb79296240ff1","name":"Ole Andersen","image":{"@type":"ImageObject","inLanguage":"nb-NO","@id":"https:\/\/nordnesrepublikken.no\/#\/schema\/person\/image\/","url":"https:\/\/nordnesrepublikken.no\/wp-content\/uploads\/2025\/02\/nordnesrepublikken-2-2-150x150.jpg","contentUrl":"https:\/\/nordnesrepublikken.no\/wp-content\/uploads\/2025\/02\/nordnesrepublikken-2-2-150x150.jpg","caption":"Ole Andersen"},"description":"Ettersom jeg vokste opp i Oslo, har jeg alltid v\u00e6rt fascinert av ordenes kraft og deres evne til \u00e5 skape endringer. Etter \u00e5 ha fullf\u00f8rt min utdannelse i kommunikasjon ved Universitetet i Bergen, fikk jeg muligheten til \u00e5 jobbe innen ulike medier, der jeg har s\u00f8kt \u00e5 belyse viktige samfunnssp\u00f8rsm\u00e5l. I dag, som redakt\u00f8r for Nordnesrepublikken, pr\u00f8ver jeg \u00e5 forene min kj\u00e6rlighet for journalistikk med min lidenskap for innovasjon og eventyr.","sameAs":["https:\/\/nordnesrepublikken.no\/"]}]}},"_links":{"self":[{"href":"https:\/\/nordnesrepublikken.no\/index.php\/wp-json\/wp\/v2\/posts\/17472","targetHints":{"allow":["GET"]}}],"collection":[{"href":"https:\/\/nordnesrepublikken.no\/index.php\/wp-json\/wp\/v2\/posts"}],"about":[{"href":"https:\/\/nordnesrepublikken.no\/index.php\/wp-json\/wp\/v2\/types\/post"}],"author":[{"embeddable":true,"href":"https:\/\/nordnesrepublikken.no\/index.php\/wp-json\/wp\/v2\/users\/1"}],"replies":[{"embeddable":true,"href":"https:\/\/nordnesrepublikken.no\/index.php\/wp-json\/wp\/v2\/comments?post=17472"}],"version-history":[{"count":1,"href":"https:\/\/nordnesrepublikken.no\/index.php\/wp-json\/wp\/v2\/posts\/17472\/revisions"}],"predecessor-version":[{"id":17474,"href":"https:\/\/nordnesrepublikken.no\/index.php\/wp-json\/wp\/v2\/posts\/17472\/revisions\/17474"}],"wp:featuredmedia":[{"embeddable":true,"href":"https:\/\/nordnesrepublikken.no\/index.php\/wp-json\/wp\/v2\/media\/17473"}],"wp:attachment":[{"href":"https:\/\/nordnesrepublikken.no\/index.php\/wp-json\/wp\/v2\/media?parent=17472"}],"wp:term":[{"taxonomy":"category","embeddable":true,"href":"https:\/\/nordnesrepublikken.no\/index.php\/wp-json\/wp\/v2\/categories?post=17472"},{"taxonomy":"post_tag","embeddable":true,"href":"https:\/\/nordnesrepublikken.no\/index.php\/wp-json\/wp\/v2\/tags?post=17472"}],"curies":[{"name":"wp","href":"https:\/\/api.w.org\/{rel}","templated":true}]}}