{"id":17460,"date":"2026-04-26T12:56:46","date_gmt":"2026-04-26T10:56:46","guid":{"rendered":"https:\/\/nordnesrepublikken.no\/index.php\/2026\/04\/26\/spania-strammer-grepet-om-bilutslipp-med-utvidede-veikanttester-og-banebrytende-teknologi\/"},"modified":"2026-04-26T12:56:47","modified_gmt":"2026-04-26T10:56:47","slug":"spania-strammer-grepet-om-bilutslipp-med-utvidede-veikanttester-og-banebrytende-teknologi","status":"publish","type":"post","link":"https:\/\/nordnesrepublikken.no\/index.php\/2026\/04\/26\/spania-strammer-grepet-om-bilutslipp-med-utvidede-veikanttester-og-banebrytende-teknologi\/","title":{"rendered":"Spania strammer grepet om bilutslipp med utvidede veikanttester og banebrytende teknologi"},"content":{"rendered":"<div class=\"wordpress-content\">\n                    <!-- Article Start --><\/p>\n<p class=\"p1\">Sj\u00e5f\u00f8rer i Spania st\u00e5r overfor strengere tilsyn med kj\u00f8ret\u00f8yforurensningsniv\u00e5er ettersom myndighetene begynner \u00e5 m\u00e5lrette biler som slipper ut mye mer enn lovlige grenser i daglig bruk. Spania har noen av de eldste bilparkene i Europa, med et gjennomsnitt p\u00e5 14,5 \u00e5r. Over tre av ti kj\u00f8ret\u00f8yer mislykkes n\u00e5 i den \u00e5rlige tekniske inspeksjonen p\u00e5 grunn av for store utslipp, noe som har f\u00f8rt til nye tiltak som inkluderer fjerndeteksjonssystemer p\u00e5 offentlig vei. Disse endringene planlegger \u00e5 identifisere og straffe kj\u00f8ret\u00f8yer som forurenser mye mer effektivt, og p\u00e5virker millioner av eiere som uvitende kan kj\u00f8re defekte biler.<\/p>\n<h2 class=\"p1\">Utslipp topper listen over ITV-feil i Spania<\/h2>\n<p class=\"p1\">Nyere data fra offisielle tekniske inspeksjonsstasjoner (ITV-sentre) viser en bekymringsfull trend. Bare i Madrid-regionen st\u00e5r utslippsrelaterte feil for 30,8 prosent av alle alvorlige feil som oppdages under kontroller. Dette tallet posisjonerer overdreven forurensning som den viktigste \u00e5rsaken til at kj\u00f8ret\u00f8yer mislykkes i ITV-testen (MOT-style test), langt mer enn problemer med lys og signalering p\u00e5 27,2 prosent.<\/p>\n<p class=\"p1\">Slike problemer har vokst merkbart p\u00e5 kort tid. Bare ett \u00e5r tidligere utgjorde utslippene 28,6 prosent av alvorlige feil, og viser en klar \u00f8kning i oppdagede tilfeller. Mange eiere fortsetter \u00e5 kj\u00f8re uten \u00e5 innse at bilene deres overskrider tillatte forurensningseffekter. Inspeksjonsteknikere peker ofte p\u00e5 varselskilt som uvanlig h\u00f8yt drivstofforbruk eller synlig r\u00f8ykfylt eksos, som kan indikere underliggende feil i anti-forurensningssystemer.<\/p>\n<div class=\"sra_unit\"><link rel=\"stylesheet\" id=\"block-sra\" href=\"https:\/\/euroweeklynews.com\/wp-content\/plugins\/snack-related-articles\/dist\/css\/snack-related.min.css?250312-193541\" type=\"text\/css\" media=\"all\">\n<\/div>\n<h2 class=\"p1\">Spania leder Europa med nye utslippstester ved veikanten<\/h2>\n<figure id=\"attachment_567535\" aria-describedby=\"caption-attachment-567535\" style=\"width: 1000px\" class=\"wp-caption aligncenter\"><figcaption id=\"caption-attachment-567535\" class=\"wp-caption-text\">Ny veikantteknologi som m\u00e5ler st\u00f8y og partikkelutslipp.<br \/>Kreditt: Opus<\/figcaption><\/figure>\n<p class=\"p1\">Spanske myndigheter har tatt proaktive skritt ved \u00e5 publisere en fersk UNE-standard (den fastsatte juridiske standarden i Spania) som setter regler for fjernm\u00e5ling av utslipp fra kj\u00f8ret\u00f8y for f\u00f8rste gang. Dette vil bane vei for sensorer plassert i veikanten for \u00e5 fange opp data fra forbipasserende biler uten engang \u00e5 stoppe dem f\u00f8rst. Sensorer vil analysere gasser direkte fra eksosr\u00f8r mens kj\u00f8ret\u00f8y kj\u00f8rer normalt, og m\u00e5le niv\u00e5er av nitrogenoksider, karbonmonoksid, hydrokarboner, ammoniakk og fine partikler i sanntid, og deretter varsle Guardia Civil eller lokale politifolk om \u00e5 trekke kj\u00f8ret\u00f8yet for en mobil inspeksjon.<\/p>\n<p class=\"p1\">Det samme utstyret kan ogs\u00e5 registrere skilt, hastighet og akselerasjonsm\u00f8nstre, og \u00e5pner d\u00f8ren for m\u00e5lrettede b\u00f8ter for de som overskrider grensene. Spania ser ut til \u00e5 v\u00e6re i ferd med \u00e5 rulle ut disse systemene f\u00f8r mange andre EU-land, ettersom europeiske institusjoner i Brussel utvikler st\u00f8rre regler som tillater omfattende installasjon av slike overv\u00e5kingsverkt\u00f8y p\u00e5 tvers av medlemslandene. Planen adresserer \u00f8kende bekymring over tuklet eller feilfungerende utslippskontroller som lar biler forurense kraftig p\u00e5 veien til tross for at de har best\u00e5tt laboratoriebaserte godkjenninger.<\/p>\n<h2 class=\"p1\">Det er planlagt utvidede utslippstester for ITV-stasjoner over hele Europa<\/h2>\n<p class=\"p1\">Regelmessige tekniske inspeksjonsprosedyrer forventes ogs\u00e5 \u00e5 ha oppdateringer i l\u00f8pet av de kommende m\u00e5nedene. Diskusjoner p\u00e5 EU-niv\u00e5, inkludert innspill fra Tyskland, fokuserer p\u00e5 \u00e5 utvide partikkelantallsm\u00e5lingene til flere bensinmotorer, spesielt de med direkte injeksjon. Eldre dieselmodeller kan ogs\u00e5 gjennomg\u00e5 ytterligere gransking utover gjeldende kontroller.<\/p>\n<p class=\"p1\">Gjeldende ITV-tester i Spania unders\u00f8ker for det meste eksosr\u00f8yk, med fyldigere elektronisk diagnostikk brukt hovedsakelig p\u00e5 Euro 5, Euro 6 og tilsvarende tunge kj\u00f8ret\u00f8y. Bensinbiler gjennomg\u00e5r karbonmonoksid- og lambda-verdivurderinger, mens dieseler st\u00e5r overfor tetthetsm\u00e5linger. Fremtidige tillegg kan inneb\u00e6re partikkeltellere som gir dypere innsikt i reell forurensningseffekt under inspeksjon.<\/p>\n<h2 class=\"p1\">H\u00f8yere feilprosent og \u00f8kende kostnader forventes p\u00e5 ITV<\/h2>\n<p class=\"p1\">Mange advarer om at innf\u00f8ring av partikkelantallstester sannsynligvis vil \u00f8ke andelen kj\u00f8ret\u00f8y som ikke klarer \u00e5 sjekke. Ytterligere m\u00e5linger krever oppdatert programvare i testutstyr og ekstra tid per inspeksjon, noe som kan f\u00f8re til h\u00f8yere avgifter for bilistene. Eiere av biler med h\u00f8y kj\u00f8relengde eller eldre biler m\u00e5 kanskje investere i reparasjoner eller vedlikehold for \u00e5 m\u00f8te strengere standarder og unng\u00e5 gjentatte feil.<\/p>\n<p class=\"p1\">Denne utviklingen er en del av et EU-omfattende fremst\u00f8t for \u00e5 lukke gapet mellom laboratoriestifiseringstall og faktisk forurensning fra biler under daglige kj\u00f8reforhold. Uredelige modifikasjoner av utslippssystemer og ekte komponentfeil har tiltrukket seg fortsatt oppmerksomhet fra regulatorer. Fjernm\u00e5ling ved veikant kombinert med intensiverte stasjonsbaserte tester planlegger \u00e5 skape et mer omfattende overv\u00e5kingsnett.<\/p>\n<h2>V\u00e6r forberedt p\u00e5 ekstra utslippskontroller i Spania<\/h2>\n<p class=\"p1\">Sj\u00e5f\u00f8rer i Spania b\u00f8r forberede seg ved \u00e5 s\u00f8rge for at kj\u00f8ret\u00f8yene deres f\u00e5r riktig og grundig service, spesielt av eksosbehandlingskomponenter som katalysatorer eller dieselpartikkelfiltre.<\/p>\n<p class=\"p1\">Vanlige motorveikj\u00f8ringer kan hjelpe til med \u00e5 regenerere systemer og redusere risikoen for svikt i opasitet eller partikkeltall, noe som betyr at bare sporadiske f\u00f8rere av eldre kj\u00f8ret\u00f8y kan lide mest ved de spanske ITV-inspeksjonssentrene.<\/p>\n<p class=\"p1\">Etter hvert som h\u00e5ndhevelsen \u00f8ker, vil overholdelse bli avgj\u00f8rende ikke bare for \u00e5 best\u00e5 inspeksjoner, men ogs\u00e5 for \u00e5 unng\u00e5 potensielle straffer fra mobile deteksjonsenheter.<\/p>\n<p class=\"p1\">Spanias iver etter \u00e5 ta i bruk disse nye utslippstestsystemene setter landet i forkant i Europa n\u00e5r det gjelder strenge utslippsregler for trafikanter. Forvent en lokal utrulling av dette nye systemet i l\u00f8pet av de kommende m\u00e5nedene f\u00f8r noen landsomfattende plan kunngj\u00f8res. Og i mellomtiden er r\u00e5det \u00e5 holde den bilen godt vedlikeholdt og kj\u00f8re jevnt.<\/p>\n<p>                    <!-- Originally published at https:\/\/euroweeklynews.com\/2026\/04\/26\/spain-tightens-its-grip-on-car-emissions-with-expanded-roadside-tests-and-pioneering-tech\/ on 26 Apr 2026 at 12:43 by Adam Woodward --><br \/>\n                    <!-- Article End -->\n                <\/div>\n","protected":false},"excerpt":{"rendered":"<p>Sj\u00e5f\u00f8rer i Spania st\u00e5r overfor strengere tilsyn med kj\u00f8ret\u00f8yforurensningsniv\u00e5er ettersom myndighetene begynner \u00e5 m\u00e5lrette biler<\/p>\n","protected":false},"author":1,"featured_media":17461,"comment_status":"closed","ping_status":"open","sticky":false,"template":"","format":"standard","meta":{"footnotes":""},"categories":[105],"tags":[5930,11274,11273,79,529,1258,1451,11275,11276],"class_list":["post-17460","post","type-post","status-publish","format-standard","has-post-thumbnail","hentry","category-livsstil","tag-banebrytende","tag-bilutslipp","tag-grepet","tag-med","tag-spania","tag-strammer","tag-teknologi","tag-utvidede","tag-veikanttester","generate-columns","tablet-grid-50","mobile-grid-100","grid-parent","grid-33","resize-featured-image"],"yoast_head":"<!-- This site is optimized with the Yoast SEO plugin v24.4 - https:\/\/yoast.com\/wordpress\/plugins\/seo\/ -->\n<title>Spania strammer grepet om bilutslipp med utvidede veikanttester og banebrytende teknologi - Nordnesrepublikken<\/title>\n<meta name=\"robots\" content=\"index, follow, max-snippet:-1, max-image-preview:large, max-video-preview:-1\" \/>\n<link rel=\"canonical\" href=\"https:\/\/nordnesrepublikken.no\/index.php\/2026\/04\/26\/spania-strammer-grepet-om-bilutslipp-med-utvidede-veikanttester-og-banebrytende-teknologi\/\" \/>\n<meta property=\"og:locale\" content=\"nb_NO\" \/>\n<meta property=\"og:type\" content=\"article\" \/>\n<meta property=\"og:title\" content=\"Spania strammer grepet om bilutslipp med utvidede veikanttester og banebrytende teknologi - Nordnesrepublikken\" \/>\n<meta property=\"og:description\" content=\"Sj\u00e5f\u00f8rer i Spania st\u00e5r overfor strengere tilsyn med kj\u00f8ret\u00f8yforurensningsniv\u00e5er ettersom myndighetene begynner \u00e5 m\u00e5lrette biler\" \/>\n<meta property=\"og:url\" content=\"https:\/\/nordnesrepublikken.no\/index.php\/2026\/04\/26\/spania-strammer-grepet-om-bilutslipp-med-utvidede-veikanttester-og-banebrytende-teknologi\/\" \/>\n<meta property=\"og:site_name\" content=\"Nordnesrepublikken\" \/>\n<meta property=\"article:published_time\" content=\"2026-04-26T10:56:46+00:00\" \/>\n<meta property=\"article:modified_time\" content=\"2026-04-26T10:56:47+00:00\" \/>\n<meta property=\"og:image\" content=\"https:\/\/nordnesrepublikken.no\/wp-content\/uploads\/2026\/04\/Spania-strammer-grepet-om-bilutslipp-med-utvidede-veikanttester-og-banebrytende.webp.webp\" \/>\n\t<meta property=\"og:image:width\" content=\"1200\" \/>\n\t<meta property=\"og:image:height\" content=\"671\" \/>\n\t<meta property=\"og:image:type\" content=\"image\/webp\" \/>\n<meta name=\"author\" content=\"Ole Andersen\" \/>\n<meta name=\"twitter:card\" content=\"summary_large_image\" \/>\n<meta name=\"twitter:label1\" content=\"Skrevet av\" \/>\n\t<meta name=\"twitter:data1\" content=\"Ole Andersen\" \/>\n\t<meta name=\"twitter:label2\" content=\"Ansl. lesetid\" \/>\n\t<meta name=\"twitter:data2\" content=\"4 minutter\" \/>\n<script type=\"application\/ld+json\" class=\"yoast-schema-graph\">{\"@context\":\"https:\/\/schema.org\",\"@graph\":[{\"@type\":\"Article\",\"@id\":\"https:\/\/nordnesrepublikken.no\/index.php\/2026\/04\/26\/spania-strammer-grepet-om-bilutslipp-med-utvidede-veikanttester-og-banebrytende-teknologi\/#article\",\"isPartOf\":{\"@id\":\"https:\/\/nordnesrepublikken.no\/index.php\/2026\/04\/26\/spania-strammer-grepet-om-bilutslipp-med-utvidede-veikanttester-og-banebrytende-teknologi\/\"},\"author\":{\"name\":\"Ole Andersen\",\"@id\":\"https:\/\/nordnesrepublikken.no\/#\/schema\/person\/2e7e81935bab77882fffb79296240ff1\"},\"headline\":\"Spania strammer grepet om bilutslipp med utvidede veikanttester og banebrytende teknologi\",\"datePublished\":\"2026-04-26T10:56:46+00:00\",\"dateModified\":\"2026-04-26T10:56:47+00:00\",\"mainEntityOfPage\":{\"@id\":\"https:\/\/nordnesrepublikken.no\/index.php\/2026\/04\/26\/spania-strammer-grepet-om-bilutslipp-med-utvidede-veikanttester-og-banebrytende-teknologi\/\"},\"wordCount\":860,\"publisher\":{\"@id\":\"https:\/\/nordnesrepublikken.no\/#organization\"},\"image\":{\"@id\":\"https:\/\/nordnesrepublikken.no\/index.php\/2026\/04\/26\/spania-strammer-grepet-om-bilutslipp-med-utvidede-veikanttester-og-banebrytende-teknologi\/#primaryimage\"},\"thumbnailUrl\":\"https:\/\/nordnesrepublikken.no\/wp-content\/uploads\/2026\/04\/Spania-strammer-grepet-om-bilutslipp-med-utvidede-veikanttester-og-banebrytende.webp.webp\",\"keywords\":[\"banebrytende\",\"bilutslipp\",\"grepet\",\"med\",\"Spania\",\"strammer\",\"teknologi\",\"utvidede\",\"veikanttester\"],\"articleSection\":[\"Livsstil\"],\"inLanguage\":\"nb-NO\"},{\"@type\":\"WebPage\",\"@id\":\"https:\/\/nordnesrepublikken.no\/index.php\/2026\/04\/26\/spania-strammer-grepet-om-bilutslipp-med-utvidede-veikanttester-og-banebrytende-teknologi\/\",\"url\":\"https:\/\/nordnesrepublikken.no\/index.php\/2026\/04\/26\/spania-strammer-grepet-om-bilutslipp-med-utvidede-veikanttester-og-banebrytende-teknologi\/\",\"name\":\"Spania strammer grepet om bilutslipp med utvidede veikanttester og banebrytende teknologi - Nordnesrepublikken\",\"isPartOf\":{\"@id\":\"https:\/\/nordnesrepublikken.no\/#website\"},\"primaryImageOfPage\":{\"@id\":\"https:\/\/nordnesrepublikken.no\/index.php\/2026\/04\/26\/spania-strammer-grepet-om-bilutslipp-med-utvidede-veikanttester-og-banebrytende-teknologi\/#primaryimage\"},\"image\":{\"@id\":\"https:\/\/nordnesrepublikken.no\/index.php\/2026\/04\/26\/spania-strammer-grepet-om-bilutslipp-med-utvidede-veikanttester-og-banebrytende-teknologi\/#primaryimage\"},\"thumbnailUrl\":\"https:\/\/nordnesrepublikken.no\/wp-content\/uploads\/2026\/04\/Spania-strammer-grepet-om-bilutslipp-med-utvidede-veikanttester-og-banebrytende.webp.webp\",\"datePublished\":\"2026-04-26T10:56:46+00:00\",\"dateModified\":\"2026-04-26T10:56:47+00:00\",\"breadcrumb\":{\"@id\":\"https:\/\/nordnesrepublikken.no\/index.php\/2026\/04\/26\/spania-strammer-grepet-om-bilutslipp-med-utvidede-veikanttester-og-banebrytende-teknologi\/#breadcrumb\"},\"inLanguage\":\"nb-NO\",\"potentialAction\":[{\"@type\":\"ReadAction\",\"target\":[\"https:\/\/nordnesrepublikken.no\/index.php\/2026\/04\/26\/spania-strammer-grepet-om-bilutslipp-med-utvidede-veikanttester-og-banebrytende-teknologi\/\"]}]},{\"@type\":\"ImageObject\",\"inLanguage\":\"nb-NO\",\"@id\":\"https:\/\/nordnesrepublikken.no\/index.php\/2026\/04\/26\/spania-strammer-grepet-om-bilutslipp-med-utvidede-veikanttester-og-banebrytende-teknologi\/#primaryimage\",\"url\":\"https:\/\/nordnesrepublikken.no\/wp-content\/uploads\/2026\/04\/Spania-strammer-grepet-om-bilutslipp-med-utvidede-veikanttester-og-banebrytende.webp.webp\",\"contentUrl\":\"https:\/\/nordnesrepublikken.no\/wp-content\/uploads\/2026\/04\/Spania-strammer-grepet-om-bilutslipp-med-utvidede-veikanttester-og-banebrytende.webp.webp\",\"width\":1200,\"height\":671,\"caption\":\"Spania strammer grepet om bilutslipp med utvidede veikanttester og banebrytende teknologi\"},{\"@type\":\"BreadcrumbList\",\"@id\":\"https:\/\/nordnesrepublikken.no\/index.php\/2026\/04\/26\/spania-strammer-grepet-om-bilutslipp-med-utvidede-veikanttester-og-banebrytende-teknologi\/#breadcrumb\",\"itemListElement\":[{\"@type\":\"ListItem\",\"position\":1,\"name\":\"Home\",\"item\":\"https:\/\/nordnesrepublikken.no\/\"},{\"@type\":\"ListItem\",\"position\":2,\"name\":\"Spania strammer grepet om bilutslipp med utvidede veikanttester og banebrytende teknologi\"}]},{\"@type\":\"WebSite\",\"@id\":\"https:\/\/nordnesrepublikken.no\/#website\",\"url\":\"https:\/\/nordnesrepublikken.no\/\",\"name\":\"Nordnesrepublikken\",\"description\":\"Stemmer og Visjoner fra Republikkens Hjerte\",\"publisher\":{\"@id\":\"https:\/\/nordnesrepublikken.no\/#organization\"},\"potentialAction\":[{\"@type\":\"SearchAction\",\"target\":{\"@type\":\"EntryPoint\",\"urlTemplate\":\"https:\/\/nordnesrepublikken.no\/?s={search_term_string}\"},\"query-input\":{\"@type\":\"PropertyValueSpecification\",\"valueRequired\":true,\"valueName\":\"search_term_string\"}}],\"inLanguage\":\"nb-NO\"},{\"@type\":\"Organization\",\"@id\":\"https:\/\/nordnesrepublikken.no\/#organization\",\"name\":\"Nordnesrepublikken\",\"url\":\"https:\/\/nordnesrepublikken.no\/\",\"logo\":{\"@type\":\"ImageObject\",\"inLanguage\":\"nb-NO\",\"@id\":\"https:\/\/nordnesrepublikken.no\/#\/schema\/logo\/image\/\",\"url\":\"https:\/\/nordnesrepublikken.no\/wp-content\/uploads\/2025\/02\/cropped-nordnesrepublikken-2.png\",\"contentUrl\":\"https:\/\/nordnesrepublikken.no\/wp-content\/uploads\/2025\/02\/cropped-nordnesrepublikken-2.png\",\"width\":1248,\"height\":362,\"caption\":\"Nordnesrepublikken\"},\"image\":{\"@id\":\"https:\/\/nordnesrepublikken.no\/#\/schema\/logo\/image\/\"}},{\"@type\":\"Person\",\"@id\":\"https:\/\/nordnesrepublikken.no\/#\/schema\/person\/2e7e81935bab77882fffb79296240ff1\",\"name\":\"Ole Andersen\",\"image\":{\"@type\":\"ImageObject\",\"inLanguage\":\"nb-NO\",\"@id\":\"https:\/\/nordnesrepublikken.no\/#\/schema\/person\/image\/\",\"url\":\"https:\/\/nordnesrepublikken.no\/wp-content\/uploads\/2025\/02\/nordnesrepublikken-2-2-150x150.jpg\",\"contentUrl\":\"https:\/\/nordnesrepublikken.no\/wp-content\/uploads\/2025\/02\/nordnesrepublikken-2-2-150x150.jpg\",\"caption\":\"Ole Andersen\"},\"description\":\"Ettersom jeg vokste opp i Oslo, har jeg alltid v\u00e6rt fascinert av ordenes kraft og deres evne til \u00e5 skape endringer. Etter \u00e5 ha fullf\u00f8rt min utdannelse i kommunikasjon ved Universitetet i Bergen, fikk jeg muligheten til \u00e5 jobbe innen ulike medier, der jeg har s\u00f8kt \u00e5 belyse viktige samfunnssp\u00f8rsm\u00e5l. I dag, som redakt\u00f8r for Nordnesrepublikken, pr\u00f8ver jeg \u00e5 forene min kj\u00e6rlighet for journalistikk med min lidenskap for innovasjon og eventyr.\",\"sameAs\":[\"https:\/\/nordnesrepublikken.no\/\"]}]}<\/script>\n<!-- \/ Yoast SEO plugin. -->","yoast_head_json":{"title":"Spania strammer grepet om bilutslipp med utvidede veikanttester og banebrytende teknologi - Nordnesrepublikken","robots":{"index":"index","follow":"follow","max-snippet":"max-snippet:-1","max-image-preview":"max-image-preview:large","max-video-preview":"max-video-preview:-1"},"canonical":"https:\/\/nordnesrepublikken.no\/index.php\/2026\/04\/26\/spania-strammer-grepet-om-bilutslipp-med-utvidede-veikanttester-og-banebrytende-teknologi\/","og_locale":"nb_NO","og_type":"article","og_title":"Spania strammer grepet om bilutslipp med utvidede veikanttester og banebrytende teknologi - Nordnesrepublikken","og_description":"Sj\u00e5f\u00f8rer i Spania st\u00e5r overfor strengere tilsyn med kj\u00f8ret\u00f8yforurensningsniv\u00e5er ettersom myndighetene begynner \u00e5 m\u00e5lrette biler","og_url":"https:\/\/nordnesrepublikken.no\/index.php\/2026\/04\/26\/spania-strammer-grepet-om-bilutslipp-med-utvidede-veikanttester-og-banebrytende-teknologi\/","og_site_name":"Nordnesrepublikken","article_published_time":"2026-04-26T10:56:46+00:00","article_modified_time":"2026-04-26T10:56:47+00:00","og_image":[{"width":1200,"height":671,"url":"https:\/\/nordnesrepublikken.no\/wp-content\/uploads\/2026\/04\/Spania-strammer-grepet-om-bilutslipp-med-utvidede-veikanttester-og-banebrytende.webp.webp","type":"image\/webp"}],"author":"Ole Andersen","twitter_card":"summary_large_image","twitter_misc":{"Skrevet av":"Ole Andersen","Ansl. lesetid":"4 minutter"},"schema":{"@context":"https:\/\/schema.org","@graph":[{"@type":"Article","@id":"https:\/\/nordnesrepublikken.no\/index.php\/2026\/04\/26\/spania-strammer-grepet-om-bilutslipp-med-utvidede-veikanttester-og-banebrytende-teknologi\/#article","isPartOf":{"@id":"https:\/\/nordnesrepublikken.no\/index.php\/2026\/04\/26\/spania-strammer-grepet-om-bilutslipp-med-utvidede-veikanttester-og-banebrytende-teknologi\/"},"author":{"name":"Ole Andersen","@id":"https:\/\/nordnesrepublikken.no\/#\/schema\/person\/2e7e81935bab77882fffb79296240ff1"},"headline":"Spania strammer grepet om bilutslipp med utvidede veikanttester og banebrytende teknologi","datePublished":"2026-04-26T10:56:46+00:00","dateModified":"2026-04-26T10:56:47+00:00","mainEntityOfPage":{"@id":"https:\/\/nordnesrepublikken.no\/index.php\/2026\/04\/26\/spania-strammer-grepet-om-bilutslipp-med-utvidede-veikanttester-og-banebrytende-teknologi\/"},"wordCount":860,"publisher":{"@id":"https:\/\/nordnesrepublikken.no\/#organization"},"image":{"@id":"https:\/\/nordnesrepublikken.no\/index.php\/2026\/04\/26\/spania-strammer-grepet-om-bilutslipp-med-utvidede-veikanttester-og-banebrytende-teknologi\/#primaryimage"},"thumbnailUrl":"https:\/\/nordnesrepublikken.no\/wp-content\/uploads\/2026\/04\/Spania-strammer-grepet-om-bilutslipp-med-utvidede-veikanttester-og-banebrytende.webp.webp","keywords":["banebrytende","bilutslipp","grepet","med","Spania","strammer","teknologi","utvidede","veikanttester"],"articleSection":["Livsstil"],"inLanguage":"nb-NO"},{"@type":"WebPage","@id":"https:\/\/nordnesrepublikken.no\/index.php\/2026\/04\/26\/spania-strammer-grepet-om-bilutslipp-med-utvidede-veikanttester-og-banebrytende-teknologi\/","url":"https:\/\/nordnesrepublikken.no\/index.php\/2026\/04\/26\/spania-strammer-grepet-om-bilutslipp-med-utvidede-veikanttester-og-banebrytende-teknologi\/","name":"Spania strammer grepet om bilutslipp med utvidede veikanttester og banebrytende teknologi - Nordnesrepublikken","isPartOf":{"@id":"https:\/\/nordnesrepublikken.no\/#website"},"primaryImageOfPage":{"@id":"https:\/\/nordnesrepublikken.no\/index.php\/2026\/04\/26\/spania-strammer-grepet-om-bilutslipp-med-utvidede-veikanttester-og-banebrytende-teknologi\/#primaryimage"},"image":{"@id":"https:\/\/nordnesrepublikken.no\/index.php\/2026\/04\/26\/spania-strammer-grepet-om-bilutslipp-med-utvidede-veikanttester-og-banebrytende-teknologi\/#primaryimage"},"thumbnailUrl":"https:\/\/nordnesrepublikken.no\/wp-content\/uploads\/2026\/04\/Spania-strammer-grepet-om-bilutslipp-med-utvidede-veikanttester-og-banebrytende.webp.webp","datePublished":"2026-04-26T10:56:46+00:00","dateModified":"2026-04-26T10:56:47+00:00","breadcrumb":{"@id":"https:\/\/nordnesrepublikken.no\/index.php\/2026\/04\/26\/spania-strammer-grepet-om-bilutslipp-med-utvidede-veikanttester-og-banebrytende-teknologi\/#breadcrumb"},"inLanguage":"nb-NO","potentialAction":[{"@type":"ReadAction","target":["https:\/\/nordnesrepublikken.no\/index.php\/2026\/04\/26\/spania-strammer-grepet-om-bilutslipp-med-utvidede-veikanttester-og-banebrytende-teknologi\/"]}]},{"@type":"ImageObject","inLanguage":"nb-NO","@id":"https:\/\/nordnesrepublikken.no\/index.php\/2026\/04\/26\/spania-strammer-grepet-om-bilutslipp-med-utvidede-veikanttester-og-banebrytende-teknologi\/#primaryimage","url":"https:\/\/nordnesrepublikken.no\/wp-content\/uploads\/2026\/04\/Spania-strammer-grepet-om-bilutslipp-med-utvidede-veikanttester-og-banebrytende.webp.webp","contentUrl":"https:\/\/nordnesrepublikken.no\/wp-content\/uploads\/2026\/04\/Spania-strammer-grepet-om-bilutslipp-med-utvidede-veikanttester-og-banebrytende.webp.webp","width":1200,"height":671,"caption":"Spania strammer grepet om bilutslipp med utvidede veikanttester og banebrytende teknologi"},{"@type":"BreadcrumbList","@id":"https:\/\/nordnesrepublikken.no\/index.php\/2026\/04\/26\/spania-strammer-grepet-om-bilutslipp-med-utvidede-veikanttester-og-banebrytende-teknologi\/#breadcrumb","itemListElement":[{"@type":"ListItem","position":1,"name":"Home","item":"https:\/\/nordnesrepublikken.no\/"},{"@type":"ListItem","position":2,"name":"Spania strammer grepet om bilutslipp med utvidede veikanttester og banebrytende teknologi"}]},{"@type":"WebSite","@id":"https:\/\/nordnesrepublikken.no\/#website","url":"https:\/\/nordnesrepublikken.no\/","name":"Nordnesrepublikken","description":"Stemmer og Visjoner fra Republikkens Hjerte","publisher":{"@id":"https:\/\/nordnesrepublikken.no\/#organization"},"potentialAction":[{"@type":"SearchAction","target":{"@type":"EntryPoint","urlTemplate":"https:\/\/nordnesrepublikken.no\/?s={search_term_string}"},"query-input":{"@type":"PropertyValueSpecification","valueRequired":true,"valueName":"search_term_string"}}],"inLanguage":"nb-NO"},{"@type":"Organization","@id":"https:\/\/nordnesrepublikken.no\/#organization","name":"Nordnesrepublikken","url":"https:\/\/nordnesrepublikken.no\/","logo":{"@type":"ImageObject","inLanguage":"nb-NO","@id":"https:\/\/nordnesrepublikken.no\/#\/schema\/logo\/image\/","url":"https:\/\/nordnesrepublikken.no\/wp-content\/uploads\/2025\/02\/cropped-nordnesrepublikken-2.png","contentUrl":"https:\/\/nordnesrepublikken.no\/wp-content\/uploads\/2025\/02\/cropped-nordnesrepublikken-2.png","width":1248,"height":362,"caption":"Nordnesrepublikken"},"image":{"@id":"https:\/\/nordnesrepublikken.no\/#\/schema\/logo\/image\/"}},{"@type":"Person","@id":"https:\/\/nordnesrepublikken.no\/#\/schema\/person\/2e7e81935bab77882fffb79296240ff1","name":"Ole Andersen","image":{"@type":"ImageObject","inLanguage":"nb-NO","@id":"https:\/\/nordnesrepublikken.no\/#\/schema\/person\/image\/","url":"https:\/\/nordnesrepublikken.no\/wp-content\/uploads\/2025\/02\/nordnesrepublikken-2-2-150x150.jpg","contentUrl":"https:\/\/nordnesrepublikken.no\/wp-content\/uploads\/2025\/02\/nordnesrepublikken-2-2-150x150.jpg","caption":"Ole Andersen"},"description":"Ettersom jeg vokste opp i Oslo, har jeg alltid v\u00e6rt fascinert av ordenes kraft og deres evne til \u00e5 skape endringer. Etter \u00e5 ha fullf\u00f8rt min utdannelse i kommunikasjon ved Universitetet i Bergen, fikk jeg muligheten til \u00e5 jobbe innen ulike medier, der jeg har s\u00f8kt \u00e5 belyse viktige samfunnssp\u00f8rsm\u00e5l. I dag, som redakt\u00f8r for Nordnesrepublikken, pr\u00f8ver jeg \u00e5 forene min kj\u00e6rlighet for journalistikk med min lidenskap for innovasjon og eventyr.","sameAs":["https:\/\/nordnesrepublikken.no\/"]}]}},"_links":{"self":[{"href":"https:\/\/nordnesrepublikken.no\/index.php\/wp-json\/wp\/v2\/posts\/17460","targetHints":{"allow":["GET"]}}],"collection":[{"href":"https:\/\/nordnesrepublikken.no\/index.php\/wp-json\/wp\/v2\/posts"}],"about":[{"href":"https:\/\/nordnesrepublikken.no\/index.php\/wp-json\/wp\/v2\/types\/post"}],"author":[{"embeddable":true,"href":"https:\/\/nordnesrepublikken.no\/index.php\/wp-json\/wp\/v2\/users\/1"}],"replies":[{"embeddable":true,"href":"https:\/\/nordnesrepublikken.no\/index.php\/wp-json\/wp\/v2\/comments?post=17460"}],"version-history":[{"count":1,"href":"https:\/\/nordnesrepublikken.no\/index.php\/wp-json\/wp\/v2\/posts\/17460\/revisions"}],"predecessor-version":[{"id":17462,"href":"https:\/\/nordnesrepublikken.no\/index.php\/wp-json\/wp\/v2\/posts\/17460\/revisions\/17462"}],"wp:featuredmedia":[{"embeddable":true,"href":"https:\/\/nordnesrepublikken.no\/index.php\/wp-json\/wp\/v2\/media\/17461"}],"wp:attachment":[{"href":"https:\/\/nordnesrepublikken.no\/index.php\/wp-json\/wp\/v2\/media?parent=17460"}],"wp:term":[{"taxonomy":"category","embeddable":true,"href":"https:\/\/nordnesrepublikken.no\/index.php\/wp-json\/wp\/v2\/categories?post=17460"},{"taxonomy":"post_tag","embeddable":true,"href":"https:\/\/nordnesrepublikken.no\/index.php\/wp-json\/wp\/v2\/tags?post=17460"}],"curies":[{"name":"wp","href":"https:\/\/api.w.org\/{rel}","templated":true}]}}