{"id":17454,"date":"2026-04-26T10:54:30","date_gmt":"2026-04-26T08:54:30","guid":{"rendered":"https:\/\/nordnesrepublikken.no\/index.php\/2026\/04\/26\/skremmende-provelse-pa-sveitsisk-flytur-fra-delhi-mens-understellet-tar-fyr\/"},"modified":"2026-04-26T10:54:32","modified_gmt":"2026-04-26T08:54:32","slug":"skremmende-provelse-pa-sveitsisk-flytur-fra-delhi-mens-understellet-tar-fyr","status":"publish","type":"post","link":"https:\/\/nordnesrepublikken.no\/index.php\/2026\/04\/26\/skremmende-provelse-pa-sveitsisk-flytur-fra-delhi-mens-understellet-tar-fyr\/","title":{"rendered":"Skremmende pr\u00f8velse p\u00e5 sveitsisk flytur fra Delhi mens understellet tar fyr"},"content":{"rendered":"<p><\/p>\n<div class=\"wordpress-content\">\n                    <!-- Article Start --><\/p>\n<p>Passasjerer p\u00e5 en Swiss International Air Lines-tjeneste fra Delhi til Z\u00fcrich m\u00f8tte et plutselig og skremmende drama tidlig i morgentimene 26. april da en Airbus A330 fikk motorsvikt og det br\u00f8t ut brann i understellet under startrullen. Besetningsmedlemmer oppdaget problemet med motor nummer \u00e9n mens de kj\u00f8rte i rundt 104 knop p\u00e5 rullebane 28 p\u00e5 Indira Gandhi internasjonale lufthavn.<\/p>\n<p>Umiddelbar handling fulgte da pilotene avviste starten og stanset flyet. Brannmannskaper rykket umiddelbart ut p\u00e5 synlige flammer og r\u00f8yk p\u00e5 venstre side n\u00e6r landingsutstyret. Heldigvis hadde ikke flyet avansert nok langs rullebanen og kunne dermed avbryte start. Flammer ble sett av passasjerer som kom fra undersiden av flyet da det stoppet ved enden av rullebanen. Alle systemene ble sl\u00e5tt av, og passasjerene kastet seg ut i m\u00f8rket.<\/p>\n<p>Alle om bord forlot flyet via n\u00f8dsklier i en rask, men ryddig prosess. Rundt 228 passasjerer, pluss fire spedbarn og 13 besetningsmedlemmer, utgjorde nesten 245 personer. Seks passasjerer fikk lettere skader under evakueringen og ble fraktet til sykehus for sjekk. Gjenv\u00e6rende passasjerer og ansatte slapp uskadd. Flyplasstjenestemenn erkl\u00e6rte en fullstendig n\u00f8dsituasjon, stengte rullebanen og bekreftet senere at operasjonene fortsatte med lite generelle forstyrrelser. Swiss arrangerte en erstatningsflyvning for de ber\u00f8rte mens de opprettet en arbeidsgruppe for \u00e5 unders\u00f8ke den tekniske saken.<\/p>\n<div class=\"sra_unit\"><link rel=\"stylesheet\" id=\"block-sra\" href=\"https:\/\/euroweeklynews.com\/wp-content\/plugins\/snack-related-articles\/dist\/css\/snack-related.min.css?250312-193541\" type=\"text\/css\" media=\"all\">\n<\/div>\n<h2>Mannskapstrening og sikkerhetsprotokoller fungerer effektivt<\/h2>\n<p>Raske beslutninger fra flybesetningen forhindret et verre utfall i denne h\u00f8yhastighetssituasjonen. Luftfartseksperter bemerker at avviste starter ved slike hastigheter tester b\u00e5de piloter og flysystemer strengt. Delhi flyplassteam aktiverte n\u00f8dprotokoller uten forsinkelse. Etterforskere fra indiske myndigheter og sveitsiske gjennomg\u00e5r n\u00e5 data fra hendelsen som involverte flyregistrering HB-JHK.<\/p>\n<h2>Nylige sammenlignbare hendelser<\/h2>\n<p>Europeiske flyselskaper har st\u00f8tt p\u00e5 motorrelaterte problemer under start i andre nylige tilfeller. I september 2025 avviste en sveitsisk Airbus A330 start fra Boston etter feil p\u00e5 h\u00f8yre motor, med r\u00f8yk rapportert da flyet stoppet trygt p\u00e5 rullebanen. Det oppsto ingen personskader i denne hendelsen.<\/p>\n<p>Lufthansa m\u00f8tte en h\u00f8yhastighets avvist start med en Airbus A350 ved Denver i mars 2026 p\u00e5 grunn av en prediktiv vindskj\u00e6rvarsling. Kraftig bremsing f\u00f8rte til flere dekkutbl\u00e5sninger, men alle passasjerer og mannskap holdt seg trygge. En annen Lufthansa-flyvning opplevde tidligere motorproblemer kort tid etter avgang fra New York, noe som krevde en avstenging under flyging.<\/p>\n<p>                    <!-- Originally published at https:\/\/euroweeklynews.com\/2026\/04\/26\/terrifying-ordeal-on-swiss-flight-from-delhi-as-undercarriage-catches-fire\/ on 26 Apr 2026 at 10:03 by Adam Woodward --><br \/>\n                    <!-- Article End -->\n                <\/div>\n","protected":false},"excerpt":{"rendered":"<p>Passasjerer p\u00e5 en Swiss International Air Lines-tjeneste fra Delhi til Z\u00fcrich m\u00f8tte et plutselig og<\/p>\n","protected":false},"author":1,"featured_media":17455,"comment_status":"closed","ping_status":"open","sticky":false,"template":"","format":"standard","meta":{"footnotes":""},"categories":[105],"tags":[11270,420,125,3817,2088,81,11268,1151,11269,114,11271],"class_list":["post-17454","post","type-post","status-publish","format-standard","has-post-thumbnail","hentry","category-livsstil","tag-delhi","tag-flytur","tag-fra","tag-fyr","tag-mens","tag-pa","tag-provelse","tag-skremmende","tag-sveitsisk","tag-tar","tag-understellet","generate-columns","tablet-grid-50","mobile-grid-100","grid-parent","grid-33","resize-featured-image"],"yoast_head":"<!-- This site is optimized with the Yoast SEO plugin v24.4 - https:\/\/yoast.com\/wordpress\/plugins\/seo\/ -->\n<title>Skremmende pr\u00f8velse p\u00e5 sveitsisk flytur fra Delhi mens understellet tar fyr - Nordnesrepublikken<\/title>\n<meta name=\"robots\" content=\"index, follow, max-snippet:-1, max-image-preview:large, max-video-preview:-1\" \/>\n<link rel=\"canonical\" href=\"https:\/\/nordnesrepublikken.no\/index.php\/2026\/04\/26\/skremmende-provelse-pa-sveitsisk-flytur-fra-delhi-mens-understellet-tar-fyr\/\" \/>\n<meta property=\"og:locale\" content=\"nb_NO\" \/>\n<meta property=\"og:type\" content=\"article\" \/>\n<meta property=\"og:title\" content=\"Skremmende pr\u00f8velse p\u00e5 sveitsisk flytur fra Delhi mens understellet tar fyr - Nordnesrepublikken\" \/>\n<meta property=\"og:description\" content=\"Passasjerer p\u00e5 en Swiss International Air Lines-tjeneste fra Delhi til Z\u00fcrich m\u00f8tte et plutselig og\" \/>\n<meta property=\"og:url\" content=\"https:\/\/nordnesrepublikken.no\/index.php\/2026\/04\/26\/skremmende-provelse-pa-sveitsisk-flytur-fra-delhi-mens-understellet-tar-fyr\/\" \/>\n<meta property=\"og:site_name\" content=\"Nordnesrepublikken\" \/>\n<meta property=\"article:published_time\" content=\"2026-04-26T08:54:30+00:00\" \/>\n<meta property=\"article:modified_time\" content=\"2026-04-26T08:54:32+00:00\" \/>\n<meta property=\"og:image\" content=\"https:\/\/nordnesrepublikken.no\/wp-content\/uploads\/2026\/04\/1777193671_Skremmende-provelse-pa-sveitsisk-flytur-fra-Delhi-mens-understellet-tar.jpeg\" \/>\n\t<meta property=\"og:image:width\" content=\"1200\" \/>\n\t<meta property=\"og:image:height\" content=\"764\" \/>\n\t<meta property=\"og:image:type\" content=\"image\/jpeg\" \/>\n<meta name=\"author\" content=\"Ole Andersen\" \/>\n<meta name=\"twitter:card\" content=\"summary_large_image\" \/>\n<meta name=\"twitter:label1\" content=\"Skrevet av\" \/>\n\t<meta name=\"twitter:data1\" content=\"Ole Andersen\" \/>\n\t<meta name=\"twitter:label2\" content=\"Ansl. lesetid\" \/>\n\t<meta name=\"twitter:data2\" content=\"2 minutter\" \/>\n<script type=\"application\/ld+json\" class=\"yoast-schema-graph\">{\"@context\":\"https:\/\/schema.org\",\"@graph\":[{\"@type\":\"Article\",\"@id\":\"https:\/\/nordnesrepublikken.no\/index.php\/2026\/04\/26\/skremmende-provelse-pa-sveitsisk-flytur-fra-delhi-mens-understellet-tar-fyr\/#article\",\"isPartOf\":{\"@id\":\"https:\/\/nordnesrepublikken.no\/index.php\/2026\/04\/26\/skremmende-provelse-pa-sveitsisk-flytur-fra-delhi-mens-understellet-tar-fyr\/\"},\"author\":{\"name\":\"Ole Andersen\",\"@id\":\"https:\/\/nordnesrepublikken.no\/#\/schema\/person\/2e7e81935bab77882fffb79296240ff1\"},\"headline\":\"Skremmende pr\u00f8velse p\u00e5 sveitsisk flytur fra Delhi mens understellet tar fyr\",\"datePublished\":\"2026-04-26T08:54:30+00:00\",\"dateModified\":\"2026-04-26T08:54:32+00:00\",\"mainEntityOfPage\":{\"@id\":\"https:\/\/nordnesrepublikken.no\/index.php\/2026\/04\/26\/skremmende-provelse-pa-sveitsisk-flytur-fra-delhi-mens-understellet-tar-fyr\/\"},\"wordCount\":390,\"publisher\":{\"@id\":\"https:\/\/nordnesrepublikken.no\/#organization\"},\"image\":{\"@id\":\"https:\/\/nordnesrepublikken.no\/index.php\/2026\/04\/26\/skremmende-provelse-pa-sveitsisk-flytur-fra-delhi-mens-understellet-tar-fyr\/#primaryimage\"},\"thumbnailUrl\":\"https:\/\/nordnesrepublikken.no\/wp-content\/uploads\/2026\/04\/1777193671_Skremmende-provelse-pa-sveitsisk-flytur-fra-Delhi-mens-understellet-tar.jpeg\",\"keywords\":[\"Delhi\",\"flytur\",\"fra\",\"fyr\",\"mens\",\"p\u00e5\",\"pr\u00f8velse\",\"skremmende\",\"sveitsisk\",\"tar\",\"understellet\"],\"articleSection\":[\"Livsstil\"],\"inLanguage\":\"nb-NO\"},{\"@type\":\"WebPage\",\"@id\":\"https:\/\/nordnesrepublikken.no\/index.php\/2026\/04\/26\/skremmende-provelse-pa-sveitsisk-flytur-fra-delhi-mens-understellet-tar-fyr\/\",\"url\":\"https:\/\/nordnesrepublikken.no\/index.php\/2026\/04\/26\/skremmende-provelse-pa-sveitsisk-flytur-fra-delhi-mens-understellet-tar-fyr\/\",\"name\":\"Skremmende pr\u00f8velse p\u00e5 sveitsisk flytur fra Delhi mens understellet tar fyr - Nordnesrepublikken\",\"isPartOf\":{\"@id\":\"https:\/\/nordnesrepublikken.no\/#website\"},\"primaryImageOfPage\":{\"@id\":\"https:\/\/nordnesrepublikken.no\/index.php\/2026\/04\/26\/skremmende-provelse-pa-sveitsisk-flytur-fra-delhi-mens-understellet-tar-fyr\/#primaryimage\"},\"image\":{\"@id\":\"https:\/\/nordnesrepublikken.no\/index.php\/2026\/04\/26\/skremmende-provelse-pa-sveitsisk-flytur-fra-delhi-mens-understellet-tar-fyr\/#primaryimage\"},\"thumbnailUrl\":\"https:\/\/nordnesrepublikken.no\/wp-content\/uploads\/2026\/04\/1777193671_Skremmende-provelse-pa-sveitsisk-flytur-fra-Delhi-mens-understellet-tar.jpeg\",\"datePublished\":\"2026-04-26T08:54:30+00:00\",\"dateModified\":\"2026-04-26T08:54:32+00:00\",\"breadcrumb\":{\"@id\":\"https:\/\/nordnesrepublikken.no\/index.php\/2026\/04\/26\/skremmende-provelse-pa-sveitsisk-flytur-fra-delhi-mens-understellet-tar-fyr\/#breadcrumb\"},\"inLanguage\":\"nb-NO\",\"potentialAction\":[{\"@type\":\"ReadAction\",\"target\":[\"https:\/\/nordnesrepublikken.no\/index.php\/2026\/04\/26\/skremmende-provelse-pa-sveitsisk-flytur-fra-delhi-mens-understellet-tar-fyr\/\"]}]},{\"@type\":\"ImageObject\",\"inLanguage\":\"nb-NO\",\"@id\":\"https:\/\/nordnesrepublikken.no\/index.php\/2026\/04\/26\/skremmende-provelse-pa-sveitsisk-flytur-fra-delhi-mens-understellet-tar-fyr\/#primaryimage\",\"url\":\"https:\/\/nordnesrepublikken.no\/wp-content\/uploads\/2026\/04\/1777193671_Skremmende-provelse-pa-sveitsisk-flytur-fra-Delhi-mens-understellet-tar.jpeg\",\"contentUrl\":\"https:\/\/nordnesrepublikken.no\/wp-content\/uploads\/2026\/04\/1777193671_Skremmende-provelse-pa-sveitsisk-flytur-fra-Delhi-mens-understellet-tar.jpeg\",\"width\":1200,\"height\":764,\"caption\":\"Skremmende pr\u00f8velse p\u00e5 sveitsisk flytur fra Delhi mens understellet tar fyr\"},{\"@type\":\"BreadcrumbList\",\"@id\":\"https:\/\/nordnesrepublikken.no\/index.php\/2026\/04\/26\/skremmende-provelse-pa-sveitsisk-flytur-fra-delhi-mens-understellet-tar-fyr\/#breadcrumb\",\"itemListElement\":[{\"@type\":\"ListItem\",\"position\":1,\"name\":\"Home\",\"item\":\"https:\/\/nordnesrepublikken.no\/\"},{\"@type\":\"ListItem\",\"position\":2,\"name\":\"Skremmende pr\u00f8velse p\u00e5 sveitsisk flytur fra Delhi mens understellet tar fyr\"}]},{\"@type\":\"WebSite\",\"@id\":\"https:\/\/nordnesrepublikken.no\/#website\",\"url\":\"https:\/\/nordnesrepublikken.no\/\",\"name\":\"Nordnesrepublikken\",\"description\":\"Stemmer og Visjoner fra Republikkens Hjerte\",\"publisher\":{\"@id\":\"https:\/\/nordnesrepublikken.no\/#organization\"},\"potentialAction\":[{\"@type\":\"SearchAction\",\"target\":{\"@type\":\"EntryPoint\",\"urlTemplate\":\"https:\/\/nordnesrepublikken.no\/?s={search_term_string}\"},\"query-input\":{\"@type\":\"PropertyValueSpecification\",\"valueRequired\":true,\"valueName\":\"search_term_string\"}}],\"inLanguage\":\"nb-NO\"},{\"@type\":\"Organization\",\"@id\":\"https:\/\/nordnesrepublikken.no\/#organization\",\"name\":\"Nordnesrepublikken\",\"url\":\"https:\/\/nordnesrepublikken.no\/\",\"logo\":{\"@type\":\"ImageObject\",\"inLanguage\":\"nb-NO\",\"@id\":\"https:\/\/nordnesrepublikken.no\/#\/schema\/logo\/image\/\",\"url\":\"https:\/\/nordnesrepublikken.no\/wp-content\/uploads\/2025\/02\/cropped-nordnesrepublikken-2.png\",\"contentUrl\":\"https:\/\/nordnesrepublikken.no\/wp-content\/uploads\/2025\/02\/cropped-nordnesrepublikken-2.png\",\"width\":1248,\"height\":362,\"caption\":\"Nordnesrepublikken\"},\"image\":{\"@id\":\"https:\/\/nordnesrepublikken.no\/#\/schema\/logo\/image\/\"}},{\"@type\":\"Person\",\"@id\":\"https:\/\/nordnesrepublikken.no\/#\/schema\/person\/2e7e81935bab77882fffb79296240ff1\",\"name\":\"Ole Andersen\",\"image\":{\"@type\":\"ImageObject\",\"inLanguage\":\"nb-NO\",\"@id\":\"https:\/\/nordnesrepublikken.no\/#\/schema\/person\/image\/\",\"url\":\"https:\/\/nordnesrepublikken.no\/wp-content\/uploads\/2025\/02\/nordnesrepublikken-2-2-150x150.jpg\",\"contentUrl\":\"https:\/\/nordnesrepublikken.no\/wp-content\/uploads\/2025\/02\/nordnesrepublikken-2-2-150x150.jpg\",\"caption\":\"Ole Andersen\"},\"description\":\"Ettersom jeg vokste opp i Oslo, har jeg alltid v\u00e6rt fascinert av ordenes kraft og deres evne til \u00e5 skape endringer. Etter \u00e5 ha fullf\u00f8rt min utdannelse i kommunikasjon ved Universitetet i Bergen, fikk jeg muligheten til \u00e5 jobbe innen ulike medier, der jeg har s\u00f8kt \u00e5 belyse viktige samfunnssp\u00f8rsm\u00e5l. I dag, som redakt\u00f8r for Nordnesrepublikken, pr\u00f8ver jeg \u00e5 forene min kj\u00e6rlighet for journalistikk med min lidenskap for innovasjon og eventyr.\",\"sameAs\":[\"https:\/\/nordnesrepublikken.no\/\"]}]}<\/script>\n<!-- \/ Yoast SEO plugin. -->","yoast_head_json":{"title":"Skremmende pr\u00f8velse p\u00e5 sveitsisk flytur fra Delhi mens understellet tar fyr - Nordnesrepublikken","robots":{"index":"index","follow":"follow","max-snippet":"max-snippet:-1","max-image-preview":"max-image-preview:large","max-video-preview":"max-video-preview:-1"},"canonical":"https:\/\/nordnesrepublikken.no\/index.php\/2026\/04\/26\/skremmende-provelse-pa-sveitsisk-flytur-fra-delhi-mens-understellet-tar-fyr\/","og_locale":"nb_NO","og_type":"article","og_title":"Skremmende pr\u00f8velse p\u00e5 sveitsisk flytur fra Delhi mens understellet tar fyr - Nordnesrepublikken","og_description":"Passasjerer p\u00e5 en Swiss International Air Lines-tjeneste fra Delhi til Z\u00fcrich m\u00f8tte et plutselig og","og_url":"https:\/\/nordnesrepublikken.no\/index.php\/2026\/04\/26\/skremmende-provelse-pa-sveitsisk-flytur-fra-delhi-mens-understellet-tar-fyr\/","og_site_name":"Nordnesrepublikken","article_published_time":"2026-04-26T08:54:30+00:00","article_modified_time":"2026-04-26T08:54:32+00:00","og_image":[{"width":1200,"height":764,"url":"https:\/\/nordnesrepublikken.no\/wp-content\/uploads\/2026\/04\/1777193671_Skremmende-provelse-pa-sveitsisk-flytur-fra-Delhi-mens-understellet-tar.jpeg","type":"image\/jpeg"}],"author":"Ole Andersen","twitter_card":"summary_large_image","twitter_misc":{"Skrevet av":"Ole Andersen","Ansl. lesetid":"2 minutter"},"schema":{"@context":"https:\/\/schema.org","@graph":[{"@type":"Article","@id":"https:\/\/nordnesrepublikken.no\/index.php\/2026\/04\/26\/skremmende-provelse-pa-sveitsisk-flytur-fra-delhi-mens-understellet-tar-fyr\/#article","isPartOf":{"@id":"https:\/\/nordnesrepublikken.no\/index.php\/2026\/04\/26\/skremmende-provelse-pa-sveitsisk-flytur-fra-delhi-mens-understellet-tar-fyr\/"},"author":{"name":"Ole Andersen","@id":"https:\/\/nordnesrepublikken.no\/#\/schema\/person\/2e7e81935bab77882fffb79296240ff1"},"headline":"Skremmende pr\u00f8velse p\u00e5 sveitsisk flytur fra Delhi mens understellet tar fyr","datePublished":"2026-04-26T08:54:30+00:00","dateModified":"2026-04-26T08:54:32+00:00","mainEntityOfPage":{"@id":"https:\/\/nordnesrepublikken.no\/index.php\/2026\/04\/26\/skremmende-provelse-pa-sveitsisk-flytur-fra-delhi-mens-understellet-tar-fyr\/"},"wordCount":390,"publisher":{"@id":"https:\/\/nordnesrepublikken.no\/#organization"},"image":{"@id":"https:\/\/nordnesrepublikken.no\/index.php\/2026\/04\/26\/skremmende-provelse-pa-sveitsisk-flytur-fra-delhi-mens-understellet-tar-fyr\/#primaryimage"},"thumbnailUrl":"https:\/\/nordnesrepublikken.no\/wp-content\/uploads\/2026\/04\/1777193671_Skremmende-provelse-pa-sveitsisk-flytur-fra-Delhi-mens-understellet-tar.jpeg","keywords":["Delhi","flytur","fra","fyr","mens","p\u00e5","pr\u00f8velse","skremmende","sveitsisk","tar","understellet"],"articleSection":["Livsstil"],"inLanguage":"nb-NO"},{"@type":"WebPage","@id":"https:\/\/nordnesrepublikken.no\/index.php\/2026\/04\/26\/skremmende-provelse-pa-sveitsisk-flytur-fra-delhi-mens-understellet-tar-fyr\/","url":"https:\/\/nordnesrepublikken.no\/index.php\/2026\/04\/26\/skremmende-provelse-pa-sveitsisk-flytur-fra-delhi-mens-understellet-tar-fyr\/","name":"Skremmende pr\u00f8velse p\u00e5 sveitsisk flytur fra Delhi mens understellet tar fyr - Nordnesrepublikken","isPartOf":{"@id":"https:\/\/nordnesrepublikken.no\/#website"},"primaryImageOfPage":{"@id":"https:\/\/nordnesrepublikken.no\/index.php\/2026\/04\/26\/skremmende-provelse-pa-sveitsisk-flytur-fra-delhi-mens-understellet-tar-fyr\/#primaryimage"},"image":{"@id":"https:\/\/nordnesrepublikken.no\/index.php\/2026\/04\/26\/skremmende-provelse-pa-sveitsisk-flytur-fra-delhi-mens-understellet-tar-fyr\/#primaryimage"},"thumbnailUrl":"https:\/\/nordnesrepublikken.no\/wp-content\/uploads\/2026\/04\/1777193671_Skremmende-provelse-pa-sveitsisk-flytur-fra-Delhi-mens-understellet-tar.jpeg","datePublished":"2026-04-26T08:54:30+00:00","dateModified":"2026-04-26T08:54:32+00:00","breadcrumb":{"@id":"https:\/\/nordnesrepublikken.no\/index.php\/2026\/04\/26\/skremmende-provelse-pa-sveitsisk-flytur-fra-delhi-mens-understellet-tar-fyr\/#breadcrumb"},"inLanguage":"nb-NO","potentialAction":[{"@type":"ReadAction","target":["https:\/\/nordnesrepublikken.no\/index.php\/2026\/04\/26\/skremmende-provelse-pa-sveitsisk-flytur-fra-delhi-mens-understellet-tar-fyr\/"]}]},{"@type":"ImageObject","inLanguage":"nb-NO","@id":"https:\/\/nordnesrepublikken.no\/index.php\/2026\/04\/26\/skremmende-provelse-pa-sveitsisk-flytur-fra-delhi-mens-understellet-tar-fyr\/#primaryimage","url":"https:\/\/nordnesrepublikken.no\/wp-content\/uploads\/2026\/04\/1777193671_Skremmende-provelse-pa-sveitsisk-flytur-fra-Delhi-mens-understellet-tar.jpeg","contentUrl":"https:\/\/nordnesrepublikken.no\/wp-content\/uploads\/2026\/04\/1777193671_Skremmende-provelse-pa-sveitsisk-flytur-fra-Delhi-mens-understellet-tar.jpeg","width":1200,"height":764,"caption":"Skremmende pr\u00f8velse p\u00e5 sveitsisk flytur fra Delhi mens understellet tar fyr"},{"@type":"BreadcrumbList","@id":"https:\/\/nordnesrepublikken.no\/index.php\/2026\/04\/26\/skremmende-provelse-pa-sveitsisk-flytur-fra-delhi-mens-understellet-tar-fyr\/#breadcrumb","itemListElement":[{"@type":"ListItem","position":1,"name":"Home","item":"https:\/\/nordnesrepublikken.no\/"},{"@type":"ListItem","position":2,"name":"Skremmende pr\u00f8velse p\u00e5 sveitsisk flytur fra Delhi mens understellet tar fyr"}]},{"@type":"WebSite","@id":"https:\/\/nordnesrepublikken.no\/#website","url":"https:\/\/nordnesrepublikken.no\/","name":"Nordnesrepublikken","description":"Stemmer og Visjoner fra Republikkens Hjerte","publisher":{"@id":"https:\/\/nordnesrepublikken.no\/#organization"},"potentialAction":[{"@type":"SearchAction","target":{"@type":"EntryPoint","urlTemplate":"https:\/\/nordnesrepublikken.no\/?s={search_term_string}"},"query-input":{"@type":"PropertyValueSpecification","valueRequired":true,"valueName":"search_term_string"}}],"inLanguage":"nb-NO"},{"@type":"Organization","@id":"https:\/\/nordnesrepublikken.no\/#organization","name":"Nordnesrepublikken","url":"https:\/\/nordnesrepublikken.no\/","logo":{"@type":"ImageObject","inLanguage":"nb-NO","@id":"https:\/\/nordnesrepublikken.no\/#\/schema\/logo\/image\/","url":"https:\/\/nordnesrepublikken.no\/wp-content\/uploads\/2025\/02\/cropped-nordnesrepublikken-2.png","contentUrl":"https:\/\/nordnesrepublikken.no\/wp-content\/uploads\/2025\/02\/cropped-nordnesrepublikken-2.png","width":1248,"height":362,"caption":"Nordnesrepublikken"},"image":{"@id":"https:\/\/nordnesrepublikken.no\/#\/schema\/logo\/image\/"}},{"@type":"Person","@id":"https:\/\/nordnesrepublikken.no\/#\/schema\/person\/2e7e81935bab77882fffb79296240ff1","name":"Ole Andersen","image":{"@type":"ImageObject","inLanguage":"nb-NO","@id":"https:\/\/nordnesrepublikken.no\/#\/schema\/person\/image\/","url":"https:\/\/nordnesrepublikken.no\/wp-content\/uploads\/2025\/02\/nordnesrepublikken-2-2-150x150.jpg","contentUrl":"https:\/\/nordnesrepublikken.no\/wp-content\/uploads\/2025\/02\/nordnesrepublikken-2-2-150x150.jpg","caption":"Ole Andersen"},"description":"Ettersom jeg vokste opp i Oslo, har jeg alltid v\u00e6rt fascinert av ordenes kraft og deres evne til \u00e5 skape endringer. Etter \u00e5 ha fullf\u00f8rt min utdannelse i kommunikasjon ved Universitetet i Bergen, fikk jeg muligheten til \u00e5 jobbe innen ulike medier, der jeg har s\u00f8kt \u00e5 belyse viktige samfunnssp\u00f8rsm\u00e5l. I dag, som redakt\u00f8r for Nordnesrepublikken, pr\u00f8ver jeg \u00e5 forene min kj\u00e6rlighet for journalistikk med min lidenskap for innovasjon og eventyr.","sameAs":["https:\/\/nordnesrepublikken.no\/"]}]}},"_links":{"self":[{"href":"https:\/\/nordnesrepublikken.no\/index.php\/wp-json\/wp\/v2\/posts\/17454","targetHints":{"allow":["GET"]}}],"collection":[{"href":"https:\/\/nordnesrepublikken.no\/index.php\/wp-json\/wp\/v2\/posts"}],"about":[{"href":"https:\/\/nordnesrepublikken.no\/index.php\/wp-json\/wp\/v2\/types\/post"}],"author":[{"embeddable":true,"href":"https:\/\/nordnesrepublikken.no\/index.php\/wp-json\/wp\/v2\/users\/1"}],"replies":[{"embeddable":true,"href":"https:\/\/nordnesrepublikken.no\/index.php\/wp-json\/wp\/v2\/comments?post=17454"}],"version-history":[{"count":1,"href":"https:\/\/nordnesrepublikken.no\/index.php\/wp-json\/wp\/v2\/posts\/17454\/revisions"}],"predecessor-version":[{"id":17456,"href":"https:\/\/nordnesrepublikken.no\/index.php\/wp-json\/wp\/v2\/posts\/17454\/revisions\/17456"}],"wp:featuredmedia":[{"embeddable":true,"href":"https:\/\/nordnesrepublikken.no\/index.php\/wp-json\/wp\/v2\/media\/17455"}],"wp:attachment":[{"href":"https:\/\/nordnesrepublikken.no\/index.php\/wp-json\/wp\/v2\/media?parent=17454"}],"wp:term":[{"taxonomy":"category","embeddable":true,"href":"https:\/\/nordnesrepublikken.no\/index.php\/wp-json\/wp\/v2\/categories?post=17454"},{"taxonomy":"post_tag","embeddable":true,"href":"https:\/\/nordnesrepublikken.no\/index.php\/wp-json\/wp\/v2\/tags?post=17454"}],"curies":[{"name":"wp","href":"https:\/\/api.w.org\/{rel}","templated":true}]}}