{"id":17451,"date":"2026-04-26T08:54:51","date_gmt":"2026-04-26T06:54:51","guid":{"rendered":"https:\/\/nordnesrepublikken.no\/index.php\/2026\/04\/26\/ja-til-brannvesenet-nei-til-politikere-istat-data\/"},"modified":"2026-04-26T08:54:54","modified_gmt":"2026-04-26T06:54:54","slug":"ja-til-brannvesenet-nei-til-politikere-istat-data","status":"publish","type":"post","link":"https:\/\/nordnesrepublikken.no\/index.php\/2026\/04\/26\/ja-til-brannvesenet-nei-til-politikere-istat-data\/","title":{"rendered":"ja til Brannvesenet, nei til politikere, Istat-data"},"content":{"rendered":"<div>\n<div class=\"cp_wrapper cp_wrapper--fw mb-30 mb-20@tablet\">\n<figure class=\"mm\"><picture class=\"img\" style=\"padding-top:56.25%\"><source  media=\"(min-width: 1024px)\"><source  media=\"(min-width: 768px)\"><\/source><\/source><\/picture><\/figure>\n<\/p><\/div>\n<p>Istat-data forteller oss at <strong>institusjoner vi stoler mest p\u00e5<\/strong> jeg er den <strong>Brannvesen<\/strong>den <strong>Rettsh\u00e5ndhevelse<\/strong> og den <strong>Republikkens president<\/strong>. Da, spesielt i Nord-Italia, r\u00e5der tillit til lokale administrasjoner over regionale, nasjonale og europeiske. Den institusjonen vi stoler minst p\u00e5, fortsetter \u00e5 v\u00e6re politiske partier.<\/p>\n<p>Istats flerbruksunders\u00f8kelse <em>&laquo;Aspekter av hverdagen&raquo;<\/em> lar oss vurdere hvor mye italienere (fra 14 \u00e5r) tror at institusjoner handler effektivt i den kollektive interessen. Tillit m\u00e5les gjennom a <strong>skala fra 0 til 10<\/strong>Hvor:<\/p>\n<ul>\n<li><strong>0<\/strong> angir totalt <strong>mistillit<\/strong><\/li>\n<li><strong>10<\/strong> indikerer <strong>tillit<\/strong> fullstendig<\/li>\n<\/ul>\n<p>Denne skalaen lar oss ogs\u00e5 observere hvordan tillit har endret seg over tid: i dag har vi faktisk en historisk serie over ti \u00e5r (2012\u20132024), som lar oss identifisere <strong>stabile trender<\/strong> og betydelige endringer.<\/p>\n<p>Det f\u00f8rste interessante faktum som kommer frem er at tilliten til institusjonene endrer seg lite p\u00e5 lang sikt. Plasseringene i rangeringen har faktisk holdt seg overraskende stabile gjennom \u00e5rene. For eksempel, siden 2012 nesten <strong>90 % av italienerne<\/strong> erkl\u00e6rer \u00e5 stole p\u00e5 <strong>Brannvesen<\/strong> (dvs. gi dem en tillitspoeng p\u00e5 6 eller h\u00f8yere).<\/p>\n<p>Selv i 2024 (de mest oppdaterte data) bekrefter brannvesenet seg som den<strong>mest anerkjente institusjon<\/strong>med sv\u00e6rt h\u00f8ye niv\u00e5er av tillit: mer enn to tredjedeler av italienerne gir dem en tillitserkl\u00e6ring mellom 8 og 10.<\/p>\n<p>Al <strong>andreplass<\/strong> vi finner dem<strong> Rettsh\u00e5ndhevelse<\/strong>som opprettholder sv\u00e6rt h\u00f8ye niv\u00e5er av tillit: rundt 40 % tildeler en sv\u00e6rt h\u00f8y tillitserkl\u00e6ring (8\u201310) og ytterligere 33 % gir tilstrekkelige stemmer (6\u20137). Sammenlignet med 2023 var det imidlertid en liten nedgang blant de mest selvsikre, med en reduksjon p\u00e5 mer enn to prosentpoeng i de h\u00f8yeste rangeringene.<\/p>\n<p>Der <strong>Republikkens presidentskap<\/strong> er bekreftet kl <strong>tredje plass<\/strong>med 45 % av italienerne som ga ham veldig h\u00f8y tillit (8\u201310) og ytterligere <strong>23 %<\/strong> tilstrekkelig poengsum (6\u20137). Selv i dette tilfellet observeres imidlertid en liten nedgang sammenlignet med \u00e5ret f\u00f8r.<\/p>\n<p>I midten av tabellen finner vi <strong>rettssystemet<\/strong>som gis moderat tillit: i 2024 ga 44 % av italienerne den en poengsum mellom 6 og 10. Denne prosentandelen avbryter en vekst som startet i 2020 og kulminerte i toppen av 2023 (46 %). Et annet interessant aspekt gjelder den territorielle fordelingen: rettssystemet er den eneste institusjonen der tillitsniv\u00e5et er h\u00f8yere i s\u00f8r enn i nord.<\/p>\n<p>N\u00e5r du flytter ned p\u00e5 rangeringen, er det italienske parlamentet og Europaparlamentet p\u00e5 linje:<\/p>\n<ul>\n<li><strong>det italienske parlamentet<\/strong>: <strong>40,8 %<\/strong> stemmer \u2265 6<\/li>\n<li><strong>Europaparlamentet<\/strong>: <strong>40,2 %<\/strong> stemmer \u2265 6<\/li>\n<\/ul>\n<p>Dette er en viktig endring: i 2018 var gapet mellom de to fortsatt betydelig, men den gradvise \u00f8kningen i tillit til det italienske parlamentet klarte \u00e5 eliminere det.<\/p>\n<p>Et annet relevant faktum gjelder statlige institusjoner: det er flere av dem <strong>geografisk n\u00e6r innbyggerne<\/strong>jo mer har vi en tendens til \u00e5 stole p\u00e5. Spesifikt, hvis vi sammenligner prosentandelen av italienere som tildelte en tillitserkl\u00e6ring som er minst lik 6, f\u00e5r vi:<\/p>\n<ul>\n<li><strong>Kommunale administrasjoner:<\/strong> <strong>50 %<\/strong><\/li>\n<li>Regionale administrasjoner: 41 %<\/li>\n<li>Nasjonale myndigheter: 37 %<\/li>\n<\/ul>\n<p>Videre niv\u00e5er av tillit til <strong>kommunale administrasjoner<\/strong> er h\u00f8yere i sm\u00e5 kommuner: 56% av innbyggerne tildelt sk\u00e5rer mellom 6 og 10 i kommuner med opptil 10 tusen innbyggere, sammenlignet med bare 38% registrert i storbykommuner. Alle disse forskjellene tyder derfor p\u00e5 at<strong> territoriell n\u00e6rhet<\/strong> betyr mye i oppfatningen av institusjoner.<\/p>\n<p>Til tross for \u00e5 ha gjenvunnet konsensus de siste \u00e5rene, dvs <strong>politiske partier<\/strong> forbli over hele det nasjonale territoriet<strong>institusjon som er minst p\u00e5litelig<\/strong>:<\/p>\n<ul>\n<li>litt mer enn <strong>1 av 5 innbyggere<\/strong> uttrykker <strong>tillit<\/strong> (6-10)<\/li>\n<li>utover<strong> halv<\/strong> gi karakterer <strong>utilstrekkelig<\/strong> (1\u20135)<\/li>\n<li>mer enn <strong>1 av 5<\/strong> tildele<strong> stemme 0<\/strong><\/li>\n<\/ul>\n<p>Dataene viser ikke signifikante forskjeller mellom menn og kvinner, mens b\u00e5de alder og utdanningskompetanse ser ut til \u00e5 v\u00e6re to relevante faktorer. Spesielt <strong>jo eldre du blir, jo mer blir tilliten til institusjonene<\/strong>spesielt overfor republikkens president og politistyrkene.<\/p>\n<p>DE <strong>nyutdannede<\/strong> de er imidlertid mer selvsikre overfor <strong>Republikkens president<\/strong> og den <strong>Europaparlamentet<\/strong>mens ulike niv\u00e5er av regjering og politiske partier registrerer relativt h\u00f8yere niv\u00e5er av tillit blant de med lavere utdanning.<\/p>\n<p>Setter man all denne informasjonen sammen, f\u00e5r man et ganske klart bilde: Italienere har en tendens til det <strong>tillit<\/strong> dessuten <strong>av de som handler konkret<\/strong> Og <strong>synlig i omr\u00e5det<\/strong> (som brannmenn, rettsh\u00e5ndhevelsesbyr\u00e5er og lokale administrasjoner) og mindre enn de som opererer p\u00e5 niv\u00e5er som oppfattes som mer fjerntliggende eller abstrakte. <strong>Eneste unntak<\/strong> denne trenden ser ut til \u00e5 v\u00e6re <strong>Republikkens president<\/strong>: til tross for at han ikke er en territorielt n\u00e6r figur, kan denne tilsynelatende anomalien forklares ved \u00e5 vurdere hans superpartes rolle, mindre knyttet til politisk konflikt og mer til respekt for konstitusjonelle regler.<\/p>\n<\/p><\/div>\n","protected":false},"excerpt":{"rendered":"<p>Istat-data forteller oss at institusjoner vi stoler mest p\u00e5 jeg er den Brannvesenden Rettsh\u00e5ndhevelse og<\/p>\n","protected":false},"author":1,"featured_media":17452,"comment_status":"closed","ping_status":"open","sticky":false,"template":"","format":"standard","meta":{"footnotes":""},"categories":[104],"tags":[9926,7936,821,11267,117],"class_list":["post-17451","post","type-post","status-publish","format-standard","has-post-thumbnail","hentry","category-samfunn","tag-brannvesenet","tag-istatdata","tag-nei","tag-politikere","tag-til","generate-columns","tablet-grid-50","mobile-grid-100","grid-parent","grid-33","resize-featured-image"],"yoast_head":"<!-- This site is optimized with the Yoast SEO plugin v24.4 - https:\/\/yoast.com\/wordpress\/plugins\/seo\/ -->\n<title>ja til Brannvesenet, nei til politikere, Istat-data - Nordnesrepublikken<\/title>\n<meta name=\"robots\" content=\"index, follow, max-snippet:-1, max-image-preview:large, max-video-preview:-1\" \/>\n<link rel=\"canonical\" href=\"https:\/\/nordnesrepublikken.no\/index.php\/2026\/04\/26\/ja-til-brannvesenet-nei-til-politikere-istat-data\/\" \/>\n<meta property=\"og:locale\" content=\"nb_NO\" \/>\n<meta property=\"og:type\" content=\"article\" \/>\n<meta property=\"og:title\" content=\"ja til Brannvesenet, nei til politikere, Istat-data - Nordnesrepublikken\" \/>\n<meta property=\"og:description\" content=\"Istat-data forteller oss at institusjoner vi stoler mest p\u00e5 jeg er den Brannvesenden Rettsh\u00e5ndhevelse og\" \/>\n<meta property=\"og:url\" content=\"https:\/\/nordnesrepublikken.no\/index.php\/2026\/04\/26\/ja-til-brannvesenet-nei-til-politikere-istat-data\/\" \/>\n<meta property=\"og:site_name\" content=\"Nordnesrepublikken\" \/>\n<meta property=\"article:published_time\" content=\"2026-04-26T06:54:51+00:00\" \/>\n<meta property=\"article:modified_time\" content=\"2026-04-26T06:54:54+00:00\" \/>\n<meta property=\"og:image\" content=\"https:\/\/nordnesrepublikken.no\/wp-content\/uploads\/2026\/04\/1777186492_ja-til-Brannvesenet-nei-til-politikere-Istat-data.jpg\" \/>\n\t<meta property=\"og:image:width\" content=\"2121\" \/>\n\t<meta property=\"og:image:height\" content=\"1414\" \/>\n\t<meta property=\"og:image:type\" content=\"image\/jpeg\" \/>\n<meta name=\"author\" content=\"Ole Andersen\" \/>\n<meta name=\"twitter:card\" content=\"summary_large_image\" \/>\n<meta name=\"twitter:label1\" content=\"Skrevet av\" \/>\n\t<meta name=\"twitter:data1\" content=\"Ole Andersen\" \/>\n\t<meta name=\"twitter:label2\" content=\"Ansl. lesetid\" \/>\n\t<meta name=\"twitter:data2\" content=\"4 minutter\" \/>\n<script type=\"application\/ld+json\" class=\"yoast-schema-graph\">{\"@context\":\"https:\/\/schema.org\",\"@graph\":[{\"@type\":\"Article\",\"@id\":\"https:\/\/nordnesrepublikken.no\/index.php\/2026\/04\/26\/ja-til-brannvesenet-nei-til-politikere-istat-data\/#article\",\"isPartOf\":{\"@id\":\"https:\/\/nordnesrepublikken.no\/index.php\/2026\/04\/26\/ja-til-brannvesenet-nei-til-politikere-istat-data\/\"},\"author\":{\"name\":\"Ole Andersen\",\"@id\":\"https:\/\/nordnesrepublikken.no\/#\/schema\/person\/2e7e81935bab77882fffb79296240ff1\"},\"headline\":\"ja til Brannvesenet, nei til politikere, Istat-data\",\"datePublished\":\"2026-04-26T06:54:51+00:00\",\"dateModified\":\"2026-04-26T06:54:54+00:00\",\"mainEntityOfPage\":{\"@id\":\"https:\/\/nordnesrepublikken.no\/index.php\/2026\/04\/26\/ja-til-brannvesenet-nei-til-politikere-istat-data\/\"},\"wordCount\":713,\"publisher\":{\"@id\":\"https:\/\/nordnesrepublikken.no\/#organization\"},\"image\":{\"@id\":\"https:\/\/nordnesrepublikken.no\/index.php\/2026\/04\/26\/ja-til-brannvesenet-nei-til-politikere-istat-data\/#primaryimage\"},\"thumbnailUrl\":\"https:\/\/nordnesrepublikken.no\/wp-content\/uploads\/2026\/04\/1777186492_ja-til-Brannvesenet-nei-til-politikere-Istat-data.jpg\",\"keywords\":[\"brannvesenet\",\"Istatdata\",\"Nei\",\"politikere\",\"til\"],\"articleSection\":[\"Samfunn\"],\"inLanguage\":\"nb-NO\"},{\"@type\":\"WebPage\",\"@id\":\"https:\/\/nordnesrepublikken.no\/index.php\/2026\/04\/26\/ja-til-brannvesenet-nei-til-politikere-istat-data\/\",\"url\":\"https:\/\/nordnesrepublikken.no\/index.php\/2026\/04\/26\/ja-til-brannvesenet-nei-til-politikere-istat-data\/\",\"name\":\"ja til Brannvesenet, nei til politikere, Istat-data - Nordnesrepublikken\",\"isPartOf\":{\"@id\":\"https:\/\/nordnesrepublikken.no\/#website\"},\"primaryImageOfPage\":{\"@id\":\"https:\/\/nordnesrepublikken.no\/index.php\/2026\/04\/26\/ja-til-brannvesenet-nei-til-politikere-istat-data\/#primaryimage\"},\"image\":{\"@id\":\"https:\/\/nordnesrepublikken.no\/index.php\/2026\/04\/26\/ja-til-brannvesenet-nei-til-politikere-istat-data\/#primaryimage\"},\"thumbnailUrl\":\"https:\/\/nordnesrepublikken.no\/wp-content\/uploads\/2026\/04\/1777186492_ja-til-Brannvesenet-nei-til-politikere-Istat-data.jpg\",\"datePublished\":\"2026-04-26T06:54:51+00:00\",\"dateModified\":\"2026-04-26T06:54:54+00:00\",\"breadcrumb\":{\"@id\":\"https:\/\/nordnesrepublikken.no\/index.php\/2026\/04\/26\/ja-til-brannvesenet-nei-til-politikere-istat-data\/#breadcrumb\"},\"inLanguage\":\"nb-NO\",\"potentialAction\":[{\"@type\":\"ReadAction\",\"target\":[\"https:\/\/nordnesrepublikken.no\/index.php\/2026\/04\/26\/ja-til-brannvesenet-nei-til-politikere-istat-data\/\"]}]},{\"@type\":\"ImageObject\",\"inLanguage\":\"nb-NO\",\"@id\":\"https:\/\/nordnesrepublikken.no\/index.php\/2026\/04\/26\/ja-til-brannvesenet-nei-til-politikere-istat-data\/#primaryimage\",\"url\":\"https:\/\/nordnesrepublikken.no\/wp-content\/uploads\/2026\/04\/1777186492_ja-til-Brannvesenet-nei-til-politikere-Istat-data.jpg\",\"contentUrl\":\"https:\/\/nordnesrepublikken.no\/wp-content\/uploads\/2026\/04\/1777186492_ja-til-Brannvesenet-nei-til-politikere-Istat-data.jpg\",\"width\":2121,\"height\":1414,\"caption\":\"ja til Brannvesenet, nei til politikere, Istat-data\"},{\"@type\":\"BreadcrumbList\",\"@id\":\"https:\/\/nordnesrepublikken.no\/index.php\/2026\/04\/26\/ja-til-brannvesenet-nei-til-politikere-istat-data\/#breadcrumb\",\"itemListElement\":[{\"@type\":\"ListItem\",\"position\":1,\"name\":\"Home\",\"item\":\"https:\/\/nordnesrepublikken.no\/\"},{\"@type\":\"ListItem\",\"position\":2,\"name\":\"ja til Brannvesenet, nei til politikere, Istat-data\"}]},{\"@type\":\"WebSite\",\"@id\":\"https:\/\/nordnesrepublikken.no\/#website\",\"url\":\"https:\/\/nordnesrepublikken.no\/\",\"name\":\"Nordnesrepublikken\",\"description\":\"Stemmer og Visjoner fra Republikkens Hjerte\",\"publisher\":{\"@id\":\"https:\/\/nordnesrepublikken.no\/#organization\"},\"potentialAction\":[{\"@type\":\"SearchAction\",\"target\":{\"@type\":\"EntryPoint\",\"urlTemplate\":\"https:\/\/nordnesrepublikken.no\/?s={search_term_string}\"},\"query-input\":{\"@type\":\"PropertyValueSpecification\",\"valueRequired\":true,\"valueName\":\"search_term_string\"}}],\"inLanguage\":\"nb-NO\"},{\"@type\":\"Organization\",\"@id\":\"https:\/\/nordnesrepublikken.no\/#organization\",\"name\":\"Nordnesrepublikken\",\"url\":\"https:\/\/nordnesrepublikken.no\/\",\"logo\":{\"@type\":\"ImageObject\",\"inLanguage\":\"nb-NO\",\"@id\":\"https:\/\/nordnesrepublikken.no\/#\/schema\/logo\/image\/\",\"url\":\"https:\/\/nordnesrepublikken.no\/wp-content\/uploads\/2025\/02\/cropped-nordnesrepublikken-2.png\",\"contentUrl\":\"https:\/\/nordnesrepublikken.no\/wp-content\/uploads\/2025\/02\/cropped-nordnesrepublikken-2.png\",\"width\":1248,\"height\":362,\"caption\":\"Nordnesrepublikken\"},\"image\":{\"@id\":\"https:\/\/nordnesrepublikken.no\/#\/schema\/logo\/image\/\"}},{\"@type\":\"Person\",\"@id\":\"https:\/\/nordnesrepublikken.no\/#\/schema\/person\/2e7e81935bab77882fffb79296240ff1\",\"name\":\"Ole Andersen\",\"image\":{\"@type\":\"ImageObject\",\"inLanguage\":\"nb-NO\",\"@id\":\"https:\/\/nordnesrepublikken.no\/#\/schema\/person\/image\/\",\"url\":\"https:\/\/nordnesrepublikken.no\/wp-content\/uploads\/2025\/02\/nordnesrepublikken-2-2-150x150.jpg\",\"contentUrl\":\"https:\/\/nordnesrepublikken.no\/wp-content\/uploads\/2025\/02\/nordnesrepublikken-2-2-150x150.jpg\",\"caption\":\"Ole Andersen\"},\"description\":\"Ettersom jeg vokste opp i Oslo, har jeg alltid v\u00e6rt fascinert av ordenes kraft og deres evne til \u00e5 skape endringer. Etter \u00e5 ha fullf\u00f8rt min utdannelse i kommunikasjon ved Universitetet i Bergen, fikk jeg muligheten til \u00e5 jobbe innen ulike medier, der jeg har s\u00f8kt \u00e5 belyse viktige samfunnssp\u00f8rsm\u00e5l. I dag, som redakt\u00f8r for Nordnesrepublikken, pr\u00f8ver jeg \u00e5 forene min kj\u00e6rlighet for journalistikk med min lidenskap for innovasjon og eventyr.\",\"sameAs\":[\"https:\/\/nordnesrepublikken.no\/\"]}]}<\/script>\n<!-- \/ Yoast SEO plugin. -->","yoast_head_json":{"title":"ja til Brannvesenet, nei til politikere, Istat-data - Nordnesrepublikken","robots":{"index":"index","follow":"follow","max-snippet":"max-snippet:-1","max-image-preview":"max-image-preview:large","max-video-preview":"max-video-preview:-1"},"canonical":"https:\/\/nordnesrepublikken.no\/index.php\/2026\/04\/26\/ja-til-brannvesenet-nei-til-politikere-istat-data\/","og_locale":"nb_NO","og_type":"article","og_title":"ja til Brannvesenet, nei til politikere, Istat-data - Nordnesrepublikken","og_description":"Istat-data forteller oss at institusjoner vi stoler mest p\u00e5 jeg er den Brannvesenden Rettsh\u00e5ndhevelse og","og_url":"https:\/\/nordnesrepublikken.no\/index.php\/2026\/04\/26\/ja-til-brannvesenet-nei-til-politikere-istat-data\/","og_site_name":"Nordnesrepublikken","article_published_time":"2026-04-26T06:54:51+00:00","article_modified_time":"2026-04-26T06:54:54+00:00","og_image":[{"width":2121,"height":1414,"url":"https:\/\/nordnesrepublikken.no\/wp-content\/uploads\/2026\/04\/1777186492_ja-til-Brannvesenet-nei-til-politikere-Istat-data.jpg","type":"image\/jpeg"}],"author":"Ole Andersen","twitter_card":"summary_large_image","twitter_misc":{"Skrevet av":"Ole Andersen","Ansl. lesetid":"4 minutter"},"schema":{"@context":"https:\/\/schema.org","@graph":[{"@type":"Article","@id":"https:\/\/nordnesrepublikken.no\/index.php\/2026\/04\/26\/ja-til-brannvesenet-nei-til-politikere-istat-data\/#article","isPartOf":{"@id":"https:\/\/nordnesrepublikken.no\/index.php\/2026\/04\/26\/ja-til-brannvesenet-nei-til-politikere-istat-data\/"},"author":{"name":"Ole Andersen","@id":"https:\/\/nordnesrepublikken.no\/#\/schema\/person\/2e7e81935bab77882fffb79296240ff1"},"headline":"ja til Brannvesenet, nei til politikere, Istat-data","datePublished":"2026-04-26T06:54:51+00:00","dateModified":"2026-04-26T06:54:54+00:00","mainEntityOfPage":{"@id":"https:\/\/nordnesrepublikken.no\/index.php\/2026\/04\/26\/ja-til-brannvesenet-nei-til-politikere-istat-data\/"},"wordCount":713,"publisher":{"@id":"https:\/\/nordnesrepublikken.no\/#organization"},"image":{"@id":"https:\/\/nordnesrepublikken.no\/index.php\/2026\/04\/26\/ja-til-brannvesenet-nei-til-politikere-istat-data\/#primaryimage"},"thumbnailUrl":"https:\/\/nordnesrepublikken.no\/wp-content\/uploads\/2026\/04\/1777186492_ja-til-Brannvesenet-nei-til-politikere-Istat-data.jpg","keywords":["brannvesenet","Istatdata","Nei","politikere","til"],"articleSection":["Samfunn"],"inLanguage":"nb-NO"},{"@type":"WebPage","@id":"https:\/\/nordnesrepublikken.no\/index.php\/2026\/04\/26\/ja-til-brannvesenet-nei-til-politikere-istat-data\/","url":"https:\/\/nordnesrepublikken.no\/index.php\/2026\/04\/26\/ja-til-brannvesenet-nei-til-politikere-istat-data\/","name":"ja til Brannvesenet, nei til politikere, Istat-data - Nordnesrepublikken","isPartOf":{"@id":"https:\/\/nordnesrepublikken.no\/#website"},"primaryImageOfPage":{"@id":"https:\/\/nordnesrepublikken.no\/index.php\/2026\/04\/26\/ja-til-brannvesenet-nei-til-politikere-istat-data\/#primaryimage"},"image":{"@id":"https:\/\/nordnesrepublikken.no\/index.php\/2026\/04\/26\/ja-til-brannvesenet-nei-til-politikere-istat-data\/#primaryimage"},"thumbnailUrl":"https:\/\/nordnesrepublikken.no\/wp-content\/uploads\/2026\/04\/1777186492_ja-til-Brannvesenet-nei-til-politikere-Istat-data.jpg","datePublished":"2026-04-26T06:54:51+00:00","dateModified":"2026-04-26T06:54:54+00:00","breadcrumb":{"@id":"https:\/\/nordnesrepublikken.no\/index.php\/2026\/04\/26\/ja-til-brannvesenet-nei-til-politikere-istat-data\/#breadcrumb"},"inLanguage":"nb-NO","potentialAction":[{"@type":"ReadAction","target":["https:\/\/nordnesrepublikken.no\/index.php\/2026\/04\/26\/ja-til-brannvesenet-nei-til-politikere-istat-data\/"]}]},{"@type":"ImageObject","inLanguage":"nb-NO","@id":"https:\/\/nordnesrepublikken.no\/index.php\/2026\/04\/26\/ja-til-brannvesenet-nei-til-politikere-istat-data\/#primaryimage","url":"https:\/\/nordnesrepublikken.no\/wp-content\/uploads\/2026\/04\/1777186492_ja-til-Brannvesenet-nei-til-politikere-Istat-data.jpg","contentUrl":"https:\/\/nordnesrepublikken.no\/wp-content\/uploads\/2026\/04\/1777186492_ja-til-Brannvesenet-nei-til-politikere-Istat-data.jpg","width":2121,"height":1414,"caption":"ja til Brannvesenet, nei til politikere, Istat-data"},{"@type":"BreadcrumbList","@id":"https:\/\/nordnesrepublikken.no\/index.php\/2026\/04\/26\/ja-til-brannvesenet-nei-til-politikere-istat-data\/#breadcrumb","itemListElement":[{"@type":"ListItem","position":1,"name":"Home","item":"https:\/\/nordnesrepublikken.no\/"},{"@type":"ListItem","position":2,"name":"ja til Brannvesenet, nei til politikere, Istat-data"}]},{"@type":"WebSite","@id":"https:\/\/nordnesrepublikken.no\/#website","url":"https:\/\/nordnesrepublikken.no\/","name":"Nordnesrepublikken","description":"Stemmer og Visjoner fra Republikkens Hjerte","publisher":{"@id":"https:\/\/nordnesrepublikken.no\/#organization"},"potentialAction":[{"@type":"SearchAction","target":{"@type":"EntryPoint","urlTemplate":"https:\/\/nordnesrepublikken.no\/?s={search_term_string}"},"query-input":{"@type":"PropertyValueSpecification","valueRequired":true,"valueName":"search_term_string"}}],"inLanguage":"nb-NO"},{"@type":"Organization","@id":"https:\/\/nordnesrepublikken.no\/#organization","name":"Nordnesrepublikken","url":"https:\/\/nordnesrepublikken.no\/","logo":{"@type":"ImageObject","inLanguage":"nb-NO","@id":"https:\/\/nordnesrepublikken.no\/#\/schema\/logo\/image\/","url":"https:\/\/nordnesrepublikken.no\/wp-content\/uploads\/2025\/02\/cropped-nordnesrepublikken-2.png","contentUrl":"https:\/\/nordnesrepublikken.no\/wp-content\/uploads\/2025\/02\/cropped-nordnesrepublikken-2.png","width":1248,"height":362,"caption":"Nordnesrepublikken"},"image":{"@id":"https:\/\/nordnesrepublikken.no\/#\/schema\/logo\/image\/"}},{"@type":"Person","@id":"https:\/\/nordnesrepublikken.no\/#\/schema\/person\/2e7e81935bab77882fffb79296240ff1","name":"Ole Andersen","image":{"@type":"ImageObject","inLanguage":"nb-NO","@id":"https:\/\/nordnesrepublikken.no\/#\/schema\/person\/image\/","url":"https:\/\/nordnesrepublikken.no\/wp-content\/uploads\/2025\/02\/nordnesrepublikken-2-2-150x150.jpg","contentUrl":"https:\/\/nordnesrepublikken.no\/wp-content\/uploads\/2025\/02\/nordnesrepublikken-2-2-150x150.jpg","caption":"Ole Andersen"},"description":"Ettersom jeg vokste opp i Oslo, har jeg alltid v\u00e6rt fascinert av ordenes kraft og deres evne til \u00e5 skape endringer. Etter \u00e5 ha fullf\u00f8rt min utdannelse i kommunikasjon ved Universitetet i Bergen, fikk jeg muligheten til \u00e5 jobbe innen ulike medier, der jeg har s\u00f8kt \u00e5 belyse viktige samfunnssp\u00f8rsm\u00e5l. I dag, som redakt\u00f8r for Nordnesrepublikken, pr\u00f8ver jeg \u00e5 forene min kj\u00e6rlighet for journalistikk med min lidenskap for innovasjon og eventyr.","sameAs":["https:\/\/nordnesrepublikken.no\/"]}]}},"_links":{"self":[{"href":"https:\/\/nordnesrepublikken.no\/index.php\/wp-json\/wp\/v2\/posts\/17451","targetHints":{"allow":["GET"]}}],"collection":[{"href":"https:\/\/nordnesrepublikken.no\/index.php\/wp-json\/wp\/v2\/posts"}],"about":[{"href":"https:\/\/nordnesrepublikken.no\/index.php\/wp-json\/wp\/v2\/types\/post"}],"author":[{"embeddable":true,"href":"https:\/\/nordnesrepublikken.no\/index.php\/wp-json\/wp\/v2\/users\/1"}],"replies":[{"embeddable":true,"href":"https:\/\/nordnesrepublikken.no\/index.php\/wp-json\/wp\/v2\/comments?post=17451"}],"version-history":[{"count":1,"href":"https:\/\/nordnesrepublikken.no\/index.php\/wp-json\/wp\/v2\/posts\/17451\/revisions"}],"predecessor-version":[{"id":17453,"href":"https:\/\/nordnesrepublikken.no\/index.php\/wp-json\/wp\/v2\/posts\/17451\/revisions\/17453"}],"wp:featuredmedia":[{"embeddable":true,"href":"https:\/\/nordnesrepublikken.no\/index.php\/wp-json\/wp\/v2\/media\/17452"}],"wp:attachment":[{"href":"https:\/\/nordnesrepublikken.no\/index.php\/wp-json\/wp\/v2\/media?parent=17451"}],"wp:term":[{"taxonomy":"category","embeddable":true,"href":"https:\/\/nordnesrepublikken.no\/index.php\/wp-json\/wp\/v2\/categories?post=17451"},{"taxonomy":"post_tag","embeddable":true,"href":"https:\/\/nordnesrepublikken.no\/index.php\/wp-json\/wp\/v2\/tags?post=17451"}],"curies":[{"name":"wp","href":"https:\/\/api.w.org\/{rel}","templated":true}]}}