{"id":17448,"date":"2026-04-26T07:06:06","date_gmt":"2026-04-26T05:06:06","guid":{"rendered":"https:\/\/nordnesrepublikken.no\/index.php\/2026\/04\/26\/hva-den-inneholdt-og-hva-konsekvensene-var\/"},"modified":"2026-04-26T07:06:10","modified_gmt":"2026-04-26T05:06:10","slug":"hva-den-inneholdt-og-hva-konsekvensene-var","status":"publish","type":"post","link":"https:\/\/nordnesrepublikken.no\/index.php\/2026\/04\/26\/hva-den-inneholdt-og-hva-konsekvensene-var\/","title":{"rendered":"hva den inneholdt og hva konsekvensene var"},"content":{"rendered":"<div>\n<div class=\"cp_wrapper cp_wrapper--fw mb-30 mb-20@tablet\">\n<figure class=\"mm\"><picture class=\"img\" style=\"padding-top:56.25%\"><source  media=\"(min-width: 1024px)\"><source  media=\"(min-width: 768px)\"><\/source><\/source><\/picture><\/figure>\n<\/p><\/div>\n<p>DE&#8217;<strong>8. og 9. november 1987<\/strong> Italienske borgere ble kalt til valgurnene for \u00e5 si sin mening om fem sp\u00f8rsm\u00e5l om opphevelse av folkeavstemningen, hvorav tre gjaldt spesifikke lovdekreter som regulerte<strong> kjernefysisk sektor<\/strong> i Italia. Valgdeltakelsen var h\u00f8y, ogs\u00e5 p\u00e5 grunn av den nylige Tsjernobyl-katastrofen, med<strong> oppn\u00e5else<\/strong> <strong>av quorumet<\/strong> for alle sp\u00f8rsm\u00e5l, til tross for en betydelig forekomst av blanke eller nullstemmesedler, lik ca. 13 %. Italia holdt nok en folkeavstemning om atomkraft i 2011, noen m\u00e5neder etter Fukushina-ulykken.<\/p>\n<h2>De tre sp\u00f8rsm\u00e5lene om atomavstemning fra 1987<\/h2>\n<p>Folkeavstemningen <strong>det handlet ikke direkte om<\/strong> <strong>om avskaffelse av atomkraft i Italia<\/strong>men han fridde <strong>tre sp\u00f8rsm\u00e5l <\/strong>abrogativer som har som form\u00e5l i <strong>lovvedtak<\/strong> 18. desember 1973 n.856 og 10. januar 1983 n.8.<\/p>\n<ul>\n<li><strong>Sp\u00f8rsm\u00e5l 3<\/strong>: opphevelse av fakultetene til <strong>CIPE<\/strong> (Interdepartemental komit\u00e9 for \u00f8konomisk planlegging) ensidig vedtak om plassering av kjernekraftverk i mangel av avtale mellom ber\u00f8rte lokale myndigheter.<\/li>\n<li><strong>Sp\u00f8rsm\u00e5l 4<\/strong>: sletting av <strong>kompenserende bidrag<\/strong> til lokale myndigheter som er vertskap for atom- eller kullkraftverk.<\/li>\n<li><strong>Sp\u00f8rsm\u00e5l 5<\/strong>: utelukkelse av muligheten for<strong>ENEL<\/strong> (National Electrical Energy Agency) for \u00e5 fremme bygging av kjernekraftverk gjennom utenlandske selskaper\/organer eller ta aksjeposter rettet mot deres bygging\/forvaltning i utlandet.<\/li>\n<\/ul>\n<h2>Atomkraft i Italia p\u00e5 1980-tallet<\/h2>\n<p>P\u00e5 tidspunktet for folkeavstemningen var de til stede p\u00e5 italiensk territorium <strong>fire atomkraftverk<\/strong>:<\/p>\n<ul>\n<li><strong>Sentralt i Borgo Sabotino<\/strong>Latina: Magnox-reaktor fra <strong>210 MWe<\/strong>kommersielt aktiv siden 1964<\/li>\n<li><strong>Garigliano kraftstasjon<\/strong>Sessa Aurunca: kokende vannreaktor (BWR) fra <strong>160 MWe<\/strong>stoppet siden 1982<\/li>\n<li><strong>Sentral Enrico Fermi<\/strong>Trino Vercellese: trykkvannsreaktor (PWR) fra <strong>270 MWe<\/strong>i drift siden 1965<\/li>\n<li><strong>Caorso kraftstasjon<\/strong>Piacenza: andre generasjons BWR-reaktor fra <strong>860 MWe<\/strong>i kommersiell drift siden 1981<\/li>\n<\/ul>\n<div class=\"cp_wrapper cp_wrapper--fw mb-50\">\n<figure class=\"mm\"><picture class=\"img\" style=\"padding-top:66.426642664266%\"><source  media=\"(min-width: 1024px)\"><source  media=\"(min-width: 768px)\"><img decoding=\"async\" loading=\"lazy\" src=\"https:\/\/nordnesrepublikken.no\/wp-content\/uploads\/2026\/04\/1777179966_431_hva-den-inneholdt-og-hva-konsekvensene-var.jpg\" alt=\"atomkraftverk i landsbyen Sabotino\" width=\"1111\" height=\"738\"\/><\/source><\/source><\/picture><\/figure>\n<\/p><\/div>\n<p>Gjennom \u00e5rene<strong> Sytti<\/strong>for\u00e5rsaket energikrisen som f\u00f8lge av den arabisk-israelske konflikten <strong>en b\u00f8lge<\/strong> <strong>av prisene<\/strong> av import av petroleumsprodukter, noe som fikk den italienske regjeringen til \u00e5 utstede <strong>1975<\/strong> den f\u00f8rste <strong>Energiplan<\/strong> <strong>Nasjonal<\/strong> (PENN). Dette programmet hadde som m\u00e5l \u00e5 <strong>forbedre<\/strong> den elektronukle\u00e6re komponenten i energimiksen, s\u00f8rger for installasjon av <strong>\u00e5tte nye kjernefysiske enheter<\/strong> p\u00e5 fire dedikerte steder, samt opprettelse av prototyper for innovative reaktorkjeder.<\/p>\n<h2>Three Mile Island og Tsjernobyl-ulykkene<\/h2>\n<p><strong>To<\/strong> <strong>kritiske hendelser<\/strong> akselererte nedgangen til italiensk atomkraft. De <strong>28. mars 1979<\/strong> den delvise nedsmeltingen av reaktorkjernen skjedde ved Three Mile Island-kraftverket i Pennsylvania (USA): selv om det ikke var noen ofre eller skader, var det en begrenset spredning av radioaktivt materiale til milj\u00f8et. To m\u00e5neder senere samlet en demonstrasjon i Roma seg ca<strong> 20 tusen mennesker<\/strong>skremt om sikkerheten til kjernekraftverk. Videre p\u00e5virket den amerikanske hendelsen indirekte beslutningen om \u00e5 <strong>ikke start p\u00e5 nytt<\/strong> <strong>Garigliano kraftstasjon<\/strong> Og <strong>utsatt<\/strong> starten av den kommersielle driften for at av <strong>Caorso<\/strong>.<\/p>\n<p>Til tross for dette forble atomkomponenten et n\u00f8kkelelement i <strong>PEN fra 1985<\/strong>som etablerte byggingen av ytterligere nye kjernefysiske enheter med en installert kapasitet p\u00e5 12 GW innen 2000. <strong>26. april 1986<\/strong>Tsjernobyl-katastrofen, med eksplosjonen av reaktorkjernen og den betydelige spredningen av h\u00f8yradioaktivt materiale i atmosf\u00e6ren, p\u00e5virket den italienske opinionen dypt, og gjenopplivet debatten om anleggssikkerhet. De p\u00e5f\u00f8lgende protestene akselererte<strong> trendvendingen<\/strong> i nasjonal energipolitikk og utvidelse av <strong>antinukle\u00e6r front<\/strong>.<\/p>\n<p>Folkeavstemningskampanjen var preget av en<strong> barsk<\/strong> <strong>offentlig diskusjon<\/strong>. Milj\u00f8vernbevegelser og venstreorienterte partier fremmet opphevelsen &laquo;JA&raquo;, og kvalifiserte folkeavstemningen som et verkt\u00f8y for \u00e5 stoppe utviklingen av kjernekraft i Italia, for \u00e5 fremme alternative energikilder. Omvendt fortsatte politiske og industrielle sektorer \u00e5 fremheve den relevante rollen til atomkomponenten for elektrisitetsproduksjon.<\/p>\n<h2>Resultater og p\u00e5f\u00f8lgende implikasjoner<\/h2>\n<p>Om <strong>29.9<\/strong> <strong>millioner av italienske borgere<\/strong> de m\u00f8tte opp p\u00e5 stemmeurnene, lik <strong>65,1 %<\/strong> av de stemmeberettigede. Alle tre sp\u00f8rsm\u00e5lene om atomkraft passerte beslutningsdyktigheten med<strong> netto utbredelse<\/strong> <strong>av &laquo;JA&raquo;<\/strong> <strong>abrogativ<\/strong>: <strong>80,57 %<\/strong> (sp\u00f8rsm\u00e5l 3), <strong>79,71 %<\/strong> (sp\u00f8rsm\u00e5l 4) e <strong>71,86 %<\/strong> (sp\u00f8rsm\u00e5l 5). Resultatene var ett <strong>klart uttrykk<\/strong> av den folkelige viljen til \u00e5 avbryte enhver utvikling av det nasjonale atomprogrammet. Derfor ble det som en naturlig konsekvens arrangert<strong> definitivt stopp<\/strong> til den kommersielle driften av alle kjernekraftverkene p\u00e5 italiensk territorium, og arbeidet som opprinnelig var planlagt for Montalto di Castro-anlegget ble reorientert for byggingen av Alessandro Volta-flerdrivstoffenheten. I <strong>1999<\/strong>kj\u00f8pte SOGIN (Nuclear Plant Management Company) de fire tidligere kraftverkene for \u00e5 h\u00e5ndtere demonteringen, og markerte <strong>irreversibel slutt p\u00e5 kjernekraftproduksjon<\/strong> i Italia.<\/p>\n<\/p><\/div>\n","protected":false},"excerpt":{"rendered":"<p>DE&#8217;8. og 9. november 1987 Italienske borgere ble kalt til valgurnene for \u00e5 si sin<\/p>\n","protected":false},"author":1,"featured_media":17449,"comment_status":"closed","ping_status":"open","sticky":false,"template":"","format":"standard","meta":{"footnotes":""},"categories":[26],"tags":[74,144,10264,203,100],"class_list":["post-17448","post","type-post","status-publish","format-standard","has-post-thumbnail","hentry","category-miljo","tag-den","tag-hva","tag-inneholdt","tag-konsekvensene","tag-var","generate-columns","tablet-grid-50","mobile-grid-100","grid-parent","grid-33","resize-featured-image"],"yoast_head":"<!-- This site is optimized with the Yoast SEO plugin v24.4 - https:\/\/yoast.com\/wordpress\/plugins\/seo\/ -->\n<title>hva den inneholdt og hva konsekvensene var - Nordnesrepublikken<\/title>\n<meta name=\"robots\" content=\"index, follow, max-snippet:-1, max-image-preview:large, max-video-preview:-1\" \/>\n<link rel=\"canonical\" href=\"https:\/\/nordnesrepublikken.no\/index.php\/2026\/04\/26\/hva-den-inneholdt-og-hva-konsekvensene-var\/\" \/>\n<meta property=\"og:locale\" content=\"nb_NO\" \/>\n<meta property=\"og:type\" content=\"article\" \/>\n<meta property=\"og:title\" content=\"hva den inneholdt og hva konsekvensene var - Nordnesrepublikken\" \/>\n<meta property=\"og:description\" content=\"DE&#8217;8. og 9. november 1987 Italienske borgere ble kalt til valgurnene for \u00e5 si sin\" \/>\n<meta property=\"og:url\" content=\"https:\/\/nordnesrepublikken.no\/index.php\/2026\/04\/26\/hva-den-inneholdt-og-hva-konsekvensene-var\/\" \/>\n<meta property=\"og:site_name\" content=\"Nordnesrepublikken\" \/>\n<meta property=\"article:published_time\" content=\"2026-04-26T05:06:06+00:00\" \/>\n<meta property=\"article:modified_time\" content=\"2026-04-26T05:06:10+00:00\" \/>\n<meta property=\"og:image\" content=\"https:\/\/nordnesrepublikken.no\/wp-content\/uploads\/2026\/04\/1777179968_hva-den-inneholdt-og-hva-konsekvensene-var.jpg\" \/>\n\t<meta property=\"og:image:width\" content=\"2549\" \/>\n\t<meta property=\"og:image:height\" content=\"1491\" \/>\n\t<meta property=\"og:image:type\" content=\"image\/jpeg\" \/>\n<meta name=\"author\" content=\"Ole Andersen\" \/>\n<meta name=\"twitter:card\" content=\"summary_large_image\" \/>\n<meta name=\"twitter:label1\" content=\"Skrevet av\" \/>\n\t<meta name=\"twitter:data1\" content=\"Ole Andersen\" \/>\n\t<meta name=\"twitter:label2\" content=\"Ansl. lesetid\" \/>\n\t<meta name=\"twitter:data2\" content=\"3 minutter\" \/>\n<script type=\"application\/ld+json\" class=\"yoast-schema-graph\">{\"@context\":\"https:\/\/schema.org\",\"@graph\":[{\"@type\":\"Article\",\"@id\":\"https:\/\/nordnesrepublikken.no\/index.php\/2026\/04\/26\/hva-den-inneholdt-og-hva-konsekvensene-var\/#article\",\"isPartOf\":{\"@id\":\"https:\/\/nordnesrepublikken.no\/index.php\/2026\/04\/26\/hva-den-inneholdt-og-hva-konsekvensene-var\/\"},\"author\":{\"name\":\"Ole Andersen\",\"@id\":\"https:\/\/nordnesrepublikken.no\/#\/schema\/person\/2e7e81935bab77882fffb79296240ff1\"},\"headline\":\"hva den inneholdt og hva konsekvensene var\",\"datePublished\":\"2026-04-26T05:06:06+00:00\",\"dateModified\":\"2026-04-26T05:06:10+00:00\",\"mainEntityOfPage\":{\"@id\":\"https:\/\/nordnesrepublikken.no\/index.php\/2026\/04\/26\/hva-den-inneholdt-og-hva-konsekvensene-var\/\"},\"wordCount\":658,\"publisher\":{\"@id\":\"https:\/\/nordnesrepublikken.no\/#organization\"},\"image\":{\"@id\":\"https:\/\/nordnesrepublikken.no\/index.php\/2026\/04\/26\/hva-den-inneholdt-og-hva-konsekvensene-var\/#primaryimage\"},\"thumbnailUrl\":\"https:\/\/nordnesrepublikken.no\/wp-content\/uploads\/2026\/04\/1777179968_hva-den-inneholdt-og-hva-konsekvensene-var.jpg\",\"keywords\":[\"den\",\"Hva\",\"inneholdt\",\"konsekvensene\",\"var\"],\"articleSection\":[\"Milj\u00f8\"],\"inLanguage\":\"nb-NO\"},{\"@type\":\"WebPage\",\"@id\":\"https:\/\/nordnesrepublikken.no\/index.php\/2026\/04\/26\/hva-den-inneholdt-og-hva-konsekvensene-var\/\",\"url\":\"https:\/\/nordnesrepublikken.no\/index.php\/2026\/04\/26\/hva-den-inneholdt-og-hva-konsekvensene-var\/\",\"name\":\"hva den inneholdt og hva konsekvensene var - Nordnesrepublikken\",\"isPartOf\":{\"@id\":\"https:\/\/nordnesrepublikken.no\/#website\"},\"primaryImageOfPage\":{\"@id\":\"https:\/\/nordnesrepublikken.no\/index.php\/2026\/04\/26\/hva-den-inneholdt-og-hva-konsekvensene-var\/#primaryimage\"},\"image\":{\"@id\":\"https:\/\/nordnesrepublikken.no\/index.php\/2026\/04\/26\/hva-den-inneholdt-og-hva-konsekvensene-var\/#primaryimage\"},\"thumbnailUrl\":\"https:\/\/nordnesrepublikken.no\/wp-content\/uploads\/2026\/04\/1777179968_hva-den-inneholdt-og-hva-konsekvensene-var.jpg\",\"datePublished\":\"2026-04-26T05:06:06+00:00\",\"dateModified\":\"2026-04-26T05:06:10+00:00\",\"breadcrumb\":{\"@id\":\"https:\/\/nordnesrepublikken.no\/index.php\/2026\/04\/26\/hva-den-inneholdt-og-hva-konsekvensene-var\/#breadcrumb\"},\"inLanguage\":\"nb-NO\",\"potentialAction\":[{\"@type\":\"ReadAction\",\"target\":[\"https:\/\/nordnesrepublikken.no\/index.php\/2026\/04\/26\/hva-den-inneholdt-og-hva-konsekvensene-var\/\"]}]},{\"@type\":\"ImageObject\",\"inLanguage\":\"nb-NO\",\"@id\":\"https:\/\/nordnesrepublikken.no\/index.php\/2026\/04\/26\/hva-den-inneholdt-og-hva-konsekvensene-var\/#primaryimage\",\"url\":\"https:\/\/nordnesrepublikken.no\/wp-content\/uploads\/2026\/04\/1777179968_hva-den-inneholdt-og-hva-konsekvensene-var.jpg\",\"contentUrl\":\"https:\/\/nordnesrepublikken.no\/wp-content\/uploads\/2026\/04\/1777179968_hva-den-inneholdt-og-hva-konsekvensene-var.jpg\",\"width\":2549,\"height\":1491,\"caption\":\"hva den inneholdt og hva konsekvensene var\"},{\"@type\":\"BreadcrumbList\",\"@id\":\"https:\/\/nordnesrepublikken.no\/index.php\/2026\/04\/26\/hva-den-inneholdt-og-hva-konsekvensene-var\/#breadcrumb\",\"itemListElement\":[{\"@type\":\"ListItem\",\"position\":1,\"name\":\"Home\",\"item\":\"https:\/\/nordnesrepublikken.no\/\"},{\"@type\":\"ListItem\",\"position\":2,\"name\":\"hva den inneholdt og hva konsekvensene var\"}]},{\"@type\":\"WebSite\",\"@id\":\"https:\/\/nordnesrepublikken.no\/#website\",\"url\":\"https:\/\/nordnesrepublikken.no\/\",\"name\":\"Nordnesrepublikken\",\"description\":\"Stemmer og Visjoner fra Republikkens Hjerte\",\"publisher\":{\"@id\":\"https:\/\/nordnesrepublikken.no\/#organization\"},\"potentialAction\":[{\"@type\":\"SearchAction\",\"target\":{\"@type\":\"EntryPoint\",\"urlTemplate\":\"https:\/\/nordnesrepublikken.no\/?s={search_term_string}\"},\"query-input\":{\"@type\":\"PropertyValueSpecification\",\"valueRequired\":true,\"valueName\":\"search_term_string\"}}],\"inLanguage\":\"nb-NO\"},{\"@type\":\"Organization\",\"@id\":\"https:\/\/nordnesrepublikken.no\/#organization\",\"name\":\"Nordnesrepublikken\",\"url\":\"https:\/\/nordnesrepublikken.no\/\",\"logo\":{\"@type\":\"ImageObject\",\"inLanguage\":\"nb-NO\",\"@id\":\"https:\/\/nordnesrepublikken.no\/#\/schema\/logo\/image\/\",\"url\":\"https:\/\/nordnesrepublikken.no\/wp-content\/uploads\/2025\/02\/cropped-nordnesrepublikken-2.png\",\"contentUrl\":\"https:\/\/nordnesrepublikken.no\/wp-content\/uploads\/2025\/02\/cropped-nordnesrepublikken-2.png\",\"width\":1248,\"height\":362,\"caption\":\"Nordnesrepublikken\"},\"image\":{\"@id\":\"https:\/\/nordnesrepublikken.no\/#\/schema\/logo\/image\/\"}},{\"@type\":\"Person\",\"@id\":\"https:\/\/nordnesrepublikken.no\/#\/schema\/person\/2e7e81935bab77882fffb79296240ff1\",\"name\":\"Ole Andersen\",\"image\":{\"@type\":\"ImageObject\",\"inLanguage\":\"nb-NO\",\"@id\":\"https:\/\/nordnesrepublikken.no\/#\/schema\/person\/image\/\",\"url\":\"https:\/\/nordnesrepublikken.no\/wp-content\/uploads\/2025\/02\/nordnesrepublikken-2-2-150x150.jpg\",\"contentUrl\":\"https:\/\/nordnesrepublikken.no\/wp-content\/uploads\/2025\/02\/nordnesrepublikken-2-2-150x150.jpg\",\"caption\":\"Ole Andersen\"},\"description\":\"Ettersom jeg vokste opp i Oslo, har jeg alltid v\u00e6rt fascinert av ordenes kraft og deres evne til \u00e5 skape endringer. Etter \u00e5 ha fullf\u00f8rt min utdannelse i kommunikasjon ved Universitetet i Bergen, fikk jeg muligheten til \u00e5 jobbe innen ulike medier, der jeg har s\u00f8kt \u00e5 belyse viktige samfunnssp\u00f8rsm\u00e5l. I dag, som redakt\u00f8r for Nordnesrepublikken, pr\u00f8ver jeg \u00e5 forene min kj\u00e6rlighet for journalistikk med min lidenskap for innovasjon og eventyr.\",\"sameAs\":[\"https:\/\/nordnesrepublikken.no\/\"]}]}<\/script>\n<!-- \/ Yoast SEO plugin. -->","yoast_head_json":{"title":"hva den inneholdt og hva konsekvensene var - Nordnesrepublikken","robots":{"index":"index","follow":"follow","max-snippet":"max-snippet:-1","max-image-preview":"max-image-preview:large","max-video-preview":"max-video-preview:-1"},"canonical":"https:\/\/nordnesrepublikken.no\/index.php\/2026\/04\/26\/hva-den-inneholdt-og-hva-konsekvensene-var\/","og_locale":"nb_NO","og_type":"article","og_title":"hva den inneholdt og hva konsekvensene var - Nordnesrepublikken","og_description":"DE&#8217;8. og 9. november 1987 Italienske borgere ble kalt til valgurnene for \u00e5 si sin","og_url":"https:\/\/nordnesrepublikken.no\/index.php\/2026\/04\/26\/hva-den-inneholdt-og-hva-konsekvensene-var\/","og_site_name":"Nordnesrepublikken","article_published_time":"2026-04-26T05:06:06+00:00","article_modified_time":"2026-04-26T05:06:10+00:00","og_image":[{"width":2549,"height":1491,"url":"https:\/\/nordnesrepublikken.no\/wp-content\/uploads\/2026\/04\/1777179968_hva-den-inneholdt-og-hva-konsekvensene-var.jpg","type":"image\/jpeg"}],"author":"Ole Andersen","twitter_card":"summary_large_image","twitter_misc":{"Skrevet av":"Ole Andersen","Ansl. lesetid":"3 minutter"},"schema":{"@context":"https:\/\/schema.org","@graph":[{"@type":"Article","@id":"https:\/\/nordnesrepublikken.no\/index.php\/2026\/04\/26\/hva-den-inneholdt-og-hva-konsekvensene-var\/#article","isPartOf":{"@id":"https:\/\/nordnesrepublikken.no\/index.php\/2026\/04\/26\/hva-den-inneholdt-og-hva-konsekvensene-var\/"},"author":{"name":"Ole Andersen","@id":"https:\/\/nordnesrepublikken.no\/#\/schema\/person\/2e7e81935bab77882fffb79296240ff1"},"headline":"hva den inneholdt og hva konsekvensene var","datePublished":"2026-04-26T05:06:06+00:00","dateModified":"2026-04-26T05:06:10+00:00","mainEntityOfPage":{"@id":"https:\/\/nordnesrepublikken.no\/index.php\/2026\/04\/26\/hva-den-inneholdt-og-hva-konsekvensene-var\/"},"wordCount":658,"publisher":{"@id":"https:\/\/nordnesrepublikken.no\/#organization"},"image":{"@id":"https:\/\/nordnesrepublikken.no\/index.php\/2026\/04\/26\/hva-den-inneholdt-og-hva-konsekvensene-var\/#primaryimage"},"thumbnailUrl":"https:\/\/nordnesrepublikken.no\/wp-content\/uploads\/2026\/04\/1777179968_hva-den-inneholdt-og-hva-konsekvensene-var.jpg","keywords":["den","Hva","inneholdt","konsekvensene","var"],"articleSection":["Milj\u00f8"],"inLanguage":"nb-NO"},{"@type":"WebPage","@id":"https:\/\/nordnesrepublikken.no\/index.php\/2026\/04\/26\/hva-den-inneholdt-og-hva-konsekvensene-var\/","url":"https:\/\/nordnesrepublikken.no\/index.php\/2026\/04\/26\/hva-den-inneholdt-og-hva-konsekvensene-var\/","name":"hva den inneholdt og hva konsekvensene var - Nordnesrepublikken","isPartOf":{"@id":"https:\/\/nordnesrepublikken.no\/#website"},"primaryImageOfPage":{"@id":"https:\/\/nordnesrepublikken.no\/index.php\/2026\/04\/26\/hva-den-inneholdt-og-hva-konsekvensene-var\/#primaryimage"},"image":{"@id":"https:\/\/nordnesrepublikken.no\/index.php\/2026\/04\/26\/hva-den-inneholdt-og-hva-konsekvensene-var\/#primaryimage"},"thumbnailUrl":"https:\/\/nordnesrepublikken.no\/wp-content\/uploads\/2026\/04\/1777179968_hva-den-inneholdt-og-hva-konsekvensene-var.jpg","datePublished":"2026-04-26T05:06:06+00:00","dateModified":"2026-04-26T05:06:10+00:00","breadcrumb":{"@id":"https:\/\/nordnesrepublikken.no\/index.php\/2026\/04\/26\/hva-den-inneholdt-og-hva-konsekvensene-var\/#breadcrumb"},"inLanguage":"nb-NO","potentialAction":[{"@type":"ReadAction","target":["https:\/\/nordnesrepublikken.no\/index.php\/2026\/04\/26\/hva-den-inneholdt-og-hva-konsekvensene-var\/"]}]},{"@type":"ImageObject","inLanguage":"nb-NO","@id":"https:\/\/nordnesrepublikken.no\/index.php\/2026\/04\/26\/hva-den-inneholdt-og-hva-konsekvensene-var\/#primaryimage","url":"https:\/\/nordnesrepublikken.no\/wp-content\/uploads\/2026\/04\/1777179968_hva-den-inneholdt-og-hva-konsekvensene-var.jpg","contentUrl":"https:\/\/nordnesrepublikken.no\/wp-content\/uploads\/2026\/04\/1777179968_hva-den-inneholdt-og-hva-konsekvensene-var.jpg","width":2549,"height":1491,"caption":"hva den inneholdt og hva konsekvensene var"},{"@type":"BreadcrumbList","@id":"https:\/\/nordnesrepublikken.no\/index.php\/2026\/04\/26\/hva-den-inneholdt-og-hva-konsekvensene-var\/#breadcrumb","itemListElement":[{"@type":"ListItem","position":1,"name":"Home","item":"https:\/\/nordnesrepublikken.no\/"},{"@type":"ListItem","position":2,"name":"hva den inneholdt og hva konsekvensene var"}]},{"@type":"WebSite","@id":"https:\/\/nordnesrepublikken.no\/#website","url":"https:\/\/nordnesrepublikken.no\/","name":"Nordnesrepublikken","description":"Stemmer og Visjoner fra Republikkens Hjerte","publisher":{"@id":"https:\/\/nordnesrepublikken.no\/#organization"},"potentialAction":[{"@type":"SearchAction","target":{"@type":"EntryPoint","urlTemplate":"https:\/\/nordnesrepublikken.no\/?s={search_term_string}"},"query-input":{"@type":"PropertyValueSpecification","valueRequired":true,"valueName":"search_term_string"}}],"inLanguage":"nb-NO"},{"@type":"Organization","@id":"https:\/\/nordnesrepublikken.no\/#organization","name":"Nordnesrepublikken","url":"https:\/\/nordnesrepublikken.no\/","logo":{"@type":"ImageObject","inLanguage":"nb-NO","@id":"https:\/\/nordnesrepublikken.no\/#\/schema\/logo\/image\/","url":"https:\/\/nordnesrepublikken.no\/wp-content\/uploads\/2025\/02\/cropped-nordnesrepublikken-2.png","contentUrl":"https:\/\/nordnesrepublikken.no\/wp-content\/uploads\/2025\/02\/cropped-nordnesrepublikken-2.png","width":1248,"height":362,"caption":"Nordnesrepublikken"},"image":{"@id":"https:\/\/nordnesrepublikken.no\/#\/schema\/logo\/image\/"}},{"@type":"Person","@id":"https:\/\/nordnesrepublikken.no\/#\/schema\/person\/2e7e81935bab77882fffb79296240ff1","name":"Ole Andersen","image":{"@type":"ImageObject","inLanguage":"nb-NO","@id":"https:\/\/nordnesrepublikken.no\/#\/schema\/person\/image\/","url":"https:\/\/nordnesrepublikken.no\/wp-content\/uploads\/2025\/02\/nordnesrepublikken-2-2-150x150.jpg","contentUrl":"https:\/\/nordnesrepublikken.no\/wp-content\/uploads\/2025\/02\/nordnesrepublikken-2-2-150x150.jpg","caption":"Ole Andersen"},"description":"Ettersom jeg vokste opp i Oslo, har jeg alltid v\u00e6rt fascinert av ordenes kraft og deres evne til \u00e5 skape endringer. Etter \u00e5 ha fullf\u00f8rt min utdannelse i kommunikasjon ved Universitetet i Bergen, fikk jeg muligheten til \u00e5 jobbe innen ulike medier, der jeg har s\u00f8kt \u00e5 belyse viktige samfunnssp\u00f8rsm\u00e5l. I dag, som redakt\u00f8r for Nordnesrepublikken, pr\u00f8ver jeg \u00e5 forene min kj\u00e6rlighet for journalistikk med min lidenskap for innovasjon og eventyr.","sameAs":["https:\/\/nordnesrepublikken.no\/"]}]}},"_links":{"self":[{"href":"https:\/\/nordnesrepublikken.no\/index.php\/wp-json\/wp\/v2\/posts\/17448","targetHints":{"allow":["GET"]}}],"collection":[{"href":"https:\/\/nordnesrepublikken.no\/index.php\/wp-json\/wp\/v2\/posts"}],"about":[{"href":"https:\/\/nordnesrepublikken.no\/index.php\/wp-json\/wp\/v2\/types\/post"}],"author":[{"embeddable":true,"href":"https:\/\/nordnesrepublikken.no\/index.php\/wp-json\/wp\/v2\/users\/1"}],"replies":[{"embeddable":true,"href":"https:\/\/nordnesrepublikken.no\/index.php\/wp-json\/wp\/v2\/comments?post=17448"}],"version-history":[{"count":1,"href":"https:\/\/nordnesrepublikken.no\/index.php\/wp-json\/wp\/v2\/posts\/17448\/revisions"}],"predecessor-version":[{"id":17450,"href":"https:\/\/nordnesrepublikken.no\/index.php\/wp-json\/wp\/v2\/posts\/17448\/revisions\/17450"}],"wp:featuredmedia":[{"embeddable":true,"href":"https:\/\/nordnesrepublikken.no\/index.php\/wp-json\/wp\/v2\/media\/17449"}],"wp:attachment":[{"href":"https:\/\/nordnesrepublikken.no\/index.php\/wp-json\/wp\/v2\/media?parent=17448"}],"wp:term":[{"taxonomy":"category","embeddable":true,"href":"https:\/\/nordnesrepublikken.no\/index.php\/wp-json\/wp\/v2\/categories?post=17448"},{"taxonomy":"post_tag","embeddable":true,"href":"https:\/\/nordnesrepublikken.no\/index.php\/wp-json\/wp\/v2\/tags?post=17448"}],"curies":[{"name":"wp","href":"https:\/\/api.w.org\/{rel}","templated":true}]}}