{"id":17445,"date":"2026-04-26T06:52:25","date_gmt":"2026-04-26T04:52:25","guid":{"rendered":"https:\/\/nordnesrepublikken.no\/index.php\/2026\/04\/26\/hvis-alle-pa-en-fest-deler-en-venn-med-andre-er-man-alles-venn-vennskapsteoremet\/"},"modified":"2026-04-26T06:52:28","modified_gmt":"2026-04-26T04:52:28","slug":"hvis-alle-pa-en-fest-deler-en-venn-med-andre-er-man-alles-venn-vennskapsteoremet","status":"publish","type":"post","link":"https:\/\/nordnesrepublikken.no\/index.php\/2026\/04\/26\/hvis-alle-pa-en-fest-deler-en-venn-med-andre-er-man-alles-venn-vennskapsteoremet\/","title":{"rendered":"Hvis alle p\u00e5 en fest deler en venn med andre, er man alles venn: vennskapsteoremet"},"content":{"rendered":"<div>\n<div class=\"cp_wrapper cp_wrapper--fw mb-30 mb-20@tablet\">\n<figure class=\"mm\"><picture class=\"img\" style=\"padding-top:56.25%\"><source  media=\"(min-width: 1024px)\"><source  media=\"(min-width: 768px)\"><\/source><\/source><\/picture><\/figure>\n<\/p><\/div>\n<p>Vi er p\u00e5 fest og innser at hver gjest har n\u00f8yaktig en <strong>felles venn<\/strong> med annenhver deltaker, s\u00e5 lurer vi p\u00e5 om det er noen som kjenner alle gjestene. Svaret er ja, det <b>Vennskapsteorem <\/b>\u2013 ikke \u00e5 forveksle med vennskapsparadokset \u2013 et teorem om grafteori som f\u00f8rst ble bevist i 1966 av tre ungarske matematikere Paul Erd\u0151s, Alfr\u00e9d R\u00e9nyi og Vera T. S\u00f3s. La oss se hvordan teoremet fungerer n\u00e5r det gjelder et parti og hva dette har med vindm\u00f8ller \u00e5 gj\u00f8re.<\/p>\n<p>Situasjonen er denne, vi befinner oss p\u00e5 en fest der en bestemt situasjon oppst\u00e5r:<\/p>\n<blockquote>\n<p>hver gjest har n\u00f8yaktig \u00e9n venn til felles med alle andre gjester, verken mer eller mindre.<\/p>\n<\/blockquote>\n<p>Vennskapsteoremet forteller oss da det<\/p>\n<blockquote>\n<p>blant alle gjestene er det akkurat en som er en venn av alle gjestene.<\/p>\n<\/blockquote>\n<p>La oss se, med en <strong>eksempel,<\/strong> hvorfor dette skjer. Anta at de var de f\u00f8rste som ankom festen <strong>Marta, Edo og Marco<\/strong>og at alle 3 er venner med hverandre s\u00e5 tatt to og to har de n\u00f8yaktig \u00e9n venn til felles: Marta og Edo har Marco som felles venn, Marco og Edo har Marta som felles venn, Marta og Marco har Edo som felles venn. Ved \u00e5 bruke spr\u00e5ket til <strong>grafteori <\/strong>vi kan beskrive denne situasjonen med et opplegg (se bildet nedenfor) der vennskapet mellom to mennesker er representert av en linje som forener dem.<\/p>\n<div class=\"cp_wrapper cp_wrapper--fw mb-50\">\n<figure class=\"mm\"><picture class=\"img\" style=\"padding-top:62.5%\"><source  media=\"(min-width: 1024px)\"><source  media=\"(min-width: 768px)\"><img decoding=\"async\" loading=\"lazy\" src=\"https:\/\/nordnesrepublikken.no\/wp-content\/uploads\/2026\/04\/1777179144_194_Hvis-alle-pa-en-fest-deler-en-venn-med-andre.jpg\" alt=\"Bilde\" width=\"960\" height=\"600\"\/><\/source><\/source><\/picture><\/figure>\n<\/p><\/div>\n<p>Et skjema av denne typen kalles en graf, posisjonene okkupert av <strong>tre venner<\/strong> de kalles <strong>hj\u00f8rner<\/strong> (eller noder) og linjene som forbinder dem \u2013 deres <strong>relasjoner<\/strong> \u2013 de kalles <strong>buer<\/strong> (eller kanter).<\/p>\n<p>Men la oss g\u00e5 tilbake til festen, blant deltakerne er det ogs\u00e5 Vale, som er en venn av Marco, men hun kan ikke ogs\u00e5 v\u00e6re en venn av Marta fordi, hvis hun var det, ville Vale og Edo hatt to venner til felles (se figuren under), nemlig Marco og Marta, mens p\u00e5 festen v\u00e5r kan to deltakere maksimalt ha en venn til felles. Av samme grunn kan ikke Vale v\u00e6re venn med Edo.<\/p>\n<div class=\"cp_wrapper cp_wrapper--fw mb-50\">\n<figure class=\"mm\"><picture class=\"img\" style=\"padding-top:62.5%\"><source  media=\"(min-width: 1024px)\"><source  media=\"(min-width: 768px)\"><img decoding=\"async\" loading=\"lazy\" src=\"https:\/\/nordnesrepublikken.no\/wp-content\/uploads\/2026\/04\/1777179144_95_Hvis-alle-pa-en-fest-deler-en-venn-med-andre.jpg\" alt=\"Bilde\" width=\"960\" height=\"600\" class=\"js-seedtag-img\"\/><\/source><\/source><\/picture><\/figure>\n<\/p><\/div>\n<p>P\u00e5 dette tidspunktet er det imidlertid et annet problem: Vale og Marco har ingen venner til felles, s\u00e5 det m\u00e5 v\u00e6re minst \u00e9n annen deltaker i festen, som m\u00e5 v\u00e6re en venn av b\u00e5de Vale og Marco. Heldigvis deltar Luca, en felles venn av Vale og Marco, som ikke er en venn av verken Edo eller Marta, i festen v\u00e5r. Luca kan faktisk ikke v\u00e6re en venn av Edo fordi ellers ville han ha to venner til felles med Marco, nemlig Edo og Vale, og av samme grunn kan han ikke v\u00e6re en venn av Marta.<\/p>\n<div class=\"cp_wrapper cp_wrapper--fw mb-50\">\n<figure class=\"mm\"><picture class=\"img\" style=\"padding-top:62.5%\"><source  media=\"(min-width: 1024px)\"><source  media=\"(min-width: 768px)\"><img decoding=\"async\" loading=\"lazy\" src=\"https:\/\/nordnesrepublikken.no\/wp-content\/uploads\/2026\/04\/1777179144_500_Hvis-alle-pa-en-fest-deler-en-venn-med-andre.jpg\" alt=\"Bilde\" width=\"960\" height=\"600\"\/><\/source><\/source><\/picture><\/figure>\n<\/p><\/div>\n<p>Hvis det ikke var andre deltakere p\u00e5 festen v\u00e5r, kunne derfor situasjonen bare v\u00e6re den p\u00e5 bildet nedenfor der en deltaker, <strong>Marco er alles venn<\/strong>og skjemaet (eller grafen) som representerer situasjonen best\u00e5r av <strong>2 trekanter med felles toppunkt<\/strong>.<\/p>\n<div class=\"cp_wrapper cp_wrapper--fw mb-50\">\n<figure class=\"mm\"><picture class=\"img\" style=\"padding-top:62.5%\"><source  media=\"(min-width: 1024px)\"><source  media=\"(min-width: 768px)\"><img decoding=\"async\" loading=\"lazy\" src=\"https:\/\/nordnesrepublikken.no\/wp-content\/uploads\/2026\/04\/1777179145_741_Hvis-alle-pa-en-fest-deler-en-venn-med-andre.jpg\" alt=\"Bilde\" width=\"960\" height=\"600\" class=\"js-seedtag-img\"\/><\/source><\/source><\/picture><\/figure>\n<\/p><\/div>\n<p>Hvis vi n\u00e5 ser for oss \u00e5 legge til to deltakere til etter samme regler, som vi gjorde for Carla og Luca, kan vi ikke gj\u00f8re annet enn \u00e5 legge til en ny trekant til grafen som deler toppunktet som best\u00e5r av de andre trekantene. <strong>Merke<\/strong>den eneste <strong>invitert venn av alle<\/strong> (se figuren nedenfor).<\/p>\n<div class=\"cp_wrapper cp_wrapper--fw mb-50\">\n<figure class=\"mm\"><picture class=\"img\" style=\"padding-top:62.5%\"><source  media=\"(min-width: 1024px)\"><source  media=\"(min-width: 768px)\"><img decoding=\"async\" loading=\"lazy\" src=\"https:\/\/nordnesrepublikken.no\/wp-content\/uploads\/2026\/04\/1777179145_897_Hvis-alle-pa-en-fest-deler-en-venn-med-andre.jpg\" alt=\"Bilde\" width=\"960\" height=\"600\"\/><\/source><\/source><\/picture><\/figure>\n<\/p><\/div>\n<p>Grafen vi fikk er bygd opp av tre trekanter som deler et toppunkt plassert i midten og ved \u00e5 fortsette \u00e5 legge til festdeltakere m\u00e5tte vi legge til nye trekanter, alle med samme toppunkt til felles, og Marco ville fortsette \u00e5 v\u00e6re alles eneste venn. Formen p\u00e5 grafen, som vi kan se, minner litt om bladene til en vindm\u00f8lle: if\u00f8lge vennskapsteoremet kan faktisk ethvert parti som bekrefter de samme reglene som v\u00e5rt parti representeres med en <strong>vindm\u00f8lleformet graf<\/strong>.<\/p>\n<\/p><\/div>\n","protected":false},"excerpt":{"rendered":"<p>Vi er p\u00e5 fest og innser at hver gjest har n\u00f8yaktig en felles venn med<\/p>\n","protected":false},"author":1,"featured_media":17446,"comment_status":"closed","ping_status":"open","sticky":false,"template":"","format":"standard","meta":{"footnotes":""},"categories":[104],"tags":[1515,11265,222,2427,6687,405,128,79,81,8352,11266],"class_list":["post-17445","post","type-post","status-publish","format-standard","has-post-thumbnail","hentry","category-samfunn","tag-alle","tag-alles","tag-andre","tag-deler","tag-fest","tag-hvis","tag-man","tag-med","tag-pa","tag-venn","tag-vennskapsteoremet","generate-columns","tablet-grid-50","mobile-grid-100","grid-parent","grid-33"],"yoast_head":"<!-- This site is optimized with the Yoast SEO plugin v24.4 - https:\/\/yoast.com\/wordpress\/plugins\/seo\/ -->\n<title>Hvis alle p\u00e5 en fest deler en venn med andre, er man alles venn: vennskapsteoremet - Nordnesrepublikken<\/title>\n<meta name=\"robots\" content=\"index, follow, max-snippet:-1, max-image-preview:large, max-video-preview:-1\" \/>\n<link rel=\"canonical\" href=\"https:\/\/nordnesrepublikken.no\/index.php\/2026\/04\/26\/hvis-alle-pa-en-fest-deler-en-venn-med-andre-er-man-alles-venn-vennskapsteoremet\/\" \/>\n<meta property=\"og:locale\" content=\"nb_NO\" \/>\n<meta property=\"og:type\" content=\"article\" \/>\n<meta property=\"og:title\" content=\"Hvis alle p\u00e5 en fest deler en venn med andre, er man alles venn: vennskapsteoremet - Nordnesrepublikken\" \/>\n<meta property=\"og:description\" content=\"Vi er p\u00e5 fest og innser at hver gjest har n\u00f8yaktig en felles venn med\" \/>\n<meta property=\"og:url\" content=\"https:\/\/nordnesrepublikken.no\/index.php\/2026\/04\/26\/hvis-alle-pa-en-fest-deler-en-venn-med-andre-er-man-alles-venn-vennskapsteoremet\/\" \/>\n<meta property=\"og:site_name\" content=\"Nordnesrepublikken\" \/>\n<meta property=\"article:published_time\" content=\"2026-04-26T04:52:25+00:00\" \/>\n<meta property=\"article:modified_time\" content=\"2026-04-26T04:52:28+00:00\" \/>\n<meta property=\"og:image\" content=\"https:\/\/nordnesrepublikken.no\/wp-content\/uploads\/2026\/04\/1777179147_Hvis-alle-pa-en-fest-deler-en-venn-med-andre.jpg\" \/>\n\t<meta property=\"og:image:width\" content=\"1306\" \/>\n\t<meta property=\"og:image:height\" content=\"816\" \/>\n\t<meta property=\"og:image:type\" content=\"image\/jpeg\" \/>\n<meta name=\"author\" content=\"Ole Andersen\" \/>\n<meta name=\"twitter:card\" content=\"summary_large_image\" \/>\n<meta name=\"twitter:label1\" content=\"Skrevet av\" \/>\n\t<meta name=\"twitter:data1\" content=\"Ole Andersen\" \/>\n\t<meta name=\"twitter:label2\" content=\"Ansl. lesetid\" \/>\n\t<meta name=\"twitter:data2\" content=\"3 minutter\" \/>\n<script type=\"application\/ld+json\" class=\"yoast-schema-graph\">{\"@context\":\"https:\/\/schema.org\",\"@graph\":[{\"@type\":\"Article\",\"@id\":\"https:\/\/nordnesrepublikken.no\/index.php\/2026\/04\/26\/hvis-alle-pa-en-fest-deler-en-venn-med-andre-er-man-alles-venn-vennskapsteoremet\/#article\",\"isPartOf\":{\"@id\":\"https:\/\/nordnesrepublikken.no\/index.php\/2026\/04\/26\/hvis-alle-pa-en-fest-deler-en-venn-med-andre-er-man-alles-venn-vennskapsteoremet\/\"},\"author\":{\"name\":\"Ole Andersen\",\"@id\":\"https:\/\/nordnesrepublikken.no\/#\/schema\/person\/2e7e81935bab77882fffb79296240ff1\"},\"headline\":\"Hvis alle p\u00e5 en fest deler en venn med andre, er man alles venn: vennskapsteoremet\",\"datePublished\":\"2026-04-26T04:52:25+00:00\",\"dateModified\":\"2026-04-26T04:52:28+00:00\",\"mainEntityOfPage\":{\"@id\":\"https:\/\/nordnesrepublikken.no\/index.php\/2026\/04\/26\/hvis-alle-pa-en-fest-deler-en-venn-med-andre-er-man-alles-venn-vennskapsteoremet\/\"},\"wordCount\":632,\"publisher\":{\"@id\":\"https:\/\/nordnesrepublikken.no\/#organization\"},\"image\":{\"@id\":\"https:\/\/nordnesrepublikken.no\/index.php\/2026\/04\/26\/hvis-alle-pa-en-fest-deler-en-venn-med-andre-er-man-alles-venn-vennskapsteoremet\/#primaryimage\"},\"thumbnailUrl\":\"https:\/\/nordnesrepublikken.no\/wp-content\/uploads\/2026\/04\/1777179147_Hvis-alle-pa-en-fest-deler-en-venn-med-andre.jpg\",\"keywords\":[\"alle\",\"alles\",\"andre\",\"deler\",\"fest\",\"hvis\",\"Man\",\"med\",\"p\u00e5\",\"venn\",\"vennskapsteoremet\"],\"articleSection\":[\"Samfunn\"],\"inLanguage\":\"nb-NO\"},{\"@type\":\"WebPage\",\"@id\":\"https:\/\/nordnesrepublikken.no\/index.php\/2026\/04\/26\/hvis-alle-pa-en-fest-deler-en-venn-med-andre-er-man-alles-venn-vennskapsteoremet\/\",\"url\":\"https:\/\/nordnesrepublikken.no\/index.php\/2026\/04\/26\/hvis-alle-pa-en-fest-deler-en-venn-med-andre-er-man-alles-venn-vennskapsteoremet\/\",\"name\":\"Hvis alle p\u00e5 en fest deler en venn med andre, er man alles venn: vennskapsteoremet - Nordnesrepublikken\",\"isPartOf\":{\"@id\":\"https:\/\/nordnesrepublikken.no\/#website\"},\"primaryImageOfPage\":{\"@id\":\"https:\/\/nordnesrepublikken.no\/index.php\/2026\/04\/26\/hvis-alle-pa-en-fest-deler-en-venn-med-andre-er-man-alles-venn-vennskapsteoremet\/#primaryimage\"},\"image\":{\"@id\":\"https:\/\/nordnesrepublikken.no\/index.php\/2026\/04\/26\/hvis-alle-pa-en-fest-deler-en-venn-med-andre-er-man-alles-venn-vennskapsteoremet\/#primaryimage\"},\"thumbnailUrl\":\"https:\/\/nordnesrepublikken.no\/wp-content\/uploads\/2026\/04\/1777179147_Hvis-alle-pa-en-fest-deler-en-venn-med-andre.jpg\",\"datePublished\":\"2026-04-26T04:52:25+00:00\",\"dateModified\":\"2026-04-26T04:52:28+00:00\",\"breadcrumb\":{\"@id\":\"https:\/\/nordnesrepublikken.no\/index.php\/2026\/04\/26\/hvis-alle-pa-en-fest-deler-en-venn-med-andre-er-man-alles-venn-vennskapsteoremet\/#breadcrumb\"},\"inLanguage\":\"nb-NO\",\"potentialAction\":[{\"@type\":\"ReadAction\",\"target\":[\"https:\/\/nordnesrepublikken.no\/index.php\/2026\/04\/26\/hvis-alle-pa-en-fest-deler-en-venn-med-andre-er-man-alles-venn-vennskapsteoremet\/\"]}]},{\"@type\":\"ImageObject\",\"inLanguage\":\"nb-NO\",\"@id\":\"https:\/\/nordnesrepublikken.no\/index.php\/2026\/04\/26\/hvis-alle-pa-en-fest-deler-en-venn-med-andre-er-man-alles-venn-vennskapsteoremet\/#primaryimage\",\"url\":\"https:\/\/nordnesrepublikken.no\/wp-content\/uploads\/2026\/04\/1777179147_Hvis-alle-pa-en-fest-deler-en-venn-med-andre.jpg\",\"contentUrl\":\"https:\/\/nordnesrepublikken.no\/wp-content\/uploads\/2026\/04\/1777179147_Hvis-alle-pa-en-fest-deler-en-venn-med-andre.jpg\",\"width\":1306,\"height\":816,\"caption\":\"Hvis alle p\u00e5 en fest deler en venn med andre, er man alles venn: vennskapsteoremet\"},{\"@type\":\"BreadcrumbList\",\"@id\":\"https:\/\/nordnesrepublikken.no\/index.php\/2026\/04\/26\/hvis-alle-pa-en-fest-deler-en-venn-med-andre-er-man-alles-venn-vennskapsteoremet\/#breadcrumb\",\"itemListElement\":[{\"@type\":\"ListItem\",\"position\":1,\"name\":\"Home\",\"item\":\"https:\/\/nordnesrepublikken.no\/\"},{\"@type\":\"ListItem\",\"position\":2,\"name\":\"Hvis alle p\u00e5 en fest deler en venn med andre, er man alles venn: vennskapsteoremet\"}]},{\"@type\":\"WebSite\",\"@id\":\"https:\/\/nordnesrepublikken.no\/#website\",\"url\":\"https:\/\/nordnesrepublikken.no\/\",\"name\":\"Nordnesrepublikken\",\"description\":\"Stemmer og Visjoner fra Republikkens Hjerte\",\"publisher\":{\"@id\":\"https:\/\/nordnesrepublikken.no\/#organization\"},\"potentialAction\":[{\"@type\":\"SearchAction\",\"target\":{\"@type\":\"EntryPoint\",\"urlTemplate\":\"https:\/\/nordnesrepublikken.no\/?s={search_term_string}\"},\"query-input\":{\"@type\":\"PropertyValueSpecification\",\"valueRequired\":true,\"valueName\":\"search_term_string\"}}],\"inLanguage\":\"nb-NO\"},{\"@type\":\"Organization\",\"@id\":\"https:\/\/nordnesrepublikken.no\/#organization\",\"name\":\"Nordnesrepublikken\",\"url\":\"https:\/\/nordnesrepublikken.no\/\",\"logo\":{\"@type\":\"ImageObject\",\"inLanguage\":\"nb-NO\",\"@id\":\"https:\/\/nordnesrepublikken.no\/#\/schema\/logo\/image\/\",\"url\":\"https:\/\/nordnesrepublikken.no\/wp-content\/uploads\/2025\/02\/cropped-nordnesrepublikken-2.png\",\"contentUrl\":\"https:\/\/nordnesrepublikken.no\/wp-content\/uploads\/2025\/02\/cropped-nordnesrepublikken-2.png\",\"width\":1248,\"height\":362,\"caption\":\"Nordnesrepublikken\"},\"image\":{\"@id\":\"https:\/\/nordnesrepublikken.no\/#\/schema\/logo\/image\/\"}},{\"@type\":\"Person\",\"@id\":\"https:\/\/nordnesrepublikken.no\/#\/schema\/person\/2e7e81935bab77882fffb79296240ff1\",\"name\":\"Ole Andersen\",\"image\":{\"@type\":\"ImageObject\",\"inLanguage\":\"nb-NO\",\"@id\":\"https:\/\/nordnesrepublikken.no\/#\/schema\/person\/image\/\",\"url\":\"https:\/\/nordnesrepublikken.no\/wp-content\/uploads\/2025\/02\/nordnesrepublikken-2-2-150x150.jpg\",\"contentUrl\":\"https:\/\/nordnesrepublikken.no\/wp-content\/uploads\/2025\/02\/nordnesrepublikken-2-2-150x150.jpg\",\"caption\":\"Ole Andersen\"},\"description\":\"Ettersom jeg vokste opp i Oslo, har jeg alltid v\u00e6rt fascinert av ordenes kraft og deres evne til \u00e5 skape endringer. Etter \u00e5 ha fullf\u00f8rt min utdannelse i kommunikasjon ved Universitetet i Bergen, fikk jeg muligheten til \u00e5 jobbe innen ulike medier, der jeg har s\u00f8kt \u00e5 belyse viktige samfunnssp\u00f8rsm\u00e5l. I dag, som redakt\u00f8r for Nordnesrepublikken, pr\u00f8ver jeg \u00e5 forene min kj\u00e6rlighet for journalistikk med min lidenskap for innovasjon og eventyr.\",\"sameAs\":[\"https:\/\/nordnesrepublikken.no\/\"]}]}<\/script>\n<!-- \/ Yoast SEO plugin. -->","yoast_head_json":{"title":"Hvis alle p\u00e5 en fest deler en venn med andre, er man alles venn: vennskapsteoremet - Nordnesrepublikken","robots":{"index":"index","follow":"follow","max-snippet":"max-snippet:-1","max-image-preview":"max-image-preview:large","max-video-preview":"max-video-preview:-1"},"canonical":"https:\/\/nordnesrepublikken.no\/index.php\/2026\/04\/26\/hvis-alle-pa-en-fest-deler-en-venn-med-andre-er-man-alles-venn-vennskapsteoremet\/","og_locale":"nb_NO","og_type":"article","og_title":"Hvis alle p\u00e5 en fest deler en venn med andre, er man alles venn: vennskapsteoremet - Nordnesrepublikken","og_description":"Vi er p\u00e5 fest og innser at hver gjest har n\u00f8yaktig en felles venn med","og_url":"https:\/\/nordnesrepublikken.no\/index.php\/2026\/04\/26\/hvis-alle-pa-en-fest-deler-en-venn-med-andre-er-man-alles-venn-vennskapsteoremet\/","og_site_name":"Nordnesrepublikken","article_published_time":"2026-04-26T04:52:25+00:00","article_modified_time":"2026-04-26T04:52:28+00:00","og_image":[{"width":1306,"height":816,"url":"https:\/\/nordnesrepublikken.no\/wp-content\/uploads\/2026\/04\/1777179147_Hvis-alle-pa-en-fest-deler-en-venn-med-andre.jpg","type":"image\/jpeg"}],"author":"Ole Andersen","twitter_card":"summary_large_image","twitter_misc":{"Skrevet av":"Ole Andersen","Ansl. lesetid":"3 minutter"},"schema":{"@context":"https:\/\/schema.org","@graph":[{"@type":"Article","@id":"https:\/\/nordnesrepublikken.no\/index.php\/2026\/04\/26\/hvis-alle-pa-en-fest-deler-en-venn-med-andre-er-man-alles-venn-vennskapsteoremet\/#article","isPartOf":{"@id":"https:\/\/nordnesrepublikken.no\/index.php\/2026\/04\/26\/hvis-alle-pa-en-fest-deler-en-venn-med-andre-er-man-alles-venn-vennskapsteoremet\/"},"author":{"name":"Ole Andersen","@id":"https:\/\/nordnesrepublikken.no\/#\/schema\/person\/2e7e81935bab77882fffb79296240ff1"},"headline":"Hvis alle p\u00e5 en fest deler en venn med andre, er man alles venn: vennskapsteoremet","datePublished":"2026-04-26T04:52:25+00:00","dateModified":"2026-04-26T04:52:28+00:00","mainEntityOfPage":{"@id":"https:\/\/nordnesrepublikken.no\/index.php\/2026\/04\/26\/hvis-alle-pa-en-fest-deler-en-venn-med-andre-er-man-alles-venn-vennskapsteoremet\/"},"wordCount":632,"publisher":{"@id":"https:\/\/nordnesrepublikken.no\/#organization"},"image":{"@id":"https:\/\/nordnesrepublikken.no\/index.php\/2026\/04\/26\/hvis-alle-pa-en-fest-deler-en-venn-med-andre-er-man-alles-venn-vennskapsteoremet\/#primaryimage"},"thumbnailUrl":"https:\/\/nordnesrepublikken.no\/wp-content\/uploads\/2026\/04\/1777179147_Hvis-alle-pa-en-fest-deler-en-venn-med-andre.jpg","keywords":["alle","alles","andre","deler","fest","hvis","Man","med","p\u00e5","venn","vennskapsteoremet"],"articleSection":["Samfunn"],"inLanguage":"nb-NO"},{"@type":"WebPage","@id":"https:\/\/nordnesrepublikken.no\/index.php\/2026\/04\/26\/hvis-alle-pa-en-fest-deler-en-venn-med-andre-er-man-alles-venn-vennskapsteoremet\/","url":"https:\/\/nordnesrepublikken.no\/index.php\/2026\/04\/26\/hvis-alle-pa-en-fest-deler-en-venn-med-andre-er-man-alles-venn-vennskapsteoremet\/","name":"Hvis alle p\u00e5 en fest deler en venn med andre, er man alles venn: vennskapsteoremet - Nordnesrepublikken","isPartOf":{"@id":"https:\/\/nordnesrepublikken.no\/#website"},"primaryImageOfPage":{"@id":"https:\/\/nordnesrepublikken.no\/index.php\/2026\/04\/26\/hvis-alle-pa-en-fest-deler-en-venn-med-andre-er-man-alles-venn-vennskapsteoremet\/#primaryimage"},"image":{"@id":"https:\/\/nordnesrepublikken.no\/index.php\/2026\/04\/26\/hvis-alle-pa-en-fest-deler-en-venn-med-andre-er-man-alles-venn-vennskapsteoremet\/#primaryimage"},"thumbnailUrl":"https:\/\/nordnesrepublikken.no\/wp-content\/uploads\/2026\/04\/1777179147_Hvis-alle-pa-en-fest-deler-en-venn-med-andre.jpg","datePublished":"2026-04-26T04:52:25+00:00","dateModified":"2026-04-26T04:52:28+00:00","breadcrumb":{"@id":"https:\/\/nordnesrepublikken.no\/index.php\/2026\/04\/26\/hvis-alle-pa-en-fest-deler-en-venn-med-andre-er-man-alles-venn-vennskapsteoremet\/#breadcrumb"},"inLanguage":"nb-NO","potentialAction":[{"@type":"ReadAction","target":["https:\/\/nordnesrepublikken.no\/index.php\/2026\/04\/26\/hvis-alle-pa-en-fest-deler-en-venn-med-andre-er-man-alles-venn-vennskapsteoremet\/"]}]},{"@type":"ImageObject","inLanguage":"nb-NO","@id":"https:\/\/nordnesrepublikken.no\/index.php\/2026\/04\/26\/hvis-alle-pa-en-fest-deler-en-venn-med-andre-er-man-alles-venn-vennskapsteoremet\/#primaryimage","url":"https:\/\/nordnesrepublikken.no\/wp-content\/uploads\/2026\/04\/1777179147_Hvis-alle-pa-en-fest-deler-en-venn-med-andre.jpg","contentUrl":"https:\/\/nordnesrepublikken.no\/wp-content\/uploads\/2026\/04\/1777179147_Hvis-alle-pa-en-fest-deler-en-venn-med-andre.jpg","width":1306,"height":816,"caption":"Hvis alle p\u00e5 en fest deler en venn med andre, er man alles venn: vennskapsteoremet"},{"@type":"BreadcrumbList","@id":"https:\/\/nordnesrepublikken.no\/index.php\/2026\/04\/26\/hvis-alle-pa-en-fest-deler-en-venn-med-andre-er-man-alles-venn-vennskapsteoremet\/#breadcrumb","itemListElement":[{"@type":"ListItem","position":1,"name":"Home","item":"https:\/\/nordnesrepublikken.no\/"},{"@type":"ListItem","position":2,"name":"Hvis alle p\u00e5 en fest deler en venn med andre, er man alles venn: vennskapsteoremet"}]},{"@type":"WebSite","@id":"https:\/\/nordnesrepublikken.no\/#website","url":"https:\/\/nordnesrepublikken.no\/","name":"Nordnesrepublikken","description":"Stemmer og Visjoner fra Republikkens Hjerte","publisher":{"@id":"https:\/\/nordnesrepublikken.no\/#organization"},"potentialAction":[{"@type":"SearchAction","target":{"@type":"EntryPoint","urlTemplate":"https:\/\/nordnesrepublikken.no\/?s={search_term_string}"},"query-input":{"@type":"PropertyValueSpecification","valueRequired":true,"valueName":"search_term_string"}}],"inLanguage":"nb-NO"},{"@type":"Organization","@id":"https:\/\/nordnesrepublikken.no\/#organization","name":"Nordnesrepublikken","url":"https:\/\/nordnesrepublikken.no\/","logo":{"@type":"ImageObject","inLanguage":"nb-NO","@id":"https:\/\/nordnesrepublikken.no\/#\/schema\/logo\/image\/","url":"https:\/\/nordnesrepublikken.no\/wp-content\/uploads\/2025\/02\/cropped-nordnesrepublikken-2.png","contentUrl":"https:\/\/nordnesrepublikken.no\/wp-content\/uploads\/2025\/02\/cropped-nordnesrepublikken-2.png","width":1248,"height":362,"caption":"Nordnesrepublikken"},"image":{"@id":"https:\/\/nordnesrepublikken.no\/#\/schema\/logo\/image\/"}},{"@type":"Person","@id":"https:\/\/nordnesrepublikken.no\/#\/schema\/person\/2e7e81935bab77882fffb79296240ff1","name":"Ole Andersen","image":{"@type":"ImageObject","inLanguage":"nb-NO","@id":"https:\/\/nordnesrepublikken.no\/#\/schema\/person\/image\/","url":"https:\/\/nordnesrepublikken.no\/wp-content\/uploads\/2025\/02\/nordnesrepublikken-2-2-150x150.jpg","contentUrl":"https:\/\/nordnesrepublikken.no\/wp-content\/uploads\/2025\/02\/nordnesrepublikken-2-2-150x150.jpg","caption":"Ole Andersen"},"description":"Ettersom jeg vokste opp i Oslo, har jeg alltid v\u00e6rt fascinert av ordenes kraft og deres evne til \u00e5 skape endringer. Etter \u00e5 ha fullf\u00f8rt min utdannelse i kommunikasjon ved Universitetet i Bergen, fikk jeg muligheten til \u00e5 jobbe innen ulike medier, der jeg har s\u00f8kt \u00e5 belyse viktige samfunnssp\u00f8rsm\u00e5l. I dag, som redakt\u00f8r for Nordnesrepublikken, pr\u00f8ver jeg \u00e5 forene min kj\u00e6rlighet for journalistikk med min lidenskap for innovasjon og eventyr.","sameAs":["https:\/\/nordnesrepublikken.no\/"]}]}},"_links":{"self":[{"href":"https:\/\/nordnesrepublikken.no\/index.php\/wp-json\/wp\/v2\/posts\/17445","targetHints":{"allow":["GET"]}}],"collection":[{"href":"https:\/\/nordnesrepublikken.no\/index.php\/wp-json\/wp\/v2\/posts"}],"about":[{"href":"https:\/\/nordnesrepublikken.no\/index.php\/wp-json\/wp\/v2\/types\/post"}],"author":[{"embeddable":true,"href":"https:\/\/nordnesrepublikken.no\/index.php\/wp-json\/wp\/v2\/users\/1"}],"replies":[{"embeddable":true,"href":"https:\/\/nordnesrepublikken.no\/index.php\/wp-json\/wp\/v2\/comments?post=17445"}],"version-history":[{"count":1,"href":"https:\/\/nordnesrepublikken.no\/index.php\/wp-json\/wp\/v2\/posts\/17445\/revisions"}],"predecessor-version":[{"id":17447,"href":"https:\/\/nordnesrepublikken.no\/index.php\/wp-json\/wp\/v2\/posts\/17445\/revisions\/17447"}],"wp:featuredmedia":[{"embeddable":true,"href":"https:\/\/nordnesrepublikken.no\/index.php\/wp-json\/wp\/v2\/media\/17446"}],"wp:attachment":[{"href":"https:\/\/nordnesrepublikken.no\/index.php\/wp-json\/wp\/v2\/media?parent=17445"}],"wp:term":[{"taxonomy":"category","embeddable":true,"href":"https:\/\/nordnesrepublikken.no\/index.php\/wp-json\/wp\/v2\/categories?post=17445"},{"taxonomy":"post_tag","embeddable":true,"href":"https:\/\/nordnesrepublikken.no\/index.php\/wp-json\/wp\/v2\/tags?post=17445"}],"curies":[{"name":"wp","href":"https:\/\/api.w.org\/{rel}","templated":true}]}}