{"id":17433,"date":"2026-04-25T15:38:01","date_gmt":"2026-04-25T13:38:01","guid":{"rendered":"https:\/\/nordnesrepublikken.no\/index.php\/2026\/04\/25\/pogacar-setter-henne-i-sikte\/"},"modified":"2026-04-25T15:38:04","modified_gmt":"2026-04-25T13:38:04","slug":"pogacar-setter-henne-i-sikte","status":"publish","type":"post","link":"https:\/\/nordnesrepublikken.no\/index.php\/2026\/04\/25\/pogacar-setter-henne-i-sikte\/","title":{"rendered":"Pogacar setter henne i sikte"},"content":{"rendered":"<div>\n<div class=\"cp_wrapper cp_wrapper--fw mb-30 mb-20@tablet\">\n<figure class=\"mm\"><picture class=\"img\" style=\"padding-top:56.25%\"><source  media=\"(min-width: 1024px)\"><source  media=\"(min-width: 768px)\"><\/source><\/source><\/picture><\/figure>\n<\/p><\/div>\n<p>V\u00e5rklassikersesongen for landeveissykling avsluttes s\u00f8ndag 26. april 2026 med <strong>Li\u00e8ge-Bastogne-Li\u00e8ge<\/strong>et l\u00f8p av <strong>259 km<\/strong> og 4300 meter h\u00f8ydeforskjell mellom Ardennene, med korte, harde stigninger, satt i de belgiske skogene. Dette er Li\u00e8ge-Bastogne-Li\u00e8ge, den <strong>eldste landeveissykkelritt<\/strong> fortsatt aktiv i verden, f\u00f8dt i 1892 og kallenavnet for denne &laquo;<strong>La Doyenne des classiques<\/strong>\u201d (klassikernes doyen).<\/p>\n<h2>Favoritter i 2026: Pogacar for poker<\/h2>\n<p>Favoritten for 2026 er, som i alle v\u00e5rklassikere, Tadej Poga\u010dar, som jakter sin 4. suksess i Li\u00e8ge. Etter \u00e5 ha blitt nummer to i Paris-Roubaix, har dr\u00f8mmen om \u00e5 vinne alle 5 Monument Classics (Milano-Sanremo, Flandern, Roubaix, Li\u00e8ge og Lombardia) bleknet i l\u00f8pet av en enkelt sesong, men han kan fortsatt vinne 4 av 5, <strong>aldri lyktes<\/strong> til enhver syklist.<\/p>\n<p>Slovenerens hovedmotstandere er vinnerne av de to andre Ardennes-klassikerne som ble arrangert de siste dagene: <strong>Remco Evenepoel<\/strong>belgisk f\u00f8dt i 2000, som allerede har vunnet La Doyenne i 2022 og 2023 og vil bli presset av hjemmepublikummet, etter \u00e5 ha vunnet Amstel Gold Race sist s\u00f8ndag.<br \/>Den andre motstanderen \u00e5 holde \u00f8ye med er det nye, veldig unge fenomenet verdenssykling: <strong>Paul Seixas<\/strong>. Med 20 \u00e5r igjen er det franske talentet det nye hete navnet n\u00e5r det kommer til fremtiden for verdenssykkelsport, de siste dagene har han vunnet Tour of the Baskerland og Fl\u00e8che Walloon og kan v\u00e6re den ideelle utfordreren p\u00e5 de korte og bratte omr\u00e5dene i Ardennene.<\/p>\n<h2>Hvordan den eldste rasen i verden ble f\u00f8dt<\/h2>\n<p>Historien begynner p\u00e5 en mest mulig banal m\u00e5te: \u00e5 pr\u00f8ve \u00e5 selge flere eksemplarer av en avis. I 1892 arrangerte Li\u00e8ge Cyclist Union, en amat\u00f8rklubb knyttet til sykling, den f\u00f8rste utgaven av l\u00f8pet for \u00e5 fremme salget av avisen L&#8217;Express. Trettitre ryttere dukket opp ved starten, alle belgiske, alle amat\u00f8rer, syklende p\u00e5 veldig tunge sykler p\u00e5 grusveier. <strong>Bare 17<\/strong> av dem klarte \u00e5 komme i m\u00e5l, etter mer enn ti timers l\u00f8ping. L\u00f8pet ble umiddelbart en fast begivenhet, starten flyttet til Li\u00e8ge og ruten satte seg p\u00e5 det vi vet i dag: <strong>ca 260 km<\/strong> som g\u00e5r ned mot Bastogne, nesten til grensen til Luxembourg, og deretter stiger nordover gjennom Ardennene-dalene.<\/p>\n<h2>Fordi Ardennene gj\u00f8r dette l\u00f8pet episk<\/h2>\n<p>Ardennene er ikke fjell i alpin forstand av begrepet. De er et eldgammelt plat\u00e5, sk\u00e5ret ut av elver, som med sin forekomst har skapt sv\u00e6rt bratte vegger. Resultatet, for syklister, er <strong>c\u00f4tes<\/strong>: stigninger som sjelden overstiger 2 kilometer i lengde, men ofte har gradienter <strong>over 10 %<\/strong>. Vanskeligheten til Li\u00e8ge ligger derfor ikke i en eneste lang stigning, men i deres raske repetisjon. P\u00e5 de siste 90 km av strekningen m\u00f8ter l\u00f8perne noen <strong>ni i rekkef\u00f8lge<\/strong>uten noen gang \u00e5 kunne komme seg. Alle som kommer i m\u00e5l i Li\u00e8ge etter seks timer med denne behandlingen er virkelig blant de beste l\u00f8perne i verden. I 2026-utgaven vil ruten v\u00e6re litt <strong>vanskeligere<\/strong> sammenlignet med de siste utgavene takket v\u00e6re to nye stigninger, Col du Maquisard og C\u00f4te de Desni\u00e9, rett f\u00f8r den siste sekvensen, potensielt forutse \u00f8yeblikket der favorittene vil angripe.<\/p>\n<div class=\"cp_wrapper cp_wrapper--fw mb-50\">\n<figure class=\"mm\"><picture class=\"img\" style=\"padding-top:49.375%\"><source  media=\"(min-width: 1024px)\"><source  media=\"(min-width: 768px)\"><img decoding=\"async\" loading=\"lazy\" src=\"https:\/\/nordnesrepublikken.no\/wp-content\/uploads\/2026\/04\/1777124281_180_Pogacar-setter-henne-i-sikte.jpeg\" alt=\"Bilde\" width=\"960\" height=\"474\"\/><\/source><\/source><\/picture><\/figure>\n<\/p><\/div>\n<h2>Italia og Li\u00e8ge: en historie med mestere<\/h2>\n<p>Li\u00e8ge-Bastogne-Li\u00e8ge kalles ofte \u00abitalienernes rase\u00bb. Det er ikke bare et sp\u00f8rsm\u00e5l om palmar\u00e8s (hvor Italia kan skilte med 12 seire, mer enn noen annen nasjon bortsett fra Belgia), fordi kallenavnet har sine r\u00f8tter i den sosiale historien til Belgia etter krigen: <strong>tusenvis av italienske familier<\/strong>p\u00e5 flukt fra fattigdommen i etterkrigstidens Italia, emigrerte til Vallonia for \u00e5 jobbe i kullgruvene. De tok med seg lidenskapen for sykling, og i flere ti\u00e5r stimlet de i Li\u00e8ges gater for \u00e5 heie p\u00e5 de italienske syklistene.<\/p>\n<p>Den mest spennende seieren i denne forstand er den av <strong>Carmine Preziosi<\/strong> i 1965. Familien hans hadde forlatt Sant&#8217;Angelo all&#8217;Esca, i Campania, for \u00e5 s\u00f8ke lykken i de belgiske Ardennene, hvor faren jobbet i gruven. Carmine vokste opp i de samme dalene, ble en profesjonell syklist og vant akkurat der, p\u00e5 de veiene som hadde blitt hans hjem. Blant de italienske seirene, dominansen av <strong>Moreno Argentin<\/strong>med 4 seire mellom 1985 og 1991, de to seirene hver for <strong>Michele Bartoli<\/strong> Og <strong>Paolo Bettini<\/strong> mellom slutten av 90-tallet og begynnelsen av 2000, med det historiske italienske femmannslaget fra 2002: Bettini-Garzelli-Basso-Celestino-Codol. Italia har ikke klatret til det \u00f8verste trinnet p\u00e5 pallen siden 2007, med Danilo di Luca.<\/p>\n<\/p><\/div>\n","protected":false},"excerpt":{"rendered":"<p>V\u00e5rklassikersesongen for landeveissykling avsluttes s\u00f8ndag 26. april 2026 med Li\u00e8ge-Bastogne-Li\u00e8geet l\u00f8p av 259 km og<\/p>\n","protected":false},"author":1,"featured_media":17434,"comment_status":"closed","ping_status":"open","sticky":false,"template":"","format":"standard","meta":{"footnotes":""},"categories":[104],"tags":[3619,10790,2747,8564],"class_list":["post-17433","post","type-post","status-publish","format-standard","has-post-thumbnail","hentry","category-samfunn","tag-henne","tag-pogacar","tag-setter","tag-sikte","generate-columns","tablet-grid-50","mobile-grid-100","grid-parent","grid-33","resize-featured-image"],"yoast_head":"<!-- This site is optimized with the Yoast SEO plugin v24.4 - https:\/\/yoast.com\/wordpress\/plugins\/seo\/ -->\n<title>Pogacar setter henne i sikte - Nordnesrepublikken<\/title>\n<meta name=\"robots\" content=\"index, follow, max-snippet:-1, max-image-preview:large, max-video-preview:-1\" \/>\n<link rel=\"canonical\" href=\"https:\/\/nordnesrepublikken.no\/index.php\/2026\/04\/25\/pogacar-setter-henne-i-sikte\/\" \/>\n<meta property=\"og:locale\" content=\"nb_NO\" \/>\n<meta property=\"og:type\" content=\"article\" \/>\n<meta property=\"og:title\" content=\"Pogacar setter henne i sikte - Nordnesrepublikken\" \/>\n<meta property=\"og:description\" content=\"V\u00e5rklassikersesongen for landeveissykling avsluttes s\u00f8ndag 26. april 2026 med Li\u00e8ge-Bastogne-Li\u00e8geet l\u00f8p av 259 km og\" \/>\n<meta property=\"og:url\" content=\"https:\/\/nordnesrepublikken.no\/index.php\/2026\/04\/25\/pogacar-setter-henne-i-sikte\/\" \/>\n<meta property=\"og:site_name\" content=\"Nordnesrepublikken\" \/>\n<meta property=\"article:published_time\" content=\"2026-04-25T13:38:01+00:00\" \/>\n<meta property=\"article:modified_time\" content=\"2026-04-25T13:38:04+00:00\" \/>\n<meta property=\"og:image\" content=\"https:\/\/nordnesrepublikken.no\/wp-content\/uploads\/2026\/04\/1777124283_Pogacar-setter-henne-i-sikte.jpeg\" \/>\n\t<meta property=\"og:image:width\" content=\"1599\" \/>\n\t<meta property=\"og:image:height\" content=\"1066\" \/>\n\t<meta property=\"og:image:type\" content=\"image\/jpeg\" \/>\n<meta name=\"author\" content=\"Ole Andersen\" \/>\n<meta name=\"twitter:card\" content=\"summary_large_image\" \/>\n<meta name=\"twitter:label1\" content=\"Skrevet av\" \/>\n\t<meta name=\"twitter:data1\" content=\"Ole Andersen\" \/>\n\t<meta name=\"twitter:label2\" content=\"Ansl. lesetid\" \/>\n\t<meta name=\"twitter:data2\" content=\"4 minutter\" \/>\n<script type=\"application\/ld+json\" class=\"yoast-schema-graph\">{\"@context\":\"https:\/\/schema.org\",\"@graph\":[{\"@type\":\"Article\",\"@id\":\"https:\/\/nordnesrepublikken.no\/index.php\/2026\/04\/25\/pogacar-setter-henne-i-sikte\/#article\",\"isPartOf\":{\"@id\":\"https:\/\/nordnesrepublikken.no\/index.php\/2026\/04\/25\/pogacar-setter-henne-i-sikte\/\"},\"author\":{\"name\":\"Ole Andersen\",\"@id\":\"https:\/\/nordnesrepublikken.no\/#\/schema\/person\/2e7e81935bab77882fffb79296240ff1\"},\"headline\":\"Pogacar setter henne i sikte\",\"datePublished\":\"2026-04-25T13:38:01+00:00\",\"dateModified\":\"2026-04-25T13:38:04+00:00\",\"mainEntityOfPage\":{\"@id\":\"https:\/\/nordnesrepublikken.no\/index.php\/2026\/04\/25\/pogacar-setter-henne-i-sikte\/\"},\"wordCount\":718,\"publisher\":{\"@id\":\"https:\/\/nordnesrepublikken.no\/#organization\"},\"image\":{\"@id\":\"https:\/\/nordnesrepublikken.no\/index.php\/2026\/04\/25\/pogacar-setter-henne-i-sikte\/#primaryimage\"},\"thumbnailUrl\":\"https:\/\/nordnesrepublikken.no\/wp-content\/uploads\/2026\/04\/1777124283_Pogacar-setter-henne-i-sikte.jpeg\",\"keywords\":[\"henne\",\"Pogacar\",\"setter\",\"sikte\"],\"articleSection\":[\"Samfunn\"],\"inLanguage\":\"nb-NO\"},{\"@type\":\"WebPage\",\"@id\":\"https:\/\/nordnesrepublikken.no\/index.php\/2026\/04\/25\/pogacar-setter-henne-i-sikte\/\",\"url\":\"https:\/\/nordnesrepublikken.no\/index.php\/2026\/04\/25\/pogacar-setter-henne-i-sikte\/\",\"name\":\"Pogacar setter henne i sikte - Nordnesrepublikken\",\"isPartOf\":{\"@id\":\"https:\/\/nordnesrepublikken.no\/#website\"},\"primaryImageOfPage\":{\"@id\":\"https:\/\/nordnesrepublikken.no\/index.php\/2026\/04\/25\/pogacar-setter-henne-i-sikte\/#primaryimage\"},\"image\":{\"@id\":\"https:\/\/nordnesrepublikken.no\/index.php\/2026\/04\/25\/pogacar-setter-henne-i-sikte\/#primaryimage\"},\"thumbnailUrl\":\"https:\/\/nordnesrepublikken.no\/wp-content\/uploads\/2026\/04\/1777124283_Pogacar-setter-henne-i-sikte.jpeg\",\"datePublished\":\"2026-04-25T13:38:01+00:00\",\"dateModified\":\"2026-04-25T13:38:04+00:00\",\"breadcrumb\":{\"@id\":\"https:\/\/nordnesrepublikken.no\/index.php\/2026\/04\/25\/pogacar-setter-henne-i-sikte\/#breadcrumb\"},\"inLanguage\":\"nb-NO\",\"potentialAction\":[{\"@type\":\"ReadAction\",\"target\":[\"https:\/\/nordnesrepublikken.no\/index.php\/2026\/04\/25\/pogacar-setter-henne-i-sikte\/\"]}]},{\"@type\":\"ImageObject\",\"inLanguage\":\"nb-NO\",\"@id\":\"https:\/\/nordnesrepublikken.no\/index.php\/2026\/04\/25\/pogacar-setter-henne-i-sikte\/#primaryimage\",\"url\":\"https:\/\/nordnesrepublikken.no\/wp-content\/uploads\/2026\/04\/1777124283_Pogacar-setter-henne-i-sikte.jpeg\",\"contentUrl\":\"https:\/\/nordnesrepublikken.no\/wp-content\/uploads\/2026\/04\/1777124283_Pogacar-setter-henne-i-sikte.jpeg\",\"width\":1599,\"height\":1066,\"caption\":\"Pogacar setter henne i sikte\"},{\"@type\":\"BreadcrumbList\",\"@id\":\"https:\/\/nordnesrepublikken.no\/index.php\/2026\/04\/25\/pogacar-setter-henne-i-sikte\/#breadcrumb\",\"itemListElement\":[{\"@type\":\"ListItem\",\"position\":1,\"name\":\"Home\",\"item\":\"https:\/\/nordnesrepublikken.no\/\"},{\"@type\":\"ListItem\",\"position\":2,\"name\":\"Pogacar setter henne i sikte\"}]},{\"@type\":\"WebSite\",\"@id\":\"https:\/\/nordnesrepublikken.no\/#website\",\"url\":\"https:\/\/nordnesrepublikken.no\/\",\"name\":\"Nordnesrepublikken\",\"description\":\"Stemmer og Visjoner fra Republikkens Hjerte\",\"publisher\":{\"@id\":\"https:\/\/nordnesrepublikken.no\/#organization\"},\"potentialAction\":[{\"@type\":\"SearchAction\",\"target\":{\"@type\":\"EntryPoint\",\"urlTemplate\":\"https:\/\/nordnesrepublikken.no\/?s={search_term_string}\"},\"query-input\":{\"@type\":\"PropertyValueSpecification\",\"valueRequired\":true,\"valueName\":\"search_term_string\"}}],\"inLanguage\":\"nb-NO\"},{\"@type\":\"Organization\",\"@id\":\"https:\/\/nordnesrepublikken.no\/#organization\",\"name\":\"Nordnesrepublikken\",\"url\":\"https:\/\/nordnesrepublikken.no\/\",\"logo\":{\"@type\":\"ImageObject\",\"inLanguage\":\"nb-NO\",\"@id\":\"https:\/\/nordnesrepublikken.no\/#\/schema\/logo\/image\/\",\"url\":\"https:\/\/nordnesrepublikken.no\/wp-content\/uploads\/2025\/02\/cropped-nordnesrepublikken-2.png\",\"contentUrl\":\"https:\/\/nordnesrepublikken.no\/wp-content\/uploads\/2025\/02\/cropped-nordnesrepublikken-2.png\",\"width\":1248,\"height\":362,\"caption\":\"Nordnesrepublikken\"},\"image\":{\"@id\":\"https:\/\/nordnesrepublikken.no\/#\/schema\/logo\/image\/\"}},{\"@type\":\"Person\",\"@id\":\"https:\/\/nordnesrepublikken.no\/#\/schema\/person\/2e7e81935bab77882fffb79296240ff1\",\"name\":\"Ole Andersen\",\"image\":{\"@type\":\"ImageObject\",\"inLanguage\":\"nb-NO\",\"@id\":\"https:\/\/nordnesrepublikken.no\/#\/schema\/person\/image\/\",\"url\":\"https:\/\/nordnesrepublikken.no\/wp-content\/uploads\/2025\/02\/nordnesrepublikken-2-2-150x150.jpg\",\"contentUrl\":\"https:\/\/nordnesrepublikken.no\/wp-content\/uploads\/2025\/02\/nordnesrepublikken-2-2-150x150.jpg\",\"caption\":\"Ole Andersen\"},\"description\":\"Ettersom jeg vokste opp i Oslo, har jeg alltid v\u00e6rt fascinert av ordenes kraft og deres evne til \u00e5 skape endringer. Etter \u00e5 ha fullf\u00f8rt min utdannelse i kommunikasjon ved Universitetet i Bergen, fikk jeg muligheten til \u00e5 jobbe innen ulike medier, der jeg har s\u00f8kt \u00e5 belyse viktige samfunnssp\u00f8rsm\u00e5l. I dag, som redakt\u00f8r for Nordnesrepublikken, pr\u00f8ver jeg \u00e5 forene min kj\u00e6rlighet for journalistikk med min lidenskap for innovasjon og eventyr.\",\"sameAs\":[\"https:\/\/nordnesrepublikken.no\/\"]}]}<\/script>\n<!-- \/ Yoast SEO plugin. -->","yoast_head_json":{"title":"Pogacar setter henne i sikte - Nordnesrepublikken","robots":{"index":"index","follow":"follow","max-snippet":"max-snippet:-1","max-image-preview":"max-image-preview:large","max-video-preview":"max-video-preview:-1"},"canonical":"https:\/\/nordnesrepublikken.no\/index.php\/2026\/04\/25\/pogacar-setter-henne-i-sikte\/","og_locale":"nb_NO","og_type":"article","og_title":"Pogacar setter henne i sikte - Nordnesrepublikken","og_description":"V\u00e5rklassikersesongen for landeveissykling avsluttes s\u00f8ndag 26. april 2026 med Li\u00e8ge-Bastogne-Li\u00e8geet l\u00f8p av 259 km og","og_url":"https:\/\/nordnesrepublikken.no\/index.php\/2026\/04\/25\/pogacar-setter-henne-i-sikte\/","og_site_name":"Nordnesrepublikken","article_published_time":"2026-04-25T13:38:01+00:00","article_modified_time":"2026-04-25T13:38:04+00:00","og_image":[{"width":1599,"height":1066,"url":"https:\/\/nordnesrepublikken.no\/wp-content\/uploads\/2026\/04\/1777124283_Pogacar-setter-henne-i-sikte.jpeg","type":"image\/jpeg"}],"author":"Ole Andersen","twitter_card":"summary_large_image","twitter_misc":{"Skrevet av":"Ole Andersen","Ansl. lesetid":"4 minutter"},"schema":{"@context":"https:\/\/schema.org","@graph":[{"@type":"Article","@id":"https:\/\/nordnesrepublikken.no\/index.php\/2026\/04\/25\/pogacar-setter-henne-i-sikte\/#article","isPartOf":{"@id":"https:\/\/nordnesrepublikken.no\/index.php\/2026\/04\/25\/pogacar-setter-henne-i-sikte\/"},"author":{"name":"Ole Andersen","@id":"https:\/\/nordnesrepublikken.no\/#\/schema\/person\/2e7e81935bab77882fffb79296240ff1"},"headline":"Pogacar setter henne i sikte","datePublished":"2026-04-25T13:38:01+00:00","dateModified":"2026-04-25T13:38:04+00:00","mainEntityOfPage":{"@id":"https:\/\/nordnesrepublikken.no\/index.php\/2026\/04\/25\/pogacar-setter-henne-i-sikte\/"},"wordCount":718,"publisher":{"@id":"https:\/\/nordnesrepublikken.no\/#organization"},"image":{"@id":"https:\/\/nordnesrepublikken.no\/index.php\/2026\/04\/25\/pogacar-setter-henne-i-sikte\/#primaryimage"},"thumbnailUrl":"https:\/\/nordnesrepublikken.no\/wp-content\/uploads\/2026\/04\/1777124283_Pogacar-setter-henne-i-sikte.jpeg","keywords":["henne","Pogacar","setter","sikte"],"articleSection":["Samfunn"],"inLanguage":"nb-NO"},{"@type":"WebPage","@id":"https:\/\/nordnesrepublikken.no\/index.php\/2026\/04\/25\/pogacar-setter-henne-i-sikte\/","url":"https:\/\/nordnesrepublikken.no\/index.php\/2026\/04\/25\/pogacar-setter-henne-i-sikte\/","name":"Pogacar setter henne i sikte - Nordnesrepublikken","isPartOf":{"@id":"https:\/\/nordnesrepublikken.no\/#website"},"primaryImageOfPage":{"@id":"https:\/\/nordnesrepublikken.no\/index.php\/2026\/04\/25\/pogacar-setter-henne-i-sikte\/#primaryimage"},"image":{"@id":"https:\/\/nordnesrepublikken.no\/index.php\/2026\/04\/25\/pogacar-setter-henne-i-sikte\/#primaryimage"},"thumbnailUrl":"https:\/\/nordnesrepublikken.no\/wp-content\/uploads\/2026\/04\/1777124283_Pogacar-setter-henne-i-sikte.jpeg","datePublished":"2026-04-25T13:38:01+00:00","dateModified":"2026-04-25T13:38:04+00:00","breadcrumb":{"@id":"https:\/\/nordnesrepublikken.no\/index.php\/2026\/04\/25\/pogacar-setter-henne-i-sikte\/#breadcrumb"},"inLanguage":"nb-NO","potentialAction":[{"@type":"ReadAction","target":["https:\/\/nordnesrepublikken.no\/index.php\/2026\/04\/25\/pogacar-setter-henne-i-sikte\/"]}]},{"@type":"ImageObject","inLanguage":"nb-NO","@id":"https:\/\/nordnesrepublikken.no\/index.php\/2026\/04\/25\/pogacar-setter-henne-i-sikte\/#primaryimage","url":"https:\/\/nordnesrepublikken.no\/wp-content\/uploads\/2026\/04\/1777124283_Pogacar-setter-henne-i-sikte.jpeg","contentUrl":"https:\/\/nordnesrepublikken.no\/wp-content\/uploads\/2026\/04\/1777124283_Pogacar-setter-henne-i-sikte.jpeg","width":1599,"height":1066,"caption":"Pogacar setter henne i sikte"},{"@type":"BreadcrumbList","@id":"https:\/\/nordnesrepublikken.no\/index.php\/2026\/04\/25\/pogacar-setter-henne-i-sikte\/#breadcrumb","itemListElement":[{"@type":"ListItem","position":1,"name":"Home","item":"https:\/\/nordnesrepublikken.no\/"},{"@type":"ListItem","position":2,"name":"Pogacar setter henne i sikte"}]},{"@type":"WebSite","@id":"https:\/\/nordnesrepublikken.no\/#website","url":"https:\/\/nordnesrepublikken.no\/","name":"Nordnesrepublikken","description":"Stemmer og Visjoner fra Republikkens Hjerte","publisher":{"@id":"https:\/\/nordnesrepublikken.no\/#organization"},"potentialAction":[{"@type":"SearchAction","target":{"@type":"EntryPoint","urlTemplate":"https:\/\/nordnesrepublikken.no\/?s={search_term_string}"},"query-input":{"@type":"PropertyValueSpecification","valueRequired":true,"valueName":"search_term_string"}}],"inLanguage":"nb-NO"},{"@type":"Organization","@id":"https:\/\/nordnesrepublikken.no\/#organization","name":"Nordnesrepublikken","url":"https:\/\/nordnesrepublikken.no\/","logo":{"@type":"ImageObject","inLanguage":"nb-NO","@id":"https:\/\/nordnesrepublikken.no\/#\/schema\/logo\/image\/","url":"https:\/\/nordnesrepublikken.no\/wp-content\/uploads\/2025\/02\/cropped-nordnesrepublikken-2.png","contentUrl":"https:\/\/nordnesrepublikken.no\/wp-content\/uploads\/2025\/02\/cropped-nordnesrepublikken-2.png","width":1248,"height":362,"caption":"Nordnesrepublikken"},"image":{"@id":"https:\/\/nordnesrepublikken.no\/#\/schema\/logo\/image\/"}},{"@type":"Person","@id":"https:\/\/nordnesrepublikken.no\/#\/schema\/person\/2e7e81935bab77882fffb79296240ff1","name":"Ole Andersen","image":{"@type":"ImageObject","inLanguage":"nb-NO","@id":"https:\/\/nordnesrepublikken.no\/#\/schema\/person\/image\/","url":"https:\/\/nordnesrepublikken.no\/wp-content\/uploads\/2025\/02\/nordnesrepublikken-2-2-150x150.jpg","contentUrl":"https:\/\/nordnesrepublikken.no\/wp-content\/uploads\/2025\/02\/nordnesrepublikken-2-2-150x150.jpg","caption":"Ole Andersen"},"description":"Ettersom jeg vokste opp i Oslo, har jeg alltid v\u00e6rt fascinert av ordenes kraft og deres evne til \u00e5 skape endringer. Etter \u00e5 ha fullf\u00f8rt min utdannelse i kommunikasjon ved Universitetet i Bergen, fikk jeg muligheten til \u00e5 jobbe innen ulike medier, der jeg har s\u00f8kt \u00e5 belyse viktige samfunnssp\u00f8rsm\u00e5l. I dag, som redakt\u00f8r for Nordnesrepublikken, pr\u00f8ver jeg \u00e5 forene min kj\u00e6rlighet for journalistikk med min lidenskap for innovasjon og eventyr.","sameAs":["https:\/\/nordnesrepublikken.no\/"]}]}},"_links":{"self":[{"href":"https:\/\/nordnesrepublikken.no\/index.php\/wp-json\/wp\/v2\/posts\/17433","targetHints":{"allow":["GET"]}}],"collection":[{"href":"https:\/\/nordnesrepublikken.no\/index.php\/wp-json\/wp\/v2\/posts"}],"about":[{"href":"https:\/\/nordnesrepublikken.no\/index.php\/wp-json\/wp\/v2\/types\/post"}],"author":[{"embeddable":true,"href":"https:\/\/nordnesrepublikken.no\/index.php\/wp-json\/wp\/v2\/users\/1"}],"replies":[{"embeddable":true,"href":"https:\/\/nordnesrepublikken.no\/index.php\/wp-json\/wp\/v2\/comments?post=17433"}],"version-history":[{"count":1,"href":"https:\/\/nordnesrepublikken.no\/index.php\/wp-json\/wp\/v2\/posts\/17433\/revisions"}],"predecessor-version":[{"id":17435,"href":"https:\/\/nordnesrepublikken.no\/index.php\/wp-json\/wp\/v2\/posts\/17433\/revisions\/17435"}],"wp:featuredmedia":[{"embeddable":true,"href":"https:\/\/nordnesrepublikken.no\/index.php\/wp-json\/wp\/v2\/media\/17434"}],"wp:attachment":[{"href":"https:\/\/nordnesrepublikken.no\/index.php\/wp-json\/wp\/v2\/media?parent=17433"}],"wp:term":[{"taxonomy":"category","embeddable":true,"href":"https:\/\/nordnesrepublikken.no\/index.php\/wp-json\/wp\/v2\/categories?post=17433"},{"taxonomy":"post_tag","embeddable":true,"href":"https:\/\/nordnesrepublikken.no\/index.php\/wp-json\/wp\/v2\/tags?post=17433"}],"curies":[{"name":"wp","href":"https:\/\/api.w.org\/{rel}","templated":true}]}}