{"id":17427,"date":"2026-04-25T13:35:49","date_gmt":"2026-04-25T11:35:49","guid":{"rendered":"https:\/\/nordnesrepublikken.no\/index.php\/2026\/04\/25\/opprinnelsen-i-1943-og-symbolets-historie\/"},"modified":"2026-04-25T13:35:51","modified_gmt":"2026-04-25T11:35:51","slug":"opprinnelsen-i-1943-og-symbolets-historie","status":"publish","type":"post","link":"https:\/\/nordnesrepublikken.no\/index.php\/2026\/04\/25\/opprinnelsen-i-1943-og-symbolets-historie\/","title":{"rendered":"opprinnelsen i 1943 og symbolets historie"},"content":{"rendered":"<div>\n<div class=\"cp_wrapper cp_wrapper--fw mb-30 mb-20@tablet\">\n<figure class=\"mm\"><picture class=\"img\" style=\"padding-top:56.25%\"><source  media=\"(min-width: 1024px)\"><source  media=\"(min-width: 768px)\"><\/source><\/source><\/picture><\/figure>\n<\/p><\/div>\n<p>Den antifascistiske pastaen er en popul\u00e6r tradisjon som ble f\u00f8dt i Italia under <strong>andre verdenskrig<\/strong>og som fortsatt er overlevert i dag over hele landet. Et symbol som har<strong> oppsto 25. juli 1943<\/strong> i provinsen Reggio Emilia, da Cervi-familien, for \u00e5 feire Mussolinis fall, delte ut tonnevis med gratis <strong>pasta med sm\u00f8r og ost<\/strong>. Siden den gang har <strong>Historisk antifascistisk pasta fra Casa Cervi<\/strong>som generelt har blitt et av symbolene p\u00e5 <strong>italiensk motstand<\/strong>selv ved anledninger som 25. april, dagen da<strong> Frigj\u00f8ring av Italia <\/strong>av det fascistiske regimet og okkupasjonen av nazistene.<\/p>\n<h2><strong>Hvordan tradisjonen med antifascistisk pasta ble f\u00f8dt: historien<\/strong><\/h2>\n<p>F\u00f8dselen til denne retten g\u00e5r tilbake til <strong>25. juli 1943<\/strong>datoen da Benito Mussolini ble avskjediget fra stillingen som statsminister av suverene Vittorio Emanuele III, etter 21 \u00e5r med regime. Dagen etter utnevnte kongen h\u00e6rmarskalk Pietro Badoglio til ny regjeringssjef. Krigen fortsatte, til tross for fascismens fall, med mange uskyldige ofre.<\/p>\n<p>Samme 25. juli, i Gattatico, Reggio Emilia, etter en dag med arbeid p\u00e5 landsbygda, ble Cervi-br\u00f8drene og -s\u00f8strene informert om Mussolinis fall og for \u00e5 feire nyhetene som markerte slutten p\u00e5 diktaturet de kokte og <strong>de delte ut pasta til hele landet<\/strong>. &laquo;Oppskriften&raquo;, veldig enkel, inkluderte pasta krydret med sm\u00f8r og parmesan. Cervi-br\u00f8drene skaffet mel til elting, sm\u00f8r og ost og lagde tonnevis med pasta (det sies at det var 380 kilo!), som de fraktet med vogn til torget i Campegine, for \u00e5 dele og feire.<\/p>\n<p>Pasta, en popul\u00e6r mat, <strong>ble et av symbolene p\u00e5 motstanden,<\/strong> nettopp i en historisk periode der Mussolini ba om \u00e5 konsumere ris i stedet for pasta, siden den ble produsert selvforsynt i Italia i motsetning til hvete. The Duce ble st\u00f8ttet i sin propaganda av futuristen Filippo Tommaso Marinetti, som <em>Manifestet for futuristisk kj\u00f8kken <\/em>han ba om avskaffelse av pasta av helsemessige og patriotiske \u00e5rsaker, og vurderte det som en mat som ikke passer for krigere.<\/p>\n<p><em> \u00abJeg kunngj\u00f8r den neste lanseringen av futuristisk kj\u00f8kken for total fornyelse av det italienske matsystemet, som skal tilpasses s\u00e5 snart som mulig behovene til den nye heroiske og dynamiske innsatsen som er p\u00e5lagt l\u00f8pet. Futuristisk kj\u00f8kken vil bli frigjort fra den gamle besettelse med volum og vekt og vil ha, som et av sine prinsipper, avskaffelse av pasta. Pasta, uansett hvor behagelig det er for ganen, er en tradisjonalistisk mat fordi den tynger, gj\u00f8r oss stygge, bedrar oss om dens ern\u00e6ringsmessige kapasitet, gj\u00f8r oss skeptiske, trege og pessimistiske. P\u00e5 den annen side er det patriotisk \u00e5 favorisere ris som erstatning.&raquo; <\/em>Marinetti erkl\u00e6rte p\u00e5 radioen. Manifestet ble deretter publisert to uker senere <em>Gazzetta del Popolo<\/em> av Torino 28. desember 1930.<\/p>\n<div class=\"cp_wrapper cp_wrapper--fw mb-50\">\n<figure class=\"mm\"><picture class=\"img\" style=\"padding-top:68.385416666667%\"><source  media=\"(min-width: 1024px)\"><source  media=\"(min-width: 768px)\"><img decoding=\"async\" loading=\"lazy\" src=\"https:\/\/nordnesrepublikken.no\/wp-content\/uploads\/2026\/04\/1777116949_938_opprinnelsen-i-1943-og-symbolets-historie.jpg\" alt=\"Bilde\" width=\"1920\" height=\"1313\"\/><\/source><\/source><\/picture><\/figure>\n<\/p><\/div>\n<h2><strong>Cervi-br\u00f8drene og familien<\/strong><\/h2>\n<p>Opprinnelig fra det nedre Reggio Emilia-omr\u00e5det, var Cervi en stor familie av b\u00f8nder-delere: foreldrene, Alcide Cervi og Genoeffa Cocconi, hadde ni barn. Sju hanner (Gelindo, Antenore, Aldo, Agostino, Ferdinando, Ovidio, Ettore) og to hunner (Diomira og Rina). Cervi flyttet til leie p\u00e5 g\u00e5rden til<strong> Campi Rossi, i Gattatico<\/strong>i 1934, og utnyttet en veldig lav leie, som var avhengig av vanskeligheten med \u00e5 dyrke disse landene. Disse skremte dem ikke, og tvert imot motiverte dem, og presset dem til \u00e5 ta i bruk nye banebrytende dyrkingsteknikker. De var de f\u00f8rste i omr\u00e5det, i 1939, som kj\u00f8pte en traktor.<\/p>\n<p>Fra begynnelsen av Mussolinis regime viste familien seg \u00e5 v\u00e6re dypt antifascistisk: Aldo, den tredje av br\u00f8drene, var allerede innesperret i Gaeta fengsel i 3 \u00e5r p\u00e5 slutten av 1920-tallet. Her leste han Gramsci og Marx og brakte l\u00e6ren deres tilbake da han kom tilbake til Gattatico, spredte sammen med sine br\u00f8dre alle de b\u00f8kene som hadde v\u00e6rt forbudt av fascismen, den kommunistiske avisen l&#8217;Unit\u00e0 og deltok i undergravende aktiviteter, inkludert flygeblader, sabotasje av fabrikker som produserte v\u00e5pen bestemt til krig, samt angrep mot de fascistiske garrisistenes ressurser, som hadde til hensikt \u00e5 samle inn milit\u00e6re ressurser. tjenesten og ble arrangert i Campi Rossi. Blant gjestene til \u00abCervi-gjengen\u00bb var det ogs\u00e5 mange tidligere sovjetiske fanger og utenlandske partisaner som kjempet for motstanden.<\/p>\n<p>Aktivismen deres kostet dem dyrt. I <strong>natt mellom 24. og 25. november 1943<\/strong>soldatene fra den italienske sosiale republikken omringet huset og engasjerte seg i en brannkamp som tvang partisanene til \u00e5 overgi seg. Br\u00f8drene, deres far Alcide og andre partisaner, inkludert Quarto Camurri, ble arrestert, og Cervi-huset ble oppslukt av flammer. De syv br\u00f8drene ble sammen med Camurri skutt av fascistene som gjengjeldelse ved daggry 28. desember 1943.<\/p>\n<h2><strong>Hjortemuseet i Gattatico<\/strong><\/h2>\n<p>I dag i Gattatico, p\u00e5 Campi Rossi, en g\u00e5rd p\u00e5 omtrent 16 hektar som ligger midt i Po-dalen, mellom Parma og Reggio Emilia, <strong>Hjortemuseet st\u00e5r:<\/strong> her, p\u00e5 jorden der Hjorten ankom i 1934 for \u00e5 dyrke den, er minnet om motstandsbevegelsen og bondebevegelsens historie bevart. \u00c5pent hele \u00e5ret, fra tirsdag til s\u00f8ndag, holdes museet og minnet det bevarer aktivt av Alcide Cervi Institute, etablert 24. april 1972 i Reggio Emilia p\u00e5 initiativ av<strong>National Farmers&#8217; Alliance<\/strong> (n\u00e5 den italienske bondekonf\u00f8derasjonen), fra den nasjonale sammenslutningen av partisaner i Italia, i provinsen Reggio Emilia og i Gattatico kommune.<\/p>\n<\/p><\/div>\n","protected":false},"excerpt":{"rendered":"<p>Den antifascistiske pastaen er en popul\u00e6r tradisjon som ble f\u00f8dt i Italia under andre verdenskrigog<\/p>\n","protected":false},"author":1,"featured_media":17428,"comment_status":"closed","ping_status":"open","sticky":false,"template":"","format":"standard","meta":{"footnotes":""},"categories":[104],"tags":[331,2162,11257],"class_list":["post-17427","post","type-post","status-publish","format-standard","has-post-thumbnail","hentry","category-samfunn","tag-historie","tag-opprinnelsen","tag-symbolets","generate-columns","tablet-grid-50","mobile-grid-100","grid-parent","grid-33","resize-featured-image"],"yoast_head":"<!-- This site is optimized with the Yoast SEO plugin v24.4 - https:\/\/yoast.com\/wordpress\/plugins\/seo\/ -->\n<title>opprinnelsen i 1943 og symbolets historie - Nordnesrepublikken<\/title>\n<meta name=\"robots\" content=\"index, follow, max-snippet:-1, max-image-preview:large, max-video-preview:-1\" \/>\n<link rel=\"canonical\" href=\"https:\/\/nordnesrepublikken.no\/index.php\/2026\/04\/25\/opprinnelsen-i-1943-og-symbolets-historie\/\" \/>\n<meta property=\"og:locale\" content=\"nb_NO\" \/>\n<meta property=\"og:type\" content=\"article\" \/>\n<meta property=\"og:title\" content=\"opprinnelsen i 1943 og symbolets historie - Nordnesrepublikken\" \/>\n<meta property=\"og:description\" content=\"Den antifascistiske pastaen er en popul\u00e6r tradisjon som ble f\u00f8dt i Italia under andre verdenskrigog\" \/>\n<meta property=\"og:url\" content=\"https:\/\/nordnesrepublikken.no\/index.php\/2026\/04\/25\/opprinnelsen-i-1943-og-symbolets-historie\/\" \/>\n<meta property=\"og:site_name\" content=\"Nordnesrepublikken\" \/>\n<meta property=\"article:published_time\" content=\"2026-04-25T11:35:49+00:00\" \/>\n<meta property=\"article:modified_time\" content=\"2026-04-25T11:35:51+00:00\" \/>\n<meta property=\"og:image\" content=\"https:\/\/nordnesrepublikken.no\/wp-content\/uploads\/2026\/04\/1777116951_opprinnelsen-i-1943-og-symbolets-historie.jpg\" \/>\n\t<meta property=\"og:image:width\" content=\"1376\" \/>\n\t<meta property=\"og:image:height\" content=\"768\" \/>\n\t<meta property=\"og:image:type\" content=\"image\/jpeg\" \/>\n<meta name=\"author\" content=\"Ole Andersen\" \/>\n<meta name=\"twitter:card\" content=\"summary_large_image\" \/>\n<meta name=\"twitter:label1\" content=\"Skrevet av\" \/>\n\t<meta name=\"twitter:data1\" content=\"Ole Andersen\" \/>\n\t<meta name=\"twitter:label2\" content=\"Ansl. lesetid\" \/>\n\t<meta name=\"twitter:data2\" content=\"4 minutter\" \/>\n<script type=\"application\/ld+json\" class=\"yoast-schema-graph\">{\"@context\":\"https:\/\/schema.org\",\"@graph\":[{\"@type\":\"Article\",\"@id\":\"https:\/\/nordnesrepublikken.no\/index.php\/2026\/04\/25\/opprinnelsen-i-1943-og-symbolets-historie\/#article\",\"isPartOf\":{\"@id\":\"https:\/\/nordnesrepublikken.no\/index.php\/2026\/04\/25\/opprinnelsen-i-1943-og-symbolets-historie\/\"},\"author\":{\"name\":\"Ole Andersen\",\"@id\":\"https:\/\/nordnesrepublikken.no\/#\/schema\/person\/2e7e81935bab77882fffb79296240ff1\"},\"headline\":\"opprinnelsen i 1943 og symbolets historie\",\"datePublished\":\"2026-04-25T11:35:49+00:00\",\"dateModified\":\"2026-04-25T11:35:51+00:00\",\"mainEntityOfPage\":{\"@id\":\"https:\/\/nordnesrepublikken.no\/index.php\/2026\/04\/25\/opprinnelsen-i-1943-og-symbolets-historie\/\"},\"wordCount\":838,\"publisher\":{\"@id\":\"https:\/\/nordnesrepublikken.no\/#organization\"},\"image\":{\"@id\":\"https:\/\/nordnesrepublikken.no\/index.php\/2026\/04\/25\/opprinnelsen-i-1943-og-symbolets-historie\/#primaryimage\"},\"thumbnailUrl\":\"https:\/\/nordnesrepublikken.no\/wp-content\/uploads\/2026\/04\/1777116951_opprinnelsen-i-1943-og-symbolets-historie.jpg\",\"keywords\":[\"historie\",\"Opprinnelsen\",\"symbolets\"],\"articleSection\":[\"Samfunn\"],\"inLanguage\":\"nb-NO\"},{\"@type\":\"WebPage\",\"@id\":\"https:\/\/nordnesrepublikken.no\/index.php\/2026\/04\/25\/opprinnelsen-i-1943-og-symbolets-historie\/\",\"url\":\"https:\/\/nordnesrepublikken.no\/index.php\/2026\/04\/25\/opprinnelsen-i-1943-og-symbolets-historie\/\",\"name\":\"opprinnelsen i 1943 og symbolets historie - Nordnesrepublikken\",\"isPartOf\":{\"@id\":\"https:\/\/nordnesrepublikken.no\/#website\"},\"primaryImageOfPage\":{\"@id\":\"https:\/\/nordnesrepublikken.no\/index.php\/2026\/04\/25\/opprinnelsen-i-1943-og-symbolets-historie\/#primaryimage\"},\"image\":{\"@id\":\"https:\/\/nordnesrepublikken.no\/index.php\/2026\/04\/25\/opprinnelsen-i-1943-og-symbolets-historie\/#primaryimage\"},\"thumbnailUrl\":\"https:\/\/nordnesrepublikken.no\/wp-content\/uploads\/2026\/04\/1777116951_opprinnelsen-i-1943-og-symbolets-historie.jpg\",\"datePublished\":\"2026-04-25T11:35:49+00:00\",\"dateModified\":\"2026-04-25T11:35:51+00:00\",\"breadcrumb\":{\"@id\":\"https:\/\/nordnesrepublikken.no\/index.php\/2026\/04\/25\/opprinnelsen-i-1943-og-symbolets-historie\/#breadcrumb\"},\"inLanguage\":\"nb-NO\",\"potentialAction\":[{\"@type\":\"ReadAction\",\"target\":[\"https:\/\/nordnesrepublikken.no\/index.php\/2026\/04\/25\/opprinnelsen-i-1943-og-symbolets-historie\/\"]}]},{\"@type\":\"ImageObject\",\"inLanguage\":\"nb-NO\",\"@id\":\"https:\/\/nordnesrepublikken.no\/index.php\/2026\/04\/25\/opprinnelsen-i-1943-og-symbolets-historie\/#primaryimage\",\"url\":\"https:\/\/nordnesrepublikken.no\/wp-content\/uploads\/2026\/04\/1777116951_opprinnelsen-i-1943-og-symbolets-historie.jpg\",\"contentUrl\":\"https:\/\/nordnesrepublikken.no\/wp-content\/uploads\/2026\/04\/1777116951_opprinnelsen-i-1943-og-symbolets-historie.jpg\",\"width\":1376,\"height\":768,\"caption\":\"opprinnelsen i 1943 og symbolets historie\"},{\"@type\":\"BreadcrumbList\",\"@id\":\"https:\/\/nordnesrepublikken.no\/index.php\/2026\/04\/25\/opprinnelsen-i-1943-og-symbolets-historie\/#breadcrumb\",\"itemListElement\":[{\"@type\":\"ListItem\",\"position\":1,\"name\":\"Home\",\"item\":\"https:\/\/nordnesrepublikken.no\/\"},{\"@type\":\"ListItem\",\"position\":2,\"name\":\"opprinnelsen i 1943 og symbolets historie\"}]},{\"@type\":\"WebSite\",\"@id\":\"https:\/\/nordnesrepublikken.no\/#website\",\"url\":\"https:\/\/nordnesrepublikken.no\/\",\"name\":\"Nordnesrepublikken\",\"description\":\"Stemmer og Visjoner fra Republikkens Hjerte\",\"publisher\":{\"@id\":\"https:\/\/nordnesrepublikken.no\/#organization\"},\"potentialAction\":[{\"@type\":\"SearchAction\",\"target\":{\"@type\":\"EntryPoint\",\"urlTemplate\":\"https:\/\/nordnesrepublikken.no\/?s={search_term_string}\"},\"query-input\":{\"@type\":\"PropertyValueSpecification\",\"valueRequired\":true,\"valueName\":\"search_term_string\"}}],\"inLanguage\":\"nb-NO\"},{\"@type\":\"Organization\",\"@id\":\"https:\/\/nordnesrepublikken.no\/#organization\",\"name\":\"Nordnesrepublikken\",\"url\":\"https:\/\/nordnesrepublikken.no\/\",\"logo\":{\"@type\":\"ImageObject\",\"inLanguage\":\"nb-NO\",\"@id\":\"https:\/\/nordnesrepublikken.no\/#\/schema\/logo\/image\/\",\"url\":\"https:\/\/nordnesrepublikken.no\/wp-content\/uploads\/2025\/02\/cropped-nordnesrepublikken-2.png\",\"contentUrl\":\"https:\/\/nordnesrepublikken.no\/wp-content\/uploads\/2025\/02\/cropped-nordnesrepublikken-2.png\",\"width\":1248,\"height\":362,\"caption\":\"Nordnesrepublikken\"},\"image\":{\"@id\":\"https:\/\/nordnesrepublikken.no\/#\/schema\/logo\/image\/\"}},{\"@type\":\"Person\",\"@id\":\"https:\/\/nordnesrepublikken.no\/#\/schema\/person\/2e7e81935bab77882fffb79296240ff1\",\"name\":\"Ole Andersen\",\"image\":{\"@type\":\"ImageObject\",\"inLanguage\":\"nb-NO\",\"@id\":\"https:\/\/nordnesrepublikken.no\/#\/schema\/person\/image\/\",\"url\":\"https:\/\/nordnesrepublikken.no\/wp-content\/uploads\/2025\/02\/nordnesrepublikken-2-2-150x150.jpg\",\"contentUrl\":\"https:\/\/nordnesrepublikken.no\/wp-content\/uploads\/2025\/02\/nordnesrepublikken-2-2-150x150.jpg\",\"caption\":\"Ole Andersen\"},\"description\":\"Ettersom jeg vokste opp i Oslo, har jeg alltid v\u00e6rt fascinert av ordenes kraft og deres evne til \u00e5 skape endringer. Etter \u00e5 ha fullf\u00f8rt min utdannelse i kommunikasjon ved Universitetet i Bergen, fikk jeg muligheten til \u00e5 jobbe innen ulike medier, der jeg har s\u00f8kt \u00e5 belyse viktige samfunnssp\u00f8rsm\u00e5l. I dag, som redakt\u00f8r for Nordnesrepublikken, pr\u00f8ver jeg \u00e5 forene min kj\u00e6rlighet for journalistikk med min lidenskap for innovasjon og eventyr.\",\"sameAs\":[\"https:\/\/nordnesrepublikken.no\/\"]}]}<\/script>\n<!-- \/ Yoast SEO plugin. -->","yoast_head_json":{"title":"opprinnelsen i 1943 og symbolets historie - Nordnesrepublikken","robots":{"index":"index","follow":"follow","max-snippet":"max-snippet:-1","max-image-preview":"max-image-preview:large","max-video-preview":"max-video-preview:-1"},"canonical":"https:\/\/nordnesrepublikken.no\/index.php\/2026\/04\/25\/opprinnelsen-i-1943-og-symbolets-historie\/","og_locale":"nb_NO","og_type":"article","og_title":"opprinnelsen i 1943 og symbolets historie - Nordnesrepublikken","og_description":"Den antifascistiske pastaen er en popul\u00e6r tradisjon som ble f\u00f8dt i Italia under andre verdenskrigog","og_url":"https:\/\/nordnesrepublikken.no\/index.php\/2026\/04\/25\/opprinnelsen-i-1943-og-symbolets-historie\/","og_site_name":"Nordnesrepublikken","article_published_time":"2026-04-25T11:35:49+00:00","article_modified_time":"2026-04-25T11:35:51+00:00","og_image":[{"width":1376,"height":768,"url":"https:\/\/nordnesrepublikken.no\/wp-content\/uploads\/2026\/04\/1777116951_opprinnelsen-i-1943-og-symbolets-historie.jpg","type":"image\/jpeg"}],"author":"Ole Andersen","twitter_card":"summary_large_image","twitter_misc":{"Skrevet av":"Ole Andersen","Ansl. lesetid":"4 minutter"},"schema":{"@context":"https:\/\/schema.org","@graph":[{"@type":"Article","@id":"https:\/\/nordnesrepublikken.no\/index.php\/2026\/04\/25\/opprinnelsen-i-1943-og-symbolets-historie\/#article","isPartOf":{"@id":"https:\/\/nordnesrepublikken.no\/index.php\/2026\/04\/25\/opprinnelsen-i-1943-og-symbolets-historie\/"},"author":{"name":"Ole Andersen","@id":"https:\/\/nordnesrepublikken.no\/#\/schema\/person\/2e7e81935bab77882fffb79296240ff1"},"headline":"opprinnelsen i 1943 og symbolets historie","datePublished":"2026-04-25T11:35:49+00:00","dateModified":"2026-04-25T11:35:51+00:00","mainEntityOfPage":{"@id":"https:\/\/nordnesrepublikken.no\/index.php\/2026\/04\/25\/opprinnelsen-i-1943-og-symbolets-historie\/"},"wordCount":838,"publisher":{"@id":"https:\/\/nordnesrepublikken.no\/#organization"},"image":{"@id":"https:\/\/nordnesrepublikken.no\/index.php\/2026\/04\/25\/opprinnelsen-i-1943-og-symbolets-historie\/#primaryimage"},"thumbnailUrl":"https:\/\/nordnesrepublikken.no\/wp-content\/uploads\/2026\/04\/1777116951_opprinnelsen-i-1943-og-symbolets-historie.jpg","keywords":["historie","Opprinnelsen","symbolets"],"articleSection":["Samfunn"],"inLanguage":"nb-NO"},{"@type":"WebPage","@id":"https:\/\/nordnesrepublikken.no\/index.php\/2026\/04\/25\/opprinnelsen-i-1943-og-symbolets-historie\/","url":"https:\/\/nordnesrepublikken.no\/index.php\/2026\/04\/25\/opprinnelsen-i-1943-og-symbolets-historie\/","name":"opprinnelsen i 1943 og symbolets historie - Nordnesrepublikken","isPartOf":{"@id":"https:\/\/nordnesrepublikken.no\/#website"},"primaryImageOfPage":{"@id":"https:\/\/nordnesrepublikken.no\/index.php\/2026\/04\/25\/opprinnelsen-i-1943-og-symbolets-historie\/#primaryimage"},"image":{"@id":"https:\/\/nordnesrepublikken.no\/index.php\/2026\/04\/25\/opprinnelsen-i-1943-og-symbolets-historie\/#primaryimage"},"thumbnailUrl":"https:\/\/nordnesrepublikken.no\/wp-content\/uploads\/2026\/04\/1777116951_opprinnelsen-i-1943-og-symbolets-historie.jpg","datePublished":"2026-04-25T11:35:49+00:00","dateModified":"2026-04-25T11:35:51+00:00","breadcrumb":{"@id":"https:\/\/nordnesrepublikken.no\/index.php\/2026\/04\/25\/opprinnelsen-i-1943-og-symbolets-historie\/#breadcrumb"},"inLanguage":"nb-NO","potentialAction":[{"@type":"ReadAction","target":["https:\/\/nordnesrepublikken.no\/index.php\/2026\/04\/25\/opprinnelsen-i-1943-og-symbolets-historie\/"]}]},{"@type":"ImageObject","inLanguage":"nb-NO","@id":"https:\/\/nordnesrepublikken.no\/index.php\/2026\/04\/25\/opprinnelsen-i-1943-og-symbolets-historie\/#primaryimage","url":"https:\/\/nordnesrepublikken.no\/wp-content\/uploads\/2026\/04\/1777116951_opprinnelsen-i-1943-og-symbolets-historie.jpg","contentUrl":"https:\/\/nordnesrepublikken.no\/wp-content\/uploads\/2026\/04\/1777116951_opprinnelsen-i-1943-og-symbolets-historie.jpg","width":1376,"height":768,"caption":"opprinnelsen i 1943 og symbolets historie"},{"@type":"BreadcrumbList","@id":"https:\/\/nordnesrepublikken.no\/index.php\/2026\/04\/25\/opprinnelsen-i-1943-og-symbolets-historie\/#breadcrumb","itemListElement":[{"@type":"ListItem","position":1,"name":"Home","item":"https:\/\/nordnesrepublikken.no\/"},{"@type":"ListItem","position":2,"name":"opprinnelsen i 1943 og symbolets historie"}]},{"@type":"WebSite","@id":"https:\/\/nordnesrepublikken.no\/#website","url":"https:\/\/nordnesrepublikken.no\/","name":"Nordnesrepublikken","description":"Stemmer og Visjoner fra Republikkens Hjerte","publisher":{"@id":"https:\/\/nordnesrepublikken.no\/#organization"},"potentialAction":[{"@type":"SearchAction","target":{"@type":"EntryPoint","urlTemplate":"https:\/\/nordnesrepublikken.no\/?s={search_term_string}"},"query-input":{"@type":"PropertyValueSpecification","valueRequired":true,"valueName":"search_term_string"}}],"inLanguage":"nb-NO"},{"@type":"Organization","@id":"https:\/\/nordnesrepublikken.no\/#organization","name":"Nordnesrepublikken","url":"https:\/\/nordnesrepublikken.no\/","logo":{"@type":"ImageObject","inLanguage":"nb-NO","@id":"https:\/\/nordnesrepublikken.no\/#\/schema\/logo\/image\/","url":"https:\/\/nordnesrepublikken.no\/wp-content\/uploads\/2025\/02\/cropped-nordnesrepublikken-2.png","contentUrl":"https:\/\/nordnesrepublikken.no\/wp-content\/uploads\/2025\/02\/cropped-nordnesrepublikken-2.png","width":1248,"height":362,"caption":"Nordnesrepublikken"},"image":{"@id":"https:\/\/nordnesrepublikken.no\/#\/schema\/logo\/image\/"}},{"@type":"Person","@id":"https:\/\/nordnesrepublikken.no\/#\/schema\/person\/2e7e81935bab77882fffb79296240ff1","name":"Ole Andersen","image":{"@type":"ImageObject","inLanguage":"nb-NO","@id":"https:\/\/nordnesrepublikken.no\/#\/schema\/person\/image\/","url":"https:\/\/nordnesrepublikken.no\/wp-content\/uploads\/2025\/02\/nordnesrepublikken-2-2-150x150.jpg","contentUrl":"https:\/\/nordnesrepublikken.no\/wp-content\/uploads\/2025\/02\/nordnesrepublikken-2-2-150x150.jpg","caption":"Ole Andersen"},"description":"Ettersom jeg vokste opp i Oslo, har jeg alltid v\u00e6rt fascinert av ordenes kraft og deres evne til \u00e5 skape endringer. Etter \u00e5 ha fullf\u00f8rt min utdannelse i kommunikasjon ved Universitetet i Bergen, fikk jeg muligheten til \u00e5 jobbe innen ulike medier, der jeg har s\u00f8kt \u00e5 belyse viktige samfunnssp\u00f8rsm\u00e5l. I dag, som redakt\u00f8r for Nordnesrepublikken, pr\u00f8ver jeg \u00e5 forene min kj\u00e6rlighet for journalistikk med min lidenskap for innovasjon og eventyr.","sameAs":["https:\/\/nordnesrepublikken.no\/"]}]}},"_links":{"self":[{"href":"https:\/\/nordnesrepublikken.no\/index.php\/wp-json\/wp\/v2\/posts\/17427","targetHints":{"allow":["GET"]}}],"collection":[{"href":"https:\/\/nordnesrepublikken.no\/index.php\/wp-json\/wp\/v2\/posts"}],"about":[{"href":"https:\/\/nordnesrepublikken.no\/index.php\/wp-json\/wp\/v2\/types\/post"}],"author":[{"embeddable":true,"href":"https:\/\/nordnesrepublikken.no\/index.php\/wp-json\/wp\/v2\/users\/1"}],"replies":[{"embeddable":true,"href":"https:\/\/nordnesrepublikken.no\/index.php\/wp-json\/wp\/v2\/comments?post=17427"}],"version-history":[{"count":1,"href":"https:\/\/nordnesrepublikken.no\/index.php\/wp-json\/wp\/v2\/posts\/17427\/revisions"}],"predecessor-version":[{"id":17429,"href":"https:\/\/nordnesrepublikken.no\/index.php\/wp-json\/wp\/v2\/posts\/17427\/revisions\/17429"}],"wp:featuredmedia":[{"embeddable":true,"href":"https:\/\/nordnesrepublikken.no\/index.php\/wp-json\/wp\/v2\/media\/17428"}],"wp:attachment":[{"href":"https:\/\/nordnesrepublikken.no\/index.php\/wp-json\/wp\/v2\/media?parent=17427"}],"wp:term":[{"taxonomy":"category","embeddable":true,"href":"https:\/\/nordnesrepublikken.no\/index.php\/wp-json\/wp\/v2\/categories?post=17427"},{"taxonomy":"post_tag","embeddable":true,"href":"https:\/\/nordnesrepublikken.no\/index.php\/wp-json\/wp\/v2\/tags?post=17427"}],"curies":[{"name":"wp","href":"https:\/\/api.w.org\/{rel}","templated":true}]}}