{"id":17415,"date":"2026-04-25T06:29:01","date_gmt":"2026-04-25T04:29:01","guid":{"rendered":"https:\/\/nordnesrepublikken.no\/index.php\/2026\/04\/25\/hva-er-anpi-foreningen-som-arrangerer-feiringen-av-25-april-og-hvorfor-den-fortsatt-eksisterer-i-dag\/"},"modified":"2026-04-25T06:29:04","modified_gmt":"2026-04-25T04:29:04","slug":"hva-er-anpi-foreningen-som-arrangerer-feiringen-av-25-april-og-hvorfor-den-fortsatt-eksisterer-i-dag","status":"publish","type":"post","link":"https:\/\/nordnesrepublikken.no\/index.php\/2026\/04\/25\/hva-er-anpi-foreningen-som-arrangerer-feiringen-av-25-april-og-hvorfor-den-fortsatt-eksisterer-i-dag\/","title":{"rendered":"Hva er ANPI, foreningen som arrangerer feiringen av 25. april og hvorfor den fortsatt eksisterer i dag"},"content":{"rendered":"<div>\n<div class=\"cp_wrapper cp_wrapper--fw mb-30 mb-20@tablet\">\n<figure class=\"mm\"><picture class=\"img\" style=\"padding-top:56.25%\"><source  media=\"(min-width: 1024px)\"><source  media=\"(min-width: 768px)\"><\/source><\/source><\/picture><\/figure>\n<\/p><\/div>\n<p>ANPI er en sammenslutning av borgere som har til hensikt \u00e5 beskytte minnet om motstanden og st\u00f8tte anvendelsen av grunnloven. Innvendig militerer de ca <strong>170 000 mennesker<\/strong>hvorav bare noen f\u00e5 kjempet i frigj\u00f8ringskrigen i 1943-45. Siden 2006 har faktisk ANPI ogs\u00e5 \u00e5pnet registrering for de som, til tross for at de ikke har kjempet, <strong>deler antifascismens prinsipper og verdier<\/strong>. Partisanene, som av aldersgrunner forsvinner, har i en viss forstand \u00abdelegert\u00bb andre mennesker til \u00e5 fortsette kampene sine for beskyttelse av motstandsbevegelsens minne og for anvendelse av Grunnloven. ANPI <strong>har eksistert siden 1944<\/strong> og har v\u00e6rt aktiv siden. Det er feil <strong>betraktet som en venstreorientert forening<\/strong>men i realiteten er den \u00e5pen for alle som erkl\u00e6rer seg demokratiske og antifascistiske.<\/p>\n<h2>Hva er ANPI og hvem kan ha kortet i dag<\/h2>\n<p>Nasjonalforeningen for italienske partisaner er et partnerskap som kjemper for <strong>bevare minnet om motstanden<\/strong> og \u00e5 st\u00f8tte prinsippene som animerte det. ANPI er derfor forpliktet til \u00e5 forsvare republikkens grunnlov som, etter \u00e5 ha blitt skrevet av antifascistiske politiske eksponenter og tidligere partisaner, anses som den <strong>den viktigste arven fra motstandsbevegelsen<\/strong>.<\/p>\n<p>For \u00e5 forf\u00f8lge sine m\u00e5l, organiserer ANPI aktiviteter p\u00e5 b\u00e5de nasjonalt og lokalt niv\u00e5, gjennom provinsielle komiteer og territorielle seksjoner til stede over hele landet.<\/p>\n<div class=\"cp_wrapper cp_wrapper--fw mb-50\">\n<figure class=\"mm\"><picture class=\"img\" style=\"padding-top:45.416666666667%\"><source  media=\"(min-width: 1024px)\"><source  media=\"(min-width: 768px)\"><img decoding=\"async\" loading=\"lazy\" src=\"https:\/\/nordnesrepublikken.no\/wp-content\/uploads\/2026\/04\/1777091340_178_Hva-er-ANPI-foreningen-som-arrangerer-feiringen-av-25-april.jpg\" alt=\"ANPI-logo\" width=\"3840\" height=\"1744\"\/><\/source><\/source><\/picture><\/figure>\n<\/p><\/div>\n<p>Tidligere var medlemskap bare \u00e5pent for de som hadde v\u00e6rt med i partisanformasjonene under andre verdenskrig, men siden 2006 har medlemskap v\u00e6rt \u00e5pent for alle som <strong>de anerkjenner motstandens verdier og prinsipper<\/strong>. For tiden er det medlemmer <strong>ca 170 000 <\/strong>(2025-data).<\/p>\n<p>ANPI er finansiert <strong>hovedsakelig med medlemskap<\/strong> og med bidrag fra medlemmer og st\u00f8ttespillere, som kan betale Foreningen <strong>5 promille av Irpef<\/strong>. Som en forening anerkjent som et moralsk organ, mottar den ogs\u00e5 <strong>bidrag fra offentlige instanser<\/strong>.<\/p>\n<h2>Historien om foreningen f\u00f8dt f\u00f8r krigens slutt<\/h2>\n<p>ANPI ble grunnlagt <strong>i Roma<\/strong> <strong>den 6. juni 1944<\/strong>to dager etter at byen var blitt frigjort fra nazistenes okkupasjon, p\u00e5 initiativ fra partisanene som hadde deltatt i kampen for frigj\u00f8ringen av byen. I 1945, da resten av Italia ble frigjort fra okkupasjon og fascisme, ble en \u00d8vre Italia-komit\u00e9 f\u00f8dt og ANPI ble <strong>en landsforening<\/strong>.<\/p>\n<p>Foreningens m\u00e5l var flere: \u00e5 forhindre tilbakevending av former for diktatur som det fascistiske, \u00e5 bringe stemmen til partisanene inn i utviklingen av offentlig politikk; hjelpe tidligere partisaner som s\u00f8kte arbeid.<\/p>\n<p>ANPI ble umiddelbart en <strong>viktig akt\u00f8r p\u00e5 den offentlige scenen<\/strong> og fikk rett til \u00e5 utnevne 16 medlemmer av <strong>Nasjonalt r\u00e5d<\/strong> (et slags parlament, som eksisterte fra 1945 til 1946). I de p\u00e5f\u00f8lgende \u00e5rene var hun aktiv i forsvaret av partisanene som ble stilt for retten for sine handlinger under motstanden. I 1947 feiret han <strong>f\u00f8rste nasjonale kongress<\/strong>hvor han ble valgt til president <strong>Arrigo Boldrini<\/strong>: han hadde v\u00e6rt en av lederne for motstanden i Emilia Romagna med nom de guerre <strong>Bulow<\/strong> og vil forbli i vervet til 2006.<\/p>\n<div class=\"cp_wrapper cp_wrapper--fw mb-50\">\n<figure class=\"mm\"><picture class=\"img\" style=\"padding-top:144.40298507463%\"><source  media=\"(min-width: 1024px)\"><source  media=\"(min-width: 768px)\"><img decoding=\"async\" loading=\"lazy\" src=\"https:\/\/nordnesrepublikken.no\/wp-content\/uploads\/2026\/04\/1777091341_827_Hva-er-ANPI-foreningen-som-arrangerer-feiringen-av-25-april.jpg\" alt=\"Arrigo Boldrini\" width=\"268\" height=\"387\" class=\"js-seedtag-img\"\/><\/source><\/source><\/picture><\/figure>\n<\/p><\/div>\n<p>Opprinnelig samlet ANPI alle partisanene, men mellom 1948 og 1949 gjennomgikk det <strong>splittet mellom eksponentene for det katolske og det liberal-sosialistiske omr\u00e5det<\/strong>som henholdsvis f\u00f8dte <strong>Italian Federation of Freedom Volunteers<\/strong> og til <strong>Italiensk forbund av partisanforeninger<\/strong>. Splittelsen skyldtes det faktum at selv om alle de antifascistiske kreftene hadde ledet motstanden sammen, hadde den kalde krigen for\u00e5rsaket uopprettelige brudd mellom de politiske kreftene (i samme periode skjedde en lignende splittelse i <strong>fagforeningssf\u00e6re<\/strong>fordi CISL og UIL atskilt fra CGIL). I ANPI forble fremfor alt partisanene knyttet til kommunistpartiet og sosialistpartiet: siden de hadde v\u00e6rt de mest tallrike i motstanden, var ANPI foreningen med det st\u00f8rste antallet medlemmer.<\/p>\n<p>I \u00e5rene etter ble Foreningen <strong>aktiv i den politiske debatten<\/strong> og i 1952 grunnla han sitt eget tidsskrift, <strong>Uavhengig hjemland<\/strong>som fortsatt eksisterer i dag. Gjennom \u00e5rene har ANPI st\u00e5tt opp for fred, mot opprustning, mot Francos Spania, for beskyttelse av Grunnloven. Det oppn\u00e5dde et viktig resultat i 1958, da Frivilligkorpset (\u00abh\u00e6ren\u00bb som samlet partisanene) ble anerkjent som et korps tilh\u00f8rende Forsvaret. I 1978 en av foreningens \u00e6respresidenter, <strong>Sandro Pertini<\/strong>ble valgt til republikkens president.<\/p>\n<h2><strong>For i dag er det en sammenslutning av partisaner<\/strong><\/h2>\n<p>Ettersom tiden gikk, ble antallet partisaner, av naturlige \u00e5rsaker, gradvis redusert. ANPI var skjebnebestemt til \u00e5 forsvinne. Hans forsvinning ville ha v\u00e6rt et problem fordi, ettersom \u00e5rene gikk, uunng\u00e5elig <strong>minne blekner<\/strong>. Betydningen av frigj\u00f8ring fra det fascistiske diktaturet og nazistenes okkupasjon ville blitt oppfattet med stadig mindre intensitet, med fare for at <strong>lignende former for undertrykkelse kan oppst\u00e5 igjen<\/strong>om enn i ny form..<\/p>\n<p>For \u00e5 unng\u00e5 denne faren bestemte partisanene seg i 2006 for \u00e5 slippe inn i ANPI ogs\u00e5 de som ikke hadde kjempet i frigj\u00f8ringskrigen, etter \u00e5 ha blitt f\u00f8dt senere, men <strong>han delte dens \u00e5nd og verdier<\/strong>. Partisanene, med andre ord, <strong>de betrodde andre mennesker beskyttelsen av motstandens minne og forsvaret av dens prinsipper:<\/strong> et grep som ikke er tilstrekkelig til \u00e5 fullstendig avverge faren for en tilbakevending av fascismen, men som tillot opprettelsen av et annet demokratisk &laquo;antistoff&raquo;.<\/p>\n<p>Derfor, selv om de kjempende partisanene hadde g\u00e5tt ned, var ANPI i stand til \u00e5 fortsette sine aktiviteter. Hun har de siste \u00e5rene hatt ansvaret for \u00e5 organisere feiringen av 25. april i hele landet, har deltatt aktivt i kampanjene for Nei-avstemningen om Grunnloven i 2006, i 2016 og har <strong>fremmet en rekke andre initiativ<\/strong>. I nyere tid har hun v\u00e6rt spesielt engasjert i initiativ mot folkemordet i Palestina, for nei-stemmen i folkeavstemningen i 2026 om rettferdighet og for forsvar av fred.<\/p>\n<div class=\"cp_wrapper cp_wrapper--fw mb-50\">\n<figure class=\"mm\"><picture class=\"img\" style=\"padding-top:56.25%\"><source  media=\"(min-width: 1024px)\"><source  media=\"(min-width: 768px)\"><img decoding=\"async\" loading=\"lazy\" src=\"https:\/\/nordnesrepublikken.no\/wp-content\/uploads\/2026\/04\/1777091341_28_Hva-er-ANPI-foreningen-som-arrangerer-feiringen-av-25-april.jpg\" alt=\"25. april i Torino (lastampa.it) kopi\" width=\"800\" height=\"450\"\/><\/source><\/source><\/picture><\/figure>\n<\/p><\/div>\n<p>ANPI har ogs\u00e5 v\u00e6rt involvert i kontroverser p\u00e5 grunn av noen posisjoner uttrykt av det nasjonale sekretariatet, for eksempel de som ble tatt om krigen mellom Russland og Ukraina, og i noen tilfeller har det v\u00e6rt p\u00e5virket av interne konflikter. Det blir ofte oppfattet som et venstreorientert politisk parti og best\u00e5r faktisk av et flertall av <strong>mennesker med progressive ideer<\/strong>. Foreningen er imidlertid ikke et politisk parti og er \u00e5pen for alle som vurderer det<strong> antifascist<\/strong>.<\/p>\n<\/p><\/div>\n","protected":false},"excerpt":{"rendered":"<p>ANPI er en sammenslutning av borgere som har til hensikt \u00e5 beskytte minnet om motstanden<\/p>\n","protected":false},"author":1,"featured_media":17416,"comment_status":"closed","ping_status":"open","sticky":false,"template":"","format":"standard","meta":{"footnotes":""},"categories":[104],"tags":[11250,619,11252,568,74,1621,9398,11251,157,144,101,31],"class_list":["post-17415","post","type-post","status-publish","format-standard","has-post-thumbnail","hentry","category-samfunn","tag-anpi","tag-april","tag-arrangerer","tag-dag","tag-den","tag-eksisterer","tag-feiringen","tag-foreningen","tag-fortsatt","tag-hva","tag-hvorfor","tag-som","generate-columns","tablet-grid-50","mobile-grid-100","grid-parent","grid-33","resize-featured-image"],"yoast_head":"<!-- This site is optimized with the Yoast SEO plugin v24.4 - https:\/\/yoast.com\/wordpress\/plugins\/seo\/ -->\n<title>Hva er ANPI, foreningen som arrangerer feiringen av 25. april og hvorfor den fortsatt eksisterer i dag - Nordnesrepublikken<\/title>\n<meta name=\"robots\" content=\"index, follow, max-snippet:-1, max-image-preview:large, max-video-preview:-1\" \/>\n<link rel=\"canonical\" href=\"https:\/\/nordnesrepublikken.no\/index.php\/2026\/04\/25\/hva-er-anpi-foreningen-som-arrangerer-feiringen-av-25-april-og-hvorfor-den-fortsatt-eksisterer-i-dag\/\" \/>\n<meta property=\"og:locale\" content=\"nb_NO\" \/>\n<meta property=\"og:type\" content=\"article\" \/>\n<meta property=\"og:title\" content=\"Hva er ANPI, foreningen som arrangerer feiringen av 25. april og hvorfor den fortsatt eksisterer i dag - Nordnesrepublikken\" \/>\n<meta property=\"og:description\" content=\"ANPI er en sammenslutning av borgere som har til hensikt \u00e5 beskytte minnet om motstanden\" \/>\n<meta property=\"og:url\" content=\"https:\/\/nordnesrepublikken.no\/index.php\/2026\/04\/25\/hva-er-anpi-foreningen-som-arrangerer-feiringen-av-25-april-og-hvorfor-den-fortsatt-eksisterer-i-dag\/\" \/>\n<meta property=\"og:site_name\" content=\"Nordnesrepublikken\" \/>\n<meta property=\"article:published_time\" content=\"2026-04-25T04:29:01+00:00\" \/>\n<meta property=\"article:modified_time\" content=\"2026-04-25T04:29:04+00:00\" \/>\n<meta property=\"og:image\" content=\"https:\/\/nordnesrepublikken.no\/wp-content\/uploads\/2026\/04\/Hva-er-ANPI-foreningen-som-arrangerer-feiringen-av-25-april.jpg\" \/>\n\t<meta property=\"og:image:width\" content=\"1200\" \/>\n\t<meta property=\"og:image:height\" content=\"800\" \/>\n\t<meta property=\"og:image:type\" content=\"image\/jpeg\" \/>\n<meta name=\"author\" content=\"Ole Andersen\" \/>\n<meta name=\"twitter:card\" content=\"summary_large_image\" \/>\n<meta name=\"twitter:label1\" content=\"Skrevet av\" \/>\n\t<meta name=\"twitter:data1\" content=\"Ole Andersen\" \/>\n\t<meta name=\"twitter:label2\" content=\"Ansl. lesetid\" \/>\n\t<meta name=\"twitter:data2\" content=\"5 minutter\" \/>\n<script type=\"application\/ld+json\" class=\"yoast-schema-graph\">{\"@context\":\"https:\/\/schema.org\",\"@graph\":[{\"@type\":\"Article\",\"@id\":\"https:\/\/nordnesrepublikken.no\/index.php\/2026\/04\/25\/hva-er-anpi-foreningen-som-arrangerer-feiringen-av-25-april-og-hvorfor-den-fortsatt-eksisterer-i-dag\/#article\",\"isPartOf\":{\"@id\":\"https:\/\/nordnesrepublikken.no\/index.php\/2026\/04\/25\/hva-er-anpi-foreningen-som-arrangerer-feiringen-av-25-april-og-hvorfor-den-fortsatt-eksisterer-i-dag\/\"},\"author\":{\"name\":\"Ole Andersen\",\"@id\":\"https:\/\/nordnesrepublikken.no\/#\/schema\/person\/2e7e81935bab77882fffb79296240ff1\"},\"headline\":\"Hva er ANPI, foreningen som arrangerer feiringen av 25. april og hvorfor den fortsatt eksisterer i dag\",\"datePublished\":\"2026-04-25T04:29:01+00:00\",\"dateModified\":\"2026-04-25T04:29:04+00:00\",\"mainEntityOfPage\":{\"@id\":\"https:\/\/nordnesrepublikken.no\/index.php\/2026\/04\/25\/hva-er-anpi-foreningen-som-arrangerer-feiringen-av-25-april-og-hvorfor-den-fortsatt-eksisterer-i-dag\/\"},\"wordCount\":966,\"publisher\":{\"@id\":\"https:\/\/nordnesrepublikken.no\/#organization\"},\"image\":{\"@id\":\"https:\/\/nordnesrepublikken.no\/index.php\/2026\/04\/25\/hva-er-anpi-foreningen-som-arrangerer-feiringen-av-25-april-og-hvorfor-den-fortsatt-eksisterer-i-dag\/#primaryimage\"},\"thumbnailUrl\":\"https:\/\/nordnesrepublikken.no\/wp-content\/uploads\/2026\/04\/Hva-er-ANPI-foreningen-som-arrangerer-feiringen-av-25-april.jpg\",\"keywords\":[\"ANPI\",\"april\",\"arrangerer\",\"dag\",\"den\",\"eksisterer\",\"feiringen\",\"foreningen\",\"fortsatt\",\"Hva\",\"hvorfor\",\"som\"],\"articleSection\":[\"Samfunn\"],\"inLanguage\":\"nb-NO\"},{\"@type\":\"WebPage\",\"@id\":\"https:\/\/nordnesrepublikken.no\/index.php\/2026\/04\/25\/hva-er-anpi-foreningen-som-arrangerer-feiringen-av-25-april-og-hvorfor-den-fortsatt-eksisterer-i-dag\/\",\"url\":\"https:\/\/nordnesrepublikken.no\/index.php\/2026\/04\/25\/hva-er-anpi-foreningen-som-arrangerer-feiringen-av-25-april-og-hvorfor-den-fortsatt-eksisterer-i-dag\/\",\"name\":\"Hva er ANPI, foreningen som arrangerer feiringen av 25. april og hvorfor den fortsatt eksisterer i dag - Nordnesrepublikken\",\"isPartOf\":{\"@id\":\"https:\/\/nordnesrepublikken.no\/#website\"},\"primaryImageOfPage\":{\"@id\":\"https:\/\/nordnesrepublikken.no\/index.php\/2026\/04\/25\/hva-er-anpi-foreningen-som-arrangerer-feiringen-av-25-april-og-hvorfor-den-fortsatt-eksisterer-i-dag\/#primaryimage\"},\"image\":{\"@id\":\"https:\/\/nordnesrepublikken.no\/index.php\/2026\/04\/25\/hva-er-anpi-foreningen-som-arrangerer-feiringen-av-25-april-og-hvorfor-den-fortsatt-eksisterer-i-dag\/#primaryimage\"},\"thumbnailUrl\":\"https:\/\/nordnesrepublikken.no\/wp-content\/uploads\/2026\/04\/Hva-er-ANPI-foreningen-som-arrangerer-feiringen-av-25-april.jpg\",\"datePublished\":\"2026-04-25T04:29:01+00:00\",\"dateModified\":\"2026-04-25T04:29:04+00:00\",\"breadcrumb\":{\"@id\":\"https:\/\/nordnesrepublikken.no\/index.php\/2026\/04\/25\/hva-er-anpi-foreningen-som-arrangerer-feiringen-av-25-april-og-hvorfor-den-fortsatt-eksisterer-i-dag\/#breadcrumb\"},\"inLanguage\":\"nb-NO\",\"potentialAction\":[{\"@type\":\"ReadAction\",\"target\":[\"https:\/\/nordnesrepublikken.no\/index.php\/2026\/04\/25\/hva-er-anpi-foreningen-som-arrangerer-feiringen-av-25-april-og-hvorfor-den-fortsatt-eksisterer-i-dag\/\"]}]},{\"@type\":\"ImageObject\",\"inLanguage\":\"nb-NO\",\"@id\":\"https:\/\/nordnesrepublikken.no\/index.php\/2026\/04\/25\/hva-er-anpi-foreningen-som-arrangerer-feiringen-av-25-april-og-hvorfor-den-fortsatt-eksisterer-i-dag\/#primaryimage\",\"url\":\"https:\/\/nordnesrepublikken.no\/wp-content\/uploads\/2026\/04\/Hva-er-ANPI-foreningen-som-arrangerer-feiringen-av-25-april.jpg\",\"contentUrl\":\"https:\/\/nordnesrepublikken.no\/wp-content\/uploads\/2026\/04\/Hva-er-ANPI-foreningen-som-arrangerer-feiringen-av-25-april.jpg\",\"width\":1200,\"height\":800,\"caption\":\"ANPI copertina\"},{\"@type\":\"BreadcrumbList\",\"@id\":\"https:\/\/nordnesrepublikken.no\/index.php\/2026\/04\/25\/hva-er-anpi-foreningen-som-arrangerer-feiringen-av-25-april-og-hvorfor-den-fortsatt-eksisterer-i-dag\/#breadcrumb\",\"itemListElement\":[{\"@type\":\"ListItem\",\"position\":1,\"name\":\"Home\",\"item\":\"https:\/\/nordnesrepublikken.no\/\"},{\"@type\":\"ListItem\",\"position\":2,\"name\":\"Hva er ANPI, foreningen som arrangerer feiringen av 25. april og hvorfor den fortsatt eksisterer i dag\"}]},{\"@type\":\"WebSite\",\"@id\":\"https:\/\/nordnesrepublikken.no\/#website\",\"url\":\"https:\/\/nordnesrepublikken.no\/\",\"name\":\"Nordnesrepublikken\",\"description\":\"Stemmer og Visjoner fra Republikkens Hjerte\",\"publisher\":{\"@id\":\"https:\/\/nordnesrepublikken.no\/#organization\"},\"potentialAction\":[{\"@type\":\"SearchAction\",\"target\":{\"@type\":\"EntryPoint\",\"urlTemplate\":\"https:\/\/nordnesrepublikken.no\/?s={search_term_string}\"},\"query-input\":{\"@type\":\"PropertyValueSpecification\",\"valueRequired\":true,\"valueName\":\"search_term_string\"}}],\"inLanguage\":\"nb-NO\"},{\"@type\":\"Organization\",\"@id\":\"https:\/\/nordnesrepublikken.no\/#organization\",\"name\":\"Nordnesrepublikken\",\"url\":\"https:\/\/nordnesrepublikken.no\/\",\"logo\":{\"@type\":\"ImageObject\",\"inLanguage\":\"nb-NO\",\"@id\":\"https:\/\/nordnesrepublikken.no\/#\/schema\/logo\/image\/\",\"url\":\"https:\/\/nordnesrepublikken.no\/wp-content\/uploads\/2025\/02\/cropped-nordnesrepublikken-2.png\",\"contentUrl\":\"https:\/\/nordnesrepublikken.no\/wp-content\/uploads\/2025\/02\/cropped-nordnesrepublikken-2.png\",\"width\":1248,\"height\":362,\"caption\":\"Nordnesrepublikken\"},\"image\":{\"@id\":\"https:\/\/nordnesrepublikken.no\/#\/schema\/logo\/image\/\"}},{\"@type\":\"Person\",\"@id\":\"https:\/\/nordnesrepublikken.no\/#\/schema\/person\/2e7e81935bab77882fffb79296240ff1\",\"name\":\"Ole Andersen\",\"image\":{\"@type\":\"ImageObject\",\"inLanguage\":\"nb-NO\",\"@id\":\"https:\/\/nordnesrepublikken.no\/#\/schema\/person\/image\/\",\"url\":\"https:\/\/nordnesrepublikken.no\/wp-content\/uploads\/2025\/02\/nordnesrepublikken-2-2-150x150.jpg\",\"contentUrl\":\"https:\/\/nordnesrepublikken.no\/wp-content\/uploads\/2025\/02\/nordnesrepublikken-2-2-150x150.jpg\",\"caption\":\"Ole Andersen\"},\"description\":\"Ettersom jeg vokste opp i Oslo, har jeg alltid v\u00e6rt fascinert av ordenes kraft og deres evne til \u00e5 skape endringer. Etter \u00e5 ha fullf\u00f8rt min utdannelse i kommunikasjon ved Universitetet i Bergen, fikk jeg muligheten til \u00e5 jobbe innen ulike medier, der jeg har s\u00f8kt \u00e5 belyse viktige samfunnssp\u00f8rsm\u00e5l. I dag, som redakt\u00f8r for Nordnesrepublikken, pr\u00f8ver jeg \u00e5 forene min kj\u00e6rlighet for journalistikk med min lidenskap for innovasjon og eventyr.\",\"sameAs\":[\"https:\/\/nordnesrepublikken.no\/\"]}]}<\/script>\n<!-- \/ Yoast SEO plugin. -->","yoast_head_json":{"title":"Hva er ANPI, foreningen som arrangerer feiringen av 25. april og hvorfor den fortsatt eksisterer i dag - Nordnesrepublikken","robots":{"index":"index","follow":"follow","max-snippet":"max-snippet:-1","max-image-preview":"max-image-preview:large","max-video-preview":"max-video-preview:-1"},"canonical":"https:\/\/nordnesrepublikken.no\/index.php\/2026\/04\/25\/hva-er-anpi-foreningen-som-arrangerer-feiringen-av-25-april-og-hvorfor-den-fortsatt-eksisterer-i-dag\/","og_locale":"nb_NO","og_type":"article","og_title":"Hva er ANPI, foreningen som arrangerer feiringen av 25. april og hvorfor den fortsatt eksisterer i dag - Nordnesrepublikken","og_description":"ANPI er en sammenslutning av borgere som har til hensikt \u00e5 beskytte minnet om motstanden","og_url":"https:\/\/nordnesrepublikken.no\/index.php\/2026\/04\/25\/hva-er-anpi-foreningen-som-arrangerer-feiringen-av-25-april-og-hvorfor-den-fortsatt-eksisterer-i-dag\/","og_site_name":"Nordnesrepublikken","article_published_time":"2026-04-25T04:29:01+00:00","article_modified_time":"2026-04-25T04:29:04+00:00","og_image":[{"width":1200,"height":800,"url":"https:\/\/nordnesrepublikken.no\/wp-content\/uploads\/2026\/04\/Hva-er-ANPI-foreningen-som-arrangerer-feiringen-av-25-april.jpg","type":"image\/jpeg"}],"author":"Ole Andersen","twitter_card":"summary_large_image","twitter_misc":{"Skrevet av":"Ole Andersen","Ansl. lesetid":"5 minutter"},"schema":{"@context":"https:\/\/schema.org","@graph":[{"@type":"Article","@id":"https:\/\/nordnesrepublikken.no\/index.php\/2026\/04\/25\/hva-er-anpi-foreningen-som-arrangerer-feiringen-av-25-april-og-hvorfor-den-fortsatt-eksisterer-i-dag\/#article","isPartOf":{"@id":"https:\/\/nordnesrepublikken.no\/index.php\/2026\/04\/25\/hva-er-anpi-foreningen-som-arrangerer-feiringen-av-25-april-og-hvorfor-den-fortsatt-eksisterer-i-dag\/"},"author":{"name":"Ole Andersen","@id":"https:\/\/nordnesrepublikken.no\/#\/schema\/person\/2e7e81935bab77882fffb79296240ff1"},"headline":"Hva er ANPI, foreningen som arrangerer feiringen av 25. april og hvorfor den fortsatt eksisterer i dag","datePublished":"2026-04-25T04:29:01+00:00","dateModified":"2026-04-25T04:29:04+00:00","mainEntityOfPage":{"@id":"https:\/\/nordnesrepublikken.no\/index.php\/2026\/04\/25\/hva-er-anpi-foreningen-som-arrangerer-feiringen-av-25-april-og-hvorfor-den-fortsatt-eksisterer-i-dag\/"},"wordCount":966,"publisher":{"@id":"https:\/\/nordnesrepublikken.no\/#organization"},"image":{"@id":"https:\/\/nordnesrepublikken.no\/index.php\/2026\/04\/25\/hva-er-anpi-foreningen-som-arrangerer-feiringen-av-25-april-og-hvorfor-den-fortsatt-eksisterer-i-dag\/#primaryimage"},"thumbnailUrl":"https:\/\/nordnesrepublikken.no\/wp-content\/uploads\/2026\/04\/Hva-er-ANPI-foreningen-som-arrangerer-feiringen-av-25-april.jpg","keywords":["ANPI","april","arrangerer","dag","den","eksisterer","feiringen","foreningen","fortsatt","Hva","hvorfor","som"],"articleSection":["Samfunn"],"inLanguage":"nb-NO"},{"@type":"WebPage","@id":"https:\/\/nordnesrepublikken.no\/index.php\/2026\/04\/25\/hva-er-anpi-foreningen-som-arrangerer-feiringen-av-25-april-og-hvorfor-den-fortsatt-eksisterer-i-dag\/","url":"https:\/\/nordnesrepublikken.no\/index.php\/2026\/04\/25\/hva-er-anpi-foreningen-som-arrangerer-feiringen-av-25-april-og-hvorfor-den-fortsatt-eksisterer-i-dag\/","name":"Hva er ANPI, foreningen som arrangerer feiringen av 25. april og hvorfor den fortsatt eksisterer i dag - Nordnesrepublikken","isPartOf":{"@id":"https:\/\/nordnesrepublikken.no\/#website"},"primaryImageOfPage":{"@id":"https:\/\/nordnesrepublikken.no\/index.php\/2026\/04\/25\/hva-er-anpi-foreningen-som-arrangerer-feiringen-av-25-april-og-hvorfor-den-fortsatt-eksisterer-i-dag\/#primaryimage"},"image":{"@id":"https:\/\/nordnesrepublikken.no\/index.php\/2026\/04\/25\/hva-er-anpi-foreningen-som-arrangerer-feiringen-av-25-april-og-hvorfor-den-fortsatt-eksisterer-i-dag\/#primaryimage"},"thumbnailUrl":"https:\/\/nordnesrepublikken.no\/wp-content\/uploads\/2026\/04\/Hva-er-ANPI-foreningen-som-arrangerer-feiringen-av-25-april.jpg","datePublished":"2026-04-25T04:29:01+00:00","dateModified":"2026-04-25T04:29:04+00:00","breadcrumb":{"@id":"https:\/\/nordnesrepublikken.no\/index.php\/2026\/04\/25\/hva-er-anpi-foreningen-som-arrangerer-feiringen-av-25-april-og-hvorfor-den-fortsatt-eksisterer-i-dag\/#breadcrumb"},"inLanguage":"nb-NO","potentialAction":[{"@type":"ReadAction","target":["https:\/\/nordnesrepublikken.no\/index.php\/2026\/04\/25\/hva-er-anpi-foreningen-som-arrangerer-feiringen-av-25-april-og-hvorfor-den-fortsatt-eksisterer-i-dag\/"]}]},{"@type":"ImageObject","inLanguage":"nb-NO","@id":"https:\/\/nordnesrepublikken.no\/index.php\/2026\/04\/25\/hva-er-anpi-foreningen-som-arrangerer-feiringen-av-25-april-og-hvorfor-den-fortsatt-eksisterer-i-dag\/#primaryimage","url":"https:\/\/nordnesrepublikken.no\/wp-content\/uploads\/2026\/04\/Hva-er-ANPI-foreningen-som-arrangerer-feiringen-av-25-april.jpg","contentUrl":"https:\/\/nordnesrepublikken.no\/wp-content\/uploads\/2026\/04\/Hva-er-ANPI-foreningen-som-arrangerer-feiringen-av-25-april.jpg","width":1200,"height":800,"caption":"ANPI copertina"},{"@type":"BreadcrumbList","@id":"https:\/\/nordnesrepublikken.no\/index.php\/2026\/04\/25\/hva-er-anpi-foreningen-som-arrangerer-feiringen-av-25-april-og-hvorfor-den-fortsatt-eksisterer-i-dag\/#breadcrumb","itemListElement":[{"@type":"ListItem","position":1,"name":"Home","item":"https:\/\/nordnesrepublikken.no\/"},{"@type":"ListItem","position":2,"name":"Hva er ANPI, foreningen som arrangerer feiringen av 25. april og hvorfor den fortsatt eksisterer i dag"}]},{"@type":"WebSite","@id":"https:\/\/nordnesrepublikken.no\/#website","url":"https:\/\/nordnesrepublikken.no\/","name":"Nordnesrepublikken","description":"Stemmer og Visjoner fra Republikkens Hjerte","publisher":{"@id":"https:\/\/nordnesrepublikken.no\/#organization"},"potentialAction":[{"@type":"SearchAction","target":{"@type":"EntryPoint","urlTemplate":"https:\/\/nordnesrepublikken.no\/?s={search_term_string}"},"query-input":{"@type":"PropertyValueSpecification","valueRequired":true,"valueName":"search_term_string"}}],"inLanguage":"nb-NO"},{"@type":"Organization","@id":"https:\/\/nordnesrepublikken.no\/#organization","name":"Nordnesrepublikken","url":"https:\/\/nordnesrepublikken.no\/","logo":{"@type":"ImageObject","inLanguage":"nb-NO","@id":"https:\/\/nordnesrepublikken.no\/#\/schema\/logo\/image\/","url":"https:\/\/nordnesrepublikken.no\/wp-content\/uploads\/2025\/02\/cropped-nordnesrepublikken-2.png","contentUrl":"https:\/\/nordnesrepublikken.no\/wp-content\/uploads\/2025\/02\/cropped-nordnesrepublikken-2.png","width":1248,"height":362,"caption":"Nordnesrepublikken"},"image":{"@id":"https:\/\/nordnesrepublikken.no\/#\/schema\/logo\/image\/"}},{"@type":"Person","@id":"https:\/\/nordnesrepublikken.no\/#\/schema\/person\/2e7e81935bab77882fffb79296240ff1","name":"Ole Andersen","image":{"@type":"ImageObject","inLanguage":"nb-NO","@id":"https:\/\/nordnesrepublikken.no\/#\/schema\/person\/image\/","url":"https:\/\/nordnesrepublikken.no\/wp-content\/uploads\/2025\/02\/nordnesrepublikken-2-2-150x150.jpg","contentUrl":"https:\/\/nordnesrepublikken.no\/wp-content\/uploads\/2025\/02\/nordnesrepublikken-2-2-150x150.jpg","caption":"Ole Andersen"},"description":"Ettersom jeg vokste opp i Oslo, har jeg alltid v\u00e6rt fascinert av ordenes kraft og deres evne til \u00e5 skape endringer. Etter \u00e5 ha fullf\u00f8rt min utdannelse i kommunikasjon ved Universitetet i Bergen, fikk jeg muligheten til \u00e5 jobbe innen ulike medier, der jeg har s\u00f8kt \u00e5 belyse viktige samfunnssp\u00f8rsm\u00e5l. I dag, som redakt\u00f8r for Nordnesrepublikken, pr\u00f8ver jeg \u00e5 forene min kj\u00e6rlighet for journalistikk med min lidenskap for innovasjon og eventyr.","sameAs":["https:\/\/nordnesrepublikken.no\/"]}]}},"_links":{"self":[{"href":"https:\/\/nordnesrepublikken.no\/index.php\/wp-json\/wp\/v2\/posts\/17415","targetHints":{"allow":["GET"]}}],"collection":[{"href":"https:\/\/nordnesrepublikken.no\/index.php\/wp-json\/wp\/v2\/posts"}],"about":[{"href":"https:\/\/nordnesrepublikken.no\/index.php\/wp-json\/wp\/v2\/types\/post"}],"author":[{"embeddable":true,"href":"https:\/\/nordnesrepublikken.no\/index.php\/wp-json\/wp\/v2\/users\/1"}],"replies":[{"embeddable":true,"href":"https:\/\/nordnesrepublikken.no\/index.php\/wp-json\/wp\/v2\/comments?post=17415"}],"version-history":[{"count":1,"href":"https:\/\/nordnesrepublikken.no\/index.php\/wp-json\/wp\/v2\/posts\/17415\/revisions"}],"predecessor-version":[{"id":17417,"href":"https:\/\/nordnesrepublikken.no\/index.php\/wp-json\/wp\/v2\/posts\/17415\/revisions\/17417"}],"wp:featuredmedia":[{"embeddable":true,"href":"https:\/\/nordnesrepublikken.no\/index.php\/wp-json\/wp\/v2\/media\/17416"}],"wp:attachment":[{"href":"https:\/\/nordnesrepublikken.no\/index.php\/wp-json\/wp\/v2\/media?parent=17415"}],"wp:term":[{"taxonomy":"category","embeddable":true,"href":"https:\/\/nordnesrepublikken.no\/index.php\/wp-json\/wp\/v2\/categories?post=17415"},{"taxonomy":"post_tag","embeddable":true,"href":"https:\/\/nordnesrepublikken.no\/index.php\/wp-json\/wp\/v2\/tags?post=17415"}],"curies":[{"name":"wp","href":"https:\/\/api.w.org\/{rel}","templated":true}]}}