{"id":17388,"date":"2026-04-24T12:12:37","date_gmt":"2026-04-24T10:12:37","guid":{"rendered":"https:\/\/nordnesrepublikken.no\/index.php\/2026\/04\/24\/hva-traktaten-og-turkiye-presedensen-sier\/"},"modified":"2026-04-24T12:12:44","modified_gmt":"2026-04-24T10:12:44","slug":"hva-traktaten-og-turkiye-presedensen-sier","status":"publish","type":"post","link":"https:\/\/nordnesrepublikken.no\/index.php\/2026\/04\/24\/hva-traktaten-og-turkiye-presedensen-sier\/","title":{"rendered":"hva traktaten og \u00abT\u00fcrkiye-presedensen\u00bb sier"},"content":{"rendered":"<div>\n<div class=\"cp_wrapper cp_wrapper--fw mb-30 mb-20@tablet\">\n<figure class=\"mm\"><picture class=\"img\" style=\"padding-top:56.25%\"><source  media=\"(min-width: 1024px)\"><source  media=\"(min-width: 768px)\"><\/source><\/source><\/picture><\/figure>\n<\/p><\/div>\n<p>I de siste timene er det <strong>lekket<\/strong> innholdet<strong> av en e-post<\/strong> intern av <strong>US Pentagon<\/strong>som skisserer alternativene som er tilgjengelige for USA for <strong>sanksjonere allierte<\/strong> av NATO som ikke st\u00f8ttet <strong>krig mot Iran.<\/strong> Dokumentet, sett utelukkende av <em>Reuters<\/em>vil ogs\u00e5 inkludere hypotesen om<strong> suspendering av Spania fra Atlanterhavsalliansen<\/strong>etter at regjeringen til Pedro S\u00e1nchez hadde forbudt bruk av milit\u00e6rbaser 30. mars <strong>Rota<\/strong> Og <strong>Mor\u00f3n<\/strong> for krigsoperasjoner mot Iran, og hevdet at de ikke \u00f8nsker \u00e5 bli dratt inn i en ensidig konflikt som ikke respekterer FNs pakt.<\/p>\n<p>President Donald <strong>Trump<\/strong> hadde allerede kunngjort sin intensjon <strong>bruke gjengjeldelse mot Spania<\/strong> for mangelen p\u00e5 st\u00f8tte i Midt\u00f8sten, en id\u00e9 som hadde for\u00e5rsaket diskusjon for risikoen for <strong>skape et alvorlig brudd<\/strong> innen NATO: vi husker blant annet at Atlanterhavsalliansen ble f\u00f8dt <strong>for rent defensive form\u00e5l<\/strong> \u2013 som fastsatt i artikkel 5 \u2013 e <strong>tenker ikke p\u00e5<\/strong> p\u00e5 noen m\u00e5te<strong>forpliktelse<\/strong> for at partene skal gripe inn i en konflikt provosert av en alliert, og fremfor alt, <strong>i strid med folkeretten<\/strong>. I mellomtiden svarte den spanske statsministeren med \u00e5 erkl\u00e6re at \u00abden spanske regjeringens posisjon er klar: absolutt samarbeid med v\u00e5re allierte, men alltid innenfor rammen av folkeretten\u00bb.<\/p>\n<p><strong>Men det er virkelig mulig<\/strong> suspendere eller <strong>jakte<\/strong> et NATO-medlemsland? Svaret er veldig enkelt: <strong>Ingen<\/strong>. De <strong>Atlanterhavspakten<\/strong> <strong>tenker ikke p\u00e5<\/strong> p\u00e5 ingen m\u00e5te muligheten for \u00e5 underkaste en alliert en<strong> brudd prosedyre<\/strong>Av <strong>suspensjon<\/strong> eller til og med av <strong>utvisning<\/strong>. Den eneste <strong>mulighet<\/strong> anerkjent er at av <strong>frivillig tilbaketrekning<\/strong> forutsatt i artikkel 13, som aldri har blitt brukt i historien f\u00f8r n\u00e5 \u2013 bortsett fra Frankrikes delvise tilbaketrekning fra den milit\u00e6re strukturen.<\/p>\n<p>Temaet var imidlertid <strong>allerede blitt behandlet<\/strong> p\u00e5 grunn av <strong>spenningen mellom NATO og T\u00fcrkiye<\/strong> mellom 2019 og 2020: episoden viste imidlertid at, selv i de mest alvorlige kriser, har Alliansen alltid foretrukket \u00e5 begrense spenninger i stedet for \u00e5 bryte med en ubeleilig alliert.<\/p>\n<h2>Utvisning og suspensjon av et medlemsland: Atlanterhavspakten<\/h2>\n<p>I motsetning til EU, NATOs grunnleggende traktat \u2013 dvs <strong>Nordatlantisk traktat<\/strong>signert i Washington den <strong>4. april 1949<\/strong> \u2013<strong> vurderer ikke noen krenkelsesprosedyre<\/strong>, <strong>suspensjon eller utvisning av medlemsland<\/strong>. Dette er et strukturelt gap i Atlanterhavspakten, mest sannsynlig tilsiktet, som effektivt forvandler muligheten for utvisning av en alliert til en politisk og juridisk umulig operasjon. Blant annet etter 77 \u00e5rs allianse, fortsatt i dag <strong>det er ingen presedens for frivillig utreise<\/strong>om ikke den delvise av Frankrike p\u00e5 1960-tallet, men bare knyttet til den milit\u00e6re strukturen (og fullstendig restaurert i 2009).<\/p>\n<p>Den eneste anerkjente muligheten er den frivillige tilbaketrekningen av en stat fra Atlanterhavsalliansen, gitt av<strong>artikkel 13 i Atlanterhavspakten<\/strong>. Mer spesifikt anerkjenner denne artikkelen muligheten for <strong>frivillig tilbaketrekking av en stat fra NATO<\/strong>etablerer:<\/p>\n<div class=\"cp_wrapper  mb-50\">\n<div class=\"qt\"><span class=\"icn\"><svg class=\"icn-cit\" viewbox=\"0 0 20 20\"><g clip-path=\"url(#clip-Quote)\"><g transform=\"translate(744 -8958)\"><rect data-name=\"Rettangolo 1\" width=\"20\" height=\"20\" transform=\"translate(-744 8958)\" fill=\"none\"\/><\/g><g data-name=\"Raggruppa 14\"><g transform=\"translate(0 0)\"><rect data-name=\"Rettangolo 24668\" width=\"20\" height=\"20\" transform=\"translate(0)\" fill=\"none\"\/><path data-name=\"Tracciato 45014\" d=\"M21.856,6.016V9.384a3.775,3.775,0,0,0-2.184.947,5.774,5.774,0,0,0-1.526,2.132,7.073,7.073,0,0,0-.553,2.816H21.7v8.105H13.33v-7.21A11.291,11.291,0,0,1,14.514,10.7a8.529,8.529,0,0,1,3.132-3.316A9.939,9.939,0,0,1,21.856,6.016Zm-11.421,0V9.384a3.775,3.775,0,0,0-2.184.947,5.774,5.774,0,0,0-1.526,2.132,7.073,7.073,0,0,0-.553,2.816h4.053v8.105H1.856v-7.21A11.088,11.088,0,0,1,3.067,10.7,8.718,8.718,0,0,1,6.224,7.384,9.939,9.939,0,0,1,10.435,6.016Z\" transform=\"translate(-1.856 -4.7)\"\/><\/g><\/g><\/g><\/svg><\/span><\/p>\n<p>  Tjue \u00e5r etter traktatens ikrafttredelse kan en part slutte \u00e5 v\u00e6re medlem ett \u00e5r etter at dens melding om oppsigelse er deponert hos regjeringen i Amerikas forente stater, som skal informere regjeringene til de andre partene om innlevering av enhver melding om oppsigelse. <\/p>\n<\/div>\n<\/div>\n<p>Ingen fest, <strong>ikke engang USA,<\/strong> kan bestemme selvstendig<strong> sparke en alliert ut av NATO<\/strong>: tvert imot, et land kan uavhengig bestemme seg for \u00e5 forlate Alliansen ett \u00e5r etter \u00e5 ha kommunisert det til den amerikanske regjeringen, som vil informere de andre statene.<\/p>\n<p>Det eneste v\u00e5penet i USAs hender er derfor potensial <strong>bilaterale gjengjeldelser mot Spania, <\/strong>som \u00e5 redusere milit\u00e6rt og \u00f8konomisk samarbeid, trekke ut eiendeler eller \u00f8kt politisk press. For \u00e5 vurdere, er det imidlertid sp\u00f8rsm\u00e5let om basene: Spania er vertskap for 2 NATO-milit\u00e6rbaser &#8211; den til Rota og den til <strong>Mor\u00f3n, brukt i fellesskap av Spania og USA &#8211; <\/strong>to strategiske utposter for Middelhavet spesielt for Washington, som dermed kan nyte lett tilgang til b\u00e5de Midt\u00f8sten og Afrika.<\/p>\n<h2>Presedensen til T\u00fcrkiye (aldri utvist fra Atlanterhavsalliansen)<\/h2>\n<p>Selv om det ikke er noen presedens for frivillig tilbaketrekning eller utvisning av et NATO-medlem, <strong>det er ikke f\u00f8rste gang<\/strong> at dette temaet blir diskutert i Alliansen. Saken om <strong>T\u00fcrkiye, faktisk,<\/strong> det er den mest betydningsfulle historiske presedensen for \u00e5 forst\u00e5 de praktiske grensene for NATO-systemet.<\/p>\n<p>Spenningen med Ankara begynte i <strong>juli 2019, <\/strong>n\u00e5r<strong> Tyrkiye<\/strong> mottatt de f\u00f8rste batteriene av <strong>Russisk missilsystem<\/strong> <strong>S-400<\/strong>bryte med et av de grunnleggende prinsippene til Alliansen: interoperabiliteten til forsvarssystemene. Washington hadde advart flere ganger at kj\u00f8pet av S-400s var <strong>uforenlig<\/strong> med tyrkisk deltakelse i <strong>plan<\/strong> av <strong>F-35<\/strong>femte generasjon amerikanske jagerbombefly, hvis utvikling Tyrkia selv hadde bidratt til.<\/p>\n<p>Det amerikanske svaret var derfor <strong>formell ekskludering av Ankara fra F-35-programmet<\/strong> og i desember 2020 p\u00e5legges <strong>sanksjoner<\/strong> til den tyrkiske forsvarsindustrien.<\/p>\n<p>I tillegg til disse spenningene kom ytterligere friksjoner p\u00e5 grunn av de tyrkiske milit\u00e6roperasjonene som ble utf\u00f8rt mot <strong>Syriske kurdere<\/strong> (styrker st\u00f8ttet av USA) og de veldig harde <strong>sammenst\u00f8t<\/strong> med <strong>Hellas<\/strong> i det \u00f8stlige Middelhavet sommeren 2020 for bl.a <strong>rettigheter til energiutforskning<\/strong> \u2013 en episode som krevde direkte NATO-mekling.<\/p>\n<p>Til tross for en direkte krise med USA, geopolitiske spenninger med et annet NATO-medlem og kj\u00f8p av russiske v\u00e5pen som anses uforenlige med kollektiv sikkerhet, <strong>Tyrkia har aldri blitt suspendert eller utvist fra NATO:<\/strong> Ankara, blant annet, har aldri vurdert muligheten for \u00e5 forlate Atlanterhavsalliansen, som fortsatt er strategisk for landets interesser.<\/p>\n<\/p><\/div>\n","protected":false},"excerpt":{"rendered":"<p>I de siste timene er det lekket innholdet av en e-post intern av US Pentagonsom<\/p>\n","protected":false},"author":1,"featured_media":17389,"comment_status":"closed","ping_status":"open","sticky":false,"template":"","format":"standard","meta":{"footnotes":""},"categories":[23],"tags":[144,752,11235,11236],"class_list":["post-17388","post","type-post","status-publish","format-standard","has-post-thumbnail","hentry","category-politikk","tag-hva","tag-sier","tag-traktaten","tag-turkiyepresedensen","generate-columns","tablet-grid-50","mobile-grid-100","grid-parent","grid-33","resize-featured-image"],"yoast_head":"<!-- This site is optimized with the Yoast SEO plugin v24.4 - https:\/\/yoast.com\/wordpress\/plugins\/seo\/ -->\n<title>hva traktaten og \u00abT\u00fcrkiye-presedensen\u00bb sier - Nordnesrepublikken<\/title>\n<meta name=\"robots\" content=\"index, follow, max-snippet:-1, max-image-preview:large, max-video-preview:-1\" \/>\n<link rel=\"canonical\" href=\"https:\/\/nordnesrepublikken.no\/index.php\/2026\/04\/24\/hva-traktaten-og-turkiye-presedensen-sier\/\" \/>\n<meta property=\"og:locale\" content=\"nb_NO\" \/>\n<meta property=\"og:type\" content=\"article\" \/>\n<meta property=\"og:title\" content=\"hva traktaten og \u00abT\u00fcrkiye-presedensen\u00bb sier - Nordnesrepublikken\" \/>\n<meta property=\"og:description\" content=\"I de siste timene er det lekket innholdet av en e-post intern av US Pentagonsom\" \/>\n<meta property=\"og:url\" content=\"https:\/\/nordnesrepublikken.no\/index.php\/2026\/04\/24\/hva-traktaten-og-turkiye-presedensen-sier\/\" \/>\n<meta property=\"og:site_name\" content=\"Nordnesrepublikken\" \/>\n<meta property=\"article:published_time\" content=\"2026-04-24T10:12:37+00:00\" \/>\n<meta property=\"article:modified_time\" content=\"2026-04-24T10:12:44+00:00\" \/>\n<meta property=\"og:image\" content=\"https:\/\/nordnesrepublikken.no\/wp-content\/uploads\/2026\/04\/1777025559_hva-traktaten-og-Turkiye-presedensen-sier-scaled.jpg\" \/>\n\t<meta property=\"og:image:width\" content=\"2560\" \/>\n\t<meta property=\"og:image:height\" content=\"1429\" \/>\n\t<meta property=\"og:image:type\" content=\"image\/jpeg\" \/>\n<meta name=\"author\" content=\"Ole Andersen\" \/>\n<meta name=\"twitter:card\" content=\"summary_large_image\" \/>\n<meta name=\"twitter:label1\" content=\"Skrevet av\" \/>\n\t<meta name=\"twitter:data1\" content=\"Ole Andersen\" \/>\n\t<meta name=\"twitter:label2\" content=\"Ansl. lesetid\" \/>\n\t<meta name=\"twitter:data2\" content=\"4 minutter\" \/>\n<script type=\"application\/ld+json\" class=\"yoast-schema-graph\">{\"@context\":\"https:\/\/schema.org\",\"@graph\":[{\"@type\":\"Article\",\"@id\":\"https:\/\/nordnesrepublikken.no\/index.php\/2026\/04\/24\/hva-traktaten-og-turkiye-presedensen-sier\/#article\",\"isPartOf\":{\"@id\":\"https:\/\/nordnesrepublikken.no\/index.php\/2026\/04\/24\/hva-traktaten-og-turkiye-presedensen-sier\/\"},\"author\":{\"name\":\"Ole Andersen\",\"@id\":\"https:\/\/nordnesrepublikken.no\/#\/schema\/person\/2e7e81935bab77882fffb79296240ff1\"},\"headline\":\"hva traktaten og \u00abT\u00fcrkiye-presedensen\u00bb sier\",\"datePublished\":\"2026-04-24T10:12:37+00:00\",\"dateModified\":\"2026-04-24T10:12:44+00:00\",\"mainEntityOfPage\":{\"@id\":\"https:\/\/nordnesrepublikken.no\/index.php\/2026\/04\/24\/hva-traktaten-og-turkiye-presedensen-sier\/\"},\"wordCount\":845,\"publisher\":{\"@id\":\"https:\/\/nordnesrepublikken.no\/#organization\"},\"image\":{\"@id\":\"https:\/\/nordnesrepublikken.no\/index.php\/2026\/04\/24\/hva-traktaten-og-turkiye-presedensen-sier\/#primaryimage\"},\"thumbnailUrl\":\"https:\/\/nordnesrepublikken.no\/wp-content\/uploads\/2026\/04\/1777025559_hva-traktaten-og-Turkiye-presedensen-sier-scaled.jpg\",\"keywords\":[\"Hva\",\"sier\",\"traktaten\",\"T\u00fcrkiyepresedensen\"],\"articleSection\":[\"Politikk\"],\"inLanguage\":\"nb-NO\"},{\"@type\":\"WebPage\",\"@id\":\"https:\/\/nordnesrepublikken.no\/index.php\/2026\/04\/24\/hva-traktaten-og-turkiye-presedensen-sier\/\",\"url\":\"https:\/\/nordnesrepublikken.no\/index.php\/2026\/04\/24\/hva-traktaten-og-turkiye-presedensen-sier\/\",\"name\":\"hva traktaten og \u00abT\u00fcrkiye-presedensen\u00bb sier - Nordnesrepublikken\",\"isPartOf\":{\"@id\":\"https:\/\/nordnesrepublikken.no\/#website\"},\"primaryImageOfPage\":{\"@id\":\"https:\/\/nordnesrepublikken.no\/index.php\/2026\/04\/24\/hva-traktaten-og-turkiye-presedensen-sier\/#primaryimage\"},\"image\":{\"@id\":\"https:\/\/nordnesrepublikken.no\/index.php\/2026\/04\/24\/hva-traktaten-og-turkiye-presedensen-sier\/#primaryimage\"},\"thumbnailUrl\":\"https:\/\/nordnesrepublikken.no\/wp-content\/uploads\/2026\/04\/1777025559_hva-traktaten-og-Turkiye-presedensen-sier-scaled.jpg\",\"datePublished\":\"2026-04-24T10:12:37+00:00\",\"dateModified\":\"2026-04-24T10:12:44+00:00\",\"breadcrumb\":{\"@id\":\"https:\/\/nordnesrepublikken.no\/index.php\/2026\/04\/24\/hva-traktaten-og-turkiye-presedensen-sier\/#breadcrumb\"},\"inLanguage\":\"nb-NO\",\"potentialAction\":[{\"@type\":\"ReadAction\",\"target\":[\"https:\/\/nordnesrepublikken.no\/index.php\/2026\/04\/24\/hva-traktaten-og-turkiye-presedensen-sier\/\"]}]},{\"@type\":\"ImageObject\",\"inLanguage\":\"nb-NO\",\"@id\":\"https:\/\/nordnesrepublikken.no\/index.php\/2026\/04\/24\/hva-traktaten-og-turkiye-presedensen-sier\/#primaryimage\",\"url\":\"https:\/\/nordnesrepublikken.no\/wp-content\/uploads\/2026\/04\/1777025559_hva-traktaten-og-Turkiye-presedensen-sier-scaled.jpg\",\"contentUrl\":\"https:\/\/nordnesrepublikken.no\/wp-content\/uploads\/2026\/04\/1777025559_hva-traktaten-og-Turkiye-presedensen-sier-scaled.jpg\",\"width\":2560,\"height\":1429,\"caption\":\"hva traktaten og \u00abT\u00fcrkiye-presedensen\u00bb sier\"},{\"@type\":\"BreadcrumbList\",\"@id\":\"https:\/\/nordnesrepublikken.no\/index.php\/2026\/04\/24\/hva-traktaten-og-turkiye-presedensen-sier\/#breadcrumb\",\"itemListElement\":[{\"@type\":\"ListItem\",\"position\":1,\"name\":\"Home\",\"item\":\"https:\/\/nordnesrepublikken.no\/\"},{\"@type\":\"ListItem\",\"position\":2,\"name\":\"hva traktaten og \u00abT\u00fcrkiye-presedensen\u00bb sier\"}]},{\"@type\":\"WebSite\",\"@id\":\"https:\/\/nordnesrepublikken.no\/#website\",\"url\":\"https:\/\/nordnesrepublikken.no\/\",\"name\":\"Nordnesrepublikken\",\"description\":\"Stemmer og Visjoner fra Republikkens Hjerte\",\"publisher\":{\"@id\":\"https:\/\/nordnesrepublikken.no\/#organization\"},\"potentialAction\":[{\"@type\":\"SearchAction\",\"target\":{\"@type\":\"EntryPoint\",\"urlTemplate\":\"https:\/\/nordnesrepublikken.no\/?s={search_term_string}\"},\"query-input\":{\"@type\":\"PropertyValueSpecification\",\"valueRequired\":true,\"valueName\":\"search_term_string\"}}],\"inLanguage\":\"nb-NO\"},{\"@type\":\"Organization\",\"@id\":\"https:\/\/nordnesrepublikken.no\/#organization\",\"name\":\"Nordnesrepublikken\",\"url\":\"https:\/\/nordnesrepublikken.no\/\",\"logo\":{\"@type\":\"ImageObject\",\"inLanguage\":\"nb-NO\",\"@id\":\"https:\/\/nordnesrepublikken.no\/#\/schema\/logo\/image\/\",\"url\":\"https:\/\/nordnesrepublikken.no\/wp-content\/uploads\/2025\/02\/cropped-nordnesrepublikken-2.png\",\"contentUrl\":\"https:\/\/nordnesrepublikken.no\/wp-content\/uploads\/2025\/02\/cropped-nordnesrepublikken-2.png\",\"width\":1248,\"height\":362,\"caption\":\"Nordnesrepublikken\"},\"image\":{\"@id\":\"https:\/\/nordnesrepublikken.no\/#\/schema\/logo\/image\/\"}},{\"@type\":\"Person\",\"@id\":\"https:\/\/nordnesrepublikken.no\/#\/schema\/person\/2e7e81935bab77882fffb79296240ff1\",\"name\":\"Ole Andersen\",\"image\":{\"@type\":\"ImageObject\",\"inLanguage\":\"nb-NO\",\"@id\":\"https:\/\/nordnesrepublikken.no\/#\/schema\/person\/image\/\",\"url\":\"https:\/\/nordnesrepublikken.no\/wp-content\/uploads\/2025\/02\/nordnesrepublikken-2-2-150x150.jpg\",\"contentUrl\":\"https:\/\/nordnesrepublikken.no\/wp-content\/uploads\/2025\/02\/nordnesrepublikken-2-2-150x150.jpg\",\"caption\":\"Ole Andersen\"},\"description\":\"Ettersom jeg vokste opp i Oslo, har jeg alltid v\u00e6rt fascinert av ordenes kraft og deres evne til \u00e5 skape endringer. Etter \u00e5 ha fullf\u00f8rt min utdannelse i kommunikasjon ved Universitetet i Bergen, fikk jeg muligheten til \u00e5 jobbe innen ulike medier, der jeg har s\u00f8kt \u00e5 belyse viktige samfunnssp\u00f8rsm\u00e5l. I dag, som redakt\u00f8r for Nordnesrepublikken, pr\u00f8ver jeg \u00e5 forene min kj\u00e6rlighet for journalistikk med min lidenskap for innovasjon og eventyr.\",\"sameAs\":[\"https:\/\/nordnesrepublikken.no\/\"]}]}<\/script>\n<!-- \/ Yoast SEO plugin. -->","yoast_head_json":{"title":"hva traktaten og \u00abT\u00fcrkiye-presedensen\u00bb sier - Nordnesrepublikken","robots":{"index":"index","follow":"follow","max-snippet":"max-snippet:-1","max-image-preview":"max-image-preview:large","max-video-preview":"max-video-preview:-1"},"canonical":"https:\/\/nordnesrepublikken.no\/index.php\/2026\/04\/24\/hva-traktaten-og-turkiye-presedensen-sier\/","og_locale":"nb_NO","og_type":"article","og_title":"hva traktaten og \u00abT\u00fcrkiye-presedensen\u00bb sier - Nordnesrepublikken","og_description":"I de siste timene er det lekket innholdet av en e-post intern av US Pentagonsom","og_url":"https:\/\/nordnesrepublikken.no\/index.php\/2026\/04\/24\/hva-traktaten-og-turkiye-presedensen-sier\/","og_site_name":"Nordnesrepublikken","article_published_time":"2026-04-24T10:12:37+00:00","article_modified_time":"2026-04-24T10:12:44+00:00","og_image":[{"width":2560,"height":1429,"url":"https:\/\/nordnesrepublikken.no\/wp-content\/uploads\/2026\/04\/1777025559_hva-traktaten-og-Turkiye-presedensen-sier-scaled.jpg","type":"image\/jpeg"}],"author":"Ole Andersen","twitter_card":"summary_large_image","twitter_misc":{"Skrevet av":"Ole Andersen","Ansl. lesetid":"4 minutter"},"schema":{"@context":"https:\/\/schema.org","@graph":[{"@type":"Article","@id":"https:\/\/nordnesrepublikken.no\/index.php\/2026\/04\/24\/hva-traktaten-og-turkiye-presedensen-sier\/#article","isPartOf":{"@id":"https:\/\/nordnesrepublikken.no\/index.php\/2026\/04\/24\/hva-traktaten-og-turkiye-presedensen-sier\/"},"author":{"name":"Ole Andersen","@id":"https:\/\/nordnesrepublikken.no\/#\/schema\/person\/2e7e81935bab77882fffb79296240ff1"},"headline":"hva traktaten og \u00abT\u00fcrkiye-presedensen\u00bb sier","datePublished":"2026-04-24T10:12:37+00:00","dateModified":"2026-04-24T10:12:44+00:00","mainEntityOfPage":{"@id":"https:\/\/nordnesrepublikken.no\/index.php\/2026\/04\/24\/hva-traktaten-og-turkiye-presedensen-sier\/"},"wordCount":845,"publisher":{"@id":"https:\/\/nordnesrepublikken.no\/#organization"},"image":{"@id":"https:\/\/nordnesrepublikken.no\/index.php\/2026\/04\/24\/hva-traktaten-og-turkiye-presedensen-sier\/#primaryimage"},"thumbnailUrl":"https:\/\/nordnesrepublikken.no\/wp-content\/uploads\/2026\/04\/1777025559_hva-traktaten-og-Turkiye-presedensen-sier-scaled.jpg","keywords":["Hva","sier","traktaten","T\u00fcrkiyepresedensen"],"articleSection":["Politikk"],"inLanguage":"nb-NO"},{"@type":"WebPage","@id":"https:\/\/nordnesrepublikken.no\/index.php\/2026\/04\/24\/hva-traktaten-og-turkiye-presedensen-sier\/","url":"https:\/\/nordnesrepublikken.no\/index.php\/2026\/04\/24\/hva-traktaten-og-turkiye-presedensen-sier\/","name":"hva traktaten og \u00abT\u00fcrkiye-presedensen\u00bb sier - Nordnesrepublikken","isPartOf":{"@id":"https:\/\/nordnesrepublikken.no\/#website"},"primaryImageOfPage":{"@id":"https:\/\/nordnesrepublikken.no\/index.php\/2026\/04\/24\/hva-traktaten-og-turkiye-presedensen-sier\/#primaryimage"},"image":{"@id":"https:\/\/nordnesrepublikken.no\/index.php\/2026\/04\/24\/hva-traktaten-og-turkiye-presedensen-sier\/#primaryimage"},"thumbnailUrl":"https:\/\/nordnesrepublikken.no\/wp-content\/uploads\/2026\/04\/1777025559_hva-traktaten-og-Turkiye-presedensen-sier-scaled.jpg","datePublished":"2026-04-24T10:12:37+00:00","dateModified":"2026-04-24T10:12:44+00:00","breadcrumb":{"@id":"https:\/\/nordnesrepublikken.no\/index.php\/2026\/04\/24\/hva-traktaten-og-turkiye-presedensen-sier\/#breadcrumb"},"inLanguage":"nb-NO","potentialAction":[{"@type":"ReadAction","target":["https:\/\/nordnesrepublikken.no\/index.php\/2026\/04\/24\/hva-traktaten-og-turkiye-presedensen-sier\/"]}]},{"@type":"ImageObject","inLanguage":"nb-NO","@id":"https:\/\/nordnesrepublikken.no\/index.php\/2026\/04\/24\/hva-traktaten-og-turkiye-presedensen-sier\/#primaryimage","url":"https:\/\/nordnesrepublikken.no\/wp-content\/uploads\/2026\/04\/1777025559_hva-traktaten-og-Turkiye-presedensen-sier-scaled.jpg","contentUrl":"https:\/\/nordnesrepublikken.no\/wp-content\/uploads\/2026\/04\/1777025559_hva-traktaten-og-Turkiye-presedensen-sier-scaled.jpg","width":2560,"height":1429,"caption":"hva traktaten og \u00abT\u00fcrkiye-presedensen\u00bb sier"},{"@type":"BreadcrumbList","@id":"https:\/\/nordnesrepublikken.no\/index.php\/2026\/04\/24\/hva-traktaten-og-turkiye-presedensen-sier\/#breadcrumb","itemListElement":[{"@type":"ListItem","position":1,"name":"Home","item":"https:\/\/nordnesrepublikken.no\/"},{"@type":"ListItem","position":2,"name":"hva traktaten og \u00abT\u00fcrkiye-presedensen\u00bb sier"}]},{"@type":"WebSite","@id":"https:\/\/nordnesrepublikken.no\/#website","url":"https:\/\/nordnesrepublikken.no\/","name":"Nordnesrepublikken","description":"Stemmer og Visjoner fra Republikkens Hjerte","publisher":{"@id":"https:\/\/nordnesrepublikken.no\/#organization"},"potentialAction":[{"@type":"SearchAction","target":{"@type":"EntryPoint","urlTemplate":"https:\/\/nordnesrepublikken.no\/?s={search_term_string}"},"query-input":{"@type":"PropertyValueSpecification","valueRequired":true,"valueName":"search_term_string"}}],"inLanguage":"nb-NO"},{"@type":"Organization","@id":"https:\/\/nordnesrepublikken.no\/#organization","name":"Nordnesrepublikken","url":"https:\/\/nordnesrepublikken.no\/","logo":{"@type":"ImageObject","inLanguage":"nb-NO","@id":"https:\/\/nordnesrepublikken.no\/#\/schema\/logo\/image\/","url":"https:\/\/nordnesrepublikken.no\/wp-content\/uploads\/2025\/02\/cropped-nordnesrepublikken-2.png","contentUrl":"https:\/\/nordnesrepublikken.no\/wp-content\/uploads\/2025\/02\/cropped-nordnesrepublikken-2.png","width":1248,"height":362,"caption":"Nordnesrepublikken"},"image":{"@id":"https:\/\/nordnesrepublikken.no\/#\/schema\/logo\/image\/"}},{"@type":"Person","@id":"https:\/\/nordnesrepublikken.no\/#\/schema\/person\/2e7e81935bab77882fffb79296240ff1","name":"Ole Andersen","image":{"@type":"ImageObject","inLanguage":"nb-NO","@id":"https:\/\/nordnesrepublikken.no\/#\/schema\/person\/image\/","url":"https:\/\/nordnesrepublikken.no\/wp-content\/uploads\/2025\/02\/nordnesrepublikken-2-2-150x150.jpg","contentUrl":"https:\/\/nordnesrepublikken.no\/wp-content\/uploads\/2025\/02\/nordnesrepublikken-2-2-150x150.jpg","caption":"Ole Andersen"},"description":"Ettersom jeg vokste opp i Oslo, har jeg alltid v\u00e6rt fascinert av ordenes kraft og deres evne til \u00e5 skape endringer. Etter \u00e5 ha fullf\u00f8rt min utdannelse i kommunikasjon ved Universitetet i Bergen, fikk jeg muligheten til \u00e5 jobbe innen ulike medier, der jeg har s\u00f8kt \u00e5 belyse viktige samfunnssp\u00f8rsm\u00e5l. I dag, som redakt\u00f8r for Nordnesrepublikken, pr\u00f8ver jeg \u00e5 forene min kj\u00e6rlighet for journalistikk med min lidenskap for innovasjon og eventyr.","sameAs":["https:\/\/nordnesrepublikken.no\/"]}]}},"_links":{"self":[{"href":"https:\/\/nordnesrepublikken.no\/index.php\/wp-json\/wp\/v2\/posts\/17388","targetHints":{"allow":["GET"]}}],"collection":[{"href":"https:\/\/nordnesrepublikken.no\/index.php\/wp-json\/wp\/v2\/posts"}],"about":[{"href":"https:\/\/nordnesrepublikken.no\/index.php\/wp-json\/wp\/v2\/types\/post"}],"author":[{"embeddable":true,"href":"https:\/\/nordnesrepublikken.no\/index.php\/wp-json\/wp\/v2\/users\/1"}],"replies":[{"embeddable":true,"href":"https:\/\/nordnesrepublikken.no\/index.php\/wp-json\/wp\/v2\/comments?post=17388"}],"version-history":[{"count":1,"href":"https:\/\/nordnesrepublikken.no\/index.php\/wp-json\/wp\/v2\/posts\/17388\/revisions"}],"predecessor-version":[{"id":17390,"href":"https:\/\/nordnesrepublikken.no\/index.php\/wp-json\/wp\/v2\/posts\/17388\/revisions\/17390"}],"wp:featuredmedia":[{"embeddable":true,"href":"https:\/\/nordnesrepublikken.no\/index.php\/wp-json\/wp\/v2\/media\/17389"}],"wp:attachment":[{"href":"https:\/\/nordnesrepublikken.no\/index.php\/wp-json\/wp\/v2\/media?parent=17388"}],"wp:term":[{"taxonomy":"category","embeddable":true,"href":"https:\/\/nordnesrepublikken.no\/index.php\/wp-json\/wp\/v2\/categories?post=17388"},{"taxonomy":"post_tag","embeddable":true,"href":"https:\/\/nordnesrepublikken.no\/index.php\/wp-json\/wp\/v2\/tags?post=17388"}],"curies":[{"name":"wp","href":"https:\/\/api.w.org\/{rel}","templated":true}]}}