{"id":17379,"date":"2026-04-24T09:14:51","date_gmt":"2026-04-24T07:14:51","guid":{"rendered":"https:\/\/nordnesrepublikken.no\/index.php\/2026\/04\/24\/hydrotermisk-aktivitet-oppdaget-i-enmedio-vulkanen-pa-1600-m-dyp-mellom-tenerife-og-gran-canaria\/"},"modified":"2026-04-24T09:14:56","modified_gmt":"2026-04-24T07:14:56","slug":"hydrotermisk-aktivitet-oppdaget-i-enmedio-vulkanen-pa-1600-m-dyp-mellom-tenerife-og-gran-canaria","status":"publish","type":"post","link":"https:\/\/nordnesrepublikken.no\/index.php\/2026\/04\/24\/hydrotermisk-aktivitet-oppdaget-i-enmedio-vulkanen-pa-1600-m-dyp-mellom-tenerife-og-gran-canaria\/","title":{"rendered":"Hydrotermisk aktivitet oppdaget i Enmedio-vulkanen p\u00e5 1600 m dyp mellom Tenerife og Gran Canaria"},"content":{"rendered":"<div>\n<div class=\"cp_wrapper cp_wrapper--fw mb-30 mb-20@tablet\">\n<figure class=\"mm\"><picture class=\"img\" style=\"padding-top:56.25%\"><source  media=\"(min-width: 1024px)\"><source  media=\"(min-width: 768px)\"><\/source><\/source><\/picture><\/figure>\n<\/p><\/div>\n<p>Forskere fra det spanske instituttet for oseanografi har identifisert bevis for for f\u00f8rste gang <strong>aktivitet<\/strong> <strong>hydrotermisk<\/strong> i omr\u00e5det rundt undervannsvulkanen <strong>Enmedio<\/strong>ligger ca <strong>1600 m <\/strong>av dybde i kanalen mellom <strong>Tenerife<\/strong> Og <strong>Grand<\/strong> <strong>Kanari\u00f8yene<\/strong>i Atlanterhavet. I f\u00f8lge eksperter vil hydrotermalismen til Enmedio (bokstavelig talt &laquo;i midten&raquo;, p\u00e5 grunn av sin posisjon) ha en direkte innflytelse p\u00e5 <strong>biogeokjemiske prosesser<\/strong> i havvannet i det vulkanske omr\u00e5det, inkludert \u00f8kningen i <strong>temperatur<\/strong> av vanns\u00f8ylen, variasjoner <strong>kjemikalier<\/strong> og endringer i aktiviteten til<strong> prokaryote organismer<\/strong>.<\/p>\n<h2>IEO-studien om det vulkanske omr\u00e5det og dets betydning<\/h2>\n<p>Ligger ca 25 km fra <strong>Tenerife<\/strong> og 36 km fra <strong>Grand<\/strong> <strong>Kanari\u00f8yene<\/strong>vulkanen <strong>Enmedio<\/strong> det er en bygning av <strong>konisk form<\/strong> med en bunndiameter p\u00e5 ca <strong>3,5 km<\/strong>. Den stiger mellom <strong>560 og 730 moh<\/strong> fra havbunnen og toppen ligger omtrent 1600 meter under havoverflaten. I de siste ti\u00e5rene har det v\u00e6rt gjenstand for flere studier rettet mot \u00e5 karakterisere dens rolle innenfor den vulkanske skj\u00e6rg\u00e5rden p\u00e5 Kanari\u00f8yene. Regionen rundt Enmedio er faktisk kjent for en <strong>vedvarende seismisitet<\/strong> av magmato-tektonisk opprinnelse.<\/p>\n<p>En ny studie, nylig publisert i det internasjonale tidsskriftet <em>Bulletin of Volcanology<\/em> og ledet av et team av forskere fra<strong> Oceanografisk senter p\u00e5 Kanari\u00f8yene <\/strong>(Centro Oceanogr\u00e1fico de Canarias, Instituto Espa\u00f1ol de Oceanograf\u00eda), demonstrerte hvordan <strong>sirkulasjon<\/strong> <strong>av v\u00e6sker<\/strong> <strong>hydrotermisk<\/strong>og spesielt lekkasje av <strong>varme vandige l\u00f8sninger<\/strong> og rik p\u00e5 <strong>mineraler<\/strong> <strong>oppl\u00f8st<\/strong> fra jordskorpen, har en betydelig innvirkning p\u00e5 balansen mellom biologiske, kjemiske og fysiske prosesser i vannet rundt det vulkanske byggverket. Selv om fenomener av denne typen er godt dokumentert i flere omr\u00e5der av kloden, er dette f\u00f8rste gang spor etter hydrotermisk sirkulasjon er oppdaget i omr\u00e5det rundt Enmedio.<\/p>\n<p>Det som gj\u00f8r denne studien spesielt viktig er mangfoldet av bevis p\u00e5 hydrotermalisme som har dukket opp <strong>ulike etterforskningsomr\u00e5der<\/strong>fra det kjemiske til det biologiske. Faktisk er studien basert p\u00e5 en <strong>tverrfaglig tiln\u00e6rming<\/strong> Og <strong>multianalytisk<\/strong>integrerer nesten en <strong>ti\u00e5r med data<\/strong> samlet gjennom ulike oseanografiske kampanjer. Disse inkluderer analyser <strong>petrologisk<\/strong>teksturell og mineralogisk gjennom <strong>skanningselektronmikroskopi,<\/strong> sammen med unders\u00f8kelser <strong>geokjemikalier<\/strong> Og <strong>isotopisk<\/strong> av steinpr\u00f8ver. Kjemisk-fysiske m\u00e5linger av <strong>s\u00f8yle<\/strong> <strong>av vann<\/strong> (sammensetning, temperatur, trykk, ledningsevne og n\u00e6ringsstoffer), klimatologiske data og analyse av mengden og sammensetningen av <strong>prokaryote samfunn<\/strong> (bakterier og arkea). Til slutt, digitale h\u00f8ydemodeller, <strong>seismiske profiler<\/strong> og data <strong>batymetrisk<\/strong>ervervet gjennom <strong>ekkolodd<\/strong>ble brukt til \u00e5 rekonstruere i detalj morfologien til den vulkanske bygningen og egenskapene til den underliggende skorpen.<\/p>\n<div class=\"cp_wrapper cp_wrapper--fw mb-50\">\n<figure class=\"mm\"><picture class=\"img\" style=\"padding-top:33.631194151097%\"><source  media=\"(min-width: 1024px)\"><source  media=\"(min-width: 768px)\"><img decoding=\"async\" loading=\"lazy\" src=\"https:\/\/nordnesrepublikken.no\/wp-content\/uploads\/2026\/04\/1777014891_831_Hydrotermisk-aktivitet-oppdaget-i-Enmedio-vulkanen-pa-1600-m-dyp-mellom.jpg\" alt=\"Bilde\" width=\"1231\" height=\"414\"\/><\/source><\/source><\/picture><\/figure>\n<\/p><\/div>\n<h2>Bevis p\u00e5 hydrotermisk aktivitet<\/h2>\n<p>P\u00e5 grunnlag av disse unders\u00f8kelsene kom det f\u00f8rst og fremst frem at utslipp av hydrotermiske v\u00e6sker gjennom <strong>brudd<\/strong> Og <strong>feil<\/strong> i skorpen for\u00e5rsaker en \u00f8kning i <strong>temperatur<\/strong> av vann til <strong>0,5\u00b0C<\/strong> sammenlignet med omr\u00e5dene rundt. I tillegg kommer en variasjon i den kjemiske sammensetningen av vanns\u00f8ylen over vulkanen, som er anriket <strong>ammoniakk<\/strong>, <strong>fosfater<\/strong>, <strong>nitrater<\/strong> Og <strong>silikater<\/strong>. Spesielt kan konsentrasjonen av ammoniakk n\u00e5 verdier opptil fire ganger h\u00f8yere enn i n\u00e6rliggende omr\u00e5der.<\/p>\n<p>Fra et petrologisk synspunkt viser bergartene tatt fra vulkanomr\u00e5det rike endringer <strong>hydroksyder<\/strong> <strong>stryke<\/strong> og filament\u00f8se mikrostrukturer assosiert med biologiske prosesser, typisk for <strong>lavtemperatur hydrotermiske milj\u00f8er<\/strong>mens slike egenskaper ikke ble observert i pr\u00f8ver fra de omkringliggende omr\u00e5dene. Disse bevisene st\u00f8ttes ytterligere av h\u00f8yoppl\u00f8selige seismiske og batymetriske data, som indikerer <strong>en intens endring av det vulkanske substratet<\/strong> i sprukne omr\u00e5der.<\/p>\n<p>Til slutt synes hydrotermisk aktivitet og variasjoner i de kjemisk-fysiske egenskapene til vann ogs\u00e5 \u00e5 p\u00e5virke <strong>komponent<\/strong> <strong>biologiske<\/strong>. Prosentandelen av <strong>prokaryoter med h\u00f8yt innhold av nukleinsyrer<\/strong> faktisk er den lavere, til tross for en st\u00f8rre total overflod, noe som tyder p\u00e5 tilstedev\u00e6relsen av et distinkt mikrobielt samfunn. Ikke desto mindre vil bare ytterligere studier v\u00e6re i stand til \u00e5 fullstendig klargj\u00f8re forholdet mellom hydrotermisk aktivitet og utviklingen av marin biotisk aktivitet.<\/p>\n<div class=\"cp_wrapper  mb-50   \">\n<div class=\"cbx\">\n<div class=\"cbx__collection\">\n<p>Kilder<\/p>\n<div class=\"cbx__sources\">\n<p>                                                            Gonz\u00e1lez-Vega, A., V\u00e1zquez, JT, Lozano Rodr\u00edguez, JA, S\u00e1nchez-Guillam\u00f3n, O., Palomino, D., Geyer, A., Bartolom\u00e9, R., \u00c1lvarez-Valero, AM, Arrieta, JM, Villase\u00f1or, A. og Mart\u00edn flerdisiplin\u00e6re beviser, A. og Mart\u00edn. hydrotermisk aktivitet ved Enmedio dype ub\u00e5tvulkan (Kanari\u00f8yene). Bulletin of Volcanology, 88(3), s.25. ICM CSIC\n                                                <\/p><\/div>\n<\/p><\/div>\n<\/p><\/div>\n<\/div><\/div>\n","protected":false},"excerpt":{"rendered":"<p>Forskere fra det spanske instituttet for oseanografi har identifisert bevis for for f\u00f8rste gang aktivitet<\/p>\n","protected":false},"author":1,"featured_media":17380,"comment_status":"closed","ping_status":"open","sticky":false,"template":"","format":"standard","meta":{"footnotes":""},"categories":[24],"tags":[3256,7182,1835,11231,3239,11230,212,78,81,7656],"class_list":["post-17379","post","type-post","status-publish","format-standard","has-post-thumbnail","hentry","category-vitenskap","tag-aktivitet","tag-canaria","tag-dyp","tag-enmediovulkanen","tag-gran","tag-hydrotermisk","tag-mellom","tag-oppdaget","tag-pa","tag-tenerife","generate-columns","tablet-grid-50","mobile-grid-100","grid-parent","grid-33","resize-featured-image"],"yoast_head":"<!-- This site is optimized with the Yoast SEO plugin v24.4 - https:\/\/yoast.com\/wordpress\/plugins\/seo\/ -->\n<title>Hydrotermisk aktivitet oppdaget i Enmedio-vulkanen p\u00e5 1600 m dyp mellom Tenerife og Gran Canaria - Nordnesrepublikken<\/title>\n<meta name=\"robots\" content=\"index, follow, max-snippet:-1, max-image-preview:large, max-video-preview:-1\" \/>\n<link rel=\"canonical\" href=\"https:\/\/nordnesrepublikken.no\/index.php\/2026\/04\/24\/hydrotermisk-aktivitet-oppdaget-i-enmedio-vulkanen-pa-1600-m-dyp-mellom-tenerife-og-gran-canaria\/\" \/>\n<meta property=\"og:locale\" content=\"nb_NO\" \/>\n<meta property=\"og:type\" content=\"article\" \/>\n<meta property=\"og:title\" content=\"Hydrotermisk aktivitet oppdaget i Enmedio-vulkanen p\u00e5 1600 m dyp mellom Tenerife og Gran Canaria - Nordnesrepublikken\" \/>\n<meta property=\"og:description\" content=\"Forskere fra det spanske instituttet for oseanografi har identifisert bevis for for f\u00f8rste gang aktivitet\" \/>\n<meta property=\"og:url\" content=\"https:\/\/nordnesrepublikken.no\/index.php\/2026\/04\/24\/hydrotermisk-aktivitet-oppdaget-i-enmedio-vulkanen-pa-1600-m-dyp-mellom-tenerife-og-gran-canaria\/\" \/>\n<meta property=\"og:site_name\" content=\"Nordnesrepublikken\" \/>\n<meta property=\"article:published_time\" content=\"2026-04-24T07:14:51+00:00\" \/>\n<meta property=\"article:modified_time\" content=\"2026-04-24T07:14:56+00:00\" \/>\n<meta property=\"og:image\" content=\"https:\/\/nordnesrepublikken.no\/wp-content\/uploads\/2026\/04\/1777014894_Hydrotermisk-aktivitet-oppdaget-i-Enmedio-vulkanen-pa-1600-m-dyp-mellom.jpg\" \/>\n\t<meta property=\"og:image:width\" content=\"2549\" \/>\n\t<meta property=\"og:image:height\" content=\"1491\" \/>\n\t<meta property=\"og:image:type\" content=\"image\/jpeg\" \/>\n<meta name=\"author\" content=\"Ole Andersen\" \/>\n<meta name=\"twitter:card\" content=\"summary_large_image\" \/>\n<meta name=\"twitter:label1\" content=\"Skrevet av\" \/>\n\t<meta name=\"twitter:data1\" content=\"Ole Andersen\" \/>\n\t<meta name=\"twitter:label2\" content=\"Ansl. lesetid\" \/>\n\t<meta name=\"twitter:data2\" content=\"3 minutter\" \/>\n<script type=\"application\/ld+json\" class=\"yoast-schema-graph\">{\"@context\":\"https:\/\/schema.org\",\"@graph\":[{\"@type\":\"Article\",\"@id\":\"https:\/\/nordnesrepublikken.no\/index.php\/2026\/04\/24\/hydrotermisk-aktivitet-oppdaget-i-enmedio-vulkanen-pa-1600-m-dyp-mellom-tenerife-og-gran-canaria\/#article\",\"isPartOf\":{\"@id\":\"https:\/\/nordnesrepublikken.no\/index.php\/2026\/04\/24\/hydrotermisk-aktivitet-oppdaget-i-enmedio-vulkanen-pa-1600-m-dyp-mellom-tenerife-og-gran-canaria\/\"},\"author\":{\"name\":\"Ole Andersen\",\"@id\":\"https:\/\/nordnesrepublikken.no\/#\/schema\/person\/2e7e81935bab77882fffb79296240ff1\"},\"headline\":\"Hydrotermisk aktivitet oppdaget i Enmedio-vulkanen p\u00e5 1600 m dyp mellom Tenerife og Gran Canaria\",\"datePublished\":\"2026-04-24T07:14:51+00:00\",\"dateModified\":\"2026-04-24T07:14:56+00:00\",\"mainEntityOfPage\":{\"@id\":\"https:\/\/nordnesrepublikken.no\/index.php\/2026\/04\/24\/hydrotermisk-aktivitet-oppdaget-i-enmedio-vulkanen-pa-1600-m-dyp-mellom-tenerife-og-gran-canaria\/\"},\"wordCount\":693,\"publisher\":{\"@id\":\"https:\/\/nordnesrepublikken.no\/#organization\"},\"image\":{\"@id\":\"https:\/\/nordnesrepublikken.no\/index.php\/2026\/04\/24\/hydrotermisk-aktivitet-oppdaget-i-enmedio-vulkanen-pa-1600-m-dyp-mellom-tenerife-og-gran-canaria\/#primaryimage\"},\"thumbnailUrl\":\"https:\/\/nordnesrepublikken.no\/wp-content\/uploads\/2026\/04\/1777014894_Hydrotermisk-aktivitet-oppdaget-i-Enmedio-vulkanen-pa-1600-m-dyp-mellom.jpg\",\"keywords\":[\"aktivitet\",\"Canaria\",\"dyp\",\"Enmediovulkanen\",\"Gran\",\"Hydrotermisk\",\"mellom\",\"oppdaget\",\"p\u00e5\",\"Tenerife\"],\"articleSection\":[\"Vitenskap\"],\"inLanguage\":\"nb-NO\"},{\"@type\":\"WebPage\",\"@id\":\"https:\/\/nordnesrepublikken.no\/index.php\/2026\/04\/24\/hydrotermisk-aktivitet-oppdaget-i-enmedio-vulkanen-pa-1600-m-dyp-mellom-tenerife-og-gran-canaria\/\",\"url\":\"https:\/\/nordnesrepublikken.no\/index.php\/2026\/04\/24\/hydrotermisk-aktivitet-oppdaget-i-enmedio-vulkanen-pa-1600-m-dyp-mellom-tenerife-og-gran-canaria\/\",\"name\":\"Hydrotermisk aktivitet oppdaget i Enmedio-vulkanen p\u00e5 1600 m dyp mellom Tenerife og Gran Canaria - Nordnesrepublikken\",\"isPartOf\":{\"@id\":\"https:\/\/nordnesrepublikken.no\/#website\"},\"primaryImageOfPage\":{\"@id\":\"https:\/\/nordnesrepublikken.no\/index.php\/2026\/04\/24\/hydrotermisk-aktivitet-oppdaget-i-enmedio-vulkanen-pa-1600-m-dyp-mellom-tenerife-og-gran-canaria\/#primaryimage\"},\"image\":{\"@id\":\"https:\/\/nordnesrepublikken.no\/index.php\/2026\/04\/24\/hydrotermisk-aktivitet-oppdaget-i-enmedio-vulkanen-pa-1600-m-dyp-mellom-tenerife-og-gran-canaria\/#primaryimage\"},\"thumbnailUrl\":\"https:\/\/nordnesrepublikken.no\/wp-content\/uploads\/2026\/04\/1777014894_Hydrotermisk-aktivitet-oppdaget-i-Enmedio-vulkanen-pa-1600-m-dyp-mellom.jpg\",\"datePublished\":\"2026-04-24T07:14:51+00:00\",\"dateModified\":\"2026-04-24T07:14:56+00:00\",\"breadcrumb\":{\"@id\":\"https:\/\/nordnesrepublikken.no\/index.php\/2026\/04\/24\/hydrotermisk-aktivitet-oppdaget-i-enmedio-vulkanen-pa-1600-m-dyp-mellom-tenerife-og-gran-canaria\/#breadcrumb\"},\"inLanguage\":\"nb-NO\",\"potentialAction\":[{\"@type\":\"ReadAction\",\"target\":[\"https:\/\/nordnesrepublikken.no\/index.php\/2026\/04\/24\/hydrotermisk-aktivitet-oppdaget-i-enmedio-vulkanen-pa-1600-m-dyp-mellom-tenerife-og-gran-canaria\/\"]}]},{\"@type\":\"ImageObject\",\"inLanguage\":\"nb-NO\",\"@id\":\"https:\/\/nordnesrepublikken.no\/index.php\/2026\/04\/24\/hydrotermisk-aktivitet-oppdaget-i-enmedio-vulkanen-pa-1600-m-dyp-mellom-tenerife-og-gran-canaria\/#primaryimage\",\"url\":\"https:\/\/nordnesrepublikken.no\/wp-content\/uploads\/2026\/04\/1777014894_Hydrotermisk-aktivitet-oppdaget-i-Enmedio-vulkanen-pa-1600-m-dyp-mellom.jpg\",\"contentUrl\":\"https:\/\/nordnesrepublikken.no\/wp-content\/uploads\/2026\/04\/1777014894_Hydrotermisk-aktivitet-oppdaget-i-Enmedio-vulkanen-pa-1600-m-dyp-mellom.jpg\",\"width\":2549,\"height\":1491,\"caption\":\"Hydrotermisk aktivitet oppdaget i Enmedio-vulkanen p\u00e5 1600 m dyp mellom Tenerife og Gran Canaria\"},{\"@type\":\"BreadcrumbList\",\"@id\":\"https:\/\/nordnesrepublikken.no\/index.php\/2026\/04\/24\/hydrotermisk-aktivitet-oppdaget-i-enmedio-vulkanen-pa-1600-m-dyp-mellom-tenerife-og-gran-canaria\/#breadcrumb\",\"itemListElement\":[{\"@type\":\"ListItem\",\"position\":1,\"name\":\"Home\",\"item\":\"https:\/\/nordnesrepublikken.no\/\"},{\"@type\":\"ListItem\",\"position\":2,\"name\":\"Hydrotermisk aktivitet oppdaget i Enmedio-vulkanen p\u00e5 1600 m dyp mellom Tenerife og Gran Canaria\"}]},{\"@type\":\"WebSite\",\"@id\":\"https:\/\/nordnesrepublikken.no\/#website\",\"url\":\"https:\/\/nordnesrepublikken.no\/\",\"name\":\"Nordnesrepublikken\",\"description\":\"Stemmer og Visjoner fra Republikkens Hjerte\",\"publisher\":{\"@id\":\"https:\/\/nordnesrepublikken.no\/#organization\"},\"potentialAction\":[{\"@type\":\"SearchAction\",\"target\":{\"@type\":\"EntryPoint\",\"urlTemplate\":\"https:\/\/nordnesrepublikken.no\/?s={search_term_string}\"},\"query-input\":{\"@type\":\"PropertyValueSpecification\",\"valueRequired\":true,\"valueName\":\"search_term_string\"}}],\"inLanguage\":\"nb-NO\"},{\"@type\":\"Organization\",\"@id\":\"https:\/\/nordnesrepublikken.no\/#organization\",\"name\":\"Nordnesrepublikken\",\"url\":\"https:\/\/nordnesrepublikken.no\/\",\"logo\":{\"@type\":\"ImageObject\",\"inLanguage\":\"nb-NO\",\"@id\":\"https:\/\/nordnesrepublikken.no\/#\/schema\/logo\/image\/\",\"url\":\"https:\/\/nordnesrepublikken.no\/wp-content\/uploads\/2025\/02\/cropped-nordnesrepublikken-2.png\",\"contentUrl\":\"https:\/\/nordnesrepublikken.no\/wp-content\/uploads\/2025\/02\/cropped-nordnesrepublikken-2.png\",\"width\":1248,\"height\":362,\"caption\":\"Nordnesrepublikken\"},\"image\":{\"@id\":\"https:\/\/nordnesrepublikken.no\/#\/schema\/logo\/image\/\"}},{\"@type\":\"Person\",\"@id\":\"https:\/\/nordnesrepublikken.no\/#\/schema\/person\/2e7e81935bab77882fffb79296240ff1\",\"name\":\"Ole Andersen\",\"image\":{\"@type\":\"ImageObject\",\"inLanguage\":\"nb-NO\",\"@id\":\"https:\/\/nordnesrepublikken.no\/#\/schema\/person\/image\/\",\"url\":\"https:\/\/nordnesrepublikken.no\/wp-content\/uploads\/2025\/02\/nordnesrepublikken-2-2-150x150.jpg\",\"contentUrl\":\"https:\/\/nordnesrepublikken.no\/wp-content\/uploads\/2025\/02\/nordnesrepublikken-2-2-150x150.jpg\",\"caption\":\"Ole Andersen\"},\"description\":\"Ettersom jeg vokste opp i Oslo, har jeg alltid v\u00e6rt fascinert av ordenes kraft og deres evne til \u00e5 skape endringer. Etter \u00e5 ha fullf\u00f8rt min utdannelse i kommunikasjon ved Universitetet i Bergen, fikk jeg muligheten til \u00e5 jobbe innen ulike medier, der jeg har s\u00f8kt \u00e5 belyse viktige samfunnssp\u00f8rsm\u00e5l. I dag, som redakt\u00f8r for Nordnesrepublikken, pr\u00f8ver jeg \u00e5 forene min kj\u00e6rlighet for journalistikk med min lidenskap for innovasjon og eventyr.\",\"sameAs\":[\"https:\/\/nordnesrepublikken.no\/\"]}]}<\/script>\n<!-- \/ Yoast SEO plugin. -->","yoast_head_json":{"title":"Hydrotermisk aktivitet oppdaget i Enmedio-vulkanen p\u00e5 1600 m dyp mellom Tenerife og Gran Canaria - Nordnesrepublikken","robots":{"index":"index","follow":"follow","max-snippet":"max-snippet:-1","max-image-preview":"max-image-preview:large","max-video-preview":"max-video-preview:-1"},"canonical":"https:\/\/nordnesrepublikken.no\/index.php\/2026\/04\/24\/hydrotermisk-aktivitet-oppdaget-i-enmedio-vulkanen-pa-1600-m-dyp-mellom-tenerife-og-gran-canaria\/","og_locale":"nb_NO","og_type":"article","og_title":"Hydrotermisk aktivitet oppdaget i Enmedio-vulkanen p\u00e5 1600 m dyp mellom Tenerife og Gran Canaria - Nordnesrepublikken","og_description":"Forskere fra det spanske instituttet for oseanografi har identifisert bevis for for f\u00f8rste gang aktivitet","og_url":"https:\/\/nordnesrepublikken.no\/index.php\/2026\/04\/24\/hydrotermisk-aktivitet-oppdaget-i-enmedio-vulkanen-pa-1600-m-dyp-mellom-tenerife-og-gran-canaria\/","og_site_name":"Nordnesrepublikken","article_published_time":"2026-04-24T07:14:51+00:00","article_modified_time":"2026-04-24T07:14:56+00:00","og_image":[{"width":2549,"height":1491,"url":"https:\/\/nordnesrepublikken.no\/wp-content\/uploads\/2026\/04\/1777014894_Hydrotermisk-aktivitet-oppdaget-i-Enmedio-vulkanen-pa-1600-m-dyp-mellom.jpg","type":"image\/jpeg"}],"author":"Ole Andersen","twitter_card":"summary_large_image","twitter_misc":{"Skrevet av":"Ole Andersen","Ansl. lesetid":"3 minutter"},"schema":{"@context":"https:\/\/schema.org","@graph":[{"@type":"Article","@id":"https:\/\/nordnesrepublikken.no\/index.php\/2026\/04\/24\/hydrotermisk-aktivitet-oppdaget-i-enmedio-vulkanen-pa-1600-m-dyp-mellom-tenerife-og-gran-canaria\/#article","isPartOf":{"@id":"https:\/\/nordnesrepublikken.no\/index.php\/2026\/04\/24\/hydrotermisk-aktivitet-oppdaget-i-enmedio-vulkanen-pa-1600-m-dyp-mellom-tenerife-og-gran-canaria\/"},"author":{"name":"Ole Andersen","@id":"https:\/\/nordnesrepublikken.no\/#\/schema\/person\/2e7e81935bab77882fffb79296240ff1"},"headline":"Hydrotermisk aktivitet oppdaget i Enmedio-vulkanen p\u00e5 1600 m dyp mellom Tenerife og Gran Canaria","datePublished":"2026-04-24T07:14:51+00:00","dateModified":"2026-04-24T07:14:56+00:00","mainEntityOfPage":{"@id":"https:\/\/nordnesrepublikken.no\/index.php\/2026\/04\/24\/hydrotermisk-aktivitet-oppdaget-i-enmedio-vulkanen-pa-1600-m-dyp-mellom-tenerife-og-gran-canaria\/"},"wordCount":693,"publisher":{"@id":"https:\/\/nordnesrepublikken.no\/#organization"},"image":{"@id":"https:\/\/nordnesrepublikken.no\/index.php\/2026\/04\/24\/hydrotermisk-aktivitet-oppdaget-i-enmedio-vulkanen-pa-1600-m-dyp-mellom-tenerife-og-gran-canaria\/#primaryimage"},"thumbnailUrl":"https:\/\/nordnesrepublikken.no\/wp-content\/uploads\/2026\/04\/1777014894_Hydrotermisk-aktivitet-oppdaget-i-Enmedio-vulkanen-pa-1600-m-dyp-mellom.jpg","keywords":["aktivitet","Canaria","dyp","Enmediovulkanen","Gran","Hydrotermisk","mellom","oppdaget","p\u00e5","Tenerife"],"articleSection":["Vitenskap"],"inLanguage":"nb-NO"},{"@type":"WebPage","@id":"https:\/\/nordnesrepublikken.no\/index.php\/2026\/04\/24\/hydrotermisk-aktivitet-oppdaget-i-enmedio-vulkanen-pa-1600-m-dyp-mellom-tenerife-og-gran-canaria\/","url":"https:\/\/nordnesrepublikken.no\/index.php\/2026\/04\/24\/hydrotermisk-aktivitet-oppdaget-i-enmedio-vulkanen-pa-1600-m-dyp-mellom-tenerife-og-gran-canaria\/","name":"Hydrotermisk aktivitet oppdaget i Enmedio-vulkanen p\u00e5 1600 m dyp mellom Tenerife og Gran Canaria - Nordnesrepublikken","isPartOf":{"@id":"https:\/\/nordnesrepublikken.no\/#website"},"primaryImageOfPage":{"@id":"https:\/\/nordnesrepublikken.no\/index.php\/2026\/04\/24\/hydrotermisk-aktivitet-oppdaget-i-enmedio-vulkanen-pa-1600-m-dyp-mellom-tenerife-og-gran-canaria\/#primaryimage"},"image":{"@id":"https:\/\/nordnesrepublikken.no\/index.php\/2026\/04\/24\/hydrotermisk-aktivitet-oppdaget-i-enmedio-vulkanen-pa-1600-m-dyp-mellom-tenerife-og-gran-canaria\/#primaryimage"},"thumbnailUrl":"https:\/\/nordnesrepublikken.no\/wp-content\/uploads\/2026\/04\/1777014894_Hydrotermisk-aktivitet-oppdaget-i-Enmedio-vulkanen-pa-1600-m-dyp-mellom.jpg","datePublished":"2026-04-24T07:14:51+00:00","dateModified":"2026-04-24T07:14:56+00:00","breadcrumb":{"@id":"https:\/\/nordnesrepublikken.no\/index.php\/2026\/04\/24\/hydrotermisk-aktivitet-oppdaget-i-enmedio-vulkanen-pa-1600-m-dyp-mellom-tenerife-og-gran-canaria\/#breadcrumb"},"inLanguage":"nb-NO","potentialAction":[{"@type":"ReadAction","target":["https:\/\/nordnesrepublikken.no\/index.php\/2026\/04\/24\/hydrotermisk-aktivitet-oppdaget-i-enmedio-vulkanen-pa-1600-m-dyp-mellom-tenerife-og-gran-canaria\/"]}]},{"@type":"ImageObject","inLanguage":"nb-NO","@id":"https:\/\/nordnesrepublikken.no\/index.php\/2026\/04\/24\/hydrotermisk-aktivitet-oppdaget-i-enmedio-vulkanen-pa-1600-m-dyp-mellom-tenerife-og-gran-canaria\/#primaryimage","url":"https:\/\/nordnesrepublikken.no\/wp-content\/uploads\/2026\/04\/1777014894_Hydrotermisk-aktivitet-oppdaget-i-Enmedio-vulkanen-pa-1600-m-dyp-mellom.jpg","contentUrl":"https:\/\/nordnesrepublikken.no\/wp-content\/uploads\/2026\/04\/1777014894_Hydrotermisk-aktivitet-oppdaget-i-Enmedio-vulkanen-pa-1600-m-dyp-mellom.jpg","width":2549,"height":1491,"caption":"Hydrotermisk aktivitet oppdaget i Enmedio-vulkanen p\u00e5 1600 m dyp mellom Tenerife og Gran Canaria"},{"@type":"BreadcrumbList","@id":"https:\/\/nordnesrepublikken.no\/index.php\/2026\/04\/24\/hydrotermisk-aktivitet-oppdaget-i-enmedio-vulkanen-pa-1600-m-dyp-mellom-tenerife-og-gran-canaria\/#breadcrumb","itemListElement":[{"@type":"ListItem","position":1,"name":"Home","item":"https:\/\/nordnesrepublikken.no\/"},{"@type":"ListItem","position":2,"name":"Hydrotermisk aktivitet oppdaget i Enmedio-vulkanen p\u00e5 1600 m dyp mellom Tenerife og Gran Canaria"}]},{"@type":"WebSite","@id":"https:\/\/nordnesrepublikken.no\/#website","url":"https:\/\/nordnesrepublikken.no\/","name":"Nordnesrepublikken","description":"Stemmer og Visjoner fra Republikkens Hjerte","publisher":{"@id":"https:\/\/nordnesrepublikken.no\/#organization"},"potentialAction":[{"@type":"SearchAction","target":{"@type":"EntryPoint","urlTemplate":"https:\/\/nordnesrepublikken.no\/?s={search_term_string}"},"query-input":{"@type":"PropertyValueSpecification","valueRequired":true,"valueName":"search_term_string"}}],"inLanguage":"nb-NO"},{"@type":"Organization","@id":"https:\/\/nordnesrepublikken.no\/#organization","name":"Nordnesrepublikken","url":"https:\/\/nordnesrepublikken.no\/","logo":{"@type":"ImageObject","inLanguage":"nb-NO","@id":"https:\/\/nordnesrepublikken.no\/#\/schema\/logo\/image\/","url":"https:\/\/nordnesrepublikken.no\/wp-content\/uploads\/2025\/02\/cropped-nordnesrepublikken-2.png","contentUrl":"https:\/\/nordnesrepublikken.no\/wp-content\/uploads\/2025\/02\/cropped-nordnesrepublikken-2.png","width":1248,"height":362,"caption":"Nordnesrepublikken"},"image":{"@id":"https:\/\/nordnesrepublikken.no\/#\/schema\/logo\/image\/"}},{"@type":"Person","@id":"https:\/\/nordnesrepublikken.no\/#\/schema\/person\/2e7e81935bab77882fffb79296240ff1","name":"Ole Andersen","image":{"@type":"ImageObject","inLanguage":"nb-NO","@id":"https:\/\/nordnesrepublikken.no\/#\/schema\/person\/image\/","url":"https:\/\/nordnesrepublikken.no\/wp-content\/uploads\/2025\/02\/nordnesrepublikken-2-2-150x150.jpg","contentUrl":"https:\/\/nordnesrepublikken.no\/wp-content\/uploads\/2025\/02\/nordnesrepublikken-2-2-150x150.jpg","caption":"Ole Andersen"},"description":"Ettersom jeg vokste opp i Oslo, har jeg alltid v\u00e6rt fascinert av ordenes kraft og deres evne til \u00e5 skape endringer. Etter \u00e5 ha fullf\u00f8rt min utdannelse i kommunikasjon ved Universitetet i Bergen, fikk jeg muligheten til \u00e5 jobbe innen ulike medier, der jeg har s\u00f8kt \u00e5 belyse viktige samfunnssp\u00f8rsm\u00e5l. I dag, som redakt\u00f8r for Nordnesrepublikken, pr\u00f8ver jeg \u00e5 forene min kj\u00e6rlighet for journalistikk med min lidenskap for innovasjon og eventyr.","sameAs":["https:\/\/nordnesrepublikken.no\/"]}]}},"_links":{"self":[{"href":"https:\/\/nordnesrepublikken.no\/index.php\/wp-json\/wp\/v2\/posts\/17379","targetHints":{"allow":["GET"]}}],"collection":[{"href":"https:\/\/nordnesrepublikken.no\/index.php\/wp-json\/wp\/v2\/posts"}],"about":[{"href":"https:\/\/nordnesrepublikken.no\/index.php\/wp-json\/wp\/v2\/types\/post"}],"author":[{"embeddable":true,"href":"https:\/\/nordnesrepublikken.no\/index.php\/wp-json\/wp\/v2\/users\/1"}],"replies":[{"embeddable":true,"href":"https:\/\/nordnesrepublikken.no\/index.php\/wp-json\/wp\/v2\/comments?post=17379"}],"version-history":[{"count":1,"href":"https:\/\/nordnesrepublikken.no\/index.php\/wp-json\/wp\/v2\/posts\/17379\/revisions"}],"predecessor-version":[{"id":17381,"href":"https:\/\/nordnesrepublikken.no\/index.php\/wp-json\/wp\/v2\/posts\/17379\/revisions\/17381"}],"wp:featuredmedia":[{"embeddable":true,"href":"https:\/\/nordnesrepublikken.no\/index.php\/wp-json\/wp\/v2\/media\/17380"}],"wp:attachment":[{"href":"https:\/\/nordnesrepublikken.no\/index.php\/wp-json\/wp\/v2\/media?parent=17379"}],"wp:term":[{"taxonomy":"category","embeddable":true,"href":"https:\/\/nordnesrepublikken.no\/index.php\/wp-json\/wp\/v2\/categories?post=17379"},{"taxonomy":"post_tag","embeddable":true,"href":"https:\/\/nordnesrepublikken.no\/index.php\/wp-json\/wp\/v2\/tags?post=17379"}],"curies":[{"name":"wp","href":"https:\/\/api.w.org\/{rel}","templated":true}]}}