{"id":17373,"date":"2026-04-23T20:48:55","date_gmt":"2026-04-23T18:48:55","guid":{"rendered":"https:\/\/nordnesrepublikken.no\/index.php\/2026\/04\/23\/sjaforer-i-spania-ser-denne-hvite-diamanten-og-mange-vet-ikke-at-den-kan-koste-e200\/"},"modified":"2026-04-23T20:48:57","modified_gmt":"2026-04-23T18:48:57","slug":"sjaforer-i-spania-ser-denne-hvite-diamanten-og-mange-vet-ikke-at-den-kan-koste-e200","status":"publish","type":"post","link":"https:\/\/nordnesrepublikken.no\/index.php\/2026\/04\/23\/sjaforer-i-spania-ser-denne-hvite-diamanten-og-mange-vet-ikke-at-den-kan-koste-e200\/","title":{"rendered":"Sj\u00e5f\u00f8rer i Spania ser denne hvite diamanten og mange vet ikke at den kan koste \u20ac200"},"content":{"rendered":"<p><\/p>\n<div class=\"wordpress-content\">\n                    <!-- Article Start --><\/p>\n<p>Sj\u00e5f\u00f8rer i Spania blir p\u00e5minnet om \u00e5 se opp for en hvit diamant malt p\u00e5 veien, fordi \u00e5 kj\u00f8re inn i feil kj\u00f8refelt kan f\u00f8re til en bot p\u00e5 200 euro. Merkingen brukes til \u00e5 identifisere BUS VAO-felt, spesialfelt reservert for busser og kj\u00f8ret\u00f8y med h\u00f8yt belegg, og mange bilister misforst\u00e5r fortsatt hvem som lovlig kan bruke dem.<\/p>\n<p>Ved f\u00f8rste \u00f8yekast kan det se ut som bare et annet veisymbol. Men hvis du beveger deg inn i en av disse banene uten \u00e5 oppfylle reglene som er gjeldende p\u00e5 det tidspunktet, kan du bli b\u00f8telagt.<\/p>\n<p>Advarselen kommer mens Spanias trafikkmyndighet, DGT, fortsetter \u00e5 utvide og promotere disse kj\u00f8refeltene i flere travle omr\u00e5der for \u00e5 redusere trafikkbelastningen og \u00f8ke hastigheten p\u00e5 reiser inn til st\u00f8rre byer.<\/p>\n<div class=\"sra_unit\"><link rel=\"stylesheet\" id=\"block-sra\" href=\"https:\/\/euroweeklynews.com\/wp-content\/plugins\/snack-related-articles\/dist\/css\/snack-related.min.css?250312-193541\" type=\"text\/css\" media=\"all\">\n<\/div>\n<h2>Hva den hvite diamanten betyr p\u00e5 spanske veier<\/h2>\n<p>Den hvite <strong>diamant <\/strong>brukes for \u00e5 vise at en bane er reservert, vanligvis som en BUS VAO-bane.<\/p>\n<p>VAO st\u00e5r for<strong> biler med h\u00f8yt belegg<\/strong>. Enkelt sagt er disse banene beregnet p\u00e5 kj\u00f8ret\u00f8yer som frakter mer enn \u00e9n person, sammen med busser og annen autorisert trafikk avhengig av lokale regler.<\/p>\n<p>Tanken er grei. Bel\u00f8nn bildeling, prioriter kollektivtransport og hold trafikken i gang der k\u00f8er er vanlig.<\/p>\n<p>Det er derfor disse kj\u00f8refeltene ofte finnes p\u00e5 ruter som f\u00f8rer inn til store byer i travle pendlertimer.<\/p>\n<p>Spania har brukt dem i \u00e5revis, men mange sj\u00e5f\u00f8rer n\u00f8ler fortsatt n\u00e5r de ser merkingen eller antar at det rett og slett er et raskere kj\u00f8refelt som er \u00e5pent for alle.<\/p>\n<p>Det er det ikke.<\/p>\n<p>F\u00f8r du kj\u00f8rer inn, forventes det at bilistene sjekker overliggende skilt, lyssignaler og kj\u00f8refeltinstruksjoner som er aktive p\u00e5 den veistrekningen.<\/p>\n<p>Forholdene kan endre seg avhengig av tid, trafikkniv\u00e5 og lokal ledelse.<\/p>\n<h2>Hvem som har lov til \u00e5 bruke banen<\/h2>\n<p>Under de siste trafikktiltakene er standardregelen p\u00e5 mange VAO-felt minst to passasjerer i kj\u00f8ret\u00f8yet, inkludert sj\u00e5f\u00f8ren.<\/p>\n<p>Det betyr at en sj\u00e5f\u00f8r som reiser alene kanskje ikke f\u00e5r lov til \u00e5 komme inn med mindre en annen regel spesifikt tillater det.<\/p>\n<p>Andre autoriserte brukere kan inkludere busser, busser, motorsykler og visse tilpassede kj\u00f8ret\u00f8y.<\/p>\n<p>P\u00e5 enkelte strekninger kan ogs\u00e5 drosjer eller kj\u00f8ret\u00f8y med milj\u00f8merke tillates n\u00e5r elektroniske skilt indikerer dette.<\/p>\n<p>Den detaljen er viktig.<\/p>\n<p>En sj\u00e5f\u00f8r kan tillates \u00e9n dag eller \u00e9n time, men ikke n\u00f8dvendigvis under andre forhold senere. Dette er grunnen til at det \u00e5 bare f\u00f8lge bilen foran kan v\u00e6re en kostbar feil. Filreglene vises med veiskilt og elektroniske paneler, ikke ved gjetting.<\/p>\n<h2>Hvorfor sj\u00e5f\u00f8rer f\u00e5r b\u00f8ter<\/h2>\n<p>If\u00f8lge DGT kan bruk av en BUS VAO-bane uten autorisasjon gi en straff p\u00e5 \u20ac200. Det inkluderer \u00e5 g\u00e5 inn mens du reiser alene n\u00e5r kj\u00f8refeltet krever to passasjerer, eller ignorere aktive restriksjoner som vises p\u00e5 ruten.<\/p>\n<p>H\u00e5ndhevelsen blir mer sofistikert. P\u00e5 A 2-korridoren har trafikkmyndighetene allerede annonsert systemer som er i stand til \u00e5 lese nummerskilt og oppdage tilstedev\u00e6relse av kj\u00f8ret\u00f8y.<\/p>\n<p>Dette handler alts\u00e5 ikke lenger bare om at politifolk oppdager misbruk fra veikanten.<\/p>\n<p>Teknologi er n\u00e5 en del av kontrollsystemet. Det betyr at sj\u00e5f\u00f8rer b\u00f8r anta at kj\u00f8refeltet er overv\u00e5ket, spesielt i soner med h\u00f8y trafikk.<\/p>\n<h2>Hvor disse banene finnes<\/h2>\n<p>Mange forbinder BUS VAO-baner bare med Madrid, men de er ikke lenger begrenset til hovedstaden.<\/p>\n<p>DGTs \u00e5rlige trafikktiltak inkluderer kj\u00f8refelt p\u00e5 ruter som A 6 og A 2 i Madrid, V 21 i Valencia, Ma 19 i Palma, pluss strekninger i Granada, Sevilla og M\u00e1laga.<\/p>\n<p>Den bredere utrullingen betyr at flere innbyggere, bes\u00f8kende og expats kan m\u00f8te den hvite diamant-markeringen, selv om de sjelden kj\u00f8rer i Madrid.<\/p>\n<p>For folk som leier biler i Spania, er det spesielt verdt \u00e5 vite.<\/p>\n<p>Bes\u00f8kende fokuserer ofte p\u00e5 fartsgrenser, parkeringsregler og bompenger, men kj\u00f8refeltbegrensninger kan like lett fange dem opp.<\/p>\n<h2>En detalj mange bilister savner<\/h2>\n<p>Noen BUS VAO-baner opererer ikke under de samme forholdene hele dagen. P\u00e5 enkelte ruter, n\u00e5r signalene er sl\u00e5tt av, kan kj\u00f8refeltet g\u00e5 tilbake til normal bruk og bli \u00e5pent for generell trafikk.<\/p>\n<p>Det kan skape forvirring for sj\u00e5f\u00f8rer som ikke er kjent med systemet, og den tryggeste vanen er \u00e5 sl\u00e5 opp f\u00f8r de flytter over.<\/p>\n<p>Sjekk om kj\u00f8refeltet er aktivt, om adkomsten er \u00e5pen og hvilken type kj\u00f8ret\u00f8y som er tillatt for \u00f8yeblikket. Noen sekunders oppmerksomhet kan spare penger og stress.<\/p>\n<h2>Hvorfor DGT bruker dem oftere<\/h2>\n<p>Spanias trafikkmyndighet ser p\u00e5 disse banene som en praktisk m\u00e5te \u00e5 takle k\u00f8 uten \u00e5 bygge helt nye veier. Hvis flere deler bil og busser kj\u00f8rer raskere, kan eksisterende veier frakte flere mennesker med f\u00e6rre kj\u00f8ret\u00f8y.<\/p>\n<p>Det er teorien bak politikken.<\/p>\n<p>Enten sj\u00e5f\u00f8rer elsker dem eller hater dem, vil de sannsynligvis bli et mer vanlig trekk i travle byomr\u00e5der.<\/p>\n<p>S\u00e5 hvis du ser en hvit diamant foran, ikke behandle den som dekorasjon.<\/p>\n<p>I Spania kan det bety \u00e9n ting veldig tydelig: sjekk reglene f\u00f8r du bytter fil.<\/p>\n<p>                    <!-- Originally published at https:\/\/euroweeklynews.com\/2026\/04\/23\/drivers-in-spain-are-seeing-this-white-diamond-and-many-do-not-know-it-can-cost-e200\/ on 23 Apr 2026 at 20:19 by Farah Mokrani --><br \/>\n                    <!-- Article End -->\n                <\/div>\n","protected":false},"excerpt":{"rendered":"<p>Sj\u00e5f\u00f8rer i Spania blir p\u00e5minnet om \u00e5 se opp for en hvit diamant malt p\u00e5<\/p>\n","protected":false},"author":1,"featured_media":17374,"comment_status":"closed","ping_status":"open","sticky":false,"template":"","format":"standard","meta":{"footnotes":""},"categories":[105],"tags":[74,1717,11228,2175,187,339,2270,450,294,1737,529,73],"class_list":["post-17373","post","type-post","status-publish","format-standard","has-post-thumbnail","hentry","category-livsstil","tag-den","tag-denne","tag-diamanten","tag-hvite","tag-ikke","tag-kan","tag-koste","tag-mange","tag-ser","tag-sjaforer","tag-spania","tag-vet","generate-columns","tablet-grid-50","mobile-grid-100","grid-parent","grid-33","resize-featured-image"],"yoast_head":"<!-- This site is optimized with the Yoast SEO plugin v24.4 - https:\/\/yoast.com\/wordpress\/plugins\/seo\/ -->\n<title>Sj\u00e5f\u00f8rer i Spania ser denne hvite diamanten og mange vet ikke at den kan koste \u20ac200 - Nordnesrepublikken<\/title>\n<meta name=\"robots\" content=\"index, follow, max-snippet:-1, max-image-preview:large, max-video-preview:-1\" \/>\n<link rel=\"canonical\" href=\"https:\/\/nordnesrepublikken.no\/index.php\/2026\/04\/23\/sjaforer-i-spania-ser-denne-hvite-diamanten-og-mange-vet-ikke-at-den-kan-koste-e200\/\" \/>\n<meta property=\"og:locale\" content=\"nb_NO\" \/>\n<meta property=\"og:type\" content=\"article\" \/>\n<meta property=\"og:title\" content=\"Sj\u00e5f\u00f8rer i Spania ser denne hvite diamanten og mange vet ikke at den kan koste \u20ac200 - Nordnesrepublikken\" \/>\n<meta property=\"og:description\" content=\"Sj\u00e5f\u00f8rer i Spania blir p\u00e5minnet om \u00e5 se opp for en hvit diamant malt p\u00e5\" \/>\n<meta property=\"og:url\" content=\"https:\/\/nordnesrepublikken.no\/index.php\/2026\/04\/23\/sjaforer-i-spania-ser-denne-hvite-diamanten-og-mange-vet-ikke-at-den-kan-koste-e200\/\" \/>\n<meta property=\"og:site_name\" content=\"Nordnesrepublikken\" \/>\n<meta property=\"article:published_time\" content=\"2026-04-23T18:48:55+00:00\" \/>\n<meta property=\"article:modified_time\" content=\"2026-04-23T18:48:57+00:00\" \/>\n<meta property=\"og:image\" content=\"https:\/\/nordnesrepublikken.no\/wp-content\/uploads\/2026\/04\/1776970136_Sjaforer-i-Spania-ser-denne-hvite-diamanten-og-mange-vet.jpg\" \/>\n\t<meta property=\"og:image:width\" content=\"1200\" \/>\n\t<meta property=\"og:image:height\" content=\"899\" \/>\n\t<meta property=\"og:image:type\" content=\"image\/jpeg\" \/>\n<meta name=\"author\" content=\"Ole Andersen\" \/>\n<meta name=\"twitter:card\" content=\"summary_large_image\" \/>\n<meta name=\"twitter:label1\" content=\"Skrevet av\" \/>\n\t<meta name=\"twitter:data1\" content=\"Ole Andersen\" \/>\n\t<meta name=\"twitter:label2\" content=\"Ansl. lesetid\" \/>\n\t<meta name=\"twitter:data2\" content=\"4 minutter\" \/>\n<script type=\"application\/ld+json\" class=\"yoast-schema-graph\">{\"@context\":\"https:\/\/schema.org\",\"@graph\":[{\"@type\":\"Article\",\"@id\":\"https:\/\/nordnesrepublikken.no\/index.php\/2026\/04\/23\/sjaforer-i-spania-ser-denne-hvite-diamanten-og-mange-vet-ikke-at-den-kan-koste-e200\/#article\",\"isPartOf\":{\"@id\":\"https:\/\/nordnesrepublikken.no\/index.php\/2026\/04\/23\/sjaforer-i-spania-ser-denne-hvite-diamanten-og-mange-vet-ikke-at-den-kan-koste-e200\/\"},\"author\":{\"name\":\"Ole Andersen\",\"@id\":\"https:\/\/nordnesrepublikken.no\/#\/schema\/person\/2e7e81935bab77882fffb79296240ff1\"},\"headline\":\"Sj\u00e5f\u00f8rer i Spania ser denne hvite diamanten og mange vet ikke at den kan koste \u20ac200\",\"datePublished\":\"2026-04-23T18:48:55+00:00\",\"dateModified\":\"2026-04-23T18:48:57+00:00\",\"mainEntityOfPage\":{\"@id\":\"https:\/\/nordnesrepublikken.no\/index.php\/2026\/04\/23\/sjaforer-i-spania-ser-denne-hvite-diamanten-og-mange-vet-ikke-at-den-kan-koste-e200\/\"},\"wordCount\":871,\"publisher\":{\"@id\":\"https:\/\/nordnesrepublikken.no\/#organization\"},\"image\":{\"@id\":\"https:\/\/nordnesrepublikken.no\/index.php\/2026\/04\/23\/sjaforer-i-spania-ser-denne-hvite-diamanten-og-mange-vet-ikke-at-den-kan-koste-e200\/#primaryimage\"},\"thumbnailUrl\":\"https:\/\/nordnesrepublikken.no\/wp-content\/uploads\/2026\/04\/1776970136_Sjaforer-i-Spania-ser-denne-hvite-diamanten-og-mange-vet.jpg\",\"keywords\":[\"den\",\"denne\",\"diamanten\",\"hvite\",\"ikke\",\"kan\",\"koste\",\"mange\",\"ser\",\"sj\u00e5f\u00f8rer\",\"Spania\",\"vet\"],\"articleSection\":[\"Livsstil\"],\"inLanguage\":\"nb-NO\"},{\"@type\":\"WebPage\",\"@id\":\"https:\/\/nordnesrepublikken.no\/index.php\/2026\/04\/23\/sjaforer-i-spania-ser-denne-hvite-diamanten-og-mange-vet-ikke-at-den-kan-koste-e200\/\",\"url\":\"https:\/\/nordnesrepublikken.no\/index.php\/2026\/04\/23\/sjaforer-i-spania-ser-denne-hvite-diamanten-og-mange-vet-ikke-at-den-kan-koste-e200\/\",\"name\":\"Sj\u00e5f\u00f8rer i Spania ser denne hvite diamanten og mange vet ikke at den kan koste \u20ac200 - Nordnesrepublikken\",\"isPartOf\":{\"@id\":\"https:\/\/nordnesrepublikken.no\/#website\"},\"primaryImageOfPage\":{\"@id\":\"https:\/\/nordnesrepublikken.no\/index.php\/2026\/04\/23\/sjaforer-i-spania-ser-denne-hvite-diamanten-og-mange-vet-ikke-at-den-kan-koste-e200\/#primaryimage\"},\"image\":{\"@id\":\"https:\/\/nordnesrepublikken.no\/index.php\/2026\/04\/23\/sjaforer-i-spania-ser-denne-hvite-diamanten-og-mange-vet-ikke-at-den-kan-koste-e200\/#primaryimage\"},\"thumbnailUrl\":\"https:\/\/nordnesrepublikken.no\/wp-content\/uploads\/2026\/04\/1776970136_Sjaforer-i-Spania-ser-denne-hvite-diamanten-og-mange-vet.jpg\",\"datePublished\":\"2026-04-23T18:48:55+00:00\",\"dateModified\":\"2026-04-23T18:48:57+00:00\",\"breadcrumb\":{\"@id\":\"https:\/\/nordnesrepublikken.no\/index.php\/2026\/04\/23\/sjaforer-i-spania-ser-denne-hvite-diamanten-og-mange-vet-ikke-at-den-kan-koste-e200\/#breadcrumb\"},\"inLanguage\":\"nb-NO\",\"potentialAction\":[{\"@type\":\"ReadAction\",\"target\":[\"https:\/\/nordnesrepublikken.no\/index.php\/2026\/04\/23\/sjaforer-i-spania-ser-denne-hvite-diamanten-og-mange-vet-ikke-at-den-kan-koste-e200\/\"]}]},{\"@type\":\"ImageObject\",\"inLanguage\":\"nb-NO\",\"@id\":\"https:\/\/nordnesrepublikken.no\/index.php\/2026\/04\/23\/sjaforer-i-spania-ser-denne-hvite-diamanten-og-mange-vet-ikke-at-den-kan-koste-e200\/#primaryimage\",\"url\":\"https:\/\/nordnesrepublikken.no\/wp-content\/uploads\/2026\/04\/1776970136_Sjaforer-i-Spania-ser-denne-hvite-diamanten-og-mange-vet.jpg\",\"contentUrl\":\"https:\/\/nordnesrepublikken.no\/wp-content\/uploads\/2026\/04\/1776970136_Sjaforer-i-Spania-ser-denne-hvite-diamanten-og-mange-vet.jpg\",\"width\":1200,\"height\":899,\"caption\":\"Sj\u00e5f\u00f8rer i Spania ser denne hvite diamanten og mange vet ikke at den kan koste \u20ac200\"},{\"@type\":\"BreadcrumbList\",\"@id\":\"https:\/\/nordnesrepublikken.no\/index.php\/2026\/04\/23\/sjaforer-i-spania-ser-denne-hvite-diamanten-og-mange-vet-ikke-at-den-kan-koste-e200\/#breadcrumb\",\"itemListElement\":[{\"@type\":\"ListItem\",\"position\":1,\"name\":\"Home\",\"item\":\"https:\/\/nordnesrepublikken.no\/\"},{\"@type\":\"ListItem\",\"position\":2,\"name\":\"Sj\u00e5f\u00f8rer i Spania ser denne hvite diamanten og mange vet ikke at den kan koste \u20ac200\"}]},{\"@type\":\"WebSite\",\"@id\":\"https:\/\/nordnesrepublikken.no\/#website\",\"url\":\"https:\/\/nordnesrepublikken.no\/\",\"name\":\"Nordnesrepublikken\",\"description\":\"Stemmer og Visjoner fra Republikkens Hjerte\",\"publisher\":{\"@id\":\"https:\/\/nordnesrepublikken.no\/#organization\"},\"potentialAction\":[{\"@type\":\"SearchAction\",\"target\":{\"@type\":\"EntryPoint\",\"urlTemplate\":\"https:\/\/nordnesrepublikken.no\/?s={search_term_string}\"},\"query-input\":{\"@type\":\"PropertyValueSpecification\",\"valueRequired\":true,\"valueName\":\"search_term_string\"}}],\"inLanguage\":\"nb-NO\"},{\"@type\":\"Organization\",\"@id\":\"https:\/\/nordnesrepublikken.no\/#organization\",\"name\":\"Nordnesrepublikken\",\"url\":\"https:\/\/nordnesrepublikken.no\/\",\"logo\":{\"@type\":\"ImageObject\",\"inLanguage\":\"nb-NO\",\"@id\":\"https:\/\/nordnesrepublikken.no\/#\/schema\/logo\/image\/\",\"url\":\"https:\/\/nordnesrepublikken.no\/wp-content\/uploads\/2025\/02\/cropped-nordnesrepublikken-2.png\",\"contentUrl\":\"https:\/\/nordnesrepublikken.no\/wp-content\/uploads\/2025\/02\/cropped-nordnesrepublikken-2.png\",\"width\":1248,\"height\":362,\"caption\":\"Nordnesrepublikken\"},\"image\":{\"@id\":\"https:\/\/nordnesrepublikken.no\/#\/schema\/logo\/image\/\"}},{\"@type\":\"Person\",\"@id\":\"https:\/\/nordnesrepublikken.no\/#\/schema\/person\/2e7e81935bab77882fffb79296240ff1\",\"name\":\"Ole Andersen\",\"image\":{\"@type\":\"ImageObject\",\"inLanguage\":\"nb-NO\",\"@id\":\"https:\/\/nordnesrepublikken.no\/#\/schema\/person\/image\/\",\"url\":\"https:\/\/nordnesrepublikken.no\/wp-content\/uploads\/2025\/02\/nordnesrepublikken-2-2-150x150.jpg\",\"contentUrl\":\"https:\/\/nordnesrepublikken.no\/wp-content\/uploads\/2025\/02\/nordnesrepublikken-2-2-150x150.jpg\",\"caption\":\"Ole Andersen\"},\"description\":\"Ettersom jeg vokste opp i Oslo, har jeg alltid v\u00e6rt fascinert av ordenes kraft og deres evne til \u00e5 skape endringer. Etter \u00e5 ha fullf\u00f8rt min utdannelse i kommunikasjon ved Universitetet i Bergen, fikk jeg muligheten til \u00e5 jobbe innen ulike medier, der jeg har s\u00f8kt \u00e5 belyse viktige samfunnssp\u00f8rsm\u00e5l. I dag, som redakt\u00f8r for Nordnesrepublikken, pr\u00f8ver jeg \u00e5 forene min kj\u00e6rlighet for journalistikk med min lidenskap for innovasjon og eventyr.\",\"sameAs\":[\"https:\/\/nordnesrepublikken.no\/\"]}]}<\/script>\n<!-- \/ Yoast SEO plugin. -->","yoast_head_json":{"title":"Sj\u00e5f\u00f8rer i Spania ser denne hvite diamanten og mange vet ikke at den kan koste \u20ac200 - Nordnesrepublikken","robots":{"index":"index","follow":"follow","max-snippet":"max-snippet:-1","max-image-preview":"max-image-preview:large","max-video-preview":"max-video-preview:-1"},"canonical":"https:\/\/nordnesrepublikken.no\/index.php\/2026\/04\/23\/sjaforer-i-spania-ser-denne-hvite-diamanten-og-mange-vet-ikke-at-den-kan-koste-e200\/","og_locale":"nb_NO","og_type":"article","og_title":"Sj\u00e5f\u00f8rer i Spania ser denne hvite diamanten og mange vet ikke at den kan koste \u20ac200 - Nordnesrepublikken","og_description":"Sj\u00e5f\u00f8rer i Spania blir p\u00e5minnet om \u00e5 se opp for en hvit diamant malt p\u00e5","og_url":"https:\/\/nordnesrepublikken.no\/index.php\/2026\/04\/23\/sjaforer-i-spania-ser-denne-hvite-diamanten-og-mange-vet-ikke-at-den-kan-koste-e200\/","og_site_name":"Nordnesrepublikken","article_published_time":"2026-04-23T18:48:55+00:00","article_modified_time":"2026-04-23T18:48:57+00:00","og_image":[{"width":1200,"height":899,"url":"https:\/\/nordnesrepublikken.no\/wp-content\/uploads\/2026\/04\/1776970136_Sjaforer-i-Spania-ser-denne-hvite-diamanten-og-mange-vet.jpg","type":"image\/jpeg"}],"author":"Ole Andersen","twitter_card":"summary_large_image","twitter_misc":{"Skrevet av":"Ole Andersen","Ansl. lesetid":"4 minutter"},"schema":{"@context":"https:\/\/schema.org","@graph":[{"@type":"Article","@id":"https:\/\/nordnesrepublikken.no\/index.php\/2026\/04\/23\/sjaforer-i-spania-ser-denne-hvite-diamanten-og-mange-vet-ikke-at-den-kan-koste-e200\/#article","isPartOf":{"@id":"https:\/\/nordnesrepublikken.no\/index.php\/2026\/04\/23\/sjaforer-i-spania-ser-denne-hvite-diamanten-og-mange-vet-ikke-at-den-kan-koste-e200\/"},"author":{"name":"Ole Andersen","@id":"https:\/\/nordnesrepublikken.no\/#\/schema\/person\/2e7e81935bab77882fffb79296240ff1"},"headline":"Sj\u00e5f\u00f8rer i Spania ser denne hvite diamanten og mange vet ikke at den kan koste \u20ac200","datePublished":"2026-04-23T18:48:55+00:00","dateModified":"2026-04-23T18:48:57+00:00","mainEntityOfPage":{"@id":"https:\/\/nordnesrepublikken.no\/index.php\/2026\/04\/23\/sjaforer-i-spania-ser-denne-hvite-diamanten-og-mange-vet-ikke-at-den-kan-koste-e200\/"},"wordCount":871,"publisher":{"@id":"https:\/\/nordnesrepublikken.no\/#organization"},"image":{"@id":"https:\/\/nordnesrepublikken.no\/index.php\/2026\/04\/23\/sjaforer-i-spania-ser-denne-hvite-diamanten-og-mange-vet-ikke-at-den-kan-koste-e200\/#primaryimage"},"thumbnailUrl":"https:\/\/nordnesrepublikken.no\/wp-content\/uploads\/2026\/04\/1776970136_Sjaforer-i-Spania-ser-denne-hvite-diamanten-og-mange-vet.jpg","keywords":["den","denne","diamanten","hvite","ikke","kan","koste","mange","ser","sj\u00e5f\u00f8rer","Spania","vet"],"articleSection":["Livsstil"],"inLanguage":"nb-NO"},{"@type":"WebPage","@id":"https:\/\/nordnesrepublikken.no\/index.php\/2026\/04\/23\/sjaforer-i-spania-ser-denne-hvite-diamanten-og-mange-vet-ikke-at-den-kan-koste-e200\/","url":"https:\/\/nordnesrepublikken.no\/index.php\/2026\/04\/23\/sjaforer-i-spania-ser-denne-hvite-diamanten-og-mange-vet-ikke-at-den-kan-koste-e200\/","name":"Sj\u00e5f\u00f8rer i Spania ser denne hvite diamanten og mange vet ikke at den kan koste \u20ac200 - Nordnesrepublikken","isPartOf":{"@id":"https:\/\/nordnesrepublikken.no\/#website"},"primaryImageOfPage":{"@id":"https:\/\/nordnesrepublikken.no\/index.php\/2026\/04\/23\/sjaforer-i-spania-ser-denne-hvite-diamanten-og-mange-vet-ikke-at-den-kan-koste-e200\/#primaryimage"},"image":{"@id":"https:\/\/nordnesrepublikken.no\/index.php\/2026\/04\/23\/sjaforer-i-spania-ser-denne-hvite-diamanten-og-mange-vet-ikke-at-den-kan-koste-e200\/#primaryimage"},"thumbnailUrl":"https:\/\/nordnesrepublikken.no\/wp-content\/uploads\/2026\/04\/1776970136_Sjaforer-i-Spania-ser-denne-hvite-diamanten-og-mange-vet.jpg","datePublished":"2026-04-23T18:48:55+00:00","dateModified":"2026-04-23T18:48:57+00:00","breadcrumb":{"@id":"https:\/\/nordnesrepublikken.no\/index.php\/2026\/04\/23\/sjaforer-i-spania-ser-denne-hvite-diamanten-og-mange-vet-ikke-at-den-kan-koste-e200\/#breadcrumb"},"inLanguage":"nb-NO","potentialAction":[{"@type":"ReadAction","target":["https:\/\/nordnesrepublikken.no\/index.php\/2026\/04\/23\/sjaforer-i-spania-ser-denne-hvite-diamanten-og-mange-vet-ikke-at-den-kan-koste-e200\/"]}]},{"@type":"ImageObject","inLanguage":"nb-NO","@id":"https:\/\/nordnesrepublikken.no\/index.php\/2026\/04\/23\/sjaforer-i-spania-ser-denne-hvite-diamanten-og-mange-vet-ikke-at-den-kan-koste-e200\/#primaryimage","url":"https:\/\/nordnesrepublikken.no\/wp-content\/uploads\/2026\/04\/1776970136_Sjaforer-i-Spania-ser-denne-hvite-diamanten-og-mange-vet.jpg","contentUrl":"https:\/\/nordnesrepublikken.no\/wp-content\/uploads\/2026\/04\/1776970136_Sjaforer-i-Spania-ser-denne-hvite-diamanten-og-mange-vet.jpg","width":1200,"height":899,"caption":"Sj\u00e5f\u00f8rer i Spania ser denne hvite diamanten og mange vet ikke at den kan koste \u20ac200"},{"@type":"BreadcrumbList","@id":"https:\/\/nordnesrepublikken.no\/index.php\/2026\/04\/23\/sjaforer-i-spania-ser-denne-hvite-diamanten-og-mange-vet-ikke-at-den-kan-koste-e200\/#breadcrumb","itemListElement":[{"@type":"ListItem","position":1,"name":"Home","item":"https:\/\/nordnesrepublikken.no\/"},{"@type":"ListItem","position":2,"name":"Sj\u00e5f\u00f8rer i Spania ser denne hvite diamanten og mange vet ikke at den kan koste \u20ac200"}]},{"@type":"WebSite","@id":"https:\/\/nordnesrepublikken.no\/#website","url":"https:\/\/nordnesrepublikken.no\/","name":"Nordnesrepublikken","description":"Stemmer og Visjoner fra Republikkens Hjerte","publisher":{"@id":"https:\/\/nordnesrepublikken.no\/#organization"},"potentialAction":[{"@type":"SearchAction","target":{"@type":"EntryPoint","urlTemplate":"https:\/\/nordnesrepublikken.no\/?s={search_term_string}"},"query-input":{"@type":"PropertyValueSpecification","valueRequired":true,"valueName":"search_term_string"}}],"inLanguage":"nb-NO"},{"@type":"Organization","@id":"https:\/\/nordnesrepublikken.no\/#organization","name":"Nordnesrepublikken","url":"https:\/\/nordnesrepublikken.no\/","logo":{"@type":"ImageObject","inLanguage":"nb-NO","@id":"https:\/\/nordnesrepublikken.no\/#\/schema\/logo\/image\/","url":"https:\/\/nordnesrepublikken.no\/wp-content\/uploads\/2025\/02\/cropped-nordnesrepublikken-2.png","contentUrl":"https:\/\/nordnesrepublikken.no\/wp-content\/uploads\/2025\/02\/cropped-nordnesrepublikken-2.png","width":1248,"height":362,"caption":"Nordnesrepublikken"},"image":{"@id":"https:\/\/nordnesrepublikken.no\/#\/schema\/logo\/image\/"}},{"@type":"Person","@id":"https:\/\/nordnesrepublikken.no\/#\/schema\/person\/2e7e81935bab77882fffb79296240ff1","name":"Ole Andersen","image":{"@type":"ImageObject","inLanguage":"nb-NO","@id":"https:\/\/nordnesrepublikken.no\/#\/schema\/person\/image\/","url":"https:\/\/nordnesrepublikken.no\/wp-content\/uploads\/2025\/02\/nordnesrepublikken-2-2-150x150.jpg","contentUrl":"https:\/\/nordnesrepublikken.no\/wp-content\/uploads\/2025\/02\/nordnesrepublikken-2-2-150x150.jpg","caption":"Ole Andersen"},"description":"Ettersom jeg vokste opp i Oslo, har jeg alltid v\u00e6rt fascinert av ordenes kraft og deres evne til \u00e5 skape endringer. Etter \u00e5 ha fullf\u00f8rt min utdannelse i kommunikasjon ved Universitetet i Bergen, fikk jeg muligheten til \u00e5 jobbe innen ulike medier, der jeg har s\u00f8kt \u00e5 belyse viktige samfunnssp\u00f8rsm\u00e5l. I dag, som redakt\u00f8r for Nordnesrepublikken, pr\u00f8ver jeg \u00e5 forene min kj\u00e6rlighet for journalistikk med min lidenskap for innovasjon og eventyr.","sameAs":["https:\/\/nordnesrepublikken.no\/"]}]}},"_links":{"self":[{"href":"https:\/\/nordnesrepublikken.no\/index.php\/wp-json\/wp\/v2\/posts\/17373","targetHints":{"allow":["GET"]}}],"collection":[{"href":"https:\/\/nordnesrepublikken.no\/index.php\/wp-json\/wp\/v2\/posts"}],"about":[{"href":"https:\/\/nordnesrepublikken.no\/index.php\/wp-json\/wp\/v2\/types\/post"}],"author":[{"embeddable":true,"href":"https:\/\/nordnesrepublikken.no\/index.php\/wp-json\/wp\/v2\/users\/1"}],"replies":[{"embeddable":true,"href":"https:\/\/nordnesrepublikken.no\/index.php\/wp-json\/wp\/v2\/comments?post=17373"}],"version-history":[{"count":1,"href":"https:\/\/nordnesrepublikken.no\/index.php\/wp-json\/wp\/v2\/posts\/17373\/revisions"}],"predecessor-version":[{"id":17375,"href":"https:\/\/nordnesrepublikken.no\/index.php\/wp-json\/wp\/v2\/posts\/17373\/revisions\/17375"}],"wp:featuredmedia":[{"embeddable":true,"href":"https:\/\/nordnesrepublikken.no\/index.php\/wp-json\/wp\/v2\/media\/17374"}],"wp:attachment":[{"href":"https:\/\/nordnesrepublikken.no\/index.php\/wp-json\/wp\/v2\/media?parent=17373"}],"wp:term":[{"taxonomy":"category","embeddable":true,"href":"https:\/\/nordnesrepublikken.no\/index.php\/wp-json\/wp\/v2\/categories?post=17373"},{"taxonomy":"post_tag","embeddable":true,"href":"https:\/\/nordnesrepublikken.no\/index.php\/wp-json\/wp\/v2\/tags?post=17373"}],"curies":[{"name":"wp","href":"https:\/\/api.w.org\/{rel}","templated":true}]}}