{"id":17370,"date":"2026-04-23T18:00:05","date_gmt":"2026-04-23T16:00:05","guid":{"rendered":"https:\/\/nordnesrepublikken.no\/index.php\/2026\/04\/23\/den-har-allerede-et-operativsystem-smidd-av-evolusjon\/"},"modified":"2026-04-23T18:00:09","modified_gmt":"2026-04-23T16:00:09","slug":"den-har-allerede-et-operativsystem-smidd-av-evolusjon","status":"publish","type":"post","link":"https:\/\/nordnesrepublikken.no\/index.php\/2026\/04\/23\/den-har-allerede-et-operativsystem-smidd-av-evolusjon\/","title":{"rendered":"den har allerede et &laquo;operativsystem&raquo; smidd av evolusjon"},"content":{"rendered":"<div>\n<div class=\"cp_wrapper cp_wrapper--fw mb-30 mb-20@tablet\">\n<figure class=\"mm\"><picture class=\"img\" style=\"padding-top:56.25%\"><source  media=\"(min-width: 1024px)\"><source  media=\"(min-width: 768px)\"><\/source><\/source><\/picture><\/figure>\n<\/p><\/div>\n<p>Ser p\u00e5 en <strong>nyf\u00f8dt<\/strong>sp\u00f8r vi oss selv ofte: er tankene hans som en datamaskin med en tom harddisk, eller har han allerede en &laquo;<strong>operativsystem<\/strong>&laquo;? I \u00e5rhundrer ble det antatt at spedbarnshjernen var en <strong>blankt lerret<\/strong> eller, som filosofen hevdet <strong>John Locke<\/strong>en&raquo;<strong>ren tavle<\/strong>&laquo;I dag har kunnskapen om emnet utviklet seg mye, og til tross for kompleksiteten i saken, vet vi det <strong>vi er ikke f\u00f8dt tomme i det hele tatt<\/strong>. Hjernen v\u00e5r har <strong>allerede forh\u00e5ndsprogrammerte nettverk<\/strong> og aktiv, men klar til \u00e5 bli formet av erfaring: hvis vi allerede har en grunnleggende struktur for sansenettverk, som syn, h\u00f8rsel og bevegelse, kan milj\u00f8forholdene ved graviditet, f\u00f8dsel og de f\u00f8rste m\u00e5nedene av livet forme v\u00e5re nevrale forbindelser.<\/p>\n<h2><b>Et operativsystem allerede installert f\u00f8r f\u00f8dselen<\/b><\/h2>\n<p>Allerede i livmoren, hjernen til fosteret f\u00f8rst og deretter barnet begynner \u00e5 <strong>generere milliarder av nevroner <\/strong>og ogs\u00e5 til <strong>koble dem til hverandre<\/strong> i funksjonelle nettverk. N\u00e5r vi kommer til verden har vi en grunnleggende hjernearkitektur som i stor grad er en kopi av voksnes: dette skjer fordi utviklingen f\u00f8lger en <strong>genetisk prosjekt<\/strong> at utviklingen f\u00f8lger, med regler som har stratifisert i l\u00f8pet av v\u00e5r evolusjonshistorie. Som artikkelen publisert p\u00e5 forklarer <em>Biologisk psykiatri<\/em>brukte forskere avanserte MR-teknikker hos fostre og nyf\u00f8dte og oppdaget at <strong>prim\u00e6re hjernenettverk<\/strong>alts\u00e5 de som er ansvarlige for vitale sanser som f.eks <strong>utsikt<\/strong>h\u00f8rsel og kroppslig bevegelse, er <strong>allerede strukturert<\/strong> og utstyrt <strong>p\u00e5 tidspunktet for f\u00f8dselen<\/strong>om enn noen ganger umoden som i tilfelle av syn. Se for deg disse nerv\u00f8se nettverkene som motorveier som allerede er asfaltert og beskyttet av spesielle slirer, klare for at trafikken av sensorisk informasjon raskt kan flyte. Selv de komplekse systemene beregnet p\u00e5 <strong>semantisk minne<\/strong>v\u00e5r fremtidige &laquo;mentale encyklopedi&raquo; for \u00e5 lagre kunnskap om verden, presentere spesifikke og operasjonelle underavdelinger allerede i de aller f\u00f8rste dagene av livet. Videre er spesifikke omr\u00e5der av den visuelle cortex, disponert for visuelt \u00e5 gjenkjenne menneskelige ansikter eller landskap, n\u00f8yaktig i sin &laquo;voksne&raquo; stilling ved bare fire eller seks m\u00e5neders alder. Kort sagt, vi er f\u00f8dt med den grunnleggende infrastrukturen allerede installert.<\/p>\n<h2><b>En &laquo;programvare&raquo; designet for \u00e5 l\u00e6re sakte<\/b><\/h2>\n<p>Hvis den grunnleggende infrastrukturen allerede er klar, for <strong>hvilken grunn<\/strong> <strong>nyf\u00f8dte tar \u00e5r<\/strong> \u00e5 l\u00e6re \u00e5 snakke, resonnere abstrakt og ta komplekse beslutninger? Fenomenet kan forklares gjennom en evolusjon\u00e6r tilpasning typisk for mennesker kalt &laquo;<strong>neoteny<\/strong>&laquo;, som best\u00e5r i en ekstrem forlengelse av hjernens utviklingstider sammenlignet med andre primater. Biologisk skjer det at mens de sensoriske og motoriske nettverkene modnes raskt, <strong>de &laquo;h\u00f8yere&raquo; eller assosiative hjernenettverkene forblir fragmenterte og umodne i lang tid<\/strong>. Denne tilsynelatende forsinkelsen er faktisk v\u00e5r st\u00f8rste <strong>evolusjon\u00e6r ressurs<\/strong>.<\/p>\n<p>De <strong>genetisk program<\/strong> menneske han var <strong>valgt<\/strong> p\u00e5 denne m\u00e5ten fordi <strong>nevral plastisitet<\/strong> (og derfor v\u00e5r ekstraordin\u00e6re evne til \u00e5 l\u00e6re) har vist seg \u00e5 v\u00e6re en<strong>d\u00f8delig v\u00e5pen<\/strong> for \u00e5 overleve. La oss tenke p\u00e5 barnets hjerne som en programvare utgitt i en &laquo;beta&raquo;-versjon: de essensielle modulene for overlevelsesarbeid, men for \u00e5 l\u00e5se opp de avanserte funksjonene m\u00e5 du laste ned oppdateringer via <strong>innspill fra omverdenen<\/strong>. For eksempel er den formidable evnen til \u00e5 isolere og hyperselektivt gjenkjenne et menneskelig ansikt ved \u00e5 skille det fra et hvilket som helst annet objekt ikke perfekt fra dag \u00e9n, men krever <strong>kontinuerlig og iherdig eksponering<\/strong> visuell for \u00e5 kunne foredle. Som svar p\u00e5 levd erfaring, virker hjernen fysisk <strong>eliminerer overfl\u00f8dige synapser<\/strong> i en ekte &laquo;beskj\u00e6ringsprosess&raquo;, som tjener til definitivt \u00e5 optimalisere de nevrale nettverkene.<\/p>\n<div class=\"cp_wrapper cp_wrapper--fw mb-50\">\n<figure class=\"mm\"><picture class=\"img\" style=\"padding-top:66.666666666667%\"><source  media=\"(min-width: 1024px)\"><source  media=\"(min-width: 768px)\"><img decoding=\"async\" loading=\"lazy\" src=\"https:\/\/nordnesrepublikken.no\/wp-content\/uploads\/2026\/04\/1776960005_758_den-har-allerede-et-operativsystem-smidd-av-evolusjon.jpg\" alt=\"nyf\u00f8dt hjerne formet av erfaring\" width=\"2121\" height=\"1414\"\/><\/source><\/source><\/picture><\/figure>\n<\/p><\/div>\n<h2><b>Milj\u00f8et som den endelige programmereren<\/b><\/h2>\n<p>Til slutt m\u00e5 vi forst\u00e5 at det grunnleggende genetiske programmet ikke er et rigid og uforanderlig skript, men et <strong>dynamisk mekanisme<\/strong>. Flere studier bekrefter at <strong>milj\u00f8forhold<\/strong> som vi blir utsatt for siden livmoren kan <strong>endre og omprogrammere<\/strong> fysisk den begynnende arkitekturen til hjernen v\u00e5r. Denne fleksibiliteten styres av<strong>epigenetikk<\/strong>en prosess der milj\u00f8faktorer fungerer som kjemiske signaler som, selv om <strong>modifiseres ikke<\/strong> selve DNA-sekvensen, p\u00e5virke dens<strong>uttrykk<\/strong>sl\u00e5 p\u00e5 eller av visse gener: noen gener er der og er aktivert, andre er der, men er ikke aktivert.<\/p>\n<p>P\u00e5 grunn av dette finner vi det <strong>u\u00f8nskede prenatale hendelser<\/strong>som psykologisk stress hos mor, variasjoner i ern\u00e6ring eller oksygenmangel under f\u00f8dsel, <strong>de avviker forbindelsesbanene til hjernen<\/strong>. Som fremhevet i en forskning fra 2016, viser barn f\u00f8dt for tidlig, for eksempel, til tross for at de beholder en korrekt global hjernestruktur, ofte svakere forbindelsesnettverk mellom de ulike distriktene i hjernen; det er en slags unormal &laquo;omkobling&raquo; utl\u00f8st av tidlig eksponering for en ekstrauterin verden som nervesystemet enn\u00e5 ikke var helt klart for. tvert imot, <strong>sv\u00e6rt positive milj\u00f8stimuli<\/strong>slik som mors varme og st\u00f8tte eller et interaktivt vekstmilj\u00f8, <strong>aktivt \u00f8ke utviklingen<\/strong> og volumet av essensielle omr\u00e5der som hippocampus, som er v\u00e5rt senter for l\u00e6ring og f\u00f8lelser. \u00abTabulaen\u00bb som vi er f\u00f8dt med har derfor et medf\u00f8dt og sv\u00e6rt raffinert plot forh\u00e5ndsprogrammert av genetikk, men venter p\u00e5 m\u00f8tet med omgivelsenes nyanser for \u00e5 fullf\u00f8re sitt kognitive mesterverk.<\/p>\n<div class=\"cp_wrapper  mb-50   \">\n<div class=\"cbx\">\n<div class=\"cbx__collection\">\n<p>Kilder<\/p>\n<div class=\"cbx__sources\">\n<p>                                                            Zhu et al., 2024, Innate network mechanisms of temporal pole for semantic cognition in neonatal and adult twin studies Deen et al., 2017, Organization of high-level visual cortex in human infants Nielsen et al., 2024, Maturation of large-scale brain systems over the first month of life Miguel et al. hjernestruktur og funksjon Eyre et al., 2020, The Developing Human Connectome Project: typisk og forstyrret perinatal funksjonell tilkobling Cao et al., 2017, Early Development of Functional Network Segregation Revealed by Connectomic Analysis of the Preterm Human Brain Zhou et al., 2024, Genetics of human brain et al. funksjonell arkitektur under tidlig hjerneutvikling Thomason, 2020, Development of Brain Networks In Utero: Relevance for Common Neural Disorders\n                                                <\/p><\/div>\n<\/p><\/div>\n<\/p><\/div>\n<\/div><\/div>\n","protected":false},"excerpt":{"rendered":"<p>Ser p\u00e5 en nyf\u00f8dtsp\u00f8r vi oss selv ofte: er tankene hans som en datamaskin med<\/p>\n","protected":false},"author":1,"featured_media":17371,"comment_status":"closed","ping_status":"open","sticky":false,"template":"","format":"standard","meta":{"footnotes":""},"categories":[24],"tags":[2410,74,5231,179,11226,11227],"class_list":["post-17370","post","type-post","status-publish","format-standard","has-post-thumbnail","hentry","category-vitenskap","tag-allerede","tag-den","tag-evolusjon","tag-har","tag-operativsystem","tag-smidd","generate-columns","tablet-grid-50","mobile-grid-100","grid-parent","grid-33","resize-featured-image"],"yoast_head":"<!-- This site is optimized with the Yoast SEO plugin v24.4 - https:\/\/yoast.com\/wordpress\/plugins\/seo\/ -->\n<title>den har allerede et &quot;operativsystem&quot; smidd av evolusjon - Nordnesrepublikken<\/title>\n<meta name=\"robots\" content=\"index, follow, max-snippet:-1, max-image-preview:large, max-video-preview:-1\" \/>\n<link rel=\"canonical\" href=\"https:\/\/nordnesrepublikken.no\/index.php\/2026\/04\/23\/den-har-allerede-et-operativsystem-smidd-av-evolusjon\/\" \/>\n<meta property=\"og:locale\" content=\"nb_NO\" \/>\n<meta property=\"og:type\" content=\"article\" \/>\n<meta property=\"og:title\" content=\"den har allerede et &quot;operativsystem&quot; smidd av evolusjon - Nordnesrepublikken\" \/>\n<meta property=\"og:description\" content=\"Ser p\u00e5 en nyf\u00f8dtsp\u00f8r vi oss selv ofte: er tankene hans som en datamaskin med\" \/>\n<meta property=\"og:url\" content=\"https:\/\/nordnesrepublikken.no\/index.php\/2026\/04\/23\/den-har-allerede-et-operativsystem-smidd-av-evolusjon\/\" \/>\n<meta property=\"og:site_name\" content=\"Nordnesrepublikken\" \/>\n<meta property=\"article:published_time\" content=\"2026-04-23T16:00:05+00:00\" \/>\n<meta property=\"article:modified_time\" content=\"2026-04-23T16:00:09+00:00\" \/>\n<meta property=\"og:image\" content=\"https:\/\/nordnesrepublikken.no\/wp-content\/uploads\/2026\/04\/1776960007_den-har-allerede-et-operativsystem-smidd-av-evolusjon.jpg\" \/>\n\t<meta property=\"og:image:width\" content=\"2078\" \/>\n\t<meta property=\"og:image:height\" content=\"1443\" \/>\n\t<meta property=\"og:image:type\" content=\"image\/jpeg\" \/>\n<meta name=\"author\" content=\"Ole Andersen\" \/>\n<meta name=\"twitter:card\" content=\"summary_large_image\" \/>\n<meta name=\"twitter:label1\" content=\"Skrevet av\" \/>\n\t<meta name=\"twitter:data1\" content=\"Ole Andersen\" \/>\n\t<meta name=\"twitter:label2\" content=\"Ansl. lesetid\" \/>\n\t<meta name=\"twitter:data2\" content=\"5 minutter\" \/>\n<script type=\"application\/ld+json\" class=\"yoast-schema-graph\">{\"@context\":\"https:\/\/schema.org\",\"@graph\":[{\"@type\":\"Article\",\"@id\":\"https:\/\/nordnesrepublikken.no\/index.php\/2026\/04\/23\/den-har-allerede-et-operativsystem-smidd-av-evolusjon\/#article\",\"isPartOf\":{\"@id\":\"https:\/\/nordnesrepublikken.no\/index.php\/2026\/04\/23\/den-har-allerede-et-operativsystem-smidd-av-evolusjon\/\"},\"author\":{\"name\":\"Ole Andersen\",\"@id\":\"https:\/\/nordnesrepublikken.no\/#\/schema\/person\/2e7e81935bab77882fffb79296240ff1\"},\"headline\":\"den har allerede et &laquo;operativsystem&raquo; smidd av evolusjon\",\"datePublished\":\"2026-04-23T16:00:05+00:00\",\"dateModified\":\"2026-04-23T16:00:09+00:00\",\"mainEntityOfPage\":{\"@id\":\"https:\/\/nordnesrepublikken.no\/index.php\/2026\/04\/23\/den-har-allerede-et-operativsystem-smidd-av-evolusjon\/\"},\"wordCount\":959,\"publisher\":{\"@id\":\"https:\/\/nordnesrepublikken.no\/#organization\"},\"image\":{\"@id\":\"https:\/\/nordnesrepublikken.no\/index.php\/2026\/04\/23\/den-har-allerede-et-operativsystem-smidd-av-evolusjon\/#primaryimage\"},\"thumbnailUrl\":\"https:\/\/nordnesrepublikken.no\/wp-content\/uploads\/2026\/04\/1776960007_den-har-allerede-et-operativsystem-smidd-av-evolusjon.jpg\",\"keywords\":[\"allerede\",\"den\",\"evolusjon\",\"har\",\"operativsystem\",\"smidd\"],\"articleSection\":[\"Vitenskap\"],\"inLanguage\":\"nb-NO\"},{\"@type\":\"WebPage\",\"@id\":\"https:\/\/nordnesrepublikken.no\/index.php\/2026\/04\/23\/den-har-allerede-et-operativsystem-smidd-av-evolusjon\/\",\"url\":\"https:\/\/nordnesrepublikken.no\/index.php\/2026\/04\/23\/den-har-allerede-et-operativsystem-smidd-av-evolusjon\/\",\"name\":\"den har allerede et \\\"operativsystem\\\" smidd av evolusjon - Nordnesrepublikken\",\"isPartOf\":{\"@id\":\"https:\/\/nordnesrepublikken.no\/#website\"},\"primaryImageOfPage\":{\"@id\":\"https:\/\/nordnesrepublikken.no\/index.php\/2026\/04\/23\/den-har-allerede-et-operativsystem-smidd-av-evolusjon\/#primaryimage\"},\"image\":{\"@id\":\"https:\/\/nordnesrepublikken.no\/index.php\/2026\/04\/23\/den-har-allerede-et-operativsystem-smidd-av-evolusjon\/#primaryimage\"},\"thumbnailUrl\":\"https:\/\/nordnesrepublikken.no\/wp-content\/uploads\/2026\/04\/1776960007_den-har-allerede-et-operativsystem-smidd-av-evolusjon.jpg\",\"datePublished\":\"2026-04-23T16:00:05+00:00\",\"dateModified\":\"2026-04-23T16:00:09+00:00\",\"breadcrumb\":{\"@id\":\"https:\/\/nordnesrepublikken.no\/index.php\/2026\/04\/23\/den-har-allerede-et-operativsystem-smidd-av-evolusjon\/#breadcrumb\"},\"inLanguage\":\"nb-NO\",\"potentialAction\":[{\"@type\":\"ReadAction\",\"target\":[\"https:\/\/nordnesrepublikken.no\/index.php\/2026\/04\/23\/den-har-allerede-et-operativsystem-smidd-av-evolusjon\/\"]}]},{\"@type\":\"ImageObject\",\"inLanguage\":\"nb-NO\",\"@id\":\"https:\/\/nordnesrepublikken.no\/index.php\/2026\/04\/23\/den-har-allerede-et-operativsystem-smidd-av-evolusjon\/#primaryimage\",\"url\":\"https:\/\/nordnesrepublikken.no\/wp-content\/uploads\/2026\/04\/1776960007_den-har-allerede-et-operativsystem-smidd-av-evolusjon.jpg\",\"contentUrl\":\"https:\/\/nordnesrepublikken.no\/wp-content\/uploads\/2026\/04\/1776960007_den-har-allerede-et-operativsystem-smidd-av-evolusjon.jpg\",\"width\":2078,\"height\":1443,\"caption\":\"den har allerede et \\\"operativsystem\\\" smidd av evolusjon\"},{\"@type\":\"BreadcrumbList\",\"@id\":\"https:\/\/nordnesrepublikken.no\/index.php\/2026\/04\/23\/den-har-allerede-et-operativsystem-smidd-av-evolusjon\/#breadcrumb\",\"itemListElement\":[{\"@type\":\"ListItem\",\"position\":1,\"name\":\"Home\",\"item\":\"https:\/\/nordnesrepublikken.no\/\"},{\"@type\":\"ListItem\",\"position\":2,\"name\":\"den har allerede et &laquo;operativsystem&raquo; smidd av evolusjon\"}]},{\"@type\":\"WebSite\",\"@id\":\"https:\/\/nordnesrepublikken.no\/#website\",\"url\":\"https:\/\/nordnesrepublikken.no\/\",\"name\":\"Nordnesrepublikken\",\"description\":\"Stemmer og Visjoner fra Republikkens Hjerte\",\"publisher\":{\"@id\":\"https:\/\/nordnesrepublikken.no\/#organization\"},\"potentialAction\":[{\"@type\":\"SearchAction\",\"target\":{\"@type\":\"EntryPoint\",\"urlTemplate\":\"https:\/\/nordnesrepublikken.no\/?s={search_term_string}\"},\"query-input\":{\"@type\":\"PropertyValueSpecification\",\"valueRequired\":true,\"valueName\":\"search_term_string\"}}],\"inLanguage\":\"nb-NO\"},{\"@type\":\"Organization\",\"@id\":\"https:\/\/nordnesrepublikken.no\/#organization\",\"name\":\"Nordnesrepublikken\",\"url\":\"https:\/\/nordnesrepublikken.no\/\",\"logo\":{\"@type\":\"ImageObject\",\"inLanguage\":\"nb-NO\",\"@id\":\"https:\/\/nordnesrepublikken.no\/#\/schema\/logo\/image\/\",\"url\":\"https:\/\/nordnesrepublikken.no\/wp-content\/uploads\/2025\/02\/cropped-nordnesrepublikken-2.png\",\"contentUrl\":\"https:\/\/nordnesrepublikken.no\/wp-content\/uploads\/2025\/02\/cropped-nordnesrepublikken-2.png\",\"width\":1248,\"height\":362,\"caption\":\"Nordnesrepublikken\"},\"image\":{\"@id\":\"https:\/\/nordnesrepublikken.no\/#\/schema\/logo\/image\/\"}},{\"@type\":\"Person\",\"@id\":\"https:\/\/nordnesrepublikken.no\/#\/schema\/person\/2e7e81935bab77882fffb79296240ff1\",\"name\":\"Ole Andersen\",\"image\":{\"@type\":\"ImageObject\",\"inLanguage\":\"nb-NO\",\"@id\":\"https:\/\/nordnesrepublikken.no\/#\/schema\/person\/image\/\",\"url\":\"https:\/\/nordnesrepublikken.no\/wp-content\/uploads\/2025\/02\/nordnesrepublikken-2-2-150x150.jpg\",\"contentUrl\":\"https:\/\/nordnesrepublikken.no\/wp-content\/uploads\/2025\/02\/nordnesrepublikken-2-2-150x150.jpg\",\"caption\":\"Ole Andersen\"},\"description\":\"Ettersom jeg vokste opp i Oslo, har jeg alltid v\u00e6rt fascinert av ordenes kraft og deres evne til \u00e5 skape endringer. Etter \u00e5 ha fullf\u00f8rt min utdannelse i kommunikasjon ved Universitetet i Bergen, fikk jeg muligheten til \u00e5 jobbe innen ulike medier, der jeg har s\u00f8kt \u00e5 belyse viktige samfunnssp\u00f8rsm\u00e5l. I dag, som redakt\u00f8r for Nordnesrepublikken, pr\u00f8ver jeg \u00e5 forene min kj\u00e6rlighet for journalistikk med min lidenskap for innovasjon og eventyr.\",\"sameAs\":[\"https:\/\/nordnesrepublikken.no\/\"]}]}<\/script>\n<!-- \/ Yoast SEO plugin. -->","yoast_head_json":{"title":"den har allerede et \"operativsystem\" smidd av evolusjon - Nordnesrepublikken","robots":{"index":"index","follow":"follow","max-snippet":"max-snippet:-1","max-image-preview":"max-image-preview:large","max-video-preview":"max-video-preview:-1"},"canonical":"https:\/\/nordnesrepublikken.no\/index.php\/2026\/04\/23\/den-har-allerede-et-operativsystem-smidd-av-evolusjon\/","og_locale":"nb_NO","og_type":"article","og_title":"den har allerede et \"operativsystem\" smidd av evolusjon - Nordnesrepublikken","og_description":"Ser p\u00e5 en nyf\u00f8dtsp\u00f8r vi oss selv ofte: er tankene hans som en datamaskin med","og_url":"https:\/\/nordnesrepublikken.no\/index.php\/2026\/04\/23\/den-har-allerede-et-operativsystem-smidd-av-evolusjon\/","og_site_name":"Nordnesrepublikken","article_published_time":"2026-04-23T16:00:05+00:00","article_modified_time":"2026-04-23T16:00:09+00:00","og_image":[{"width":2078,"height":1443,"url":"https:\/\/nordnesrepublikken.no\/wp-content\/uploads\/2026\/04\/1776960007_den-har-allerede-et-operativsystem-smidd-av-evolusjon.jpg","type":"image\/jpeg"}],"author":"Ole Andersen","twitter_card":"summary_large_image","twitter_misc":{"Skrevet av":"Ole Andersen","Ansl. lesetid":"5 minutter"},"schema":{"@context":"https:\/\/schema.org","@graph":[{"@type":"Article","@id":"https:\/\/nordnesrepublikken.no\/index.php\/2026\/04\/23\/den-har-allerede-et-operativsystem-smidd-av-evolusjon\/#article","isPartOf":{"@id":"https:\/\/nordnesrepublikken.no\/index.php\/2026\/04\/23\/den-har-allerede-et-operativsystem-smidd-av-evolusjon\/"},"author":{"name":"Ole Andersen","@id":"https:\/\/nordnesrepublikken.no\/#\/schema\/person\/2e7e81935bab77882fffb79296240ff1"},"headline":"den har allerede et &laquo;operativsystem&raquo; smidd av evolusjon","datePublished":"2026-04-23T16:00:05+00:00","dateModified":"2026-04-23T16:00:09+00:00","mainEntityOfPage":{"@id":"https:\/\/nordnesrepublikken.no\/index.php\/2026\/04\/23\/den-har-allerede-et-operativsystem-smidd-av-evolusjon\/"},"wordCount":959,"publisher":{"@id":"https:\/\/nordnesrepublikken.no\/#organization"},"image":{"@id":"https:\/\/nordnesrepublikken.no\/index.php\/2026\/04\/23\/den-har-allerede-et-operativsystem-smidd-av-evolusjon\/#primaryimage"},"thumbnailUrl":"https:\/\/nordnesrepublikken.no\/wp-content\/uploads\/2026\/04\/1776960007_den-har-allerede-et-operativsystem-smidd-av-evolusjon.jpg","keywords":["allerede","den","evolusjon","har","operativsystem","smidd"],"articleSection":["Vitenskap"],"inLanguage":"nb-NO"},{"@type":"WebPage","@id":"https:\/\/nordnesrepublikken.no\/index.php\/2026\/04\/23\/den-har-allerede-et-operativsystem-smidd-av-evolusjon\/","url":"https:\/\/nordnesrepublikken.no\/index.php\/2026\/04\/23\/den-har-allerede-et-operativsystem-smidd-av-evolusjon\/","name":"den har allerede et \"operativsystem\" smidd av evolusjon - Nordnesrepublikken","isPartOf":{"@id":"https:\/\/nordnesrepublikken.no\/#website"},"primaryImageOfPage":{"@id":"https:\/\/nordnesrepublikken.no\/index.php\/2026\/04\/23\/den-har-allerede-et-operativsystem-smidd-av-evolusjon\/#primaryimage"},"image":{"@id":"https:\/\/nordnesrepublikken.no\/index.php\/2026\/04\/23\/den-har-allerede-et-operativsystem-smidd-av-evolusjon\/#primaryimage"},"thumbnailUrl":"https:\/\/nordnesrepublikken.no\/wp-content\/uploads\/2026\/04\/1776960007_den-har-allerede-et-operativsystem-smidd-av-evolusjon.jpg","datePublished":"2026-04-23T16:00:05+00:00","dateModified":"2026-04-23T16:00:09+00:00","breadcrumb":{"@id":"https:\/\/nordnesrepublikken.no\/index.php\/2026\/04\/23\/den-har-allerede-et-operativsystem-smidd-av-evolusjon\/#breadcrumb"},"inLanguage":"nb-NO","potentialAction":[{"@type":"ReadAction","target":["https:\/\/nordnesrepublikken.no\/index.php\/2026\/04\/23\/den-har-allerede-et-operativsystem-smidd-av-evolusjon\/"]}]},{"@type":"ImageObject","inLanguage":"nb-NO","@id":"https:\/\/nordnesrepublikken.no\/index.php\/2026\/04\/23\/den-har-allerede-et-operativsystem-smidd-av-evolusjon\/#primaryimage","url":"https:\/\/nordnesrepublikken.no\/wp-content\/uploads\/2026\/04\/1776960007_den-har-allerede-et-operativsystem-smidd-av-evolusjon.jpg","contentUrl":"https:\/\/nordnesrepublikken.no\/wp-content\/uploads\/2026\/04\/1776960007_den-har-allerede-et-operativsystem-smidd-av-evolusjon.jpg","width":2078,"height":1443,"caption":"den har allerede et \"operativsystem\" smidd av evolusjon"},{"@type":"BreadcrumbList","@id":"https:\/\/nordnesrepublikken.no\/index.php\/2026\/04\/23\/den-har-allerede-et-operativsystem-smidd-av-evolusjon\/#breadcrumb","itemListElement":[{"@type":"ListItem","position":1,"name":"Home","item":"https:\/\/nordnesrepublikken.no\/"},{"@type":"ListItem","position":2,"name":"den har allerede et &laquo;operativsystem&raquo; smidd av evolusjon"}]},{"@type":"WebSite","@id":"https:\/\/nordnesrepublikken.no\/#website","url":"https:\/\/nordnesrepublikken.no\/","name":"Nordnesrepublikken","description":"Stemmer og Visjoner fra Republikkens Hjerte","publisher":{"@id":"https:\/\/nordnesrepublikken.no\/#organization"},"potentialAction":[{"@type":"SearchAction","target":{"@type":"EntryPoint","urlTemplate":"https:\/\/nordnesrepublikken.no\/?s={search_term_string}"},"query-input":{"@type":"PropertyValueSpecification","valueRequired":true,"valueName":"search_term_string"}}],"inLanguage":"nb-NO"},{"@type":"Organization","@id":"https:\/\/nordnesrepublikken.no\/#organization","name":"Nordnesrepublikken","url":"https:\/\/nordnesrepublikken.no\/","logo":{"@type":"ImageObject","inLanguage":"nb-NO","@id":"https:\/\/nordnesrepublikken.no\/#\/schema\/logo\/image\/","url":"https:\/\/nordnesrepublikken.no\/wp-content\/uploads\/2025\/02\/cropped-nordnesrepublikken-2.png","contentUrl":"https:\/\/nordnesrepublikken.no\/wp-content\/uploads\/2025\/02\/cropped-nordnesrepublikken-2.png","width":1248,"height":362,"caption":"Nordnesrepublikken"},"image":{"@id":"https:\/\/nordnesrepublikken.no\/#\/schema\/logo\/image\/"}},{"@type":"Person","@id":"https:\/\/nordnesrepublikken.no\/#\/schema\/person\/2e7e81935bab77882fffb79296240ff1","name":"Ole Andersen","image":{"@type":"ImageObject","inLanguage":"nb-NO","@id":"https:\/\/nordnesrepublikken.no\/#\/schema\/person\/image\/","url":"https:\/\/nordnesrepublikken.no\/wp-content\/uploads\/2025\/02\/nordnesrepublikken-2-2-150x150.jpg","contentUrl":"https:\/\/nordnesrepublikken.no\/wp-content\/uploads\/2025\/02\/nordnesrepublikken-2-2-150x150.jpg","caption":"Ole Andersen"},"description":"Ettersom jeg vokste opp i Oslo, har jeg alltid v\u00e6rt fascinert av ordenes kraft og deres evne til \u00e5 skape endringer. Etter \u00e5 ha fullf\u00f8rt min utdannelse i kommunikasjon ved Universitetet i Bergen, fikk jeg muligheten til \u00e5 jobbe innen ulike medier, der jeg har s\u00f8kt \u00e5 belyse viktige samfunnssp\u00f8rsm\u00e5l. I dag, som redakt\u00f8r for Nordnesrepublikken, pr\u00f8ver jeg \u00e5 forene min kj\u00e6rlighet for journalistikk med min lidenskap for innovasjon og eventyr.","sameAs":["https:\/\/nordnesrepublikken.no\/"]}]}},"_links":{"self":[{"href":"https:\/\/nordnesrepublikken.no\/index.php\/wp-json\/wp\/v2\/posts\/17370","targetHints":{"allow":["GET"]}}],"collection":[{"href":"https:\/\/nordnesrepublikken.no\/index.php\/wp-json\/wp\/v2\/posts"}],"about":[{"href":"https:\/\/nordnesrepublikken.no\/index.php\/wp-json\/wp\/v2\/types\/post"}],"author":[{"embeddable":true,"href":"https:\/\/nordnesrepublikken.no\/index.php\/wp-json\/wp\/v2\/users\/1"}],"replies":[{"embeddable":true,"href":"https:\/\/nordnesrepublikken.no\/index.php\/wp-json\/wp\/v2\/comments?post=17370"}],"version-history":[{"count":1,"href":"https:\/\/nordnesrepublikken.no\/index.php\/wp-json\/wp\/v2\/posts\/17370\/revisions"}],"predecessor-version":[{"id":17372,"href":"https:\/\/nordnesrepublikken.no\/index.php\/wp-json\/wp\/v2\/posts\/17370\/revisions\/17372"}],"wp:featuredmedia":[{"embeddable":true,"href":"https:\/\/nordnesrepublikken.no\/index.php\/wp-json\/wp\/v2\/media\/17371"}],"wp:attachment":[{"href":"https:\/\/nordnesrepublikken.no\/index.php\/wp-json\/wp\/v2\/media?parent=17370"}],"wp:term":[{"taxonomy":"category","embeddable":true,"href":"https:\/\/nordnesrepublikken.no\/index.php\/wp-json\/wp\/v2\/categories?post=17370"},{"taxonomy":"post_tag","embeddable":true,"href":"https:\/\/nordnesrepublikken.no\/index.php\/wp-json\/wp\/v2\/tags?post=17370"}],"curies":[{"name":"wp","href":"https:\/\/api.w.org\/{rel}","templated":true}]}}