{"id":17361,"date":"2026-04-23T14:57:21","date_gmt":"2026-04-23T12:57:21","guid":{"rendered":"https:\/\/nordnesrepublikken.no\/index.php\/2026\/04\/23\/micheal-jackson-bleket-ikke-huden-sin-etter-eget-valg-men-pa-grunn-av-en-sykdom-vitiligo\/"},"modified":"2026-04-23T14:57:24","modified_gmt":"2026-04-23T12:57:24","slug":"micheal-jackson-bleket-ikke-huden-sin-etter-eget-valg-men-pa-grunn-av-en-sykdom-vitiligo","status":"publish","type":"post","link":"https:\/\/nordnesrepublikken.no\/index.php\/2026\/04\/23\/micheal-jackson-bleket-ikke-huden-sin-etter-eget-valg-men-pa-grunn-av-en-sykdom-vitiligo\/","title":{"rendered":"Micheal Jackson bleket ikke huden sin etter eget valg, men p\u00e5 grunn av en sykdom, vitiligo"},"content":{"rendered":"<div>\n<div class=\"cp_wrapper cp_wrapper--fw mb-30 mb-20@tablet\">\n<figure class=\"mm\"><picture class=\"img\" style=\"padding-top:56.25%\"><source  media=\"(min-width: 1024px)\"><source  media=\"(min-width: 768px)\"><\/source><\/source><\/picture><\/figure>\n<\/p><\/div>\n<p>Det er en av de mest utbredte og dypt forankrede urbane legendene i popmusikkens historie: <strong>Michael Jackson<\/strong> han ville ha benektet sitt afroamerikanske opphav, gjennomg\u00e5tt mystiske kjemiske og kirurgiske behandlinger for \u00e5 &laquo;bli hvit&raquo;. Denne fortellingen, som eksploderte p\u00e5 tabloidene mellom 80- og 90-tallet i USA, skjuler en helt annen virkelighet. De <strong>King of Pop<\/strong> han valgte ikke \u00e5 &laquo;skifte farge&raquo;, men han led av <strong>vitiligo<\/strong>en kronisk autoimmun sykdom dokumentert av offisielle medisinske rapporter (obduksjon) og bekreftet av ham selv i flere intervjuer. Forvandlingene i utseendet hans var ikke et identitetsvalg, men et medisinsk svar p\u00e5 en progressiv og sosialt invalidiserende patologi. I \u00e5revis pr\u00f8vde Jackson \u00e5 skjule flekkene med <strong>triks<\/strong> og ikoniske tilbeh\u00f8r som det ber\u00f8mte <strong>enkelt hanske<\/strong>inntil omfanget av sykdommen hans tvang ham til det <strong>depigmenteringsterapier<\/strong> for \u00e5 jevne ut huden.<\/p>\n<p>I dag, takket v\u00e6re utgivelsen av den biografiske filmen p\u00e5 kino <strong>Michael<\/strong>denne historien er tilbake i s\u00f8kelyset. Og det gj\u00f8r den i et nytt kulturelt \u00f8yeblikk. Hvis p\u00e5 den tiden sykdommen var et stigma, i dag figurer som modellen <strong>Winnie Harlow<\/strong> de gjorde det til et symbol p\u00e5 synlighet og aksept. Det er ingen tilfeldighet at &laquo;<strong>Verdens vitiligodag<\/strong>&raquo; etablert i 2011 feires presist p\u00e5<strong> 25. juni<\/strong>til minne om dagen for Michael Jacksons d\u00f8d.<\/p>\n<h2>Hva er vitiligo, den autoimmune sykdommen<\/h2>\n<p>Vitiligo er en<strong> kronisk autoimmun sykdom<\/strong> der immunsystemet angriper <strong>melanocytter<\/strong>cellene som er ansvarlige for produksjonen av <strong>melanin<\/strong>pigmentet som gir farge til huden. Resultatet er utseendet til <strong>hvite og uregelmessige flekker<\/strong> som utvider seg over tid, gj\u00f8r huden ujevn og noen ganger ogs\u00e5 p\u00e5virker h\u00e5r, \u00f8yevipper og slimhinner. \u00c5rsaken til lappene er kjent, men den n\u00f8yaktige opprinnelsen til sykdommen og \u00e5rsakene er enn\u00e5 ikke kjent. VRF (Vitiligo Research Foundation) beskriver vitiligo som en sykdom<strong>kompleks opprinnelse e<\/strong> <strong>multifaktoriell<\/strong>. Ved basen er det en unormal autoimmun respons, men de bidrar ogs\u00e5 <strong>genetiske faktorer<\/strong>oksidativt stress og andre triggere. Det samme grunnlaget, en av hovedforskningsorganisasjonene dedikert til studier og behandling av sykdommen, fremhever hvordan vitiligo ikke er et enkelt estetisk problem, men en anerkjent medisinsk tilstand som krever <strong>spesifikke terapeutiske tiln\u00e6rminger<\/strong>.<\/p>\n<div class=\"cp_wrapper cp_wrapper--fw mb-50\">\n<figure class=\"mm\"><picture class=\"img\" style=\"padding-top:100%\"><source  media=\"(min-width: 1024px)\"><source  media=\"(min-width: 768px)\"><img decoding=\"async\" loading=\"lazy\" src=\"https:\/\/nordnesrepublikken.no\/wp-content\/uploads\/2026\/04\/1776949038_492_Micheal-Jackson-bleket-ikke-huden-sin-etter-eget-valg-men.jpg\" alt=\"lag av huden\" width=\"1732\" height=\"1732\"\/><\/source><\/source><\/picture><\/figure>\n<\/p><\/div>\n<p>If\u00f8lge NIH p\u00e5virker sykdommen <strong>0,5 til 1,5 % av verdens befolkning<\/strong>uavhengig av etnisitet eller hudfototype. Selv om den ikke er smittsom eller livstruende, har den en <strong>betydelig psykologisk p\u00e5virkning<\/strong>spesielt for de med m\u00f8rk hudfarge, siden kontrasten mellom de pigmenterte og fortsatt pigmenterte omr\u00e5dene er mye mer synlig.<\/p>\n<p>American Academy of Dermatology klassifiserer vitiligo i to hovedformer: formen <b>segmentert<\/b>som er plassert p\u00e5 den ene siden av kroppen, og formen <b>ikke segmentert<\/b>den vanligste, der lappene er fordelt symmetrisk over hele kroppen. Humanitas fremhever hvordan vitiligo fortsatt er en sykdom i dag <b>uten definitiv kur<\/b>: det finnes behandlinger for \u00e5 bremse progresjonen og fors\u00f8ke \u00e5 repigmentere enkelte omr\u00e5der, eller depigmentere sunn hud, men ingen terapi garanterer permanente resultater eller stopper progresjonen av sykdommen.<\/p>\n<h2><b>Den falske myten om &laquo;bleking&raquo;: Jacksons diagnose og ord<br \/><\/b><\/h2>\n<p>Det mest autoritative dokumentet om Michael Jacksons tilstand er <b>offisiell obduksjonsrapport<\/b> kompilert av Dr. Christopher Rogers, medisinsk unders\u00f8ker i Los Angeles County, etter kunstnerens d\u00f8d den <strong>25. juni 2009<\/strong>. Dokumentet er offentlig og kan konsulteres p\u00e5 nettet: i det anatomiske sammendraget &laquo;<strong>Vitiligo<\/strong>&laquo;.<\/p>\n<div class=\"cp_wrapper cp_wrapper--fw mb-50\">\n<figure class=\"mm\"><picture class=\"img\" style=\"padding-top:73.936899862826%\"><source  media=\"(min-width: 1024px)\"><source  media=\"(min-width: 768px)\"><img decoding=\"async\" loading=\"lazy\" src=\"https:\/\/nordnesrepublikken.no\/wp-content\/uploads\/2026\/04\/1776949039_218_Micheal-Jackson-bleket-ikke-huden-sin-etter-eget-valg-men.jpg\" alt=\"Michael Jackson obduksjon\" width=\"1458\" height=\"1078\" class=\"js-seedtag-img\"\/><\/source><\/source><\/picture><\/figure>\n<\/p><\/div>\n<p>Faktisk beskriver rapporten tilstedev\u00e6relsen av &laquo;lyse og m\u00f8rke pigmentflekker&raquo; p\u00e5 huden, og bekrefter vitiligo som en klinisk diagnose etablert i hans medisinske historie.<\/p>\n<div class=\"cp_wrapper cp_wrapper--fw mb-50\">\n<figure class=\"mm\"><picture class=\"img\" style=\"padding-top:19.706840390879%\"><source  media=\"(min-width: 1024px)\"><source  media=\"(min-width: 768px)\"><img decoding=\"async\" loading=\"lazy\" src=\"https:\/\/nordnesrepublikken.no\/wp-content\/uploads\/2026\/04\/1776949039_793_Micheal-Jackson-bleket-ikke-huden-sin-etter-eget-valg-men.jpg\" alt=\"obduksjonsdetaljer\" width=\"1228\" height=\"242\"\/><\/source><\/source><\/picture><\/figure>\n<\/p><\/div>\n<p>Popstjernen led nok ogs\u00e5 av <strong>lupus erythematosus<\/strong>en annen autoimmun tilstand &#8211; i samsvar med det som er observert i medisinsk litteratur, som rapporterer hyppig tilstedev\u00e6relse mellom patologier som involverer immunsystemet.<\/p>\n<p>Michael Jackson snakket offentlig om tilstanden hans ved flere anledninger. F\u00f8rste gang var i 1993, under den historiske <b>intervju med Oprah Winfrey<\/b>etterfulgt av omtrent 90 millioner seere i USA. Jackson erkl\u00e6rte: \u00abJeg har vitiligo. Det er en hudtilstand som \u00f8delegger hudpigmentering. Det er noe jeg ikke kan kontrollere.&raquo; Han benektet eksplisitt \u00e5 ha bleket huden frivillig. I 1997, i intervjuet med <b>Barbara Walters<\/b>gjentok diagnosen og forklarte hvordan sykdommen utviklet seg. I Martin Bashirs dokumentar fra 2003, &laquo;Living with Michael Jackson&raquo;, kom han tilbake til emnet igjen, og beskrev sykdommens psykologiske innvirkning p\u00e5 livet hans.<\/p>\n<div class=\"cp_wrapper cp_wrapper--fw mb-50\">\n<figure class=\"mm\"><picture class=\"img\" style=\"padding-top:127.71392081737%\"><source  media=\"(min-width: 1024px)\"><source  media=\"(min-width: 768px)\"><img decoding=\"async\" loading=\"lazy\" src=\"https:\/\/nordnesrepublikken.no\/wp-content\/uploads\/2026\/04\/1776949040_610_Micheal-Jackson-bleket-ikke-huden-sin-etter-eget-valg-men.jpg\" alt=\"2003_Michael_Jackson_at_The_Cable_Show\" width=\"783\" height=\"1000\" class=\"js-seedtag-img\"\/><\/source><\/source><\/picture><\/figure>\n<\/p><\/div>\n<h2><b>Behandlinger for urenheter: fra sminke til fototerapi<\/b><\/h2>\n<p>Den verdensber\u00f8mte kunstneren benyttet seg av <strong>kosmetikk<\/strong> Og <strong>h\u00f8y dekning dermokorrigerende sminke<\/strong>en vanlig praksis blant de som lider av omfattende vitiligo, som bekreftet av VRF. Som Rolling Stones rapporterer, tjente til og med bruken av den ikoniske enkelthansken, lange ermer selv om sommeren og hatten i utgangspunktet for \u00e5 skjule flekker. De f\u00f8rste demonstrasjonene dukket opp p\u00e5 begynnelsen av 80-tallet, sammenfallende med utgivelsen og suksessen til <strong>Thriller<\/strong>.<\/p>\n<p>Hovedterapien for vitiligo er <b>Smalb\u00e5nd UVB-lysbehandling<\/b>: kontrollert eksponering for lyse omr\u00e5der reduserer den kromatiske kontrasten og gj\u00f8r flekkene mindre synlige, og stimulerer repigmentering i mindre avanserte tilfeller (San Donato Group).<\/p>\n<p>N\u00e5r vitiligo er sv\u00e6rt omfattende p\u00e5 kroppsoverflaten, er et medisinsk alternativ total depigmentering. Denne terapien best\u00e5r i \u00e5 eliminere gjenv\u00e6rende pigment ved hjelp av spesifikke medisiner, med sikte p\u00e5 \u00e5 jevne ut fargen p\u00e5 hele huden. Behandlingen for dette form\u00e5let er <strong>Benoquin<\/strong>en monobenzonbasert krem \u200b\u200boffisielt godkjent av <strong>FDA<\/strong> (Food and Drug Administration) i USA. Det amerikanske byr\u00e5et godkjenner bruken utelukkende for \u00e5 indusere endelig og irreversibel depigmentering i tilfeller av alvorlig og omfattende vitiligo, og forbyr kategorisk bruk som en enkel blekingskosmetikk. Det er ingen tilfeldighet at Benoquin dukker opp ved \u00e5 bla gjennom obduksjonsrapporten nevnt tidligere. <strong>liste over medisiner<\/strong> funnet i kunstnerens eie.<\/p>\n<div class=\"cp_wrapper cp_wrapper--fw mb-50\">\n<figure class=\"mm\"><picture class=\"img\" style=\"padding-top:60.640495867769%\"><source  media=\"(min-width: 1024px)\"><source  media=\"(min-width: 768px)\"><img decoding=\"async\" loading=\"lazy\" src=\"https:\/\/nordnesrepublikken.no\/wp-content\/uploads\/2026\/04\/1776949041_818_Micheal-Jackson-bleket-ikke-huden-sin-etter-eget-valg-men.jpg\" alt=\"benoquin\" width=\"1936\" height=\"1174\"\/><\/source><\/source><\/picture><\/figure>\n<\/p><\/div>\n<\/p><\/div>\n","protected":false},"excerpt":{"rendered":"<p>Det er en av de mest utbredte og dypt forankrede urbane legendene i popmusikkens historie:<\/p>\n","protected":false},"author":1,"featured_media":17362,"comment_status":"closed","ping_status":"open","sticky":false,"template":"","format":"standard","meta":{"footnotes":""},"categories":[24],"tags":[11220,9420,92,576,4648,187,11219,355,11218,81,418,1625,401,11221],"class_list":["post-17361","post","type-post","status-publish","format-standard","has-post-thumbnail","hentry","category-vitenskap","tag-bleket","tag-eget","tag-etter","tag-grunn","tag-huden","tag-ikke","tag-jackson","tag-men","tag-micheal","tag-pa","tag-sin","tag-sykdom","tag-valg","tag-vitiligo","generate-columns","tablet-grid-50","mobile-grid-100","grid-parent","grid-33","resize-featured-image"],"yoast_head":"<!-- This site is optimized with the Yoast SEO plugin v24.4 - https:\/\/yoast.com\/wordpress\/plugins\/seo\/ -->\n<title>Micheal Jackson bleket ikke huden sin etter eget valg, men p\u00e5 grunn av en sykdom, vitiligo - Nordnesrepublikken<\/title>\n<meta name=\"robots\" content=\"index, follow, max-snippet:-1, max-image-preview:large, max-video-preview:-1\" \/>\n<link rel=\"canonical\" href=\"https:\/\/nordnesrepublikken.no\/index.php\/2026\/04\/23\/micheal-jackson-bleket-ikke-huden-sin-etter-eget-valg-men-pa-grunn-av-en-sykdom-vitiligo\/\" \/>\n<meta property=\"og:locale\" content=\"nb_NO\" \/>\n<meta property=\"og:type\" content=\"article\" \/>\n<meta property=\"og:title\" content=\"Micheal Jackson bleket ikke huden sin etter eget valg, men p\u00e5 grunn av en sykdom, vitiligo - Nordnesrepublikken\" \/>\n<meta property=\"og:description\" content=\"Det er en av de mest utbredte og dypt forankrede urbane legendene i popmusikkens historie:\" \/>\n<meta property=\"og:url\" content=\"https:\/\/nordnesrepublikken.no\/index.php\/2026\/04\/23\/micheal-jackson-bleket-ikke-huden-sin-etter-eget-valg-men-pa-grunn-av-en-sykdom-vitiligo\/\" \/>\n<meta property=\"og:site_name\" content=\"Nordnesrepublikken\" \/>\n<meta property=\"article:published_time\" content=\"2026-04-23T12:57:21+00:00\" \/>\n<meta property=\"article:modified_time\" content=\"2026-04-23T12:57:24+00:00\" \/>\n<meta property=\"og:image\" content=\"https:\/\/nordnesrepublikken.no\/wp-content\/uploads\/2026\/04\/1776949043_Micheal-Jackson-bleket-ikke-huden-sin-etter-eget-valg-men.jpg\" \/>\n\t<meta property=\"og:image:width\" content=\"1280\" \/>\n\t<meta property=\"og:image:height\" content=\"720\" \/>\n\t<meta property=\"og:image:type\" content=\"image\/jpeg\" \/>\n<meta name=\"author\" content=\"Ole Andersen\" \/>\n<meta name=\"twitter:card\" content=\"summary_large_image\" \/>\n<meta name=\"twitter:label1\" content=\"Skrevet av\" \/>\n\t<meta name=\"twitter:data1\" content=\"Ole Andersen\" \/>\n\t<meta name=\"twitter:label2\" content=\"Ansl. lesetid\" \/>\n\t<meta name=\"twitter:data2\" content=\"4 minutter\" \/>\n<script type=\"application\/ld+json\" class=\"yoast-schema-graph\">{\"@context\":\"https:\/\/schema.org\",\"@graph\":[{\"@type\":\"Article\",\"@id\":\"https:\/\/nordnesrepublikken.no\/index.php\/2026\/04\/23\/micheal-jackson-bleket-ikke-huden-sin-etter-eget-valg-men-pa-grunn-av-en-sykdom-vitiligo\/#article\",\"isPartOf\":{\"@id\":\"https:\/\/nordnesrepublikken.no\/index.php\/2026\/04\/23\/micheal-jackson-bleket-ikke-huden-sin-etter-eget-valg-men-pa-grunn-av-en-sykdom-vitiligo\/\"},\"author\":{\"name\":\"Ole Andersen\",\"@id\":\"https:\/\/nordnesrepublikken.no\/#\/schema\/person\/2e7e81935bab77882fffb79296240ff1\"},\"headline\":\"Micheal Jackson bleket ikke huden sin etter eget valg, men p\u00e5 grunn av en sykdom, vitiligo\",\"datePublished\":\"2026-04-23T12:57:21+00:00\",\"dateModified\":\"2026-04-23T12:57:24+00:00\",\"mainEntityOfPage\":{\"@id\":\"https:\/\/nordnesrepublikken.no\/index.php\/2026\/04\/23\/micheal-jackson-bleket-ikke-huden-sin-etter-eget-valg-men-pa-grunn-av-en-sykdom-vitiligo\/\"},\"wordCount\":896,\"publisher\":{\"@id\":\"https:\/\/nordnesrepublikken.no\/#organization\"},\"image\":{\"@id\":\"https:\/\/nordnesrepublikken.no\/index.php\/2026\/04\/23\/micheal-jackson-bleket-ikke-huden-sin-etter-eget-valg-men-pa-grunn-av-en-sykdom-vitiligo\/#primaryimage\"},\"thumbnailUrl\":\"https:\/\/nordnesrepublikken.no\/wp-content\/uploads\/2026\/04\/1776949043_Micheal-Jackson-bleket-ikke-huden-sin-etter-eget-valg-men.jpg\",\"keywords\":[\"bleket\",\"eget\",\"Etter\",\"grunn\",\"huden\",\"ikke\",\"Jackson\",\"men\",\"Micheal\",\"p\u00e5\",\"sin\",\"sykdom\",\"valg\",\"vitiligo\"],\"articleSection\":[\"Vitenskap\"],\"inLanguage\":\"nb-NO\"},{\"@type\":\"WebPage\",\"@id\":\"https:\/\/nordnesrepublikken.no\/index.php\/2026\/04\/23\/micheal-jackson-bleket-ikke-huden-sin-etter-eget-valg-men-pa-grunn-av-en-sykdom-vitiligo\/\",\"url\":\"https:\/\/nordnesrepublikken.no\/index.php\/2026\/04\/23\/micheal-jackson-bleket-ikke-huden-sin-etter-eget-valg-men-pa-grunn-av-en-sykdom-vitiligo\/\",\"name\":\"Micheal Jackson bleket ikke huden sin etter eget valg, men p\u00e5 grunn av en sykdom, vitiligo - Nordnesrepublikken\",\"isPartOf\":{\"@id\":\"https:\/\/nordnesrepublikken.no\/#website\"},\"primaryImageOfPage\":{\"@id\":\"https:\/\/nordnesrepublikken.no\/index.php\/2026\/04\/23\/micheal-jackson-bleket-ikke-huden-sin-etter-eget-valg-men-pa-grunn-av-en-sykdom-vitiligo\/#primaryimage\"},\"image\":{\"@id\":\"https:\/\/nordnesrepublikken.no\/index.php\/2026\/04\/23\/micheal-jackson-bleket-ikke-huden-sin-etter-eget-valg-men-pa-grunn-av-en-sykdom-vitiligo\/#primaryimage\"},\"thumbnailUrl\":\"https:\/\/nordnesrepublikken.no\/wp-content\/uploads\/2026\/04\/1776949043_Micheal-Jackson-bleket-ikke-huden-sin-etter-eget-valg-men.jpg\",\"datePublished\":\"2026-04-23T12:57:21+00:00\",\"dateModified\":\"2026-04-23T12:57:24+00:00\",\"breadcrumb\":{\"@id\":\"https:\/\/nordnesrepublikken.no\/index.php\/2026\/04\/23\/micheal-jackson-bleket-ikke-huden-sin-etter-eget-valg-men-pa-grunn-av-en-sykdom-vitiligo\/#breadcrumb\"},\"inLanguage\":\"nb-NO\",\"potentialAction\":[{\"@type\":\"ReadAction\",\"target\":[\"https:\/\/nordnesrepublikken.no\/index.php\/2026\/04\/23\/micheal-jackson-bleket-ikke-huden-sin-etter-eget-valg-men-pa-grunn-av-en-sykdom-vitiligo\/\"]}]},{\"@type\":\"ImageObject\",\"inLanguage\":\"nb-NO\",\"@id\":\"https:\/\/nordnesrepublikken.no\/index.php\/2026\/04\/23\/micheal-jackson-bleket-ikke-huden-sin-etter-eget-valg-men-pa-grunn-av-en-sykdom-vitiligo\/#primaryimage\",\"url\":\"https:\/\/nordnesrepublikken.no\/wp-content\/uploads\/2026\/04\/1776949043_Micheal-Jackson-bleket-ikke-huden-sin-etter-eget-valg-men.jpg\",\"contentUrl\":\"https:\/\/nordnesrepublikken.no\/wp-content\/uploads\/2026\/04\/1776949043_Micheal-Jackson-bleket-ikke-huden-sin-etter-eget-valg-men.jpg\",\"width\":1280,\"height\":720,\"caption\":\"Micheal Jackson bleket ikke huden sin etter eget valg, men p\u00e5 grunn av en sykdom, vitiligo\"},{\"@type\":\"BreadcrumbList\",\"@id\":\"https:\/\/nordnesrepublikken.no\/index.php\/2026\/04\/23\/micheal-jackson-bleket-ikke-huden-sin-etter-eget-valg-men-pa-grunn-av-en-sykdom-vitiligo\/#breadcrumb\",\"itemListElement\":[{\"@type\":\"ListItem\",\"position\":1,\"name\":\"Home\",\"item\":\"https:\/\/nordnesrepublikken.no\/\"},{\"@type\":\"ListItem\",\"position\":2,\"name\":\"Micheal Jackson bleket ikke huden sin etter eget valg, men p\u00e5 grunn av en sykdom, vitiligo\"}]},{\"@type\":\"WebSite\",\"@id\":\"https:\/\/nordnesrepublikken.no\/#website\",\"url\":\"https:\/\/nordnesrepublikken.no\/\",\"name\":\"Nordnesrepublikken\",\"description\":\"Stemmer og Visjoner fra Republikkens Hjerte\",\"publisher\":{\"@id\":\"https:\/\/nordnesrepublikken.no\/#organization\"},\"potentialAction\":[{\"@type\":\"SearchAction\",\"target\":{\"@type\":\"EntryPoint\",\"urlTemplate\":\"https:\/\/nordnesrepublikken.no\/?s={search_term_string}\"},\"query-input\":{\"@type\":\"PropertyValueSpecification\",\"valueRequired\":true,\"valueName\":\"search_term_string\"}}],\"inLanguage\":\"nb-NO\"},{\"@type\":\"Organization\",\"@id\":\"https:\/\/nordnesrepublikken.no\/#organization\",\"name\":\"Nordnesrepublikken\",\"url\":\"https:\/\/nordnesrepublikken.no\/\",\"logo\":{\"@type\":\"ImageObject\",\"inLanguage\":\"nb-NO\",\"@id\":\"https:\/\/nordnesrepublikken.no\/#\/schema\/logo\/image\/\",\"url\":\"https:\/\/nordnesrepublikken.no\/wp-content\/uploads\/2025\/02\/cropped-nordnesrepublikken-2.png\",\"contentUrl\":\"https:\/\/nordnesrepublikken.no\/wp-content\/uploads\/2025\/02\/cropped-nordnesrepublikken-2.png\",\"width\":1248,\"height\":362,\"caption\":\"Nordnesrepublikken\"},\"image\":{\"@id\":\"https:\/\/nordnesrepublikken.no\/#\/schema\/logo\/image\/\"}},{\"@type\":\"Person\",\"@id\":\"https:\/\/nordnesrepublikken.no\/#\/schema\/person\/2e7e81935bab77882fffb79296240ff1\",\"name\":\"Ole Andersen\",\"image\":{\"@type\":\"ImageObject\",\"inLanguage\":\"nb-NO\",\"@id\":\"https:\/\/nordnesrepublikken.no\/#\/schema\/person\/image\/\",\"url\":\"https:\/\/nordnesrepublikken.no\/wp-content\/uploads\/2025\/02\/nordnesrepublikken-2-2-150x150.jpg\",\"contentUrl\":\"https:\/\/nordnesrepublikken.no\/wp-content\/uploads\/2025\/02\/nordnesrepublikken-2-2-150x150.jpg\",\"caption\":\"Ole Andersen\"},\"description\":\"Ettersom jeg vokste opp i Oslo, har jeg alltid v\u00e6rt fascinert av ordenes kraft og deres evne til \u00e5 skape endringer. Etter \u00e5 ha fullf\u00f8rt min utdannelse i kommunikasjon ved Universitetet i Bergen, fikk jeg muligheten til \u00e5 jobbe innen ulike medier, der jeg har s\u00f8kt \u00e5 belyse viktige samfunnssp\u00f8rsm\u00e5l. I dag, som redakt\u00f8r for Nordnesrepublikken, pr\u00f8ver jeg \u00e5 forene min kj\u00e6rlighet for journalistikk med min lidenskap for innovasjon og eventyr.\",\"sameAs\":[\"https:\/\/nordnesrepublikken.no\/\"]}]}<\/script>\n<!-- \/ Yoast SEO plugin. -->","yoast_head_json":{"title":"Micheal Jackson bleket ikke huden sin etter eget valg, men p\u00e5 grunn av en sykdom, vitiligo - Nordnesrepublikken","robots":{"index":"index","follow":"follow","max-snippet":"max-snippet:-1","max-image-preview":"max-image-preview:large","max-video-preview":"max-video-preview:-1"},"canonical":"https:\/\/nordnesrepublikken.no\/index.php\/2026\/04\/23\/micheal-jackson-bleket-ikke-huden-sin-etter-eget-valg-men-pa-grunn-av-en-sykdom-vitiligo\/","og_locale":"nb_NO","og_type":"article","og_title":"Micheal Jackson bleket ikke huden sin etter eget valg, men p\u00e5 grunn av en sykdom, vitiligo - Nordnesrepublikken","og_description":"Det er en av de mest utbredte og dypt forankrede urbane legendene i popmusikkens historie:","og_url":"https:\/\/nordnesrepublikken.no\/index.php\/2026\/04\/23\/micheal-jackson-bleket-ikke-huden-sin-etter-eget-valg-men-pa-grunn-av-en-sykdom-vitiligo\/","og_site_name":"Nordnesrepublikken","article_published_time":"2026-04-23T12:57:21+00:00","article_modified_time":"2026-04-23T12:57:24+00:00","og_image":[{"width":1280,"height":720,"url":"https:\/\/nordnesrepublikken.no\/wp-content\/uploads\/2026\/04\/1776949043_Micheal-Jackson-bleket-ikke-huden-sin-etter-eget-valg-men.jpg","type":"image\/jpeg"}],"author":"Ole Andersen","twitter_card":"summary_large_image","twitter_misc":{"Skrevet av":"Ole Andersen","Ansl. lesetid":"4 minutter"},"schema":{"@context":"https:\/\/schema.org","@graph":[{"@type":"Article","@id":"https:\/\/nordnesrepublikken.no\/index.php\/2026\/04\/23\/micheal-jackson-bleket-ikke-huden-sin-etter-eget-valg-men-pa-grunn-av-en-sykdom-vitiligo\/#article","isPartOf":{"@id":"https:\/\/nordnesrepublikken.no\/index.php\/2026\/04\/23\/micheal-jackson-bleket-ikke-huden-sin-etter-eget-valg-men-pa-grunn-av-en-sykdom-vitiligo\/"},"author":{"name":"Ole Andersen","@id":"https:\/\/nordnesrepublikken.no\/#\/schema\/person\/2e7e81935bab77882fffb79296240ff1"},"headline":"Micheal Jackson bleket ikke huden sin etter eget valg, men p\u00e5 grunn av en sykdom, vitiligo","datePublished":"2026-04-23T12:57:21+00:00","dateModified":"2026-04-23T12:57:24+00:00","mainEntityOfPage":{"@id":"https:\/\/nordnesrepublikken.no\/index.php\/2026\/04\/23\/micheal-jackson-bleket-ikke-huden-sin-etter-eget-valg-men-pa-grunn-av-en-sykdom-vitiligo\/"},"wordCount":896,"publisher":{"@id":"https:\/\/nordnesrepublikken.no\/#organization"},"image":{"@id":"https:\/\/nordnesrepublikken.no\/index.php\/2026\/04\/23\/micheal-jackson-bleket-ikke-huden-sin-etter-eget-valg-men-pa-grunn-av-en-sykdom-vitiligo\/#primaryimage"},"thumbnailUrl":"https:\/\/nordnesrepublikken.no\/wp-content\/uploads\/2026\/04\/1776949043_Micheal-Jackson-bleket-ikke-huden-sin-etter-eget-valg-men.jpg","keywords":["bleket","eget","Etter","grunn","huden","ikke","Jackson","men","Micheal","p\u00e5","sin","sykdom","valg","vitiligo"],"articleSection":["Vitenskap"],"inLanguage":"nb-NO"},{"@type":"WebPage","@id":"https:\/\/nordnesrepublikken.no\/index.php\/2026\/04\/23\/micheal-jackson-bleket-ikke-huden-sin-etter-eget-valg-men-pa-grunn-av-en-sykdom-vitiligo\/","url":"https:\/\/nordnesrepublikken.no\/index.php\/2026\/04\/23\/micheal-jackson-bleket-ikke-huden-sin-etter-eget-valg-men-pa-grunn-av-en-sykdom-vitiligo\/","name":"Micheal Jackson bleket ikke huden sin etter eget valg, men p\u00e5 grunn av en sykdom, vitiligo - Nordnesrepublikken","isPartOf":{"@id":"https:\/\/nordnesrepublikken.no\/#website"},"primaryImageOfPage":{"@id":"https:\/\/nordnesrepublikken.no\/index.php\/2026\/04\/23\/micheal-jackson-bleket-ikke-huden-sin-etter-eget-valg-men-pa-grunn-av-en-sykdom-vitiligo\/#primaryimage"},"image":{"@id":"https:\/\/nordnesrepublikken.no\/index.php\/2026\/04\/23\/micheal-jackson-bleket-ikke-huden-sin-etter-eget-valg-men-pa-grunn-av-en-sykdom-vitiligo\/#primaryimage"},"thumbnailUrl":"https:\/\/nordnesrepublikken.no\/wp-content\/uploads\/2026\/04\/1776949043_Micheal-Jackson-bleket-ikke-huden-sin-etter-eget-valg-men.jpg","datePublished":"2026-04-23T12:57:21+00:00","dateModified":"2026-04-23T12:57:24+00:00","breadcrumb":{"@id":"https:\/\/nordnesrepublikken.no\/index.php\/2026\/04\/23\/micheal-jackson-bleket-ikke-huden-sin-etter-eget-valg-men-pa-grunn-av-en-sykdom-vitiligo\/#breadcrumb"},"inLanguage":"nb-NO","potentialAction":[{"@type":"ReadAction","target":["https:\/\/nordnesrepublikken.no\/index.php\/2026\/04\/23\/micheal-jackson-bleket-ikke-huden-sin-etter-eget-valg-men-pa-grunn-av-en-sykdom-vitiligo\/"]}]},{"@type":"ImageObject","inLanguage":"nb-NO","@id":"https:\/\/nordnesrepublikken.no\/index.php\/2026\/04\/23\/micheal-jackson-bleket-ikke-huden-sin-etter-eget-valg-men-pa-grunn-av-en-sykdom-vitiligo\/#primaryimage","url":"https:\/\/nordnesrepublikken.no\/wp-content\/uploads\/2026\/04\/1776949043_Micheal-Jackson-bleket-ikke-huden-sin-etter-eget-valg-men.jpg","contentUrl":"https:\/\/nordnesrepublikken.no\/wp-content\/uploads\/2026\/04\/1776949043_Micheal-Jackson-bleket-ikke-huden-sin-etter-eget-valg-men.jpg","width":1280,"height":720,"caption":"Micheal Jackson bleket ikke huden sin etter eget valg, men p\u00e5 grunn av en sykdom, vitiligo"},{"@type":"BreadcrumbList","@id":"https:\/\/nordnesrepublikken.no\/index.php\/2026\/04\/23\/micheal-jackson-bleket-ikke-huden-sin-etter-eget-valg-men-pa-grunn-av-en-sykdom-vitiligo\/#breadcrumb","itemListElement":[{"@type":"ListItem","position":1,"name":"Home","item":"https:\/\/nordnesrepublikken.no\/"},{"@type":"ListItem","position":2,"name":"Micheal Jackson bleket ikke huden sin etter eget valg, men p\u00e5 grunn av en sykdom, vitiligo"}]},{"@type":"WebSite","@id":"https:\/\/nordnesrepublikken.no\/#website","url":"https:\/\/nordnesrepublikken.no\/","name":"Nordnesrepublikken","description":"Stemmer og Visjoner fra Republikkens Hjerte","publisher":{"@id":"https:\/\/nordnesrepublikken.no\/#organization"},"potentialAction":[{"@type":"SearchAction","target":{"@type":"EntryPoint","urlTemplate":"https:\/\/nordnesrepublikken.no\/?s={search_term_string}"},"query-input":{"@type":"PropertyValueSpecification","valueRequired":true,"valueName":"search_term_string"}}],"inLanguage":"nb-NO"},{"@type":"Organization","@id":"https:\/\/nordnesrepublikken.no\/#organization","name":"Nordnesrepublikken","url":"https:\/\/nordnesrepublikken.no\/","logo":{"@type":"ImageObject","inLanguage":"nb-NO","@id":"https:\/\/nordnesrepublikken.no\/#\/schema\/logo\/image\/","url":"https:\/\/nordnesrepublikken.no\/wp-content\/uploads\/2025\/02\/cropped-nordnesrepublikken-2.png","contentUrl":"https:\/\/nordnesrepublikken.no\/wp-content\/uploads\/2025\/02\/cropped-nordnesrepublikken-2.png","width":1248,"height":362,"caption":"Nordnesrepublikken"},"image":{"@id":"https:\/\/nordnesrepublikken.no\/#\/schema\/logo\/image\/"}},{"@type":"Person","@id":"https:\/\/nordnesrepublikken.no\/#\/schema\/person\/2e7e81935bab77882fffb79296240ff1","name":"Ole Andersen","image":{"@type":"ImageObject","inLanguage":"nb-NO","@id":"https:\/\/nordnesrepublikken.no\/#\/schema\/person\/image\/","url":"https:\/\/nordnesrepublikken.no\/wp-content\/uploads\/2025\/02\/nordnesrepublikken-2-2-150x150.jpg","contentUrl":"https:\/\/nordnesrepublikken.no\/wp-content\/uploads\/2025\/02\/nordnesrepublikken-2-2-150x150.jpg","caption":"Ole Andersen"},"description":"Ettersom jeg vokste opp i Oslo, har jeg alltid v\u00e6rt fascinert av ordenes kraft og deres evne til \u00e5 skape endringer. Etter \u00e5 ha fullf\u00f8rt min utdannelse i kommunikasjon ved Universitetet i Bergen, fikk jeg muligheten til \u00e5 jobbe innen ulike medier, der jeg har s\u00f8kt \u00e5 belyse viktige samfunnssp\u00f8rsm\u00e5l. I dag, som redakt\u00f8r for Nordnesrepublikken, pr\u00f8ver jeg \u00e5 forene min kj\u00e6rlighet for journalistikk med min lidenskap for innovasjon og eventyr.","sameAs":["https:\/\/nordnesrepublikken.no\/"]}]}},"_links":{"self":[{"href":"https:\/\/nordnesrepublikken.no\/index.php\/wp-json\/wp\/v2\/posts\/17361","targetHints":{"allow":["GET"]}}],"collection":[{"href":"https:\/\/nordnesrepublikken.no\/index.php\/wp-json\/wp\/v2\/posts"}],"about":[{"href":"https:\/\/nordnesrepublikken.no\/index.php\/wp-json\/wp\/v2\/types\/post"}],"author":[{"embeddable":true,"href":"https:\/\/nordnesrepublikken.no\/index.php\/wp-json\/wp\/v2\/users\/1"}],"replies":[{"embeddable":true,"href":"https:\/\/nordnesrepublikken.no\/index.php\/wp-json\/wp\/v2\/comments?post=17361"}],"version-history":[{"count":1,"href":"https:\/\/nordnesrepublikken.no\/index.php\/wp-json\/wp\/v2\/posts\/17361\/revisions"}],"predecessor-version":[{"id":17363,"href":"https:\/\/nordnesrepublikken.no\/index.php\/wp-json\/wp\/v2\/posts\/17361\/revisions\/17363"}],"wp:featuredmedia":[{"embeddable":true,"href":"https:\/\/nordnesrepublikken.no\/index.php\/wp-json\/wp\/v2\/media\/17362"}],"wp:attachment":[{"href":"https:\/\/nordnesrepublikken.no\/index.php\/wp-json\/wp\/v2\/media?parent=17361"}],"wp:term":[{"taxonomy":"category","embeddable":true,"href":"https:\/\/nordnesrepublikken.no\/index.php\/wp-json\/wp\/v2\/categories?post=17361"},{"taxonomy":"post_tag","embeddable":true,"href":"https:\/\/nordnesrepublikken.no\/index.php\/wp-json\/wp\/v2\/tags?post=17361"}],"curies":[{"name":"wp","href":"https:\/\/api.w.org\/{rel}","templated":true}]}}