{"id":17343,"date":"2026-04-23T10:39:57","date_gmt":"2026-04-23T08:39:57","guid":{"rendered":"https:\/\/nordnesrepublikken.no\/index.php\/2026\/04\/23\/hvorfor-25-april-er-italias-frigjoringsdag-fra-nazi-fascisme-historie-og-mening\/"},"modified":"2026-04-23T10:40:02","modified_gmt":"2026-04-23T08:40:02","slug":"hvorfor-25-april-er-italias-frigjoringsdag-fra-nazi-fascisme-historie-og-mening","status":"publish","type":"post","link":"https:\/\/nordnesrepublikken.no\/index.php\/2026\/04\/23\/hvorfor-25-april-er-italias-frigjoringsdag-fra-nazi-fascisme-historie-og-mening\/","title":{"rendered":"Hvorfor 25. april er Italias frigj\u00f8ringsdag fra nazi-fascisme: historie og mening"},"content":{"rendered":"<div>\n<div class=\"cp_wrapper cp_wrapper--fw mb-30 mb-20@tablet\">\n<figure class=\"mm\"><picture class=\"img\" style=\"padding-top:56.25%\"><source  media=\"(min-width: 1024px)\"><source  media=\"(min-width: 768px)\"><\/source><\/source><\/picture><\/figure>\n<\/p><\/div>\n<p>De<strong> 25. april<\/strong> det er \u00e5rsdagen for frigj\u00f8ringen av Italia, dagen da landet v\u00e5rt feirer <strong>frigj\u00f8ring fra det fascistiske regimet og okkupasjon av nazistene<\/strong>. Datoen ble valgt fordi 25. april 1945 fant sted <strong>befolkningens oppr\u00f8r<\/strong> i de italienske regionene okkupert av tyskerne og fascistene. Oppr\u00f8ret var siste handling av <strong>Motstand<\/strong>den enorme og heterogene bevegelsen som kjemper mot tysk okkupasjon og fascisme. L\u00f8rdag 25. april 2026 markerer faktisk 81-\u00e5rsjubileet for frigj\u00f8ringen.<\/p>\n<p>Motstanden begynte etterp\u00e5<strong>8. september 1943<\/strong>da v\u00e5penhvilen undertegnet av den italienske regjeringen med anglo-amerikanerne ble offentliggjort, og utviklet i regionene okkupert av nazi-fascistene. Bevegelsen samlet <strong>krigere med ulik politisk bakgrunn <\/strong>og n\u00f8t st\u00f8tte fra de anglo-amerikanske allierte.<\/p>\n<p>25. april-ferien, etablert i 1946, feires med prosesjoner og demonstrasjoner over hele landet og regnes som en nasjonal helligdag.<\/p>\n<h2><strong>Frigj\u00f8ringsdagen: valg av dato 25. april<\/strong><\/h2>\n<p>Helligdagen 25. april ble etablert av De Gasperi-regjeringen midlertidig i 1946 og <strong>definitivt i 1949,<\/strong> med sikte p\u00e5 \u00e5 feire minnet om kampen mot nazi-fascismen og gjenta verdiene om demokrati og frihet. Datoen 25. april som ikke feirer slutten p\u00e5 krigen, men <strong>begynnelsen av retretten<\/strong> av de tyske troppene og fascistene i republikken Sal\u00f2 etter gjennombruddet av den gotiske linjen.<\/p>\n<p>Hvert \u00e5r, 25. april, arrangeres de <strong>seremonier og prosesjoner over hele landet<\/strong>med deltakelse av politiske ledere og innbyggere. Seremoniene er organisert av institusjoner og foreninger av tidligere partisaner, inkludert<strong>ANPI <\/strong>(National Association of Partisans of Italy), f\u00f8dt etter krigen for \u00e5 samle de som hadde kjempet og i dag best\u00e5r av borgere som har til hensikt \u00e5 bevare motstandens verdier.<\/p>\n<p>Seremonien overv\u00e6res av <strong>statens h\u00f8yeste myndigheter<\/strong>uavhengig av deres politiske tilh\u00f8righet, og generelt setter republikkens president en laurb\u00e6rkrans ved Vittoriano for \u00e5 hedre minnet om partisanene.<\/p>\n<div class=\"cp_wrapper cp_wrapper--fw mb-50\">\n<figure class=\"mm\"><picture class=\"img\" style=\"padding-top:67.1875%\"><source  media=\"(min-width: 1024px)\"><source  media=\"(min-width: 768px)\"><img decoding=\"async\" loading=\"lazy\" src=\"https:\/\/nordnesrepublikken.no\/wp-content\/uploads\/2026\/04\/Hvorfor-25-april-er-Italias-frigjoringsdag-fra-nazi-fascisme-historie-og.jpeg\" alt=\"Nedlegging av laurb\u00e6rkransen (kreditt Quirinale.it)\" width=\"1024\" height=\"688\"\/><\/source><\/source><\/picture><\/figure>\n<\/p><\/div>\n<h2><strong>Hva skjedde i 1945 i Italia<\/strong><\/h2>\n<p>I april 1945 okkuperte tyskerne, sammen med de italienske fascistene, fortsatt hele Nord-Italia. De anglo-amerikanske allierte, som hadde frigjort det sentrale og s\u00f8rlige Italia, startet angrepet p\u00e5 <strong>Gotisk linje<\/strong>forsvarslinjen satt opp av tyskerne mellom Rimini og La Spezia, for definitivt \u00e5 beseire nazi-fascistene.<\/p>\n<div class=\"cp_wrapper cp_wrapper--fw mb-50\">\n<figure class=\"mm\"><picture class=\"img\" style=\"padding-top:77.25%\"><source  media=\"(min-width: 1024px)\"><source  media=\"(min-width: 768px)\"><img decoding=\"async\" loading=\"lazy\" src=\"https:\/\/nordnesrepublikken.no\/wp-content\/uploads\/2026\/04\/1776933595_637_Hvorfor-25-april-er-Italias-frigjoringsdag-fra-nazi-fascisme-historie-og.jpeg\" alt=\"Den gotiske linjen (i r\u00f8dt)\" width=\"800\" height=\"618\" class=\"js-seedtag-img\"\/><\/source><\/source><\/picture><\/figure>\n<\/p><\/div>\n<p>For \u00e5 bidra til kampen har National Liberation Committee (CLN), som samlet de italienske antifascistpartiene og koordinerte aktivitetene til <strong>partisaner<\/strong>bestemte seg for \u00e5 proklamere for <strong>Onsdag 25. april 1945<\/strong> oppr\u00f8ret av befolkningen i hele det fortsatt okkuperte omr\u00e5det. Tyskerne var <strong>tvunget til \u00e5 trekke seg tilbake<\/strong> og Mussolini fors\u00f8kte \u00e5 r\u00f8mme, men 28. april ble han tatt til fange av partisaner og skutt. Krigen endte definitivt de p\u00e5f\u00f8lgende dagene. Italia var <strong>endelig fri<\/strong> etter tjue \u00e5r med diktatur og krig. Hvordan oppsto denne situasjonen?<\/p>\n<div class=\"cp_wrapper cp_wrapper--fw mb-50\">\n<figure class=\"mm\"><picture class=\"img\" style=\"padding-top:69.7265625%\"><source  media=\"(min-width: 1024px)\"><source  media=\"(min-width: 768px)\"><img decoding=\"async\" loading=\"lazy\" src=\"https:\/\/nordnesrepublikken.no\/wp-content\/uploads\/2026\/04\/1776933596_436_Hvorfor-25-april-er-Italias-frigjoringsdag-fra-nazi-fascisme-historie-og.jpeg\" alt=\"Frigj\u00f8ringsparade i Torino i 1945\" width=\"1024\" height=\"714\"\/><\/source><\/source><\/picture><\/figure>\n<\/p><\/div>\n<h2><strong>Hva var motstanden og hva var \u00e5rsakene<\/strong><\/h2>\n<p>Den andre verdenskrigen, som Italia gikk inn i i 1940 etter vedtak fra Mussolini, hadde vist seg \u00e5 v\u00e6re en katastrofe for landet, som hadde lidd nederlag p\u00e5 alle fronter. Det fascistiske regimet hadde mistet konsensus i befolkningen og den 25. juli 1943 hadde suverenen, Vittorio Emanuele III, avsatt Mussolini fra stillingen som statsminister, beordret hans arrestasjon og erstattet ham med <strong>Pietro Badoglio<\/strong>.<\/p>\n<p>Den nye regjeringen overga seg til de allierte og signerte den 3. september a <strong>v\u00e5penhvile<\/strong> (offentliggjort p\u00e5 dag 8). Nazistene, som ikke aksepterte Italias uttreden fra krigen, frigjorde Mussolini og plasserte ham i spissen for en stat kontrollert av dem, <strong>italiensk sosial republikk<\/strong>i omr\u00e5det de okkuperte. I 1943 inkluderte RSI hele den sentrale-nordlige delen av landet, men de alliertes fremmarsj fra s\u00f8r reduserte gradvis territoriet. I regionene til RSI utviklet motstanden seg, det vil si kampen mot den tyske okkupasjonen og det fascistiske regimet.<\/p>\n<p>Motstanden var et komplekst fenomen, som inkluderte <strong>v\u00e6pnet kamp<\/strong> p\u00e5 fjellet, den <strong>oppr\u00f8r<\/strong> og den <strong>hemmelige handlinger<\/strong> i byene, <strong>passiv opposisjon<\/strong> til sysselsetting. Den v\u00e6pnede kampen ble ledet av <strong>partisaner<\/strong>det vil si borgere samlet i v\u00e6pnede milit\u00e6re formasjoner, aktive i fjellet.<\/p>\n<div class=\"cp_wrapper cp_wrapper--fw mb-50\">\n<figure class=\"mm\"><picture class=\"img\" style=\"padding-top:61.833333333333%\"><source  media=\"(min-width: 1024px)\"><source  media=\"(min-width: 768px)\"><img decoding=\"async\" loading=\"lazy\" src=\"https:\/\/nordnesrepublikken.no\/wp-content\/uploads\/2026\/04\/1776933597_912_Hvorfor-25-april-er-Italias-frigjoringsdag-fra-nazi-fascisme-historie-og.jpeg\" alt=\"Partisaner i fjellet\" width=\"600\" height=\"371\" class=\"js-seedtag-img\"\/><\/source><\/source><\/picture><\/figure>\n<\/p><\/div>\n<p>I byene opererte de <strong>Patriotiske aksjonsgrupper<\/strong>hemmelige grupper som utf\u00f8rte sabotasjehandlinger mot de tyske v\u00e6pnede styrkene. Partisanene tilh\u00f8rte sv\u00e6rt forskjellige politiske str\u00f8mninger: kommunister, sosialister, katolikker, liberale, monarkister. De ble forent av \u00f8nsket om \u00e5 frigj\u00f8re landet fra diktatur og okkupasjon. Antall partisaner endret seg over tid: fra noen f\u00e5 tusen etter 8. september til <strong>rundt 200.000<\/strong> i 1945 (det er imidlertid ingen n\u00f8yaktige anslag).<\/p>\n<p>Ved siden av den v\u00e6pnede motstanden var det <strong>passiv motstand fra befolkningen<\/strong>som stort sett var p\u00e5 partisanenes side og motarbeidet, n\u00e5r det kunne, deportasjoner og rekvisisjoner av varer utf\u00f8rt av nazi-fascistene. Befolkningen ble offer for <strong>mange massakrer<\/strong>inkludert de til Marzabotto, Sant&#8217;Anna di Stazzema, Fosse Ardeatine og mange andre.<\/p>\n<div class=\"cp_wrapper cp_wrapper--fw mb-50\">\n<figure class=\"mm\"><picture class=\"img\" style=\"padding-top:64.102564102564%\"><source  media=\"(min-width: 1024px)\"><source  media=\"(min-width: 768px)\"><img decoding=\"async\" loading=\"lazy\" src=\"https:\/\/nordnesrepublikken.no\/wp-content\/uploads\/2026\/04\/1776933597_533_Hvorfor-25-april-er-Italias-frigjoringsdag-fra-nazi-fascisme-historie-og.jpg\" alt=\"Noen ofre for Marzabotto-massakren\" width=\"390\" height=\"250\"\/><\/source><\/source><\/picture><\/figure>\n<\/p><\/div>\n<p>Et mindretall av innbyggerne tok i stedet parti for nazi-fascistene og kjempet for RSI. Dette er grunnen til at motstanden var <strong>til og med en borgerkrig<\/strong>som satte italienere mot italienere. En annen andel av italienerne, den s\u00e5kalte &laquo;<strong>gr\u00e5sone<\/strong>\u201d, tok en avventende posisjon, uten tydelig \u00e5 ta parti hverken p\u00e5 den ene eller den andre siden.<\/p>\n<\/p><\/div>\n","protected":false},"excerpt":{"rendered":"<p>De 25. april det er \u00e5rsdagen for frigj\u00f8ringen av Italia, dagen da landet v\u00e5rt feirer<\/p>\n","protected":false},"author":1,"featured_media":17344,"comment_status":"closed","ping_status":"open","sticky":false,"template":"","format":"standard","meta":{"footnotes":""},"categories":[104],"tags":[619,125,11203,331,101,2235,7122,11204],"class_list":["post-17343","post","type-post","status-publish","format-standard","has-post-thumbnail","hentry","category-samfunn","tag-april","tag-fra","tag-frigjoringsdag","tag-historie","tag-hvorfor","tag-italias","tag-mening","tag-nazifascisme","generate-columns","tablet-grid-50","mobile-grid-100","grid-parent","grid-33","resize-featured-image"],"yoast_head":"<!-- This site is optimized with the Yoast SEO plugin v24.4 - https:\/\/yoast.com\/wordpress\/plugins\/seo\/ -->\n<title>Hvorfor 25. april er Italias frigj\u00f8ringsdag fra nazi-fascisme: historie og mening - Nordnesrepublikken<\/title>\n<meta name=\"robots\" content=\"index, follow, max-snippet:-1, max-image-preview:large, max-video-preview:-1\" \/>\n<link rel=\"canonical\" href=\"https:\/\/nordnesrepublikken.no\/index.php\/2026\/04\/23\/hvorfor-25-april-er-italias-frigjoringsdag-fra-nazi-fascisme-historie-og-mening\/\" \/>\n<meta property=\"og:locale\" content=\"nb_NO\" \/>\n<meta property=\"og:type\" content=\"article\" \/>\n<meta property=\"og:title\" content=\"Hvorfor 25. april er Italias frigj\u00f8ringsdag fra nazi-fascisme: historie og mening - Nordnesrepublikken\" \/>\n<meta property=\"og:description\" content=\"De 25. april det er \u00e5rsdagen for frigj\u00f8ringen av Italia, dagen da landet v\u00e5rt feirer\" \/>\n<meta property=\"og:url\" content=\"https:\/\/nordnesrepublikken.no\/index.php\/2026\/04\/23\/hvorfor-25-april-er-italias-frigjoringsdag-fra-nazi-fascisme-historie-og-mening\/\" \/>\n<meta property=\"og:site_name\" content=\"Nordnesrepublikken\" \/>\n<meta property=\"article:published_time\" content=\"2026-04-23T08:39:57+00:00\" \/>\n<meta property=\"article:modified_time\" content=\"2026-04-23T08:40:02+00:00\" \/>\n<meta property=\"og:image\" content=\"https:\/\/nordnesrepublikken.no\/wp-content\/uploads\/2026\/04\/1776933600_Hvorfor-25-april-er-Italias-frigjoringsdag-fra-nazi-fascisme-historie-og.jpg\" \/>\n\t<meta property=\"og:image:width\" content=\"2173\" \/>\n\t<meta property=\"og:image:height\" content=\"1380\" \/>\n\t<meta property=\"og:image:type\" content=\"image\/jpeg\" \/>\n<meta name=\"author\" content=\"Ole Andersen\" \/>\n<meta name=\"twitter:card\" content=\"summary_large_image\" \/>\n<meta name=\"twitter:label1\" content=\"Skrevet av\" \/>\n\t<meta name=\"twitter:data1\" content=\"Ole Andersen\" \/>\n\t<meta name=\"twitter:label2\" content=\"Ansl. lesetid\" \/>\n\t<meta name=\"twitter:data2\" content=\"4 minutter\" \/>\n<script type=\"application\/ld+json\" class=\"yoast-schema-graph\">{\"@context\":\"https:\/\/schema.org\",\"@graph\":[{\"@type\":\"Article\",\"@id\":\"https:\/\/nordnesrepublikken.no\/index.php\/2026\/04\/23\/hvorfor-25-april-er-italias-frigjoringsdag-fra-nazi-fascisme-historie-og-mening\/#article\",\"isPartOf\":{\"@id\":\"https:\/\/nordnesrepublikken.no\/index.php\/2026\/04\/23\/hvorfor-25-april-er-italias-frigjoringsdag-fra-nazi-fascisme-historie-og-mening\/\"},\"author\":{\"name\":\"Ole Andersen\",\"@id\":\"https:\/\/nordnesrepublikken.no\/#\/schema\/person\/2e7e81935bab77882fffb79296240ff1\"},\"headline\":\"Hvorfor 25. april er Italias frigj\u00f8ringsdag fra nazi-fascisme: historie og mening\",\"datePublished\":\"2026-04-23T08:39:57+00:00\",\"dateModified\":\"2026-04-23T08:40:02+00:00\",\"mainEntityOfPage\":{\"@id\":\"https:\/\/nordnesrepublikken.no\/index.php\/2026\/04\/23\/hvorfor-25-april-er-italias-frigjoringsdag-fra-nazi-fascisme-historie-og-mening\/\"},\"wordCount\":788,\"publisher\":{\"@id\":\"https:\/\/nordnesrepublikken.no\/#organization\"},\"image\":{\"@id\":\"https:\/\/nordnesrepublikken.no\/index.php\/2026\/04\/23\/hvorfor-25-april-er-italias-frigjoringsdag-fra-nazi-fascisme-historie-og-mening\/#primaryimage\"},\"thumbnailUrl\":\"https:\/\/nordnesrepublikken.no\/wp-content\/uploads\/2026\/04\/1776933600_Hvorfor-25-april-er-Italias-frigjoringsdag-fra-nazi-fascisme-historie-og.jpg\",\"keywords\":[\"april\",\"fra\",\"frigj\u00f8ringsdag\",\"historie\",\"hvorfor\",\"Italias\",\"mening\",\"nazifascisme\"],\"articleSection\":[\"Samfunn\"],\"inLanguage\":\"nb-NO\"},{\"@type\":\"WebPage\",\"@id\":\"https:\/\/nordnesrepublikken.no\/index.php\/2026\/04\/23\/hvorfor-25-april-er-italias-frigjoringsdag-fra-nazi-fascisme-historie-og-mening\/\",\"url\":\"https:\/\/nordnesrepublikken.no\/index.php\/2026\/04\/23\/hvorfor-25-april-er-italias-frigjoringsdag-fra-nazi-fascisme-historie-og-mening\/\",\"name\":\"Hvorfor 25. april er Italias frigj\u00f8ringsdag fra nazi-fascisme: historie og mening - Nordnesrepublikken\",\"isPartOf\":{\"@id\":\"https:\/\/nordnesrepublikken.no\/#website\"},\"primaryImageOfPage\":{\"@id\":\"https:\/\/nordnesrepublikken.no\/index.php\/2026\/04\/23\/hvorfor-25-april-er-italias-frigjoringsdag-fra-nazi-fascisme-historie-og-mening\/#primaryimage\"},\"image\":{\"@id\":\"https:\/\/nordnesrepublikken.no\/index.php\/2026\/04\/23\/hvorfor-25-april-er-italias-frigjoringsdag-fra-nazi-fascisme-historie-og-mening\/#primaryimage\"},\"thumbnailUrl\":\"https:\/\/nordnesrepublikken.no\/wp-content\/uploads\/2026\/04\/1776933600_Hvorfor-25-april-er-Italias-frigjoringsdag-fra-nazi-fascisme-historie-og.jpg\",\"datePublished\":\"2026-04-23T08:39:57+00:00\",\"dateModified\":\"2026-04-23T08:40:02+00:00\",\"breadcrumb\":{\"@id\":\"https:\/\/nordnesrepublikken.no\/index.php\/2026\/04\/23\/hvorfor-25-april-er-italias-frigjoringsdag-fra-nazi-fascisme-historie-og-mening\/#breadcrumb\"},\"inLanguage\":\"nb-NO\",\"potentialAction\":[{\"@type\":\"ReadAction\",\"target\":[\"https:\/\/nordnesrepublikken.no\/index.php\/2026\/04\/23\/hvorfor-25-april-er-italias-frigjoringsdag-fra-nazi-fascisme-historie-og-mening\/\"]}]},{\"@type\":\"ImageObject\",\"inLanguage\":\"nb-NO\",\"@id\":\"https:\/\/nordnesrepublikken.no\/index.php\/2026\/04\/23\/hvorfor-25-april-er-italias-frigjoringsdag-fra-nazi-fascisme-historie-og-mening\/#primaryimage\",\"url\":\"https:\/\/nordnesrepublikken.no\/wp-content\/uploads\/2026\/04\/1776933600_Hvorfor-25-april-er-Italias-frigjoringsdag-fra-nazi-fascisme-historie-og.jpg\",\"contentUrl\":\"https:\/\/nordnesrepublikken.no\/wp-content\/uploads\/2026\/04\/1776933600_Hvorfor-25-april-er-Italias-frigjoringsdag-fra-nazi-fascisme-historie-og.jpg\",\"width\":2173,\"height\":1380,\"caption\":\"Hvorfor 25. april er Italias frigj\u00f8ringsdag fra nazi-fascisme: historie og mening\"},{\"@type\":\"BreadcrumbList\",\"@id\":\"https:\/\/nordnesrepublikken.no\/index.php\/2026\/04\/23\/hvorfor-25-april-er-italias-frigjoringsdag-fra-nazi-fascisme-historie-og-mening\/#breadcrumb\",\"itemListElement\":[{\"@type\":\"ListItem\",\"position\":1,\"name\":\"Home\",\"item\":\"https:\/\/nordnesrepublikken.no\/\"},{\"@type\":\"ListItem\",\"position\":2,\"name\":\"Hvorfor 25. april er Italias frigj\u00f8ringsdag fra nazi-fascisme: historie og mening\"}]},{\"@type\":\"WebSite\",\"@id\":\"https:\/\/nordnesrepublikken.no\/#website\",\"url\":\"https:\/\/nordnesrepublikken.no\/\",\"name\":\"Nordnesrepublikken\",\"description\":\"Stemmer og Visjoner fra Republikkens Hjerte\",\"publisher\":{\"@id\":\"https:\/\/nordnesrepublikken.no\/#organization\"},\"potentialAction\":[{\"@type\":\"SearchAction\",\"target\":{\"@type\":\"EntryPoint\",\"urlTemplate\":\"https:\/\/nordnesrepublikken.no\/?s={search_term_string}\"},\"query-input\":{\"@type\":\"PropertyValueSpecification\",\"valueRequired\":true,\"valueName\":\"search_term_string\"}}],\"inLanguage\":\"nb-NO\"},{\"@type\":\"Organization\",\"@id\":\"https:\/\/nordnesrepublikken.no\/#organization\",\"name\":\"Nordnesrepublikken\",\"url\":\"https:\/\/nordnesrepublikken.no\/\",\"logo\":{\"@type\":\"ImageObject\",\"inLanguage\":\"nb-NO\",\"@id\":\"https:\/\/nordnesrepublikken.no\/#\/schema\/logo\/image\/\",\"url\":\"https:\/\/nordnesrepublikken.no\/wp-content\/uploads\/2025\/02\/cropped-nordnesrepublikken-2.png\",\"contentUrl\":\"https:\/\/nordnesrepublikken.no\/wp-content\/uploads\/2025\/02\/cropped-nordnesrepublikken-2.png\",\"width\":1248,\"height\":362,\"caption\":\"Nordnesrepublikken\"},\"image\":{\"@id\":\"https:\/\/nordnesrepublikken.no\/#\/schema\/logo\/image\/\"}},{\"@type\":\"Person\",\"@id\":\"https:\/\/nordnesrepublikken.no\/#\/schema\/person\/2e7e81935bab77882fffb79296240ff1\",\"name\":\"Ole Andersen\",\"image\":{\"@type\":\"ImageObject\",\"inLanguage\":\"nb-NO\",\"@id\":\"https:\/\/nordnesrepublikken.no\/#\/schema\/person\/image\/\",\"url\":\"https:\/\/nordnesrepublikken.no\/wp-content\/uploads\/2025\/02\/nordnesrepublikken-2-2-150x150.jpg\",\"contentUrl\":\"https:\/\/nordnesrepublikken.no\/wp-content\/uploads\/2025\/02\/nordnesrepublikken-2-2-150x150.jpg\",\"caption\":\"Ole Andersen\"},\"description\":\"Ettersom jeg vokste opp i Oslo, har jeg alltid v\u00e6rt fascinert av ordenes kraft og deres evne til \u00e5 skape endringer. Etter \u00e5 ha fullf\u00f8rt min utdannelse i kommunikasjon ved Universitetet i Bergen, fikk jeg muligheten til \u00e5 jobbe innen ulike medier, der jeg har s\u00f8kt \u00e5 belyse viktige samfunnssp\u00f8rsm\u00e5l. I dag, som redakt\u00f8r for Nordnesrepublikken, pr\u00f8ver jeg \u00e5 forene min kj\u00e6rlighet for journalistikk med min lidenskap for innovasjon og eventyr.\",\"sameAs\":[\"https:\/\/nordnesrepublikken.no\/\"]}]}<\/script>\n<!-- \/ Yoast SEO plugin. -->","yoast_head_json":{"title":"Hvorfor 25. april er Italias frigj\u00f8ringsdag fra nazi-fascisme: historie og mening - Nordnesrepublikken","robots":{"index":"index","follow":"follow","max-snippet":"max-snippet:-1","max-image-preview":"max-image-preview:large","max-video-preview":"max-video-preview:-1"},"canonical":"https:\/\/nordnesrepublikken.no\/index.php\/2026\/04\/23\/hvorfor-25-april-er-italias-frigjoringsdag-fra-nazi-fascisme-historie-og-mening\/","og_locale":"nb_NO","og_type":"article","og_title":"Hvorfor 25. april er Italias frigj\u00f8ringsdag fra nazi-fascisme: historie og mening - Nordnesrepublikken","og_description":"De 25. april det er \u00e5rsdagen for frigj\u00f8ringen av Italia, dagen da landet v\u00e5rt feirer","og_url":"https:\/\/nordnesrepublikken.no\/index.php\/2026\/04\/23\/hvorfor-25-april-er-italias-frigjoringsdag-fra-nazi-fascisme-historie-og-mening\/","og_site_name":"Nordnesrepublikken","article_published_time":"2026-04-23T08:39:57+00:00","article_modified_time":"2026-04-23T08:40:02+00:00","og_image":[{"width":2173,"height":1380,"url":"https:\/\/nordnesrepublikken.no\/wp-content\/uploads\/2026\/04\/1776933600_Hvorfor-25-april-er-Italias-frigjoringsdag-fra-nazi-fascisme-historie-og.jpg","type":"image\/jpeg"}],"author":"Ole Andersen","twitter_card":"summary_large_image","twitter_misc":{"Skrevet av":"Ole Andersen","Ansl. lesetid":"4 minutter"},"schema":{"@context":"https:\/\/schema.org","@graph":[{"@type":"Article","@id":"https:\/\/nordnesrepublikken.no\/index.php\/2026\/04\/23\/hvorfor-25-april-er-italias-frigjoringsdag-fra-nazi-fascisme-historie-og-mening\/#article","isPartOf":{"@id":"https:\/\/nordnesrepublikken.no\/index.php\/2026\/04\/23\/hvorfor-25-april-er-italias-frigjoringsdag-fra-nazi-fascisme-historie-og-mening\/"},"author":{"name":"Ole Andersen","@id":"https:\/\/nordnesrepublikken.no\/#\/schema\/person\/2e7e81935bab77882fffb79296240ff1"},"headline":"Hvorfor 25. april er Italias frigj\u00f8ringsdag fra nazi-fascisme: historie og mening","datePublished":"2026-04-23T08:39:57+00:00","dateModified":"2026-04-23T08:40:02+00:00","mainEntityOfPage":{"@id":"https:\/\/nordnesrepublikken.no\/index.php\/2026\/04\/23\/hvorfor-25-april-er-italias-frigjoringsdag-fra-nazi-fascisme-historie-og-mening\/"},"wordCount":788,"publisher":{"@id":"https:\/\/nordnesrepublikken.no\/#organization"},"image":{"@id":"https:\/\/nordnesrepublikken.no\/index.php\/2026\/04\/23\/hvorfor-25-april-er-italias-frigjoringsdag-fra-nazi-fascisme-historie-og-mening\/#primaryimage"},"thumbnailUrl":"https:\/\/nordnesrepublikken.no\/wp-content\/uploads\/2026\/04\/1776933600_Hvorfor-25-april-er-Italias-frigjoringsdag-fra-nazi-fascisme-historie-og.jpg","keywords":["april","fra","frigj\u00f8ringsdag","historie","hvorfor","Italias","mening","nazifascisme"],"articleSection":["Samfunn"],"inLanguage":"nb-NO"},{"@type":"WebPage","@id":"https:\/\/nordnesrepublikken.no\/index.php\/2026\/04\/23\/hvorfor-25-april-er-italias-frigjoringsdag-fra-nazi-fascisme-historie-og-mening\/","url":"https:\/\/nordnesrepublikken.no\/index.php\/2026\/04\/23\/hvorfor-25-april-er-italias-frigjoringsdag-fra-nazi-fascisme-historie-og-mening\/","name":"Hvorfor 25. april er Italias frigj\u00f8ringsdag fra nazi-fascisme: historie og mening - Nordnesrepublikken","isPartOf":{"@id":"https:\/\/nordnesrepublikken.no\/#website"},"primaryImageOfPage":{"@id":"https:\/\/nordnesrepublikken.no\/index.php\/2026\/04\/23\/hvorfor-25-april-er-italias-frigjoringsdag-fra-nazi-fascisme-historie-og-mening\/#primaryimage"},"image":{"@id":"https:\/\/nordnesrepublikken.no\/index.php\/2026\/04\/23\/hvorfor-25-april-er-italias-frigjoringsdag-fra-nazi-fascisme-historie-og-mening\/#primaryimage"},"thumbnailUrl":"https:\/\/nordnesrepublikken.no\/wp-content\/uploads\/2026\/04\/1776933600_Hvorfor-25-april-er-Italias-frigjoringsdag-fra-nazi-fascisme-historie-og.jpg","datePublished":"2026-04-23T08:39:57+00:00","dateModified":"2026-04-23T08:40:02+00:00","breadcrumb":{"@id":"https:\/\/nordnesrepublikken.no\/index.php\/2026\/04\/23\/hvorfor-25-april-er-italias-frigjoringsdag-fra-nazi-fascisme-historie-og-mening\/#breadcrumb"},"inLanguage":"nb-NO","potentialAction":[{"@type":"ReadAction","target":["https:\/\/nordnesrepublikken.no\/index.php\/2026\/04\/23\/hvorfor-25-april-er-italias-frigjoringsdag-fra-nazi-fascisme-historie-og-mening\/"]}]},{"@type":"ImageObject","inLanguage":"nb-NO","@id":"https:\/\/nordnesrepublikken.no\/index.php\/2026\/04\/23\/hvorfor-25-april-er-italias-frigjoringsdag-fra-nazi-fascisme-historie-og-mening\/#primaryimage","url":"https:\/\/nordnesrepublikken.no\/wp-content\/uploads\/2026\/04\/1776933600_Hvorfor-25-april-er-Italias-frigjoringsdag-fra-nazi-fascisme-historie-og.jpg","contentUrl":"https:\/\/nordnesrepublikken.no\/wp-content\/uploads\/2026\/04\/1776933600_Hvorfor-25-april-er-Italias-frigjoringsdag-fra-nazi-fascisme-historie-og.jpg","width":2173,"height":1380,"caption":"Hvorfor 25. april er Italias frigj\u00f8ringsdag fra nazi-fascisme: historie og mening"},{"@type":"BreadcrumbList","@id":"https:\/\/nordnesrepublikken.no\/index.php\/2026\/04\/23\/hvorfor-25-april-er-italias-frigjoringsdag-fra-nazi-fascisme-historie-og-mening\/#breadcrumb","itemListElement":[{"@type":"ListItem","position":1,"name":"Home","item":"https:\/\/nordnesrepublikken.no\/"},{"@type":"ListItem","position":2,"name":"Hvorfor 25. april er Italias frigj\u00f8ringsdag fra nazi-fascisme: historie og mening"}]},{"@type":"WebSite","@id":"https:\/\/nordnesrepublikken.no\/#website","url":"https:\/\/nordnesrepublikken.no\/","name":"Nordnesrepublikken","description":"Stemmer og Visjoner fra Republikkens Hjerte","publisher":{"@id":"https:\/\/nordnesrepublikken.no\/#organization"},"potentialAction":[{"@type":"SearchAction","target":{"@type":"EntryPoint","urlTemplate":"https:\/\/nordnesrepublikken.no\/?s={search_term_string}"},"query-input":{"@type":"PropertyValueSpecification","valueRequired":true,"valueName":"search_term_string"}}],"inLanguage":"nb-NO"},{"@type":"Organization","@id":"https:\/\/nordnesrepublikken.no\/#organization","name":"Nordnesrepublikken","url":"https:\/\/nordnesrepublikken.no\/","logo":{"@type":"ImageObject","inLanguage":"nb-NO","@id":"https:\/\/nordnesrepublikken.no\/#\/schema\/logo\/image\/","url":"https:\/\/nordnesrepublikken.no\/wp-content\/uploads\/2025\/02\/cropped-nordnesrepublikken-2.png","contentUrl":"https:\/\/nordnesrepublikken.no\/wp-content\/uploads\/2025\/02\/cropped-nordnesrepublikken-2.png","width":1248,"height":362,"caption":"Nordnesrepublikken"},"image":{"@id":"https:\/\/nordnesrepublikken.no\/#\/schema\/logo\/image\/"}},{"@type":"Person","@id":"https:\/\/nordnesrepublikken.no\/#\/schema\/person\/2e7e81935bab77882fffb79296240ff1","name":"Ole Andersen","image":{"@type":"ImageObject","inLanguage":"nb-NO","@id":"https:\/\/nordnesrepublikken.no\/#\/schema\/person\/image\/","url":"https:\/\/nordnesrepublikken.no\/wp-content\/uploads\/2025\/02\/nordnesrepublikken-2-2-150x150.jpg","contentUrl":"https:\/\/nordnesrepublikken.no\/wp-content\/uploads\/2025\/02\/nordnesrepublikken-2-2-150x150.jpg","caption":"Ole Andersen"},"description":"Ettersom jeg vokste opp i Oslo, har jeg alltid v\u00e6rt fascinert av ordenes kraft og deres evne til \u00e5 skape endringer. Etter \u00e5 ha fullf\u00f8rt min utdannelse i kommunikasjon ved Universitetet i Bergen, fikk jeg muligheten til \u00e5 jobbe innen ulike medier, der jeg har s\u00f8kt \u00e5 belyse viktige samfunnssp\u00f8rsm\u00e5l. I dag, som redakt\u00f8r for Nordnesrepublikken, pr\u00f8ver jeg \u00e5 forene min kj\u00e6rlighet for journalistikk med min lidenskap for innovasjon og eventyr.","sameAs":["https:\/\/nordnesrepublikken.no\/"]}]}},"_links":{"self":[{"href":"https:\/\/nordnesrepublikken.no\/index.php\/wp-json\/wp\/v2\/posts\/17343","targetHints":{"allow":["GET"]}}],"collection":[{"href":"https:\/\/nordnesrepublikken.no\/index.php\/wp-json\/wp\/v2\/posts"}],"about":[{"href":"https:\/\/nordnesrepublikken.no\/index.php\/wp-json\/wp\/v2\/types\/post"}],"author":[{"embeddable":true,"href":"https:\/\/nordnesrepublikken.no\/index.php\/wp-json\/wp\/v2\/users\/1"}],"replies":[{"embeddable":true,"href":"https:\/\/nordnesrepublikken.no\/index.php\/wp-json\/wp\/v2\/comments?post=17343"}],"version-history":[{"count":1,"href":"https:\/\/nordnesrepublikken.no\/index.php\/wp-json\/wp\/v2\/posts\/17343\/revisions"}],"predecessor-version":[{"id":17345,"href":"https:\/\/nordnesrepublikken.no\/index.php\/wp-json\/wp\/v2\/posts\/17343\/revisions\/17345"}],"wp:featuredmedia":[{"embeddable":true,"href":"https:\/\/nordnesrepublikken.no\/index.php\/wp-json\/wp\/v2\/media\/17344"}],"wp:attachment":[{"href":"https:\/\/nordnesrepublikken.no\/index.php\/wp-json\/wp\/v2\/media?parent=17343"}],"wp:term":[{"taxonomy":"category","embeddable":true,"href":"https:\/\/nordnesrepublikken.no\/index.php\/wp-json\/wp\/v2\/categories?post=17343"},{"taxonomy":"post_tag","embeddable":true,"href":"https:\/\/nordnesrepublikken.no\/index.php\/wp-json\/wp\/v2\/tags?post=17343"}],"curies":[{"name":"wp","href":"https:\/\/api.w.org\/{rel}","templated":true}]}}