{"id":17337,"date":"2026-04-23T09:38:31","date_gmt":"2026-04-23T07:38:31","guid":{"rendered":"https:\/\/nordnesrepublikken.no\/index.php\/2026\/04\/23\/togulykke-i-danmark-front-mot-frontkollisjon-mellom-to-tog-i-kagerup-flere-skadd\/"},"modified":"2026-04-23T09:38:32","modified_gmt":"2026-04-23T07:38:32","slug":"togulykke-i-danmark-front-mot-frontkollisjon-mellom-to-tog-i-kagerup-flere-skadd","status":"publish","type":"post","link":"https:\/\/nordnesrepublikken.no\/index.php\/2026\/04\/23\/togulykke-i-danmark-front-mot-frontkollisjon-mellom-to-tog-i-kagerup-flere-skadd\/","title":{"rendered":"Togulykke i Danmark, front mot frontkollisjon mellom to tog i Kagerup: flere skadd"},"content":{"rendered":"<div>\n<div class=\"cp_wrapper cp_wrapper--fw mb-30 mb-20@tablet\">\n<figure class=\"mm\"><picture class=\"img\" style=\"padding-top:56.25%\"><source  media=\"(min-width: 1024px)\"><source  media=\"(min-width: 768px)\"><\/source><\/source><\/picture><\/figure>\n<\/p><\/div>\n<p>I <strong>Danmark<\/strong> det var en<strong> togulykke<\/strong> denne morgenen, <strong>Torsdag 23. april 2026: <\/strong>som rapportert av lokale myndigheter sitert av <em>Reuters<\/em>to pendlertog frontkolliderte og for\u00e5rsaket flere skader, i hvert fall av dem <strong>4 i kritisk tilstand<\/strong>.<\/p>\n<p>Kollisjonen skjedde rundt omkring <strong>6:30 <\/strong>\u2013 som bekreftet av n\u00f8detatenes talsperson \u2013 n\u00e6r <strong>Kagerup<\/strong>en by som ligger ca <strong>40 km nord for K\u00f8benhavn<\/strong>p\u00e5 jernbanetraseen <strong>Gribskovbanen<\/strong> som knytter byen Hiller\u00f8d til Gilleleje.<\/p>\n<p>If\u00f8lge innledende rekonstruksjoner kolliderte de to togene front mot front langs linjen, selv om togene ble st\u00e5ende p\u00e5 skinnene uten \u00e5 velte, som bildene ogs\u00e5 demonstrerer: den ansvarlige for redningsaksjonen, <strong>Martin Schmidt<\/strong>beskrev p\u00e5virkningen som \u00abvoldelig\u00bb, mens lokalt politi klassifiserte ulykken som \u00abalvorlig\u00bb.<\/p>\n<p>Det totale antallet skadde blir fortsatt verifisert: forel\u00f8pige politirapporter indikerer blant <strong>fem og ti personer involvert<\/strong>. Alle passasjerer ble imidlertid trygt evakuert, og ingen satt fastklemt om bord.<\/p>\n<p>Det p\u00e5g\u00e5r n\u00e5 unders\u00f8kelser <strong>finne ut \u00e5rsakene til ulykken<\/strong>: politi, brannmenn, redningsmannskaper og, gitt situasjonens alvor, grep ogs\u00e5 inn p\u00e5 stedet <strong>milit\u00e6rhelikoptre<\/strong>. Veiene i omr\u00e5det ble stengt for trafikk og <strong>jernbanetrafikken p\u00e5 linjen ble innstilt.<\/strong><\/p>\n<p>Togulykker skjer ikke ofte i Danmark: Den siste alvorlige dateres tilbake til 2019, da kollisjonen av et persontog for\u00e5rsaket \u00e5tte d\u00f8dsfall og 16 skadde. I Europa blir det imidlertid registrert mange ulykker, inkludert spesielt alvorlige, i 2026: blant disse er avsporingen av to h\u00f8yhastighetstog i Spania, som for\u00e5rsaket minst 45 d\u00f8dsfall.<\/p>\n<\/p><\/div>\n","protected":false},"excerpt":{"rendered":"<p>I Danmark det var en togulykke denne morgenen, Torsdag 23. april 2026: som rapportert av<\/p>\n","protected":false},"author":1,"featured_media":17338,"comment_status":"closed","ping_status":"open","sticky":false,"template":"","format":"standard","meta":{"footnotes":""},"categories":[104],"tags":[501,850,11197,11198,11199,212,152,11200,1007,11196],"class_list":["post-17337","post","type-post","status-publish","format-standard","has-post-thumbnail","hentry","category-samfunn","tag-danmark","tag-flere","tag-front","tag-frontkollisjon","tag-kagerup","tag-mellom","tag-mot","tag-skadd","tag-tog","tag-togulykke","generate-columns","tablet-grid-50","mobile-grid-100","grid-parent","grid-33","resize-featured-image"],"yoast_head":"<!-- This site is optimized with the Yoast SEO plugin v24.4 - https:\/\/yoast.com\/wordpress\/plugins\/seo\/ -->\n<title>Togulykke i Danmark, front mot frontkollisjon mellom to tog i Kagerup: flere skadd - Nordnesrepublikken<\/title>\n<meta name=\"robots\" content=\"index, follow, max-snippet:-1, max-image-preview:large, max-video-preview:-1\" \/>\n<link rel=\"canonical\" href=\"https:\/\/nordnesrepublikken.no\/index.php\/2026\/04\/23\/togulykke-i-danmark-front-mot-frontkollisjon-mellom-to-tog-i-kagerup-flere-skadd\/\" \/>\n<meta property=\"og:locale\" content=\"nb_NO\" \/>\n<meta property=\"og:type\" content=\"article\" \/>\n<meta property=\"og:title\" content=\"Togulykke i Danmark, front mot frontkollisjon mellom to tog i Kagerup: flere skadd - Nordnesrepublikken\" \/>\n<meta property=\"og:description\" content=\"I Danmark det var en togulykke denne morgenen, Torsdag 23. april 2026: som rapportert av\" \/>\n<meta property=\"og:url\" content=\"https:\/\/nordnesrepublikken.no\/index.php\/2026\/04\/23\/togulykke-i-danmark-front-mot-frontkollisjon-mellom-to-tog-i-kagerup-flere-skadd\/\" \/>\n<meta property=\"og:site_name\" content=\"Nordnesrepublikken\" \/>\n<meta property=\"article:published_time\" content=\"2026-04-23T07:38:31+00:00\" \/>\n<meta property=\"article:modified_time\" content=\"2026-04-23T07:38:32+00:00\" \/>\n<meta property=\"og:image\" content=\"https:\/\/nordnesrepublikken.no\/wp-content\/uploads\/2026\/04\/1776929912_Togulykke-i-Danmark-front-mot-frontkollisjon-mellom-to-tog-i.jpg\" \/>\n\t<meta property=\"og:image:width\" content=\"680\" \/>\n\t<meta property=\"og:image:height\" content=\"382\" \/>\n\t<meta property=\"og:image:type\" content=\"image\/jpeg\" \/>\n<meta name=\"author\" content=\"Ole Andersen\" \/>\n<meta name=\"twitter:card\" content=\"summary_large_image\" \/>\n<meta name=\"twitter:label1\" content=\"Skrevet av\" \/>\n\t<meta name=\"twitter:data1\" content=\"Ole Andersen\" \/>\n\t<meta name=\"twitter:label2\" content=\"Ansl. lesetid\" \/>\n\t<meta name=\"twitter:data2\" content=\"1 minutt\" \/>\n<script type=\"application\/ld+json\" class=\"yoast-schema-graph\">{\"@context\":\"https:\/\/schema.org\",\"@graph\":[{\"@type\":\"Article\",\"@id\":\"https:\/\/nordnesrepublikken.no\/index.php\/2026\/04\/23\/togulykke-i-danmark-front-mot-frontkollisjon-mellom-to-tog-i-kagerup-flere-skadd\/#article\",\"isPartOf\":{\"@id\":\"https:\/\/nordnesrepublikken.no\/index.php\/2026\/04\/23\/togulykke-i-danmark-front-mot-frontkollisjon-mellom-to-tog-i-kagerup-flere-skadd\/\"},\"author\":{\"name\":\"Ole Andersen\",\"@id\":\"https:\/\/nordnesrepublikken.no\/#\/schema\/person\/2e7e81935bab77882fffb79296240ff1\"},\"headline\":\"Togulykke i Danmark, front mot frontkollisjon mellom to tog i Kagerup: flere skadd\",\"datePublished\":\"2026-04-23T07:38:31+00:00\",\"dateModified\":\"2026-04-23T07:38:32+00:00\",\"mainEntityOfPage\":{\"@id\":\"https:\/\/nordnesrepublikken.no\/index.php\/2026\/04\/23\/togulykke-i-danmark-front-mot-frontkollisjon-mellom-to-tog-i-kagerup-flere-skadd\/\"},\"wordCount\":242,\"publisher\":{\"@id\":\"https:\/\/nordnesrepublikken.no\/#organization\"},\"image\":{\"@id\":\"https:\/\/nordnesrepublikken.no\/index.php\/2026\/04\/23\/togulykke-i-danmark-front-mot-frontkollisjon-mellom-to-tog-i-kagerup-flere-skadd\/#primaryimage\"},\"thumbnailUrl\":\"https:\/\/nordnesrepublikken.no\/wp-content\/uploads\/2026\/04\/1776929912_Togulykke-i-Danmark-front-mot-frontkollisjon-mellom-to-tog-i.jpg\",\"keywords\":[\"Danmark\",\"flere\",\"front\",\"frontkollisjon\",\"Kagerup\",\"mellom\",\"mot\",\"skadd\",\"tog\",\"Togulykke\"],\"articleSection\":[\"Samfunn\"],\"inLanguage\":\"nb-NO\"},{\"@type\":\"WebPage\",\"@id\":\"https:\/\/nordnesrepublikken.no\/index.php\/2026\/04\/23\/togulykke-i-danmark-front-mot-frontkollisjon-mellom-to-tog-i-kagerup-flere-skadd\/\",\"url\":\"https:\/\/nordnesrepublikken.no\/index.php\/2026\/04\/23\/togulykke-i-danmark-front-mot-frontkollisjon-mellom-to-tog-i-kagerup-flere-skadd\/\",\"name\":\"Togulykke i Danmark, front mot frontkollisjon mellom to tog i Kagerup: flere skadd - Nordnesrepublikken\",\"isPartOf\":{\"@id\":\"https:\/\/nordnesrepublikken.no\/#website\"},\"primaryImageOfPage\":{\"@id\":\"https:\/\/nordnesrepublikken.no\/index.php\/2026\/04\/23\/togulykke-i-danmark-front-mot-frontkollisjon-mellom-to-tog-i-kagerup-flere-skadd\/#primaryimage\"},\"image\":{\"@id\":\"https:\/\/nordnesrepublikken.no\/index.php\/2026\/04\/23\/togulykke-i-danmark-front-mot-frontkollisjon-mellom-to-tog-i-kagerup-flere-skadd\/#primaryimage\"},\"thumbnailUrl\":\"https:\/\/nordnesrepublikken.no\/wp-content\/uploads\/2026\/04\/1776929912_Togulykke-i-Danmark-front-mot-frontkollisjon-mellom-to-tog-i.jpg\",\"datePublished\":\"2026-04-23T07:38:31+00:00\",\"dateModified\":\"2026-04-23T07:38:32+00:00\",\"breadcrumb\":{\"@id\":\"https:\/\/nordnesrepublikken.no\/index.php\/2026\/04\/23\/togulykke-i-danmark-front-mot-frontkollisjon-mellom-to-tog-i-kagerup-flere-skadd\/#breadcrumb\"},\"inLanguage\":\"nb-NO\",\"potentialAction\":[{\"@type\":\"ReadAction\",\"target\":[\"https:\/\/nordnesrepublikken.no\/index.php\/2026\/04\/23\/togulykke-i-danmark-front-mot-frontkollisjon-mellom-to-tog-i-kagerup-flere-skadd\/\"]}]},{\"@type\":\"ImageObject\",\"inLanguage\":\"nb-NO\",\"@id\":\"https:\/\/nordnesrepublikken.no\/index.php\/2026\/04\/23\/togulykke-i-danmark-front-mot-frontkollisjon-mellom-to-tog-i-kagerup-flere-skadd\/#primaryimage\",\"url\":\"https:\/\/nordnesrepublikken.no\/wp-content\/uploads\/2026\/04\/1776929912_Togulykke-i-Danmark-front-mot-frontkollisjon-mellom-to-tog-i.jpg\",\"contentUrl\":\"https:\/\/nordnesrepublikken.no\/wp-content\/uploads\/2026\/04\/1776929912_Togulykke-i-Danmark-front-mot-frontkollisjon-mellom-to-tog-i.jpg\",\"width\":680,\"height\":382,\"caption\":\"Togulykke i Danmark, front mot frontkollisjon mellom to tog i Kagerup: flere skadd\"},{\"@type\":\"BreadcrumbList\",\"@id\":\"https:\/\/nordnesrepublikken.no\/index.php\/2026\/04\/23\/togulykke-i-danmark-front-mot-frontkollisjon-mellom-to-tog-i-kagerup-flere-skadd\/#breadcrumb\",\"itemListElement\":[{\"@type\":\"ListItem\",\"position\":1,\"name\":\"Home\",\"item\":\"https:\/\/nordnesrepublikken.no\/\"},{\"@type\":\"ListItem\",\"position\":2,\"name\":\"Togulykke i Danmark, front mot frontkollisjon mellom to tog i Kagerup: flere skadd\"}]},{\"@type\":\"WebSite\",\"@id\":\"https:\/\/nordnesrepublikken.no\/#website\",\"url\":\"https:\/\/nordnesrepublikken.no\/\",\"name\":\"Nordnesrepublikken\",\"description\":\"Stemmer og Visjoner fra Republikkens Hjerte\",\"publisher\":{\"@id\":\"https:\/\/nordnesrepublikken.no\/#organization\"},\"potentialAction\":[{\"@type\":\"SearchAction\",\"target\":{\"@type\":\"EntryPoint\",\"urlTemplate\":\"https:\/\/nordnesrepublikken.no\/?s={search_term_string}\"},\"query-input\":{\"@type\":\"PropertyValueSpecification\",\"valueRequired\":true,\"valueName\":\"search_term_string\"}}],\"inLanguage\":\"nb-NO\"},{\"@type\":\"Organization\",\"@id\":\"https:\/\/nordnesrepublikken.no\/#organization\",\"name\":\"Nordnesrepublikken\",\"url\":\"https:\/\/nordnesrepublikken.no\/\",\"logo\":{\"@type\":\"ImageObject\",\"inLanguage\":\"nb-NO\",\"@id\":\"https:\/\/nordnesrepublikken.no\/#\/schema\/logo\/image\/\",\"url\":\"https:\/\/nordnesrepublikken.no\/wp-content\/uploads\/2025\/02\/cropped-nordnesrepublikken-2.png\",\"contentUrl\":\"https:\/\/nordnesrepublikken.no\/wp-content\/uploads\/2025\/02\/cropped-nordnesrepublikken-2.png\",\"width\":1248,\"height\":362,\"caption\":\"Nordnesrepublikken\"},\"image\":{\"@id\":\"https:\/\/nordnesrepublikken.no\/#\/schema\/logo\/image\/\"}},{\"@type\":\"Person\",\"@id\":\"https:\/\/nordnesrepublikken.no\/#\/schema\/person\/2e7e81935bab77882fffb79296240ff1\",\"name\":\"Ole Andersen\",\"image\":{\"@type\":\"ImageObject\",\"inLanguage\":\"nb-NO\",\"@id\":\"https:\/\/nordnesrepublikken.no\/#\/schema\/person\/image\/\",\"url\":\"https:\/\/nordnesrepublikken.no\/wp-content\/uploads\/2025\/02\/nordnesrepublikken-2-2-150x150.jpg\",\"contentUrl\":\"https:\/\/nordnesrepublikken.no\/wp-content\/uploads\/2025\/02\/nordnesrepublikken-2-2-150x150.jpg\",\"caption\":\"Ole Andersen\"},\"description\":\"Ettersom jeg vokste opp i Oslo, har jeg alltid v\u00e6rt fascinert av ordenes kraft og deres evne til \u00e5 skape endringer. Etter \u00e5 ha fullf\u00f8rt min utdannelse i kommunikasjon ved Universitetet i Bergen, fikk jeg muligheten til \u00e5 jobbe innen ulike medier, der jeg har s\u00f8kt \u00e5 belyse viktige samfunnssp\u00f8rsm\u00e5l. I dag, som redakt\u00f8r for Nordnesrepublikken, pr\u00f8ver jeg \u00e5 forene min kj\u00e6rlighet for journalistikk med min lidenskap for innovasjon og eventyr.\",\"sameAs\":[\"https:\/\/nordnesrepublikken.no\/\"]}]}<\/script>\n<!-- \/ Yoast SEO plugin. -->","yoast_head_json":{"title":"Togulykke i Danmark, front mot frontkollisjon mellom to tog i Kagerup: flere skadd - Nordnesrepublikken","robots":{"index":"index","follow":"follow","max-snippet":"max-snippet:-1","max-image-preview":"max-image-preview:large","max-video-preview":"max-video-preview:-1"},"canonical":"https:\/\/nordnesrepublikken.no\/index.php\/2026\/04\/23\/togulykke-i-danmark-front-mot-frontkollisjon-mellom-to-tog-i-kagerup-flere-skadd\/","og_locale":"nb_NO","og_type":"article","og_title":"Togulykke i Danmark, front mot frontkollisjon mellom to tog i Kagerup: flere skadd - Nordnesrepublikken","og_description":"I Danmark det var en togulykke denne morgenen, Torsdag 23. april 2026: som rapportert av","og_url":"https:\/\/nordnesrepublikken.no\/index.php\/2026\/04\/23\/togulykke-i-danmark-front-mot-frontkollisjon-mellom-to-tog-i-kagerup-flere-skadd\/","og_site_name":"Nordnesrepublikken","article_published_time":"2026-04-23T07:38:31+00:00","article_modified_time":"2026-04-23T07:38:32+00:00","og_image":[{"width":680,"height":382,"url":"https:\/\/nordnesrepublikken.no\/wp-content\/uploads\/2026\/04\/1776929912_Togulykke-i-Danmark-front-mot-frontkollisjon-mellom-to-tog-i.jpg","type":"image\/jpeg"}],"author":"Ole Andersen","twitter_card":"summary_large_image","twitter_misc":{"Skrevet av":"Ole Andersen","Ansl. lesetid":"1 minutt"},"schema":{"@context":"https:\/\/schema.org","@graph":[{"@type":"Article","@id":"https:\/\/nordnesrepublikken.no\/index.php\/2026\/04\/23\/togulykke-i-danmark-front-mot-frontkollisjon-mellom-to-tog-i-kagerup-flere-skadd\/#article","isPartOf":{"@id":"https:\/\/nordnesrepublikken.no\/index.php\/2026\/04\/23\/togulykke-i-danmark-front-mot-frontkollisjon-mellom-to-tog-i-kagerup-flere-skadd\/"},"author":{"name":"Ole Andersen","@id":"https:\/\/nordnesrepublikken.no\/#\/schema\/person\/2e7e81935bab77882fffb79296240ff1"},"headline":"Togulykke i Danmark, front mot frontkollisjon mellom to tog i Kagerup: flere skadd","datePublished":"2026-04-23T07:38:31+00:00","dateModified":"2026-04-23T07:38:32+00:00","mainEntityOfPage":{"@id":"https:\/\/nordnesrepublikken.no\/index.php\/2026\/04\/23\/togulykke-i-danmark-front-mot-frontkollisjon-mellom-to-tog-i-kagerup-flere-skadd\/"},"wordCount":242,"publisher":{"@id":"https:\/\/nordnesrepublikken.no\/#organization"},"image":{"@id":"https:\/\/nordnesrepublikken.no\/index.php\/2026\/04\/23\/togulykke-i-danmark-front-mot-frontkollisjon-mellom-to-tog-i-kagerup-flere-skadd\/#primaryimage"},"thumbnailUrl":"https:\/\/nordnesrepublikken.no\/wp-content\/uploads\/2026\/04\/1776929912_Togulykke-i-Danmark-front-mot-frontkollisjon-mellom-to-tog-i.jpg","keywords":["Danmark","flere","front","frontkollisjon","Kagerup","mellom","mot","skadd","tog","Togulykke"],"articleSection":["Samfunn"],"inLanguage":"nb-NO"},{"@type":"WebPage","@id":"https:\/\/nordnesrepublikken.no\/index.php\/2026\/04\/23\/togulykke-i-danmark-front-mot-frontkollisjon-mellom-to-tog-i-kagerup-flere-skadd\/","url":"https:\/\/nordnesrepublikken.no\/index.php\/2026\/04\/23\/togulykke-i-danmark-front-mot-frontkollisjon-mellom-to-tog-i-kagerup-flere-skadd\/","name":"Togulykke i Danmark, front mot frontkollisjon mellom to tog i Kagerup: flere skadd - Nordnesrepublikken","isPartOf":{"@id":"https:\/\/nordnesrepublikken.no\/#website"},"primaryImageOfPage":{"@id":"https:\/\/nordnesrepublikken.no\/index.php\/2026\/04\/23\/togulykke-i-danmark-front-mot-frontkollisjon-mellom-to-tog-i-kagerup-flere-skadd\/#primaryimage"},"image":{"@id":"https:\/\/nordnesrepublikken.no\/index.php\/2026\/04\/23\/togulykke-i-danmark-front-mot-frontkollisjon-mellom-to-tog-i-kagerup-flere-skadd\/#primaryimage"},"thumbnailUrl":"https:\/\/nordnesrepublikken.no\/wp-content\/uploads\/2026\/04\/1776929912_Togulykke-i-Danmark-front-mot-frontkollisjon-mellom-to-tog-i.jpg","datePublished":"2026-04-23T07:38:31+00:00","dateModified":"2026-04-23T07:38:32+00:00","breadcrumb":{"@id":"https:\/\/nordnesrepublikken.no\/index.php\/2026\/04\/23\/togulykke-i-danmark-front-mot-frontkollisjon-mellom-to-tog-i-kagerup-flere-skadd\/#breadcrumb"},"inLanguage":"nb-NO","potentialAction":[{"@type":"ReadAction","target":["https:\/\/nordnesrepublikken.no\/index.php\/2026\/04\/23\/togulykke-i-danmark-front-mot-frontkollisjon-mellom-to-tog-i-kagerup-flere-skadd\/"]}]},{"@type":"ImageObject","inLanguage":"nb-NO","@id":"https:\/\/nordnesrepublikken.no\/index.php\/2026\/04\/23\/togulykke-i-danmark-front-mot-frontkollisjon-mellom-to-tog-i-kagerup-flere-skadd\/#primaryimage","url":"https:\/\/nordnesrepublikken.no\/wp-content\/uploads\/2026\/04\/1776929912_Togulykke-i-Danmark-front-mot-frontkollisjon-mellom-to-tog-i.jpg","contentUrl":"https:\/\/nordnesrepublikken.no\/wp-content\/uploads\/2026\/04\/1776929912_Togulykke-i-Danmark-front-mot-frontkollisjon-mellom-to-tog-i.jpg","width":680,"height":382,"caption":"Togulykke i Danmark, front mot frontkollisjon mellom to tog i Kagerup: flere skadd"},{"@type":"BreadcrumbList","@id":"https:\/\/nordnesrepublikken.no\/index.php\/2026\/04\/23\/togulykke-i-danmark-front-mot-frontkollisjon-mellom-to-tog-i-kagerup-flere-skadd\/#breadcrumb","itemListElement":[{"@type":"ListItem","position":1,"name":"Home","item":"https:\/\/nordnesrepublikken.no\/"},{"@type":"ListItem","position":2,"name":"Togulykke i Danmark, front mot frontkollisjon mellom to tog i Kagerup: flere skadd"}]},{"@type":"WebSite","@id":"https:\/\/nordnesrepublikken.no\/#website","url":"https:\/\/nordnesrepublikken.no\/","name":"Nordnesrepublikken","description":"Stemmer og Visjoner fra Republikkens Hjerte","publisher":{"@id":"https:\/\/nordnesrepublikken.no\/#organization"},"potentialAction":[{"@type":"SearchAction","target":{"@type":"EntryPoint","urlTemplate":"https:\/\/nordnesrepublikken.no\/?s={search_term_string}"},"query-input":{"@type":"PropertyValueSpecification","valueRequired":true,"valueName":"search_term_string"}}],"inLanguage":"nb-NO"},{"@type":"Organization","@id":"https:\/\/nordnesrepublikken.no\/#organization","name":"Nordnesrepublikken","url":"https:\/\/nordnesrepublikken.no\/","logo":{"@type":"ImageObject","inLanguage":"nb-NO","@id":"https:\/\/nordnesrepublikken.no\/#\/schema\/logo\/image\/","url":"https:\/\/nordnesrepublikken.no\/wp-content\/uploads\/2025\/02\/cropped-nordnesrepublikken-2.png","contentUrl":"https:\/\/nordnesrepublikken.no\/wp-content\/uploads\/2025\/02\/cropped-nordnesrepublikken-2.png","width":1248,"height":362,"caption":"Nordnesrepublikken"},"image":{"@id":"https:\/\/nordnesrepublikken.no\/#\/schema\/logo\/image\/"}},{"@type":"Person","@id":"https:\/\/nordnesrepublikken.no\/#\/schema\/person\/2e7e81935bab77882fffb79296240ff1","name":"Ole Andersen","image":{"@type":"ImageObject","inLanguage":"nb-NO","@id":"https:\/\/nordnesrepublikken.no\/#\/schema\/person\/image\/","url":"https:\/\/nordnesrepublikken.no\/wp-content\/uploads\/2025\/02\/nordnesrepublikken-2-2-150x150.jpg","contentUrl":"https:\/\/nordnesrepublikken.no\/wp-content\/uploads\/2025\/02\/nordnesrepublikken-2-2-150x150.jpg","caption":"Ole Andersen"},"description":"Ettersom jeg vokste opp i Oslo, har jeg alltid v\u00e6rt fascinert av ordenes kraft og deres evne til \u00e5 skape endringer. Etter \u00e5 ha fullf\u00f8rt min utdannelse i kommunikasjon ved Universitetet i Bergen, fikk jeg muligheten til \u00e5 jobbe innen ulike medier, der jeg har s\u00f8kt \u00e5 belyse viktige samfunnssp\u00f8rsm\u00e5l. I dag, som redakt\u00f8r for Nordnesrepublikken, pr\u00f8ver jeg \u00e5 forene min kj\u00e6rlighet for journalistikk med min lidenskap for innovasjon og eventyr.","sameAs":["https:\/\/nordnesrepublikken.no\/"]}]}},"_links":{"self":[{"href":"https:\/\/nordnesrepublikken.no\/index.php\/wp-json\/wp\/v2\/posts\/17337","targetHints":{"allow":["GET"]}}],"collection":[{"href":"https:\/\/nordnesrepublikken.no\/index.php\/wp-json\/wp\/v2\/posts"}],"about":[{"href":"https:\/\/nordnesrepublikken.no\/index.php\/wp-json\/wp\/v2\/types\/post"}],"author":[{"embeddable":true,"href":"https:\/\/nordnesrepublikken.no\/index.php\/wp-json\/wp\/v2\/users\/1"}],"replies":[{"embeddable":true,"href":"https:\/\/nordnesrepublikken.no\/index.php\/wp-json\/wp\/v2\/comments?post=17337"}],"version-history":[{"count":1,"href":"https:\/\/nordnesrepublikken.no\/index.php\/wp-json\/wp\/v2\/posts\/17337\/revisions"}],"predecessor-version":[{"id":17339,"href":"https:\/\/nordnesrepublikken.no\/index.php\/wp-json\/wp\/v2\/posts\/17337\/revisions\/17339"}],"wp:featuredmedia":[{"embeddable":true,"href":"https:\/\/nordnesrepublikken.no\/index.php\/wp-json\/wp\/v2\/media\/17338"}],"wp:attachment":[{"href":"https:\/\/nordnesrepublikken.no\/index.php\/wp-json\/wp\/v2\/media?parent=17337"}],"wp:term":[{"taxonomy":"category","embeddable":true,"href":"https:\/\/nordnesrepublikken.no\/index.php\/wp-json\/wp\/v2\/categories?post=17337"},{"taxonomy":"post_tag","embeddable":true,"href":"https:\/\/nordnesrepublikken.no\/index.php\/wp-json\/wp\/v2\/tags?post=17337"}],"curies":[{"name":"wp","href":"https:\/\/api.w.org\/{rel}","templated":true}]}}