{"id":17331,"date":"2026-04-23T07:34:03","date_gmt":"2026-04-23T05:34:03","guid":{"rendered":"https:\/\/nordnesrepublikken.no\/index.php\/2026\/04\/23\/spania-presser-pa-elbiler-men-mange-huseiere-stiller-ett-sporsmal-hvordan-lader-vi-dem\/"},"modified":"2026-04-23T07:34:05","modified_gmt":"2026-04-23T05:34:05","slug":"spania-presser-pa-elbiler-men-mange-huseiere-stiller-ett-sporsmal-hvordan-lader-vi-dem","status":"publish","type":"post","link":"https:\/\/nordnesrepublikken.no\/index.php\/2026\/04\/23\/spania-presser-pa-elbiler-men-mange-huseiere-stiller-ett-sporsmal-hvordan-lader-vi-dem\/","title":{"rendered":"Spania presser p\u00e5 elbiler, men mange huseiere stiller ett sp\u00f8rsm\u00e5l: hvordan lader vi dem?"},"content":{"rendered":"<p><\/p>\n<div class=\"wordpress-content\">\n                    <!-- Article Start --><\/p>\n<p>Etter \u00e5 ha betalt mer enn \u20ac 200 for en inspeksjon, sier leseren at de da ble fortalt at det kunne koste mer enn \u20ac 20 000 \u00e5 \u00f8ke forsyningskapasiteten.<\/p>\n<p>Det reiser et sp\u00f8rsm\u00e5l mange lesere n\u00e5 stiller: Hvis Spania vil ha flere elbiler p\u00e5 veien, hvorfor er det fortsatt s\u00e5 vanskelig for noen mennesker \u00e5 lade hjemme?<\/p>\n<div class=\"sra_unit\"><link rel=\"stylesheet\" id=\"block-sra\" href=\"https:\/\/euroweeklynews.com\/wp-content\/plugins\/snack-related-articles\/dist\/css\/snack-related.min.css?250312-193541\" type=\"text\/css\" media=\"all\">\n<\/div>\n<h2>Hvorfor slipper lading av en elbil str\u00f8mmen hjemme?<\/h2>\n<p>I mange spanske hjem, spesielt eldre eiendommer eller villaer i etablerte urbanisasjoner, er ikke problemet selve laderen, men mengden kontraktsfestet str\u00f8m tilgjengelig.<\/p>\n<p>Hver eiendom i Spania har en <em>potencia contratada<\/em>som er den maksimale str\u00f8mbelastningen som kan brukes samtidig. Hvis bilen begynner \u00e5 lade mens ovnen, klimaanlegget, varmtvannsberederen eller andre apparater er i gang, kan den totale ettersp\u00f8rselen overskride den grensen og utl\u00f8se forsyningen.<\/p>\n<p>Det betyr at noen husholdninger ikke trenger en full nettverksoppgradering i det hele tatt. De trenger kanskje rett og slett et smartere oppsett.<\/p>\n<h2>M\u00e5 du alltid betale for en st\u00f8rre str\u00f8moppgradering?<\/h2>\n<p>Ikke n\u00f8dvendigvis.<\/p>\n<p>Et tilbud p\u00e5 \u20ac20 000 antyder vanligvis et bredere infrastrukturproblem i stedet for en rutinemessig laderinstallasjon. Det kan inneb\u00e6re ekstern kabling, avstand fra nettverkstilkoblingspunktet, forsterkningsarbeider eller lokale distribusjonsbegrensninger.<\/p>\n<p>I noen omr\u00e5der, spesielt der nettverkene er eldre eller der flere boliger allerede legger press p\u00e5 tilbudet, kan oppgraderinger bli kostbare.<\/p>\n<p>Men f\u00f8r de godtar st\u00f8rre arbeider, anbefaler eksperter ofte \u00e5 f\u00e5 en ny vurdering fra en annen kvalifisert installat\u00f8r eller elektriker som spesialiserer seg p\u00e5 elbil-lading.<\/p>\n<h2>Kan en smart lader l\u00f8se problemet?<\/h2>\n<p>Ofte, ja.<\/p>\n<p>Moderne wallboxes med lastbalansering kan overv\u00e5ke husholdningens str\u00f8mforbruk i sanntid. I stedet for \u00e5 lade med full kraft konstant, reduserer de automatisk ladehastigheten n\u00e5r huset bruker mer str\u00f8m, for s\u00e5 \u00e5 \u00f8ke den igjen senere.<\/p>\n<p>Det kan forhindre str\u00f8mbrudd uten \u00e5 m\u00e5tte \u00f8ke forsyningskapasiteten.<\/p>\n<p>For mange hjem er dette en av de mest praktiske og rimelige l\u00f8sningene.<\/p>\n<h2>Hva med ryktet om at kabler m\u00e5 g\u00e5 under jorden?<\/h2>\n<p>Det er regler i Spania som krever at visse nye elektriske arbeider, byutviklinger og oppgraderinger av infrastruktur skal bruke underjordisk kabling under noen omstendigheter. Det er imidlertid ingen enkel generell regel om at enhver huseier som \u00f8nsker \u00e5 lade en bil plutselig m\u00e5 grave ned kabler for egen regning.<\/p>\n<p>Det eksakte kravet avhenger av kommunen, distribut\u00f8ren, typen arbeid som trengs, og om det p\u00e5virker offentlig grunn eller bredere nettverksforsterkning.<\/p>\n<p>I tilfeller som dette er det beste trinnet \u00e5 be str\u00f8mforhandleren om en skriftlig teknisk forklaring p\u00e5 n\u00f8yaktig hvorfor underjordiske arbeider er p\u00e5krevd, hvilken forskrift som gjelder, og om det finnes rimeligere alternativer.<\/p>\n<h2>Hva kan huseiere gj\u00f8re akkurat n\u00e5?<\/h2>\n<p>Hvis du st\u00e5r overfor det samme problemet, er dette de vanligste neste trinnene:<\/p>\n<ul>\n<li>Sjekk om en smart lader med dynamisk laststyring kan l\u00f8se det.<\/li>\n<li>Be om en ny teknisk vurdering fra en annen akkreditert installat\u00f8r.<\/li>\n<li>Se gjennom avtalt kraft og tariff.<\/li>\n<li>Be om en skriftlig oversikt over ethvert stort tilbud.<\/li>\n<li>Sp\u00f8r om det finnes trinnvise oppgraderinger eller alternative tilkoblingsmuligheter.<\/li>\n<li>Sjekk om regionale eller nasjonale tilskudd til ladepunkter er tilgjengelige.<\/li>\n<\/ul>\n<h2>Spanias EV-utfordring er ikke lenger bare \u00e5 selge biler<\/h2>\n<p>Spania gj\u00f8r fremskritt n\u00e5r det gjelder elektrisk mobilitet, men historier som dette viser at neste utfordring er innenlandsk infrastruktur.<\/p>\n<p>Det blir lettere \u00e5 kj\u00f8pe en elbil. \u00c5 lade en hjemme er fortsatt der mange mennesker treffer virkeligheten.<\/p>\n<p>For lesere p\u00e5 steder som Costa Blanca, spesielt i eldre boliger eller urbanisasjoner, er det virkelige sp\u00f8rsm\u00e5let ikke lenger om de skal g\u00e5 elektrisk, men om huset er klart for det.<\/p>\n<p>                    <!-- Originally published at https:\/\/euroweeklynews.com\/2026\/04\/23\/spain-pushes-electric-cars-but-many-homeowners-are-asking-one-question-how-do-we-charge-them\/ on 23 Apr 2026 at 7:15 by Farah Mokrani --><br \/>\n                    <!-- Article End -->\n                <\/div>\n","protected":false},"excerpt":{"rendered":"<p>Etter \u00e5 ha betalt mer enn \u20ac 200 for en inspeksjon, sier leseren at de<\/p>\n","protected":false},"author":1,"featured_media":17332,"comment_status":"closed","ping_status":"open","sticky":false,"template":"","format":"standard","meta":{"footnotes":""},"categories":[105],"tags":[150,10756,3201,11190,112,11192,450,355,81,18,529,1072,11191],"class_list":["post-17331","post","type-post","status-publish","format-standard","has-post-thumbnail","hentry","category-livsstil","tag-dem","tag-elbiler","tag-ett","tag-huseiere","tag-hvordan","tag-lader","tag-mange","tag-men","tag-pa","tag-presser","tag-spania","tag-sporsmal","tag-stiller","generate-columns","tablet-grid-50","mobile-grid-100","grid-parent","grid-33","resize-featured-image"],"yoast_head":"<!-- This site is optimized with the Yoast SEO plugin v24.4 - https:\/\/yoast.com\/wordpress\/plugins\/seo\/ -->\n<title>Spania presser p\u00e5 elbiler, men mange huseiere stiller ett sp\u00f8rsm\u00e5l: hvordan lader vi dem? - Nordnesrepublikken<\/title>\n<meta name=\"robots\" content=\"index, follow, max-snippet:-1, max-image-preview:large, max-video-preview:-1\" \/>\n<link rel=\"canonical\" href=\"https:\/\/nordnesrepublikken.no\/index.php\/2026\/04\/23\/spania-presser-pa-elbiler-men-mange-huseiere-stiller-ett-sporsmal-hvordan-lader-vi-dem\/\" \/>\n<meta property=\"og:locale\" content=\"nb_NO\" \/>\n<meta property=\"og:type\" content=\"article\" \/>\n<meta property=\"og:title\" content=\"Spania presser p\u00e5 elbiler, men mange huseiere stiller ett sp\u00f8rsm\u00e5l: hvordan lader vi dem? - Nordnesrepublikken\" \/>\n<meta property=\"og:description\" content=\"Etter \u00e5 ha betalt mer enn \u20ac 200 for en inspeksjon, sier leseren at de\" \/>\n<meta property=\"og:url\" content=\"https:\/\/nordnesrepublikken.no\/index.php\/2026\/04\/23\/spania-presser-pa-elbiler-men-mange-huseiere-stiller-ett-sporsmal-hvordan-lader-vi-dem\/\" \/>\n<meta property=\"og:site_name\" content=\"Nordnesrepublikken\" \/>\n<meta property=\"article:published_time\" content=\"2026-04-23T05:34:03+00:00\" \/>\n<meta property=\"article:modified_time\" content=\"2026-04-23T05:34:05+00:00\" \/>\n<meta property=\"og:image\" content=\"https:\/\/nordnesrepublikken.no\/wp-content\/uploads\/2026\/04\/1776922444_Spania-presser-pa-elbiler-men-mange-huseiere-stiller-ett-sporsmal.jpg\" \/>\n\t<meta property=\"og:image:width\" content=\"1200\" \/>\n\t<meta property=\"og:image:height\" content=\"800\" \/>\n\t<meta property=\"og:image:type\" content=\"image\/jpeg\" \/>\n<meta name=\"author\" content=\"Ole Andersen\" \/>\n<meta name=\"twitter:card\" content=\"summary_large_image\" \/>\n<meta name=\"twitter:label1\" content=\"Skrevet av\" \/>\n\t<meta name=\"twitter:data1\" content=\"Ole Andersen\" \/>\n\t<meta name=\"twitter:label2\" content=\"Ansl. lesetid\" \/>\n\t<meta name=\"twitter:data2\" content=\"3 minutter\" \/>\n<script type=\"application\/ld+json\" class=\"yoast-schema-graph\">{\"@context\":\"https:\/\/schema.org\",\"@graph\":[{\"@type\":\"Article\",\"@id\":\"https:\/\/nordnesrepublikken.no\/index.php\/2026\/04\/23\/spania-presser-pa-elbiler-men-mange-huseiere-stiller-ett-sporsmal-hvordan-lader-vi-dem\/#article\",\"isPartOf\":{\"@id\":\"https:\/\/nordnesrepublikken.no\/index.php\/2026\/04\/23\/spania-presser-pa-elbiler-men-mange-huseiere-stiller-ett-sporsmal-hvordan-lader-vi-dem\/\"},\"author\":{\"name\":\"Ole Andersen\",\"@id\":\"https:\/\/nordnesrepublikken.no\/#\/schema\/person\/2e7e81935bab77882fffb79296240ff1\"},\"headline\":\"Spania presser p\u00e5 elbiler, men mange huseiere stiller ett sp\u00f8rsm\u00e5l: hvordan lader vi dem?\",\"datePublished\":\"2026-04-23T05:34:03+00:00\",\"dateModified\":\"2026-04-23T05:34:05+00:00\",\"mainEntityOfPage\":{\"@id\":\"https:\/\/nordnesrepublikken.no\/index.php\/2026\/04\/23\/spania-presser-pa-elbiler-men-mange-huseiere-stiller-ett-sporsmal-hvordan-lader-vi-dem\/\"},\"wordCount\":600,\"publisher\":{\"@id\":\"https:\/\/nordnesrepublikken.no\/#organization\"},\"image\":{\"@id\":\"https:\/\/nordnesrepublikken.no\/index.php\/2026\/04\/23\/spania-presser-pa-elbiler-men-mange-huseiere-stiller-ett-sporsmal-hvordan-lader-vi-dem\/#primaryimage\"},\"thumbnailUrl\":\"https:\/\/nordnesrepublikken.no\/wp-content\/uploads\/2026\/04\/1776922444_Spania-presser-pa-elbiler-men-mange-huseiere-stiller-ett-sporsmal.jpg\",\"keywords\":[\"dem\",\"elbiler\",\"ett\",\"huseiere\",\"Hvordan\",\"lader\",\"mange\",\"men\",\"p\u00e5\",\"presser\",\"Spania\",\"sp\u00f8rsm\u00e5l\",\"stiller\"],\"articleSection\":[\"Livsstil\"],\"inLanguage\":\"nb-NO\"},{\"@type\":\"WebPage\",\"@id\":\"https:\/\/nordnesrepublikken.no\/index.php\/2026\/04\/23\/spania-presser-pa-elbiler-men-mange-huseiere-stiller-ett-sporsmal-hvordan-lader-vi-dem\/\",\"url\":\"https:\/\/nordnesrepublikken.no\/index.php\/2026\/04\/23\/spania-presser-pa-elbiler-men-mange-huseiere-stiller-ett-sporsmal-hvordan-lader-vi-dem\/\",\"name\":\"Spania presser p\u00e5 elbiler, men mange huseiere stiller ett sp\u00f8rsm\u00e5l: hvordan lader vi dem? - Nordnesrepublikken\",\"isPartOf\":{\"@id\":\"https:\/\/nordnesrepublikken.no\/#website\"},\"primaryImageOfPage\":{\"@id\":\"https:\/\/nordnesrepublikken.no\/index.php\/2026\/04\/23\/spania-presser-pa-elbiler-men-mange-huseiere-stiller-ett-sporsmal-hvordan-lader-vi-dem\/#primaryimage\"},\"image\":{\"@id\":\"https:\/\/nordnesrepublikken.no\/index.php\/2026\/04\/23\/spania-presser-pa-elbiler-men-mange-huseiere-stiller-ett-sporsmal-hvordan-lader-vi-dem\/#primaryimage\"},\"thumbnailUrl\":\"https:\/\/nordnesrepublikken.no\/wp-content\/uploads\/2026\/04\/1776922444_Spania-presser-pa-elbiler-men-mange-huseiere-stiller-ett-sporsmal.jpg\",\"datePublished\":\"2026-04-23T05:34:03+00:00\",\"dateModified\":\"2026-04-23T05:34:05+00:00\",\"breadcrumb\":{\"@id\":\"https:\/\/nordnesrepublikken.no\/index.php\/2026\/04\/23\/spania-presser-pa-elbiler-men-mange-huseiere-stiller-ett-sporsmal-hvordan-lader-vi-dem\/#breadcrumb\"},\"inLanguage\":\"nb-NO\",\"potentialAction\":[{\"@type\":\"ReadAction\",\"target\":[\"https:\/\/nordnesrepublikken.no\/index.php\/2026\/04\/23\/spania-presser-pa-elbiler-men-mange-huseiere-stiller-ett-sporsmal-hvordan-lader-vi-dem\/\"]}]},{\"@type\":\"ImageObject\",\"inLanguage\":\"nb-NO\",\"@id\":\"https:\/\/nordnesrepublikken.no\/index.php\/2026\/04\/23\/spania-presser-pa-elbiler-men-mange-huseiere-stiller-ett-sporsmal-hvordan-lader-vi-dem\/#primaryimage\",\"url\":\"https:\/\/nordnesrepublikken.no\/wp-content\/uploads\/2026\/04\/1776922444_Spania-presser-pa-elbiler-men-mange-huseiere-stiller-ett-sporsmal.jpg\",\"contentUrl\":\"https:\/\/nordnesrepublikken.no\/wp-content\/uploads\/2026\/04\/1776922444_Spania-presser-pa-elbiler-men-mange-huseiere-stiller-ett-sporsmal.jpg\",\"width\":1200,\"height\":800,\"caption\":\"Spania presser p\u00e5 elbiler, men mange huseiere stiller ett sp\u00f8rsm\u00e5l: hvordan lader vi dem?\"},{\"@type\":\"BreadcrumbList\",\"@id\":\"https:\/\/nordnesrepublikken.no\/index.php\/2026\/04\/23\/spania-presser-pa-elbiler-men-mange-huseiere-stiller-ett-sporsmal-hvordan-lader-vi-dem\/#breadcrumb\",\"itemListElement\":[{\"@type\":\"ListItem\",\"position\":1,\"name\":\"Home\",\"item\":\"https:\/\/nordnesrepublikken.no\/\"},{\"@type\":\"ListItem\",\"position\":2,\"name\":\"Spania presser p\u00e5 elbiler, men mange huseiere stiller ett sp\u00f8rsm\u00e5l: hvordan lader vi dem?\"}]},{\"@type\":\"WebSite\",\"@id\":\"https:\/\/nordnesrepublikken.no\/#website\",\"url\":\"https:\/\/nordnesrepublikken.no\/\",\"name\":\"Nordnesrepublikken\",\"description\":\"Stemmer og Visjoner fra Republikkens Hjerte\",\"publisher\":{\"@id\":\"https:\/\/nordnesrepublikken.no\/#organization\"},\"potentialAction\":[{\"@type\":\"SearchAction\",\"target\":{\"@type\":\"EntryPoint\",\"urlTemplate\":\"https:\/\/nordnesrepublikken.no\/?s={search_term_string}\"},\"query-input\":{\"@type\":\"PropertyValueSpecification\",\"valueRequired\":true,\"valueName\":\"search_term_string\"}}],\"inLanguage\":\"nb-NO\"},{\"@type\":\"Organization\",\"@id\":\"https:\/\/nordnesrepublikken.no\/#organization\",\"name\":\"Nordnesrepublikken\",\"url\":\"https:\/\/nordnesrepublikken.no\/\",\"logo\":{\"@type\":\"ImageObject\",\"inLanguage\":\"nb-NO\",\"@id\":\"https:\/\/nordnesrepublikken.no\/#\/schema\/logo\/image\/\",\"url\":\"https:\/\/nordnesrepublikken.no\/wp-content\/uploads\/2025\/02\/cropped-nordnesrepublikken-2.png\",\"contentUrl\":\"https:\/\/nordnesrepublikken.no\/wp-content\/uploads\/2025\/02\/cropped-nordnesrepublikken-2.png\",\"width\":1248,\"height\":362,\"caption\":\"Nordnesrepublikken\"},\"image\":{\"@id\":\"https:\/\/nordnesrepublikken.no\/#\/schema\/logo\/image\/\"}},{\"@type\":\"Person\",\"@id\":\"https:\/\/nordnesrepublikken.no\/#\/schema\/person\/2e7e81935bab77882fffb79296240ff1\",\"name\":\"Ole Andersen\",\"image\":{\"@type\":\"ImageObject\",\"inLanguage\":\"nb-NO\",\"@id\":\"https:\/\/nordnesrepublikken.no\/#\/schema\/person\/image\/\",\"url\":\"https:\/\/nordnesrepublikken.no\/wp-content\/uploads\/2025\/02\/nordnesrepublikken-2-2-150x150.jpg\",\"contentUrl\":\"https:\/\/nordnesrepublikken.no\/wp-content\/uploads\/2025\/02\/nordnesrepublikken-2-2-150x150.jpg\",\"caption\":\"Ole Andersen\"},\"description\":\"Ettersom jeg vokste opp i Oslo, har jeg alltid v\u00e6rt fascinert av ordenes kraft og deres evne til \u00e5 skape endringer. Etter \u00e5 ha fullf\u00f8rt min utdannelse i kommunikasjon ved Universitetet i Bergen, fikk jeg muligheten til \u00e5 jobbe innen ulike medier, der jeg har s\u00f8kt \u00e5 belyse viktige samfunnssp\u00f8rsm\u00e5l. I dag, som redakt\u00f8r for Nordnesrepublikken, pr\u00f8ver jeg \u00e5 forene min kj\u00e6rlighet for journalistikk med min lidenskap for innovasjon og eventyr.\",\"sameAs\":[\"https:\/\/nordnesrepublikken.no\/\"]}]}<\/script>\n<!-- \/ Yoast SEO plugin. -->","yoast_head_json":{"title":"Spania presser p\u00e5 elbiler, men mange huseiere stiller ett sp\u00f8rsm\u00e5l: hvordan lader vi dem? - Nordnesrepublikken","robots":{"index":"index","follow":"follow","max-snippet":"max-snippet:-1","max-image-preview":"max-image-preview:large","max-video-preview":"max-video-preview:-1"},"canonical":"https:\/\/nordnesrepublikken.no\/index.php\/2026\/04\/23\/spania-presser-pa-elbiler-men-mange-huseiere-stiller-ett-sporsmal-hvordan-lader-vi-dem\/","og_locale":"nb_NO","og_type":"article","og_title":"Spania presser p\u00e5 elbiler, men mange huseiere stiller ett sp\u00f8rsm\u00e5l: hvordan lader vi dem? - Nordnesrepublikken","og_description":"Etter \u00e5 ha betalt mer enn \u20ac 200 for en inspeksjon, sier leseren at de","og_url":"https:\/\/nordnesrepublikken.no\/index.php\/2026\/04\/23\/spania-presser-pa-elbiler-men-mange-huseiere-stiller-ett-sporsmal-hvordan-lader-vi-dem\/","og_site_name":"Nordnesrepublikken","article_published_time":"2026-04-23T05:34:03+00:00","article_modified_time":"2026-04-23T05:34:05+00:00","og_image":[{"width":1200,"height":800,"url":"https:\/\/nordnesrepublikken.no\/wp-content\/uploads\/2026\/04\/1776922444_Spania-presser-pa-elbiler-men-mange-huseiere-stiller-ett-sporsmal.jpg","type":"image\/jpeg"}],"author":"Ole Andersen","twitter_card":"summary_large_image","twitter_misc":{"Skrevet av":"Ole Andersen","Ansl. lesetid":"3 minutter"},"schema":{"@context":"https:\/\/schema.org","@graph":[{"@type":"Article","@id":"https:\/\/nordnesrepublikken.no\/index.php\/2026\/04\/23\/spania-presser-pa-elbiler-men-mange-huseiere-stiller-ett-sporsmal-hvordan-lader-vi-dem\/#article","isPartOf":{"@id":"https:\/\/nordnesrepublikken.no\/index.php\/2026\/04\/23\/spania-presser-pa-elbiler-men-mange-huseiere-stiller-ett-sporsmal-hvordan-lader-vi-dem\/"},"author":{"name":"Ole Andersen","@id":"https:\/\/nordnesrepublikken.no\/#\/schema\/person\/2e7e81935bab77882fffb79296240ff1"},"headline":"Spania presser p\u00e5 elbiler, men mange huseiere stiller ett sp\u00f8rsm\u00e5l: hvordan lader vi dem?","datePublished":"2026-04-23T05:34:03+00:00","dateModified":"2026-04-23T05:34:05+00:00","mainEntityOfPage":{"@id":"https:\/\/nordnesrepublikken.no\/index.php\/2026\/04\/23\/spania-presser-pa-elbiler-men-mange-huseiere-stiller-ett-sporsmal-hvordan-lader-vi-dem\/"},"wordCount":600,"publisher":{"@id":"https:\/\/nordnesrepublikken.no\/#organization"},"image":{"@id":"https:\/\/nordnesrepublikken.no\/index.php\/2026\/04\/23\/spania-presser-pa-elbiler-men-mange-huseiere-stiller-ett-sporsmal-hvordan-lader-vi-dem\/#primaryimage"},"thumbnailUrl":"https:\/\/nordnesrepublikken.no\/wp-content\/uploads\/2026\/04\/1776922444_Spania-presser-pa-elbiler-men-mange-huseiere-stiller-ett-sporsmal.jpg","keywords":["dem","elbiler","ett","huseiere","Hvordan","lader","mange","men","p\u00e5","presser","Spania","sp\u00f8rsm\u00e5l","stiller"],"articleSection":["Livsstil"],"inLanguage":"nb-NO"},{"@type":"WebPage","@id":"https:\/\/nordnesrepublikken.no\/index.php\/2026\/04\/23\/spania-presser-pa-elbiler-men-mange-huseiere-stiller-ett-sporsmal-hvordan-lader-vi-dem\/","url":"https:\/\/nordnesrepublikken.no\/index.php\/2026\/04\/23\/spania-presser-pa-elbiler-men-mange-huseiere-stiller-ett-sporsmal-hvordan-lader-vi-dem\/","name":"Spania presser p\u00e5 elbiler, men mange huseiere stiller ett sp\u00f8rsm\u00e5l: hvordan lader vi dem? - Nordnesrepublikken","isPartOf":{"@id":"https:\/\/nordnesrepublikken.no\/#website"},"primaryImageOfPage":{"@id":"https:\/\/nordnesrepublikken.no\/index.php\/2026\/04\/23\/spania-presser-pa-elbiler-men-mange-huseiere-stiller-ett-sporsmal-hvordan-lader-vi-dem\/#primaryimage"},"image":{"@id":"https:\/\/nordnesrepublikken.no\/index.php\/2026\/04\/23\/spania-presser-pa-elbiler-men-mange-huseiere-stiller-ett-sporsmal-hvordan-lader-vi-dem\/#primaryimage"},"thumbnailUrl":"https:\/\/nordnesrepublikken.no\/wp-content\/uploads\/2026\/04\/1776922444_Spania-presser-pa-elbiler-men-mange-huseiere-stiller-ett-sporsmal.jpg","datePublished":"2026-04-23T05:34:03+00:00","dateModified":"2026-04-23T05:34:05+00:00","breadcrumb":{"@id":"https:\/\/nordnesrepublikken.no\/index.php\/2026\/04\/23\/spania-presser-pa-elbiler-men-mange-huseiere-stiller-ett-sporsmal-hvordan-lader-vi-dem\/#breadcrumb"},"inLanguage":"nb-NO","potentialAction":[{"@type":"ReadAction","target":["https:\/\/nordnesrepublikken.no\/index.php\/2026\/04\/23\/spania-presser-pa-elbiler-men-mange-huseiere-stiller-ett-sporsmal-hvordan-lader-vi-dem\/"]}]},{"@type":"ImageObject","inLanguage":"nb-NO","@id":"https:\/\/nordnesrepublikken.no\/index.php\/2026\/04\/23\/spania-presser-pa-elbiler-men-mange-huseiere-stiller-ett-sporsmal-hvordan-lader-vi-dem\/#primaryimage","url":"https:\/\/nordnesrepublikken.no\/wp-content\/uploads\/2026\/04\/1776922444_Spania-presser-pa-elbiler-men-mange-huseiere-stiller-ett-sporsmal.jpg","contentUrl":"https:\/\/nordnesrepublikken.no\/wp-content\/uploads\/2026\/04\/1776922444_Spania-presser-pa-elbiler-men-mange-huseiere-stiller-ett-sporsmal.jpg","width":1200,"height":800,"caption":"Spania presser p\u00e5 elbiler, men mange huseiere stiller ett sp\u00f8rsm\u00e5l: hvordan lader vi dem?"},{"@type":"BreadcrumbList","@id":"https:\/\/nordnesrepublikken.no\/index.php\/2026\/04\/23\/spania-presser-pa-elbiler-men-mange-huseiere-stiller-ett-sporsmal-hvordan-lader-vi-dem\/#breadcrumb","itemListElement":[{"@type":"ListItem","position":1,"name":"Home","item":"https:\/\/nordnesrepublikken.no\/"},{"@type":"ListItem","position":2,"name":"Spania presser p\u00e5 elbiler, men mange huseiere stiller ett sp\u00f8rsm\u00e5l: hvordan lader vi dem?"}]},{"@type":"WebSite","@id":"https:\/\/nordnesrepublikken.no\/#website","url":"https:\/\/nordnesrepublikken.no\/","name":"Nordnesrepublikken","description":"Stemmer og Visjoner fra Republikkens Hjerte","publisher":{"@id":"https:\/\/nordnesrepublikken.no\/#organization"},"potentialAction":[{"@type":"SearchAction","target":{"@type":"EntryPoint","urlTemplate":"https:\/\/nordnesrepublikken.no\/?s={search_term_string}"},"query-input":{"@type":"PropertyValueSpecification","valueRequired":true,"valueName":"search_term_string"}}],"inLanguage":"nb-NO"},{"@type":"Organization","@id":"https:\/\/nordnesrepublikken.no\/#organization","name":"Nordnesrepublikken","url":"https:\/\/nordnesrepublikken.no\/","logo":{"@type":"ImageObject","inLanguage":"nb-NO","@id":"https:\/\/nordnesrepublikken.no\/#\/schema\/logo\/image\/","url":"https:\/\/nordnesrepublikken.no\/wp-content\/uploads\/2025\/02\/cropped-nordnesrepublikken-2.png","contentUrl":"https:\/\/nordnesrepublikken.no\/wp-content\/uploads\/2025\/02\/cropped-nordnesrepublikken-2.png","width":1248,"height":362,"caption":"Nordnesrepublikken"},"image":{"@id":"https:\/\/nordnesrepublikken.no\/#\/schema\/logo\/image\/"}},{"@type":"Person","@id":"https:\/\/nordnesrepublikken.no\/#\/schema\/person\/2e7e81935bab77882fffb79296240ff1","name":"Ole Andersen","image":{"@type":"ImageObject","inLanguage":"nb-NO","@id":"https:\/\/nordnesrepublikken.no\/#\/schema\/person\/image\/","url":"https:\/\/nordnesrepublikken.no\/wp-content\/uploads\/2025\/02\/nordnesrepublikken-2-2-150x150.jpg","contentUrl":"https:\/\/nordnesrepublikken.no\/wp-content\/uploads\/2025\/02\/nordnesrepublikken-2-2-150x150.jpg","caption":"Ole Andersen"},"description":"Ettersom jeg vokste opp i Oslo, har jeg alltid v\u00e6rt fascinert av ordenes kraft og deres evne til \u00e5 skape endringer. Etter \u00e5 ha fullf\u00f8rt min utdannelse i kommunikasjon ved Universitetet i Bergen, fikk jeg muligheten til \u00e5 jobbe innen ulike medier, der jeg har s\u00f8kt \u00e5 belyse viktige samfunnssp\u00f8rsm\u00e5l. I dag, som redakt\u00f8r for Nordnesrepublikken, pr\u00f8ver jeg \u00e5 forene min kj\u00e6rlighet for journalistikk med min lidenskap for innovasjon og eventyr.","sameAs":["https:\/\/nordnesrepublikken.no\/"]}]}},"_links":{"self":[{"href":"https:\/\/nordnesrepublikken.no\/index.php\/wp-json\/wp\/v2\/posts\/17331","targetHints":{"allow":["GET"]}}],"collection":[{"href":"https:\/\/nordnesrepublikken.no\/index.php\/wp-json\/wp\/v2\/posts"}],"about":[{"href":"https:\/\/nordnesrepublikken.no\/index.php\/wp-json\/wp\/v2\/types\/post"}],"author":[{"embeddable":true,"href":"https:\/\/nordnesrepublikken.no\/index.php\/wp-json\/wp\/v2\/users\/1"}],"replies":[{"embeddable":true,"href":"https:\/\/nordnesrepublikken.no\/index.php\/wp-json\/wp\/v2\/comments?post=17331"}],"version-history":[{"count":1,"href":"https:\/\/nordnesrepublikken.no\/index.php\/wp-json\/wp\/v2\/posts\/17331\/revisions"}],"predecessor-version":[{"id":17333,"href":"https:\/\/nordnesrepublikken.no\/index.php\/wp-json\/wp\/v2\/posts\/17331\/revisions\/17333"}],"wp:featuredmedia":[{"embeddable":true,"href":"https:\/\/nordnesrepublikken.no\/index.php\/wp-json\/wp\/v2\/media\/17332"}],"wp:attachment":[{"href":"https:\/\/nordnesrepublikken.no\/index.php\/wp-json\/wp\/v2\/media?parent=17331"}],"wp:term":[{"taxonomy":"category","embeddable":true,"href":"https:\/\/nordnesrepublikken.no\/index.php\/wp-json\/wp\/v2\/categories?post=17331"},{"taxonomy":"post_tag","embeddable":true,"href":"https:\/\/nordnesrepublikken.no\/index.php\/wp-json\/wp\/v2\/tags?post=17331"}],"curies":[{"name":"wp","href":"https:\/\/api.w.org\/{rel}","templated":true}]}}