{"id":17328,"date":"2026-04-23T06:35:37","date_gmt":"2026-04-23T04:35:37","guid":{"rendered":"https:\/\/nordnesrepublikken.no\/index.php\/2026\/04\/23\/fordi-23-april-er-verdens-bokdag\/"},"modified":"2026-04-23T06:35:39","modified_gmt":"2026-04-23T04:35:39","slug":"fordi-23-april-er-verdens-bokdag","status":"publish","type":"post","link":"https:\/\/nordnesrepublikken.no\/index.php\/2026\/04\/23\/fordi-23-april-er-verdens-bokdag\/","title":{"rendered":"fordi 23. april er Verdens bokdag"},"content":{"rendered":"<div>\n<div class=\"cp_wrapper cp_wrapper--fw mb-30 mb-20@tablet\">\n<figure class=\"mm\"><picture class=\"img\" style=\"padding-top:56.25%\"><source  media=\"(min-width: 1024px)\"><source  media=\"(min-width: 768px)\"><\/source><\/source><\/picture><\/figure>\n<\/p><\/div>\n<p>De<b> 23. april <\/b>blir feiret <em><b>Verdens bok- og opphavsrettsdag<\/b><\/em>feiret p\u00e5 denne datoen p\u00e5 grunnlag av <b>Bokfestival i Catalonia<\/b>som siden 1930-tallet har funnet sted den 23. april, datoen valgt fordi to store navn i verdenslitteraturen d\u00f8de p\u00e5 denne dagen, <b>Cervantes og Shakespeare<\/b>.<\/p>\n<p>Dette er ogs\u00e5 dagen for <b>Sant Jordi <\/b>\u2013 Saint George \u2013 skytshelgen for Catalonia og byen Barcelona. Nettopp derfor overlapper den tradisjonelle skikken med \u00e5 feire Sant Jordi \u2013 \u00e5 bytte roser \u2013 med de som feirer b\u00f8ker og kultur. Dermed ble skikken f\u00f8dt <b>gi en bok i gave <\/b>til din kj\u00e6re, og motta en i retur <b>rose<\/b>.<\/p>\n<h2>En ridder, en drage og en prinsesse: den originale legenden<\/h2>\n<p><b>Sant Jordi<\/b>eller Saint George, kristen martyr, er skytshelgen for den spanske regionen <strong>Catalonia<\/strong> og byen <strong>Barcelona<\/strong>: 23. april, <em>Diada de Sant Jordi<\/em> \u2013 St. George-festen \u2013 hele byen feirer.<\/p>\n<p>Legenden i den &laquo;spanske versjonen&raquo; sier det <b>Saint George drepte dragen<\/b> som skremte henne <b>Den katalanske byen Montblanc<\/b>mens andre versjoner ser dragen drept i Libya, eller i andre land. Tradisjonen har det at p\u00e5 stedet der dragen falt ble en f\u00f8dt <b>rosehage<\/b>og den frelste prinsessen skrev et dikt for \u00e5 gjengjelde den heroiske gesten.<\/p>\n<p>I<b> 1456<\/b> Sant Jordi ble offisielt den <b>skytshelgen for Catalonia<\/b> og i anledning feiringen ble byen fylt med roseboder, for \u00e5 minnes drapet p\u00e5 dragen. Rose- og blomstermessen ble spesielt bes\u00f8kt av forlovede par som skulle gifte seg, og derfor begynte den ogs\u00e5 \u00e5 bli assosiert med kj\u00e6rlighet.<\/p>\n<h2>Cervantes og Shakespeare: hvordan koblingen mellom roser og b\u00f8ker ble f\u00f8dt<\/h2>\n<p>P\u00e5 1920-tallet foreslo forfatteren Vincent Clavel i Andr\u00e9s, direkt\u00f8r for forlaget Cervantes, til det offisielle kammeret i Barcelonas bok og til Corporation of Publishers and Booksellers of Barcelona \u00e5 <b>arrangere en fest for \u00e5 fremme lesing <\/b>og det katalanske spr\u00e5ket og kulturen.<\/p>\n<p>I utgangspunktet ble datoen 7. oktober valgt, og den f\u00f8rste bokfestivalen var i 1927. Da Barcelona var vertskap for den universelle utstillingen i 1929, fylte bokhandlere gatene med bokboder: ved denne anledningen ble ideen f\u00f8dt om \u00e5 endre datoen fra 7. oktober til<b> 23. april<\/b> som, i tillegg til \u00e5 v\u00e6re dagen for skytshelgen Sant Jordi, ogs\u00e5 er d\u00f8dsdatoen som deles av de store innen verdenslesing, <b>Miguel de Cervantes<\/b> \u2013 forfatter av bedriftene til Don Quijote (f\u00f8rst utgitt i 1605) \u2013 f <b>William Shakespeare<\/b> (levde mellom slutten av 1500-tallet og begynnelsen av 1600-tallet).<\/p>\n<p>Den f\u00f8rste &laquo;nye&raquo; bokdagen i Catalonia ble derfor feiret 23. april 1931: denne dagen ble skikken f\u00f8dt<b> gi en bok til din kj\u00e6re <\/b>Og <b>motta en rose i retur<\/b>. Denne tradisjonen ble da ogs\u00e5 adoptert av<b> bokhandlere<\/b>som donerer en rose til alle som kj\u00f8per en bok 23. april.<\/p>\n<h2><b>Etableringen av <em>Verdens bok- og opphavsrettsdag<\/em> den 23. april<\/b><\/h2>\n<p>Fra 1996 ble<b>UNESCO<\/b> \u2013 FNs organisasjon for utdanning, vitenskap og kultur har offisielt gjort dette <b>Verdens bok- og opphavsrettsdag<\/b> p\u00e5 dato <b>23. april<\/b>.<\/p>\n<p>Denne dagen ble valgt nettopp p\u00e5 grunnlag av katalansk tradisjon, og &laquo;gifte seg med&raquo; motivasjonen for d\u00f8dsdatoen til Cervantes og Shakespeare: av denne grunn kalles den ogs\u00e5 &laquo;<strong>Bok- og rosedagen<\/strong>M\u00e5let med dagen er \u00e5 oppmuntre <b>lesning<\/b>st\u00f8tte<b>forlagsbransjen<\/b> og beskytte \u00e5ndsverk gjennom <b>opphavsrett<\/b>.<\/p>\n<p>23. april arrangeres det initiativer og feiringer over hele verden, og hvert \u00e5r velges det ogs\u00e5 ut en.<b> Verdens bokhovedstad<\/b>som i 2026 er <b>Rabat<\/b>i Marokko.<\/p>\n<\/p><\/div>\n","protected":false},"excerpt":{"rendered":"<p>De 23. april blir feiret Verdens bok- og opphavsrettsdagfeiret p\u00e5 denne datoen p\u00e5 grunnlag av<\/p>\n","protected":false},"author":1,"featured_media":17329,"comment_status":"closed","ping_status":"open","sticky":false,"template":"","format":"standard","meta":{"footnotes":""},"categories":[104],"tags":[619,11189,83,341],"class_list":["post-17328","post","type-post","status-publish","format-standard","has-post-thumbnail","hentry","category-samfunn","tag-april","tag-bokdag","tag-fordi","tag-verdens","generate-columns","tablet-grid-50","mobile-grid-100","grid-parent","grid-33","resize-featured-image"],"yoast_head":"<!-- This site is optimized with the Yoast SEO plugin v24.4 - https:\/\/yoast.com\/wordpress\/plugins\/seo\/ -->\n<title>fordi 23. april er Verdens bokdag - Nordnesrepublikken<\/title>\n<meta name=\"robots\" content=\"index, follow, max-snippet:-1, max-image-preview:large, max-video-preview:-1\" \/>\n<link rel=\"canonical\" href=\"https:\/\/nordnesrepublikken.no\/index.php\/2026\/04\/23\/fordi-23-april-er-verdens-bokdag\/\" \/>\n<meta property=\"og:locale\" content=\"nb_NO\" \/>\n<meta property=\"og:type\" content=\"article\" \/>\n<meta property=\"og:title\" content=\"fordi 23. april er Verdens bokdag - Nordnesrepublikken\" \/>\n<meta property=\"og:description\" content=\"De 23. april blir feiret Verdens bok- og opphavsrettsdagfeiret p\u00e5 denne datoen p\u00e5 grunnlag av\" \/>\n<meta property=\"og:url\" content=\"https:\/\/nordnesrepublikken.no\/index.php\/2026\/04\/23\/fordi-23-april-er-verdens-bokdag\/\" \/>\n<meta property=\"og:site_name\" content=\"Nordnesrepublikken\" \/>\n<meta property=\"article:published_time\" content=\"2026-04-23T04:35:37+00:00\" \/>\n<meta property=\"article:modified_time\" content=\"2026-04-23T04:35:39+00:00\" \/>\n<meta property=\"og:image\" content=\"https:\/\/nordnesrepublikken.no\/wp-content\/uploads\/2026\/04\/1776918939_fordi-23-april-er-Verdens-bokdag.jpg\" \/>\n\t<meta property=\"og:image:width\" content=\"393\" \/>\n\t<meta property=\"og:image:height\" content=\"301\" \/>\n\t<meta property=\"og:image:type\" content=\"image\/jpeg\" \/>\n<meta name=\"author\" content=\"Ole Andersen\" \/>\n<meta name=\"twitter:card\" content=\"summary_large_image\" \/>\n<meta name=\"twitter:label1\" content=\"Skrevet av\" \/>\n\t<meta name=\"twitter:data1\" content=\"Ole Andersen\" \/>\n\t<meta name=\"twitter:label2\" content=\"Ansl. lesetid\" \/>\n\t<meta name=\"twitter:data2\" content=\"3 minutter\" \/>\n<script type=\"application\/ld+json\" class=\"yoast-schema-graph\">{\"@context\":\"https:\/\/schema.org\",\"@graph\":[{\"@type\":\"Article\",\"@id\":\"https:\/\/nordnesrepublikken.no\/index.php\/2026\/04\/23\/fordi-23-april-er-verdens-bokdag\/#article\",\"isPartOf\":{\"@id\":\"https:\/\/nordnesrepublikken.no\/index.php\/2026\/04\/23\/fordi-23-april-er-verdens-bokdag\/\"},\"author\":{\"name\":\"Ole Andersen\",\"@id\":\"https:\/\/nordnesrepublikken.no\/#\/schema\/person\/2e7e81935bab77882fffb79296240ff1\"},\"headline\":\"fordi 23. april er Verdens bokdag\",\"datePublished\":\"2026-04-23T04:35:37+00:00\",\"dateModified\":\"2026-04-23T04:35:39+00:00\",\"mainEntityOfPage\":{\"@id\":\"https:\/\/nordnesrepublikken.no\/index.php\/2026\/04\/23\/fordi-23-april-er-verdens-bokdag\/\"},\"wordCount\":525,\"publisher\":{\"@id\":\"https:\/\/nordnesrepublikken.no\/#organization\"},\"image\":{\"@id\":\"https:\/\/nordnesrepublikken.no\/index.php\/2026\/04\/23\/fordi-23-april-er-verdens-bokdag\/#primaryimage\"},\"thumbnailUrl\":\"https:\/\/nordnesrepublikken.no\/wp-content\/uploads\/2026\/04\/1776918939_fordi-23-april-er-Verdens-bokdag.jpg\",\"keywords\":[\"april\",\"bokdag\",\"Fordi\",\"Verdens\"],\"articleSection\":[\"Samfunn\"],\"inLanguage\":\"nb-NO\"},{\"@type\":\"WebPage\",\"@id\":\"https:\/\/nordnesrepublikken.no\/index.php\/2026\/04\/23\/fordi-23-april-er-verdens-bokdag\/\",\"url\":\"https:\/\/nordnesrepublikken.no\/index.php\/2026\/04\/23\/fordi-23-april-er-verdens-bokdag\/\",\"name\":\"fordi 23. april er Verdens bokdag - Nordnesrepublikken\",\"isPartOf\":{\"@id\":\"https:\/\/nordnesrepublikken.no\/#website\"},\"primaryImageOfPage\":{\"@id\":\"https:\/\/nordnesrepublikken.no\/index.php\/2026\/04\/23\/fordi-23-april-er-verdens-bokdag\/#primaryimage\"},\"image\":{\"@id\":\"https:\/\/nordnesrepublikken.no\/index.php\/2026\/04\/23\/fordi-23-april-er-verdens-bokdag\/#primaryimage\"},\"thumbnailUrl\":\"https:\/\/nordnesrepublikken.no\/wp-content\/uploads\/2026\/04\/1776918939_fordi-23-april-er-Verdens-bokdag.jpg\",\"datePublished\":\"2026-04-23T04:35:37+00:00\",\"dateModified\":\"2026-04-23T04:35:39+00:00\",\"breadcrumb\":{\"@id\":\"https:\/\/nordnesrepublikken.no\/index.php\/2026\/04\/23\/fordi-23-april-er-verdens-bokdag\/#breadcrumb\"},\"inLanguage\":\"nb-NO\",\"potentialAction\":[{\"@type\":\"ReadAction\",\"target\":[\"https:\/\/nordnesrepublikken.no\/index.php\/2026\/04\/23\/fordi-23-april-er-verdens-bokdag\/\"]}]},{\"@type\":\"ImageObject\",\"inLanguage\":\"nb-NO\",\"@id\":\"https:\/\/nordnesrepublikken.no\/index.php\/2026\/04\/23\/fordi-23-april-er-verdens-bokdag\/#primaryimage\",\"url\":\"https:\/\/nordnesrepublikken.no\/wp-content\/uploads\/2026\/04\/1776918939_fordi-23-april-er-Verdens-bokdag.jpg\",\"contentUrl\":\"https:\/\/nordnesrepublikken.no\/wp-content\/uploads\/2026\/04\/1776918939_fordi-23-april-er-Verdens-bokdag.jpg\",\"width\":393,\"height\":301,\"caption\":\"fordi 23. april er Verdens bokdag\"},{\"@type\":\"BreadcrumbList\",\"@id\":\"https:\/\/nordnesrepublikken.no\/index.php\/2026\/04\/23\/fordi-23-april-er-verdens-bokdag\/#breadcrumb\",\"itemListElement\":[{\"@type\":\"ListItem\",\"position\":1,\"name\":\"Home\",\"item\":\"https:\/\/nordnesrepublikken.no\/\"},{\"@type\":\"ListItem\",\"position\":2,\"name\":\"fordi 23. april er Verdens bokdag\"}]},{\"@type\":\"WebSite\",\"@id\":\"https:\/\/nordnesrepublikken.no\/#website\",\"url\":\"https:\/\/nordnesrepublikken.no\/\",\"name\":\"Nordnesrepublikken\",\"description\":\"Stemmer og Visjoner fra Republikkens Hjerte\",\"publisher\":{\"@id\":\"https:\/\/nordnesrepublikken.no\/#organization\"},\"potentialAction\":[{\"@type\":\"SearchAction\",\"target\":{\"@type\":\"EntryPoint\",\"urlTemplate\":\"https:\/\/nordnesrepublikken.no\/?s={search_term_string}\"},\"query-input\":{\"@type\":\"PropertyValueSpecification\",\"valueRequired\":true,\"valueName\":\"search_term_string\"}}],\"inLanguage\":\"nb-NO\"},{\"@type\":\"Organization\",\"@id\":\"https:\/\/nordnesrepublikken.no\/#organization\",\"name\":\"Nordnesrepublikken\",\"url\":\"https:\/\/nordnesrepublikken.no\/\",\"logo\":{\"@type\":\"ImageObject\",\"inLanguage\":\"nb-NO\",\"@id\":\"https:\/\/nordnesrepublikken.no\/#\/schema\/logo\/image\/\",\"url\":\"https:\/\/nordnesrepublikken.no\/wp-content\/uploads\/2025\/02\/cropped-nordnesrepublikken-2.png\",\"contentUrl\":\"https:\/\/nordnesrepublikken.no\/wp-content\/uploads\/2025\/02\/cropped-nordnesrepublikken-2.png\",\"width\":1248,\"height\":362,\"caption\":\"Nordnesrepublikken\"},\"image\":{\"@id\":\"https:\/\/nordnesrepublikken.no\/#\/schema\/logo\/image\/\"}},{\"@type\":\"Person\",\"@id\":\"https:\/\/nordnesrepublikken.no\/#\/schema\/person\/2e7e81935bab77882fffb79296240ff1\",\"name\":\"Ole Andersen\",\"image\":{\"@type\":\"ImageObject\",\"inLanguage\":\"nb-NO\",\"@id\":\"https:\/\/nordnesrepublikken.no\/#\/schema\/person\/image\/\",\"url\":\"https:\/\/nordnesrepublikken.no\/wp-content\/uploads\/2025\/02\/nordnesrepublikken-2-2-150x150.jpg\",\"contentUrl\":\"https:\/\/nordnesrepublikken.no\/wp-content\/uploads\/2025\/02\/nordnesrepublikken-2-2-150x150.jpg\",\"caption\":\"Ole Andersen\"},\"description\":\"Ettersom jeg vokste opp i Oslo, har jeg alltid v\u00e6rt fascinert av ordenes kraft og deres evne til \u00e5 skape endringer. Etter \u00e5 ha fullf\u00f8rt min utdannelse i kommunikasjon ved Universitetet i Bergen, fikk jeg muligheten til \u00e5 jobbe innen ulike medier, der jeg har s\u00f8kt \u00e5 belyse viktige samfunnssp\u00f8rsm\u00e5l. I dag, som redakt\u00f8r for Nordnesrepublikken, pr\u00f8ver jeg \u00e5 forene min kj\u00e6rlighet for journalistikk med min lidenskap for innovasjon og eventyr.\",\"sameAs\":[\"https:\/\/nordnesrepublikken.no\/\"]}]}<\/script>\n<!-- \/ Yoast SEO plugin. -->","yoast_head_json":{"title":"fordi 23. april er Verdens bokdag - Nordnesrepublikken","robots":{"index":"index","follow":"follow","max-snippet":"max-snippet:-1","max-image-preview":"max-image-preview:large","max-video-preview":"max-video-preview:-1"},"canonical":"https:\/\/nordnesrepublikken.no\/index.php\/2026\/04\/23\/fordi-23-april-er-verdens-bokdag\/","og_locale":"nb_NO","og_type":"article","og_title":"fordi 23. april er Verdens bokdag - Nordnesrepublikken","og_description":"De 23. april blir feiret Verdens bok- og opphavsrettsdagfeiret p\u00e5 denne datoen p\u00e5 grunnlag av","og_url":"https:\/\/nordnesrepublikken.no\/index.php\/2026\/04\/23\/fordi-23-april-er-verdens-bokdag\/","og_site_name":"Nordnesrepublikken","article_published_time":"2026-04-23T04:35:37+00:00","article_modified_time":"2026-04-23T04:35:39+00:00","og_image":[{"width":393,"height":301,"url":"https:\/\/nordnesrepublikken.no\/wp-content\/uploads\/2026\/04\/1776918939_fordi-23-april-er-Verdens-bokdag.jpg","type":"image\/jpeg"}],"author":"Ole Andersen","twitter_card":"summary_large_image","twitter_misc":{"Skrevet av":"Ole Andersen","Ansl. lesetid":"3 minutter"},"schema":{"@context":"https:\/\/schema.org","@graph":[{"@type":"Article","@id":"https:\/\/nordnesrepublikken.no\/index.php\/2026\/04\/23\/fordi-23-april-er-verdens-bokdag\/#article","isPartOf":{"@id":"https:\/\/nordnesrepublikken.no\/index.php\/2026\/04\/23\/fordi-23-april-er-verdens-bokdag\/"},"author":{"name":"Ole Andersen","@id":"https:\/\/nordnesrepublikken.no\/#\/schema\/person\/2e7e81935bab77882fffb79296240ff1"},"headline":"fordi 23. april er Verdens bokdag","datePublished":"2026-04-23T04:35:37+00:00","dateModified":"2026-04-23T04:35:39+00:00","mainEntityOfPage":{"@id":"https:\/\/nordnesrepublikken.no\/index.php\/2026\/04\/23\/fordi-23-april-er-verdens-bokdag\/"},"wordCount":525,"publisher":{"@id":"https:\/\/nordnesrepublikken.no\/#organization"},"image":{"@id":"https:\/\/nordnesrepublikken.no\/index.php\/2026\/04\/23\/fordi-23-april-er-verdens-bokdag\/#primaryimage"},"thumbnailUrl":"https:\/\/nordnesrepublikken.no\/wp-content\/uploads\/2026\/04\/1776918939_fordi-23-april-er-Verdens-bokdag.jpg","keywords":["april","bokdag","Fordi","Verdens"],"articleSection":["Samfunn"],"inLanguage":"nb-NO"},{"@type":"WebPage","@id":"https:\/\/nordnesrepublikken.no\/index.php\/2026\/04\/23\/fordi-23-april-er-verdens-bokdag\/","url":"https:\/\/nordnesrepublikken.no\/index.php\/2026\/04\/23\/fordi-23-april-er-verdens-bokdag\/","name":"fordi 23. april er Verdens bokdag - Nordnesrepublikken","isPartOf":{"@id":"https:\/\/nordnesrepublikken.no\/#website"},"primaryImageOfPage":{"@id":"https:\/\/nordnesrepublikken.no\/index.php\/2026\/04\/23\/fordi-23-april-er-verdens-bokdag\/#primaryimage"},"image":{"@id":"https:\/\/nordnesrepublikken.no\/index.php\/2026\/04\/23\/fordi-23-april-er-verdens-bokdag\/#primaryimage"},"thumbnailUrl":"https:\/\/nordnesrepublikken.no\/wp-content\/uploads\/2026\/04\/1776918939_fordi-23-april-er-Verdens-bokdag.jpg","datePublished":"2026-04-23T04:35:37+00:00","dateModified":"2026-04-23T04:35:39+00:00","breadcrumb":{"@id":"https:\/\/nordnesrepublikken.no\/index.php\/2026\/04\/23\/fordi-23-april-er-verdens-bokdag\/#breadcrumb"},"inLanguage":"nb-NO","potentialAction":[{"@type":"ReadAction","target":["https:\/\/nordnesrepublikken.no\/index.php\/2026\/04\/23\/fordi-23-april-er-verdens-bokdag\/"]}]},{"@type":"ImageObject","inLanguage":"nb-NO","@id":"https:\/\/nordnesrepublikken.no\/index.php\/2026\/04\/23\/fordi-23-april-er-verdens-bokdag\/#primaryimage","url":"https:\/\/nordnesrepublikken.no\/wp-content\/uploads\/2026\/04\/1776918939_fordi-23-april-er-Verdens-bokdag.jpg","contentUrl":"https:\/\/nordnesrepublikken.no\/wp-content\/uploads\/2026\/04\/1776918939_fordi-23-april-er-Verdens-bokdag.jpg","width":393,"height":301,"caption":"fordi 23. april er Verdens bokdag"},{"@type":"BreadcrumbList","@id":"https:\/\/nordnesrepublikken.no\/index.php\/2026\/04\/23\/fordi-23-april-er-verdens-bokdag\/#breadcrumb","itemListElement":[{"@type":"ListItem","position":1,"name":"Home","item":"https:\/\/nordnesrepublikken.no\/"},{"@type":"ListItem","position":2,"name":"fordi 23. april er Verdens bokdag"}]},{"@type":"WebSite","@id":"https:\/\/nordnesrepublikken.no\/#website","url":"https:\/\/nordnesrepublikken.no\/","name":"Nordnesrepublikken","description":"Stemmer og Visjoner fra Republikkens Hjerte","publisher":{"@id":"https:\/\/nordnesrepublikken.no\/#organization"},"potentialAction":[{"@type":"SearchAction","target":{"@type":"EntryPoint","urlTemplate":"https:\/\/nordnesrepublikken.no\/?s={search_term_string}"},"query-input":{"@type":"PropertyValueSpecification","valueRequired":true,"valueName":"search_term_string"}}],"inLanguage":"nb-NO"},{"@type":"Organization","@id":"https:\/\/nordnesrepublikken.no\/#organization","name":"Nordnesrepublikken","url":"https:\/\/nordnesrepublikken.no\/","logo":{"@type":"ImageObject","inLanguage":"nb-NO","@id":"https:\/\/nordnesrepublikken.no\/#\/schema\/logo\/image\/","url":"https:\/\/nordnesrepublikken.no\/wp-content\/uploads\/2025\/02\/cropped-nordnesrepublikken-2.png","contentUrl":"https:\/\/nordnesrepublikken.no\/wp-content\/uploads\/2025\/02\/cropped-nordnesrepublikken-2.png","width":1248,"height":362,"caption":"Nordnesrepublikken"},"image":{"@id":"https:\/\/nordnesrepublikken.no\/#\/schema\/logo\/image\/"}},{"@type":"Person","@id":"https:\/\/nordnesrepublikken.no\/#\/schema\/person\/2e7e81935bab77882fffb79296240ff1","name":"Ole Andersen","image":{"@type":"ImageObject","inLanguage":"nb-NO","@id":"https:\/\/nordnesrepublikken.no\/#\/schema\/person\/image\/","url":"https:\/\/nordnesrepublikken.no\/wp-content\/uploads\/2025\/02\/nordnesrepublikken-2-2-150x150.jpg","contentUrl":"https:\/\/nordnesrepublikken.no\/wp-content\/uploads\/2025\/02\/nordnesrepublikken-2-2-150x150.jpg","caption":"Ole Andersen"},"description":"Ettersom jeg vokste opp i Oslo, har jeg alltid v\u00e6rt fascinert av ordenes kraft og deres evne til \u00e5 skape endringer. Etter \u00e5 ha fullf\u00f8rt min utdannelse i kommunikasjon ved Universitetet i Bergen, fikk jeg muligheten til \u00e5 jobbe innen ulike medier, der jeg har s\u00f8kt \u00e5 belyse viktige samfunnssp\u00f8rsm\u00e5l. I dag, som redakt\u00f8r for Nordnesrepublikken, pr\u00f8ver jeg \u00e5 forene min kj\u00e6rlighet for journalistikk med min lidenskap for innovasjon og eventyr.","sameAs":["https:\/\/nordnesrepublikken.no\/"]}]}},"_links":{"self":[{"href":"https:\/\/nordnesrepublikken.no\/index.php\/wp-json\/wp\/v2\/posts\/17328","targetHints":{"allow":["GET"]}}],"collection":[{"href":"https:\/\/nordnesrepublikken.no\/index.php\/wp-json\/wp\/v2\/posts"}],"about":[{"href":"https:\/\/nordnesrepublikken.no\/index.php\/wp-json\/wp\/v2\/types\/post"}],"author":[{"embeddable":true,"href":"https:\/\/nordnesrepublikken.no\/index.php\/wp-json\/wp\/v2\/users\/1"}],"replies":[{"embeddable":true,"href":"https:\/\/nordnesrepublikken.no\/index.php\/wp-json\/wp\/v2\/comments?post=17328"}],"version-history":[{"count":1,"href":"https:\/\/nordnesrepublikken.no\/index.php\/wp-json\/wp\/v2\/posts\/17328\/revisions"}],"predecessor-version":[{"id":17330,"href":"https:\/\/nordnesrepublikken.no\/index.php\/wp-json\/wp\/v2\/posts\/17328\/revisions\/17330"}],"wp:featuredmedia":[{"embeddable":true,"href":"https:\/\/nordnesrepublikken.no\/index.php\/wp-json\/wp\/v2\/media\/17329"}],"wp:attachment":[{"href":"https:\/\/nordnesrepublikken.no\/index.php\/wp-json\/wp\/v2\/media?parent=17328"}],"wp:term":[{"taxonomy":"category","embeddable":true,"href":"https:\/\/nordnesrepublikken.no\/index.php\/wp-json\/wp\/v2\/categories?post=17328"},{"taxonomy":"post_tag","embeddable":true,"href":"https:\/\/nordnesrepublikken.no\/index.php\/wp-json\/wp\/v2\/tags?post=17328"}],"curies":[{"name":"wp","href":"https:\/\/api.w.org\/{rel}","templated":true}]}}