{"id":17325,"date":"2026-04-22T22:25:51","date_gmt":"2026-04-22T20:25:51","guid":{"rendered":"https:\/\/nordnesrepublikken.no\/index.php\/2026\/04\/22\/spania-slutter-seg-til-andre-eu-land-som-justerer-nye-biometriske-grensekontroller\/"},"modified":"2026-04-22T22:25:54","modified_gmt":"2026-04-22T20:25:54","slug":"spania-slutter-seg-til-andre-eu-land-som-justerer-nye-biometriske-grensekontroller","status":"publish","type":"post","link":"https:\/\/nordnesrepublikken.no\/index.php\/2026\/04\/22\/spania-slutter-seg-til-andre-eu-land-som-justerer-nye-biometriske-grensekontroller\/","title":{"rendered":"Spania slutter seg til andre EU-land som justerer nye biometriske grensekontroller"},"content":{"rendered":"<p><\/p>\n<div class=\"wordpress-content\">\n                    <!-- Article Start --><\/p>\n<p class=\"p2\">Spania har blitt navngitt sammen med andre EU-land i rapporter om at myndighetene letter eller justerer nye biometriske grensekontroller etter at britiske reisende m\u00f8tte lange k\u00f8er, forsinkelser og tapte fly i de tidlige stadiene av EUs inn-\/utreisesystem (EES) utrulling.<\/p>\n<p class=\"p2\">EES ble operativt over hele Schengen-omr\u00e5det i begynnelsen av denne m\u00e5neden og erstattet manuell passstempling for reisende utenfor EU med et digitalt innreisesystem som bruker passdata, fingeravtrykk og ansiktsbilder. Britiske passinnehavere som reiser til Spania og andre europeiske destinasjoner er blant de ber\u00f8rte.<\/p>\n<h2 class=\"p3\"><b>Spania i fokus for sommerreiser<\/b><\/h2>\n<p class=\"p2\">Spania er en av de mest popul\u00e6re utenlandsdestinasjonene for britiske turister, noe som gj\u00f8r eventuelle forstyrrelser ved grensekontrollen spesielt betydelig foran sommerferien. Flyplasser inkludert Madrid, Barcelona, \u200b\u200bM\u00e1laga, Alicante og Palma de Mallorca mottar et stort antall britiske passasjerer hvert \u00e5r. Lengre behandlingstid ved passkontrollen kan p\u00e5virke ankomster, videre transport og bredere flyplassdrift i h\u00f8ye perioder.<\/p>\n<div class=\"sra_unit\"><link rel=\"stylesheet\" id=\"block-sra\" href=\"https:\/\/euroweeklynews.com\/wp-content\/plugins\/snack-related-articles\/dist\/css\/snack-related.min.css?250312-193541\" type=\"text\/css\" media=\"all\">\n<\/div>\n<p class=\"p2\">Rapporter har antydet at Spania er blant landene som bruker tilgjengelige fleksibilitetstiltak eller midlertidige justeringer for \u00e5 redusere forsinkelser knyttet til det nye systemet. Mens EES fortsatt er det offisielle grenserammeverket, kan implementeringen variere avhengig av operativt press p\u00e5 individuelle flyplasser.<\/p>\n<h2 class=\"p3\"><b>Andre land er navngitt i rapporter<\/b><\/h2>\n<p class=\"p2\"><strong>Sveits, Tyskland, Frankrike, Italia og Portugal<\/strong> har ogs\u00e5 blitt sitert i reisebransjens dekning som land som reagerer p\u00e5 forsinkelser for\u00e5rsaket av de nye kontrollene. I noen tilfeller har dette dreid seg om lokale justeringer, k\u00f8h\u00e5ndteringstiltak eller midlertidige driftsendringer fremfor en full suspensjon av selve det biometriske systemet.<\/p>\n<p class=\"p2\"><strong>Hellas har f\u00e5tt spesiell oppmerksomhet<\/strong> etter rapporter om at britiske reisende ble midlertidig unntatt fra biometrisk registrering ved visse inngangspunkter, i stedet for \u00e5 motta tradisjonelle passstempler.<\/p>\n<h2 class=\"p3\"><b>Hvorfor forsinkelser betyr noe for passasjerene<\/b><\/h2>\n<p class=\"p2\">For reisende er hovedbekymringen den praktiske effekten p\u00e5 reiser i stedet for selve teknologien.<\/p>\n<p class=\"p2\"><strong>F\u00f8rstegangsregistrering under systemet kan ta lengre tid<\/strong> enn et standard passstempel, spesielt n\u00e5r flere fly ankommer samtidig. Familier, store grupper og passasjerer som ikke er kjent med prosessen kan kreve mer tid, noe som \u00f8ker k\u00f8ene.<\/p>\n<p class=\"p2\">Der forsinkelser bygger seg opp, risikerer reisende \u00e5 g\u00e5 glipp av videre transport, flyplassforbindelser eller forh\u00e5ndsbestilte transporter. I noen tilfeller har rapporter knyttet overbelastning til tapte avganger. Flyselskaper og flyplassoperat\u00f8rer har r\u00e5det passasjerer til \u00e5 gi ekstra tid til grenseformaliteter i travle reiseperioder.<\/p>\n<h2 class=\"p3\"><b>Hva britiske turister p\u00e5 vei til Spania b\u00f8r forvente<\/b><\/h2>\n<p class=\"p2\">Passasjerer som reiser til Spania b\u00f8r fortsatt forvente passsjekker under EES-rammeverket med mindre lokale prosedyrer justeres midlertidig for \u00e5 h\u00e5ndtere overbelastning.<\/p>\n<p class=\"p2\">Reisende r\u00e5des til \u00e5 s\u00f8rge for at pass er gyldige, f\u00f8lge flyplassinstruksjonene og tillate ekstra tid ved ankomst, spesielt i helger, skoleferier og sommerh\u00f8ytider.<\/p>\n<p class=\"p2\">De som allerede har fullf\u00f8rt biometrisk registrering kan finne fremtidige reiser raskere enn et f\u00f8rste m\u00f8te med systemet, selv om ventetidene fortsatt kan avhenge av bemanning og passasjertall.<\/p>\n<h2 class=\"p3\"><b>Bredere europeisk bilde<\/b><\/h2>\n<p class=\"p2\">Inkluderingen av land som Spania, Frankrike, Italia, Tyskland og Portugal i nyere rapporter fremhever utfordringen med \u00e5 innf\u00f8re et nytt grensesystem p\u00e5 tvers av flere h\u00f8ytrafikkdestinasjoner samtidig.<\/p>\n<p class=\"p2\">Mens hvert land administrerer sine egne grenseoperasjoner, arbeider alle deltakerstater innenfor samme bredere EU-ramme. Det betyr at lokale svar p\u00e5 forsinkelser kan variere selv om selve systemet er delt.<\/p>\n<h2 class=\"p3\"><b>Utsikter for sommeren<\/b><\/h2>\n<p class=\"p2\">N\u00e5r h\u00f8ysesongen n\u00e6rmer seg, er det sannsynligvis fortsatt oppmerksomhet om hvordan Spania og andre popul\u00e6re destinasjoner h\u00e5ndterer passasjerstr\u00f8mmer under de nye reglene.<\/p>\n<p class=\"p2\">For britiske turister er n\u00f8kkelsp\u00f8rsm\u00e5let sannsynligvis om sjekkene legger betydelig tid til reisen. For myndigheter vil utfordringen v\u00e6re \u00e5 balansere sikkerhetskrav med effektiv grensebehandling i en av \u00e5rets travleste reiseperioder.<\/p>\n<p>                    <!-- Originally published at https:\/\/euroweeklynews.com\/2026\/04\/22\/spain-joins-other-eu-countries-adjusting-new-biometric-border-checks\/ on 22 Apr 2026 at 21:32 by Molly Grace --><br \/>\n                    <!-- Article End -->\n                <\/div>\n","protected":false},"excerpt":{"rendered":"<p>Spania har blitt navngitt sammen med andre EU-land i rapporter om at myndighetene letter eller<\/p>\n","protected":false},"author":1,"featured_media":17326,"comment_status":"closed","ping_status":"open","sticky":false,"template":"","format":"standard","meta":{"footnotes":""},"categories":[105],"tags":[222,4731,8044,4663,11188,260,96,4000,31,529,117],"class_list":["post-17325","post","type-post","status-publish","format-standard","has-post-thumbnail","hentry","category-livsstil","tag-andre","tag-biometriske","tag-euland","tag-grensekontroller","tag-justerer","tag-nye","tag-seg","tag-slutter","tag-som","tag-spania","tag-til","generate-columns","tablet-grid-50","mobile-grid-100","grid-parent","grid-33","resize-featured-image"],"yoast_head":"<!-- This site is optimized with the Yoast SEO plugin v24.4 - https:\/\/yoast.com\/wordpress\/plugins\/seo\/ -->\n<title>Spania slutter seg til andre EU-land som justerer nye biometriske grensekontroller - Nordnesrepublikken<\/title>\n<meta name=\"robots\" content=\"index, follow, max-snippet:-1, max-image-preview:large, max-video-preview:-1\" \/>\n<link rel=\"canonical\" href=\"https:\/\/nordnesrepublikken.no\/index.php\/2026\/04\/22\/spania-slutter-seg-til-andre-eu-land-som-justerer-nye-biometriske-grensekontroller\/\" \/>\n<meta property=\"og:locale\" content=\"nb_NO\" \/>\n<meta property=\"og:type\" content=\"article\" \/>\n<meta property=\"og:title\" content=\"Spania slutter seg til andre EU-land som justerer nye biometriske grensekontroller - Nordnesrepublikken\" \/>\n<meta property=\"og:description\" content=\"Spania har blitt navngitt sammen med andre EU-land i rapporter om at myndighetene letter eller\" \/>\n<meta property=\"og:url\" content=\"https:\/\/nordnesrepublikken.no\/index.php\/2026\/04\/22\/spania-slutter-seg-til-andre-eu-land-som-justerer-nye-biometriske-grensekontroller\/\" \/>\n<meta property=\"og:site_name\" content=\"Nordnesrepublikken\" \/>\n<meta property=\"article:published_time\" content=\"2026-04-22T20:25:51+00:00\" \/>\n<meta property=\"article:modified_time\" content=\"2026-04-22T20:25:54+00:00\" \/>\n<meta property=\"og:image\" content=\"https:\/\/nordnesrepublikken.no\/wp-content\/uploads\/2026\/04\/1776889552_Spania-slutter-seg-til-andre-EU-land-som-justerer-nye-biometriske.png\" \/>\n\t<meta property=\"og:image:width\" content=\"1440\" \/>\n\t<meta property=\"og:image:height\" content=\"758\" \/>\n\t<meta property=\"og:image:type\" content=\"image\/png\" \/>\n<meta name=\"author\" content=\"Ole Andersen\" \/>\n<meta name=\"twitter:card\" content=\"summary_large_image\" \/>\n<meta name=\"twitter:label1\" content=\"Skrevet av\" \/>\n\t<meta name=\"twitter:data1\" content=\"Ole Andersen\" \/>\n\t<meta name=\"twitter:label2\" content=\"Ansl. lesetid\" \/>\n\t<meta name=\"twitter:data2\" content=\"3 minutter\" \/>\n<script type=\"application\/ld+json\" class=\"yoast-schema-graph\">{\"@context\":\"https:\/\/schema.org\",\"@graph\":[{\"@type\":\"Article\",\"@id\":\"https:\/\/nordnesrepublikken.no\/index.php\/2026\/04\/22\/spania-slutter-seg-til-andre-eu-land-som-justerer-nye-biometriske-grensekontroller\/#article\",\"isPartOf\":{\"@id\":\"https:\/\/nordnesrepublikken.no\/index.php\/2026\/04\/22\/spania-slutter-seg-til-andre-eu-land-som-justerer-nye-biometriske-grensekontroller\/\"},\"author\":{\"name\":\"Ole Andersen\",\"@id\":\"https:\/\/nordnesrepublikken.no\/#\/schema\/person\/2e7e81935bab77882fffb79296240ff1\"},\"headline\":\"Spania slutter seg til andre EU-land som justerer nye biometriske grensekontroller\",\"datePublished\":\"2026-04-22T20:25:51+00:00\",\"dateModified\":\"2026-04-22T20:25:54+00:00\",\"mainEntityOfPage\":{\"@id\":\"https:\/\/nordnesrepublikken.no\/index.php\/2026\/04\/22\/spania-slutter-seg-til-andre-eu-land-som-justerer-nye-biometriske-grensekontroller\/\"},\"wordCount\":604,\"publisher\":{\"@id\":\"https:\/\/nordnesrepublikken.no\/#organization\"},\"image\":{\"@id\":\"https:\/\/nordnesrepublikken.no\/index.php\/2026\/04\/22\/spania-slutter-seg-til-andre-eu-land-som-justerer-nye-biometriske-grensekontroller\/#primaryimage\"},\"thumbnailUrl\":\"https:\/\/nordnesrepublikken.no\/wp-content\/uploads\/2026\/04\/1776889552_Spania-slutter-seg-til-andre-EU-land-som-justerer-nye-biometriske.png\",\"keywords\":[\"andre\",\"biometriske\",\"EUland\",\"grensekontroller\",\"justerer\",\"nye\",\"seg\",\"slutter\",\"som\",\"Spania\",\"til\"],\"articleSection\":[\"Livsstil\"],\"inLanguage\":\"nb-NO\"},{\"@type\":\"WebPage\",\"@id\":\"https:\/\/nordnesrepublikken.no\/index.php\/2026\/04\/22\/spania-slutter-seg-til-andre-eu-land-som-justerer-nye-biometriske-grensekontroller\/\",\"url\":\"https:\/\/nordnesrepublikken.no\/index.php\/2026\/04\/22\/spania-slutter-seg-til-andre-eu-land-som-justerer-nye-biometriske-grensekontroller\/\",\"name\":\"Spania slutter seg til andre EU-land som justerer nye biometriske grensekontroller - Nordnesrepublikken\",\"isPartOf\":{\"@id\":\"https:\/\/nordnesrepublikken.no\/#website\"},\"primaryImageOfPage\":{\"@id\":\"https:\/\/nordnesrepublikken.no\/index.php\/2026\/04\/22\/spania-slutter-seg-til-andre-eu-land-som-justerer-nye-biometriske-grensekontroller\/#primaryimage\"},\"image\":{\"@id\":\"https:\/\/nordnesrepublikken.no\/index.php\/2026\/04\/22\/spania-slutter-seg-til-andre-eu-land-som-justerer-nye-biometriske-grensekontroller\/#primaryimage\"},\"thumbnailUrl\":\"https:\/\/nordnesrepublikken.no\/wp-content\/uploads\/2026\/04\/1776889552_Spania-slutter-seg-til-andre-EU-land-som-justerer-nye-biometriske.png\",\"datePublished\":\"2026-04-22T20:25:51+00:00\",\"dateModified\":\"2026-04-22T20:25:54+00:00\",\"breadcrumb\":{\"@id\":\"https:\/\/nordnesrepublikken.no\/index.php\/2026\/04\/22\/spania-slutter-seg-til-andre-eu-land-som-justerer-nye-biometriske-grensekontroller\/#breadcrumb\"},\"inLanguage\":\"nb-NO\",\"potentialAction\":[{\"@type\":\"ReadAction\",\"target\":[\"https:\/\/nordnesrepublikken.no\/index.php\/2026\/04\/22\/spania-slutter-seg-til-andre-eu-land-som-justerer-nye-biometriske-grensekontroller\/\"]}]},{\"@type\":\"ImageObject\",\"inLanguage\":\"nb-NO\",\"@id\":\"https:\/\/nordnesrepublikken.no\/index.php\/2026\/04\/22\/spania-slutter-seg-til-andre-eu-land-som-justerer-nye-biometriske-grensekontroller\/#primaryimage\",\"url\":\"https:\/\/nordnesrepublikken.no\/wp-content\/uploads\/2026\/04\/1776889552_Spania-slutter-seg-til-andre-EU-land-som-justerer-nye-biometriske.png\",\"contentUrl\":\"https:\/\/nordnesrepublikken.no\/wp-content\/uploads\/2026\/04\/1776889552_Spania-slutter-seg-til-andre-EU-land-som-justerer-nye-biometriske.png\",\"width\":1440,\"height\":758,\"caption\":\"Spania slutter seg til andre EU-land som justerer nye biometriske grensekontroller\"},{\"@type\":\"BreadcrumbList\",\"@id\":\"https:\/\/nordnesrepublikken.no\/index.php\/2026\/04\/22\/spania-slutter-seg-til-andre-eu-land-som-justerer-nye-biometriske-grensekontroller\/#breadcrumb\",\"itemListElement\":[{\"@type\":\"ListItem\",\"position\":1,\"name\":\"Home\",\"item\":\"https:\/\/nordnesrepublikken.no\/\"},{\"@type\":\"ListItem\",\"position\":2,\"name\":\"Spania slutter seg til andre EU-land som justerer nye biometriske grensekontroller\"}]},{\"@type\":\"WebSite\",\"@id\":\"https:\/\/nordnesrepublikken.no\/#website\",\"url\":\"https:\/\/nordnesrepublikken.no\/\",\"name\":\"Nordnesrepublikken\",\"description\":\"Stemmer og Visjoner fra Republikkens Hjerte\",\"publisher\":{\"@id\":\"https:\/\/nordnesrepublikken.no\/#organization\"},\"potentialAction\":[{\"@type\":\"SearchAction\",\"target\":{\"@type\":\"EntryPoint\",\"urlTemplate\":\"https:\/\/nordnesrepublikken.no\/?s={search_term_string}\"},\"query-input\":{\"@type\":\"PropertyValueSpecification\",\"valueRequired\":true,\"valueName\":\"search_term_string\"}}],\"inLanguage\":\"nb-NO\"},{\"@type\":\"Organization\",\"@id\":\"https:\/\/nordnesrepublikken.no\/#organization\",\"name\":\"Nordnesrepublikken\",\"url\":\"https:\/\/nordnesrepublikken.no\/\",\"logo\":{\"@type\":\"ImageObject\",\"inLanguage\":\"nb-NO\",\"@id\":\"https:\/\/nordnesrepublikken.no\/#\/schema\/logo\/image\/\",\"url\":\"https:\/\/nordnesrepublikken.no\/wp-content\/uploads\/2025\/02\/cropped-nordnesrepublikken-2.png\",\"contentUrl\":\"https:\/\/nordnesrepublikken.no\/wp-content\/uploads\/2025\/02\/cropped-nordnesrepublikken-2.png\",\"width\":1248,\"height\":362,\"caption\":\"Nordnesrepublikken\"},\"image\":{\"@id\":\"https:\/\/nordnesrepublikken.no\/#\/schema\/logo\/image\/\"}},{\"@type\":\"Person\",\"@id\":\"https:\/\/nordnesrepublikken.no\/#\/schema\/person\/2e7e81935bab77882fffb79296240ff1\",\"name\":\"Ole Andersen\",\"image\":{\"@type\":\"ImageObject\",\"inLanguage\":\"nb-NO\",\"@id\":\"https:\/\/nordnesrepublikken.no\/#\/schema\/person\/image\/\",\"url\":\"https:\/\/nordnesrepublikken.no\/wp-content\/uploads\/2025\/02\/nordnesrepublikken-2-2-150x150.jpg\",\"contentUrl\":\"https:\/\/nordnesrepublikken.no\/wp-content\/uploads\/2025\/02\/nordnesrepublikken-2-2-150x150.jpg\",\"caption\":\"Ole Andersen\"},\"description\":\"Ettersom jeg vokste opp i Oslo, har jeg alltid v\u00e6rt fascinert av ordenes kraft og deres evne til \u00e5 skape endringer. Etter \u00e5 ha fullf\u00f8rt min utdannelse i kommunikasjon ved Universitetet i Bergen, fikk jeg muligheten til \u00e5 jobbe innen ulike medier, der jeg har s\u00f8kt \u00e5 belyse viktige samfunnssp\u00f8rsm\u00e5l. I dag, som redakt\u00f8r for Nordnesrepublikken, pr\u00f8ver jeg \u00e5 forene min kj\u00e6rlighet for journalistikk med min lidenskap for innovasjon og eventyr.\",\"sameAs\":[\"https:\/\/nordnesrepublikken.no\/\"]}]}<\/script>\n<!-- \/ Yoast SEO plugin. -->","yoast_head_json":{"title":"Spania slutter seg til andre EU-land som justerer nye biometriske grensekontroller - Nordnesrepublikken","robots":{"index":"index","follow":"follow","max-snippet":"max-snippet:-1","max-image-preview":"max-image-preview:large","max-video-preview":"max-video-preview:-1"},"canonical":"https:\/\/nordnesrepublikken.no\/index.php\/2026\/04\/22\/spania-slutter-seg-til-andre-eu-land-som-justerer-nye-biometriske-grensekontroller\/","og_locale":"nb_NO","og_type":"article","og_title":"Spania slutter seg til andre EU-land som justerer nye biometriske grensekontroller - Nordnesrepublikken","og_description":"Spania har blitt navngitt sammen med andre EU-land i rapporter om at myndighetene letter eller","og_url":"https:\/\/nordnesrepublikken.no\/index.php\/2026\/04\/22\/spania-slutter-seg-til-andre-eu-land-som-justerer-nye-biometriske-grensekontroller\/","og_site_name":"Nordnesrepublikken","article_published_time":"2026-04-22T20:25:51+00:00","article_modified_time":"2026-04-22T20:25:54+00:00","og_image":[{"width":1440,"height":758,"url":"https:\/\/nordnesrepublikken.no\/wp-content\/uploads\/2026\/04\/1776889552_Spania-slutter-seg-til-andre-EU-land-som-justerer-nye-biometriske.png","type":"image\/png"}],"author":"Ole Andersen","twitter_card":"summary_large_image","twitter_misc":{"Skrevet av":"Ole Andersen","Ansl. lesetid":"3 minutter"},"schema":{"@context":"https:\/\/schema.org","@graph":[{"@type":"Article","@id":"https:\/\/nordnesrepublikken.no\/index.php\/2026\/04\/22\/spania-slutter-seg-til-andre-eu-land-som-justerer-nye-biometriske-grensekontroller\/#article","isPartOf":{"@id":"https:\/\/nordnesrepublikken.no\/index.php\/2026\/04\/22\/spania-slutter-seg-til-andre-eu-land-som-justerer-nye-biometriske-grensekontroller\/"},"author":{"name":"Ole Andersen","@id":"https:\/\/nordnesrepublikken.no\/#\/schema\/person\/2e7e81935bab77882fffb79296240ff1"},"headline":"Spania slutter seg til andre EU-land som justerer nye biometriske grensekontroller","datePublished":"2026-04-22T20:25:51+00:00","dateModified":"2026-04-22T20:25:54+00:00","mainEntityOfPage":{"@id":"https:\/\/nordnesrepublikken.no\/index.php\/2026\/04\/22\/spania-slutter-seg-til-andre-eu-land-som-justerer-nye-biometriske-grensekontroller\/"},"wordCount":604,"publisher":{"@id":"https:\/\/nordnesrepublikken.no\/#organization"},"image":{"@id":"https:\/\/nordnesrepublikken.no\/index.php\/2026\/04\/22\/spania-slutter-seg-til-andre-eu-land-som-justerer-nye-biometriske-grensekontroller\/#primaryimage"},"thumbnailUrl":"https:\/\/nordnesrepublikken.no\/wp-content\/uploads\/2026\/04\/1776889552_Spania-slutter-seg-til-andre-EU-land-som-justerer-nye-biometriske.png","keywords":["andre","biometriske","EUland","grensekontroller","justerer","nye","seg","slutter","som","Spania","til"],"articleSection":["Livsstil"],"inLanguage":"nb-NO"},{"@type":"WebPage","@id":"https:\/\/nordnesrepublikken.no\/index.php\/2026\/04\/22\/spania-slutter-seg-til-andre-eu-land-som-justerer-nye-biometriske-grensekontroller\/","url":"https:\/\/nordnesrepublikken.no\/index.php\/2026\/04\/22\/spania-slutter-seg-til-andre-eu-land-som-justerer-nye-biometriske-grensekontroller\/","name":"Spania slutter seg til andre EU-land som justerer nye biometriske grensekontroller - Nordnesrepublikken","isPartOf":{"@id":"https:\/\/nordnesrepublikken.no\/#website"},"primaryImageOfPage":{"@id":"https:\/\/nordnesrepublikken.no\/index.php\/2026\/04\/22\/spania-slutter-seg-til-andre-eu-land-som-justerer-nye-biometriske-grensekontroller\/#primaryimage"},"image":{"@id":"https:\/\/nordnesrepublikken.no\/index.php\/2026\/04\/22\/spania-slutter-seg-til-andre-eu-land-som-justerer-nye-biometriske-grensekontroller\/#primaryimage"},"thumbnailUrl":"https:\/\/nordnesrepublikken.no\/wp-content\/uploads\/2026\/04\/1776889552_Spania-slutter-seg-til-andre-EU-land-som-justerer-nye-biometriske.png","datePublished":"2026-04-22T20:25:51+00:00","dateModified":"2026-04-22T20:25:54+00:00","breadcrumb":{"@id":"https:\/\/nordnesrepublikken.no\/index.php\/2026\/04\/22\/spania-slutter-seg-til-andre-eu-land-som-justerer-nye-biometriske-grensekontroller\/#breadcrumb"},"inLanguage":"nb-NO","potentialAction":[{"@type":"ReadAction","target":["https:\/\/nordnesrepublikken.no\/index.php\/2026\/04\/22\/spania-slutter-seg-til-andre-eu-land-som-justerer-nye-biometriske-grensekontroller\/"]}]},{"@type":"ImageObject","inLanguage":"nb-NO","@id":"https:\/\/nordnesrepublikken.no\/index.php\/2026\/04\/22\/spania-slutter-seg-til-andre-eu-land-som-justerer-nye-biometriske-grensekontroller\/#primaryimage","url":"https:\/\/nordnesrepublikken.no\/wp-content\/uploads\/2026\/04\/1776889552_Spania-slutter-seg-til-andre-EU-land-som-justerer-nye-biometriske.png","contentUrl":"https:\/\/nordnesrepublikken.no\/wp-content\/uploads\/2026\/04\/1776889552_Spania-slutter-seg-til-andre-EU-land-som-justerer-nye-biometriske.png","width":1440,"height":758,"caption":"Spania slutter seg til andre EU-land som justerer nye biometriske grensekontroller"},{"@type":"BreadcrumbList","@id":"https:\/\/nordnesrepublikken.no\/index.php\/2026\/04\/22\/spania-slutter-seg-til-andre-eu-land-som-justerer-nye-biometriske-grensekontroller\/#breadcrumb","itemListElement":[{"@type":"ListItem","position":1,"name":"Home","item":"https:\/\/nordnesrepublikken.no\/"},{"@type":"ListItem","position":2,"name":"Spania slutter seg til andre EU-land som justerer nye biometriske grensekontroller"}]},{"@type":"WebSite","@id":"https:\/\/nordnesrepublikken.no\/#website","url":"https:\/\/nordnesrepublikken.no\/","name":"Nordnesrepublikken","description":"Stemmer og Visjoner fra Republikkens Hjerte","publisher":{"@id":"https:\/\/nordnesrepublikken.no\/#organization"},"potentialAction":[{"@type":"SearchAction","target":{"@type":"EntryPoint","urlTemplate":"https:\/\/nordnesrepublikken.no\/?s={search_term_string}"},"query-input":{"@type":"PropertyValueSpecification","valueRequired":true,"valueName":"search_term_string"}}],"inLanguage":"nb-NO"},{"@type":"Organization","@id":"https:\/\/nordnesrepublikken.no\/#organization","name":"Nordnesrepublikken","url":"https:\/\/nordnesrepublikken.no\/","logo":{"@type":"ImageObject","inLanguage":"nb-NO","@id":"https:\/\/nordnesrepublikken.no\/#\/schema\/logo\/image\/","url":"https:\/\/nordnesrepublikken.no\/wp-content\/uploads\/2025\/02\/cropped-nordnesrepublikken-2.png","contentUrl":"https:\/\/nordnesrepublikken.no\/wp-content\/uploads\/2025\/02\/cropped-nordnesrepublikken-2.png","width":1248,"height":362,"caption":"Nordnesrepublikken"},"image":{"@id":"https:\/\/nordnesrepublikken.no\/#\/schema\/logo\/image\/"}},{"@type":"Person","@id":"https:\/\/nordnesrepublikken.no\/#\/schema\/person\/2e7e81935bab77882fffb79296240ff1","name":"Ole Andersen","image":{"@type":"ImageObject","inLanguage":"nb-NO","@id":"https:\/\/nordnesrepublikken.no\/#\/schema\/person\/image\/","url":"https:\/\/nordnesrepublikken.no\/wp-content\/uploads\/2025\/02\/nordnesrepublikken-2-2-150x150.jpg","contentUrl":"https:\/\/nordnesrepublikken.no\/wp-content\/uploads\/2025\/02\/nordnesrepublikken-2-2-150x150.jpg","caption":"Ole Andersen"},"description":"Ettersom jeg vokste opp i Oslo, har jeg alltid v\u00e6rt fascinert av ordenes kraft og deres evne til \u00e5 skape endringer. Etter \u00e5 ha fullf\u00f8rt min utdannelse i kommunikasjon ved Universitetet i Bergen, fikk jeg muligheten til \u00e5 jobbe innen ulike medier, der jeg har s\u00f8kt \u00e5 belyse viktige samfunnssp\u00f8rsm\u00e5l. I dag, som redakt\u00f8r for Nordnesrepublikken, pr\u00f8ver jeg \u00e5 forene min kj\u00e6rlighet for journalistikk med min lidenskap for innovasjon og eventyr.","sameAs":["https:\/\/nordnesrepublikken.no\/"]}]}},"_links":{"self":[{"href":"https:\/\/nordnesrepublikken.no\/index.php\/wp-json\/wp\/v2\/posts\/17325","targetHints":{"allow":["GET"]}}],"collection":[{"href":"https:\/\/nordnesrepublikken.no\/index.php\/wp-json\/wp\/v2\/posts"}],"about":[{"href":"https:\/\/nordnesrepublikken.no\/index.php\/wp-json\/wp\/v2\/types\/post"}],"author":[{"embeddable":true,"href":"https:\/\/nordnesrepublikken.no\/index.php\/wp-json\/wp\/v2\/users\/1"}],"replies":[{"embeddable":true,"href":"https:\/\/nordnesrepublikken.no\/index.php\/wp-json\/wp\/v2\/comments?post=17325"}],"version-history":[{"count":1,"href":"https:\/\/nordnesrepublikken.no\/index.php\/wp-json\/wp\/v2\/posts\/17325\/revisions"}],"predecessor-version":[{"id":17327,"href":"https:\/\/nordnesrepublikken.no\/index.php\/wp-json\/wp\/v2\/posts\/17325\/revisions\/17327"}],"wp:featuredmedia":[{"embeddable":true,"href":"https:\/\/nordnesrepublikken.no\/index.php\/wp-json\/wp\/v2\/media\/17326"}],"wp:attachment":[{"href":"https:\/\/nordnesrepublikken.no\/index.php\/wp-json\/wp\/v2\/media?parent=17325"}],"wp:term":[{"taxonomy":"category","embeddable":true,"href":"https:\/\/nordnesrepublikken.no\/index.php\/wp-json\/wp\/v2\/categories?post=17325"},{"taxonomy":"post_tag","embeddable":true,"href":"https:\/\/nordnesrepublikken.no\/index.php\/wp-json\/wp\/v2\/tags?post=17325"}],"curies":[{"name":"wp","href":"https:\/\/api.w.org\/{rel}","templated":true}]}}