{"id":17301,"date":"2026-04-22T15:20:11","date_gmt":"2026-04-22T13:20:11","guid":{"rendered":"https:\/\/nordnesrepublikken.no\/index.php\/2026\/04\/22\/hvordan-tilgangsgebyret-fungerer-og-hvem-som-er-fritatt\/"},"modified":"2026-04-22T15:20:14","modified_gmt":"2026-04-22T13:20:14","slug":"hvordan-tilgangsgebyret-fungerer-og-hvem-som-er-fritatt","status":"publish","type":"post","link":"https:\/\/nordnesrepublikken.no\/index.php\/2026\/04\/22\/hvordan-tilgangsgebyret-fungerer-og-hvem-som-er-fritatt\/","title":{"rendered":"hvordan tilgangsgebyret fungerer og hvem som er fritatt"},"content":{"rendered":"<div>\n<div class=\"cp_wrapper cp_wrapper--fw mb-30 mb-20@tablet\">\n<figure class=\"mm\"><picture class=\"img\" style=\"padding-top:56.25%\"><source  media=\"(min-width: 1024px)\"><source  media=\"(min-width: 768px)\"><\/source><\/source><\/picture><\/figure>\n<\/p><\/div>\n<p>Ogs\u00e5 i \u00e5r <strong>som vil bes\u00f8ke <\/strong><strong>Venezia<\/strong> p\u00e5 dagen, uten overnatting, i helger og helligdager m\u00e5 du betale <strong>en inngangsbillett, mellom 5 og 10 euro.<\/strong> Billetten er ikke en absolutt nyhet, gitt at dette er tredje \u00e5ret p\u00e5 rad at kommunen aktiverer det s\u00e5kalte tilgangsbidraget, lansert i 2024 for \u00e5 bekjempe over turisme og aktivt i \u00e5r frem til 26. juli, men som hvert \u00e5r gjenopptas diskusjonen: er det et tiltak som virkelig tjener til \u00e5 bekjempe over turisme?<\/p>\n<p>For 2026 er tilgang regulert p\u00e5 bestemte dager med h\u00f8yt oppm\u00f8te, mellom april og juli, og krever at daglige bes\u00f8kende gir et bidrag med en kostnad som varierer avhengig av forh\u00e5ndsbestilling, <strong>betales p\u00e5 den offisielle nettsiden cds.ve.it.<\/strong><\/p>\n<h2><b>N\u00e5r ble den betalte &laquo;billetten&raquo; til Venezia f\u00f8dt?<\/b><\/h2>\n<p>Forskriften som etablerer tilgangsbidraget, opprettet for \u00e5 bekjempe turisme i en av de mest bes\u00f8kte byene i Europa, ble godkjent av Venezias bystyre allerede i 2019, men pandemien bremset s\u00f8knaden og s\u00e5<strong> det f\u00f8rste eksperimentet startet i 2024.<\/strong> Det var f\u00f8rste gang i verden at det ble p\u00e5krevd betaling for \u00e5 bes\u00f8ke et bysentrum (fra 8.30 til 16.00, p\u00e5 29 dager i \u00e5ret, helger og helligdager) fra daglige bes\u00f8kende som ikke oppholder seg i kommunen, ikke er innbyggere i Veneto og uten venner eller slektninger i byen. <strong>I 2024 var 485 000 betalende personer registrert og cirka 2 400 000 euro i inntekter<\/strong> (mye mer enn forventet, og med et minimalt tap sammenlignet med investeringen i strukturer, personell og informasjonskampanjer).<\/p>\n<p>I 2025 ble systemet utvidet, med en utvidelse av de aktive dagene: fredager ble ogs\u00e5 inkludert i s\u00f8knadsm\u00e5nedene, og n\u00e5dde 54 dager, og prisene ble oppdatert, fortsatt gjeldende i dag (5 euro for de som bestiller innen den fjerde til siste dagen f\u00f8r bes\u00f8ket, 10 euro for de som gj\u00f8r det de tre foreg\u00e5ende dagene). <strong>I 2025 utstedte systemet over 720 000 kuponger fra 18. april til 27. juli<\/strong> av daglig betalte bes\u00f8kende, for en samlet inntekt p\u00e5 omtrent 5 400 000 euro. For \u00f8yeblikket er det enn\u00e5 ikke etablert et tilgangstak, som derfor vil regulere antall personer som har tilgang til tilgang: ogs\u00e5 av denne grunn har ikke str\u00f8mmene (som \u00f8kte i 2024 sammenlignet med \u00e5ret f\u00f8r) hatt betydelige fall.<\/p>\n<h2><b>Slik fungerer den betalte billetten fra april til juli 2026<\/b><\/h2>\n<p>I 2026 ble det en ytterligere utvidelse av dagene, \u00f8kt til 60 fra og med 3. april. <strong>Billetten fortsetter \u00e5 v\u00e6re aktiv fra 8.30 til 16.30,<\/strong> med obligatorisk bestilling gjennom nettsiden cda.ve.it, etterfulgt av mottak av QR-kode som skal vises ved kontroller \u2013 og fra i \u00e5r skjer disse p\u00e5 en mer utbredt og uforsonlig m\u00e5te. Kostnaden er:<\/p>\n<ul>\n<li><b>\u20ac5,00:<\/b> Ved \u00e5 bestille p\u00e5 forh\u00e5nd (innen 4 dager f\u00f8r);<\/li>\n<li><b>\u20ac 10,00:<\/b> Ved bestilling de siste 3 dagene f\u00f8r bes\u00f8ket.<\/li>\n<\/ul>\n<p><strong>Den komplette kalenderen<\/strong> antall dager for 2026 er som f\u00f8lger:<\/p>\n<ul>\n<li><b>April:<\/b> 3\u20136; 10\u201312; 17\u201319; 24\u201330<\/li>\n<li><b>Mai:<\/b> 1\u20133; 8\u201310; 15\u201317; 22\u201324; 29\u201331<\/li>\n<li><b>Juni:<\/b> 1\u20137; 12\u201314; 19\u201321; 26\u201328<\/li>\n<li><b>Juli:<\/b> 3\u20135; 10\u201312; 17\u201319; 24\u201326<\/li>\n<\/ul>\n<p>Alle som bes\u00f8ker byen utenfor disse datoene trenger ikke \u00e5 gj\u00f8re noe. Videre <strong>for 2026 kreves det ikke bidrag for tilgang til de mindre \u00f8yene<\/strong>: Murano, Burano, Torcello, Lido di Venezia, Pellestrina, Sant&#8217;Erasmo, Mazzorbetto, S. Andrea, S. Servolo, Poveglia, Mazzorbo, Vignole, La Certosa, S. Clemente, Sacca Sessola. Videre er bidraget ikke n\u00f8dvendig for de som utelukkende har tilgang til omr\u00e5dene Ponte della Libert\u00e0, Stazione Marittima og Isola Nova del Tronchetto, P.le Roma, Ferrovia di Santa Lucia og omr\u00e5det direkte knyttet til P.le Roma og Stazione di San Basilio, uten \u00e5 f\u00e5 tilgang til den antikke byen.<\/p>\n<p><strong>Innbyggere eller de som er f\u00f8dt i Venezia eller Veneto kommune er ogs\u00e5 fritatt for enhver betaling<\/strong>barn under 14 \u00e5r \u2013 bare vis et identitetsdokument som beviser det. De er ogs\u00e5 unntatt <strong>arbeiderne<\/strong> (ogs\u00e5 pendlere), <strong>elevene<\/strong> som g\u00e5r p\u00e5 institusjoner med base i oldtidsbyen eller p\u00e5 \u00f8yene og mennesker med funksjonshemninger. De vil ikke m\u00e5tte betale, men likevel registrere seg og reservere tilgangen og fullf\u00f8re erstatningserkl\u00e6ringen, <strong>turister som overnatter<\/strong> i Kommunens overnattingstilbud (som derfor allerede betaler turistavgiften), personer som deltar i idrettskonkurranser, p\u00e5r\u00f8rende og venner av innbyggere m.fl.<\/p>\n<h2><b>Ikke bare Venezia: andre eksempler i Italia<\/b><\/h2>\n<p><strong>Venezia var den f\u00f8rste byen i verden som innf\u00f8rte en daglig inngangsskatt til det historiske sentrum,<\/strong> men det er ikke lenger den eneste som vedtar tiltak rettet mot \u00e5 bekjempe over turisme, inkludert inngangspenger, skatter og maksimale turistgrenser.<\/p>\n<p><strong>Siden februar 2026 har en billett p\u00e5 2 euro v\u00e6rt i kraft i Roma<\/strong> for turister og ikke-innbyggere (hvor innbyggere i Roma og Metropolitan City, personer med funksjonshemminger og barn opptil 5 \u00e5r er ekskludert) for \u00e5 f\u00e5 tilgang til <strong>bassenget til Trevifontenen,<\/strong> p\u00e5 mandager og fredager fra 11.30 til 22.00, de andre dagene fra 9.00 til 22.00. Nettstedet registrerer et gjennomsnitt p\u00e5 30 000 tilganger per dag, med topper p\u00e5 70 000, for totalt over 9 millioner bes\u00f8kende per \u00e5r. Billetter kan kj\u00f8pes ved inngangen, online p\u00e5 nettsiden fontanaditrevi.roma.it, i billettkontorene til museumssystemet, i turistinfopunktene og p\u00e5 tilknyttede salgssteder. <strong>Tilgang til torget og visning av fontenen langveisfra er imidlertid gratis<\/strong> og sammen med denne &laquo;stengingen&raquo; av fonteneomr\u00e5det ble det gjort gratis tilgang for innbyggerne til noen museer som var betalt av alle, som Capitoline-museene, Museene for de keiserlige fora, Ara Pacis-museet og andre. Fra 2023 ble ogs\u00e5 tilgang til Pantheon, som tidligere var gratis, betalt, ved bestilling og kj\u00f8p av en billett p\u00e5 5 euro (med en redusert pris p\u00e5 2 euro).<\/p>\n<p>TIL <strong>Civita di Bagnoregio<\/strong>i provinsen Viterbo, p\u00e5 dagene med maksimalt oppm\u00f8te (l\u00f8rdag, s\u00f8ndag, helligdager) kreves kj\u00f8p av en billett p\u00e5 5 euro: hvert \u00e5r tar &laquo;den d\u00f8ende byen&raquo;, med sine dusin innbyggere, over 700 tusen mennesker fra hele verden velkommen. <strong>Den arkeologiske parken i Pompeii,<\/strong> i provinsen Napoli, som tok imot 4 millioner turister i 2024, har av beskyttelses- og sikkerhetsgrunner innf\u00f8rt fra november 2024, <strong>et daglig tak p\u00e5 20 tusen bes\u00f8kende<\/strong>med kj\u00f8p av en nominell billett til kapasitet og tidsluker er oppbrukt. Blant strendene, det av <strong>Den h\u00e5rete<\/strong>p\u00e5 Sardinia, for eksempel, har begrenset daglig tilgang til 1500 personer, gjennom reservasjon og betaling &#8211; dette skjer ogs\u00e5 p\u00e5 andre strender i regionen, men ogs\u00e5 i Toscana, Liguria, Campania, Marche, Puglia, Sicilia.<\/p>\n<p>I Liguria, i <strong>Cinque Terre<\/strong>siden 2001, for \u00e5 f\u00e5 tilgang til noen av de mest popul\u00e6re stiene (Sentiero Verde Azzurro, dvs. kyststrekningen som forbinder landsbyene, og Via dell&#8217;Amore) <strong>Trekkingkort fra Cinque Terre-parken<\/strong>betalt, personlig og ikke-overf\u00f8rbar &#8211; med en kostnad p\u00e5 10 euro per dag for voksne, som stiger til 15 p\u00e5 travle dager, som helger og i h\u00f8ysesong &#8211; som imidlertid ogs\u00e5 tillater guidede turer, bruk av busser, gratis bruk av toaletter og andre fordeler. I \u00e5r er den aktiv fra 14. mars til 2. november 2026.<\/p>\n<\/p><\/div>\n","protected":false},"excerpt":{"rendered":"<p>Ogs\u00e5 i \u00e5r som vil bes\u00f8ke Venezia p\u00e5 dagen, uten overnatting, i helger og helligdager<\/p>\n","protected":false},"author":1,"featured_media":17302,"comment_status":"closed","ping_status":"open","sticky":false,"template":"","format":"standard","meta":{"footnotes":""},"categories":[104],"tags":[11170,581,99,112,31,11169],"class_list":["post-17301","post","type-post","status-publish","format-standard","has-post-thumbnail","hentry","category-samfunn","tag-fritatt","tag-fungerer","tag-hvem","tag-hvordan","tag-som","tag-tilgangsgebyret","generate-columns","tablet-grid-50","mobile-grid-100","grid-parent","grid-33","resize-featured-image"],"yoast_head":"<!-- This site is optimized with the Yoast SEO plugin v24.4 - https:\/\/yoast.com\/wordpress\/plugins\/seo\/ -->\n<title>hvordan tilgangsgebyret fungerer og hvem som er fritatt - Nordnesrepublikken<\/title>\n<meta name=\"robots\" content=\"index, follow, max-snippet:-1, max-image-preview:large, max-video-preview:-1\" \/>\n<link rel=\"canonical\" href=\"https:\/\/nordnesrepublikken.no\/index.php\/2026\/04\/22\/hvordan-tilgangsgebyret-fungerer-og-hvem-som-er-fritatt\/\" \/>\n<meta property=\"og:locale\" content=\"nb_NO\" \/>\n<meta property=\"og:type\" content=\"article\" \/>\n<meta property=\"og:title\" content=\"hvordan tilgangsgebyret fungerer og hvem som er fritatt - Nordnesrepublikken\" \/>\n<meta property=\"og:description\" content=\"Ogs\u00e5 i \u00e5r som vil bes\u00f8ke Venezia p\u00e5 dagen, uten overnatting, i helger og helligdager\" \/>\n<meta property=\"og:url\" content=\"https:\/\/nordnesrepublikken.no\/index.php\/2026\/04\/22\/hvordan-tilgangsgebyret-fungerer-og-hvem-som-er-fritatt\/\" \/>\n<meta property=\"og:site_name\" content=\"Nordnesrepublikken\" \/>\n<meta property=\"article:published_time\" content=\"2026-04-22T13:20:11+00:00\" \/>\n<meta property=\"article:modified_time\" content=\"2026-04-22T13:20:14+00:00\" \/>\n<meta property=\"og:image\" content=\"https:\/\/nordnesrepublikken.no\/wp-content\/uploads\/2026\/04\/1776864014_hvordan-tilgangsgebyret-fungerer-og-hvem-som-er-fritatt.jpg\" \/>\n\t<meta property=\"og:image:width\" content=\"1376\" \/>\n\t<meta property=\"og:image:height\" content=\"768\" \/>\n\t<meta property=\"og:image:type\" content=\"image\/jpeg\" \/>\n<meta name=\"author\" content=\"Ole Andersen\" \/>\n<meta name=\"twitter:card\" content=\"summary_large_image\" \/>\n<meta name=\"twitter:label1\" content=\"Skrevet av\" \/>\n\t<meta name=\"twitter:data1\" content=\"Ole Andersen\" \/>\n\t<meta name=\"twitter:label2\" content=\"Ansl. lesetid\" \/>\n\t<meta name=\"twitter:data2\" content=\"5 minutter\" \/>\n<script type=\"application\/ld+json\" class=\"yoast-schema-graph\">{\"@context\":\"https:\/\/schema.org\",\"@graph\":[{\"@type\":\"Article\",\"@id\":\"https:\/\/nordnesrepublikken.no\/index.php\/2026\/04\/22\/hvordan-tilgangsgebyret-fungerer-og-hvem-som-er-fritatt\/#article\",\"isPartOf\":{\"@id\":\"https:\/\/nordnesrepublikken.no\/index.php\/2026\/04\/22\/hvordan-tilgangsgebyret-fungerer-og-hvem-som-er-fritatt\/\"},\"author\":{\"name\":\"Ole Andersen\",\"@id\":\"https:\/\/nordnesrepublikken.no\/#\/schema\/person\/2e7e81935bab77882fffb79296240ff1\"},\"headline\":\"hvordan tilgangsgebyret fungerer og hvem som er fritatt\",\"datePublished\":\"2026-04-22T13:20:11+00:00\",\"dateModified\":\"2026-04-22T13:20:14+00:00\",\"mainEntityOfPage\":{\"@id\":\"https:\/\/nordnesrepublikken.no\/index.php\/2026\/04\/22\/hvordan-tilgangsgebyret-fungerer-og-hvem-som-er-fritatt\/\"},\"wordCount\":1075,\"publisher\":{\"@id\":\"https:\/\/nordnesrepublikken.no\/#organization\"},\"image\":{\"@id\":\"https:\/\/nordnesrepublikken.no\/index.php\/2026\/04\/22\/hvordan-tilgangsgebyret-fungerer-og-hvem-som-er-fritatt\/#primaryimage\"},\"thumbnailUrl\":\"https:\/\/nordnesrepublikken.no\/wp-content\/uploads\/2026\/04\/1776864014_hvordan-tilgangsgebyret-fungerer-og-hvem-som-er-fritatt.jpg\",\"keywords\":[\"fritatt\",\"fungerer\",\"Hvem\",\"Hvordan\",\"som\",\"tilgangsgebyret\"],\"articleSection\":[\"Samfunn\"],\"inLanguage\":\"nb-NO\"},{\"@type\":\"WebPage\",\"@id\":\"https:\/\/nordnesrepublikken.no\/index.php\/2026\/04\/22\/hvordan-tilgangsgebyret-fungerer-og-hvem-som-er-fritatt\/\",\"url\":\"https:\/\/nordnesrepublikken.no\/index.php\/2026\/04\/22\/hvordan-tilgangsgebyret-fungerer-og-hvem-som-er-fritatt\/\",\"name\":\"hvordan tilgangsgebyret fungerer og hvem som er fritatt - Nordnesrepublikken\",\"isPartOf\":{\"@id\":\"https:\/\/nordnesrepublikken.no\/#website\"},\"primaryImageOfPage\":{\"@id\":\"https:\/\/nordnesrepublikken.no\/index.php\/2026\/04\/22\/hvordan-tilgangsgebyret-fungerer-og-hvem-som-er-fritatt\/#primaryimage\"},\"image\":{\"@id\":\"https:\/\/nordnesrepublikken.no\/index.php\/2026\/04\/22\/hvordan-tilgangsgebyret-fungerer-og-hvem-som-er-fritatt\/#primaryimage\"},\"thumbnailUrl\":\"https:\/\/nordnesrepublikken.no\/wp-content\/uploads\/2026\/04\/1776864014_hvordan-tilgangsgebyret-fungerer-og-hvem-som-er-fritatt.jpg\",\"datePublished\":\"2026-04-22T13:20:11+00:00\",\"dateModified\":\"2026-04-22T13:20:14+00:00\",\"breadcrumb\":{\"@id\":\"https:\/\/nordnesrepublikken.no\/index.php\/2026\/04\/22\/hvordan-tilgangsgebyret-fungerer-og-hvem-som-er-fritatt\/#breadcrumb\"},\"inLanguage\":\"nb-NO\",\"potentialAction\":[{\"@type\":\"ReadAction\",\"target\":[\"https:\/\/nordnesrepublikken.no\/index.php\/2026\/04\/22\/hvordan-tilgangsgebyret-fungerer-og-hvem-som-er-fritatt\/\"]}]},{\"@type\":\"ImageObject\",\"inLanguage\":\"nb-NO\",\"@id\":\"https:\/\/nordnesrepublikken.no\/index.php\/2026\/04\/22\/hvordan-tilgangsgebyret-fungerer-og-hvem-som-er-fritatt\/#primaryimage\",\"url\":\"https:\/\/nordnesrepublikken.no\/wp-content\/uploads\/2026\/04\/1776864014_hvordan-tilgangsgebyret-fungerer-og-hvem-som-er-fritatt.jpg\",\"contentUrl\":\"https:\/\/nordnesrepublikken.no\/wp-content\/uploads\/2026\/04\/1776864014_hvordan-tilgangsgebyret-fungerer-og-hvem-som-er-fritatt.jpg\",\"width\":1376,\"height\":768,\"caption\":\"hvordan tilgangsgebyret fungerer og hvem som er fritatt\"},{\"@type\":\"BreadcrumbList\",\"@id\":\"https:\/\/nordnesrepublikken.no\/index.php\/2026\/04\/22\/hvordan-tilgangsgebyret-fungerer-og-hvem-som-er-fritatt\/#breadcrumb\",\"itemListElement\":[{\"@type\":\"ListItem\",\"position\":1,\"name\":\"Home\",\"item\":\"https:\/\/nordnesrepublikken.no\/\"},{\"@type\":\"ListItem\",\"position\":2,\"name\":\"hvordan tilgangsgebyret fungerer og hvem som er fritatt\"}]},{\"@type\":\"WebSite\",\"@id\":\"https:\/\/nordnesrepublikken.no\/#website\",\"url\":\"https:\/\/nordnesrepublikken.no\/\",\"name\":\"Nordnesrepublikken\",\"description\":\"Stemmer og Visjoner fra Republikkens Hjerte\",\"publisher\":{\"@id\":\"https:\/\/nordnesrepublikken.no\/#organization\"},\"potentialAction\":[{\"@type\":\"SearchAction\",\"target\":{\"@type\":\"EntryPoint\",\"urlTemplate\":\"https:\/\/nordnesrepublikken.no\/?s={search_term_string}\"},\"query-input\":{\"@type\":\"PropertyValueSpecification\",\"valueRequired\":true,\"valueName\":\"search_term_string\"}}],\"inLanguage\":\"nb-NO\"},{\"@type\":\"Organization\",\"@id\":\"https:\/\/nordnesrepublikken.no\/#organization\",\"name\":\"Nordnesrepublikken\",\"url\":\"https:\/\/nordnesrepublikken.no\/\",\"logo\":{\"@type\":\"ImageObject\",\"inLanguage\":\"nb-NO\",\"@id\":\"https:\/\/nordnesrepublikken.no\/#\/schema\/logo\/image\/\",\"url\":\"https:\/\/nordnesrepublikken.no\/wp-content\/uploads\/2025\/02\/cropped-nordnesrepublikken-2.png\",\"contentUrl\":\"https:\/\/nordnesrepublikken.no\/wp-content\/uploads\/2025\/02\/cropped-nordnesrepublikken-2.png\",\"width\":1248,\"height\":362,\"caption\":\"Nordnesrepublikken\"},\"image\":{\"@id\":\"https:\/\/nordnesrepublikken.no\/#\/schema\/logo\/image\/\"}},{\"@type\":\"Person\",\"@id\":\"https:\/\/nordnesrepublikken.no\/#\/schema\/person\/2e7e81935bab77882fffb79296240ff1\",\"name\":\"Ole Andersen\",\"image\":{\"@type\":\"ImageObject\",\"inLanguage\":\"nb-NO\",\"@id\":\"https:\/\/nordnesrepublikken.no\/#\/schema\/person\/image\/\",\"url\":\"https:\/\/nordnesrepublikken.no\/wp-content\/uploads\/2025\/02\/nordnesrepublikken-2-2-150x150.jpg\",\"contentUrl\":\"https:\/\/nordnesrepublikken.no\/wp-content\/uploads\/2025\/02\/nordnesrepublikken-2-2-150x150.jpg\",\"caption\":\"Ole Andersen\"},\"description\":\"Ettersom jeg vokste opp i Oslo, har jeg alltid v\u00e6rt fascinert av ordenes kraft og deres evne til \u00e5 skape endringer. Etter \u00e5 ha fullf\u00f8rt min utdannelse i kommunikasjon ved Universitetet i Bergen, fikk jeg muligheten til \u00e5 jobbe innen ulike medier, der jeg har s\u00f8kt \u00e5 belyse viktige samfunnssp\u00f8rsm\u00e5l. I dag, som redakt\u00f8r for Nordnesrepublikken, pr\u00f8ver jeg \u00e5 forene min kj\u00e6rlighet for journalistikk med min lidenskap for innovasjon og eventyr.\",\"sameAs\":[\"https:\/\/nordnesrepublikken.no\/\"]}]}<\/script>\n<!-- \/ Yoast SEO plugin. -->","yoast_head_json":{"title":"hvordan tilgangsgebyret fungerer og hvem som er fritatt - Nordnesrepublikken","robots":{"index":"index","follow":"follow","max-snippet":"max-snippet:-1","max-image-preview":"max-image-preview:large","max-video-preview":"max-video-preview:-1"},"canonical":"https:\/\/nordnesrepublikken.no\/index.php\/2026\/04\/22\/hvordan-tilgangsgebyret-fungerer-og-hvem-som-er-fritatt\/","og_locale":"nb_NO","og_type":"article","og_title":"hvordan tilgangsgebyret fungerer og hvem som er fritatt - Nordnesrepublikken","og_description":"Ogs\u00e5 i \u00e5r som vil bes\u00f8ke Venezia p\u00e5 dagen, uten overnatting, i helger og helligdager","og_url":"https:\/\/nordnesrepublikken.no\/index.php\/2026\/04\/22\/hvordan-tilgangsgebyret-fungerer-og-hvem-som-er-fritatt\/","og_site_name":"Nordnesrepublikken","article_published_time":"2026-04-22T13:20:11+00:00","article_modified_time":"2026-04-22T13:20:14+00:00","og_image":[{"width":1376,"height":768,"url":"https:\/\/nordnesrepublikken.no\/wp-content\/uploads\/2026\/04\/1776864014_hvordan-tilgangsgebyret-fungerer-og-hvem-som-er-fritatt.jpg","type":"image\/jpeg"}],"author":"Ole Andersen","twitter_card":"summary_large_image","twitter_misc":{"Skrevet av":"Ole Andersen","Ansl. lesetid":"5 minutter"},"schema":{"@context":"https:\/\/schema.org","@graph":[{"@type":"Article","@id":"https:\/\/nordnesrepublikken.no\/index.php\/2026\/04\/22\/hvordan-tilgangsgebyret-fungerer-og-hvem-som-er-fritatt\/#article","isPartOf":{"@id":"https:\/\/nordnesrepublikken.no\/index.php\/2026\/04\/22\/hvordan-tilgangsgebyret-fungerer-og-hvem-som-er-fritatt\/"},"author":{"name":"Ole Andersen","@id":"https:\/\/nordnesrepublikken.no\/#\/schema\/person\/2e7e81935bab77882fffb79296240ff1"},"headline":"hvordan tilgangsgebyret fungerer og hvem som er fritatt","datePublished":"2026-04-22T13:20:11+00:00","dateModified":"2026-04-22T13:20:14+00:00","mainEntityOfPage":{"@id":"https:\/\/nordnesrepublikken.no\/index.php\/2026\/04\/22\/hvordan-tilgangsgebyret-fungerer-og-hvem-som-er-fritatt\/"},"wordCount":1075,"publisher":{"@id":"https:\/\/nordnesrepublikken.no\/#organization"},"image":{"@id":"https:\/\/nordnesrepublikken.no\/index.php\/2026\/04\/22\/hvordan-tilgangsgebyret-fungerer-og-hvem-som-er-fritatt\/#primaryimage"},"thumbnailUrl":"https:\/\/nordnesrepublikken.no\/wp-content\/uploads\/2026\/04\/1776864014_hvordan-tilgangsgebyret-fungerer-og-hvem-som-er-fritatt.jpg","keywords":["fritatt","fungerer","Hvem","Hvordan","som","tilgangsgebyret"],"articleSection":["Samfunn"],"inLanguage":"nb-NO"},{"@type":"WebPage","@id":"https:\/\/nordnesrepublikken.no\/index.php\/2026\/04\/22\/hvordan-tilgangsgebyret-fungerer-og-hvem-som-er-fritatt\/","url":"https:\/\/nordnesrepublikken.no\/index.php\/2026\/04\/22\/hvordan-tilgangsgebyret-fungerer-og-hvem-som-er-fritatt\/","name":"hvordan tilgangsgebyret fungerer og hvem som er fritatt - Nordnesrepublikken","isPartOf":{"@id":"https:\/\/nordnesrepublikken.no\/#website"},"primaryImageOfPage":{"@id":"https:\/\/nordnesrepublikken.no\/index.php\/2026\/04\/22\/hvordan-tilgangsgebyret-fungerer-og-hvem-som-er-fritatt\/#primaryimage"},"image":{"@id":"https:\/\/nordnesrepublikken.no\/index.php\/2026\/04\/22\/hvordan-tilgangsgebyret-fungerer-og-hvem-som-er-fritatt\/#primaryimage"},"thumbnailUrl":"https:\/\/nordnesrepublikken.no\/wp-content\/uploads\/2026\/04\/1776864014_hvordan-tilgangsgebyret-fungerer-og-hvem-som-er-fritatt.jpg","datePublished":"2026-04-22T13:20:11+00:00","dateModified":"2026-04-22T13:20:14+00:00","breadcrumb":{"@id":"https:\/\/nordnesrepublikken.no\/index.php\/2026\/04\/22\/hvordan-tilgangsgebyret-fungerer-og-hvem-som-er-fritatt\/#breadcrumb"},"inLanguage":"nb-NO","potentialAction":[{"@type":"ReadAction","target":["https:\/\/nordnesrepublikken.no\/index.php\/2026\/04\/22\/hvordan-tilgangsgebyret-fungerer-og-hvem-som-er-fritatt\/"]}]},{"@type":"ImageObject","inLanguage":"nb-NO","@id":"https:\/\/nordnesrepublikken.no\/index.php\/2026\/04\/22\/hvordan-tilgangsgebyret-fungerer-og-hvem-som-er-fritatt\/#primaryimage","url":"https:\/\/nordnesrepublikken.no\/wp-content\/uploads\/2026\/04\/1776864014_hvordan-tilgangsgebyret-fungerer-og-hvem-som-er-fritatt.jpg","contentUrl":"https:\/\/nordnesrepublikken.no\/wp-content\/uploads\/2026\/04\/1776864014_hvordan-tilgangsgebyret-fungerer-og-hvem-som-er-fritatt.jpg","width":1376,"height":768,"caption":"hvordan tilgangsgebyret fungerer og hvem som er fritatt"},{"@type":"BreadcrumbList","@id":"https:\/\/nordnesrepublikken.no\/index.php\/2026\/04\/22\/hvordan-tilgangsgebyret-fungerer-og-hvem-som-er-fritatt\/#breadcrumb","itemListElement":[{"@type":"ListItem","position":1,"name":"Home","item":"https:\/\/nordnesrepublikken.no\/"},{"@type":"ListItem","position":2,"name":"hvordan tilgangsgebyret fungerer og hvem som er fritatt"}]},{"@type":"WebSite","@id":"https:\/\/nordnesrepublikken.no\/#website","url":"https:\/\/nordnesrepublikken.no\/","name":"Nordnesrepublikken","description":"Stemmer og Visjoner fra Republikkens Hjerte","publisher":{"@id":"https:\/\/nordnesrepublikken.no\/#organization"},"potentialAction":[{"@type":"SearchAction","target":{"@type":"EntryPoint","urlTemplate":"https:\/\/nordnesrepublikken.no\/?s={search_term_string}"},"query-input":{"@type":"PropertyValueSpecification","valueRequired":true,"valueName":"search_term_string"}}],"inLanguage":"nb-NO"},{"@type":"Organization","@id":"https:\/\/nordnesrepublikken.no\/#organization","name":"Nordnesrepublikken","url":"https:\/\/nordnesrepublikken.no\/","logo":{"@type":"ImageObject","inLanguage":"nb-NO","@id":"https:\/\/nordnesrepublikken.no\/#\/schema\/logo\/image\/","url":"https:\/\/nordnesrepublikken.no\/wp-content\/uploads\/2025\/02\/cropped-nordnesrepublikken-2.png","contentUrl":"https:\/\/nordnesrepublikken.no\/wp-content\/uploads\/2025\/02\/cropped-nordnesrepublikken-2.png","width":1248,"height":362,"caption":"Nordnesrepublikken"},"image":{"@id":"https:\/\/nordnesrepublikken.no\/#\/schema\/logo\/image\/"}},{"@type":"Person","@id":"https:\/\/nordnesrepublikken.no\/#\/schema\/person\/2e7e81935bab77882fffb79296240ff1","name":"Ole Andersen","image":{"@type":"ImageObject","inLanguage":"nb-NO","@id":"https:\/\/nordnesrepublikken.no\/#\/schema\/person\/image\/","url":"https:\/\/nordnesrepublikken.no\/wp-content\/uploads\/2025\/02\/nordnesrepublikken-2-2-150x150.jpg","contentUrl":"https:\/\/nordnesrepublikken.no\/wp-content\/uploads\/2025\/02\/nordnesrepublikken-2-2-150x150.jpg","caption":"Ole Andersen"},"description":"Ettersom jeg vokste opp i Oslo, har jeg alltid v\u00e6rt fascinert av ordenes kraft og deres evne til \u00e5 skape endringer. Etter \u00e5 ha fullf\u00f8rt min utdannelse i kommunikasjon ved Universitetet i Bergen, fikk jeg muligheten til \u00e5 jobbe innen ulike medier, der jeg har s\u00f8kt \u00e5 belyse viktige samfunnssp\u00f8rsm\u00e5l. I dag, som redakt\u00f8r for Nordnesrepublikken, pr\u00f8ver jeg \u00e5 forene min kj\u00e6rlighet for journalistikk med min lidenskap for innovasjon og eventyr.","sameAs":["https:\/\/nordnesrepublikken.no\/"]}]}},"_links":{"self":[{"href":"https:\/\/nordnesrepublikken.no\/index.php\/wp-json\/wp\/v2\/posts\/17301","targetHints":{"allow":["GET"]}}],"collection":[{"href":"https:\/\/nordnesrepublikken.no\/index.php\/wp-json\/wp\/v2\/posts"}],"about":[{"href":"https:\/\/nordnesrepublikken.no\/index.php\/wp-json\/wp\/v2\/types\/post"}],"author":[{"embeddable":true,"href":"https:\/\/nordnesrepublikken.no\/index.php\/wp-json\/wp\/v2\/users\/1"}],"replies":[{"embeddable":true,"href":"https:\/\/nordnesrepublikken.no\/index.php\/wp-json\/wp\/v2\/comments?post=17301"}],"version-history":[{"count":1,"href":"https:\/\/nordnesrepublikken.no\/index.php\/wp-json\/wp\/v2\/posts\/17301\/revisions"}],"predecessor-version":[{"id":17303,"href":"https:\/\/nordnesrepublikken.no\/index.php\/wp-json\/wp\/v2\/posts\/17301\/revisions\/17303"}],"wp:featuredmedia":[{"embeddable":true,"href":"https:\/\/nordnesrepublikken.no\/index.php\/wp-json\/wp\/v2\/media\/17302"}],"wp:attachment":[{"href":"https:\/\/nordnesrepublikken.no\/index.php\/wp-json\/wp\/v2\/media?parent=17301"}],"wp:term":[{"taxonomy":"category","embeddable":true,"href":"https:\/\/nordnesrepublikken.no\/index.php\/wp-json\/wp\/v2\/categories?post=17301"},{"taxonomy":"post_tag","embeddable":true,"href":"https:\/\/nordnesrepublikken.no\/index.php\/wp-json\/wp\/v2\/tags?post=17301"}],"curies":[{"name":"wp","href":"https:\/\/api.w.org\/{rel}","templated":true}]}}