{"id":17292,"date":"2026-04-22T11:16:53","date_gmt":"2026-04-22T09:16:53","guid":{"rendered":"https:\/\/nordnesrepublikken.no\/index.php\/2026\/04\/22\/hva-som-endres-med-de-nye-eu-reglene\/"},"modified":"2026-04-22T11:16:57","modified_gmt":"2026-04-22T09:16:57","slug":"hva-som-endres-med-de-nye-eu-reglene","status":"publish","type":"post","link":"https:\/\/nordnesrepublikken.no\/index.php\/2026\/04\/22\/hva-som-endres-med-de-nye-eu-reglene\/","title":{"rendered":"hva som endres med de nye EU-reglene"},"content":{"rendered":"<div>\n<div class=\"cp_wrapper cp_wrapper--fw mb-30 mb-20@tablet\">\n<figure class=\"mm\"><picture class=\"img\" style=\"padding-top:56.25%\"><source  media=\"(min-width: 1024px)\"><source  media=\"(min-width: 768px)\"><\/source><\/source><\/picture><\/figure>\n<\/p><\/div>\n<p>Fra <strong>18. februar 2027<\/strong> Artikkel 11 i en europeisk forskrift vil tre i kraft som vil forplikte produsenter av elektroniske enheter til \u00e5 returnere <strong>integrerte b\u00e6rbare batterier som kan byttes direkte av sluttbrukeren<\/strong>uten \u00e5 m\u00e5tte ty til teknisk assistanse. Kravet vil imidlertid ikke v\u00e6re universelt: smarttelefoner og nettbrett vil f\u00f8lge ulike regler, allerede fastsatt av en egen forskrift, mens et bredt spekter av andre enheter vil bli fullt ut ber\u00f8rt av nyheten.<\/p>\n<p>For \u00e5 forst\u00e5 hva som virkelig vil endre seg, er det n\u00f8dvendig \u00e5 vurdere samspillet mellom to distinkte forskrifter, klargj\u00f8re betydningen av &laquo;utskiftbart batteri&raquo; og identifisere hvilke produktkategorier som faktisk m\u00e5 redesignes. I motsetning til hva som tidligere har v\u00e6rt antatt, vil vi ikke se en enkel retur av enheter med avtagbare d\u00f8rer. Situasjonen er mye mer kompleks.<\/p>\n<h2>Hva sier EU-regelverket om batterier<\/h2>\n<p>Det er to referansestandarder. Den f\u00f8rste er forordning (EU) 2023\/1670 (ogs\u00e5 kjent som <strong>\u00d8kodesign<\/strong>), som utelukkende gjelder for <strong>smarttelefoner og nettbrett fra 7&#8243; til 17,4&#8243;<\/strong> (samt ikke-smarte og tr\u00e5dl\u00f8se mobiltelefoner) og introduserer en hel rekke forpliktelser om holdbarhet, programvareoppdateringer, tilgjengelighet av reservedeler og tilgang til reparasjonsverkt\u00f8y. Det er den samme forskriften som siden <strong>20. juni 2025<\/strong>introduserte det obligatoriske energimerket p\u00e5 smarttelefoner.<\/p>\n<p>Den andre forskriften er<strong>artikkel 11<\/strong> av den s\u00e5kalte <strong>Forskrift om batterier<\/strong>eller forordning (EU) 2023\/1542, som trer i kraft pr <strong>18. februar 2027<\/strong> og som utvider prinsippet om utskiftbarhet til de fleste forbrukerelektronikk. Til <strong>smarttelefoner og nettbrett<\/strong>Imidlertid <strong>\u00d8kodesign vil r\u00e5de<\/strong>: Produsenter vil ikke v\u00e6re p\u00e5lagt \u00e5 gj\u00f8re batteriet umiddelbart tilgjengelig via en d\u00f8r, men vil fortsatt m\u00e5tte designe det for <strong>relativt enkel utskifting<\/strong>unntatt permanente l\u00f8sninger som lim som er vanskelig \u00e5 fjerne.<\/p>\n<p>Til <strong>alle andre enheter<\/strong> vil gjelde i stedet <strong>Forskrift om batterier<\/strong>. Dette omfanget inkluderer b\u00e6rbare datamaskiner, tr\u00e5dl\u00f8se hodetelefoner, ekte tr\u00e5dl\u00f8se \u00f8retelefoner, smartklokker, treningssporere, b\u00e6rbare konsoller, Bluetooth-h\u00f8yttalere, e-lesere og smarte briller. I disse tilfellene <strong>batteriet m\u00e5 kunne fjernes med vanlige verkt\u00f8y<\/strong> (som en vanlig skrutrekker) uten behov for spesialutstyr eller profesjonelt utstyr. Denne detaljen er grunnleggende, fordi den definerer det reelle tilgjengelighetsniv\u00e5et p\u00e5 brukersiden.<\/p>\n<h2>De tekniske utfordringene<\/h2>\n<p>Fra et ingeni\u00f8rmessig synspunkt er overgangen slett ikke triviell og har noen <strong>tekniske utfordringer<\/strong>. Litium-ion-batterier krever presis beskyttelse mot st\u00f8t, overoppheting og vanninfiltrasjon. Integrering av et flyttbart system betyr \u00e5 gi ekstra plass, med mulige konsekvenser for tykkelsen p\u00e5 enheten.<\/p>\n<p>Den mest merkbare p\u00e5virkningen vil trolig v\u00e6re i <strong>b\u00e6rbare datamaskiner<\/strong>. De siste \u00e5rene har mange modeller tatt i bruk <strong>batterier limt eller integrert p\u00e5 en utilgjengelig m\u00e5te<\/strong>. Dette er et valg som optimerer plass, lar deg ha ultratynne enheter, men gj\u00f8r reparasjoner vanskelig. Med den nye loven, <strong>disse l\u00f8sningene m\u00e5 tenkes fullstendig om<\/strong>. Og med tanke p\u00e5 at maskinvareutviklingssykluser varer mellom 12 og 18 m\u00e5neder i gjennomsnitt, b\u00f8r produkter som for \u00f8yeblikket er i designfasen allerede ta hensyn til disse kravene.<\/p>\n<p>Situasjonen er enda mer kompleks for ultrakompakte enheter, for eksempel <strong>ekte tr\u00e5dl\u00f8se \u00f8retelefoner<\/strong> eller ham <strong>smarte briller<\/strong>: \u00e5 integrere et utskiftbart batteri i noen f\u00e5 gram vekt representerer en betydelig ingeni\u00f8rutfordring. Ikke overraskende, noen selskaper \u2013 inkludert <strong>Halv<\/strong>produsent av VR-seere og smarte briller \u2013 pr\u00f8ver \u00e5 falle innenfor unntakene som er gitt for produkter utsatt for vann eller underlagt spesielle bruksbetingelser.<\/p>\n<\/p><\/div>\n","protected":false},"excerpt":{"rendered":"<p>Fra 18. februar 2027 Artikkel 11 i en europeisk forskrift vil tre i kraft som<\/p>\n","protected":false},"author":1,"featured_media":17293,"comment_status":"closed","ping_status":"open","sticky":false,"template":"","format":"standard","meta":{"footnotes":""},"categories":[25],"tags":[4451,11161,144,79,260,31],"class_list":["post-17292","post","type-post","status-publish","format-standard","has-post-thumbnail","hentry","category-teknologi","tag-endres","tag-eureglene","tag-hva","tag-med","tag-nye","tag-som","generate-columns","tablet-grid-50","mobile-grid-100","grid-parent","grid-33","resize-featured-image"],"yoast_head":"<!-- This site is optimized with the Yoast SEO plugin v24.4 - https:\/\/yoast.com\/wordpress\/plugins\/seo\/ -->\n<title>hva som endres med de nye EU-reglene - Nordnesrepublikken<\/title>\n<meta name=\"robots\" content=\"index, follow, max-snippet:-1, max-image-preview:large, max-video-preview:-1\" \/>\n<link rel=\"canonical\" href=\"https:\/\/nordnesrepublikken.no\/index.php\/2026\/04\/22\/hva-som-endres-med-de-nye-eu-reglene\/\" \/>\n<meta property=\"og:locale\" content=\"nb_NO\" \/>\n<meta property=\"og:type\" content=\"article\" \/>\n<meta property=\"og:title\" content=\"hva som endres med de nye EU-reglene - Nordnesrepublikken\" \/>\n<meta property=\"og:description\" content=\"Fra 18. februar 2027 Artikkel 11 i en europeisk forskrift vil tre i kraft som\" \/>\n<meta property=\"og:url\" content=\"https:\/\/nordnesrepublikken.no\/index.php\/2026\/04\/22\/hva-som-endres-med-de-nye-eu-reglene\/\" \/>\n<meta property=\"og:site_name\" content=\"Nordnesrepublikken\" \/>\n<meta property=\"article:published_time\" content=\"2026-04-22T09:16:53+00:00\" \/>\n<meta property=\"article:modified_time\" content=\"2026-04-22T09:16:57+00:00\" \/>\n<meta property=\"og:image\" content=\"https:\/\/nordnesrepublikken.no\/wp-content\/uploads\/2026\/04\/1776849415_hva-som-endres-med-de-nye-EU-reglene.jpg\" \/>\n\t<meta property=\"og:image:width\" content=\"2120\" \/>\n\t<meta property=\"og:image:height\" content=\"1414\" \/>\n\t<meta property=\"og:image:type\" content=\"image\/jpeg\" \/>\n<meta name=\"author\" content=\"Ole Andersen\" \/>\n<meta name=\"twitter:card\" content=\"summary_large_image\" \/>\n<meta name=\"twitter:label1\" content=\"Skrevet av\" \/>\n\t<meta name=\"twitter:data1\" content=\"Ole Andersen\" \/>\n\t<meta name=\"twitter:label2\" content=\"Ansl. lesetid\" \/>\n\t<meta name=\"twitter:data2\" content=\"3 minutter\" \/>\n<script type=\"application\/ld+json\" class=\"yoast-schema-graph\">{\"@context\":\"https:\/\/schema.org\",\"@graph\":[{\"@type\":\"Article\",\"@id\":\"https:\/\/nordnesrepublikken.no\/index.php\/2026\/04\/22\/hva-som-endres-med-de-nye-eu-reglene\/#article\",\"isPartOf\":{\"@id\":\"https:\/\/nordnesrepublikken.no\/index.php\/2026\/04\/22\/hva-som-endres-med-de-nye-eu-reglene\/\"},\"author\":{\"name\":\"Ole Andersen\",\"@id\":\"https:\/\/nordnesrepublikken.no\/#\/schema\/person\/2e7e81935bab77882fffb79296240ff1\"},\"headline\":\"hva som endres med de nye EU-reglene\",\"datePublished\":\"2026-04-22T09:16:53+00:00\",\"dateModified\":\"2026-04-22T09:16:57+00:00\",\"mainEntityOfPage\":{\"@id\":\"https:\/\/nordnesrepublikken.no\/index.php\/2026\/04\/22\/hva-som-endres-med-de-nye-eu-reglene\/\"},\"wordCount\":542,\"publisher\":{\"@id\":\"https:\/\/nordnesrepublikken.no\/#organization\"},\"image\":{\"@id\":\"https:\/\/nordnesrepublikken.no\/index.php\/2026\/04\/22\/hva-som-endres-med-de-nye-eu-reglene\/#primaryimage\"},\"thumbnailUrl\":\"https:\/\/nordnesrepublikken.no\/wp-content\/uploads\/2026\/04\/1776849415_hva-som-endres-med-de-nye-EU-reglene.jpg\",\"keywords\":[\"endres\",\"EUreglene\",\"Hva\",\"med\",\"nye\",\"som\"],\"articleSection\":[\"Teknologi\"],\"inLanguage\":\"nb-NO\"},{\"@type\":\"WebPage\",\"@id\":\"https:\/\/nordnesrepublikken.no\/index.php\/2026\/04\/22\/hva-som-endres-med-de-nye-eu-reglene\/\",\"url\":\"https:\/\/nordnesrepublikken.no\/index.php\/2026\/04\/22\/hva-som-endres-med-de-nye-eu-reglene\/\",\"name\":\"hva som endres med de nye EU-reglene - Nordnesrepublikken\",\"isPartOf\":{\"@id\":\"https:\/\/nordnesrepublikken.no\/#website\"},\"primaryImageOfPage\":{\"@id\":\"https:\/\/nordnesrepublikken.no\/index.php\/2026\/04\/22\/hva-som-endres-med-de-nye-eu-reglene\/#primaryimage\"},\"image\":{\"@id\":\"https:\/\/nordnesrepublikken.no\/index.php\/2026\/04\/22\/hva-som-endres-med-de-nye-eu-reglene\/#primaryimage\"},\"thumbnailUrl\":\"https:\/\/nordnesrepublikken.no\/wp-content\/uploads\/2026\/04\/1776849415_hva-som-endres-med-de-nye-EU-reglene.jpg\",\"datePublished\":\"2026-04-22T09:16:53+00:00\",\"dateModified\":\"2026-04-22T09:16:57+00:00\",\"breadcrumb\":{\"@id\":\"https:\/\/nordnesrepublikken.no\/index.php\/2026\/04\/22\/hva-som-endres-med-de-nye-eu-reglene\/#breadcrumb\"},\"inLanguage\":\"nb-NO\",\"potentialAction\":[{\"@type\":\"ReadAction\",\"target\":[\"https:\/\/nordnesrepublikken.no\/index.php\/2026\/04\/22\/hva-som-endres-med-de-nye-eu-reglene\/\"]}]},{\"@type\":\"ImageObject\",\"inLanguage\":\"nb-NO\",\"@id\":\"https:\/\/nordnesrepublikken.no\/index.php\/2026\/04\/22\/hva-som-endres-med-de-nye-eu-reglene\/#primaryimage\",\"url\":\"https:\/\/nordnesrepublikken.no\/wp-content\/uploads\/2026\/04\/1776849415_hva-som-endres-med-de-nye-EU-reglene.jpg\",\"contentUrl\":\"https:\/\/nordnesrepublikken.no\/wp-content\/uploads\/2026\/04\/1776849415_hva-som-endres-med-de-nye-EU-reglene.jpg\",\"width\":2120,\"height\":1414,\"caption\":\"hva som endres med de nye EU-reglene\"},{\"@type\":\"BreadcrumbList\",\"@id\":\"https:\/\/nordnesrepublikken.no\/index.php\/2026\/04\/22\/hva-som-endres-med-de-nye-eu-reglene\/#breadcrumb\",\"itemListElement\":[{\"@type\":\"ListItem\",\"position\":1,\"name\":\"Home\",\"item\":\"https:\/\/nordnesrepublikken.no\/\"},{\"@type\":\"ListItem\",\"position\":2,\"name\":\"hva som endres med de nye EU-reglene\"}]},{\"@type\":\"WebSite\",\"@id\":\"https:\/\/nordnesrepublikken.no\/#website\",\"url\":\"https:\/\/nordnesrepublikken.no\/\",\"name\":\"Nordnesrepublikken\",\"description\":\"Stemmer og Visjoner fra Republikkens Hjerte\",\"publisher\":{\"@id\":\"https:\/\/nordnesrepublikken.no\/#organization\"},\"potentialAction\":[{\"@type\":\"SearchAction\",\"target\":{\"@type\":\"EntryPoint\",\"urlTemplate\":\"https:\/\/nordnesrepublikken.no\/?s={search_term_string}\"},\"query-input\":{\"@type\":\"PropertyValueSpecification\",\"valueRequired\":true,\"valueName\":\"search_term_string\"}}],\"inLanguage\":\"nb-NO\"},{\"@type\":\"Organization\",\"@id\":\"https:\/\/nordnesrepublikken.no\/#organization\",\"name\":\"Nordnesrepublikken\",\"url\":\"https:\/\/nordnesrepublikken.no\/\",\"logo\":{\"@type\":\"ImageObject\",\"inLanguage\":\"nb-NO\",\"@id\":\"https:\/\/nordnesrepublikken.no\/#\/schema\/logo\/image\/\",\"url\":\"https:\/\/nordnesrepublikken.no\/wp-content\/uploads\/2025\/02\/cropped-nordnesrepublikken-2.png\",\"contentUrl\":\"https:\/\/nordnesrepublikken.no\/wp-content\/uploads\/2025\/02\/cropped-nordnesrepublikken-2.png\",\"width\":1248,\"height\":362,\"caption\":\"Nordnesrepublikken\"},\"image\":{\"@id\":\"https:\/\/nordnesrepublikken.no\/#\/schema\/logo\/image\/\"}},{\"@type\":\"Person\",\"@id\":\"https:\/\/nordnesrepublikken.no\/#\/schema\/person\/2e7e81935bab77882fffb79296240ff1\",\"name\":\"Ole Andersen\",\"image\":{\"@type\":\"ImageObject\",\"inLanguage\":\"nb-NO\",\"@id\":\"https:\/\/nordnesrepublikken.no\/#\/schema\/person\/image\/\",\"url\":\"https:\/\/nordnesrepublikken.no\/wp-content\/uploads\/2025\/02\/nordnesrepublikken-2-2-150x150.jpg\",\"contentUrl\":\"https:\/\/nordnesrepublikken.no\/wp-content\/uploads\/2025\/02\/nordnesrepublikken-2-2-150x150.jpg\",\"caption\":\"Ole Andersen\"},\"description\":\"Ettersom jeg vokste opp i Oslo, har jeg alltid v\u00e6rt fascinert av ordenes kraft og deres evne til \u00e5 skape endringer. Etter \u00e5 ha fullf\u00f8rt min utdannelse i kommunikasjon ved Universitetet i Bergen, fikk jeg muligheten til \u00e5 jobbe innen ulike medier, der jeg har s\u00f8kt \u00e5 belyse viktige samfunnssp\u00f8rsm\u00e5l. I dag, som redakt\u00f8r for Nordnesrepublikken, pr\u00f8ver jeg \u00e5 forene min kj\u00e6rlighet for journalistikk med min lidenskap for innovasjon og eventyr.\",\"sameAs\":[\"https:\/\/nordnesrepublikken.no\/\"]}]}<\/script>\n<!-- \/ Yoast SEO plugin. -->","yoast_head_json":{"title":"hva som endres med de nye EU-reglene - Nordnesrepublikken","robots":{"index":"index","follow":"follow","max-snippet":"max-snippet:-1","max-image-preview":"max-image-preview:large","max-video-preview":"max-video-preview:-1"},"canonical":"https:\/\/nordnesrepublikken.no\/index.php\/2026\/04\/22\/hva-som-endres-med-de-nye-eu-reglene\/","og_locale":"nb_NO","og_type":"article","og_title":"hva som endres med de nye EU-reglene - Nordnesrepublikken","og_description":"Fra 18. februar 2027 Artikkel 11 i en europeisk forskrift vil tre i kraft som","og_url":"https:\/\/nordnesrepublikken.no\/index.php\/2026\/04\/22\/hva-som-endres-med-de-nye-eu-reglene\/","og_site_name":"Nordnesrepublikken","article_published_time":"2026-04-22T09:16:53+00:00","article_modified_time":"2026-04-22T09:16:57+00:00","og_image":[{"width":2120,"height":1414,"url":"https:\/\/nordnesrepublikken.no\/wp-content\/uploads\/2026\/04\/1776849415_hva-som-endres-med-de-nye-EU-reglene.jpg","type":"image\/jpeg"}],"author":"Ole Andersen","twitter_card":"summary_large_image","twitter_misc":{"Skrevet av":"Ole Andersen","Ansl. lesetid":"3 minutter"},"schema":{"@context":"https:\/\/schema.org","@graph":[{"@type":"Article","@id":"https:\/\/nordnesrepublikken.no\/index.php\/2026\/04\/22\/hva-som-endres-med-de-nye-eu-reglene\/#article","isPartOf":{"@id":"https:\/\/nordnesrepublikken.no\/index.php\/2026\/04\/22\/hva-som-endres-med-de-nye-eu-reglene\/"},"author":{"name":"Ole Andersen","@id":"https:\/\/nordnesrepublikken.no\/#\/schema\/person\/2e7e81935bab77882fffb79296240ff1"},"headline":"hva som endres med de nye EU-reglene","datePublished":"2026-04-22T09:16:53+00:00","dateModified":"2026-04-22T09:16:57+00:00","mainEntityOfPage":{"@id":"https:\/\/nordnesrepublikken.no\/index.php\/2026\/04\/22\/hva-som-endres-med-de-nye-eu-reglene\/"},"wordCount":542,"publisher":{"@id":"https:\/\/nordnesrepublikken.no\/#organization"},"image":{"@id":"https:\/\/nordnesrepublikken.no\/index.php\/2026\/04\/22\/hva-som-endres-med-de-nye-eu-reglene\/#primaryimage"},"thumbnailUrl":"https:\/\/nordnesrepublikken.no\/wp-content\/uploads\/2026\/04\/1776849415_hva-som-endres-med-de-nye-EU-reglene.jpg","keywords":["endres","EUreglene","Hva","med","nye","som"],"articleSection":["Teknologi"],"inLanguage":"nb-NO"},{"@type":"WebPage","@id":"https:\/\/nordnesrepublikken.no\/index.php\/2026\/04\/22\/hva-som-endres-med-de-nye-eu-reglene\/","url":"https:\/\/nordnesrepublikken.no\/index.php\/2026\/04\/22\/hva-som-endres-med-de-nye-eu-reglene\/","name":"hva som endres med de nye EU-reglene - Nordnesrepublikken","isPartOf":{"@id":"https:\/\/nordnesrepublikken.no\/#website"},"primaryImageOfPage":{"@id":"https:\/\/nordnesrepublikken.no\/index.php\/2026\/04\/22\/hva-som-endres-med-de-nye-eu-reglene\/#primaryimage"},"image":{"@id":"https:\/\/nordnesrepublikken.no\/index.php\/2026\/04\/22\/hva-som-endres-med-de-nye-eu-reglene\/#primaryimage"},"thumbnailUrl":"https:\/\/nordnesrepublikken.no\/wp-content\/uploads\/2026\/04\/1776849415_hva-som-endres-med-de-nye-EU-reglene.jpg","datePublished":"2026-04-22T09:16:53+00:00","dateModified":"2026-04-22T09:16:57+00:00","breadcrumb":{"@id":"https:\/\/nordnesrepublikken.no\/index.php\/2026\/04\/22\/hva-som-endres-med-de-nye-eu-reglene\/#breadcrumb"},"inLanguage":"nb-NO","potentialAction":[{"@type":"ReadAction","target":["https:\/\/nordnesrepublikken.no\/index.php\/2026\/04\/22\/hva-som-endres-med-de-nye-eu-reglene\/"]}]},{"@type":"ImageObject","inLanguage":"nb-NO","@id":"https:\/\/nordnesrepublikken.no\/index.php\/2026\/04\/22\/hva-som-endres-med-de-nye-eu-reglene\/#primaryimage","url":"https:\/\/nordnesrepublikken.no\/wp-content\/uploads\/2026\/04\/1776849415_hva-som-endres-med-de-nye-EU-reglene.jpg","contentUrl":"https:\/\/nordnesrepublikken.no\/wp-content\/uploads\/2026\/04\/1776849415_hva-som-endres-med-de-nye-EU-reglene.jpg","width":2120,"height":1414,"caption":"hva som endres med de nye EU-reglene"},{"@type":"BreadcrumbList","@id":"https:\/\/nordnesrepublikken.no\/index.php\/2026\/04\/22\/hva-som-endres-med-de-nye-eu-reglene\/#breadcrumb","itemListElement":[{"@type":"ListItem","position":1,"name":"Home","item":"https:\/\/nordnesrepublikken.no\/"},{"@type":"ListItem","position":2,"name":"hva som endres med de nye EU-reglene"}]},{"@type":"WebSite","@id":"https:\/\/nordnesrepublikken.no\/#website","url":"https:\/\/nordnesrepublikken.no\/","name":"Nordnesrepublikken","description":"Stemmer og Visjoner fra Republikkens Hjerte","publisher":{"@id":"https:\/\/nordnesrepublikken.no\/#organization"},"potentialAction":[{"@type":"SearchAction","target":{"@type":"EntryPoint","urlTemplate":"https:\/\/nordnesrepublikken.no\/?s={search_term_string}"},"query-input":{"@type":"PropertyValueSpecification","valueRequired":true,"valueName":"search_term_string"}}],"inLanguage":"nb-NO"},{"@type":"Organization","@id":"https:\/\/nordnesrepublikken.no\/#organization","name":"Nordnesrepublikken","url":"https:\/\/nordnesrepublikken.no\/","logo":{"@type":"ImageObject","inLanguage":"nb-NO","@id":"https:\/\/nordnesrepublikken.no\/#\/schema\/logo\/image\/","url":"https:\/\/nordnesrepublikken.no\/wp-content\/uploads\/2025\/02\/cropped-nordnesrepublikken-2.png","contentUrl":"https:\/\/nordnesrepublikken.no\/wp-content\/uploads\/2025\/02\/cropped-nordnesrepublikken-2.png","width":1248,"height":362,"caption":"Nordnesrepublikken"},"image":{"@id":"https:\/\/nordnesrepublikken.no\/#\/schema\/logo\/image\/"}},{"@type":"Person","@id":"https:\/\/nordnesrepublikken.no\/#\/schema\/person\/2e7e81935bab77882fffb79296240ff1","name":"Ole Andersen","image":{"@type":"ImageObject","inLanguage":"nb-NO","@id":"https:\/\/nordnesrepublikken.no\/#\/schema\/person\/image\/","url":"https:\/\/nordnesrepublikken.no\/wp-content\/uploads\/2025\/02\/nordnesrepublikken-2-2-150x150.jpg","contentUrl":"https:\/\/nordnesrepublikken.no\/wp-content\/uploads\/2025\/02\/nordnesrepublikken-2-2-150x150.jpg","caption":"Ole Andersen"},"description":"Ettersom jeg vokste opp i Oslo, har jeg alltid v\u00e6rt fascinert av ordenes kraft og deres evne til \u00e5 skape endringer. Etter \u00e5 ha fullf\u00f8rt min utdannelse i kommunikasjon ved Universitetet i Bergen, fikk jeg muligheten til \u00e5 jobbe innen ulike medier, der jeg har s\u00f8kt \u00e5 belyse viktige samfunnssp\u00f8rsm\u00e5l. I dag, som redakt\u00f8r for Nordnesrepublikken, pr\u00f8ver jeg \u00e5 forene min kj\u00e6rlighet for journalistikk med min lidenskap for innovasjon og eventyr.","sameAs":["https:\/\/nordnesrepublikken.no\/"]}]}},"_links":{"self":[{"href":"https:\/\/nordnesrepublikken.no\/index.php\/wp-json\/wp\/v2\/posts\/17292","targetHints":{"allow":["GET"]}}],"collection":[{"href":"https:\/\/nordnesrepublikken.no\/index.php\/wp-json\/wp\/v2\/posts"}],"about":[{"href":"https:\/\/nordnesrepublikken.no\/index.php\/wp-json\/wp\/v2\/types\/post"}],"author":[{"embeddable":true,"href":"https:\/\/nordnesrepublikken.no\/index.php\/wp-json\/wp\/v2\/users\/1"}],"replies":[{"embeddable":true,"href":"https:\/\/nordnesrepublikken.no\/index.php\/wp-json\/wp\/v2\/comments?post=17292"}],"version-history":[{"count":1,"href":"https:\/\/nordnesrepublikken.no\/index.php\/wp-json\/wp\/v2\/posts\/17292\/revisions"}],"predecessor-version":[{"id":17294,"href":"https:\/\/nordnesrepublikken.no\/index.php\/wp-json\/wp\/v2\/posts\/17292\/revisions\/17294"}],"wp:featuredmedia":[{"embeddable":true,"href":"https:\/\/nordnesrepublikken.no\/index.php\/wp-json\/wp\/v2\/media\/17293"}],"wp:attachment":[{"href":"https:\/\/nordnesrepublikken.no\/index.php\/wp-json\/wp\/v2\/media?parent=17292"}],"wp:term":[{"taxonomy":"category","embeddable":true,"href":"https:\/\/nordnesrepublikken.no\/index.php\/wp-json\/wp\/v2\/categories?post=17292"},{"taxonomy":"post_tag","embeddable":true,"href":"https:\/\/nordnesrepublikken.no\/index.php\/wp-json\/wp\/v2\/tags?post=17292"}],"curies":[{"name":"wp","href":"https:\/\/api.w.org\/{rel}","templated":true}]}}