{"id":17286,"date":"2026-04-22T10:13:51","date_gmt":"2026-04-22T08:13:51","guid":{"rendered":"https:\/\/nordnesrepublikken.no\/index.php\/2026\/04\/22\/jeg-kom-sist-i-magaluf-halvmaraton-det-er-derfor-jeg-fortsatt-er-stolt\/"},"modified":"2026-04-22T10:13:53","modified_gmt":"2026-04-22T08:13:53","slug":"jeg-kom-sist-i-magaluf-halvmaraton-det-er-derfor-jeg-fortsatt-er-stolt","status":"publish","type":"post","link":"https:\/\/nordnesrepublikken.no\/index.php\/2026\/04\/22\/jeg-kom-sist-i-magaluf-halvmaraton-det-er-derfor-jeg-fortsatt-er-stolt\/","title":{"rendered":"Jeg kom sist i Magaluf halvmaraton \u2013 det er derfor jeg fortsatt er stolt"},"content":{"rendered":"<p><\/p>\n<div class=\"wordpress-content\">\n                    <!-- Article Start --><\/p>\n<p>N\u00e5r jeg sier sist&#8230; mener jeg <em>siste<\/em> siste. Ikke &laquo;\u00e5 jeg var n\u00e6r baksiden&raquo; sist. Jeg mener DEN siste personen over m\u00e5lstreken. Det var et par av oss legender som svevde bakerst, og konkurrerte subtilt om \u00e6ren, men til slutt \u2013 jeg tok den.<\/p>\n<p>De <strong>Magaluf halvmaraton<\/strong> Offisielle opptakskrav foresl\u00e5r h\u00f8flig at du b\u00f8r v\u00e6re i stand til \u00e5 fullf\u00f8re p\u00e5 2 timer og 30 minutter p\u00e5 grunn av stengte veier. Og se, jeg <em>hadde<\/em> har trent for det&#8230; men ting gikk ikke helt etter planen. Det viser seg at jeg ikke er noen Paula Radcliffe.<\/p>\n<p>Stille opp i starten slo nervene inn. Vennen min spurte hvilke h\u00f8ytempo-hits jeg hadde satt sammen for \u00e5 komme meg gjennom, og ble oppriktig bekymret da jeg sa at jeg var avhengig av en helt tilfeldig spilleliste. Krysser fingrene for noen tilfeldige bangers \u2013 Running Hype 3, ikke svik meg.<\/p>\n<div class=\"sra_unit\"><link rel=\"stylesheet\" id=\"block-sra\" href=\"https:\/\/euroweeklynews.com\/wp-content\/plugins\/snack-related-articles\/dist\/css\/snack-related.min.css?250312-193541\" type=\"text\/css\" media=\"all\">\n<\/div>\n<p>Det var mange seri\u00f8se l\u00f8peklubber rundt meg \u2013 matchende antrekk, skikkelige t\u00f8yninger, den typen folk som sier ting som \u00abnegative splittelser\u00bb \u2013 og jeg begynte \u00e5 f\u00e5 sommerfugler. L\u00f8pet begynte, adrenalinet pumpet, men et stort smil om munnen min da vi la i vei.<\/p>\n<p>Min selvtilfredse &laquo;jeg har dette&raquo;-energien varte i omtrent 90 sekunder. Kroppen min knirket i bevegelse som en gammel IKEA-garderobe mens jeg mentalt hvisket: \u00abBare 20 000 igjen.\u00bb Hva hadde jeg gjort??<\/p>\n<p>Solen var stekende varm, og jeg angret umiddelbart p\u00e5 at jeg trente under kj\u00f8lige forhold tidlig om morgenen. For et rookietrekk.<\/p>\n<p>Omtrent halvveis inns\u00e5 jeg at jeg var&#8230; merkbart bak. Like, <em>synlig l\u00f8srevet fra resten av l\u00f8perne<\/em>. Jeg oppdaget en bortkommen kylling ved siden av veien \u2013 vaglet rundt, hakket rasende \u2013 som f\u00f8ltes b\u00e5de surrealistisk og dypt merkelig for situasjonen min. Selv om det p\u00e5 det stadiet ogs\u00e5 kunne ha v\u00e6rt en hallusinasjon. Det f\u00e5r jeg aldri vite.<\/p>\n<p>N\u00e5 l\u00f8p elitel\u00f8perne allerede tilbake forbi meg, og gled tilfeldig ved \u00e5 kaste meg oppmuntrende tommelen opp og medf\u00f8lende blunk. Det var hjertevarmende &#8230; og dypt ydmykende.<\/p>\n<p>Jeg hadde senket farten rett og slett, og gjentok vennens kloke ord i hodet mitt: \u00abBare fortsett \u00e5 l\u00f8pe.\u00bb (Eller, i mitt tilfelle, fortsett \u00e5 gj\u00f8re en sterk forpliktelse til fremadtilst\u00f8tende bevegelse.)<\/p>\n<p data-start=\"0\" data-end=\"140\">Folkemengdene i Magaluf stod langs gatene og jublet entusiastisk \u2013 noen mer n\u00f8kterne enn andre. Greit nok. Den <em data-start=\"114\" data-end=\"118\">er<\/em> Magaluf, tross alt.<\/p>\n<p data-start=\"142\" data-end=\"254\" data-is-last-node=\"\" data-is-only-node=\"\">P\u00e5 et tidspunkt ble en mann med p\u00e5 noe annet enn Y-fronter &#8230; og spesielt ikke noe offisielt l\u00f8psnummer. Igjen, n\u00e5r du er i Magaluf.<\/p>\n<p>Vi var tre av oss bakerst n\u00e5, og utvekslet st\u00f8ttende tommelen opp som om vi var i v\u00e5r egen eksklusive klubb. Ingen tempom\u00e5l. Ikke noe press. Bare overlevelse. Vi Fikk dette. P\u00e5 en m\u00e5te.<\/p>\n<p>Ved 18K ble ting &#8230; ekte. Jeg s\u00e5 mannen min og barna som heiet meg frem fra veien. S\u00f8nnen min holdt en tegning som enten kunne ha v\u00e6rt meg som spurtet heroisk, eller l\u00e5 nede og tok en kopp te. \u00c6rlig talt, begge er n\u00f8yaktige representasjoner av reisen min.<\/p>\n<p>Senere fortalte mannen min at s\u00f8nnen min hadde spurt: &laquo;Skal mamma vinne?&raquo; \u2013 akkurat da ambulansen og mopedene bakket meg, \u00e5pnet veiene igjen da jeg ble den offisielle legemliggj\u00f8relsen av slutten av l\u00f8pet.<\/p>\n<p>&laquo;Ehm&#8230; sannsynligvis ikke&raquo; svarte han. Et veldig sannferdig svar.<\/p>\n<p>P\u00e5 dette tidspunktet ble jeg i hovedsak eskortert av n\u00f8detatene. Som en VIP, tenkte jeg, i min dehydrerte og vrangforestillinger. \u00abWhen the party&#8217;s over\u00bb av Billie Eilish kommer gjennom hodetelefonene mine \u2013 vennen min hadde rett, jeg burde ha laget en spilleliste. Jeg klikker febrilsk for \u00e5 bytte sanger og klarer \u00e5 skru opp farten.<\/p>\n<p>Videre gikk jeg, mot m\u00e5lstreken.<\/p>\n<div class=\"flex flex-col text-sm pb-25\">\n<section class=\"text-token-text-primary w-full focus:outline-none (--shadow-height:45px) has-data-writing-block:pointer-events-none has-data-writing-block:-mt-(--shadow-height) has-data-writing-block:pt-(--shadow-height) (&amp;:has((data-writing-block))&gt;*):pointer-events-auto scroll-mt-(calc(var(--header-height)+min(200px,max(70px,20svh))))\" dir=\"auto\" data-turn-id=\"request-WEB:533c5201-79d9-4eef-9734-aa42cba8e581-13\" data-testid=\"conversation-turn-28\" data-scroll-anchor=\"true\" data-turn=\"assistant\">\n<div class=\"text-base my-auto mx-auto pb-10 (--thread-content-margin:var(--thread-content-margin-xs,calc(var(--spacing)*4))) @w-sm\/main:(--thread-content-margin:var(--thread-content-margin-sm,calc(var(--spacing)*6))) @w-lg\/main:(--thread-content-margin:var(--thread-content-margin-lg,calc(var(--spacing)*16))) px-(--thread-content-margin)\">\n<div class=\"(--thread-content-max-width:40rem) @w-lg\/main:(--thread-content-max-width:48rem) mx-auto max-w-(--thread-content-max-width) flex-1 group\/turn-messages focus-visible:outline-hidden relative flex w-full min-w-0 flex-col agent-turn\">\n<div class=\"flex max-w-full flex-col gap-4 grow\">\n<div class=\"min-h-8 text-message relative flex w-full flex-col items-end gap-2 text-start break-words whitespace-normal outline-none keyboard-focused:focus-ring (.text-message+&amp;):mt-1\" dir=\"auto\" data-message-author-role=\"assistant\" data-message-id=\"131df57e-7543-4a58-b0a3-78741dc07aeb\" data-message-model-slug=\"gpt-5-3\" data-turn-start-message=\"true\">\n<div class=\"flex w-full flex-col gap-1 empty:hidden\">\n<div class=\"markdown prose dark:prose-invert w-full wrap-break-word light markdown-new-styling\">\n<p data-start=\"195\" data-end=\"475\">L\u00f8ping handler tross alt om mye mer enn hvor du plasserer. Den handler om de usynlige historiene alle b\u00e6rer til startstreken: Vennen min l\u00f8per til minne om faren sin, for eksempel, navnet hans skrevet forsiktig over h\u00e5nden hennes. Det er personen som aldri trodde de kunne komme seg opp av sofaen, enn si komme seg rundt p\u00e5 racerbanen. Den som b\u00e6rer den stille smerten til en syk venn. Den som l\u00f8per gjennom hjertesorg, gjennom sorg, gjennom den typen utmattelse som ikke bare er fysisk. Og i de siste \u00f8yeblikkene, n\u00e5r beina f\u00f8les tunge og pusten trekker, handler det egentlig aldri om m\u00e5lstreken. Det handler om hvem du b\u00e6rer med deg n\u00e5r du krysser den.<\/p>\n<section class=\"text-token-text-primary w-full focus:outline-none (--shadow-height:45px) has-data-writing-block:pointer-events-none has-data-writing-block:-mt-(--shadow-height) has-data-writing-block:pt-(--shadow-height) (&amp;:has((data-writing-block))&gt;*):pointer-events-auto (content-visibility:auto) supports-(content-visibility:auto):(contain-intrinsic-size:auto_100lvh) R6Vx5W_threadScrollVars scroll-mb-(calc(var(--scroll-root-safe-area-inset-bottom,0px)+var(--thread-response-height))) scroll-mt-(calc(var(--header-height)+min(200px,max(70px,20svh))))\" dir=\"auto\" data-turn-id=\"request-WEB:0954bab8-5dfb-4b11-b3f1-7277734e0117-1\" data-testid=\"conversation-turn-4\" data-scroll-anchor=\"false\" data-turn=\"assistant\">\n<div class=\"text-base my-auto mx-auto pb-10 (--thread-content-margin:var(--thread-content-margin-xs,calc(var(--spacing)*4))) @w-sm\/main:(--thread-content-margin:var(--thread-content-margin-sm,calc(var(--spacing)*6))) @w-lg\/main:(--thread-content-margin:var(--thread-content-margin-lg,calc(var(--spacing)*16))) px-(--thread-content-margin)\">\n<div class=\"(--thread-content-max-width:40rem) @w-lg\/main:(--thread-content-max-width:48rem) mx-auto max-w-(--thread-content-max-width) flex-1 group\/turn-messages focus-visible:outline-hidden relative flex w-full min-w-0 flex-col agent-turn\">\n<div class=\"z-0 flex min-h-(46px) justify-start\">Ved 20K-merket gir en gruppe jenter utenfor en bar meg en jubel verdig en Glastonbury headliner \u2013 armene i v\u00e6ret, full hype, arbeidet. Hvem elsker ikke Magaluf, tenkte jeg?! Til og med ambulansepersonalet klappet! Sannelig var fellesskaps\u00e5nden levende i beste velg\u00e5ende.<\/div>\n<\/div>\n<\/div>\n<\/section>\n<\/div>\n<\/div>\n<\/div>\n<\/div>\n<\/div>\n<\/div>\n<\/section>\n<\/div>\n<p data-start=\"287\" data-end=\"322\">Og s\u00e5 &#8230; endelig &#8230; m\u00e5lstreken.<\/p>\n<p data-start=\"324\" data-end=\"463\">Hatten av for l\u00f8peklubbene, maskinene og de absolutte elitene \u2013 du hadde fronten dekket: \u00e5 fly, glide, sl\u00e5 rekorder&#8230; Men ikke bekymre deg, jeg hadde ryggen din! Bokstavelig talt.<\/p>\n<p data-start=\"566\" data-end=\"747\">S\u00e5 ja \u2013 jeg kom sist. Men jeg krysset m\u00e5lstreken, med medalje i h\u00e5nden, klar til \u00e5 vise s\u00f8nnen min.<\/p>\n<p data-start=\"749\" data-end=\"784\" data-is-last-node=\"\" data-is-only-node=\"\">\n                    <!-- Originally published at https:\/\/euroweeklynews.com\/2026\/04\/22\/i-finished-last-in-the-magaluf-half-marathon-heres-why-im-still-proud\/ on 22 Apr 2026 at 9:47 by Lottie Verrier --><br \/>\n                    <!-- Article End -->\n                <\/p>\n<\/div>\n","protected":false},"excerpt":{"rendered":"<p>N\u00e5r jeg sier sist&#8230; mener jeg siste siste. Ikke &laquo;\u00e5 jeg var n\u00e6r baksiden&raquo; sist.<\/p>\n","protected":false},"author":1,"featured_media":17287,"comment_status":"closed","ping_status":"open","sticky":false,"template":"","format":"standard","meta":{"footnotes":""},"categories":[105],"tags":[1302,66,157,11156,813,3912,11155,1824,11157],"class_list":["post-17286","post","type-post","status-publish","format-standard","has-post-thumbnail","hentry","category-livsstil","tag-derfor","tag-det","tag-fortsatt","tag-halvmaraton","tag-jeg","tag-kom","tag-magaluf","tag-sist","tag-stolt","generate-columns","tablet-grid-50","mobile-grid-100","grid-parent","grid-33","resize-featured-image"],"yoast_head":"<!-- This site is optimized with the Yoast SEO plugin v24.4 - https:\/\/yoast.com\/wordpress\/plugins\/seo\/ -->\n<title>Jeg kom sist i Magaluf halvmaraton \u2013 det er derfor jeg fortsatt er stolt - Nordnesrepublikken<\/title>\n<meta name=\"robots\" content=\"index, follow, max-snippet:-1, max-image-preview:large, max-video-preview:-1\" \/>\n<link rel=\"canonical\" href=\"https:\/\/nordnesrepublikken.no\/index.php\/2026\/04\/22\/jeg-kom-sist-i-magaluf-halvmaraton-det-er-derfor-jeg-fortsatt-er-stolt\/\" \/>\n<meta property=\"og:locale\" content=\"nb_NO\" \/>\n<meta property=\"og:type\" content=\"article\" \/>\n<meta property=\"og:title\" content=\"Jeg kom sist i Magaluf halvmaraton \u2013 det er derfor jeg fortsatt er stolt - Nordnesrepublikken\" \/>\n<meta property=\"og:description\" content=\"N\u00e5r jeg sier sist&#8230; mener jeg siste siste. Ikke &laquo;\u00e5 jeg var n\u00e6r baksiden&raquo; sist.\" \/>\n<meta property=\"og:url\" content=\"https:\/\/nordnesrepublikken.no\/index.php\/2026\/04\/22\/jeg-kom-sist-i-magaluf-halvmaraton-det-er-derfor-jeg-fortsatt-er-stolt\/\" \/>\n<meta property=\"og:site_name\" content=\"Nordnesrepublikken\" \/>\n<meta property=\"article:published_time\" content=\"2026-04-22T08:13:51+00:00\" \/>\n<meta property=\"article:modified_time\" content=\"2026-04-22T08:13:53+00:00\" \/>\n<meta property=\"og:image\" content=\"https:\/\/nordnesrepublikken.no\/wp-content\/uploads\/2026\/04\/1776845633_Jeg-kom-sist-i-Magaluf-halvmaraton-\u2013-det-er-derfor.jpg\" \/>\n\t<meta property=\"og:image:width\" content=\"1200\" \/>\n\t<meta property=\"og:image:height\" content=\"600\" \/>\n\t<meta property=\"og:image:type\" content=\"image\/jpeg\" \/>\n<meta name=\"author\" content=\"Ole Andersen\" \/>\n<meta name=\"twitter:card\" content=\"summary_large_image\" \/>\n<meta name=\"twitter:label1\" content=\"Skrevet av\" \/>\n\t<meta name=\"twitter:data1\" content=\"Ole Andersen\" \/>\n\t<meta name=\"twitter:label2\" content=\"Ansl. lesetid\" \/>\n\t<meta name=\"twitter:data2\" content=\"4 minutter\" \/>\n<script type=\"application\/ld+json\" class=\"yoast-schema-graph\">{\"@context\":\"https:\/\/schema.org\",\"@graph\":[{\"@type\":\"Article\",\"@id\":\"https:\/\/nordnesrepublikken.no\/index.php\/2026\/04\/22\/jeg-kom-sist-i-magaluf-halvmaraton-det-er-derfor-jeg-fortsatt-er-stolt\/#article\",\"isPartOf\":{\"@id\":\"https:\/\/nordnesrepublikken.no\/index.php\/2026\/04\/22\/jeg-kom-sist-i-magaluf-halvmaraton-det-er-derfor-jeg-fortsatt-er-stolt\/\"},\"author\":{\"name\":\"Ole Andersen\",\"@id\":\"https:\/\/nordnesrepublikken.no\/#\/schema\/person\/2e7e81935bab77882fffb79296240ff1\"},\"headline\":\"Jeg kom sist i Magaluf halvmaraton \u2013 det er derfor jeg fortsatt er stolt\",\"datePublished\":\"2026-04-22T08:13:51+00:00\",\"dateModified\":\"2026-04-22T08:13:53+00:00\",\"mainEntityOfPage\":{\"@id\":\"https:\/\/nordnesrepublikken.no\/index.php\/2026\/04\/22\/jeg-kom-sist-i-magaluf-halvmaraton-det-er-derfor-jeg-fortsatt-er-stolt\/\"},\"wordCount\":842,\"publisher\":{\"@id\":\"https:\/\/nordnesrepublikken.no\/#organization\"},\"image\":{\"@id\":\"https:\/\/nordnesrepublikken.no\/index.php\/2026\/04\/22\/jeg-kom-sist-i-magaluf-halvmaraton-det-er-derfor-jeg-fortsatt-er-stolt\/#primaryimage\"},\"thumbnailUrl\":\"https:\/\/nordnesrepublikken.no\/wp-content\/uploads\/2026\/04\/1776845633_Jeg-kom-sist-i-Magaluf-halvmaraton-\u2013-det-er-derfor.jpg\",\"keywords\":[\"derfor\",\"Det\",\"fortsatt\",\"halvmaraton\",\"jeg\",\"kom\",\"Magaluf\",\"sist\",\"stolt\"],\"articleSection\":[\"Livsstil\"],\"inLanguage\":\"nb-NO\"},{\"@type\":\"WebPage\",\"@id\":\"https:\/\/nordnesrepublikken.no\/index.php\/2026\/04\/22\/jeg-kom-sist-i-magaluf-halvmaraton-det-er-derfor-jeg-fortsatt-er-stolt\/\",\"url\":\"https:\/\/nordnesrepublikken.no\/index.php\/2026\/04\/22\/jeg-kom-sist-i-magaluf-halvmaraton-det-er-derfor-jeg-fortsatt-er-stolt\/\",\"name\":\"Jeg kom sist i Magaluf halvmaraton \u2013 det er derfor jeg fortsatt er stolt - Nordnesrepublikken\",\"isPartOf\":{\"@id\":\"https:\/\/nordnesrepublikken.no\/#website\"},\"primaryImageOfPage\":{\"@id\":\"https:\/\/nordnesrepublikken.no\/index.php\/2026\/04\/22\/jeg-kom-sist-i-magaluf-halvmaraton-det-er-derfor-jeg-fortsatt-er-stolt\/#primaryimage\"},\"image\":{\"@id\":\"https:\/\/nordnesrepublikken.no\/index.php\/2026\/04\/22\/jeg-kom-sist-i-magaluf-halvmaraton-det-er-derfor-jeg-fortsatt-er-stolt\/#primaryimage\"},\"thumbnailUrl\":\"https:\/\/nordnesrepublikken.no\/wp-content\/uploads\/2026\/04\/1776845633_Jeg-kom-sist-i-Magaluf-halvmaraton-\u2013-det-er-derfor.jpg\",\"datePublished\":\"2026-04-22T08:13:51+00:00\",\"dateModified\":\"2026-04-22T08:13:53+00:00\",\"breadcrumb\":{\"@id\":\"https:\/\/nordnesrepublikken.no\/index.php\/2026\/04\/22\/jeg-kom-sist-i-magaluf-halvmaraton-det-er-derfor-jeg-fortsatt-er-stolt\/#breadcrumb\"},\"inLanguage\":\"nb-NO\",\"potentialAction\":[{\"@type\":\"ReadAction\",\"target\":[\"https:\/\/nordnesrepublikken.no\/index.php\/2026\/04\/22\/jeg-kom-sist-i-magaluf-halvmaraton-det-er-derfor-jeg-fortsatt-er-stolt\/\"]}]},{\"@type\":\"ImageObject\",\"inLanguage\":\"nb-NO\",\"@id\":\"https:\/\/nordnesrepublikken.no\/index.php\/2026\/04\/22\/jeg-kom-sist-i-magaluf-halvmaraton-det-er-derfor-jeg-fortsatt-er-stolt\/#primaryimage\",\"url\":\"https:\/\/nordnesrepublikken.no\/wp-content\/uploads\/2026\/04\/1776845633_Jeg-kom-sist-i-Magaluf-halvmaraton-\u2013-det-er-derfor.jpg\",\"contentUrl\":\"https:\/\/nordnesrepublikken.no\/wp-content\/uploads\/2026\/04\/1776845633_Jeg-kom-sist-i-Magaluf-halvmaraton-\u2013-det-er-derfor.jpg\",\"width\":1200,\"height\":600,\"caption\":\"Jeg kom sist i Magaluf halvmaraton \u2013 det er derfor jeg fortsatt er stolt\"},{\"@type\":\"BreadcrumbList\",\"@id\":\"https:\/\/nordnesrepublikken.no\/index.php\/2026\/04\/22\/jeg-kom-sist-i-magaluf-halvmaraton-det-er-derfor-jeg-fortsatt-er-stolt\/#breadcrumb\",\"itemListElement\":[{\"@type\":\"ListItem\",\"position\":1,\"name\":\"Home\",\"item\":\"https:\/\/nordnesrepublikken.no\/\"},{\"@type\":\"ListItem\",\"position\":2,\"name\":\"Jeg kom sist i Magaluf halvmaraton \u2013 det er derfor jeg fortsatt er stolt\"}]},{\"@type\":\"WebSite\",\"@id\":\"https:\/\/nordnesrepublikken.no\/#website\",\"url\":\"https:\/\/nordnesrepublikken.no\/\",\"name\":\"Nordnesrepublikken\",\"description\":\"Stemmer og Visjoner fra Republikkens Hjerte\",\"publisher\":{\"@id\":\"https:\/\/nordnesrepublikken.no\/#organization\"},\"potentialAction\":[{\"@type\":\"SearchAction\",\"target\":{\"@type\":\"EntryPoint\",\"urlTemplate\":\"https:\/\/nordnesrepublikken.no\/?s={search_term_string}\"},\"query-input\":{\"@type\":\"PropertyValueSpecification\",\"valueRequired\":true,\"valueName\":\"search_term_string\"}}],\"inLanguage\":\"nb-NO\"},{\"@type\":\"Organization\",\"@id\":\"https:\/\/nordnesrepublikken.no\/#organization\",\"name\":\"Nordnesrepublikken\",\"url\":\"https:\/\/nordnesrepublikken.no\/\",\"logo\":{\"@type\":\"ImageObject\",\"inLanguage\":\"nb-NO\",\"@id\":\"https:\/\/nordnesrepublikken.no\/#\/schema\/logo\/image\/\",\"url\":\"https:\/\/nordnesrepublikken.no\/wp-content\/uploads\/2025\/02\/cropped-nordnesrepublikken-2.png\",\"contentUrl\":\"https:\/\/nordnesrepublikken.no\/wp-content\/uploads\/2025\/02\/cropped-nordnesrepublikken-2.png\",\"width\":1248,\"height\":362,\"caption\":\"Nordnesrepublikken\"},\"image\":{\"@id\":\"https:\/\/nordnesrepublikken.no\/#\/schema\/logo\/image\/\"}},{\"@type\":\"Person\",\"@id\":\"https:\/\/nordnesrepublikken.no\/#\/schema\/person\/2e7e81935bab77882fffb79296240ff1\",\"name\":\"Ole Andersen\",\"image\":{\"@type\":\"ImageObject\",\"inLanguage\":\"nb-NO\",\"@id\":\"https:\/\/nordnesrepublikken.no\/#\/schema\/person\/image\/\",\"url\":\"https:\/\/nordnesrepublikken.no\/wp-content\/uploads\/2025\/02\/nordnesrepublikken-2-2-150x150.jpg\",\"contentUrl\":\"https:\/\/nordnesrepublikken.no\/wp-content\/uploads\/2025\/02\/nordnesrepublikken-2-2-150x150.jpg\",\"caption\":\"Ole Andersen\"},\"description\":\"Ettersom jeg vokste opp i Oslo, har jeg alltid v\u00e6rt fascinert av ordenes kraft og deres evne til \u00e5 skape endringer. Etter \u00e5 ha fullf\u00f8rt min utdannelse i kommunikasjon ved Universitetet i Bergen, fikk jeg muligheten til \u00e5 jobbe innen ulike medier, der jeg har s\u00f8kt \u00e5 belyse viktige samfunnssp\u00f8rsm\u00e5l. I dag, som redakt\u00f8r for Nordnesrepublikken, pr\u00f8ver jeg \u00e5 forene min kj\u00e6rlighet for journalistikk med min lidenskap for innovasjon og eventyr.\",\"sameAs\":[\"https:\/\/nordnesrepublikken.no\/\"]}]}<\/script>\n<!-- \/ Yoast SEO plugin. -->","yoast_head_json":{"title":"Jeg kom sist i Magaluf halvmaraton \u2013 det er derfor jeg fortsatt er stolt - Nordnesrepublikken","robots":{"index":"index","follow":"follow","max-snippet":"max-snippet:-1","max-image-preview":"max-image-preview:large","max-video-preview":"max-video-preview:-1"},"canonical":"https:\/\/nordnesrepublikken.no\/index.php\/2026\/04\/22\/jeg-kom-sist-i-magaluf-halvmaraton-det-er-derfor-jeg-fortsatt-er-stolt\/","og_locale":"nb_NO","og_type":"article","og_title":"Jeg kom sist i Magaluf halvmaraton \u2013 det er derfor jeg fortsatt er stolt - Nordnesrepublikken","og_description":"N\u00e5r jeg sier sist&#8230; mener jeg siste siste. Ikke &laquo;\u00e5 jeg var n\u00e6r baksiden&raquo; sist.","og_url":"https:\/\/nordnesrepublikken.no\/index.php\/2026\/04\/22\/jeg-kom-sist-i-magaluf-halvmaraton-det-er-derfor-jeg-fortsatt-er-stolt\/","og_site_name":"Nordnesrepublikken","article_published_time":"2026-04-22T08:13:51+00:00","article_modified_time":"2026-04-22T08:13:53+00:00","og_image":[{"width":1200,"height":600,"url":"https:\/\/nordnesrepublikken.no\/wp-content\/uploads\/2026\/04\/1776845633_Jeg-kom-sist-i-Magaluf-halvmaraton-\u2013-det-er-derfor.jpg","type":"image\/jpeg"}],"author":"Ole Andersen","twitter_card":"summary_large_image","twitter_misc":{"Skrevet av":"Ole Andersen","Ansl. lesetid":"4 minutter"},"schema":{"@context":"https:\/\/schema.org","@graph":[{"@type":"Article","@id":"https:\/\/nordnesrepublikken.no\/index.php\/2026\/04\/22\/jeg-kom-sist-i-magaluf-halvmaraton-det-er-derfor-jeg-fortsatt-er-stolt\/#article","isPartOf":{"@id":"https:\/\/nordnesrepublikken.no\/index.php\/2026\/04\/22\/jeg-kom-sist-i-magaluf-halvmaraton-det-er-derfor-jeg-fortsatt-er-stolt\/"},"author":{"name":"Ole Andersen","@id":"https:\/\/nordnesrepublikken.no\/#\/schema\/person\/2e7e81935bab77882fffb79296240ff1"},"headline":"Jeg kom sist i Magaluf halvmaraton \u2013 det er derfor jeg fortsatt er stolt","datePublished":"2026-04-22T08:13:51+00:00","dateModified":"2026-04-22T08:13:53+00:00","mainEntityOfPage":{"@id":"https:\/\/nordnesrepublikken.no\/index.php\/2026\/04\/22\/jeg-kom-sist-i-magaluf-halvmaraton-det-er-derfor-jeg-fortsatt-er-stolt\/"},"wordCount":842,"publisher":{"@id":"https:\/\/nordnesrepublikken.no\/#organization"},"image":{"@id":"https:\/\/nordnesrepublikken.no\/index.php\/2026\/04\/22\/jeg-kom-sist-i-magaluf-halvmaraton-det-er-derfor-jeg-fortsatt-er-stolt\/#primaryimage"},"thumbnailUrl":"https:\/\/nordnesrepublikken.no\/wp-content\/uploads\/2026\/04\/1776845633_Jeg-kom-sist-i-Magaluf-halvmaraton-\u2013-det-er-derfor.jpg","keywords":["derfor","Det","fortsatt","halvmaraton","jeg","kom","Magaluf","sist","stolt"],"articleSection":["Livsstil"],"inLanguage":"nb-NO"},{"@type":"WebPage","@id":"https:\/\/nordnesrepublikken.no\/index.php\/2026\/04\/22\/jeg-kom-sist-i-magaluf-halvmaraton-det-er-derfor-jeg-fortsatt-er-stolt\/","url":"https:\/\/nordnesrepublikken.no\/index.php\/2026\/04\/22\/jeg-kom-sist-i-magaluf-halvmaraton-det-er-derfor-jeg-fortsatt-er-stolt\/","name":"Jeg kom sist i Magaluf halvmaraton \u2013 det er derfor jeg fortsatt er stolt - Nordnesrepublikken","isPartOf":{"@id":"https:\/\/nordnesrepublikken.no\/#website"},"primaryImageOfPage":{"@id":"https:\/\/nordnesrepublikken.no\/index.php\/2026\/04\/22\/jeg-kom-sist-i-magaluf-halvmaraton-det-er-derfor-jeg-fortsatt-er-stolt\/#primaryimage"},"image":{"@id":"https:\/\/nordnesrepublikken.no\/index.php\/2026\/04\/22\/jeg-kom-sist-i-magaluf-halvmaraton-det-er-derfor-jeg-fortsatt-er-stolt\/#primaryimage"},"thumbnailUrl":"https:\/\/nordnesrepublikken.no\/wp-content\/uploads\/2026\/04\/1776845633_Jeg-kom-sist-i-Magaluf-halvmaraton-\u2013-det-er-derfor.jpg","datePublished":"2026-04-22T08:13:51+00:00","dateModified":"2026-04-22T08:13:53+00:00","breadcrumb":{"@id":"https:\/\/nordnesrepublikken.no\/index.php\/2026\/04\/22\/jeg-kom-sist-i-magaluf-halvmaraton-det-er-derfor-jeg-fortsatt-er-stolt\/#breadcrumb"},"inLanguage":"nb-NO","potentialAction":[{"@type":"ReadAction","target":["https:\/\/nordnesrepublikken.no\/index.php\/2026\/04\/22\/jeg-kom-sist-i-magaluf-halvmaraton-det-er-derfor-jeg-fortsatt-er-stolt\/"]}]},{"@type":"ImageObject","inLanguage":"nb-NO","@id":"https:\/\/nordnesrepublikken.no\/index.php\/2026\/04\/22\/jeg-kom-sist-i-magaluf-halvmaraton-det-er-derfor-jeg-fortsatt-er-stolt\/#primaryimage","url":"https:\/\/nordnesrepublikken.no\/wp-content\/uploads\/2026\/04\/1776845633_Jeg-kom-sist-i-Magaluf-halvmaraton-\u2013-det-er-derfor.jpg","contentUrl":"https:\/\/nordnesrepublikken.no\/wp-content\/uploads\/2026\/04\/1776845633_Jeg-kom-sist-i-Magaluf-halvmaraton-\u2013-det-er-derfor.jpg","width":1200,"height":600,"caption":"Jeg kom sist i Magaluf halvmaraton \u2013 det er derfor jeg fortsatt er stolt"},{"@type":"BreadcrumbList","@id":"https:\/\/nordnesrepublikken.no\/index.php\/2026\/04\/22\/jeg-kom-sist-i-magaluf-halvmaraton-det-er-derfor-jeg-fortsatt-er-stolt\/#breadcrumb","itemListElement":[{"@type":"ListItem","position":1,"name":"Home","item":"https:\/\/nordnesrepublikken.no\/"},{"@type":"ListItem","position":2,"name":"Jeg kom sist i Magaluf halvmaraton \u2013 det er derfor jeg fortsatt er stolt"}]},{"@type":"WebSite","@id":"https:\/\/nordnesrepublikken.no\/#website","url":"https:\/\/nordnesrepublikken.no\/","name":"Nordnesrepublikken","description":"Stemmer og Visjoner fra Republikkens Hjerte","publisher":{"@id":"https:\/\/nordnesrepublikken.no\/#organization"},"potentialAction":[{"@type":"SearchAction","target":{"@type":"EntryPoint","urlTemplate":"https:\/\/nordnesrepublikken.no\/?s={search_term_string}"},"query-input":{"@type":"PropertyValueSpecification","valueRequired":true,"valueName":"search_term_string"}}],"inLanguage":"nb-NO"},{"@type":"Organization","@id":"https:\/\/nordnesrepublikken.no\/#organization","name":"Nordnesrepublikken","url":"https:\/\/nordnesrepublikken.no\/","logo":{"@type":"ImageObject","inLanguage":"nb-NO","@id":"https:\/\/nordnesrepublikken.no\/#\/schema\/logo\/image\/","url":"https:\/\/nordnesrepublikken.no\/wp-content\/uploads\/2025\/02\/cropped-nordnesrepublikken-2.png","contentUrl":"https:\/\/nordnesrepublikken.no\/wp-content\/uploads\/2025\/02\/cropped-nordnesrepublikken-2.png","width":1248,"height":362,"caption":"Nordnesrepublikken"},"image":{"@id":"https:\/\/nordnesrepublikken.no\/#\/schema\/logo\/image\/"}},{"@type":"Person","@id":"https:\/\/nordnesrepublikken.no\/#\/schema\/person\/2e7e81935bab77882fffb79296240ff1","name":"Ole Andersen","image":{"@type":"ImageObject","inLanguage":"nb-NO","@id":"https:\/\/nordnesrepublikken.no\/#\/schema\/person\/image\/","url":"https:\/\/nordnesrepublikken.no\/wp-content\/uploads\/2025\/02\/nordnesrepublikken-2-2-150x150.jpg","contentUrl":"https:\/\/nordnesrepublikken.no\/wp-content\/uploads\/2025\/02\/nordnesrepublikken-2-2-150x150.jpg","caption":"Ole Andersen"},"description":"Ettersom jeg vokste opp i Oslo, har jeg alltid v\u00e6rt fascinert av ordenes kraft og deres evne til \u00e5 skape endringer. Etter \u00e5 ha fullf\u00f8rt min utdannelse i kommunikasjon ved Universitetet i Bergen, fikk jeg muligheten til \u00e5 jobbe innen ulike medier, der jeg har s\u00f8kt \u00e5 belyse viktige samfunnssp\u00f8rsm\u00e5l. I dag, som redakt\u00f8r for Nordnesrepublikken, pr\u00f8ver jeg \u00e5 forene min kj\u00e6rlighet for journalistikk med min lidenskap for innovasjon og eventyr.","sameAs":["https:\/\/nordnesrepublikken.no\/"]}]}},"_links":{"self":[{"href":"https:\/\/nordnesrepublikken.no\/index.php\/wp-json\/wp\/v2\/posts\/17286","targetHints":{"allow":["GET"]}}],"collection":[{"href":"https:\/\/nordnesrepublikken.no\/index.php\/wp-json\/wp\/v2\/posts"}],"about":[{"href":"https:\/\/nordnesrepublikken.no\/index.php\/wp-json\/wp\/v2\/types\/post"}],"author":[{"embeddable":true,"href":"https:\/\/nordnesrepublikken.no\/index.php\/wp-json\/wp\/v2\/users\/1"}],"replies":[{"embeddable":true,"href":"https:\/\/nordnesrepublikken.no\/index.php\/wp-json\/wp\/v2\/comments?post=17286"}],"version-history":[{"count":1,"href":"https:\/\/nordnesrepublikken.no\/index.php\/wp-json\/wp\/v2\/posts\/17286\/revisions"}],"predecessor-version":[{"id":17288,"href":"https:\/\/nordnesrepublikken.no\/index.php\/wp-json\/wp\/v2\/posts\/17286\/revisions\/17288"}],"wp:featuredmedia":[{"embeddable":true,"href":"https:\/\/nordnesrepublikken.no\/index.php\/wp-json\/wp\/v2\/media\/17287"}],"wp:attachment":[{"href":"https:\/\/nordnesrepublikken.no\/index.php\/wp-json\/wp\/v2\/media?parent=17286"}],"wp:term":[{"taxonomy":"category","embeddable":true,"href":"https:\/\/nordnesrepublikken.no\/index.php\/wp-json\/wp\/v2\/categories?post=17286"},{"taxonomy":"post_tag","embeddable":true,"href":"https:\/\/nordnesrepublikken.no\/index.php\/wp-json\/wp\/v2\/tags?post=17286"}],"curies":[{"name":"wp","href":"https:\/\/api.w.org\/{rel}","templated":true}]}}