{"id":17283,"date":"2026-04-22T09:25:49","date_gmt":"2026-04-22T07:25:49","guid":{"rendered":"https:\/\/nordnesrepublikken.no\/index.php\/2026\/04\/22\/en-eldgammel-tetrapod-med-vridd-kjeve-som-levde-for-nesten-300-millioner-ar-siden-er-oppdaget\/"},"modified":"2026-04-22T09:25:51","modified_gmt":"2026-04-22T07:25:51","slug":"en-eldgammel-tetrapod-med-vridd-kjeve-som-levde-for-nesten-300-millioner-ar-siden-er-oppdaget","status":"publish","type":"post","link":"https:\/\/nordnesrepublikken.no\/index.php\/2026\/04\/22\/en-eldgammel-tetrapod-med-vridd-kjeve-som-levde-for-nesten-300-millioner-ar-siden-er-oppdaget\/","title":{"rendered":"En eldgammel tetrapod med vridd kjeve som levde for nesten 300 millioner \u00e5r siden er oppdaget"},"content":{"rendered":"<div>\n<div class=\"cp_wrapper cp_wrapper--fw mb-30 mb-20@tablet\">\n<figure class=\"mm\"><picture class=\"img\" style=\"padding-top:56.25%\"><source  media=\"(min-width: 1024px)\"><source  media=\"(min-width: 768px)\"><\/source><\/source><\/picture><\/figure>\n<\/p><\/div>\n<p>En studie publisert p\u00e5 <em>Proceedings of the Royal Society B<\/em>med <strong>Jason D. Pardo<\/strong> av Field Museum i Chicago som leder, beskriver han <strong><em>Tanyka amnicola<\/em><\/strong>en <strong>nye arter av tetrapoder<\/strong> (superklassen som inkluderer alle firbenede virveldyr, inkludert oss) arkaisk funnet i Brasil. Den evolusjon\u00e6re historien til tetrapoder er tradisjonelt delt inn i to hovedfaser: en innledende diversifisering av arkaiske grupper av <strong>stengel tetrapoder<\/strong>etterfulgt av deres br\u00e5 erstatning med temnospondyl amfibier og amnioter etter et t\u00f8rt intervall p\u00e5 <strong>sen karbon<\/strong> (rundt <strong>300 millioner \u00e5r siden<\/strong>), kjent som Carboniferous Rainforest Collapse. Men i hvilken grad dette scenariet gjelder tidlige tetrapoder av <strong>Gondwana<\/strong> (superkontinentet som inkluderte S\u00f8r-Amerika, Afrika, Antarktis og Oseania) ble igjen <strong>usikker<\/strong>.<\/p>\n<p>Tetrapoder representerer faktisk alle terrestriske virveldyr. Stengelfetrapoder, den eldste avstamningen, delte seg i to store grener: den som la egg utenfor vannet, som reptiler, fugler og pattedyr stammer fra, og den som trengte egg <strong>hold deg fuktig<\/strong>som moderne amfibier, som frosker og salamandere, stammer fra. Selv etter denne separasjonen stammer imidlertid noen tetrapoder <strong>de fortsatte \u00e5 eksistere<\/strong>. Dette er tilfellet <em>Tanyka amnicola<\/em>.<\/p>\n<div class=\"cp_wrapper cp_wrapper--fw mb-50\">\n<figure class=\"mm\"><picture class=\"img\" style=\"padding-top:150.96153846154%\"><source  media=\"(min-width: 1024px)\"><source  media=\"(min-width: 768px)\"><img decoding=\"async\" loading=\"lazy\" src=\"https:\/\/nordnesrepublikken.no\/wp-content\/uploads\/2026\/04\/1776842748_450_En-eldgammel-tetrapod-med-vridd-kjeve-som-levde-for-nesten.jpg\" alt=\"Bilde\" width=\"520\" height=\"785\"\/><\/source><\/source><\/picture><\/figure>\n<\/p><\/div>\n<p><em>Tanyka amnicola<\/em> er en arkaisk tetrapod av stammen <strong>Nedre perm<\/strong> (<strong>298-275 millioner \u00e5r siden<\/strong>) i Brasil, preget av en sterk torsjon av underkjevens ramus og et bemerkelsesverdig sett med forst\u00f8rrede dentikler p\u00e5 en sterkt buet koronoid. Navnet p\u00e5 slekten kommer fra begrepet <strong>guaran\u00ed<\/strong> (innf\u00f8dte i det sentrale-s\u00f8rlige Amazonas)&raquo;<em>ta\u00f1yk\u00e3<\/em>&laquo;, hva betyr det&raquo;<strong>kjeve<\/strong>&laquo;eller&raquo;<strong>hake<\/strong>&laquo;, Mens <em>amnicola<\/em> er latin for &laquo;<strong>som bor i n\u00e6rheten av elven<\/strong>&laquo;, med henvisning til elveleiet i Brasil der fossilene ble funnet. Teamet av paleontologer kom over et fossilisert kjevebein. I l\u00f8pet av feltarbeidet fant de noen <strong>\u00e5tte<\/strong> like, hver <strong>omtrent femten centimeter lang<\/strong>men ingen andre bein for \u00e5 fullstendig rekonstruere skjelettet.<\/p>\n<p>I f\u00f8lge Jason Pardo, <em>Tanyka<\/em> det tilh\u00f8rer en eldgammel slekt som ikke var kjent for \u00e5 ha overlevd f\u00f8r den perioden, og det er ogs\u00e5 et veldig uvanlig dyr: kjeven har en <strong>merkelig vri<\/strong> som gjorde forskerne mystifiserte. Fylogenetisk analyse viser <strong>tilh\u00f8righet<\/strong> mellom denne arten og andre stammefetrapoder. Den unike morfologien til underkjeven antyder <strong>tilpasninger til spesialisert tygging av sm\u00e5 virvell\u00f8se dyr eller forbruk av plantemateriale<\/strong>som viser at tetrapoder med stamme fortsatte \u00e5 utforske <strong>nye \u00f8kologiske nisjer i Perm i Gondwana<\/strong>i motsetning til det som var kjent til n\u00e5.<\/p>\n<div class=\"cp_wrapper cp_wrapper--fw mb-50\">\n<figure class=\"mm\"><picture class=\"img\" style=\"padding-top:70.769230769231%\"><source  media=\"(min-width: 1024px)\"><source  media=\"(min-width: 768px)\"><img decoding=\"async\" loading=\"lazy\" src=\"https:\/\/nordnesrepublikken.no\/wp-content\/uploads\/2026\/04\/1776842749_85_En-eldgammel-tetrapod-med-vridd-kjeve-som-levde-for-nesten.jpg\" alt=\"Bilde\" width=\"520\" height=\"368\" class=\"js-seedtag-img\"\/><\/source><\/source><\/picture><\/figure>\n<\/p><\/div>\n<p>Der <strong>\u00f8komorfisk mangfold<\/strong> Av <em>Tanyka<\/em> <strong>kontrast<\/strong> med den gryende konsensus om at <strong>mandibular morfologi<\/strong> av tetrapoder, og derfor mat\u00f8kologien, var sterkt <strong>bundet<\/strong> til opprinnelsen til fostervann, og antyder at stammefetrapoder var begge deler <strong>bedre i stand til \u00e5 utvikle seg<\/strong> enn antatt \u00e5 v\u00e6re <strong>mindre \u00f8kologisk begrenset<\/strong> enn tidligere antatt.<\/p>\n<\/p><\/div>\n","protected":false},"excerpt":{"rendered":"<p>En studie publisert p\u00e5 Proceedings of the Royal Society Bmed Jason D. Pardo av Field<\/p>\n","protected":false},"author":1,"featured_media":17284,"comment_status":"closed","ping_status":"open","sticky":false,"template":"","format":"standard","meta":{"footnotes":""},"categories":[24],"tags":[595,8032,11154,6570,79,34,2629,78,564,31,11152,11153],"class_list":["post-17283","post","type-post","status-publish","format-standard","has-post-thumbnail","hentry","category-vitenskap","tag-ar","tag-eldgammel","tag-kjeve","tag-levde","tag-med","tag-millioner","tag-nesten","tag-oppdaget","tag-siden","tag-som","tag-tetrapod","tag-vridd","generate-columns","tablet-grid-50","mobile-grid-100","grid-parent","grid-33","resize-featured-image"],"yoast_head":"<!-- This site is optimized with the Yoast SEO plugin v24.4 - https:\/\/yoast.com\/wordpress\/plugins\/seo\/ -->\n<title>En eldgammel tetrapod med vridd kjeve som levde for nesten 300 millioner \u00e5r siden er oppdaget - Nordnesrepublikken<\/title>\n<meta name=\"robots\" content=\"index, follow, max-snippet:-1, max-image-preview:large, max-video-preview:-1\" \/>\n<link rel=\"canonical\" href=\"https:\/\/nordnesrepublikken.no\/index.php\/2026\/04\/22\/en-eldgammel-tetrapod-med-vridd-kjeve-som-levde-for-nesten-300-millioner-ar-siden-er-oppdaget\/\" \/>\n<meta property=\"og:locale\" content=\"nb_NO\" \/>\n<meta property=\"og:type\" content=\"article\" \/>\n<meta property=\"og:title\" content=\"En eldgammel tetrapod med vridd kjeve som levde for nesten 300 millioner \u00e5r siden er oppdaget - Nordnesrepublikken\" \/>\n<meta property=\"og:description\" content=\"En studie publisert p\u00e5 Proceedings of the Royal Society Bmed Jason D. Pardo av Field\" \/>\n<meta property=\"og:url\" content=\"https:\/\/nordnesrepublikken.no\/index.php\/2026\/04\/22\/en-eldgammel-tetrapod-med-vridd-kjeve-som-levde-for-nesten-300-millioner-ar-siden-er-oppdaget\/\" \/>\n<meta property=\"og:site_name\" content=\"Nordnesrepublikken\" \/>\n<meta property=\"article:published_time\" content=\"2026-04-22T07:25:49+00:00\" \/>\n<meta property=\"article:modified_time\" content=\"2026-04-22T07:25:51+00:00\" \/>\n<meta property=\"og:image\" content=\"https:\/\/nordnesrepublikken.no\/wp-content\/uploads\/2026\/04\/1776842751_En-eldgammel-tetrapod-med-vridd-kjeve-som-levde-for-nesten.jpg\" \/>\n\t<meta property=\"og:image:width\" content=\"1440\" \/>\n\t<meta property=\"og:image:height\" content=\"810\" \/>\n\t<meta property=\"og:image:type\" content=\"image\/jpeg\" \/>\n<meta name=\"author\" content=\"Ole Andersen\" \/>\n<meta name=\"twitter:card\" content=\"summary_large_image\" \/>\n<meta name=\"twitter:label1\" content=\"Skrevet av\" \/>\n\t<meta name=\"twitter:data1\" content=\"Ole Andersen\" \/>\n\t<meta name=\"twitter:label2\" content=\"Ansl. lesetid\" \/>\n\t<meta name=\"twitter:data2\" content=\"2 minutter\" \/>\n<script type=\"application\/ld+json\" class=\"yoast-schema-graph\">{\"@context\":\"https:\/\/schema.org\",\"@graph\":[{\"@type\":\"Article\",\"@id\":\"https:\/\/nordnesrepublikken.no\/index.php\/2026\/04\/22\/en-eldgammel-tetrapod-med-vridd-kjeve-som-levde-for-nesten-300-millioner-ar-siden-er-oppdaget\/#article\",\"isPartOf\":{\"@id\":\"https:\/\/nordnesrepublikken.no\/index.php\/2026\/04\/22\/en-eldgammel-tetrapod-med-vridd-kjeve-som-levde-for-nesten-300-millioner-ar-siden-er-oppdaget\/\"},\"author\":{\"name\":\"Ole Andersen\",\"@id\":\"https:\/\/nordnesrepublikken.no\/#\/schema\/person\/2e7e81935bab77882fffb79296240ff1\"},\"headline\":\"En eldgammel tetrapod med vridd kjeve som levde for nesten 300 millioner \u00e5r siden er oppdaget\",\"datePublished\":\"2026-04-22T07:25:49+00:00\",\"dateModified\":\"2026-04-22T07:25:51+00:00\",\"mainEntityOfPage\":{\"@id\":\"https:\/\/nordnesrepublikken.no\/index.php\/2026\/04\/22\/en-eldgammel-tetrapod-med-vridd-kjeve-som-levde-for-nesten-300-millioner-ar-siden-er-oppdaget\/\"},\"wordCount\":441,\"publisher\":{\"@id\":\"https:\/\/nordnesrepublikken.no\/#organization\"},\"image\":{\"@id\":\"https:\/\/nordnesrepublikken.no\/index.php\/2026\/04\/22\/en-eldgammel-tetrapod-med-vridd-kjeve-som-levde-for-nesten-300-millioner-ar-siden-er-oppdaget\/#primaryimage\"},\"thumbnailUrl\":\"https:\/\/nordnesrepublikken.no\/wp-content\/uploads\/2026\/04\/1776842751_En-eldgammel-tetrapod-med-vridd-kjeve-som-levde-for-nesten.jpg\",\"keywords\":[\"\u00e5r\",\"eldgammel\",\"kjeve\",\"levde\",\"med\",\"millioner\",\"nesten\",\"oppdaget\",\"siden\",\"som\",\"tetrapod\",\"vridd\"],\"articleSection\":[\"Vitenskap\"],\"inLanguage\":\"nb-NO\"},{\"@type\":\"WebPage\",\"@id\":\"https:\/\/nordnesrepublikken.no\/index.php\/2026\/04\/22\/en-eldgammel-tetrapod-med-vridd-kjeve-som-levde-for-nesten-300-millioner-ar-siden-er-oppdaget\/\",\"url\":\"https:\/\/nordnesrepublikken.no\/index.php\/2026\/04\/22\/en-eldgammel-tetrapod-med-vridd-kjeve-som-levde-for-nesten-300-millioner-ar-siden-er-oppdaget\/\",\"name\":\"En eldgammel tetrapod med vridd kjeve som levde for nesten 300 millioner \u00e5r siden er oppdaget - Nordnesrepublikken\",\"isPartOf\":{\"@id\":\"https:\/\/nordnesrepublikken.no\/#website\"},\"primaryImageOfPage\":{\"@id\":\"https:\/\/nordnesrepublikken.no\/index.php\/2026\/04\/22\/en-eldgammel-tetrapod-med-vridd-kjeve-som-levde-for-nesten-300-millioner-ar-siden-er-oppdaget\/#primaryimage\"},\"image\":{\"@id\":\"https:\/\/nordnesrepublikken.no\/index.php\/2026\/04\/22\/en-eldgammel-tetrapod-med-vridd-kjeve-som-levde-for-nesten-300-millioner-ar-siden-er-oppdaget\/#primaryimage\"},\"thumbnailUrl\":\"https:\/\/nordnesrepublikken.no\/wp-content\/uploads\/2026\/04\/1776842751_En-eldgammel-tetrapod-med-vridd-kjeve-som-levde-for-nesten.jpg\",\"datePublished\":\"2026-04-22T07:25:49+00:00\",\"dateModified\":\"2026-04-22T07:25:51+00:00\",\"breadcrumb\":{\"@id\":\"https:\/\/nordnesrepublikken.no\/index.php\/2026\/04\/22\/en-eldgammel-tetrapod-med-vridd-kjeve-som-levde-for-nesten-300-millioner-ar-siden-er-oppdaget\/#breadcrumb\"},\"inLanguage\":\"nb-NO\",\"potentialAction\":[{\"@type\":\"ReadAction\",\"target\":[\"https:\/\/nordnesrepublikken.no\/index.php\/2026\/04\/22\/en-eldgammel-tetrapod-med-vridd-kjeve-som-levde-for-nesten-300-millioner-ar-siden-er-oppdaget\/\"]}]},{\"@type\":\"ImageObject\",\"inLanguage\":\"nb-NO\",\"@id\":\"https:\/\/nordnesrepublikken.no\/index.php\/2026\/04\/22\/en-eldgammel-tetrapod-med-vridd-kjeve-som-levde-for-nesten-300-millioner-ar-siden-er-oppdaget\/#primaryimage\",\"url\":\"https:\/\/nordnesrepublikken.no\/wp-content\/uploads\/2026\/04\/1776842751_En-eldgammel-tetrapod-med-vridd-kjeve-som-levde-for-nesten.jpg\",\"contentUrl\":\"https:\/\/nordnesrepublikken.no\/wp-content\/uploads\/2026\/04\/1776842751_En-eldgammel-tetrapod-med-vridd-kjeve-som-levde-for-nesten.jpg\",\"width\":1440,\"height\":810,\"caption\":\"En eldgammel tetrapod med vridd kjeve som levde for nesten 300 millioner \u00e5r siden er oppdaget\"},{\"@type\":\"BreadcrumbList\",\"@id\":\"https:\/\/nordnesrepublikken.no\/index.php\/2026\/04\/22\/en-eldgammel-tetrapod-med-vridd-kjeve-som-levde-for-nesten-300-millioner-ar-siden-er-oppdaget\/#breadcrumb\",\"itemListElement\":[{\"@type\":\"ListItem\",\"position\":1,\"name\":\"Home\",\"item\":\"https:\/\/nordnesrepublikken.no\/\"},{\"@type\":\"ListItem\",\"position\":2,\"name\":\"En eldgammel tetrapod med vridd kjeve som levde for nesten 300 millioner \u00e5r siden er oppdaget\"}]},{\"@type\":\"WebSite\",\"@id\":\"https:\/\/nordnesrepublikken.no\/#website\",\"url\":\"https:\/\/nordnesrepublikken.no\/\",\"name\":\"Nordnesrepublikken\",\"description\":\"Stemmer og Visjoner fra Republikkens Hjerte\",\"publisher\":{\"@id\":\"https:\/\/nordnesrepublikken.no\/#organization\"},\"potentialAction\":[{\"@type\":\"SearchAction\",\"target\":{\"@type\":\"EntryPoint\",\"urlTemplate\":\"https:\/\/nordnesrepublikken.no\/?s={search_term_string}\"},\"query-input\":{\"@type\":\"PropertyValueSpecification\",\"valueRequired\":true,\"valueName\":\"search_term_string\"}}],\"inLanguage\":\"nb-NO\"},{\"@type\":\"Organization\",\"@id\":\"https:\/\/nordnesrepublikken.no\/#organization\",\"name\":\"Nordnesrepublikken\",\"url\":\"https:\/\/nordnesrepublikken.no\/\",\"logo\":{\"@type\":\"ImageObject\",\"inLanguage\":\"nb-NO\",\"@id\":\"https:\/\/nordnesrepublikken.no\/#\/schema\/logo\/image\/\",\"url\":\"https:\/\/nordnesrepublikken.no\/wp-content\/uploads\/2025\/02\/cropped-nordnesrepublikken-2.png\",\"contentUrl\":\"https:\/\/nordnesrepublikken.no\/wp-content\/uploads\/2025\/02\/cropped-nordnesrepublikken-2.png\",\"width\":1248,\"height\":362,\"caption\":\"Nordnesrepublikken\"},\"image\":{\"@id\":\"https:\/\/nordnesrepublikken.no\/#\/schema\/logo\/image\/\"}},{\"@type\":\"Person\",\"@id\":\"https:\/\/nordnesrepublikken.no\/#\/schema\/person\/2e7e81935bab77882fffb79296240ff1\",\"name\":\"Ole Andersen\",\"image\":{\"@type\":\"ImageObject\",\"inLanguage\":\"nb-NO\",\"@id\":\"https:\/\/nordnesrepublikken.no\/#\/schema\/person\/image\/\",\"url\":\"https:\/\/nordnesrepublikken.no\/wp-content\/uploads\/2025\/02\/nordnesrepublikken-2-2-150x150.jpg\",\"contentUrl\":\"https:\/\/nordnesrepublikken.no\/wp-content\/uploads\/2025\/02\/nordnesrepublikken-2-2-150x150.jpg\",\"caption\":\"Ole Andersen\"},\"description\":\"Ettersom jeg vokste opp i Oslo, har jeg alltid v\u00e6rt fascinert av ordenes kraft og deres evne til \u00e5 skape endringer. Etter \u00e5 ha fullf\u00f8rt min utdannelse i kommunikasjon ved Universitetet i Bergen, fikk jeg muligheten til \u00e5 jobbe innen ulike medier, der jeg har s\u00f8kt \u00e5 belyse viktige samfunnssp\u00f8rsm\u00e5l. I dag, som redakt\u00f8r for Nordnesrepublikken, pr\u00f8ver jeg \u00e5 forene min kj\u00e6rlighet for journalistikk med min lidenskap for innovasjon og eventyr.\",\"sameAs\":[\"https:\/\/nordnesrepublikken.no\/\"]}]}<\/script>\n<!-- \/ Yoast SEO plugin. -->","yoast_head_json":{"title":"En eldgammel tetrapod med vridd kjeve som levde for nesten 300 millioner \u00e5r siden er oppdaget - Nordnesrepublikken","robots":{"index":"index","follow":"follow","max-snippet":"max-snippet:-1","max-image-preview":"max-image-preview:large","max-video-preview":"max-video-preview:-1"},"canonical":"https:\/\/nordnesrepublikken.no\/index.php\/2026\/04\/22\/en-eldgammel-tetrapod-med-vridd-kjeve-som-levde-for-nesten-300-millioner-ar-siden-er-oppdaget\/","og_locale":"nb_NO","og_type":"article","og_title":"En eldgammel tetrapod med vridd kjeve som levde for nesten 300 millioner \u00e5r siden er oppdaget - Nordnesrepublikken","og_description":"En studie publisert p\u00e5 Proceedings of the Royal Society Bmed Jason D. Pardo av Field","og_url":"https:\/\/nordnesrepublikken.no\/index.php\/2026\/04\/22\/en-eldgammel-tetrapod-med-vridd-kjeve-som-levde-for-nesten-300-millioner-ar-siden-er-oppdaget\/","og_site_name":"Nordnesrepublikken","article_published_time":"2026-04-22T07:25:49+00:00","article_modified_time":"2026-04-22T07:25:51+00:00","og_image":[{"width":1440,"height":810,"url":"https:\/\/nordnesrepublikken.no\/wp-content\/uploads\/2026\/04\/1776842751_En-eldgammel-tetrapod-med-vridd-kjeve-som-levde-for-nesten.jpg","type":"image\/jpeg"}],"author":"Ole Andersen","twitter_card":"summary_large_image","twitter_misc":{"Skrevet av":"Ole Andersen","Ansl. lesetid":"2 minutter"},"schema":{"@context":"https:\/\/schema.org","@graph":[{"@type":"Article","@id":"https:\/\/nordnesrepublikken.no\/index.php\/2026\/04\/22\/en-eldgammel-tetrapod-med-vridd-kjeve-som-levde-for-nesten-300-millioner-ar-siden-er-oppdaget\/#article","isPartOf":{"@id":"https:\/\/nordnesrepublikken.no\/index.php\/2026\/04\/22\/en-eldgammel-tetrapod-med-vridd-kjeve-som-levde-for-nesten-300-millioner-ar-siden-er-oppdaget\/"},"author":{"name":"Ole Andersen","@id":"https:\/\/nordnesrepublikken.no\/#\/schema\/person\/2e7e81935bab77882fffb79296240ff1"},"headline":"En eldgammel tetrapod med vridd kjeve som levde for nesten 300 millioner \u00e5r siden er oppdaget","datePublished":"2026-04-22T07:25:49+00:00","dateModified":"2026-04-22T07:25:51+00:00","mainEntityOfPage":{"@id":"https:\/\/nordnesrepublikken.no\/index.php\/2026\/04\/22\/en-eldgammel-tetrapod-med-vridd-kjeve-som-levde-for-nesten-300-millioner-ar-siden-er-oppdaget\/"},"wordCount":441,"publisher":{"@id":"https:\/\/nordnesrepublikken.no\/#organization"},"image":{"@id":"https:\/\/nordnesrepublikken.no\/index.php\/2026\/04\/22\/en-eldgammel-tetrapod-med-vridd-kjeve-som-levde-for-nesten-300-millioner-ar-siden-er-oppdaget\/#primaryimage"},"thumbnailUrl":"https:\/\/nordnesrepublikken.no\/wp-content\/uploads\/2026\/04\/1776842751_En-eldgammel-tetrapod-med-vridd-kjeve-som-levde-for-nesten.jpg","keywords":["\u00e5r","eldgammel","kjeve","levde","med","millioner","nesten","oppdaget","siden","som","tetrapod","vridd"],"articleSection":["Vitenskap"],"inLanguage":"nb-NO"},{"@type":"WebPage","@id":"https:\/\/nordnesrepublikken.no\/index.php\/2026\/04\/22\/en-eldgammel-tetrapod-med-vridd-kjeve-som-levde-for-nesten-300-millioner-ar-siden-er-oppdaget\/","url":"https:\/\/nordnesrepublikken.no\/index.php\/2026\/04\/22\/en-eldgammel-tetrapod-med-vridd-kjeve-som-levde-for-nesten-300-millioner-ar-siden-er-oppdaget\/","name":"En eldgammel tetrapod med vridd kjeve som levde for nesten 300 millioner \u00e5r siden er oppdaget - Nordnesrepublikken","isPartOf":{"@id":"https:\/\/nordnesrepublikken.no\/#website"},"primaryImageOfPage":{"@id":"https:\/\/nordnesrepublikken.no\/index.php\/2026\/04\/22\/en-eldgammel-tetrapod-med-vridd-kjeve-som-levde-for-nesten-300-millioner-ar-siden-er-oppdaget\/#primaryimage"},"image":{"@id":"https:\/\/nordnesrepublikken.no\/index.php\/2026\/04\/22\/en-eldgammel-tetrapod-med-vridd-kjeve-som-levde-for-nesten-300-millioner-ar-siden-er-oppdaget\/#primaryimage"},"thumbnailUrl":"https:\/\/nordnesrepublikken.no\/wp-content\/uploads\/2026\/04\/1776842751_En-eldgammel-tetrapod-med-vridd-kjeve-som-levde-for-nesten.jpg","datePublished":"2026-04-22T07:25:49+00:00","dateModified":"2026-04-22T07:25:51+00:00","breadcrumb":{"@id":"https:\/\/nordnesrepublikken.no\/index.php\/2026\/04\/22\/en-eldgammel-tetrapod-med-vridd-kjeve-som-levde-for-nesten-300-millioner-ar-siden-er-oppdaget\/#breadcrumb"},"inLanguage":"nb-NO","potentialAction":[{"@type":"ReadAction","target":["https:\/\/nordnesrepublikken.no\/index.php\/2026\/04\/22\/en-eldgammel-tetrapod-med-vridd-kjeve-som-levde-for-nesten-300-millioner-ar-siden-er-oppdaget\/"]}]},{"@type":"ImageObject","inLanguage":"nb-NO","@id":"https:\/\/nordnesrepublikken.no\/index.php\/2026\/04\/22\/en-eldgammel-tetrapod-med-vridd-kjeve-som-levde-for-nesten-300-millioner-ar-siden-er-oppdaget\/#primaryimage","url":"https:\/\/nordnesrepublikken.no\/wp-content\/uploads\/2026\/04\/1776842751_En-eldgammel-tetrapod-med-vridd-kjeve-som-levde-for-nesten.jpg","contentUrl":"https:\/\/nordnesrepublikken.no\/wp-content\/uploads\/2026\/04\/1776842751_En-eldgammel-tetrapod-med-vridd-kjeve-som-levde-for-nesten.jpg","width":1440,"height":810,"caption":"En eldgammel tetrapod med vridd kjeve som levde for nesten 300 millioner \u00e5r siden er oppdaget"},{"@type":"BreadcrumbList","@id":"https:\/\/nordnesrepublikken.no\/index.php\/2026\/04\/22\/en-eldgammel-tetrapod-med-vridd-kjeve-som-levde-for-nesten-300-millioner-ar-siden-er-oppdaget\/#breadcrumb","itemListElement":[{"@type":"ListItem","position":1,"name":"Home","item":"https:\/\/nordnesrepublikken.no\/"},{"@type":"ListItem","position":2,"name":"En eldgammel tetrapod med vridd kjeve som levde for nesten 300 millioner \u00e5r siden er oppdaget"}]},{"@type":"WebSite","@id":"https:\/\/nordnesrepublikken.no\/#website","url":"https:\/\/nordnesrepublikken.no\/","name":"Nordnesrepublikken","description":"Stemmer og Visjoner fra Republikkens Hjerte","publisher":{"@id":"https:\/\/nordnesrepublikken.no\/#organization"},"potentialAction":[{"@type":"SearchAction","target":{"@type":"EntryPoint","urlTemplate":"https:\/\/nordnesrepublikken.no\/?s={search_term_string}"},"query-input":{"@type":"PropertyValueSpecification","valueRequired":true,"valueName":"search_term_string"}}],"inLanguage":"nb-NO"},{"@type":"Organization","@id":"https:\/\/nordnesrepublikken.no\/#organization","name":"Nordnesrepublikken","url":"https:\/\/nordnesrepublikken.no\/","logo":{"@type":"ImageObject","inLanguage":"nb-NO","@id":"https:\/\/nordnesrepublikken.no\/#\/schema\/logo\/image\/","url":"https:\/\/nordnesrepublikken.no\/wp-content\/uploads\/2025\/02\/cropped-nordnesrepublikken-2.png","contentUrl":"https:\/\/nordnesrepublikken.no\/wp-content\/uploads\/2025\/02\/cropped-nordnesrepublikken-2.png","width":1248,"height":362,"caption":"Nordnesrepublikken"},"image":{"@id":"https:\/\/nordnesrepublikken.no\/#\/schema\/logo\/image\/"}},{"@type":"Person","@id":"https:\/\/nordnesrepublikken.no\/#\/schema\/person\/2e7e81935bab77882fffb79296240ff1","name":"Ole Andersen","image":{"@type":"ImageObject","inLanguage":"nb-NO","@id":"https:\/\/nordnesrepublikken.no\/#\/schema\/person\/image\/","url":"https:\/\/nordnesrepublikken.no\/wp-content\/uploads\/2025\/02\/nordnesrepublikken-2-2-150x150.jpg","contentUrl":"https:\/\/nordnesrepublikken.no\/wp-content\/uploads\/2025\/02\/nordnesrepublikken-2-2-150x150.jpg","caption":"Ole Andersen"},"description":"Ettersom jeg vokste opp i Oslo, har jeg alltid v\u00e6rt fascinert av ordenes kraft og deres evne til \u00e5 skape endringer. Etter \u00e5 ha fullf\u00f8rt min utdannelse i kommunikasjon ved Universitetet i Bergen, fikk jeg muligheten til \u00e5 jobbe innen ulike medier, der jeg har s\u00f8kt \u00e5 belyse viktige samfunnssp\u00f8rsm\u00e5l. I dag, som redakt\u00f8r for Nordnesrepublikken, pr\u00f8ver jeg \u00e5 forene min kj\u00e6rlighet for journalistikk med min lidenskap for innovasjon og eventyr.","sameAs":["https:\/\/nordnesrepublikken.no\/"]}]}},"_links":{"self":[{"href":"https:\/\/nordnesrepublikken.no\/index.php\/wp-json\/wp\/v2\/posts\/17283","targetHints":{"allow":["GET"]}}],"collection":[{"href":"https:\/\/nordnesrepublikken.no\/index.php\/wp-json\/wp\/v2\/posts"}],"about":[{"href":"https:\/\/nordnesrepublikken.no\/index.php\/wp-json\/wp\/v2\/types\/post"}],"author":[{"embeddable":true,"href":"https:\/\/nordnesrepublikken.no\/index.php\/wp-json\/wp\/v2\/users\/1"}],"replies":[{"embeddable":true,"href":"https:\/\/nordnesrepublikken.no\/index.php\/wp-json\/wp\/v2\/comments?post=17283"}],"version-history":[{"count":1,"href":"https:\/\/nordnesrepublikken.no\/index.php\/wp-json\/wp\/v2\/posts\/17283\/revisions"}],"predecessor-version":[{"id":17285,"href":"https:\/\/nordnesrepublikken.no\/index.php\/wp-json\/wp\/v2\/posts\/17283\/revisions\/17285"}],"wp:featuredmedia":[{"embeddable":true,"href":"https:\/\/nordnesrepublikken.no\/index.php\/wp-json\/wp\/v2\/media\/17284"}],"wp:attachment":[{"href":"https:\/\/nordnesrepublikken.no\/index.php\/wp-json\/wp\/v2\/media?parent=17283"}],"wp:term":[{"taxonomy":"category","embeddable":true,"href":"https:\/\/nordnesrepublikken.no\/index.php\/wp-json\/wp\/v2\/categories?post=17283"},{"taxonomy":"post_tag","embeddable":true,"href":"https:\/\/nordnesrepublikken.no\/index.php\/wp-json\/wp\/v2\/tags?post=17283"}],"curies":[{"name":"wp","href":"https:\/\/api.w.org\/{rel}","templated":true}]}}