{"id":17274,"date":"2026-04-22T06:11:20","date_gmt":"2026-04-22T04:11:20","guid":{"rendered":"https:\/\/nordnesrepublikken.no\/index.php\/2026\/04\/22\/togliattis-trekk-i-1944-i-kampen-mot-fascismen\/"},"modified":"2026-04-22T06:11:23","modified_gmt":"2026-04-22T04:11:23","slug":"togliattis-trekk-i-1944-i-kampen-mot-fascismen","status":"publish","type":"post","link":"https:\/\/nordnesrepublikken.no\/index.php\/2026\/04\/22\/togliattis-trekk-i-1944-i-kampen-mot-fascismen\/","title":{"rendered":"Togliattis trekk i 1944 i kampen mot fascismen"},"content":{"rendered":"<div>\n<div class=\"cp_wrapper cp_wrapper--fw mb-30 mb-20@tablet\">\n<figure class=\"mm\"><picture class=\"img\" style=\"padding-top:56.25%\"><source  media=\"(min-width: 1024px)\"><source  media=\"(min-width: 768px)\"><\/source><\/source><\/picture><\/figure>\n<\/p><\/div>\n<p>Der <strong>Salerno vendepunkt<\/strong> det var Palmiro Togliattis valg \u00e5 ta med <strong>italiensk kommunistparti<\/strong> i regjeringslaget. I 1944 gikk Togliatti, med Stalins tillatelse, med p\u00e5 \u00e5 g\u00e5 inn i en monarkisk regjering sammen med de andre antifascistiske partiene, i navnet til den felles kampen mot fascismen og nazismen, som <strong>de kontrollerte det sentrale-nord-Italia<\/strong>. Avtalen som ble gjort av den kommunistiske lederen ga at n\u00e5r Italia ble frigjort, ville innbyggerne kunne velge sitt <strong>statens institusjonelle form<\/strong>alts\u00e5 om man skal bevare monarkiet eller etablere en republikk. Kommunistene gikk inn i Badoglio II-regjeringen, dannet den <strong>22. april 1944<\/strong> <strong>i Salerno<\/strong> (Roma var fortsatt okkupert av nazistene). PCI, sammen med sosialistene, forble i regjering til 1947.<\/p>\n<h2>Hva var Salerno-vendepunktet og hvorfor heter det det<\/h2>\n<p>Vendepunktet i Salerno var det italienske kommunistpartiets beslutning om \u00e5 slutte seg til Badoglio II-regjeringen i 1944 for \u00e5 lede kampen mot den tyske okkupasjonen og det fascistiske diktaturet. Det er definert som \u00abfra Salerno\u00bb fordi <strong>regjeringen m\u00f8ttes i Campania-byen<\/strong>da Roma fortsatt var okkupert av nazi-fascister.<\/p>\n<p>Det b\u00f8r huskes at i <strong>1943 Italia ble delt<\/strong>: de s\u00f8rlige regionene, takket v\u00e6re den anglo-amerikanske landgangen i Salerno, ble befridd fra tysk okkupasjon umiddelbart etter v\u00e5penhvilen, mens Midt-Nord forble under kontroll av Tyskland og <strong>italiensk sosial republikk<\/strong>en marionettstat ledet av Mussolini og effektivt kontrollert av tyskerne. Progressivt avanserte de allierte, st\u00f8ttet av motstanden, nordover og i april 1945 frigjorde hele det nasjonale territoriet.<\/p>\n<div class=\"cp_wrapper cp_wrapper--fw mb-50\">\n<figure class=\"mm\"><picture class=\"img\" style=\"padding-top:151.04166666667%\"><source  media=\"(min-width: 1024px)\"><source  media=\"(min-width: 768px)\"><img decoding=\"async\" loading=\"lazy\" src=\"https:\/\/nordnesrepublikken.no\/wp-content\/uploads\/2026\/04\/1776831079_97_Togliattis-trekk-i-1944-i-kampen-mot-fascismen.jpg\" alt=\"Italia 1943-45- tro Emanuele Mastrangelo via Wikimedia Commons\" width=\"960\" height=\"1450\"\/><\/source><\/source><\/picture><\/figure>\n<\/p><\/div>\n<p>Under borgerkrigen, i noen regioner i S\u00f8r, ble makten holdt, i det minste formelt, av kongehuset og Badoglio-regjeringen. I denne sammenhengen modnet han <strong>kommunistenes tilslutning til regjeringen: <\/strong>det var en viktig begivenhet fordi PCI var et veldig aktivt parti og ga det st\u00f8rste bidraget til motstanden, men det var vanskelig \u00e5 oppn\u00e5, fordi kommunistene generelt ikke deltok i <strong>regjering under et monarki<\/strong>enda mer i land der kongehuset, som i Italia, hadde v\u00e6rt n\u00e6r h\u00f8yreorienterte diktaturer.<\/p>\n<h2><strong>Togliattis retur fra Moskva og det uventede trekket<\/strong><\/h2>\n<p>Vendepunktet ble promotert av Palmiro Togliatti. Sekret\u00e6ren <strong>han returnerte til Italia i mars 1944<\/strong>etter en lang eksil i Sovjetunionen. Helt siden han var borte fra Italia utviklet Togliatti en overbevisning om at det var n\u00f8dvendig \u00e5 samarbeide med alle de andre politiske kreftene som var aktive mot det fascistiske regimet. F\u00f8r han dro til Italia, diskuterte han ideen med Stalin. Den n\u00f8yaktige rollen til den sovjetiske diktatoren er ikke kjent, og if\u00f8lge noen forskere var initiativtakeren til vendepunktet ham, og ikke Togliatti. Sikkert <strong>Stalin ga sin godkjenning<\/strong>som var uunnv\u00e6rlig for ethvert valg ang\u00e5ende kommunistene.<\/p>\n<p>Ved ankomst til Italia slo Togliatti seg ned i Napoli og kunngjorde avgj\u00f8relsen til partikameratene. Det var imidlertid n\u00f8dvendig \u00e5 f\u00e5 henne til \u00e5 akseptere. Hovedproblemet var <strong>monarkiets tilstedev\u00e6relse <\/strong>og av kongen, Vittorio Emanuele III, som i 1922 hadde kalt Mussolini til makten og samarbeidet med det fascistiske diktaturet i tjue \u00e5r. Togliatti overbeviste flertallet av PCI-medlemmene til \u00e5 akseptere avgj\u00f8relsen hans og klarte ogs\u00e5 \u00e5 overvinne motstanden fra de andre venstreorienterte styrkene, f\u00f8rst og fremst <strong>Italiensk sosialistisk parti med proletarisk enhet<\/strong>. Det ble derfor startet forhandlinger med de andre partiene og med monarkiet, og takket v\u00e6re megling av liberale eksponenter, inkludert Enrico De Nicola og Ivanoe Bonomi, ble det oppn\u00e5dd en avtale: Kongehuset ville ikke bli avh\u00f8rt for \u00f8yeblikket, forutsatt at <strong>Vittorio Emanuele III hadde overlatt makten til s\u00f8nnen Umberto<\/strong> (noe kongen gjorde to m\u00e5neder senere, p\u00e5 tidspunktet for frigj\u00f8ringen av Roma) og fremfor alt forutsatt at ved slutten av krigen ville de italienske borgerne bli bedt om \u00e5 bestemme <strong>statens institusjonelle form<\/strong>.<\/p>\n<p>Den 22. april tiltr\u00e5dte Badoglio II-regjeringen, den f\u00f8rste politiske regjeringen i det frigjorte Italia (Badoglio I-regjeringen, dannet etter 25. juli 1943, var sammensatt av teknikere og soldater). De var en del av det <strong>de seks partiene i den nasjonale frigj\u00f8ringskomiteen<\/strong>inkludert PCI: Togliatti var minister uten portef\u00f8lje og en annen eksponent, Fausto Gullo, fikk stillingen som minister for landbruk og skogbruk. Vendepunktet i Salerno var implementert.<\/p>\n<div class=\"cp_wrapper cp_wrapper--fw mb-50\">\n<figure class=\"mm\"><picture class=\"img\" style=\"padding-top:57.26872246696%\"><source  media=\"(min-width: 1024px)\"><source  media=\"(min-width: 768px)\"><img decoding=\"async\" loading=\"lazy\" src=\"https:\/\/nordnesrepublikken.no\/wp-content\/uploads\/2026\/04\/1776831080_8_Togliattis-trekk-i-1944-i-kampen-mot-fascismen.jpg\" alt=\"M\u00f8te med Badoglio II-regjeringen i Salerno (wikimedia commons)\" width=\"454\" height=\"260\" class=\"js-seedtag-img\"\/><\/source><\/source><\/picture><\/figure>\n<\/p><\/div>\n<h2>Konsekvensene: den f\u00f8rste regjeringen for nasjonal enhet er f\u00f8dt<\/h2>\n<p>Vendepunktet hadde <strong>vidtrekkende konsekvenser<\/strong> og lettet etableringen av republikansk demokrati. F\u00f8rst av alt, favoriserte den frigj\u00f8ringskrigen mot fascismen og nazistenes okkupasjon: selv om det ikke var mangel p\u00e5 divergenser og konflikter, som i ett tilfelle til og med for\u00e5rsaket v\u00e6pnede sammenst\u00f8t, partisanformasjonene av forskjellige politiske ideologier <strong>de ledet motstanden sammen<\/strong>. Som avtalt, den 5. juni 1944 overleverte Vittorio Emanuele sine krefter til s\u00f8nnen, men uten \u00e5 abdisere (Umberto ble utnevnt <strong>l\u00f8ytnant av Riket<\/strong>). PCI og PSIUP forble i regjeringen selv etter Badoglios fall og var en del av lederne ledet av <strong>Bonomi, Parri og De Gasperi<\/strong>. 2. juni 1946, som forutsatt i avtalene, ble den institusjonelle folkeavstemningen avholdt, der italienske borgere valgte \u00e5 <strong>sette monarkiet til side til fordel for republikken<\/strong>. Kommunistene samarbeidet ogs\u00e5 med de andre antifascistiske partiene i den grunnlovgivende forsamlingen.<\/p>\n<div class=\"cp_wrapper cp_wrapper--fw mb-50\">\n<figure class=\"mm\"><picture class=\"img\" style=\"padding-top:55.882352941176%\"><source  media=\"(min-width: 1024px)\"><source  media=\"(min-width: 768px)\"><img decoding=\"async\" loading=\"lazy\" src=\"https:\/\/nordnesrepublikken.no\/wp-content\/uploads\/2026\/04\/1776831080_42_Togliattis-trekk-i-1944-i-kampen-mot-fascismen.jpg\" alt=\"M\u00f8te i De Gasperi I-regjeringen i 1945 (Wikimedia Commons)\" width=\"680\" height=\"380\"\/><\/source><\/source><\/picture><\/figure>\n<\/p><\/div>\n<p>Opplevelsen av regjeringer med nasjonal enhet <strong>ble avsluttet i 1947<\/strong>. Den kalde krigen n\u00e6rmet seg i verden, og kristendemokratene, den viktigste regjeringsstyrken, p\u00e5 foranledning av USA bestemte seg for \u00e5 <strong>kaste venstrepartiene fra regjeringen<\/strong>. I mai 1947 ble derfor De Gasperi IV-regjeringen f\u00f8dt, den f\u00f8rste uten tilstedev\u00e6relse av venstreorienterte partier. Siden den gang ville PCI alltid forbli i opposisjon.<\/p>\n<div class=\"cp_wrapper  mb-50   \">\n<div class=\"cbx\">\n<div class=\"cbx__collection\">\n<p>Kilder<\/p>\n<div class=\"cbx__sources\">\n<p>Elena Aga Rossi, Victor Zaslavsky, Togliatti og Stalin. PCI og Stalins utenrikspolitikk i Moskva-arkivene, Il Mulino, 2007<\/p>\n<p>P. Ginsborg, Italias historie fra etterkrigstiden til i dag, Einaudi 1995<\/p>\n<\/p><\/div>\n<\/p><\/div>\n<\/p><\/div>\n<\/div><\/div>\n","protected":false},"excerpt":{"rendered":"<p>Der Salerno vendepunkt det var Palmiro Togliattis valg \u00e5 ta med italiensk kommunistparti i regjeringslaget.<\/p>\n","protected":false},"author":1,"featured_media":17275,"comment_status":"closed","ping_status":"open","sticky":false,"template":"","format":"standard","meta":{"footnotes":""},"categories":[104],"tags":[2587,2370,152,11148,1329],"class_list":["post-17274","post","type-post","status-publish","format-standard","has-post-thumbnail","hentry","category-samfunn","tag-fascismen","tag-kampen","tag-mot","tag-togliattis","tag-trekk","generate-columns","tablet-grid-50","mobile-grid-100","grid-parent","grid-33","resize-featured-image"],"yoast_head":"<!-- This site is optimized with the Yoast SEO plugin v24.4 - https:\/\/yoast.com\/wordpress\/plugins\/seo\/ -->\n<title>Togliattis trekk i 1944 i kampen mot fascismen - Nordnesrepublikken<\/title>\n<meta name=\"robots\" content=\"index, follow, max-snippet:-1, max-image-preview:large, max-video-preview:-1\" \/>\n<link rel=\"canonical\" href=\"https:\/\/nordnesrepublikken.no\/index.php\/2026\/04\/22\/togliattis-trekk-i-1944-i-kampen-mot-fascismen\/\" \/>\n<meta property=\"og:locale\" content=\"nb_NO\" \/>\n<meta property=\"og:type\" content=\"article\" \/>\n<meta property=\"og:title\" content=\"Togliattis trekk i 1944 i kampen mot fascismen - Nordnesrepublikken\" \/>\n<meta property=\"og:description\" content=\"Der Salerno vendepunkt det var Palmiro Togliattis valg \u00e5 ta med italiensk kommunistparti i regjeringslaget.\" \/>\n<meta property=\"og:url\" content=\"https:\/\/nordnesrepublikken.no\/index.php\/2026\/04\/22\/togliattis-trekk-i-1944-i-kampen-mot-fascismen\/\" \/>\n<meta property=\"og:site_name\" content=\"Nordnesrepublikken\" \/>\n<meta property=\"article:published_time\" content=\"2026-04-22T04:11:20+00:00\" \/>\n<meta property=\"article:modified_time\" content=\"2026-04-22T04:11:23+00:00\" \/>\n<meta property=\"og:image\" content=\"https:\/\/nordnesrepublikken.no\/wp-content\/uploads\/2026\/04\/1776831082_Togliattis-trekk-i-1944-i-kampen-mot-fascismen.jpg\" \/>\n\t<meta property=\"og:image:width\" content=\"1920\" \/>\n\t<meta property=\"og:image:height\" content=\"1083\" \/>\n\t<meta property=\"og:image:type\" content=\"image\/jpeg\" \/>\n<meta name=\"author\" content=\"Ole Andersen\" \/>\n<meta name=\"twitter:card\" content=\"summary_large_image\" \/>\n<meta name=\"twitter:label1\" content=\"Skrevet av\" \/>\n\t<meta name=\"twitter:data1\" content=\"Ole Andersen\" \/>\n\t<meta name=\"twitter:label2\" content=\"Ansl. lesetid\" \/>\n\t<meta name=\"twitter:data2\" content=\"4 minutter\" \/>\n<script type=\"application\/ld+json\" class=\"yoast-schema-graph\">{\"@context\":\"https:\/\/schema.org\",\"@graph\":[{\"@type\":\"Article\",\"@id\":\"https:\/\/nordnesrepublikken.no\/index.php\/2026\/04\/22\/togliattis-trekk-i-1944-i-kampen-mot-fascismen\/#article\",\"isPartOf\":{\"@id\":\"https:\/\/nordnesrepublikken.no\/index.php\/2026\/04\/22\/togliattis-trekk-i-1944-i-kampen-mot-fascismen\/\"},\"author\":{\"name\":\"Ole Andersen\",\"@id\":\"https:\/\/nordnesrepublikken.no\/#\/schema\/person\/2e7e81935bab77882fffb79296240ff1\"},\"headline\":\"Togliattis trekk i 1944 i kampen mot fascismen\",\"datePublished\":\"2026-04-22T04:11:20+00:00\",\"dateModified\":\"2026-04-22T04:11:23+00:00\",\"mainEntityOfPage\":{\"@id\":\"https:\/\/nordnesrepublikken.no\/index.php\/2026\/04\/22\/togliattis-trekk-i-1944-i-kampen-mot-fascismen\/\"},\"wordCount\":886,\"publisher\":{\"@id\":\"https:\/\/nordnesrepublikken.no\/#organization\"},\"image\":{\"@id\":\"https:\/\/nordnesrepublikken.no\/index.php\/2026\/04\/22\/togliattis-trekk-i-1944-i-kampen-mot-fascismen\/#primaryimage\"},\"thumbnailUrl\":\"https:\/\/nordnesrepublikken.no\/wp-content\/uploads\/2026\/04\/1776831082_Togliattis-trekk-i-1944-i-kampen-mot-fascismen.jpg\",\"keywords\":[\"fascismen\",\"kampen\",\"mot\",\"Togliattis\",\"Trekk\"],\"articleSection\":[\"Samfunn\"],\"inLanguage\":\"nb-NO\"},{\"@type\":\"WebPage\",\"@id\":\"https:\/\/nordnesrepublikken.no\/index.php\/2026\/04\/22\/togliattis-trekk-i-1944-i-kampen-mot-fascismen\/\",\"url\":\"https:\/\/nordnesrepublikken.no\/index.php\/2026\/04\/22\/togliattis-trekk-i-1944-i-kampen-mot-fascismen\/\",\"name\":\"Togliattis trekk i 1944 i kampen mot fascismen - Nordnesrepublikken\",\"isPartOf\":{\"@id\":\"https:\/\/nordnesrepublikken.no\/#website\"},\"primaryImageOfPage\":{\"@id\":\"https:\/\/nordnesrepublikken.no\/index.php\/2026\/04\/22\/togliattis-trekk-i-1944-i-kampen-mot-fascismen\/#primaryimage\"},\"image\":{\"@id\":\"https:\/\/nordnesrepublikken.no\/index.php\/2026\/04\/22\/togliattis-trekk-i-1944-i-kampen-mot-fascismen\/#primaryimage\"},\"thumbnailUrl\":\"https:\/\/nordnesrepublikken.no\/wp-content\/uploads\/2026\/04\/1776831082_Togliattis-trekk-i-1944-i-kampen-mot-fascismen.jpg\",\"datePublished\":\"2026-04-22T04:11:20+00:00\",\"dateModified\":\"2026-04-22T04:11:23+00:00\",\"breadcrumb\":{\"@id\":\"https:\/\/nordnesrepublikken.no\/index.php\/2026\/04\/22\/togliattis-trekk-i-1944-i-kampen-mot-fascismen\/#breadcrumb\"},\"inLanguage\":\"nb-NO\",\"potentialAction\":[{\"@type\":\"ReadAction\",\"target\":[\"https:\/\/nordnesrepublikken.no\/index.php\/2026\/04\/22\/togliattis-trekk-i-1944-i-kampen-mot-fascismen\/\"]}]},{\"@type\":\"ImageObject\",\"inLanguage\":\"nb-NO\",\"@id\":\"https:\/\/nordnesrepublikken.no\/index.php\/2026\/04\/22\/togliattis-trekk-i-1944-i-kampen-mot-fascismen\/#primaryimage\",\"url\":\"https:\/\/nordnesrepublikken.no\/wp-content\/uploads\/2026\/04\/1776831082_Togliattis-trekk-i-1944-i-kampen-mot-fascismen.jpg\",\"contentUrl\":\"https:\/\/nordnesrepublikken.no\/wp-content\/uploads\/2026\/04\/1776831082_Togliattis-trekk-i-1944-i-kampen-mot-fascismen.jpg\",\"width\":1920,\"height\":1083,\"caption\":\"Togliattis trekk i 1944 i kampen mot fascismen\"},{\"@type\":\"BreadcrumbList\",\"@id\":\"https:\/\/nordnesrepublikken.no\/index.php\/2026\/04\/22\/togliattis-trekk-i-1944-i-kampen-mot-fascismen\/#breadcrumb\",\"itemListElement\":[{\"@type\":\"ListItem\",\"position\":1,\"name\":\"Home\",\"item\":\"https:\/\/nordnesrepublikken.no\/\"},{\"@type\":\"ListItem\",\"position\":2,\"name\":\"Togliattis trekk i 1944 i kampen mot fascismen\"}]},{\"@type\":\"WebSite\",\"@id\":\"https:\/\/nordnesrepublikken.no\/#website\",\"url\":\"https:\/\/nordnesrepublikken.no\/\",\"name\":\"Nordnesrepublikken\",\"description\":\"Stemmer og Visjoner fra Republikkens Hjerte\",\"publisher\":{\"@id\":\"https:\/\/nordnesrepublikken.no\/#organization\"},\"potentialAction\":[{\"@type\":\"SearchAction\",\"target\":{\"@type\":\"EntryPoint\",\"urlTemplate\":\"https:\/\/nordnesrepublikken.no\/?s={search_term_string}\"},\"query-input\":{\"@type\":\"PropertyValueSpecification\",\"valueRequired\":true,\"valueName\":\"search_term_string\"}}],\"inLanguage\":\"nb-NO\"},{\"@type\":\"Organization\",\"@id\":\"https:\/\/nordnesrepublikken.no\/#organization\",\"name\":\"Nordnesrepublikken\",\"url\":\"https:\/\/nordnesrepublikken.no\/\",\"logo\":{\"@type\":\"ImageObject\",\"inLanguage\":\"nb-NO\",\"@id\":\"https:\/\/nordnesrepublikken.no\/#\/schema\/logo\/image\/\",\"url\":\"https:\/\/nordnesrepublikken.no\/wp-content\/uploads\/2025\/02\/cropped-nordnesrepublikken-2.png\",\"contentUrl\":\"https:\/\/nordnesrepublikken.no\/wp-content\/uploads\/2025\/02\/cropped-nordnesrepublikken-2.png\",\"width\":1248,\"height\":362,\"caption\":\"Nordnesrepublikken\"},\"image\":{\"@id\":\"https:\/\/nordnesrepublikken.no\/#\/schema\/logo\/image\/\"}},{\"@type\":\"Person\",\"@id\":\"https:\/\/nordnesrepublikken.no\/#\/schema\/person\/2e7e81935bab77882fffb79296240ff1\",\"name\":\"Ole Andersen\",\"image\":{\"@type\":\"ImageObject\",\"inLanguage\":\"nb-NO\",\"@id\":\"https:\/\/nordnesrepublikken.no\/#\/schema\/person\/image\/\",\"url\":\"https:\/\/nordnesrepublikken.no\/wp-content\/uploads\/2025\/02\/nordnesrepublikken-2-2-150x150.jpg\",\"contentUrl\":\"https:\/\/nordnesrepublikken.no\/wp-content\/uploads\/2025\/02\/nordnesrepublikken-2-2-150x150.jpg\",\"caption\":\"Ole Andersen\"},\"description\":\"Ettersom jeg vokste opp i Oslo, har jeg alltid v\u00e6rt fascinert av ordenes kraft og deres evne til \u00e5 skape endringer. Etter \u00e5 ha fullf\u00f8rt min utdannelse i kommunikasjon ved Universitetet i Bergen, fikk jeg muligheten til \u00e5 jobbe innen ulike medier, der jeg har s\u00f8kt \u00e5 belyse viktige samfunnssp\u00f8rsm\u00e5l. I dag, som redakt\u00f8r for Nordnesrepublikken, pr\u00f8ver jeg \u00e5 forene min kj\u00e6rlighet for journalistikk med min lidenskap for innovasjon og eventyr.\",\"sameAs\":[\"https:\/\/nordnesrepublikken.no\/\"]}]}<\/script>\n<!-- \/ Yoast SEO plugin. -->","yoast_head_json":{"title":"Togliattis trekk i 1944 i kampen mot fascismen - Nordnesrepublikken","robots":{"index":"index","follow":"follow","max-snippet":"max-snippet:-1","max-image-preview":"max-image-preview:large","max-video-preview":"max-video-preview:-1"},"canonical":"https:\/\/nordnesrepublikken.no\/index.php\/2026\/04\/22\/togliattis-trekk-i-1944-i-kampen-mot-fascismen\/","og_locale":"nb_NO","og_type":"article","og_title":"Togliattis trekk i 1944 i kampen mot fascismen - Nordnesrepublikken","og_description":"Der Salerno vendepunkt det var Palmiro Togliattis valg \u00e5 ta med italiensk kommunistparti i regjeringslaget.","og_url":"https:\/\/nordnesrepublikken.no\/index.php\/2026\/04\/22\/togliattis-trekk-i-1944-i-kampen-mot-fascismen\/","og_site_name":"Nordnesrepublikken","article_published_time":"2026-04-22T04:11:20+00:00","article_modified_time":"2026-04-22T04:11:23+00:00","og_image":[{"width":1920,"height":1083,"url":"https:\/\/nordnesrepublikken.no\/wp-content\/uploads\/2026\/04\/1776831082_Togliattis-trekk-i-1944-i-kampen-mot-fascismen.jpg","type":"image\/jpeg"}],"author":"Ole Andersen","twitter_card":"summary_large_image","twitter_misc":{"Skrevet av":"Ole Andersen","Ansl. lesetid":"4 minutter"},"schema":{"@context":"https:\/\/schema.org","@graph":[{"@type":"Article","@id":"https:\/\/nordnesrepublikken.no\/index.php\/2026\/04\/22\/togliattis-trekk-i-1944-i-kampen-mot-fascismen\/#article","isPartOf":{"@id":"https:\/\/nordnesrepublikken.no\/index.php\/2026\/04\/22\/togliattis-trekk-i-1944-i-kampen-mot-fascismen\/"},"author":{"name":"Ole Andersen","@id":"https:\/\/nordnesrepublikken.no\/#\/schema\/person\/2e7e81935bab77882fffb79296240ff1"},"headline":"Togliattis trekk i 1944 i kampen mot fascismen","datePublished":"2026-04-22T04:11:20+00:00","dateModified":"2026-04-22T04:11:23+00:00","mainEntityOfPage":{"@id":"https:\/\/nordnesrepublikken.no\/index.php\/2026\/04\/22\/togliattis-trekk-i-1944-i-kampen-mot-fascismen\/"},"wordCount":886,"publisher":{"@id":"https:\/\/nordnesrepublikken.no\/#organization"},"image":{"@id":"https:\/\/nordnesrepublikken.no\/index.php\/2026\/04\/22\/togliattis-trekk-i-1944-i-kampen-mot-fascismen\/#primaryimage"},"thumbnailUrl":"https:\/\/nordnesrepublikken.no\/wp-content\/uploads\/2026\/04\/1776831082_Togliattis-trekk-i-1944-i-kampen-mot-fascismen.jpg","keywords":["fascismen","kampen","mot","Togliattis","Trekk"],"articleSection":["Samfunn"],"inLanguage":"nb-NO"},{"@type":"WebPage","@id":"https:\/\/nordnesrepublikken.no\/index.php\/2026\/04\/22\/togliattis-trekk-i-1944-i-kampen-mot-fascismen\/","url":"https:\/\/nordnesrepublikken.no\/index.php\/2026\/04\/22\/togliattis-trekk-i-1944-i-kampen-mot-fascismen\/","name":"Togliattis trekk i 1944 i kampen mot fascismen - Nordnesrepublikken","isPartOf":{"@id":"https:\/\/nordnesrepublikken.no\/#website"},"primaryImageOfPage":{"@id":"https:\/\/nordnesrepublikken.no\/index.php\/2026\/04\/22\/togliattis-trekk-i-1944-i-kampen-mot-fascismen\/#primaryimage"},"image":{"@id":"https:\/\/nordnesrepublikken.no\/index.php\/2026\/04\/22\/togliattis-trekk-i-1944-i-kampen-mot-fascismen\/#primaryimage"},"thumbnailUrl":"https:\/\/nordnesrepublikken.no\/wp-content\/uploads\/2026\/04\/1776831082_Togliattis-trekk-i-1944-i-kampen-mot-fascismen.jpg","datePublished":"2026-04-22T04:11:20+00:00","dateModified":"2026-04-22T04:11:23+00:00","breadcrumb":{"@id":"https:\/\/nordnesrepublikken.no\/index.php\/2026\/04\/22\/togliattis-trekk-i-1944-i-kampen-mot-fascismen\/#breadcrumb"},"inLanguage":"nb-NO","potentialAction":[{"@type":"ReadAction","target":["https:\/\/nordnesrepublikken.no\/index.php\/2026\/04\/22\/togliattis-trekk-i-1944-i-kampen-mot-fascismen\/"]}]},{"@type":"ImageObject","inLanguage":"nb-NO","@id":"https:\/\/nordnesrepublikken.no\/index.php\/2026\/04\/22\/togliattis-trekk-i-1944-i-kampen-mot-fascismen\/#primaryimage","url":"https:\/\/nordnesrepublikken.no\/wp-content\/uploads\/2026\/04\/1776831082_Togliattis-trekk-i-1944-i-kampen-mot-fascismen.jpg","contentUrl":"https:\/\/nordnesrepublikken.no\/wp-content\/uploads\/2026\/04\/1776831082_Togliattis-trekk-i-1944-i-kampen-mot-fascismen.jpg","width":1920,"height":1083,"caption":"Togliattis trekk i 1944 i kampen mot fascismen"},{"@type":"BreadcrumbList","@id":"https:\/\/nordnesrepublikken.no\/index.php\/2026\/04\/22\/togliattis-trekk-i-1944-i-kampen-mot-fascismen\/#breadcrumb","itemListElement":[{"@type":"ListItem","position":1,"name":"Home","item":"https:\/\/nordnesrepublikken.no\/"},{"@type":"ListItem","position":2,"name":"Togliattis trekk i 1944 i kampen mot fascismen"}]},{"@type":"WebSite","@id":"https:\/\/nordnesrepublikken.no\/#website","url":"https:\/\/nordnesrepublikken.no\/","name":"Nordnesrepublikken","description":"Stemmer og Visjoner fra Republikkens Hjerte","publisher":{"@id":"https:\/\/nordnesrepublikken.no\/#organization"},"potentialAction":[{"@type":"SearchAction","target":{"@type":"EntryPoint","urlTemplate":"https:\/\/nordnesrepublikken.no\/?s={search_term_string}"},"query-input":{"@type":"PropertyValueSpecification","valueRequired":true,"valueName":"search_term_string"}}],"inLanguage":"nb-NO"},{"@type":"Organization","@id":"https:\/\/nordnesrepublikken.no\/#organization","name":"Nordnesrepublikken","url":"https:\/\/nordnesrepublikken.no\/","logo":{"@type":"ImageObject","inLanguage":"nb-NO","@id":"https:\/\/nordnesrepublikken.no\/#\/schema\/logo\/image\/","url":"https:\/\/nordnesrepublikken.no\/wp-content\/uploads\/2025\/02\/cropped-nordnesrepublikken-2.png","contentUrl":"https:\/\/nordnesrepublikken.no\/wp-content\/uploads\/2025\/02\/cropped-nordnesrepublikken-2.png","width":1248,"height":362,"caption":"Nordnesrepublikken"},"image":{"@id":"https:\/\/nordnesrepublikken.no\/#\/schema\/logo\/image\/"}},{"@type":"Person","@id":"https:\/\/nordnesrepublikken.no\/#\/schema\/person\/2e7e81935bab77882fffb79296240ff1","name":"Ole Andersen","image":{"@type":"ImageObject","inLanguage":"nb-NO","@id":"https:\/\/nordnesrepublikken.no\/#\/schema\/person\/image\/","url":"https:\/\/nordnesrepublikken.no\/wp-content\/uploads\/2025\/02\/nordnesrepublikken-2-2-150x150.jpg","contentUrl":"https:\/\/nordnesrepublikken.no\/wp-content\/uploads\/2025\/02\/nordnesrepublikken-2-2-150x150.jpg","caption":"Ole Andersen"},"description":"Ettersom jeg vokste opp i Oslo, har jeg alltid v\u00e6rt fascinert av ordenes kraft og deres evne til \u00e5 skape endringer. Etter \u00e5 ha fullf\u00f8rt min utdannelse i kommunikasjon ved Universitetet i Bergen, fikk jeg muligheten til \u00e5 jobbe innen ulike medier, der jeg har s\u00f8kt \u00e5 belyse viktige samfunnssp\u00f8rsm\u00e5l. I dag, som redakt\u00f8r for Nordnesrepublikken, pr\u00f8ver jeg \u00e5 forene min kj\u00e6rlighet for journalistikk med min lidenskap for innovasjon og eventyr.","sameAs":["https:\/\/nordnesrepublikken.no\/"]}]}},"_links":{"self":[{"href":"https:\/\/nordnesrepublikken.no\/index.php\/wp-json\/wp\/v2\/posts\/17274","targetHints":{"allow":["GET"]}}],"collection":[{"href":"https:\/\/nordnesrepublikken.no\/index.php\/wp-json\/wp\/v2\/posts"}],"about":[{"href":"https:\/\/nordnesrepublikken.no\/index.php\/wp-json\/wp\/v2\/types\/post"}],"author":[{"embeddable":true,"href":"https:\/\/nordnesrepublikken.no\/index.php\/wp-json\/wp\/v2\/users\/1"}],"replies":[{"embeddable":true,"href":"https:\/\/nordnesrepublikken.no\/index.php\/wp-json\/wp\/v2\/comments?post=17274"}],"version-history":[{"count":1,"href":"https:\/\/nordnesrepublikken.no\/index.php\/wp-json\/wp\/v2\/posts\/17274\/revisions"}],"predecessor-version":[{"id":17276,"href":"https:\/\/nordnesrepublikken.no\/index.php\/wp-json\/wp\/v2\/posts\/17274\/revisions\/17276"}],"wp:featuredmedia":[{"embeddable":true,"href":"https:\/\/nordnesrepublikken.no\/index.php\/wp-json\/wp\/v2\/media\/17275"}],"wp:attachment":[{"href":"https:\/\/nordnesrepublikken.no\/index.php\/wp-json\/wp\/v2\/media?parent=17274"}],"wp:term":[{"taxonomy":"category","embeddable":true,"href":"https:\/\/nordnesrepublikken.no\/index.php\/wp-json\/wp\/v2\/categories?post=17274"},{"taxonomy":"post_tag","embeddable":true,"href":"https:\/\/nordnesrepublikken.no\/index.php\/wp-json\/wp\/v2\/tags?post=17274"}],"curies":[{"name":"wp","href":"https:\/\/api.w.org\/{rel}","templated":true}]}}