{"id":17271,"date":"2026-04-21T19:59:48","date_gmt":"2026-04-21T17:59:48","guid":{"rendered":"https:\/\/nordnesrepublikken.no\/index.php\/2026\/04\/21\/spania-sjaforer-advart-om-at-15-nye-dgt-fotobokser-vil-bevege-seg-rundt-og-vaere-vanskeligere-a-fa-oye-pa\/"},"modified":"2026-04-21T19:59:50","modified_gmt":"2026-04-21T17:59:50","slug":"spania-sjaforer-advart-om-at-15-nye-dgt-fotobokser-vil-bevege-seg-rundt-og-vaere-vanskeligere-a-fa-oye-pa","status":"publish","type":"post","link":"https:\/\/nordnesrepublikken.no\/index.php\/2026\/04\/21\/spania-sjaforer-advart-om-at-15-nye-dgt-fotobokser-vil-bevege-seg-rundt-og-vaere-vanskeligere-a-fa-oye-pa\/","title":{"rendered":"Spania-sj\u00e5f\u00f8rer advart om at 15 nye DGT-fotobokser vil bevege seg rundt og v\u00e6re vanskeligere \u00e5 f\u00e5 \u00f8ye p\u00e5"},"content":{"rendered":"<p><\/p>\n<div class=\"wordpress-content\">\n                    <!-- Article Start --><\/p>\n<p>Sj\u00e5f\u00f8rer i Spania f\u00e5r beskjed om \u00e5 forvente 15 nye DGT dynamiske fotobokser, enheter som kan flyttes mellom lokasjoner i stedet for \u00e5 bli permanent p\u00e5 samme sted. Det betyr at bilister som vet hvor de vanlige radarene er og bremser ned kun p\u00e5 disse punktene, snart kan bli fanget ut. De nye enhetene, bekreftet gjennom offisielle kontraktskunngj\u00f8ringer, skal brukes av Guardia Civil og er en del av DGTs p\u00e5g\u00e5ende innsats for \u00e5 takle fartsovertredelse p\u00e5 spanske veier.<\/p>\n<p>For mange sj\u00e5f\u00f8rer er ikke den st\u00f8rste endringen antallet kameraer. Det er det faktum at de ikke alltid vil v\u00e6re der du forventer dem.<\/p>\n<h2>Hvorfor disse nye radarene er viktige for daglige sj\u00e5f\u00f8rer<\/h2>\n<p>Alle som kj\u00f8rer jevnlig i Spania kjenner m\u00f8nsteret. Det er faste radarer folk snakker om, steder som deles i WhatsApp-grupper og veistrekninger der lokalbefolkningen automatisk trykker p\u00e5 bremsen fordi de vet at et kamera kommer.<\/p>\n<div class=\"sra_unit\"><link rel=\"stylesheet\" id=\"block-sra\" href=\"https:\/\/euroweeklynews.com\/wp-content\/plugins\/snack-related-articles\/dist\/css\/snack-related.min.css?250312-193541\" type=\"text\/css\" media=\"all\">\n<\/div>\n<p>Disse nye enhetene er designet for \u00e5 gj\u00f8re den vanen mindre nyttig. De kan angivelig brukes i en fast stilling eller flyttes avhengig av hvor offiserer bestemmer seg for \u00e5 plassere dem. Enkelt sagt kan det samme kameraet overv\u00e5ke \u00e9n vei denne uken og en annen kort tid etter.<\/p>\n<p>Den uforutsigbarheten er nettopp det som gj\u00f8r dem annerledes enn de tradisjonelle faste systemene driverne har blitt vant til.<\/p>\n<p>For en som allerede holder seg til fartsgrensen endres det veldig lite.<\/p>\n<p>For noen som setter fart til de n\u00e5r et kjent kamera, kan det endre ganske mye.<\/p>\n<h2>DGT-fokuset p\u00e5 fart fortsetter<\/h2>\n<p>Spanske trafikkmyndigheter har gjentatte ganger sagt at fart er fortsatt en av de vanligste lovbruddene p\u00e5 veinettet.<\/p>\n<p>Derfor utvides fartsoverv\u00e5kingen stadig gjennom faste kameraer, seksjonskontrollsystemer og mobile kontroller.<\/p>\n<p>DGT-visningen er grei. Lavere hastighet reduserer stopplengden og gir sj\u00e5f\u00f8rene mer tid til \u00e5 reagere n\u00e5r noe uventet skjer.<\/p>\n<p>Mange bilister er uenige i den stadige \u00f8kningen i kontrollene og ser kameraer hovedsakelig som en kilde til b\u00f8ter. Andre p\u00e5peker at enkelte farlige veier ble roligere etter at h\u00e5ndheving ble innf\u00f8rt.<\/p>\n<p>Den debatten forsvinner neppe n\u00e5.<\/p>\n<p>Det som er sikkert er at Spania fortsetter \u00e5 investere i veioverv\u00e5kingsteknologi, og disse 15 enhetene er det siste eksemplet.<\/p>\n<h2>Hvor de mest sannsynlig vil bli brukt<\/h2>\n<p>Fordi kameraene kan flyttes, forventes de \u00e5 v\u00e6re spesielt nyttige der trafikkm\u00f8nstre endres.<\/p>\n<p>Det kan bety travle ferieruter, veier fullpakket i langhelger, sommerferieoperasjoner eller strekninger hvor det er hyppige klager p\u00e5 fart.<\/p>\n<p>I stedet for \u00e5 la \u00e9n radar st\u00e5 permanent p\u00e5 samme sted, kan offiserer flytte enheter etter behov.<\/p>\n<p>For eksempel kan en rute som f\u00f8rer til kyststeder i l\u00f8pet av en sommerfredag \u200b\u200bf\u00e5 ekstra oppmerksomhet, mens en annen vei kan bli sjekket i l\u00f8pet av en tur-retur-helg.<\/p>\n<p>Denne fleksibiliteten gir myndighetene flere muligheter og gir f\u00f8rere f\u00e6rre ledetr\u00e5der. Det betyr ogs\u00e5 at folk ikke skal anta at roligere veier er fri for kontroller.<\/p>\n<h2>Hva er rapportert om teknologien<\/h2>\n<p>Rapporter om de nye enhetene sier at de kan overv\u00e5ke flere kj\u00f8refelt og jobbe i begge kj\u00f8reretninger. Det vil tillate \u00e9n enhet \u00e5 dekke en bredere vei enn eldre enkeltfeltssystemer.<\/p>\n<p>De er ogs\u00e5 beskrevet som i stand til \u00e5 oppdage kj\u00f8ret\u00f8y p\u00e5 avstand, noe som kan hjelpe offiserer overv\u00e5ke trafikken f\u00f8r sj\u00e5f\u00f8rer legger merke til enheten.<\/p>\n<p>For bilister betyr det at plutselig bremsing i siste sekund kan v\u00e6re mindre effektiv enn f\u00f8r.<\/p>\n<p>Den smartere tiln\u00e6rmingen er som alltid st\u00f8dig og lovlig kj\u00f8ring fra start.<\/p>\n<h2>Hva sj\u00e5f\u00f8rer egentlig b\u00f8r ta fra dette<\/h2>\n<p>Noen overskrifter f\u00e5r hver ny radar til \u00e5 h\u00f8res dramatisk ut.<\/p>\n<p>Virkeligheten er mer vanlig. Disse kameraene skaper ikke nye lovbrudd. De h\u00e5ndhever regler som allerede eksisterer.<\/p>\n<p>Hvis du vanligvis kj\u00f8rer innenfor grensene, er oppmerksom p\u00e5 veiskilt og tilpasser hastigheten etter forholdene, vil de neppe gj\u00f8re mye forskjell p\u00e5 dagen din.<\/p>\n<p>Hvis kj\u00f8restilen din avhenger av \u00e5 vite hvor kameraene er, s\u00e5 ja, de kan bli et problem.<\/p>\n<p>Det er nok den gruppen disse nye radarene er rettet mot.<\/p>\n<h2>Kommer det flere i fremtiden<\/h2>\n<p>Ja muligens. Over hele Europa bruker trafikkmyndighetene mer mobile og tilpasningsdyktige h\u00e5ndhevingssystemer. Spania er helt klart en del av den bredere trenden.<\/p>\n<p>Hvis disse kameraene anses som effektive, vil ikke ytterligere kj\u00f8p v\u00e6re overraskende.<\/p>\n<p>For n\u00e5 er det bekreftede tallet 15 enheter.<\/p>\n<h2>Hva spanske sj\u00e5f\u00f8rer b\u00f8r huske n\u00e5<\/h2>\n<p>Mange sj\u00e5f\u00f8rer behandler radarer som landemerker. Sakte ned her, fart opp der, gjenta i morgen. Ankomsten av bevegelige kameraer utfordrer denne rutinen.<\/p>\n<p>For Spanias bilister er budskapet enkelt nok: Det tryggeste stedet \u00e5 respektere fartsgrensen er ikke i n\u00e6rheten av kameraet. Det er overalt.<\/p>\n<p>                    <!-- Originally published at https:\/\/euroweeklynews.com\/2026\/04\/21\/spain-drivers-warned-as-15-new-dgt-speed-cameras-will-move-around-and-be-harder-to-spot\/ on 21 Apr 2026 at 19:20 by Farah Mokrani --><br \/>\n                    <!-- Article End -->\n                <\/div>\n","protected":false},"excerpt":{"rendered":"<p>Sj\u00e5f\u00f8rer i Spania f\u00e5r beskjed om \u00e5 forvente 15 nye DGT dynamiske fotobokser, enheter som<\/p>\n","protected":false},"author":1,"featured_media":17272,"comment_status":"closed","ping_status":"open","sticky":false,"template":"","format":"standard","meta":{"footnotes":""},"categories":[105],"tags":[8915,306,11146,877,260,5185,81,2693,96,11123,290,11147,149],"class_list":["post-17271","post","type-post","status-publish","format-standard","has-post-thumbnail","hentry","category-livsstil","tag-advart","tag-bevege","tag-dgtfotobokser","tag-fa","tag-nye","tag-oye","tag-pa","tag-rundt","tag-seg","tag-spaniasjaforer","tag-vaere","tag-vanskeligere","tag-vil","generate-columns","tablet-grid-50","mobile-grid-100","grid-parent","grid-33","resize-featured-image"],"yoast_head":"<!-- This site is optimized with the Yoast SEO plugin v24.4 - https:\/\/yoast.com\/wordpress\/plugins\/seo\/ -->\n<title>Spania-sj\u00e5f\u00f8rer advart om at 15 nye DGT-fotobokser vil bevege seg rundt og v\u00e6re vanskeligere \u00e5 f\u00e5 \u00f8ye p\u00e5 - Nordnesrepublikken<\/title>\n<meta name=\"robots\" content=\"index, follow, max-snippet:-1, max-image-preview:large, max-video-preview:-1\" \/>\n<link rel=\"canonical\" href=\"https:\/\/nordnesrepublikken.no\/index.php\/2026\/04\/21\/spania-sjaforer-advart-om-at-15-nye-dgt-fotobokser-vil-bevege-seg-rundt-og-vaere-vanskeligere-a-fa-oye-pa\/\" \/>\n<meta property=\"og:locale\" content=\"nb_NO\" \/>\n<meta property=\"og:type\" content=\"article\" \/>\n<meta property=\"og:title\" content=\"Spania-sj\u00e5f\u00f8rer advart om at 15 nye DGT-fotobokser vil bevege seg rundt og v\u00e6re vanskeligere \u00e5 f\u00e5 \u00f8ye p\u00e5 - Nordnesrepublikken\" \/>\n<meta property=\"og:description\" content=\"Sj\u00e5f\u00f8rer i Spania f\u00e5r beskjed om \u00e5 forvente 15 nye DGT dynamiske fotobokser, enheter som\" \/>\n<meta property=\"og:url\" content=\"https:\/\/nordnesrepublikken.no\/index.php\/2026\/04\/21\/spania-sjaforer-advart-om-at-15-nye-dgt-fotobokser-vil-bevege-seg-rundt-og-vaere-vanskeligere-a-fa-oye-pa\/\" \/>\n<meta property=\"og:site_name\" content=\"Nordnesrepublikken\" \/>\n<meta property=\"article:published_time\" content=\"2026-04-21T17:59:48+00:00\" \/>\n<meta property=\"article:modified_time\" content=\"2026-04-21T17:59:50+00:00\" \/>\n<meta property=\"og:image\" content=\"https:\/\/nordnesrepublikken.no\/wp-content\/uploads\/2026\/04\/1776794389_Spania-sjaforer-advart-om-at-15-nye-DGT-fotobokser-vil-bevege-seg.jpg\" \/>\n\t<meta property=\"og:image:width\" content=\"1200\" \/>\n\t<meta property=\"og:image:height\" content=\"789\" \/>\n\t<meta property=\"og:image:type\" content=\"image\/jpeg\" \/>\n<meta name=\"author\" content=\"Ole Andersen\" \/>\n<meta name=\"twitter:card\" content=\"summary_large_image\" \/>\n<meta name=\"twitter:label1\" content=\"Skrevet av\" \/>\n\t<meta name=\"twitter:data1\" content=\"Ole Andersen\" \/>\n\t<meta name=\"twitter:label2\" content=\"Ansl. lesetid\" \/>\n\t<meta name=\"twitter:data2\" content=\"4 minutter\" \/>\n<script type=\"application\/ld+json\" class=\"yoast-schema-graph\">{\"@context\":\"https:\/\/schema.org\",\"@graph\":[{\"@type\":\"Article\",\"@id\":\"https:\/\/nordnesrepublikken.no\/index.php\/2026\/04\/21\/spania-sjaforer-advart-om-at-15-nye-dgt-fotobokser-vil-bevege-seg-rundt-og-vaere-vanskeligere-a-fa-oye-pa\/#article\",\"isPartOf\":{\"@id\":\"https:\/\/nordnesrepublikken.no\/index.php\/2026\/04\/21\/spania-sjaforer-advart-om-at-15-nye-dgt-fotobokser-vil-bevege-seg-rundt-og-vaere-vanskeligere-a-fa-oye-pa\/\"},\"author\":{\"name\":\"Ole Andersen\",\"@id\":\"https:\/\/nordnesrepublikken.no\/#\/schema\/person\/2e7e81935bab77882fffb79296240ff1\"},\"headline\":\"Spania-sj\u00e5f\u00f8rer advart om at 15 nye DGT-fotobokser vil bevege seg rundt og v\u00e6re vanskeligere \u00e5 f\u00e5 \u00f8ye p\u00e5\",\"datePublished\":\"2026-04-21T17:59:48+00:00\",\"dateModified\":\"2026-04-21T17:59:50+00:00\",\"mainEntityOfPage\":{\"@id\":\"https:\/\/nordnesrepublikken.no\/index.php\/2026\/04\/21\/spania-sjaforer-advart-om-at-15-nye-dgt-fotobokser-vil-bevege-seg-rundt-og-vaere-vanskeligere-a-fa-oye-pa\/\"},\"wordCount\":803,\"publisher\":{\"@id\":\"https:\/\/nordnesrepublikken.no\/#organization\"},\"image\":{\"@id\":\"https:\/\/nordnesrepublikken.no\/index.php\/2026\/04\/21\/spania-sjaforer-advart-om-at-15-nye-dgt-fotobokser-vil-bevege-seg-rundt-og-vaere-vanskeligere-a-fa-oye-pa\/#primaryimage\"},\"thumbnailUrl\":\"https:\/\/nordnesrepublikken.no\/wp-content\/uploads\/2026\/04\/1776794389_Spania-sjaforer-advart-om-at-15-nye-DGT-fotobokser-vil-bevege-seg.jpg\",\"keywords\":[\"advart\",\"bevege\",\"DGTfotobokser\",\"f\u00e5\",\"nye\",\"\u00f8ye\",\"p\u00e5\",\"rundt\",\"seg\",\"Spaniasj\u00e5f\u00f8rer\",\"v\u00e6re\",\"vanskeligere\",\"vil\"],\"articleSection\":[\"Livsstil\"],\"inLanguage\":\"nb-NO\"},{\"@type\":\"WebPage\",\"@id\":\"https:\/\/nordnesrepublikken.no\/index.php\/2026\/04\/21\/spania-sjaforer-advart-om-at-15-nye-dgt-fotobokser-vil-bevege-seg-rundt-og-vaere-vanskeligere-a-fa-oye-pa\/\",\"url\":\"https:\/\/nordnesrepublikken.no\/index.php\/2026\/04\/21\/spania-sjaforer-advart-om-at-15-nye-dgt-fotobokser-vil-bevege-seg-rundt-og-vaere-vanskeligere-a-fa-oye-pa\/\",\"name\":\"Spania-sj\u00e5f\u00f8rer advart om at 15 nye DGT-fotobokser vil bevege seg rundt og v\u00e6re vanskeligere \u00e5 f\u00e5 \u00f8ye p\u00e5 - Nordnesrepublikken\",\"isPartOf\":{\"@id\":\"https:\/\/nordnesrepublikken.no\/#website\"},\"primaryImageOfPage\":{\"@id\":\"https:\/\/nordnesrepublikken.no\/index.php\/2026\/04\/21\/spania-sjaforer-advart-om-at-15-nye-dgt-fotobokser-vil-bevege-seg-rundt-og-vaere-vanskeligere-a-fa-oye-pa\/#primaryimage\"},\"image\":{\"@id\":\"https:\/\/nordnesrepublikken.no\/index.php\/2026\/04\/21\/spania-sjaforer-advart-om-at-15-nye-dgt-fotobokser-vil-bevege-seg-rundt-og-vaere-vanskeligere-a-fa-oye-pa\/#primaryimage\"},\"thumbnailUrl\":\"https:\/\/nordnesrepublikken.no\/wp-content\/uploads\/2026\/04\/1776794389_Spania-sjaforer-advart-om-at-15-nye-DGT-fotobokser-vil-bevege-seg.jpg\",\"datePublished\":\"2026-04-21T17:59:48+00:00\",\"dateModified\":\"2026-04-21T17:59:50+00:00\",\"breadcrumb\":{\"@id\":\"https:\/\/nordnesrepublikken.no\/index.php\/2026\/04\/21\/spania-sjaforer-advart-om-at-15-nye-dgt-fotobokser-vil-bevege-seg-rundt-og-vaere-vanskeligere-a-fa-oye-pa\/#breadcrumb\"},\"inLanguage\":\"nb-NO\",\"potentialAction\":[{\"@type\":\"ReadAction\",\"target\":[\"https:\/\/nordnesrepublikken.no\/index.php\/2026\/04\/21\/spania-sjaforer-advart-om-at-15-nye-dgt-fotobokser-vil-bevege-seg-rundt-og-vaere-vanskeligere-a-fa-oye-pa\/\"]}]},{\"@type\":\"ImageObject\",\"inLanguage\":\"nb-NO\",\"@id\":\"https:\/\/nordnesrepublikken.no\/index.php\/2026\/04\/21\/spania-sjaforer-advart-om-at-15-nye-dgt-fotobokser-vil-bevege-seg-rundt-og-vaere-vanskeligere-a-fa-oye-pa\/#primaryimage\",\"url\":\"https:\/\/nordnesrepublikken.no\/wp-content\/uploads\/2026\/04\/1776794389_Spania-sjaforer-advart-om-at-15-nye-DGT-fotobokser-vil-bevege-seg.jpg\",\"contentUrl\":\"https:\/\/nordnesrepublikken.no\/wp-content\/uploads\/2026\/04\/1776794389_Spania-sjaforer-advart-om-at-15-nye-DGT-fotobokser-vil-bevege-seg.jpg\",\"width\":1200,\"height\":789,\"caption\":\"Spania-sj\u00e5f\u00f8rer advart om at 15 nye DGT-fotobokser vil bevege seg rundt og v\u00e6re vanskeligere \u00e5 f\u00e5 \u00f8ye p\u00e5\"},{\"@type\":\"BreadcrumbList\",\"@id\":\"https:\/\/nordnesrepublikken.no\/index.php\/2026\/04\/21\/spania-sjaforer-advart-om-at-15-nye-dgt-fotobokser-vil-bevege-seg-rundt-og-vaere-vanskeligere-a-fa-oye-pa\/#breadcrumb\",\"itemListElement\":[{\"@type\":\"ListItem\",\"position\":1,\"name\":\"Home\",\"item\":\"https:\/\/nordnesrepublikken.no\/\"},{\"@type\":\"ListItem\",\"position\":2,\"name\":\"Spania-sj\u00e5f\u00f8rer advart om at 15 nye DGT-fotobokser vil bevege seg rundt og v\u00e6re vanskeligere \u00e5 f\u00e5 \u00f8ye p\u00e5\"}]},{\"@type\":\"WebSite\",\"@id\":\"https:\/\/nordnesrepublikken.no\/#website\",\"url\":\"https:\/\/nordnesrepublikken.no\/\",\"name\":\"Nordnesrepublikken\",\"description\":\"Stemmer og Visjoner fra Republikkens Hjerte\",\"publisher\":{\"@id\":\"https:\/\/nordnesrepublikken.no\/#organization\"},\"potentialAction\":[{\"@type\":\"SearchAction\",\"target\":{\"@type\":\"EntryPoint\",\"urlTemplate\":\"https:\/\/nordnesrepublikken.no\/?s={search_term_string}\"},\"query-input\":{\"@type\":\"PropertyValueSpecification\",\"valueRequired\":true,\"valueName\":\"search_term_string\"}}],\"inLanguage\":\"nb-NO\"},{\"@type\":\"Organization\",\"@id\":\"https:\/\/nordnesrepublikken.no\/#organization\",\"name\":\"Nordnesrepublikken\",\"url\":\"https:\/\/nordnesrepublikken.no\/\",\"logo\":{\"@type\":\"ImageObject\",\"inLanguage\":\"nb-NO\",\"@id\":\"https:\/\/nordnesrepublikken.no\/#\/schema\/logo\/image\/\",\"url\":\"https:\/\/nordnesrepublikken.no\/wp-content\/uploads\/2025\/02\/cropped-nordnesrepublikken-2.png\",\"contentUrl\":\"https:\/\/nordnesrepublikken.no\/wp-content\/uploads\/2025\/02\/cropped-nordnesrepublikken-2.png\",\"width\":1248,\"height\":362,\"caption\":\"Nordnesrepublikken\"},\"image\":{\"@id\":\"https:\/\/nordnesrepublikken.no\/#\/schema\/logo\/image\/\"}},{\"@type\":\"Person\",\"@id\":\"https:\/\/nordnesrepublikken.no\/#\/schema\/person\/2e7e81935bab77882fffb79296240ff1\",\"name\":\"Ole Andersen\",\"image\":{\"@type\":\"ImageObject\",\"inLanguage\":\"nb-NO\",\"@id\":\"https:\/\/nordnesrepublikken.no\/#\/schema\/person\/image\/\",\"url\":\"https:\/\/nordnesrepublikken.no\/wp-content\/uploads\/2025\/02\/nordnesrepublikken-2-2-150x150.jpg\",\"contentUrl\":\"https:\/\/nordnesrepublikken.no\/wp-content\/uploads\/2025\/02\/nordnesrepublikken-2-2-150x150.jpg\",\"caption\":\"Ole Andersen\"},\"description\":\"Ettersom jeg vokste opp i Oslo, har jeg alltid v\u00e6rt fascinert av ordenes kraft og deres evne til \u00e5 skape endringer. Etter \u00e5 ha fullf\u00f8rt min utdannelse i kommunikasjon ved Universitetet i Bergen, fikk jeg muligheten til \u00e5 jobbe innen ulike medier, der jeg har s\u00f8kt \u00e5 belyse viktige samfunnssp\u00f8rsm\u00e5l. I dag, som redakt\u00f8r for Nordnesrepublikken, pr\u00f8ver jeg \u00e5 forene min kj\u00e6rlighet for journalistikk med min lidenskap for innovasjon og eventyr.\",\"sameAs\":[\"https:\/\/nordnesrepublikken.no\/\"]}]}<\/script>\n<!-- \/ Yoast SEO plugin. -->","yoast_head_json":{"title":"Spania-sj\u00e5f\u00f8rer advart om at 15 nye DGT-fotobokser vil bevege seg rundt og v\u00e6re vanskeligere \u00e5 f\u00e5 \u00f8ye p\u00e5 - Nordnesrepublikken","robots":{"index":"index","follow":"follow","max-snippet":"max-snippet:-1","max-image-preview":"max-image-preview:large","max-video-preview":"max-video-preview:-1"},"canonical":"https:\/\/nordnesrepublikken.no\/index.php\/2026\/04\/21\/spania-sjaforer-advart-om-at-15-nye-dgt-fotobokser-vil-bevege-seg-rundt-og-vaere-vanskeligere-a-fa-oye-pa\/","og_locale":"nb_NO","og_type":"article","og_title":"Spania-sj\u00e5f\u00f8rer advart om at 15 nye DGT-fotobokser vil bevege seg rundt og v\u00e6re vanskeligere \u00e5 f\u00e5 \u00f8ye p\u00e5 - Nordnesrepublikken","og_description":"Sj\u00e5f\u00f8rer i Spania f\u00e5r beskjed om \u00e5 forvente 15 nye DGT dynamiske fotobokser, enheter som","og_url":"https:\/\/nordnesrepublikken.no\/index.php\/2026\/04\/21\/spania-sjaforer-advart-om-at-15-nye-dgt-fotobokser-vil-bevege-seg-rundt-og-vaere-vanskeligere-a-fa-oye-pa\/","og_site_name":"Nordnesrepublikken","article_published_time":"2026-04-21T17:59:48+00:00","article_modified_time":"2026-04-21T17:59:50+00:00","og_image":[{"width":1200,"height":789,"url":"https:\/\/nordnesrepublikken.no\/wp-content\/uploads\/2026\/04\/1776794389_Spania-sjaforer-advart-om-at-15-nye-DGT-fotobokser-vil-bevege-seg.jpg","type":"image\/jpeg"}],"author":"Ole Andersen","twitter_card":"summary_large_image","twitter_misc":{"Skrevet av":"Ole Andersen","Ansl. lesetid":"4 minutter"},"schema":{"@context":"https:\/\/schema.org","@graph":[{"@type":"Article","@id":"https:\/\/nordnesrepublikken.no\/index.php\/2026\/04\/21\/spania-sjaforer-advart-om-at-15-nye-dgt-fotobokser-vil-bevege-seg-rundt-og-vaere-vanskeligere-a-fa-oye-pa\/#article","isPartOf":{"@id":"https:\/\/nordnesrepublikken.no\/index.php\/2026\/04\/21\/spania-sjaforer-advart-om-at-15-nye-dgt-fotobokser-vil-bevege-seg-rundt-og-vaere-vanskeligere-a-fa-oye-pa\/"},"author":{"name":"Ole Andersen","@id":"https:\/\/nordnesrepublikken.no\/#\/schema\/person\/2e7e81935bab77882fffb79296240ff1"},"headline":"Spania-sj\u00e5f\u00f8rer advart om at 15 nye DGT-fotobokser vil bevege seg rundt og v\u00e6re vanskeligere \u00e5 f\u00e5 \u00f8ye p\u00e5","datePublished":"2026-04-21T17:59:48+00:00","dateModified":"2026-04-21T17:59:50+00:00","mainEntityOfPage":{"@id":"https:\/\/nordnesrepublikken.no\/index.php\/2026\/04\/21\/spania-sjaforer-advart-om-at-15-nye-dgt-fotobokser-vil-bevege-seg-rundt-og-vaere-vanskeligere-a-fa-oye-pa\/"},"wordCount":803,"publisher":{"@id":"https:\/\/nordnesrepublikken.no\/#organization"},"image":{"@id":"https:\/\/nordnesrepublikken.no\/index.php\/2026\/04\/21\/spania-sjaforer-advart-om-at-15-nye-dgt-fotobokser-vil-bevege-seg-rundt-og-vaere-vanskeligere-a-fa-oye-pa\/#primaryimage"},"thumbnailUrl":"https:\/\/nordnesrepublikken.no\/wp-content\/uploads\/2026\/04\/1776794389_Spania-sjaforer-advart-om-at-15-nye-DGT-fotobokser-vil-bevege-seg.jpg","keywords":["advart","bevege","DGTfotobokser","f\u00e5","nye","\u00f8ye","p\u00e5","rundt","seg","Spaniasj\u00e5f\u00f8rer","v\u00e6re","vanskeligere","vil"],"articleSection":["Livsstil"],"inLanguage":"nb-NO"},{"@type":"WebPage","@id":"https:\/\/nordnesrepublikken.no\/index.php\/2026\/04\/21\/spania-sjaforer-advart-om-at-15-nye-dgt-fotobokser-vil-bevege-seg-rundt-og-vaere-vanskeligere-a-fa-oye-pa\/","url":"https:\/\/nordnesrepublikken.no\/index.php\/2026\/04\/21\/spania-sjaforer-advart-om-at-15-nye-dgt-fotobokser-vil-bevege-seg-rundt-og-vaere-vanskeligere-a-fa-oye-pa\/","name":"Spania-sj\u00e5f\u00f8rer advart om at 15 nye DGT-fotobokser vil bevege seg rundt og v\u00e6re vanskeligere \u00e5 f\u00e5 \u00f8ye p\u00e5 - Nordnesrepublikken","isPartOf":{"@id":"https:\/\/nordnesrepublikken.no\/#website"},"primaryImageOfPage":{"@id":"https:\/\/nordnesrepublikken.no\/index.php\/2026\/04\/21\/spania-sjaforer-advart-om-at-15-nye-dgt-fotobokser-vil-bevege-seg-rundt-og-vaere-vanskeligere-a-fa-oye-pa\/#primaryimage"},"image":{"@id":"https:\/\/nordnesrepublikken.no\/index.php\/2026\/04\/21\/spania-sjaforer-advart-om-at-15-nye-dgt-fotobokser-vil-bevege-seg-rundt-og-vaere-vanskeligere-a-fa-oye-pa\/#primaryimage"},"thumbnailUrl":"https:\/\/nordnesrepublikken.no\/wp-content\/uploads\/2026\/04\/1776794389_Spania-sjaforer-advart-om-at-15-nye-DGT-fotobokser-vil-bevege-seg.jpg","datePublished":"2026-04-21T17:59:48+00:00","dateModified":"2026-04-21T17:59:50+00:00","breadcrumb":{"@id":"https:\/\/nordnesrepublikken.no\/index.php\/2026\/04\/21\/spania-sjaforer-advart-om-at-15-nye-dgt-fotobokser-vil-bevege-seg-rundt-og-vaere-vanskeligere-a-fa-oye-pa\/#breadcrumb"},"inLanguage":"nb-NO","potentialAction":[{"@type":"ReadAction","target":["https:\/\/nordnesrepublikken.no\/index.php\/2026\/04\/21\/spania-sjaforer-advart-om-at-15-nye-dgt-fotobokser-vil-bevege-seg-rundt-og-vaere-vanskeligere-a-fa-oye-pa\/"]}]},{"@type":"ImageObject","inLanguage":"nb-NO","@id":"https:\/\/nordnesrepublikken.no\/index.php\/2026\/04\/21\/spania-sjaforer-advart-om-at-15-nye-dgt-fotobokser-vil-bevege-seg-rundt-og-vaere-vanskeligere-a-fa-oye-pa\/#primaryimage","url":"https:\/\/nordnesrepublikken.no\/wp-content\/uploads\/2026\/04\/1776794389_Spania-sjaforer-advart-om-at-15-nye-DGT-fotobokser-vil-bevege-seg.jpg","contentUrl":"https:\/\/nordnesrepublikken.no\/wp-content\/uploads\/2026\/04\/1776794389_Spania-sjaforer-advart-om-at-15-nye-DGT-fotobokser-vil-bevege-seg.jpg","width":1200,"height":789,"caption":"Spania-sj\u00e5f\u00f8rer advart om at 15 nye DGT-fotobokser vil bevege seg rundt og v\u00e6re vanskeligere \u00e5 f\u00e5 \u00f8ye p\u00e5"},{"@type":"BreadcrumbList","@id":"https:\/\/nordnesrepublikken.no\/index.php\/2026\/04\/21\/spania-sjaforer-advart-om-at-15-nye-dgt-fotobokser-vil-bevege-seg-rundt-og-vaere-vanskeligere-a-fa-oye-pa\/#breadcrumb","itemListElement":[{"@type":"ListItem","position":1,"name":"Home","item":"https:\/\/nordnesrepublikken.no\/"},{"@type":"ListItem","position":2,"name":"Spania-sj\u00e5f\u00f8rer advart om at 15 nye DGT-fotobokser vil bevege seg rundt og v\u00e6re vanskeligere \u00e5 f\u00e5 \u00f8ye p\u00e5"}]},{"@type":"WebSite","@id":"https:\/\/nordnesrepublikken.no\/#website","url":"https:\/\/nordnesrepublikken.no\/","name":"Nordnesrepublikken","description":"Stemmer og Visjoner fra Republikkens Hjerte","publisher":{"@id":"https:\/\/nordnesrepublikken.no\/#organization"},"potentialAction":[{"@type":"SearchAction","target":{"@type":"EntryPoint","urlTemplate":"https:\/\/nordnesrepublikken.no\/?s={search_term_string}"},"query-input":{"@type":"PropertyValueSpecification","valueRequired":true,"valueName":"search_term_string"}}],"inLanguage":"nb-NO"},{"@type":"Organization","@id":"https:\/\/nordnesrepublikken.no\/#organization","name":"Nordnesrepublikken","url":"https:\/\/nordnesrepublikken.no\/","logo":{"@type":"ImageObject","inLanguage":"nb-NO","@id":"https:\/\/nordnesrepublikken.no\/#\/schema\/logo\/image\/","url":"https:\/\/nordnesrepublikken.no\/wp-content\/uploads\/2025\/02\/cropped-nordnesrepublikken-2.png","contentUrl":"https:\/\/nordnesrepublikken.no\/wp-content\/uploads\/2025\/02\/cropped-nordnesrepublikken-2.png","width":1248,"height":362,"caption":"Nordnesrepublikken"},"image":{"@id":"https:\/\/nordnesrepublikken.no\/#\/schema\/logo\/image\/"}},{"@type":"Person","@id":"https:\/\/nordnesrepublikken.no\/#\/schema\/person\/2e7e81935bab77882fffb79296240ff1","name":"Ole Andersen","image":{"@type":"ImageObject","inLanguage":"nb-NO","@id":"https:\/\/nordnesrepublikken.no\/#\/schema\/person\/image\/","url":"https:\/\/nordnesrepublikken.no\/wp-content\/uploads\/2025\/02\/nordnesrepublikken-2-2-150x150.jpg","contentUrl":"https:\/\/nordnesrepublikken.no\/wp-content\/uploads\/2025\/02\/nordnesrepublikken-2-2-150x150.jpg","caption":"Ole Andersen"},"description":"Ettersom jeg vokste opp i Oslo, har jeg alltid v\u00e6rt fascinert av ordenes kraft og deres evne til \u00e5 skape endringer. Etter \u00e5 ha fullf\u00f8rt min utdannelse i kommunikasjon ved Universitetet i Bergen, fikk jeg muligheten til \u00e5 jobbe innen ulike medier, der jeg har s\u00f8kt \u00e5 belyse viktige samfunnssp\u00f8rsm\u00e5l. I dag, som redakt\u00f8r for Nordnesrepublikken, pr\u00f8ver jeg \u00e5 forene min kj\u00e6rlighet for journalistikk med min lidenskap for innovasjon og eventyr.","sameAs":["https:\/\/nordnesrepublikken.no\/"]}]}},"_links":{"self":[{"href":"https:\/\/nordnesrepublikken.no\/index.php\/wp-json\/wp\/v2\/posts\/17271","targetHints":{"allow":["GET"]}}],"collection":[{"href":"https:\/\/nordnesrepublikken.no\/index.php\/wp-json\/wp\/v2\/posts"}],"about":[{"href":"https:\/\/nordnesrepublikken.no\/index.php\/wp-json\/wp\/v2\/types\/post"}],"author":[{"embeddable":true,"href":"https:\/\/nordnesrepublikken.no\/index.php\/wp-json\/wp\/v2\/users\/1"}],"replies":[{"embeddable":true,"href":"https:\/\/nordnesrepublikken.no\/index.php\/wp-json\/wp\/v2\/comments?post=17271"}],"version-history":[{"count":1,"href":"https:\/\/nordnesrepublikken.no\/index.php\/wp-json\/wp\/v2\/posts\/17271\/revisions"}],"predecessor-version":[{"id":17273,"href":"https:\/\/nordnesrepublikken.no\/index.php\/wp-json\/wp\/v2\/posts\/17271\/revisions\/17273"}],"wp:featuredmedia":[{"embeddable":true,"href":"https:\/\/nordnesrepublikken.no\/index.php\/wp-json\/wp\/v2\/media\/17272"}],"wp:attachment":[{"href":"https:\/\/nordnesrepublikken.no\/index.php\/wp-json\/wp\/v2\/media?parent=17271"}],"wp:term":[{"taxonomy":"category","embeddable":true,"href":"https:\/\/nordnesrepublikken.no\/index.php\/wp-json\/wp\/v2\/categories?post=17271"},{"taxonomy":"post_tag","embeddable":true,"href":"https:\/\/nordnesrepublikken.no\/index.php\/wp-json\/wp\/v2\/tags?post=17271"}],"curies":[{"name":"wp","href":"https:\/\/api.w.org\/{rel}","templated":true}]}}