{"id":17265,"date":"2026-04-21T18:11:04","date_gmt":"2026-04-21T16:11:04","guid":{"rendered":"https:\/\/nordnesrepublikken.no\/index.php\/2026\/04\/21\/campi-flegrei-jordskjelv-som-avtar-og-bradyseisme-stabil-pa-10-mm-maned-siste-ingv-bulletin\/"},"modified":"2026-04-21T18:11:07","modified_gmt":"2026-04-21T16:11:07","slug":"campi-flegrei-jordskjelv-som-avtar-og-bradyseisme-stabil-pa-10-mm-maned-siste-ingv-bulletin","status":"publish","type":"post","link":"https:\/\/nordnesrepublikken.no\/index.php\/2026\/04\/21\/campi-flegrei-jordskjelv-som-avtar-og-bradyseisme-stabil-pa-10-mm-maned-siste-ingv-bulletin\/","title":{"rendered":"Campi Flegrei, jordskjelv som avtar og bradyseisme stabil p\u00e5 10 mm\/m\u00e5ned: siste INGV-bulletin"},"content":{"rendered":"<div>\n<div class=\"cp_wrapper cp_wrapper--fw mb-30 mb-20@tablet\">\n<figure class=\"mm\"><picture class=\"img\" style=\"padding-top:56.25%\"><source  media=\"(min-width: 1024px)\"><source  media=\"(min-width: 768px)\"><\/source><\/source><\/picture><\/figure>\n<\/p><\/div>\n<p>Den siste <strong>ukentlig bulletin<\/strong> av INGV p\u00e5 aktiviteten til <strong>Phlegraean Fields<\/strong> registrerer en nedgang i seismisk aktivitet: i uken mellom <b>13. og 19. april 2026<\/b>falt antallet sjokk til <b>14<\/b> sammenlignet med 94 funn forrige uke. Intensiteten til fenomenene ble ogs\u00e5 dempet, med en maksimal st\u00f8rrelse som ikke oversteg verdien av <b>1.8<\/b>sammenlignet med toppen p\u00e5 3,4 registrert forrige uke.<\/p>\n<p>Til tross for denne avslapningen av seismisiteten, forblir parametrene knyttet til bradyseisme og geokjemien til stedet uendret: bakken fortsetter \u00e5 stige med en konstant hastighet p\u00e5 <strong>10 mm per m\u00e5ned<\/strong>mens termiske analyser ved Solfatara-krateret bekrefter en stabil gjennomsnittstemperatur p\u00e5 fumarolen ca. <strong>173\u00b0C<\/strong>. Det overordnede bildet skisserer derfor et \u00f8yeblikk med lavere frigj\u00f8ring av elastisk energi, samtidig som det bekrefter utholdenheten til den dype dynamikken som kjennetegner den n\u00e5v\u00e6rende fasen av heving av kalderaen.<\/p>\n<h2><b>14 sjokk med maksimal styrke 1,8: jordskjelvdata <\/b><\/h2>\n<p>I uken mellom 13. og 19. april 2026, i Campi Flegrei-omr\u00e5det, <strong>14 seismiske hendelser<\/strong> med en maksimal st\u00f8rrelse p\u00e5 <strong>1.8 <\/strong>spilt inn 13. april. Som alltid i perioder med bradyseismisk l\u00f8ft er jordskjelv veldig grunne: den maksimale dybden som er registrert er <strong>2,6 km<\/strong>. Totalt sett er seismisk aktivitet begrenset.<\/p>\n<div class=\"cp_wrapper cp_wrapper--fw mb-50\">\n<figure class=\"mm\"><picture class=\"img\" style=\"padding-top:72.861356932153%\"><source  media=\"(min-width: 1024px)\"><source  media=\"(min-width: 768px)\"><img decoding=\"async\" loading=\"lazy\" src=\"https:\/\/nordnesrepublikken.no\/wp-content\/uploads\/2026\/04\/1776787863_341_Campi-Flegrei-jordskjelv-som-avtar-og-bradyseisme-stabil-pa-10.jpg\" alt=\"Campi-flegrei-jordskjelv-sjokk\" width=\"1356\" height=\"988\"\/><\/source><\/source><\/picture><\/figure>\n<\/p><\/div>\n<h2><b>Bradyseisme forblir stabil med jordl\u00f8fting p\u00e5 10 mm per m\u00e5ned<\/b><\/h2>\n<p>Fra februar 2026 har gjennomsnittshastigheten for markl\u00f8ft, knyttet til bradyseisme-fenomenet, stabilisert seg rundt <strong>10 mm per m\u00e5ned<\/strong>synkende sammenlignet med tidligere m\u00e5neder. Totalt sett, siden januar 2025, er heisen registrert p\u00e5 Rione Terra GNSS-stasjonen lik ca. <strong>27 cm<\/strong>.<\/p>\n<div class=\"cp_wrapper cp_wrapper--fw mb-50\">\n<figure class=\"mm\"><picture class=\"img\" style=\"padding-top:46.888888888889%\"><source  media=\"(min-width: 1024px)\"><source  media=\"(min-width: 768px)\"><img decoding=\"async\" loading=\"lazy\" src=\"https:\/\/nordnesrepublikken.no\/wp-content\/uploads\/2026\/04\/1776787864_625_Campi-Flegrei-jordskjelv-som-avtar-og-bradyseisme-stabil-pa-10.jpg\" alt=\"gnss-rite-campi-flegrei-stasjon\" width=\"1800\" height=\"844\" class=\"js-seedtag-img\"\/><\/source><\/source><\/picture><\/figure>\n<\/p><\/div>\n<p>De geokjemiske parametrene er i kontinuitet med det som ble observert i de foreg\u00e5ende ukene, og bekrefter de allerede kjente \u00f8kningstrendene, b\u00e5de n\u00e5r det gjelder str\u00f8mmen av gass som slippes ut og temperaturen til fumarolene. I den betraktede perioden <strong>Pisciarelli fumarole<\/strong> registrert en gjennomsnittstemperatur p\u00e5 ca <strong>95\u00b0C<\/strong>mens for <strong>hovedfumarol<\/strong> (BG) som ligger i Solfatara-krateret, en gjennomsnittsverdi p\u00e5 ca <strong>173\u00b0C<\/strong>.<\/p>\n<\/p><\/div>\n","protected":false},"excerpt":{"rendered":"<p>Den siste ukentlig bulletin av INGV p\u00e5 aktiviteten til Phlegraean Fields registrerer en nedgang i<\/p>\n","protected":false},"author":1,"featured_media":17266,"comment_status":"closed","ping_status":"open","sticky":false,"template":"","format":"standard","meta":{"footnotes":""},"categories":[24],"tags":[8313,7477,432,1222,8666,137,7479,81,779,31,1225],"class_list":["post-17265","post","type-post","status-publish","format-standard","has-post-thumbnail","hentry","category-vitenskap","tag-avtar","tag-bradyseisme","tag-campi","tag-flegrei","tag-ingvbulletin","tag-jordskjelv","tag-mmmaned","tag-pa","tag-siste","tag-som","tag-stabil","generate-columns","tablet-grid-50","mobile-grid-100","grid-parent","grid-33","resize-featured-image"],"yoast_head":"<!-- This site is optimized with the Yoast SEO plugin v24.4 - https:\/\/yoast.com\/wordpress\/plugins\/seo\/ -->\n<title>Campi Flegrei, jordskjelv som avtar og bradyseisme stabil p\u00e5 10 mm\/m\u00e5ned: siste INGV-bulletin - Nordnesrepublikken<\/title>\n<meta name=\"robots\" content=\"index, follow, max-snippet:-1, max-image-preview:large, max-video-preview:-1\" \/>\n<link rel=\"canonical\" href=\"https:\/\/nordnesrepublikken.no\/index.php\/2026\/04\/21\/campi-flegrei-jordskjelv-som-avtar-og-bradyseisme-stabil-pa-10-mm-maned-siste-ingv-bulletin\/\" \/>\n<meta property=\"og:locale\" content=\"nb_NO\" \/>\n<meta property=\"og:type\" content=\"article\" \/>\n<meta property=\"og:title\" content=\"Campi Flegrei, jordskjelv som avtar og bradyseisme stabil p\u00e5 10 mm\/m\u00e5ned: siste INGV-bulletin - Nordnesrepublikken\" \/>\n<meta property=\"og:description\" content=\"Den siste ukentlig bulletin av INGV p\u00e5 aktiviteten til Phlegraean Fields registrerer en nedgang i\" \/>\n<meta property=\"og:url\" content=\"https:\/\/nordnesrepublikken.no\/index.php\/2026\/04\/21\/campi-flegrei-jordskjelv-som-avtar-og-bradyseisme-stabil-pa-10-mm-maned-siste-ingv-bulletin\/\" \/>\n<meta property=\"og:site_name\" content=\"Nordnesrepublikken\" \/>\n<meta property=\"article:published_time\" content=\"2026-04-21T16:11:04+00:00\" \/>\n<meta property=\"article:modified_time\" content=\"2026-04-21T16:11:07+00:00\" \/>\n<meta property=\"og:image\" content=\"https:\/\/nordnesrepublikken.no\/wp-content\/uploads\/2026\/04\/1776787866_Campi-Flegrei-jordskjelv-som-avtar-og-bradyseisme-stabil-pa-10.jpg\" \/>\n\t<meta property=\"og:image:width\" content=\"1280\" \/>\n\t<meta property=\"og:image:height\" content=\"720\" \/>\n\t<meta property=\"og:image:type\" content=\"image\/jpeg\" \/>\n<meta name=\"author\" content=\"Ole Andersen\" \/>\n<meta name=\"twitter:card\" content=\"summary_large_image\" \/>\n<meta name=\"twitter:label1\" content=\"Skrevet av\" \/>\n\t<meta name=\"twitter:data1\" content=\"Ole Andersen\" \/>\n\t<meta name=\"twitter:label2\" content=\"Ansl. lesetid\" \/>\n\t<meta name=\"twitter:data2\" content=\"1 minutt\" \/>\n<script type=\"application\/ld+json\" class=\"yoast-schema-graph\">{\"@context\":\"https:\/\/schema.org\",\"@graph\":[{\"@type\":\"Article\",\"@id\":\"https:\/\/nordnesrepublikken.no\/index.php\/2026\/04\/21\/campi-flegrei-jordskjelv-som-avtar-og-bradyseisme-stabil-pa-10-mm-maned-siste-ingv-bulletin\/#article\",\"isPartOf\":{\"@id\":\"https:\/\/nordnesrepublikken.no\/index.php\/2026\/04\/21\/campi-flegrei-jordskjelv-som-avtar-og-bradyseisme-stabil-pa-10-mm-maned-siste-ingv-bulletin\/\"},\"author\":{\"name\":\"Ole Andersen\",\"@id\":\"https:\/\/nordnesrepublikken.no\/#\/schema\/person\/2e7e81935bab77882fffb79296240ff1\"},\"headline\":\"Campi Flegrei, jordskjelv som avtar og bradyseisme stabil p\u00e5 10 mm\/m\u00e5ned: siste INGV-bulletin\",\"datePublished\":\"2026-04-21T16:11:04+00:00\",\"dateModified\":\"2026-04-21T16:11:07+00:00\",\"mainEntityOfPage\":{\"@id\":\"https:\/\/nordnesrepublikken.no\/index.php\/2026\/04\/21\/campi-flegrei-jordskjelv-som-avtar-og-bradyseisme-stabil-pa-10-mm-maned-siste-ingv-bulletin\/\"},\"wordCount\":304,\"publisher\":{\"@id\":\"https:\/\/nordnesrepublikken.no\/#organization\"},\"image\":{\"@id\":\"https:\/\/nordnesrepublikken.no\/index.php\/2026\/04\/21\/campi-flegrei-jordskjelv-som-avtar-og-bradyseisme-stabil-pa-10-mm-maned-siste-ingv-bulletin\/#primaryimage\"},\"thumbnailUrl\":\"https:\/\/nordnesrepublikken.no\/wp-content\/uploads\/2026\/04\/1776787866_Campi-Flegrei-jordskjelv-som-avtar-og-bradyseisme-stabil-pa-10.jpg\",\"keywords\":[\"avtar\",\"Bradyseisme\",\"Campi\",\"flegrei\",\"INGVbulletin\",\"Jordskjelv\",\"mmm\u00e5ned\",\"p\u00e5\",\"siste\",\"som\",\"stabil\"],\"articleSection\":[\"Vitenskap\"],\"inLanguage\":\"nb-NO\"},{\"@type\":\"WebPage\",\"@id\":\"https:\/\/nordnesrepublikken.no\/index.php\/2026\/04\/21\/campi-flegrei-jordskjelv-som-avtar-og-bradyseisme-stabil-pa-10-mm-maned-siste-ingv-bulletin\/\",\"url\":\"https:\/\/nordnesrepublikken.no\/index.php\/2026\/04\/21\/campi-flegrei-jordskjelv-som-avtar-og-bradyseisme-stabil-pa-10-mm-maned-siste-ingv-bulletin\/\",\"name\":\"Campi Flegrei, jordskjelv som avtar og bradyseisme stabil p\u00e5 10 mm\/m\u00e5ned: siste INGV-bulletin - Nordnesrepublikken\",\"isPartOf\":{\"@id\":\"https:\/\/nordnesrepublikken.no\/#website\"},\"primaryImageOfPage\":{\"@id\":\"https:\/\/nordnesrepublikken.no\/index.php\/2026\/04\/21\/campi-flegrei-jordskjelv-som-avtar-og-bradyseisme-stabil-pa-10-mm-maned-siste-ingv-bulletin\/#primaryimage\"},\"image\":{\"@id\":\"https:\/\/nordnesrepublikken.no\/index.php\/2026\/04\/21\/campi-flegrei-jordskjelv-som-avtar-og-bradyseisme-stabil-pa-10-mm-maned-siste-ingv-bulletin\/#primaryimage\"},\"thumbnailUrl\":\"https:\/\/nordnesrepublikken.no\/wp-content\/uploads\/2026\/04\/1776787866_Campi-Flegrei-jordskjelv-som-avtar-og-bradyseisme-stabil-pa-10.jpg\",\"datePublished\":\"2026-04-21T16:11:04+00:00\",\"dateModified\":\"2026-04-21T16:11:07+00:00\",\"breadcrumb\":{\"@id\":\"https:\/\/nordnesrepublikken.no\/index.php\/2026\/04\/21\/campi-flegrei-jordskjelv-som-avtar-og-bradyseisme-stabil-pa-10-mm-maned-siste-ingv-bulletin\/#breadcrumb\"},\"inLanguage\":\"nb-NO\",\"potentialAction\":[{\"@type\":\"ReadAction\",\"target\":[\"https:\/\/nordnesrepublikken.no\/index.php\/2026\/04\/21\/campi-flegrei-jordskjelv-som-avtar-og-bradyseisme-stabil-pa-10-mm-maned-siste-ingv-bulletin\/\"]}]},{\"@type\":\"ImageObject\",\"inLanguage\":\"nb-NO\",\"@id\":\"https:\/\/nordnesrepublikken.no\/index.php\/2026\/04\/21\/campi-flegrei-jordskjelv-som-avtar-og-bradyseisme-stabil-pa-10-mm-maned-siste-ingv-bulletin\/#primaryimage\",\"url\":\"https:\/\/nordnesrepublikken.no\/wp-content\/uploads\/2026\/04\/1776787866_Campi-Flegrei-jordskjelv-som-avtar-og-bradyseisme-stabil-pa-10.jpg\",\"contentUrl\":\"https:\/\/nordnesrepublikken.no\/wp-content\/uploads\/2026\/04\/1776787866_Campi-Flegrei-jordskjelv-som-avtar-og-bradyseisme-stabil-pa-10.jpg\",\"width\":1280,\"height\":720,\"caption\":\"Campi Flegrei, jordskjelv som avtar og bradyseisme stabil p\u00e5 10 mm\/m\u00e5ned: siste INGV-bulletin\"},{\"@type\":\"BreadcrumbList\",\"@id\":\"https:\/\/nordnesrepublikken.no\/index.php\/2026\/04\/21\/campi-flegrei-jordskjelv-som-avtar-og-bradyseisme-stabil-pa-10-mm-maned-siste-ingv-bulletin\/#breadcrumb\",\"itemListElement\":[{\"@type\":\"ListItem\",\"position\":1,\"name\":\"Home\",\"item\":\"https:\/\/nordnesrepublikken.no\/\"},{\"@type\":\"ListItem\",\"position\":2,\"name\":\"Campi Flegrei, jordskjelv som avtar og bradyseisme stabil p\u00e5 10 mm\/m\u00e5ned: siste INGV-bulletin\"}]},{\"@type\":\"WebSite\",\"@id\":\"https:\/\/nordnesrepublikken.no\/#website\",\"url\":\"https:\/\/nordnesrepublikken.no\/\",\"name\":\"Nordnesrepublikken\",\"description\":\"Stemmer og Visjoner fra Republikkens Hjerte\",\"publisher\":{\"@id\":\"https:\/\/nordnesrepublikken.no\/#organization\"},\"potentialAction\":[{\"@type\":\"SearchAction\",\"target\":{\"@type\":\"EntryPoint\",\"urlTemplate\":\"https:\/\/nordnesrepublikken.no\/?s={search_term_string}\"},\"query-input\":{\"@type\":\"PropertyValueSpecification\",\"valueRequired\":true,\"valueName\":\"search_term_string\"}}],\"inLanguage\":\"nb-NO\"},{\"@type\":\"Organization\",\"@id\":\"https:\/\/nordnesrepublikken.no\/#organization\",\"name\":\"Nordnesrepublikken\",\"url\":\"https:\/\/nordnesrepublikken.no\/\",\"logo\":{\"@type\":\"ImageObject\",\"inLanguage\":\"nb-NO\",\"@id\":\"https:\/\/nordnesrepublikken.no\/#\/schema\/logo\/image\/\",\"url\":\"https:\/\/nordnesrepublikken.no\/wp-content\/uploads\/2025\/02\/cropped-nordnesrepublikken-2.png\",\"contentUrl\":\"https:\/\/nordnesrepublikken.no\/wp-content\/uploads\/2025\/02\/cropped-nordnesrepublikken-2.png\",\"width\":1248,\"height\":362,\"caption\":\"Nordnesrepublikken\"},\"image\":{\"@id\":\"https:\/\/nordnesrepublikken.no\/#\/schema\/logo\/image\/\"}},{\"@type\":\"Person\",\"@id\":\"https:\/\/nordnesrepublikken.no\/#\/schema\/person\/2e7e81935bab77882fffb79296240ff1\",\"name\":\"Ole Andersen\",\"image\":{\"@type\":\"ImageObject\",\"inLanguage\":\"nb-NO\",\"@id\":\"https:\/\/nordnesrepublikken.no\/#\/schema\/person\/image\/\",\"url\":\"https:\/\/nordnesrepublikken.no\/wp-content\/uploads\/2025\/02\/nordnesrepublikken-2-2-150x150.jpg\",\"contentUrl\":\"https:\/\/nordnesrepublikken.no\/wp-content\/uploads\/2025\/02\/nordnesrepublikken-2-2-150x150.jpg\",\"caption\":\"Ole Andersen\"},\"description\":\"Ettersom jeg vokste opp i Oslo, har jeg alltid v\u00e6rt fascinert av ordenes kraft og deres evne til \u00e5 skape endringer. Etter \u00e5 ha fullf\u00f8rt min utdannelse i kommunikasjon ved Universitetet i Bergen, fikk jeg muligheten til \u00e5 jobbe innen ulike medier, der jeg har s\u00f8kt \u00e5 belyse viktige samfunnssp\u00f8rsm\u00e5l. I dag, som redakt\u00f8r for Nordnesrepublikken, pr\u00f8ver jeg \u00e5 forene min kj\u00e6rlighet for journalistikk med min lidenskap for innovasjon og eventyr.\",\"sameAs\":[\"https:\/\/nordnesrepublikken.no\/\"]}]}<\/script>\n<!-- \/ Yoast SEO plugin. -->","yoast_head_json":{"title":"Campi Flegrei, jordskjelv som avtar og bradyseisme stabil p\u00e5 10 mm\/m\u00e5ned: siste INGV-bulletin - Nordnesrepublikken","robots":{"index":"index","follow":"follow","max-snippet":"max-snippet:-1","max-image-preview":"max-image-preview:large","max-video-preview":"max-video-preview:-1"},"canonical":"https:\/\/nordnesrepublikken.no\/index.php\/2026\/04\/21\/campi-flegrei-jordskjelv-som-avtar-og-bradyseisme-stabil-pa-10-mm-maned-siste-ingv-bulletin\/","og_locale":"nb_NO","og_type":"article","og_title":"Campi Flegrei, jordskjelv som avtar og bradyseisme stabil p\u00e5 10 mm\/m\u00e5ned: siste INGV-bulletin - Nordnesrepublikken","og_description":"Den siste ukentlig bulletin av INGV p\u00e5 aktiviteten til Phlegraean Fields registrerer en nedgang i","og_url":"https:\/\/nordnesrepublikken.no\/index.php\/2026\/04\/21\/campi-flegrei-jordskjelv-som-avtar-og-bradyseisme-stabil-pa-10-mm-maned-siste-ingv-bulletin\/","og_site_name":"Nordnesrepublikken","article_published_time":"2026-04-21T16:11:04+00:00","article_modified_time":"2026-04-21T16:11:07+00:00","og_image":[{"width":1280,"height":720,"url":"https:\/\/nordnesrepublikken.no\/wp-content\/uploads\/2026\/04\/1776787866_Campi-Flegrei-jordskjelv-som-avtar-og-bradyseisme-stabil-pa-10.jpg","type":"image\/jpeg"}],"author":"Ole Andersen","twitter_card":"summary_large_image","twitter_misc":{"Skrevet av":"Ole Andersen","Ansl. lesetid":"1 minutt"},"schema":{"@context":"https:\/\/schema.org","@graph":[{"@type":"Article","@id":"https:\/\/nordnesrepublikken.no\/index.php\/2026\/04\/21\/campi-flegrei-jordskjelv-som-avtar-og-bradyseisme-stabil-pa-10-mm-maned-siste-ingv-bulletin\/#article","isPartOf":{"@id":"https:\/\/nordnesrepublikken.no\/index.php\/2026\/04\/21\/campi-flegrei-jordskjelv-som-avtar-og-bradyseisme-stabil-pa-10-mm-maned-siste-ingv-bulletin\/"},"author":{"name":"Ole Andersen","@id":"https:\/\/nordnesrepublikken.no\/#\/schema\/person\/2e7e81935bab77882fffb79296240ff1"},"headline":"Campi Flegrei, jordskjelv som avtar og bradyseisme stabil p\u00e5 10 mm\/m\u00e5ned: siste INGV-bulletin","datePublished":"2026-04-21T16:11:04+00:00","dateModified":"2026-04-21T16:11:07+00:00","mainEntityOfPage":{"@id":"https:\/\/nordnesrepublikken.no\/index.php\/2026\/04\/21\/campi-flegrei-jordskjelv-som-avtar-og-bradyseisme-stabil-pa-10-mm-maned-siste-ingv-bulletin\/"},"wordCount":304,"publisher":{"@id":"https:\/\/nordnesrepublikken.no\/#organization"},"image":{"@id":"https:\/\/nordnesrepublikken.no\/index.php\/2026\/04\/21\/campi-flegrei-jordskjelv-som-avtar-og-bradyseisme-stabil-pa-10-mm-maned-siste-ingv-bulletin\/#primaryimage"},"thumbnailUrl":"https:\/\/nordnesrepublikken.no\/wp-content\/uploads\/2026\/04\/1776787866_Campi-Flegrei-jordskjelv-som-avtar-og-bradyseisme-stabil-pa-10.jpg","keywords":["avtar","Bradyseisme","Campi","flegrei","INGVbulletin","Jordskjelv","mmm\u00e5ned","p\u00e5","siste","som","stabil"],"articleSection":["Vitenskap"],"inLanguage":"nb-NO"},{"@type":"WebPage","@id":"https:\/\/nordnesrepublikken.no\/index.php\/2026\/04\/21\/campi-flegrei-jordskjelv-som-avtar-og-bradyseisme-stabil-pa-10-mm-maned-siste-ingv-bulletin\/","url":"https:\/\/nordnesrepublikken.no\/index.php\/2026\/04\/21\/campi-flegrei-jordskjelv-som-avtar-og-bradyseisme-stabil-pa-10-mm-maned-siste-ingv-bulletin\/","name":"Campi Flegrei, jordskjelv som avtar og bradyseisme stabil p\u00e5 10 mm\/m\u00e5ned: siste INGV-bulletin - Nordnesrepublikken","isPartOf":{"@id":"https:\/\/nordnesrepublikken.no\/#website"},"primaryImageOfPage":{"@id":"https:\/\/nordnesrepublikken.no\/index.php\/2026\/04\/21\/campi-flegrei-jordskjelv-som-avtar-og-bradyseisme-stabil-pa-10-mm-maned-siste-ingv-bulletin\/#primaryimage"},"image":{"@id":"https:\/\/nordnesrepublikken.no\/index.php\/2026\/04\/21\/campi-flegrei-jordskjelv-som-avtar-og-bradyseisme-stabil-pa-10-mm-maned-siste-ingv-bulletin\/#primaryimage"},"thumbnailUrl":"https:\/\/nordnesrepublikken.no\/wp-content\/uploads\/2026\/04\/1776787866_Campi-Flegrei-jordskjelv-som-avtar-og-bradyseisme-stabil-pa-10.jpg","datePublished":"2026-04-21T16:11:04+00:00","dateModified":"2026-04-21T16:11:07+00:00","breadcrumb":{"@id":"https:\/\/nordnesrepublikken.no\/index.php\/2026\/04\/21\/campi-flegrei-jordskjelv-som-avtar-og-bradyseisme-stabil-pa-10-mm-maned-siste-ingv-bulletin\/#breadcrumb"},"inLanguage":"nb-NO","potentialAction":[{"@type":"ReadAction","target":["https:\/\/nordnesrepublikken.no\/index.php\/2026\/04\/21\/campi-flegrei-jordskjelv-som-avtar-og-bradyseisme-stabil-pa-10-mm-maned-siste-ingv-bulletin\/"]}]},{"@type":"ImageObject","inLanguage":"nb-NO","@id":"https:\/\/nordnesrepublikken.no\/index.php\/2026\/04\/21\/campi-flegrei-jordskjelv-som-avtar-og-bradyseisme-stabil-pa-10-mm-maned-siste-ingv-bulletin\/#primaryimage","url":"https:\/\/nordnesrepublikken.no\/wp-content\/uploads\/2026\/04\/1776787866_Campi-Flegrei-jordskjelv-som-avtar-og-bradyseisme-stabil-pa-10.jpg","contentUrl":"https:\/\/nordnesrepublikken.no\/wp-content\/uploads\/2026\/04\/1776787866_Campi-Flegrei-jordskjelv-som-avtar-og-bradyseisme-stabil-pa-10.jpg","width":1280,"height":720,"caption":"Campi Flegrei, jordskjelv som avtar og bradyseisme stabil p\u00e5 10 mm\/m\u00e5ned: siste INGV-bulletin"},{"@type":"BreadcrumbList","@id":"https:\/\/nordnesrepublikken.no\/index.php\/2026\/04\/21\/campi-flegrei-jordskjelv-som-avtar-og-bradyseisme-stabil-pa-10-mm-maned-siste-ingv-bulletin\/#breadcrumb","itemListElement":[{"@type":"ListItem","position":1,"name":"Home","item":"https:\/\/nordnesrepublikken.no\/"},{"@type":"ListItem","position":2,"name":"Campi Flegrei, jordskjelv som avtar og bradyseisme stabil p\u00e5 10 mm\/m\u00e5ned: siste INGV-bulletin"}]},{"@type":"WebSite","@id":"https:\/\/nordnesrepublikken.no\/#website","url":"https:\/\/nordnesrepublikken.no\/","name":"Nordnesrepublikken","description":"Stemmer og Visjoner fra Republikkens Hjerte","publisher":{"@id":"https:\/\/nordnesrepublikken.no\/#organization"},"potentialAction":[{"@type":"SearchAction","target":{"@type":"EntryPoint","urlTemplate":"https:\/\/nordnesrepublikken.no\/?s={search_term_string}"},"query-input":{"@type":"PropertyValueSpecification","valueRequired":true,"valueName":"search_term_string"}}],"inLanguage":"nb-NO"},{"@type":"Organization","@id":"https:\/\/nordnesrepublikken.no\/#organization","name":"Nordnesrepublikken","url":"https:\/\/nordnesrepublikken.no\/","logo":{"@type":"ImageObject","inLanguage":"nb-NO","@id":"https:\/\/nordnesrepublikken.no\/#\/schema\/logo\/image\/","url":"https:\/\/nordnesrepublikken.no\/wp-content\/uploads\/2025\/02\/cropped-nordnesrepublikken-2.png","contentUrl":"https:\/\/nordnesrepublikken.no\/wp-content\/uploads\/2025\/02\/cropped-nordnesrepublikken-2.png","width":1248,"height":362,"caption":"Nordnesrepublikken"},"image":{"@id":"https:\/\/nordnesrepublikken.no\/#\/schema\/logo\/image\/"}},{"@type":"Person","@id":"https:\/\/nordnesrepublikken.no\/#\/schema\/person\/2e7e81935bab77882fffb79296240ff1","name":"Ole Andersen","image":{"@type":"ImageObject","inLanguage":"nb-NO","@id":"https:\/\/nordnesrepublikken.no\/#\/schema\/person\/image\/","url":"https:\/\/nordnesrepublikken.no\/wp-content\/uploads\/2025\/02\/nordnesrepublikken-2-2-150x150.jpg","contentUrl":"https:\/\/nordnesrepublikken.no\/wp-content\/uploads\/2025\/02\/nordnesrepublikken-2-2-150x150.jpg","caption":"Ole Andersen"},"description":"Ettersom jeg vokste opp i Oslo, har jeg alltid v\u00e6rt fascinert av ordenes kraft og deres evne til \u00e5 skape endringer. Etter \u00e5 ha fullf\u00f8rt min utdannelse i kommunikasjon ved Universitetet i Bergen, fikk jeg muligheten til \u00e5 jobbe innen ulike medier, der jeg har s\u00f8kt \u00e5 belyse viktige samfunnssp\u00f8rsm\u00e5l. I dag, som redakt\u00f8r for Nordnesrepublikken, pr\u00f8ver jeg \u00e5 forene min kj\u00e6rlighet for journalistikk med min lidenskap for innovasjon og eventyr.","sameAs":["https:\/\/nordnesrepublikken.no\/"]}]}},"_links":{"self":[{"href":"https:\/\/nordnesrepublikken.no\/index.php\/wp-json\/wp\/v2\/posts\/17265","targetHints":{"allow":["GET"]}}],"collection":[{"href":"https:\/\/nordnesrepublikken.no\/index.php\/wp-json\/wp\/v2\/posts"}],"about":[{"href":"https:\/\/nordnesrepublikken.no\/index.php\/wp-json\/wp\/v2\/types\/post"}],"author":[{"embeddable":true,"href":"https:\/\/nordnesrepublikken.no\/index.php\/wp-json\/wp\/v2\/users\/1"}],"replies":[{"embeddable":true,"href":"https:\/\/nordnesrepublikken.no\/index.php\/wp-json\/wp\/v2\/comments?post=17265"}],"version-history":[{"count":1,"href":"https:\/\/nordnesrepublikken.no\/index.php\/wp-json\/wp\/v2\/posts\/17265\/revisions"}],"predecessor-version":[{"id":17267,"href":"https:\/\/nordnesrepublikken.no\/index.php\/wp-json\/wp\/v2\/posts\/17265\/revisions\/17267"}],"wp:featuredmedia":[{"embeddable":true,"href":"https:\/\/nordnesrepublikken.no\/index.php\/wp-json\/wp\/v2\/media\/17266"}],"wp:attachment":[{"href":"https:\/\/nordnesrepublikken.no\/index.php\/wp-json\/wp\/v2\/media?parent=17265"}],"wp:term":[{"taxonomy":"category","embeddable":true,"href":"https:\/\/nordnesrepublikken.no\/index.php\/wp-json\/wp\/v2\/categories?post=17265"},{"taxonomy":"post_tag","embeddable":true,"href":"https:\/\/nordnesrepublikken.no\/index.php\/wp-json\/wp\/v2\/tags?post=17265"}],"curies":[{"name":"wp","href":"https:\/\/api.w.org\/{rel}","templated":true}]}}