{"id":17262,"date":"2026-04-21T16:57:47","date_gmt":"2026-04-21T14:57:47","guid":{"rendered":"https:\/\/nordnesrepublikken.no\/index.php\/2026\/04\/21\/la-oss-avklare-de-nye-ecb-sedlene\/"},"modified":"2026-04-21T16:57:52","modified_gmt":"2026-04-21T14:57:52","slug":"la-oss-avklare-de-nye-ecb-sedlene","status":"publish","type":"post","link":"https:\/\/nordnesrepublikken.no\/index.php\/2026\/04\/21\/la-oss-avklare-de-nye-ecb-sedlene\/","title":{"rendered":"La oss avklare de nye ECB-sedlene"},"content":{"rendered":"<div>\n<div class=\"cp_wrapper cp_wrapper--fw mb-30 mb-20@tablet\">\n<figure class=\"mm\"><picture class=\"img\" style=\"padding-top:56.25%\"><source  media=\"(min-width: 1024px)\"><source  media=\"(min-width: 768px)\"><\/source><\/source><\/picture><\/figure>\n<\/p><\/div>\n<p>I l\u00f8pet av de siste timene har det sirkulert flere rapporter om at <strong>Den europeiske sentralbanken<\/strong> ville ha bestemt seg for det<strong> ta ut 500 eurosedler<\/strong>. I virkeligheten er ting ikke akkurat slik: ECB, faktisk, <strong>ikke startet noen sak<\/strong> \u00e5 fjerne alle \u20ac500 val\u00f8rer fra eurosonen, og det har heller ikke kunngjort noen intensjon om \u00e5 gj\u00f8re det \u2013 ikke p\u00e5 kort sikt, i det minste.<\/p>\n<p>Misforst\u00e5elsen oppst\u00e5r sannsynligvis av det faktum at innenfor EU, <strong>Det er faktisk f\u00e6rre \u20ac500-sedler i oml\u00f8p<\/strong>: dette er grunnen <strong>siden 2019<\/strong> alle Eurosystem-banker har <strong>sluttet \u00e5 produsere dem<\/strong> og distribuere dem, etter at ECBs styrende r\u00e5d vedtok det i 2016 <strong>inkluderer ikke<\/strong> p\u00e5lydende 500 euro i den andre serien med sedler (den s\u00e5kalte &laquo;Europa&raquo;-serien). Vedtaket ble vedtatt \u00abunder hensyntagen til frykten som denne seddelen kunne lette <strong>ulovlige aktiviteter<\/strong>\u00bb<strong>,<\/strong> slik som hvitvasking eller narkotikasmugling, gitt at den h\u00f8ye verdien vil tillate at store pengesummer kan transporteres p\u00e5 en liten plass.<\/p>\n<p>Uansett, som ogs\u00e5 bekreftet av Bank of Italy, er 500 eurosedlene fortsatt i oml\u00f8p <strong>de vil fortsette \u00e5 ha<\/strong> <strong>lovlig betalingsmiddel <\/strong>og derfor kan de brukes normalt som allerede har skjedd i 2019: \u00ab\u20ac500-sedlene, som alle andre eurosedler, <strong>de vil alltid opprettholde sin verdi<\/strong> og kan veksles i sentralbankene i Eurosystemet <strong>uten tidsbegrensninger<\/strong>\u00bb.<\/p>\n<h2>\u20ac500-seddelen er ikke ute av sirkulasjon: hva skal vi gj\u00f8re med de som er i v\u00e5r besittelse<\/h2>\n<p>Beslutningen om \u00e5 stoppe produksjonen av \u20ac500-sedler g\u00e5r tilbake til <strong>4. mai 2016<\/strong>da ECBs styrende r\u00e5d fastslo at kuttet fra <strong>500 euro ville ikke v\u00e6rt en del av den nye Europa-serien.<\/strong> Som rapportert av <strong>Bank of Italy<\/strong>fortsatte sentralbankene i Eurosystemet (dvs. av landene som tar i bruk euro som valuta) \u00e5 distribuere 500 eurosedler frem til <strong>26. januar 2019<\/strong> (unntatt den tyske sentralbanken og den \u00f8sterrikske sentralbanken som, for \u00e5 sikre en jevn overgang, fortsatte utstedelsen til 26. april 2019).<\/p>\n<p>De siste 7 \u00e5rene har det derfor ikke lenger blitt produsert 500 eurosedler innenfor eurosonen: ECB hadde rettferdiggjort beslutningen om \u00e5 ekskludere dem fra den nye serien \u00abunder hensyntagen til frykten for at denne seddelen<strong> kan legge til rette for ulovlige aktiviteter<\/strong>\u00bb. 500-val\u00f8ren, den h\u00f8yeste blant alle hovedvalutaene i verden, hadde faktisk lenge v\u00e6rt ansett som et spesielt egnet instrument for <strong>hvitvasking av penger<\/strong>al <strong>narkotikasmugling<\/strong> og til<strong>skatteunndragelse<\/strong>nettopp fordi det lar deg transportere <strong>store summer<\/strong> av penger inn <strong>lite plass<\/strong>.<\/p>\n<p>Som fremhevet under et intervju ogs\u00e5 av aktor ved domstolen i Napoli, <strong>Nicola Gratteri<\/strong>1 million euro i \u20ac500-sedler veier omtrent 1,2 kg; tvert imot kan 1 million dollar i kontanter veie opptil 5 ganger mer.<\/p>\n<p>Men hva skal vi gj\u00f8re hvis vi fortsatt har 500 eurosedler? Disse kuttene, i virkeligheten, <strong>fortsette \u00e5 v\u00e6re lovlig betalingsmiddel<\/strong> og kan brukes til betalinger og ogs\u00e5 som verdilager. Dette betyr at, i det minste for n\u00e5, \u20ac500 <strong>de vil beholde sin verdi<\/strong> Og <strong>det vil ikke v\u00e6re n\u00f8dvendig \u00e5 endre dem.<\/strong><\/p>\n<h2>Hvordan vil den nye utformingen av eurosedler se ut?<\/h2>\n<p>Mens val\u00f8ren p\u00e5 500 euro forblir i oml\u00f8p til tross for at den ikke lenger produseres, gjennomf\u00f8rer ECB ogs\u00e5 en prosess med <strong>fullstendig redesign<\/strong> av euro, som vil gjelde alle val\u00f8rene som for tiden er i produksjon &#8211; derfor de fra <strong>5, 10, 20 og 50 euro<\/strong>men ogs\u00e5<strong> 100 og 200 euro<\/strong>.<\/p>\n<p>Som bekreftet av ECB, etter en innledende fase med offentlig h\u00f8ring og emnevalg, identifiserte Styringsr\u00e5det i november 2023 <strong>to mulige temaer<\/strong> for de nye sedlene: &laquo;<strong>Europeisk kultur<\/strong>&laquo;Og&raquo;<strong>Elver og fugler<\/strong>I det f\u00f8rste tilfellet skildrer de foresl\u00e5tte motivene personligheter fra den europeiske kulturarven \u2013 inkludert <strong>Maria Callas<\/strong> (5 euro), <strong>Beethoven<\/strong> (10 euro), <strong>Marie Curie<\/strong> (20 euro), <strong>Cervantes<\/strong> (50 euro), <strong>Leonardo da Vinci<\/strong> (100 euro) e <strong>Bertha von Suttner<\/strong> (200 euro). I det andre tilfellet representerer de foresl\u00e5tte motivene hovedsakelig europeiske naturlandskap med forskjellige fuglearter, ledsaget av hovedkvarteret til EU-institusjonene p\u00e5 baksiden.<\/p>\n<p>Den endelige avgj\u00f8relsen om det nye utseendet p\u00e5 sedlene avventes <strong>innen utgangen av 2026<\/strong>men det vil fortsatt g\u00e5 flere \u00e5r f\u00f8r de nye euroene faktisk kommer i oml\u00f8p.<\/p>\n<\/p><\/div>\n","protected":false},"excerpt":{"rendered":"<p>I l\u00f8pet av de siste timene har det sirkulert flere rapporter om at Den europeiske<\/p>\n","protected":false},"author":1,"featured_media":17263,"comment_status":"closed","ping_status":"open","sticky":false,"template":"","format":"standard","meta":{"footnotes":""},"categories":[104],"tags":[658,11143,260,657],"class_list":["post-17262","post","type-post","status-publish","format-standard","has-post-thumbnail","hentry","category-samfunn","tag-avklare","tag-ecbsedlene","tag-nye","tag-oss","generate-columns","tablet-grid-50","mobile-grid-100","grid-parent","grid-33","resize-featured-image"],"yoast_head":"<!-- This site is optimized with the Yoast SEO plugin v24.4 - https:\/\/yoast.com\/wordpress\/plugins\/seo\/ -->\n<title>La oss avklare de nye ECB-sedlene - Nordnesrepublikken<\/title>\n<meta name=\"robots\" content=\"index, follow, max-snippet:-1, max-image-preview:large, max-video-preview:-1\" \/>\n<link rel=\"canonical\" href=\"https:\/\/nordnesrepublikken.no\/index.php\/2026\/04\/21\/la-oss-avklare-de-nye-ecb-sedlene\/\" \/>\n<meta property=\"og:locale\" content=\"nb_NO\" \/>\n<meta property=\"og:type\" content=\"article\" \/>\n<meta property=\"og:title\" content=\"La oss avklare de nye ECB-sedlene - Nordnesrepublikken\" \/>\n<meta property=\"og:description\" content=\"I l\u00f8pet av de siste timene har det sirkulert flere rapporter om at Den europeiske\" \/>\n<meta property=\"og:url\" content=\"https:\/\/nordnesrepublikken.no\/index.php\/2026\/04\/21\/la-oss-avklare-de-nye-ecb-sedlene\/\" \/>\n<meta property=\"og:site_name\" content=\"Nordnesrepublikken\" \/>\n<meta property=\"article:published_time\" content=\"2026-04-21T14:57:47+00:00\" \/>\n<meta property=\"article:modified_time\" content=\"2026-04-21T14:57:52+00:00\" \/>\n<meta property=\"og:image\" content=\"https:\/\/nordnesrepublikken.no\/wp-content\/uploads\/2026\/04\/1776783470_La-oss-avklare-de-nye-ECB-sedlene-scaled.jpg\" \/>\n\t<meta property=\"og:image:width\" content=\"2560\" \/>\n\t<meta property=\"og:image:height\" content=\"1396\" \/>\n\t<meta property=\"og:image:type\" content=\"image\/jpeg\" \/>\n<meta name=\"author\" content=\"Ole Andersen\" \/>\n<meta name=\"twitter:card\" content=\"summary_large_image\" \/>\n<meta name=\"twitter:label1\" content=\"Skrevet av\" \/>\n\t<meta name=\"twitter:data1\" content=\"Ole Andersen\" \/>\n\t<meta name=\"twitter:label2\" content=\"Ansl. lesetid\" \/>\n\t<meta name=\"twitter:data2\" content=\"3 minutter\" \/>\n<script type=\"application\/ld+json\" class=\"yoast-schema-graph\">{\"@context\":\"https:\/\/schema.org\",\"@graph\":[{\"@type\":\"Article\",\"@id\":\"https:\/\/nordnesrepublikken.no\/index.php\/2026\/04\/21\/la-oss-avklare-de-nye-ecb-sedlene\/#article\",\"isPartOf\":{\"@id\":\"https:\/\/nordnesrepublikken.no\/index.php\/2026\/04\/21\/la-oss-avklare-de-nye-ecb-sedlene\/\"},\"author\":{\"name\":\"Ole Andersen\",\"@id\":\"https:\/\/nordnesrepublikken.no\/#\/schema\/person\/2e7e81935bab77882fffb79296240ff1\"},\"headline\":\"La oss avklare de nye ECB-sedlene\",\"datePublished\":\"2026-04-21T14:57:47+00:00\",\"dateModified\":\"2026-04-21T14:57:52+00:00\",\"mainEntityOfPage\":{\"@id\":\"https:\/\/nordnesrepublikken.no\/index.php\/2026\/04\/21\/la-oss-avklare-de-nye-ecb-sedlene\/\"},\"wordCount\":647,\"publisher\":{\"@id\":\"https:\/\/nordnesrepublikken.no\/#organization\"},\"image\":{\"@id\":\"https:\/\/nordnesrepublikken.no\/index.php\/2026\/04\/21\/la-oss-avklare-de-nye-ecb-sedlene\/#primaryimage\"},\"thumbnailUrl\":\"https:\/\/nordnesrepublikken.no\/wp-content\/uploads\/2026\/04\/1776783470_La-oss-avklare-de-nye-ECB-sedlene-scaled.jpg\",\"keywords\":[\"avklare\",\"ECBsedlene\",\"nye\",\"oss\"],\"articleSection\":[\"Samfunn\"],\"inLanguage\":\"nb-NO\"},{\"@type\":\"WebPage\",\"@id\":\"https:\/\/nordnesrepublikken.no\/index.php\/2026\/04\/21\/la-oss-avklare-de-nye-ecb-sedlene\/\",\"url\":\"https:\/\/nordnesrepublikken.no\/index.php\/2026\/04\/21\/la-oss-avklare-de-nye-ecb-sedlene\/\",\"name\":\"La oss avklare de nye ECB-sedlene - Nordnesrepublikken\",\"isPartOf\":{\"@id\":\"https:\/\/nordnesrepublikken.no\/#website\"},\"primaryImageOfPage\":{\"@id\":\"https:\/\/nordnesrepublikken.no\/index.php\/2026\/04\/21\/la-oss-avklare-de-nye-ecb-sedlene\/#primaryimage\"},\"image\":{\"@id\":\"https:\/\/nordnesrepublikken.no\/index.php\/2026\/04\/21\/la-oss-avklare-de-nye-ecb-sedlene\/#primaryimage\"},\"thumbnailUrl\":\"https:\/\/nordnesrepublikken.no\/wp-content\/uploads\/2026\/04\/1776783470_La-oss-avklare-de-nye-ECB-sedlene-scaled.jpg\",\"datePublished\":\"2026-04-21T14:57:47+00:00\",\"dateModified\":\"2026-04-21T14:57:52+00:00\",\"breadcrumb\":{\"@id\":\"https:\/\/nordnesrepublikken.no\/index.php\/2026\/04\/21\/la-oss-avklare-de-nye-ecb-sedlene\/#breadcrumb\"},\"inLanguage\":\"nb-NO\",\"potentialAction\":[{\"@type\":\"ReadAction\",\"target\":[\"https:\/\/nordnesrepublikken.no\/index.php\/2026\/04\/21\/la-oss-avklare-de-nye-ecb-sedlene\/\"]}]},{\"@type\":\"ImageObject\",\"inLanguage\":\"nb-NO\",\"@id\":\"https:\/\/nordnesrepublikken.no\/index.php\/2026\/04\/21\/la-oss-avklare-de-nye-ecb-sedlene\/#primaryimage\",\"url\":\"https:\/\/nordnesrepublikken.no\/wp-content\/uploads\/2026\/04\/1776783470_La-oss-avklare-de-nye-ECB-sedlene-scaled.jpg\",\"contentUrl\":\"https:\/\/nordnesrepublikken.no\/wp-content\/uploads\/2026\/04\/1776783470_La-oss-avklare-de-nye-ECB-sedlene-scaled.jpg\",\"width\":2560,\"height\":1396,\"caption\":\"La oss avklare de nye ECB-sedlene\"},{\"@type\":\"BreadcrumbList\",\"@id\":\"https:\/\/nordnesrepublikken.no\/index.php\/2026\/04\/21\/la-oss-avklare-de-nye-ecb-sedlene\/#breadcrumb\",\"itemListElement\":[{\"@type\":\"ListItem\",\"position\":1,\"name\":\"Home\",\"item\":\"https:\/\/nordnesrepublikken.no\/\"},{\"@type\":\"ListItem\",\"position\":2,\"name\":\"La oss avklare de nye ECB-sedlene\"}]},{\"@type\":\"WebSite\",\"@id\":\"https:\/\/nordnesrepublikken.no\/#website\",\"url\":\"https:\/\/nordnesrepublikken.no\/\",\"name\":\"Nordnesrepublikken\",\"description\":\"Stemmer og Visjoner fra Republikkens Hjerte\",\"publisher\":{\"@id\":\"https:\/\/nordnesrepublikken.no\/#organization\"},\"potentialAction\":[{\"@type\":\"SearchAction\",\"target\":{\"@type\":\"EntryPoint\",\"urlTemplate\":\"https:\/\/nordnesrepublikken.no\/?s={search_term_string}\"},\"query-input\":{\"@type\":\"PropertyValueSpecification\",\"valueRequired\":true,\"valueName\":\"search_term_string\"}}],\"inLanguage\":\"nb-NO\"},{\"@type\":\"Organization\",\"@id\":\"https:\/\/nordnesrepublikken.no\/#organization\",\"name\":\"Nordnesrepublikken\",\"url\":\"https:\/\/nordnesrepublikken.no\/\",\"logo\":{\"@type\":\"ImageObject\",\"inLanguage\":\"nb-NO\",\"@id\":\"https:\/\/nordnesrepublikken.no\/#\/schema\/logo\/image\/\",\"url\":\"https:\/\/nordnesrepublikken.no\/wp-content\/uploads\/2025\/02\/cropped-nordnesrepublikken-2.png\",\"contentUrl\":\"https:\/\/nordnesrepublikken.no\/wp-content\/uploads\/2025\/02\/cropped-nordnesrepublikken-2.png\",\"width\":1248,\"height\":362,\"caption\":\"Nordnesrepublikken\"},\"image\":{\"@id\":\"https:\/\/nordnesrepublikken.no\/#\/schema\/logo\/image\/\"}},{\"@type\":\"Person\",\"@id\":\"https:\/\/nordnesrepublikken.no\/#\/schema\/person\/2e7e81935bab77882fffb79296240ff1\",\"name\":\"Ole Andersen\",\"image\":{\"@type\":\"ImageObject\",\"inLanguage\":\"nb-NO\",\"@id\":\"https:\/\/nordnesrepublikken.no\/#\/schema\/person\/image\/\",\"url\":\"https:\/\/nordnesrepublikken.no\/wp-content\/uploads\/2025\/02\/nordnesrepublikken-2-2-150x150.jpg\",\"contentUrl\":\"https:\/\/nordnesrepublikken.no\/wp-content\/uploads\/2025\/02\/nordnesrepublikken-2-2-150x150.jpg\",\"caption\":\"Ole Andersen\"},\"description\":\"Ettersom jeg vokste opp i Oslo, har jeg alltid v\u00e6rt fascinert av ordenes kraft og deres evne til \u00e5 skape endringer. Etter \u00e5 ha fullf\u00f8rt min utdannelse i kommunikasjon ved Universitetet i Bergen, fikk jeg muligheten til \u00e5 jobbe innen ulike medier, der jeg har s\u00f8kt \u00e5 belyse viktige samfunnssp\u00f8rsm\u00e5l. I dag, som redakt\u00f8r for Nordnesrepublikken, pr\u00f8ver jeg \u00e5 forene min kj\u00e6rlighet for journalistikk med min lidenskap for innovasjon og eventyr.\",\"sameAs\":[\"https:\/\/nordnesrepublikken.no\/\"]}]}<\/script>\n<!-- \/ Yoast SEO plugin. -->","yoast_head_json":{"title":"La oss avklare de nye ECB-sedlene - Nordnesrepublikken","robots":{"index":"index","follow":"follow","max-snippet":"max-snippet:-1","max-image-preview":"max-image-preview:large","max-video-preview":"max-video-preview:-1"},"canonical":"https:\/\/nordnesrepublikken.no\/index.php\/2026\/04\/21\/la-oss-avklare-de-nye-ecb-sedlene\/","og_locale":"nb_NO","og_type":"article","og_title":"La oss avklare de nye ECB-sedlene - Nordnesrepublikken","og_description":"I l\u00f8pet av de siste timene har det sirkulert flere rapporter om at Den europeiske","og_url":"https:\/\/nordnesrepublikken.no\/index.php\/2026\/04\/21\/la-oss-avklare-de-nye-ecb-sedlene\/","og_site_name":"Nordnesrepublikken","article_published_time":"2026-04-21T14:57:47+00:00","article_modified_time":"2026-04-21T14:57:52+00:00","og_image":[{"width":2560,"height":1396,"url":"https:\/\/nordnesrepublikken.no\/wp-content\/uploads\/2026\/04\/1776783470_La-oss-avklare-de-nye-ECB-sedlene-scaled.jpg","type":"image\/jpeg"}],"author":"Ole Andersen","twitter_card":"summary_large_image","twitter_misc":{"Skrevet av":"Ole Andersen","Ansl. lesetid":"3 minutter"},"schema":{"@context":"https:\/\/schema.org","@graph":[{"@type":"Article","@id":"https:\/\/nordnesrepublikken.no\/index.php\/2026\/04\/21\/la-oss-avklare-de-nye-ecb-sedlene\/#article","isPartOf":{"@id":"https:\/\/nordnesrepublikken.no\/index.php\/2026\/04\/21\/la-oss-avklare-de-nye-ecb-sedlene\/"},"author":{"name":"Ole Andersen","@id":"https:\/\/nordnesrepublikken.no\/#\/schema\/person\/2e7e81935bab77882fffb79296240ff1"},"headline":"La oss avklare de nye ECB-sedlene","datePublished":"2026-04-21T14:57:47+00:00","dateModified":"2026-04-21T14:57:52+00:00","mainEntityOfPage":{"@id":"https:\/\/nordnesrepublikken.no\/index.php\/2026\/04\/21\/la-oss-avklare-de-nye-ecb-sedlene\/"},"wordCount":647,"publisher":{"@id":"https:\/\/nordnesrepublikken.no\/#organization"},"image":{"@id":"https:\/\/nordnesrepublikken.no\/index.php\/2026\/04\/21\/la-oss-avklare-de-nye-ecb-sedlene\/#primaryimage"},"thumbnailUrl":"https:\/\/nordnesrepublikken.no\/wp-content\/uploads\/2026\/04\/1776783470_La-oss-avklare-de-nye-ECB-sedlene-scaled.jpg","keywords":["avklare","ECBsedlene","nye","oss"],"articleSection":["Samfunn"],"inLanguage":"nb-NO"},{"@type":"WebPage","@id":"https:\/\/nordnesrepublikken.no\/index.php\/2026\/04\/21\/la-oss-avklare-de-nye-ecb-sedlene\/","url":"https:\/\/nordnesrepublikken.no\/index.php\/2026\/04\/21\/la-oss-avklare-de-nye-ecb-sedlene\/","name":"La oss avklare de nye ECB-sedlene - Nordnesrepublikken","isPartOf":{"@id":"https:\/\/nordnesrepublikken.no\/#website"},"primaryImageOfPage":{"@id":"https:\/\/nordnesrepublikken.no\/index.php\/2026\/04\/21\/la-oss-avklare-de-nye-ecb-sedlene\/#primaryimage"},"image":{"@id":"https:\/\/nordnesrepublikken.no\/index.php\/2026\/04\/21\/la-oss-avklare-de-nye-ecb-sedlene\/#primaryimage"},"thumbnailUrl":"https:\/\/nordnesrepublikken.no\/wp-content\/uploads\/2026\/04\/1776783470_La-oss-avklare-de-nye-ECB-sedlene-scaled.jpg","datePublished":"2026-04-21T14:57:47+00:00","dateModified":"2026-04-21T14:57:52+00:00","breadcrumb":{"@id":"https:\/\/nordnesrepublikken.no\/index.php\/2026\/04\/21\/la-oss-avklare-de-nye-ecb-sedlene\/#breadcrumb"},"inLanguage":"nb-NO","potentialAction":[{"@type":"ReadAction","target":["https:\/\/nordnesrepublikken.no\/index.php\/2026\/04\/21\/la-oss-avklare-de-nye-ecb-sedlene\/"]}]},{"@type":"ImageObject","inLanguage":"nb-NO","@id":"https:\/\/nordnesrepublikken.no\/index.php\/2026\/04\/21\/la-oss-avklare-de-nye-ecb-sedlene\/#primaryimage","url":"https:\/\/nordnesrepublikken.no\/wp-content\/uploads\/2026\/04\/1776783470_La-oss-avklare-de-nye-ECB-sedlene-scaled.jpg","contentUrl":"https:\/\/nordnesrepublikken.no\/wp-content\/uploads\/2026\/04\/1776783470_La-oss-avklare-de-nye-ECB-sedlene-scaled.jpg","width":2560,"height":1396,"caption":"La oss avklare de nye ECB-sedlene"},{"@type":"BreadcrumbList","@id":"https:\/\/nordnesrepublikken.no\/index.php\/2026\/04\/21\/la-oss-avklare-de-nye-ecb-sedlene\/#breadcrumb","itemListElement":[{"@type":"ListItem","position":1,"name":"Home","item":"https:\/\/nordnesrepublikken.no\/"},{"@type":"ListItem","position":2,"name":"La oss avklare de nye ECB-sedlene"}]},{"@type":"WebSite","@id":"https:\/\/nordnesrepublikken.no\/#website","url":"https:\/\/nordnesrepublikken.no\/","name":"Nordnesrepublikken","description":"Stemmer og Visjoner fra Republikkens Hjerte","publisher":{"@id":"https:\/\/nordnesrepublikken.no\/#organization"},"potentialAction":[{"@type":"SearchAction","target":{"@type":"EntryPoint","urlTemplate":"https:\/\/nordnesrepublikken.no\/?s={search_term_string}"},"query-input":{"@type":"PropertyValueSpecification","valueRequired":true,"valueName":"search_term_string"}}],"inLanguage":"nb-NO"},{"@type":"Organization","@id":"https:\/\/nordnesrepublikken.no\/#organization","name":"Nordnesrepublikken","url":"https:\/\/nordnesrepublikken.no\/","logo":{"@type":"ImageObject","inLanguage":"nb-NO","@id":"https:\/\/nordnesrepublikken.no\/#\/schema\/logo\/image\/","url":"https:\/\/nordnesrepublikken.no\/wp-content\/uploads\/2025\/02\/cropped-nordnesrepublikken-2.png","contentUrl":"https:\/\/nordnesrepublikken.no\/wp-content\/uploads\/2025\/02\/cropped-nordnesrepublikken-2.png","width":1248,"height":362,"caption":"Nordnesrepublikken"},"image":{"@id":"https:\/\/nordnesrepublikken.no\/#\/schema\/logo\/image\/"}},{"@type":"Person","@id":"https:\/\/nordnesrepublikken.no\/#\/schema\/person\/2e7e81935bab77882fffb79296240ff1","name":"Ole Andersen","image":{"@type":"ImageObject","inLanguage":"nb-NO","@id":"https:\/\/nordnesrepublikken.no\/#\/schema\/person\/image\/","url":"https:\/\/nordnesrepublikken.no\/wp-content\/uploads\/2025\/02\/nordnesrepublikken-2-2-150x150.jpg","contentUrl":"https:\/\/nordnesrepublikken.no\/wp-content\/uploads\/2025\/02\/nordnesrepublikken-2-2-150x150.jpg","caption":"Ole Andersen"},"description":"Ettersom jeg vokste opp i Oslo, har jeg alltid v\u00e6rt fascinert av ordenes kraft og deres evne til \u00e5 skape endringer. Etter \u00e5 ha fullf\u00f8rt min utdannelse i kommunikasjon ved Universitetet i Bergen, fikk jeg muligheten til \u00e5 jobbe innen ulike medier, der jeg har s\u00f8kt \u00e5 belyse viktige samfunnssp\u00f8rsm\u00e5l. I dag, som redakt\u00f8r for Nordnesrepublikken, pr\u00f8ver jeg \u00e5 forene min kj\u00e6rlighet for journalistikk med min lidenskap for innovasjon og eventyr.","sameAs":["https:\/\/nordnesrepublikken.no\/"]}]}},"_links":{"self":[{"href":"https:\/\/nordnesrepublikken.no\/index.php\/wp-json\/wp\/v2\/posts\/17262","targetHints":{"allow":["GET"]}}],"collection":[{"href":"https:\/\/nordnesrepublikken.no\/index.php\/wp-json\/wp\/v2\/posts"}],"about":[{"href":"https:\/\/nordnesrepublikken.no\/index.php\/wp-json\/wp\/v2\/types\/post"}],"author":[{"embeddable":true,"href":"https:\/\/nordnesrepublikken.no\/index.php\/wp-json\/wp\/v2\/users\/1"}],"replies":[{"embeddable":true,"href":"https:\/\/nordnesrepublikken.no\/index.php\/wp-json\/wp\/v2\/comments?post=17262"}],"version-history":[{"count":1,"href":"https:\/\/nordnesrepublikken.no\/index.php\/wp-json\/wp\/v2\/posts\/17262\/revisions"}],"predecessor-version":[{"id":17264,"href":"https:\/\/nordnesrepublikken.no\/index.php\/wp-json\/wp\/v2\/posts\/17262\/revisions\/17264"}],"wp:featuredmedia":[{"embeddable":true,"href":"https:\/\/nordnesrepublikken.no\/index.php\/wp-json\/wp\/v2\/media\/17263"}],"wp:attachment":[{"href":"https:\/\/nordnesrepublikken.no\/index.php\/wp-json\/wp\/v2\/media?parent=17262"}],"wp:term":[{"taxonomy":"category","embeddable":true,"href":"https:\/\/nordnesrepublikken.no\/index.php\/wp-json\/wp\/v2\/categories?post=17262"},{"taxonomy":"post_tag","embeddable":true,"href":"https:\/\/nordnesrepublikken.no\/index.php\/wp-json\/wp\/v2\/tags?post=17262"}],"curies":[{"name":"wp","href":"https:\/\/api.w.org\/{rel}","templated":true}]}}