{"id":17226,"date":"2026-04-20T21:35:48","date_gmt":"2026-04-20T19:35:48","guid":{"rendered":"https:\/\/nordnesrepublikken.no\/index.php\/2026\/04\/20\/ny-studie-sier-at-tiktok-og-instagram-kan-fa-brukere-til-a-fole-seg-mindre-glade\/"},"modified":"2026-04-20T21:35:50","modified_gmt":"2026-04-20T19:35:50","slug":"ny-studie-sier-at-tiktok-og-instagram-kan-fa-brukere-til-a-fole-seg-mindre-glade","status":"publish","type":"post","link":"https:\/\/nordnesrepublikken.no\/index.php\/2026\/04\/20\/ny-studie-sier-at-tiktok-og-instagram-kan-fa-brukere-til-a-fole-seg-mindre-glade\/","title":{"rendered":"Ny studie sier at TikTok og Instagram kan f\u00e5 brukere til \u00e5 f\u00f8le seg mindre glade"},"content":{"rendered":"<p><\/p>\n<div class=\"wordpress-content\">\n                    <!-- Article Start --><\/p>\n<p>En ny internasjonal studie har satt i gang debatten rundt sosiale medier og mental helse, og hevder det <strong>TikTok <\/strong>og Instagram kan f\u00e5 brukere til \u00e5 f\u00f8le seg mindre glade enn andre popul\u00e6re plattformer. Forskere sier at ikke alle apper p\u00e5virker folk p\u00e5 samme m\u00e5te, og plattformer bygget rundt uendelig anbefalt innhold kan ha en sterkere negativ effekt enn tjenester som hovedsakelig brukes til \u00e5 snakke med venner og familie.<\/p>\n<p>Dette funnet vil h\u00f8res kjent ut for mange mennesker som lukker en app og f\u00f8ler seg merkelig utslitt, irritert eller misforn\u00f8yd, selv etter bare en kort rulling.<\/p>\n<p>I \u00e5revis har sosiale medier ofte blitt diskutert som ett stort problem. Denne forskningen antyder at bildet kan v\u00e6re mer komplisert.<\/p>\n<div class=\"sra_unit\"><link rel=\"stylesheet\" id=\"block-sra\" href=\"https:\/\/euroweeklynews.com\/wp-content\/plugins\/snack-related-articles\/dist\/css\/snack-related.min.css?250312-193541\" type=\"text\/css\" media=\"all\">\n<\/div>\n<h2>Hvorfor noen apper kan f\u00f8les verre enn andre<\/h2>\n<p>De fleste bruker flere apper uten \u00e5 tenke for mye p\u00e5 hvor forskjellige de er.<\/p>\n<p>Du kan bruke WhatsApp for \u00e5 arrangere middag, Facebook for \u00e5 sjekke inn p\u00e5 slektninger, Instagram for \u00e5 bla gjennom bilder og TikTok for \u00e5 se korte videoer.<\/p>\n<p>De sitter alle p\u00e5 samme telefon, men de fungerer ikke p\u00e5 samme m\u00e5te.<\/p>\n<p>If\u00f8lge studien er noen plattformer hovedsakelig bygget rundt personlig tilknytning. Andre drives sterkere av algoritmer som konstant mater brukere med innhold designet for \u00e5 holde oppmerksomheten.<\/p>\n<p>Den forskjellen betyr noe.<\/p>\n<p>Hvis du \u00e5pner WhatsApp, vet du vanligvis hvorfor du er der. Du vil sende melding til noen. Hvis du \u00e5pner TikTok eller Instagram, kan du ganske enkelt begynne \u00e5 rulle og la plattformen bestemme hva som kommer videre.<\/p>\n<p>Det skaper en helt annen opplevelse.<\/p>\n<h2>Den endel\u00f8se rulleeffekten<\/h2>\n<p>Mange brukere kjenner godt til m\u00f8nsteret. Du \u00e5pner appen i fem minutter, s\u00e5 har det plutselig g\u00e5tt en halvtime.<\/p>\n<p>En video f\u00f8rer til en annen. Ett hjul blir ti. Ett innlegg blir til en endel\u00f8s str\u00f8m av mennesker som reiser, kj\u00f8per boliger, kommer i form, lykkes i forretninger eller lever liv som ser polert og spennende ut.<\/p>\n<p>Selv n\u00e5r brukere vet at bildene er selektive eller iscenesatte, kan den emosjonelle effekten fortsatt lande.<\/p>\n<p>Ditt eget liv kan plutselig f\u00f8les kjedelig til sammenligning.<\/p>\n<p>Det skjer ikke alltid dramatisk. Ofte er det subtilt.<\/p>\n<p>Du lukker appen og f\u00f8ler deg flat uten helt \u00e5 vite hvorfor.<\/p>\n<p>Forskere sier at gjentatt eksponering for denne typen innhold kan bidra til \u00e5 forklare hvorfor noen brukere rapporterer lavere hum\u00f8r, mer tretthet og mindre tilfredshet etter \u00e5 ha brukt tid p\u00e5 visse plattformer.<\/p>\n<h2>Hvorfor sammenligning er kraftig<\/h2>\n<p>Mennesker sammenligner naturlig. Sosiale medier gir det instinktet en konstant tilf\u00f8rsel av materiale.<\/p>\n<p>Instagram kan v\u00e6re full av skj\u00f8nnhet, reiser og luksus. TikTok kan v\u00e6re full av talent, trender og mennesker som virker uendelig selvsikre. Selv vanlige brukere kan se ekstraordin\u00e6re ut etter filtre, redigering og n\u00f8ye timing.<\/p>\n<p>Resultatet er at seerne sammenligner virkeligheten sin bak kulissene med andres h\u00f8ydepunkt.<\/p>\n<p>Det kan v\u00e6re grovt med selvtilliten.<\/p>\n<p>Ten\u00e5ringer kan sammenligne utseende eller popularitet.<\/p>\n<p>Voksne kan sammenligne karrierer, forhold, penger eller foreldre.<\/p>\n<p>Trykket endres, men mekanismen er lik.<\/p>\n<h2>Hvorfor meldingsapper kan f\u00f8les annerledes<\/h2>\n<p>Studien antyder at plattformer som fokuserer mer p\u00e5 direkte kommunikasjon kanskje ikke har samme f\u00f8lelsesmessige vekt.<\/p>\n<p>N\u00e5r folk bruker WhatsApp eller Messenger, snakker de ofte med folk de allerede kjenner.<\/p>\n<p>Det er samtale, st\u00f8tte, vitser, familieoppdateringer og praktisk kontakt. Det har en tendens til \u00e5 f\u00f8les mer jordet enn \u00e5 passivt konsumere innhold fra fremmede. Mange merker forskjellen instinktivt.<\/p>\n<p>Etter \u00e5 ha chattet med en venn f\u00f8ler de seg tilkoblet. Etter \u00e5 ha scrollet i en time kan de f\u00f8le seg mentalt slitne. Det betyr ikke at meldingsapper er perfekte, bare at opplevelsen kan v\u00e6re veldig forskjellig.<\/p>\n<h2>Det er ikke bare et ungdomsproblem<\/h2>\n<p>Ten\u00e5ringer blir ofte nevnt f\u00f8rst n\u00e5r skade p\u00e5 sosiale medier diskuteres, men voksne er ogs\u00e5 dypt involvert.<\/p>\n<p>Mange voksne mister tid til \u00e5 bla, sjekker likes for ofte eller f\u00f8ler seg utilstrekkelige etter \u00e5 ha sett suksessen til andre p\u00e5 nettet.<\/p>\n<p>Ingen aldersgruppe er fullstendig beskyttet mot sammenligning eller tvangsmessige vaner.<\/p>\n<p>I noen tilfeller kan voksne skjule det bedre.<\/p>\n<h2>Hva brukere kan gj\u00f8re uten \u00e5 slette alt<\/h2>\n<p>Svaret er ikke n\u00f8dvendigvis \u00e5 kaste telefonen i en skuff. For mange mennesker er sosiale medier nyttige, underholdende og en del av hverdagen.<\/p>\n<p>Det smartere trekket kan v\u00e6re \u00e5 ta hensyn til hvordan hver app p\u00e5virker deg. Hvis en plattform regelmessig gj\u00f8r deg anspent, misunnelig eller lav, betyr det noe.<\/p>\n<p>\u00c5 redusere tiden der, dempe kontoer som utl\u00f8ser sammenligning, sl\u00e5 av varsler eller ta pauser kan gj\u00f8re en reell forskjell.<\/p>\n<p>\u00c5 erstatte litt rulletid med faktisk samtale hjelper ofte ogs\u00e5.<\/p>\n<p>En ti minutters samtale med en venn kan f\u00f8les bedre enn en time med stille surfing.<\/p>\n<h2>Hva studien egentlig fremhever<\/h2>\n<p>N\u00f8kkelbudskapet er ikke at alle apper er like skadelige. Det er at design former atferd.<\/p>\n<p>Noen plattformer er bygget for \u00e5 holde brukerne engasjert s\u00e5 lenge som mulig. Det kan komme med emosjonelle bivirkninger som mange f\u00f8rst legger merke til senere.<\/p>\n<p>For brukere i Spania, Storbritannia og utover er kanskje ikke det virkelige sp\u00f8rsm\u00e5let lenger om sosiale medier er gode eller d\u00e5rlige.<\/p>\n<p>Det kan v\u00e6re hvilke apper som f\u00e5r deg til \u00e5 f\u00f8le deg bedre n\u00e5r du legger fra deg telefonen.<\/p>\n<p>                    <!-- Originally published at https:\/\/euroweeklynews.com\/2026\/04\/20\/new-study-says-tiktok-and-instagram-may-be-making-users-feel-less-happy\/ on 20 Apr 2026 at 21:34 by Farah Mokrani --><br \/>\n                    <!-- Article End -->\n                <\/div>\n","protected":false},"excerpt":{"rendered":"<p>En ny internasjonal studie har satt i gang debatten rundt sosiale medier og mental helse,<\/p>\n","protected":false},"author":1,"featured_media":17227,"comment_status":"closed","ping_status":"open","sticky":false,"template":"","format":"standard","meta":{"footnotes":""},"categories":[105],"tags":[1218,877,3133,11122,1879,339,1142,96,752,1681,762,117],"class_list":["post-17226","post","type-post","status-publish","format-standard","has-post-thumbnail","hentry","category-livsstil","tag-brukere","tag-fa","tag-fole","tag-glade","tag-instagram","tag-kan","tag-mindre","tag-seg","tag-sier","tag-studie","tag-tiktok","tag-til","generate-columns","tablet-grid-50","mobile-grid-100","grid-parent","grid-33","resize-featured-image"],"yoast_head":"<!-- This site is optimized with the Yoast SEO plugin v24.4 - https:\/\/yoast.com\/wordpress\/plugins\/seo\/ -->\n<title>Ny studie sier at TikTok og Instagram kan f\u00e5 brukere til \u00e5 f\u00f8le seg mindre glade - Nordnesrepublikken<\/title>\n<meta name=\"robots\" content=\"index, follow, max-snippet:-1, max-image-preview:large, max-video-preview:-1\" \/>\n<link rel=\"canonical\" href=\"https:\/\/nordnesrepublikken.no\/index.php\/2026\/04\/20\/ny-studie-sier-at-tiktok-og-instagram-kan-fa-brukere-til-a-fole-seg-mindre-glade\/\" \/>\n<meta property=\"og:locale\" content=\"nb_NO\" \/>\n<meta property=\"og:type\" content=\"article\" \/>\n<meta property=\"og:title\" content=\"Ny studie sier at TikTok og Instagram kan f\u00e5 brukere til \u00e5 f\u00f8le seg mindre glade - Nordnesrepublikken\" \/>\n<meta property=\"og:description\" content=\"En ny internasjonal studie har satt i gang debatten rundt sosiale medier og mental helse,\" \/>\n<meta property=\"og:url\" content=\"https:\/\/nordnesrepublikken.no\/index.php\/2026\/04\/20\/ny-studie-sier-at-tiktok-og-instagram-kan-fa-brukere-til-a-fole-seg-mindre-glade\/\" \/>\n<meta property=\"og:site_name\" content=\"Nordnesrepublikken\" \/>\n<meta property=\"article:published_time\" content=\"2026-04-20T19:35:48+00:00\" \/>\n<meta property=\"article:modified_time\" content=\"2026-04-20T19:35:50+00:00\" \/>\n<meta property=\"og:image\" content=\"https:\/\/nordnesrepublikken.no\/wp-content\/uploads\/2026\/04\/1776713749_Ny-studie-sier-at-TikTok-og-Instagram-kan-fa-brukere.jpg\" \/>\n\t<meta property=\"og:image:width\" content=\"1200\" \/>\n\t<meta property=\"og:image:height\" content=\"900\" \/>\n\t<meta property=\"og:image:type\" content=\"image\/jpeg\" \/>\n<meta name=\"author\" content=\"Ole Andersen\" \/>\n<meta name=\"twitter:card\" content=\"summary_large_image\" \/>\n<meta name=\"twitter:label1\" content=\"Skrevet av\" \/>\n\t<meta name=\"twitter:data1\" content=\"Ole Andersen\" \/>\n\t<meta name=\"twitter:label2\" content=\"Ansl. lesetid\" \/>\n\t<meta name=\"twitter:data2\" content=\"4 minutter\" \/>\n<script type=\"application\/ld+json\" class=\"yoast-schema-graph\">{\"@context\":\"https:\/\/schema.org\",\"@graph\":[{\"@type\":\"Article\",\"@id\":\"https:\/\/nordnesrepublikken.no\/index.php\/2026\/04\/20\/ny-studie-sier-at-tiktok-og-instagram-kan-fa-brukere-til-a-fole-seg-mindre-glade\/#article\",\"isPartOf\":{\"@id\":\"https:\/\/nordnesrepublikken.no\/index.php\/2026\/04\/20\/ny-studie-sier-at-tiktok-og-instagram-kan-fa-brukere-til-a-fole-seg-mindre-glade\/\"},\"author\":{\"name\":\"Ole Andersen\",\"@id\":\"https:\/\/nordnesrepublikken.no\/#\/schema\/person\/2e7e81935bab77882fffb79296240ff1\"},\"headline\":\"Ny studie sier at TikTok og Instagram kan f\u00e5 brukere til \u00e5 f\u00f8le seg mindre glade\",\"datePublished\":\"2026-04-20T19:35:48+00:00\",\"dateModified\":\"2026-04-20T19:35:50+00:00\",\"mainEntityOfPage\":{\"@id\":\"https:\/\/nordnesrepublikken.no\/index.php\/2026\/04\/20\/ny-studie-sier-at-tiktok-og-instagram-kan-fa-brukere-til-a-fole-seg-mindre-glade\/\"},\"wordCount\":892,\"publisher\":{\"@id\":\"https:\/\/nordnesrepublikken.no\/#organization\"},\"image\":{\"@id\":\"https:\/\/nordnesrepublikken.no\/index.php\/2026\/04\/20\/ny-studie-sier-at-tiktok-og-instagram-kan-fa-brukere-til-a-fole-seg-mindre-glade\/#primaryimage\"},\"thumbnailUrl\":\"https:\/\/nordnesrepublikken.no\/wp-content\/uploads\/2026\/04\/1776713749_Ny-studie-sier-at-TikTok-og-Instagram-kan-fa-brukere.jpg\",\"keywords\":[\"brukere\",\"f\u00e5\",\"f\u00f8le\",\"glade\",\"Instagram\",\"kan\",\"mindre\",\"seg\",\"sier\",\"studie\",\"Tiktok\",\"til\"],\"articleSection\":[\"Livsstil\"],\"inLanguage\":\"nb-NO\"},{\"@type\":\"WebPage\",\"@id\":\"https:\/\/nordnesrepublikken.no\/index.php\/2026\/04\/20\/ny-studie-sier-at-tiktok-og-instagram-kan-fa-brukere-til-a-fole-seg-mindre-glade\/\",\"url\":\"https:\/\/nordnesrepublikken.no\/index.php\/2026\/04\/20\/ny-studie-sier-at-tiktok-og-instagram-kan-fa-brukere-til-a-fole-seg-mindre-glade\/\",\"name\":\"Ny studie sier at TikTok og Instagram kan f\u00e5 brukere til \u00e5 f\u00f8le seg mindre glade - Nordnesrepublikken\",\"isPartOf\":{\"@id\":\"https:\/\/nordnesrepublikken.no\/#website\"},\"primaryImageOfPage\":{\"@id\":\"https:\/\/nordnesrepublikken.no\/index.php\/2026\/04\/20\/ny-studie-sier-at-tiktok-og-instagram-kan-fa-brukere-til-a-fole-seg-mindre-glade\/#primaryimage\"},\"image\":{\"@id\":\"https:\/\/nordnesrepublikken.no\/index.php\/2026\/04\/20\/ny-studie-sier-at-tiktok-og-instagram-kan-fa-brukere-til-a-fole-seg-mindre-glade\/#primaryimage\"},\"thumbnailUrl\":\"https:\/\/nordnesrepublikken.no\/wp-content\/uploads\/2026\/04\/1776713749_Ny-studie-sier-at-TikTok-og-Instagram-kan-fa-brukere.jpg\",\"datePublished\":\"2026-04-20T19:35:48+00:00\",\"dateModified\":\"2026-04-20T19:35:50+00:00\",\"breadcrumb\":{\"@id\":\"https:\/\/nordnesrepublikken.no\/index.php\/2026\/04\/20\/ny-studie-sier-at-tiktok-og-instagram-kan-fa-brukere-til-a-fole-seg-mindre-glade\/#breadcrumb\"},\"inLanguage\":\"nb-NO\",\"potentialAction\":[{\"@type\":\"ReadAction\",\"target\":[\"https:\/\/nordnesrepublikken.no\/index.php\/2026\/04\/20\/ny-studie-sier-at-tiktok-og-instagram-kan-fa-brukere-til-a-fole-seg-mindre-glade\/\"]}]},{\"@type\":\"ImageObject\",\"inLanguage\":\"nb-NO\",\"@id\":\"https:\/\/nordnesrepublikken.no\/index.php\/2026\/04\/20\/ny-studie-sier-at-tiktok-og-instagram-kan-fa-brukere-til-a-fole-seg-mindre-glade\/#primaryimage\",\"url\":\"https:\/\/nordnesrepublikken.no\/wp-content\/uploads\/2026\/04\/1776713749_Ny-studie-sier-at-TikTok-og-Instagram-kan-fa-brukere.jpg\",\"contentUrl\":\"https:\/\/nordnesrepublikken.no\/wp-content\/uploads\/2026\/04\/1776713749_Ny-studie-sier-at-TikTok-og-Instagram-kan-fa-brukere.jpg\",\"width\":1200,\"height\":900,\"caption\":\"Ny studie sier at TikTok og Instagram kan f\u00e5 brukere til \u00e5 f\u00f8le seg mindre glade\"},{\"@type\":\"BreadcrumbList\",\"@id\":\"https:\/\/nordnesrepublikken.no\/index.php\/2026\/04\/20\/ny-studie-sier-at-tiktok-og-instagram-kan-fa-brukere-til-a-fole-seg-mindre-glade\/#breadcrumb\",\"itemListElement\":[{\"@type\":\"ListItem\",\"position\":1,\"name\":\"Home\",\"item\":\"https:\/\/nordnesrepublikken.no\/\"},{\"@type\":\"ListItem\",\"position\":2,\"name\":\"Ny studie sier at TikTok og Instagram kan f\u00e5 brukere til \u00e5 f\u00f8le seg mindre glade\"}]},{\"@type\":\"WebSite\",\"@id\":\"https:\/\/nordnesrepublikken.no\/#website\",\"url\":\"https:\/\/nordnesrepublikken.no\/\",\"name\":\"Nordnesrepublikken\",\"description\":\"Stemmer og Visjoner fra Republikkens Hjerte\",\"publisher\":{\"@id\":\"https:\/\/nordnesrepublikken.no\/#organization\"},\"potentialAction\":[{\"@type\":\"SearchAction\",\"target\":{\"@type\":\"EntryPoint\",\"urlTemplate\":\"https:\/\/nordnesrepublikken.no\/?s={search_term_string}\"},\"query-input\":{\"@type\":\"PropertyValueSpecification\",\"valueRequired\":true,\"valueName\":\"search_term_string\"}}],\"inLanguage\":\"nb-NO\"},{\"@type\":\"Organization\",\"@id\":\"https:\/\/nordnesrepublikken.no\/#organization\",\"name\":\"Nordnesrepublikken\",\"url\":\"https:\/\/nordnesrepublikken.no\/\",\"logo\":{\"@type\":\"ImageObject\",\"inLanguage\":\"nb-NO\",\"@id\":\"https:\/\/nordnesrepublikken.no\/#\/schema\/logo\/image\/\",\"url\":\"https:\/\/nordnesrepublikken.no\/wp-content\/uploads\/2025\/02\/cropped-nordnesrepublikken-2.png\",\"contentUrl\":\"https:\/\/nordnesrepublikken.no\/wp-content\/uploads\/2025\/02\/cropped-nordnesrepublikken-2.png\",\"width\":1248,\"height\":362,\"caption\":\"Nordnesrepublikken\"},\"image\":{\"@id\":\"https:\/\/nordnesrepublikken.no\/#\/schema\/logo\/image\/\"}},{\"@type\":\"Person\",\"@id\":\"https:\/\/nordnesrepublikken.no\/#\/schema\/person\/2e7e81935bab77882fffb79296240ff1\",\"name\":\"Ole Andersen\",\"image\":{\"@type\":\"ImageObject\",\"inLanguage\":\"nb-NO\",\"@id\":\"https:\/\/nordnesrepublikken.no\/#\/schema\/person\/image\/\",\"url\":\"https:\/\/nordnesrepublikken.no\/wp-content\/uploads\/2025\/02\/nordnesrepublikken-2-2-150x150.jpg\",\"contentUrl\":\"https:\/\/nordnesrepublikken.no\/wp-content\/uploads\/2025\/02\/nordnesrepublikken-2-2-150x150.jpg\",\"caption\":\"Ole Andersen\"},\"description\":\"Ettersom jeg vokste opp i Oslo, har jeg alltid v\u00e6rt fascinert av ordenes kraft og deres evne til \u00e5 skape endringer. Etter \u00e5 ha fullf\u00f8rt min utdannelse i kommunikasjon ved Universitetet i Bergen, fikk jeg muligheten til \u00e5 jobbe innen ulike medier, der jeg har s\u00f8kt \u00e5 belyse viktige samfunnssp\u00f8rsm\u00e5l. I dag, som redakt\u00f8r for Nordnesrepublikken, pr\u00f8ver jeg \u00e5 forene min kj\u00e6rlighet for journalistikk med min lidenskap for innovasjon og eventyr.\",\"sameAs\":[\"https:\/\/nordnesrepublikken.no\/\"]}]}<\/script>\n<!-- \/ Yoast SEO plugin. -->","yoast_head_json":{"title":"Ny studie sier at TikTok og Instagram kan f\u00e5 brukere til \u00e5 f\u00f8le seg mindre glade - Nordnesrepublikken","robots":{"index":"index","follow":"follow","max-snippet":"max-snippet:-1","max-image-preview":"max-image-preview:large","max-video-preview":"max-video-preview:-1"},"canonical":"https:\/\/nordnesrepublikken.no\/index.php\/2026\/04\/20\/ny-studie-sier-at-tiktok-og-instagram-kan-fa-brukere-til-a-fole-seg-mindre-glade\/","og_locale":"nb_NO","og_type":"article","og_title":"Ny studie sier at TikTok og Instagram kan f\u00e5 brukere til \u00e5 f\u00f8le seg mindre glade - Nordnesrepublikken","og_description":"En ny internasjonal studie har satt i gang debatten rundt sosiale medier og mental helse,","og_url":"https:\/\/nordnesrepublikken.no\/index.php\/2026\/04\/20\/ny-studie-sier-at-tiktok-og-instagram-kan-fa-brukere-til-a-fole-seg-mindre-glade\/","og_site_name":"Nordnesrepublikken","article_published_time":"2026-04-20T19:35:48+00:00","article_modified_time":"2026-04-20T19:35:50+00:00","og_image":[{"width":1200,"height":900,"url":"https:\/\/nordnesrepublikken.no\/wp-content\/uploads\/2026\/04\/1776713749_Ny-studie-sier-at-TikTok-og-Instagram-kan-fa-brukere.jpg","type":"image\/jpeg"}],"author":"Ole Andersen","twitter_card":"summary_large_image","twitter_misc":{"Skrevet av":"Ole Andersen","Ansl. lesetid":"4 minutter"},"schema":{"@context":"https:\/\/schema.org","@graph":[{"@type":"Article","@id":"https:\/\/nordnesrepublikken.no\/index.php\/2026\/04\/20\/ny-studie-sier-at-tiktok-og-instagram-kan-fa-brukere-til-a-fole-seg-mindre-glade\/#article","isPartOf":{"@id":"https:\/\/nordnesrepublikken.no\/index.php\/2026\/04\/20\/ny-studie-sier-at-tiktok-og-instagram-kan-fa-brukere-til-a-fole-seg-mindre-glade\/"},"author":{"name":"Ole Andersen","@id":"https:\/\/nordnesrepublikken.no\/#\/schema\/person\/2e7e81935bab77882fffb79296240ff1"},"headline":"Ny studie sier at TikTok og Instagram kan f\u00e5 brukere til \u00e5 f\u00f8le seg mindre glade","datePublished":"2026-04-20T19:35:48+00:00","dateModified":"2026-04-20T19:35:50+00:00","mainEntityOfPage":{"@id":"https:\/\/nordnesrepublikken.no\/index.php\/2026\/04\/20\/ny-studie-sier-at-tiktok-og-instagram-kan-fa-brukere-til-a-fole-seg-mindre-glade\/"},"wordCount":892,"publisher":{"@id":"https:\/\/nordnesrepublikken.no\/#organization"},"image":{"@id":"https:\/\/nordnesrepublikken.no\/index.php\/2026\/04\/20\/ny-studie-sier-at-tiktok-og-instagram-kan-fa-brukere-til-a-fole-seg-mindre-glade\/#primaryimage"},"thumbnailUrl":"https:\/\/nordnesrepublikken.no\/wp-content\/uploads\/2026\/04\/1776713749_Ny-studie-sier-at-TikTok-og-Instagram-kan-fa-brukere.jpg","keywords":["brukere","f\u00e5","f\u00f8le","glade","Instagram","kan","mindre","seg","sier","studie","Tiktok","til"],"articleSection":["Livsstil"],"inLanguage":"nb-NO"},{"@type":"WebPage","@id":"https:\/\/nordnesrepublikken.no\/index.php\/2026\/04\/20\/ny-studie-sier-at-tiktok-og-instagram-kan-fa-brukere-til-a-fole-seg-mindre-glade\/","url":"https:\/\/nordnesrepublikken.no\/index.php\/2026\/04\/20\/ny-studie-sier-at-tiktok-og-instagram-kan-fa-brukere-til-a-fole-seg-mindre-glade\/","name":"Ny studie sier at TikTok og Instagram kan f\u00e5 brukere til \u00e5 f\u00f8le seg mindre glade - Nordnesrepublikken","isPartOf":{"@id":"https:\/\/nordnesrepublikken.no\/#website"},"primaryImageOfPage":{"@id":"https:\/\/nordnesrepublikken.no\/index.php\/2026\/04\/20\/ny-studie-sier-at-tiktok-og-instagram-kan-fa-brukere-til-a-fole-seg-mindre-glade\/#primaryimage"},"image":{"@id":"https:\/\/nordnesrepublikken.no\/index.php\/2026\/04\/20\/ny-studie-sier-at-tiktok-og-instagram-kan-fa-brukere-til-a-fole-seg-mindre-glade\/#primaryimage"},"thumbnailUrl":"https:\/\/nordnesrepublikken.no\/wp-content\/uploads\/2026\/04\/1776713749_Ny-studie-sier-at-TikTok-og-Instagram-kan-fa-brukere.jpg","datePublished":"2026-04-20T19:35:48+00:00","dateModified":"2026-04-20T19:35:50+00:00","breadcrumb":{"@id":"https:\/\/nordnesrepublikken.no\/index.php\/2026\/04\/20\/ny-studie-sier-at-tiktok-og-instagram-kan-fa-brukere-til-a-fole-seg-mindre-glade\/#breadcrumb"},"inLanguage":"nb-NO","potentialAction":[{"@type":"ReadAction","target":["https:\/\/nordnesrepublikken.no\/index.php\/2026\/04\/20\/ny-studie-sier-at-tiktok-og-instagram-kan-fa-brukere-til-a-fole-seg-mindre-glade\/"]}]},{"@type":"ImageObject","inLanguage":"nb-NO","@id":"https:\/\/nordnesrepublikken.no\/index.php\/2026\/04\/20\/ny-studie-sier-at-tiktok-og-instagram-kan-fa-brukere-til-a-fole-seg-mindre-glade\/#primaryimage","url":"https:\/\/nordnesrepublikken.no\/wp-content\/uploads\/2026\/04\/1776713749_Ny-studie-sier-at-TikTok-og-Instagram-kan-fa-brukere.jpg","contentUrl":"https:\/\/nordnesrepublikken.no\/wp-content\/uploads\/2026\/04\/1776713749_Ny-studie-sier-at-TikTok-og-Instagram-kan-fa-brukere.jpg","width":1200,"height":900,"caption":"Ny studie sier at TikTok og Instagram kan f\u00e5 brukere til \u00e5 f\u00f8le seg mindre glade"},{"@type":"BreadcrumbList","@id":"https:\/\/nordnesrepublikken.no\/index.php\/2026\/04\/20\/ny-studie-sier-at-tiktok-og-instagram-kan-fa-brukere-til-a-fole-seg-mindre-glade\/#breadcrumb","itemListElement":[{"@type":"ListItem","position":1,"name":"Home","item":"https:\/\/nordnesrepublikken.no\/"},{"@type":"ListItem","position":2,"name":"Ny studie sier at TikTok og Instagram kan f\u00e5 brukere til \u00e5 f\u00f8le seg mindre glade"}]},{"@type":"WebSite","@id":"https:\/\/nordnesrepublikken.no\/#website","url":"https:\/\/nordnesrepublikken.no\/","name":"Nordnesrepublikken","description":"Stemmer og Visjoner fra Republikkens Hjerte","publisher":{"@id":"https:\/\/nordnesrepublikken.no\/#organization"},"potentialAction":[{"@type":"SearchAction","target":{"@type":"EntryPoint","urlTemplate":"https:\/\/nordnesrepublikken.no\/?s={search_term_string}"},"query-input":{"@type":"PropertyValueSpecification","valueRequired":true,"valueName":"search_term_string"}}],"inLanguage":"nb-NO"},{"@type":"Organization","@id":"https:\/\/nordnesrepublikken.no\/#organization","name":"Nordnesrepublikken","url":"https:\/\/nordnesrepublikken.no\/","logo":{"@type":"ImageObject","inLanguage":"nb-NO","@id":"https:\/\/nordnesrepublikken.no\/#\/schema\/logo\/image\/","url":"https:\/\/nordnesrepublikken.no\/wp-content\/uploads\/2025\/02\/cropped-nordnesrepublikken-2.png","contentUrl":"https:\/\/nordnesrepublikken.no\/wp-content\/uploads\/2025\/02\/cropped-nordnesrepublikken-2.png","width":1248,"height":362,"caption":"Nordnesrepublikken"},"image":{"@id":"https:\/\/nordnesrepublikken.no\/#\/schema\/logo\/image\/"}},{"@type":"Person","@id":"https:\/\/nordnesrepublikken.no\/#\/schema\/person\/2e7e81935bab77882fffb79296240ff1","name":"Ole Andersen","image":{"@type":"ImageObject","inLanguage":"nb-NO","@id":"https:\/\/nordnesrepublikken.no\/#\/schema\/person\/image\/","url":"https:\/\/nordnesrepublikken.no\/wp-content\/uploads\/2025\/02\/nordnesrepublikken-2-2-150x150.jpg","contentUrl":"https:\/\/nordnesrepublikken.no\/wp-content\/uploads\/2025\/02\/nordnesrepublikken-2-2-150x150.jpg","caption":"Ole Andersen"},"description":"Ettersom jeg vokste opp i Oslo, har jeg alltid v\u00e6rt fascinert av ordenes kraft og deres evne til \u00e5 skape endringer. Etter \u00e5 ha fullf\u00f8rt min utdannelse i kommunikasjon ved Universitetet i Bergen, fikk jeg muligheten til \u00e5 jobbe innen ulike medier, der jeg har s\u00f8kt \u00e5 belyse viktige samfunnssp\u00f8rsm\u00e5l. I dag, som redakt\u00f8r for Nordnesrepublikken, pr\u00f8ver jeg \u00e5 forene min kj\u00e6rlighet for journalistikk med min lidenskap for innovasjon og eventyr.","sameAs":["https:\/\/nordnesrepublikken.no\/"]}]}},"_links":{"self":[{"href":"https:\/\/nordnesrepublikken.no\/index.php\/wp-json\/wp\/v2\/posts\/17226","targetHints":{"allow":["GET"]}}],"collection":[{"href":"https:\/\/nordnesrepublikken.no\/index.php\/wp-json\/wp\/v2\/posts"}],"about":[{"href":"https:\/\/nordnesrepublikken.no\/index.php\/wp-json\/wp\/v2\/types\/post"}],"author":[{"embeddable":true,"href":"https:\/\/nordnesrepublikken.no\/index.php\/wp-json\/wp\/v2\/users\/1"}],"replies":[{"embeddable":true,"href":"https:\/\/nordnesrepublikken.no\/index.php\/wp-json\/wp\/v2\/comments?post=17226"}],"version-history":[{"count":1,"href":"https:\/\/nordnesrepublikken.no\/index.php\/wp-json\/wp\/v2\/posts\/17226\/revisions"}],"predecessor-version":[{"id":17228,"href":"https:\/\/nordnesrepublikken.no\/index.php\/wp-json\/wp\/v2\/posts\/17226\/revisions\/17228"}],"wp:featuredmedia":[{"embeddable":true,"href":"https:\/\/nordnesrepublikken.no\/index.php\/wp-json\/wp\/v2\/media\/17227"}],"wp:attachment":[{"href":"https:\/\/nordnesrepublikken.no\/index.php\/wp-json\/wp\/v2\/media?parent=17226"}],"wp:term":[{"taxonomy":"category","embeddable":true,"href":"https:\/\/nordnesrepublikken.no\/index.php\/wp-json\/wp\/v2\/categories?post=17226"},{"taxonomy":"post_tag","embeddable":true,"href":"https:\/\/nordnesrepublikken.no\/index.php\/wp-json\/wp\/v2\/tags?post=17226"}],"curies":[{"name":"wp","href":"https:\/\/api.w.org\/{rel}","templated":true}]}}