{"id":17223,"date":"2026-04-20T18:36:49","date_gmt":"2026-04-20T16:36:49","guid":{"rendered":"https:\/\/nordnesrepublikken.no\/index.php\/2026\/04\/20\/problemet-kan-vaere-med-tim-nettverket\/"},"modified":"2026-04-20T18:36:52","modified_gmt":"2026-04-20T16:36:52","slug":"problemet-kan-vaere-med-tim-nettverket","status":"publish","type":"post","link":"https:\/\/nordnesrepublikken.no\/index.php\/2026\/04\/20\/problemet-kan-vaere-med-tim-nettverket\/","title":{"rendered":"problemet kan v\u00e6re med TIM-nettverket"},"content":{"rendered":"<div>\n<div class=\"cp_wrapper cp_wrapper--fw mb-30 mb-20@tablet\">\n<figure class=\"mm\"><picture class=\"img\" style=\"padding-top:56.25%\"><source  media=\"(min-width: 1024px)\"><source  media=\"(min-width: 768px)\"><\/source><\/source><\/picture><\/figure>\n<\/p><\/div>\n<p>Gi henne <strong>16.00<\/strong> av i dag <strong>20. april<\/strong> tusenvis av ned-rapporter har str\u00f8mmet inn for kunstig intelligens chatbot <strong>ChatGPT<\/strong>men funksjonsfeil registreres ogs\u00e5 for<strong> Gemini og Claude<\/strong>. Portalen <em>Neddetektor<\/em> regnet en topp p\u00e5 ca <strong>4000 rapporter<\/strong> manglende evne til \u00e5 bruke eller f\u00e5 tilgang til ChatGPT mot <strong>16.30<\/strong>mens for Gemini og Claude er tallene mye mer inneholdt med en topp p\u00e5 henholdsvis 84 rapporter og 107 rapporter. Avbruddene er i ferd med \u00e5 avta (for \u00f8yeblikket er det mindre enn 1000 rapporter om ChatGPT nedetid), med en kraftig nedgang i antall rapporter siden 16.30. Brukere klager <strong>mangel p\u00e5 tilgang til plattformene<\/strong>, <strong>trege eller ingen svar<\/strong>, <strong>feil ved innlasting av samtaler<\/strong> eller <strong>avbrutte \u00f8kter<\/strong>.<\/p>\n<div class=\"cp_wrapper cp_wrapper--fw mb-50\">\n<figure class=\"mm\"><picture class=\"img\" style=\"padding-top:27.057710501419%\"><source  media=\"(min-width: 1024px)\"><source  media=\"(min-width: 768px)\"><img decoding=\"async\" loading=\"lazy\" src=\"https:\/\/nordnesrepublikken.no\/wp-content\/uploads\/2026\/04\/1776703009_323_problemet-kan-vaere-med-TIM-nettverket.jpg\" alt=\"rapporterer ned chatgpt\" width=\"2114\" height=\"572\"\/><\/source><\/source><\/picture><\/figure>\n<\/p><\/div>\n<p>Gitt at forstyrrelsene skjer samtidig for tre forskjellige plattformer, kan det antas at \u00e5rsaken er oppstr\u00f8ms: siden mange rapporter kommer fra <strong>TIM fibernett <\/strong>(samtidig var det ca. 300 meldinger om feil i leverand\u00f8rens bredb\u00e5ndsnett), kan det v\u00e6re et problem i infrastrukturen <strong>Flash Fiber<\/strong> som s\u00f8rger for leverand\u00f8rens fiberforbindelse. For \u00f8yeblikket er dette bare hypoteser, siden det ikke har v\u00e6rt noen offisiell kommunikasjon enn\u00e5.<\/p>\n<\/p><\/div>\n","protected":false},"excerpt":{"rendered":"<p>Gi henne 16.00 av i dag 20. april tusenvis av ned-rapporter har str\u00f8mmet inn for<\/p>\n","protected":false},"author":1,"featured_media":17224,"comment_status":"closed","ping_status":"open","sticky":false,"template":"","format":"standard","meta":{"footnotes":""},"categories":[25],"tags":[339,79,1104,11121,290],"class_list":["post-17223","post","type-post","status-publish","format-standard","has-post-thumbnail","hentry","category-teknologi","tag-kan","tag-med","tag-problemet","tag-timnettverket","tag-vaere","generate-columns","tablet-grid-50","mobile-grid-100","grid-parent","grid-33","resize-featured-image"],"yoast_head":"<!-- This site is optimized with the Yoast SEO plugin v24.4 - https:\/\/yoast.com\/wordpress\/plugins\/seo\/ -->\n<title>problemet kan v\u00e6re med TIM-nettverket - Nordnesrepublikken<\/title>\n<meta name=\"robots\" content=\"index, follow, max-snippet:-1, max-image-preview:large, max-video-preview:-1\" \/>\n<link rel=\"canonical\" href=\"https:\/\/nordnesrepublikken.no\/index.php\/2026\/04\/20\/problemet-kan-vaere-med-tim-nettverket\/\" \/>\n<meta property=\"og:locale\" content=\"nb_NO\" \/>\n<meta property=\"og:type\" content=\"article\" \/>\n<meta property=\"og:title\" content=\"problemet kan v\u00e6re med TIM-nettverket - Nordnesrepublikken\" \/>\n<meta property=\"og:description\" content=\"Gi henne 16.00 av i dag 20. april tusenvis av ned-rapporter har str\u00f8mmet inn for\" \/>\n<meta property=\"og:url\" content=\"https:\/\/nordnesrepublikken.no\/index.php\/2026\/04\/20\/problemet-kan-vaere-med-tim-nettverket\/\" \/>\n<meta property=\"og:site_name\" content=\"Nordnesrepublikken\" \/>\n<meta property=\"article:published_time\" content=\"2026-04-20T16:36:49+00:00\" \/>\n<meta property=\"article:modified_time\" content=\"2026-04-20T16:36:52+00:00\" \/>\n<meta property=\"og:image\" content=\"https:\/\/nordnesrepublikken.no\/wp-content\/uploads\/2026\/04\/1776703011_problemet-kan-vaere-med-TIM-nettverket.jpg\" \/>\n\t<meta property=\"og:image:width\" content=\"1746\" \/>\n\t<meta property=\"og:image:height\" content=\"1028\" \/>\n\t<meta property=\"og:image:type\" content=\"image\/jpeg\" \/>\n<meta name=\"author\" content=\"Ole Andersen\" \/>\n<meta name=\"twitter:card\" content=\"summary_large_image\" \/>\n<meta name=\"twitter:label1\" content=\"Skrevet av\" \/>\n\t<meta name=\"twitter:data1\" content=\"Ole Andersen\" \/>\n\t<meta name=\"twitter:label2\" content=\"Ansl. lesetid\" \/>\n\t<meta name=\"twitter:data2\" content=\"1 minutt\" \/>\n<script type=\"application\/ld+json\" class=\"yoast-schema-graph\">{\"@context\":\"https:\/\/schema.org\",\"@graph\":[{\"@type\":\"Article\",\"@id\":\"https:\/\/nordnesrepublikken.no\/index.php\/2026\/04\/20\/problemet-kan-vaere-med-tim-nettverket\/#article\",\"isPartOf\":{\"@id\":\"https:\/\/nordnesrepublikken.no\/index.php\/2026\/04\/20\/problemet-kan-vaere-med-tim-nettverket\/\"},\"author\":{\"name\":\"Ole Andersen\",\"@id\":\"https:\/\/nordnesrepublikken.no\/#\/schema\/person\/2e7e81935bab77882fffb79296240ff1\"},\"headline\":\"problemet kan v\u00e6re med TIM-nettverket\",\"datePublished\":\"2026-04-20T16:36:49+00:00\",\"dateModified\":\"2026-04-20T16:36:52+00:00\",\"mainEntityOfPage\":{\"@id\":\"https:\/\/nordnesrepublikken.no\/index.php\/2026\/04\/20\/problemet-kan-vaere-med-tim-nettverket\/\"},\"wordCount\":179,\"publisher\":{\"@id\":\"https:\/\/nordnesrepublikken.no\/#organization\"},\"image\":{\"@id\":\"https:\/\/nordnesrepublikken.no\/index.php\/2026\/04\/20\/problemet-kan-vaere-med-tim-nettverket\/#primaryimage\"},\"thumbnailUrl\":\"https:\/\/nordnesrepublikken.no\/wp-content\/uploads\/2026\/04\/1776703011_problemet-kan-vaere-med-TIM-nettverket.jpg\",\"keywords\":[\"kan\",\"med\",\"problemet\",\"TIMnettverket\",\"v\u00e6re\"],\"articleSection\":[\"Teknologi\"],\"inLanguage\":\"nb-NO\"},{\"@type\":\"WebPage\",\"@id\":\"https:\/\/nordnesrepublikken.no\/index.php\/2026\/04\/20\/problemet-kan-vaere-med-tim-nettverket\/\",\"url\":\"https:\/\/nordnesrepublikken.no\/index.php\/2026\/04\/20\/problemet-kan-vaere-med-tim-nettverket\/\",\"name\":\"problemet kan v\u00e6re med TIM-nettverket - Nordnesrepublikken\",\"isPartOf\":{\"@id\":\"https:\/\/nordnesrepublikken.no\/#website\"},\"primaryImageOfPage\":{\"@id\":\"https:\/\/nordnesrepublikken.no\/index.php\/2026\/04\/20\/problemet-kan-vaere-med-tim-nettverket\/#primaryimage\"},\"image\":{\"@id\":\"https:\/\/nordnesrepublikken.no\/index.php\/2026\/04\/20\/problemet-kan-vaere-med-tim-nettverket\/#primaryimage\"},\"thumbnailUrl\":\"https:\/\/nordnesrepublikken.no\/wp-content\/uploads\/2026\/04\/1776703011_problemet-kan-vaere-med-TIM-nettverket.jpg\",\"datePublished\":\"2026-04-20T16:36:49+00:00\",\"dateModified\":\"2026-04-20T16:36:52+00:00\",\"breadcrumb\":{\"@id\":\"https:\/\/nordnesrepublikken.no\/index.php\/2026\/04\/20\/problemet-kan-vaere-med-tim-nettverket\/#breadcrumb\"},\"inLanguage\":\"nb-NO\",\"potentialAction\":[{\"@type\":\"ReadAction\",\"target\":[\"https:\/\/nordnesrepublikken.no\/index.php\/2026\/04\/20\/problemet-kan-vaere-med-tim-nettverket\/\"]}]},{\"@type\":\"ImageObject\",\"inLanguage\":\"nb-NO\",\"@id\":\"https:\/\/nordnesrepublikken.no\/index.php\/2026\/04\/20\/problemet-kan-vaere-med-tim-nettverket\/#primaryimage\",\"url\":\"https:\/\/nordnesrepublikken.no\/wp-content\/uploads\/2026\/04\/1776703011_problemet-kan-vaere-med-TIM-nettverket.jpg\",\"contentUrl\":\"https:\/\/nordnesrepublikken.no\/wp-content\/uploads\/2026\/04\/1776703011_problemet-kan-vaere-med-TIM-nettverket.jpg\",\"width\":1746,\"height\":1028,\"caption\":\"problemet kan v\u00e6re med TIM-nettverket\"},{\"@type\":\"BreadcrumbList\",\"@id\":\"https:\/\/nordnesrepublikken.no\/index.php\/2026\/04\/20\/problemet-kan-vaere-med-tim-nettverket\/#breadcrumb\",\"itemListElement\":[{\"@type\":\"ListItem\",\"position\":1,\"name\":\"Home\",\"item\":\"https:\/\/nordnesrepublikken.no\/\"},{\"@type\":\"ListItem\",\"position\":2,\"name\":\"problemet kan v\u00e6re med TIM-nettverket\"}]},{\"@type\":\"WebSite\",\"@id\":\"https:\/\/nordnesrepublikken.no\/#website\",\"url\":\"https:\/\/nordnesrepublikken.no\/\",\"name\":\"Nordnesrepublikken\",\"description\":\"Stemmer og Visjoner fra Republikkens Hjerte\",\"publisher\":{\"@id\":\"https:\/\/nordnesrepublikken.no\/#organization\"},\"potentialAction\":[{\"@type\":\"SearchAction\",\"target\":{\"@type\":\"EntryPoint\",\"urlTemplate\":\"https:\/\/nordnesrepublikken.no\/?s={search_term_string}\"},\"query-input\":{\"@type\":\"PropertyValueSpecification\",\"valueRequired\":true,\"valueName\":\"search_term_string\"}}],\"inLanguage\":\"nb-NO\"},{\"@type\":\"Organization\",\"@id\":\"https:\/\/nordnesrepublikken.no\/#organization\",\"name\":\"Nordnesrepublikken\",\"url\":\"https:\/\/nordnesrepublikken.no\/\",\"logo\":{\"@type\":\"ImageObject\",\"inLanguage\":\"nb-NO\",\"@id\":\"https:\/\/nordnesrepublikken.no\/#\/schema\/logo\/image\/\",\"url\":\"https:\/\/nordnesrepublikken.no\/wp-content\/uploads\/2025\/02\/cropped-nordnesrepublikken-2.png\",\"contentUrl\":\"https:\/\/nordnesrepublikken.no\/wp-content\/uploads\/2025\/02\/cropped-nordnesrepublikken-2.png\",\"width\":1248,\"height\":362,\"caption\":\"Nordnesrepublikken\"},\"image\":{\"@id\":\"https:\/\/nordnesrepublikken.no\/#\/schema\/logo\/image\/\"}},{\"@type\":\"Person\",\"@id\":\"https:\/\/nordnesrepublikken.no\/#\/schema\/person\/2e7e81935bab77882fffb79296240ff1\",\"name\":\"Ole Andersen\",\"image\":{\"@type\":\"ImageObject\",\"inLanguage\":\"nb-NO\",\"@id\":\"https:\/\/nordnesrepublikken.no\/#\/schema\/person\/image\/\",\"url\":\"https:\/\/nordnesrepublikken.no\/wp-content\/uploads\/2025\/02\/nordnesrepublikken-2-2-150x150.jpg\",\"contentUrl\":\"https:\/\/nordnesrepublikken.no\/wp-content\/uploads\/2025\/02\/nordnesrepublikken-2-2-150x150.jpg\",\"caption\":\"Ole Andersen\"},\"description\":\"Ettersom jeg vokste opp i Oslo, har jeg alltid v\u00e6rt fascinert av ordenes kraft og deres evne til \u00e5 skape endringer. Etter \u00e5 ha fullf\u00f8rt min utdannelse i kommunikasjon ved Universitetet i Bergen, fikk jeg muligheten til \u00e5 jobbe innen ulike medier, der jeg har s\u00f8kt \u00e5 belyse viktige samfunnssp\u00f8rsm\u00e5l. I dag, som redakt\u00f8r for Nordnesrepublikken, pr\u00f8ver jeg \u00e5 forene min kj\u00e6rlighet for journalistikk med min lidenskap for innovasjon og eventyr.\",\"sameAs\":[\"https:\/\/nordnesrepublikken.no\/\"]}]}<\/script>\n<!-- \/ Yoast SEO plugin. -->","yoast_head_json":{"title":"problemet kan v\u00e6re med TIM-nettverket - Nordnesrepublikken","robots":{"index":"index","follow":"follow","max-snippet":"max-snippet:-1","max-image-preview":"max-image-preview:large","max-video-preview":"max-video-preview:-1"},"canonical":"https:\/\/nordnesrepublikken.no\/index.php\/2026\/04\/20\/problemet-kan-vaere-med-tim-nettverket\/","og_locale":"nb_NO","og_type":"article","og_title":"problemet kan v\u00e6re med TIM-nettverket - Nordnesrepublikken","og_description":"Gi henne 16.00 av i dag 20. april tusenvis av ned-rapporter har str\u00f8mmet inn for","og_url":"https:\/\/nordnesrepublikken.no\/index.php\/2026\/04\/20\/problemet-kan-vaere-med-tim-nettverket\/","og_site_name":"Nordnesrepublikken","article_published_time":"2026-04-20T16:36:49+00:00","article_modified_time":"2026-04-20T16:36:52+00:00","og_image":[{"width":1746,"height":1028,"url":"https:\/\/nordnesrepublikken.no\/wp-content\/uploads\/2026\/04\/1776703011_problemet-kan-vaere-med-TIM-nettverket.jpg","type":"image\/jpeg"}],"author":"Ole Andersen","twitter_card":"summary_large_image","twitter_misc":{"Skrevet av":"Ole Andersen","Ansl. lesetid":"1 minutt"},"schema":{"@context":"https:\/\/schema.org","@graph":[{"@type":"Article","@id":"https:\/\/nordnesrepublikken.no\/index.php\/2026\/04\/20\/problemet-kan-vaere-med-tim-nettverket\/#article","isPartOf":{"@id":"https:\/\/nordnesrepublikken.no\/index.php\/2026\/04\/20\/problemet-kan-vaere-med-tim-nettverket\/"},"author":{"name":"Ole Andersen","@id":"https:\/\/nordnesrepublikken.no\/#\/schema\/person\/2e7e81935bab77882fffb79296240ff1"},"headline":"problemet kan v\u00e6re med TIM-nettverket","datePublished":"2026-04-20T16:36:49+00:00","dateModified":"2026-04-20T16:36:52+00:00","mainEntityOfPage":{"@id":"https:\/\/nordnesrepublikken.no\/index.php\/2026\/04\/20\/problemet-kan-vaere-med-tim-nettverket\/"},"wordCount":179,"publisher":{"@id":"https:\/\/nordnesrepublikken.no\/#organization"},"image":{"@id":"https:\/\/nordnesrepublikken.no\/index.php\/2026\/04\/20\/problemet-kan-vaere-med-tim-nettverket\/#primaryimage"},"thumbnailUrl":"https:\/\/nordnesrepublikken.no\/wp-content\/uploads\/2026\/04\/1776703011_problemet-kan-vaere-med-TIM-nettverket.jpg","keywords":["kan","med","problemet","TIMnettverket","v\u00e6re"],"articleSection":["Teknologi"],"inLanguage":"nb-NO"},{"@type":"WebPage","@id":"https:\/\/nordnesrepublikken.no\/index.php\/2026\/04\/20\/problemet-kan-vaere-med-tim-nettverket\/","url":"https:\/\/nordnesrepublikken.no\/index.php\/2026\/04\/20\/problemet-kan-vaere-med-tim-nettverket\/","name":"problemet kan v\u00e6re med TIM-nettverket - Nordnesrepublikken","isPartOf":{"@id":"https:\/\/nordnesrepublikken.no\/#website"},"primaryImageOfPage":{"@id":"https:\/\/nordnesrepublikken.no\/index.php\/2026\/04\/20\/problemet-kan-vaere-med-tim-nettverket\/#primaryimage"},"image":{"@id":"https:\/\/nordnesrepublikken.no\/index.php\/2026\/04\/20\/problemet-kan-vaere-med-tim-nettverket\/#primaryimage"},"thumbnailUrl":"https:\/\/nordnesrepublikken.no\/wp-content\/uploads\/2026\/04\/1776703011_problemet-kan-vaere-med-TIM-nettverket.jpg","datePublished":"2026-04-20T16:36:49+00:00","dateModified":"2026-04-20T16:36:52+00:00","breadcrumb":{"@id":"https:\/\/nordnesrepublikken.no\/index.php\/2026\/04\/20\/problemet-kan-vaere-med-tim-nettverket\/#breadcrumb"},"inLanguage":"nb-NO","potentialAction":[{"@type":"ReadAction","target":["https:\/\/nordnesrepublikken.no\/index.php\/2026\/04\/20\/problemet-kan-vaere-med-tim-nettverket\/"]}]},{"@type":"ImageObject","inLanguage":"nb-NO","@id":"https:\/\/nordnesrepublikken.no\/index.php\/2026\/04\/20\/problemet-kan-vaere-med-tim-nettverket\/#primaryimage","url":"https:\/\/nordnesrepublikken.no\/wp-content\/uploads\/2026\/04\/1776703011_problemet-kan-vaere-med-TIM-nettverket.jpg","contentUrl":"https:\/\/nordnesrepublikken.no\/wp-content\/uploads\/2026\/04\/1776703011_problemet-kan-vaere-med-TIM-nettverket.jpg","width":1746,"height":1028,"caption":"problemet kan v\u00e6re med TIM-nettverket"},{"@type":"BreadcrumbList","@id":"https:\/\/nordnesrepublikken.no\/index.php\/2026\/04\/20\/problemet-kan-vaere-med-tim-nettverket\/#breadcrumb","itemListElement":[{"@type":"ListItem","position":1,"name":"Home","item":"https:\/\/nordnesrepublikken.no\/"},{"@type":"ListItem","position":2,"name":"problemet kan v\u00e6re med TIM-nettverket"}]},{"@type":"WebSite","@id":"https:\/\/nordnesrepublikken.no\/#website","url":"https:\/\/nordnesrepublikken.no\/","name":"Nordnesrepublikken","description":"Stemmer og Visjoner fra Republikkens Hjerte","publisher":{"@id":"https:\/\/nordnesrepublikken.no\/#organization"},"potentialAction":[{"@type":"SearchAction","target":{"@type":"EntryPoint","urlTemplate":"https:\/\/nordnesrepublikken.no\/?s={search_term_string}"},"query-input":{"@type":"PropertyValueSpecification","valueRequired":true,"valueName":"search_term_string"}}],"inLanguage":"nb-NO"},{"@type":"Organization","@id":"https:\/\/nordnesrepublikken.no\/#organization","name":"Nordnesrepublikken","url":"https:\/\/nordnesrepublikken.no\/","logo":{"@type":"ImageObject","inLanguage":"nb-NO","@id":"https:\/\/nordnesrepublikken.no\/#\/schema\/logo\/image\/","url":"https:\/\/nordnesrepublikken.no\/wp-content\/uploads\/2025\/02\/cropped-nordnesrepublikken-2.png","contentUrl":"https:\/\/nordnesrepublikken.no\/wp-content\/uploads\/2025\/02\/cropped-nordnesrepublikken-2.png","width":1248,"height":362,"caption":"Nordnesrepublikken"},"image":{"@id":"https:\/\/nordnesrepublikken.no\/#\/schema\/logo\/image\/"}},{"@type":"Person","@id":"https:\/\/nordnesrepublikken.no\/#\/schema\/person\/2e7e81935bab77882fffb79296240ff1","name":"Ole Andersen","image":{"@type":"ImageObject","inLanguage":"nb-NO","@id":"https:\/\/nordnesrepublikken.no\/#\/schema\/person\/image\/","url":"https:\/\/nordnesrepublikken.no\/wp-content\/uploads\/2025\/02\/nordnesrepublikken-2-2-150x150.jpg","contentUrl":"https:\/\/nordnesrepublikken.no\/wp-content\/uploads\/2025\/02\/nordnesrepublikken-2-2-150x150.jpg","caption":"Ole Andersen"},"description":"Ettersom jeg vokste opp i Oslo, har jeg alltid v\u00e6rt fascinert av ordenes kraft og deres evne til \u00e5 skape endringer. Etter \u00e5 ha fullf\u00f8rt min utdannelse i kommunikasjon ved Universitetet i Bergen, fikk jeg muligheten til \u00e5 jobbe innen ulike medier, der jeg har s\u00f8kt \u00e5 belyse viktige samfunnssp\u00f8rsm\u00e5l. I dag, som redakt\u00f8r for Nordnesrepublikken, pr\u00f8ver jeg \u00e5 forene min kj\u00e6rlighet for journalistikk med min lidenskap for innovasjon og eventyr.","sameAs":["https:\/\/nordnesrepublikken.no\/"]}]}},"_links":{"self":[{"href":"https:\/\/nordnesrepublikken.no\/index.php\/wp-json\/wp\/v2\/posts\/17223","targetHints":{"allow":["GET"]}}],"collection":[{"href":"https:\/\/nordnesrepublikken.no\/index.php\/wp-json\/wp\/v2\/posts"}],"about":[{"href":"https:\/\/nordnesrepublikken.no\/index.php\/wp-json\/wp\/v2\/types\/post"}],"author":[{"embeddable":true,"href":"https:\/\/nordnesrepublikken.no\/index.php\/wp-json\/wp\/v2\/users\/1"}],"replies":[{"embeddable":true,"href":"https:\/\/nordnesrepublikken.no\/index.php\/wp-json\/wp\/v2\/comments?post=17223"}],"version-history":[{"count":1,"href":"https:\/\/nordnesrepublikken.no\/index.php\/wp-json\/wp\/v2\/posts\/17223\/revisions"}],"predecessor-version":[{"id":17225,"href":"https:\/\/nordnesrepublikken.no\/index.php\/wp-json\/wp\/v2\/posts\/17223\/revisions\/17225"}],"wp:featuredmedia":[{"embeddable":true,"href":"https:\/\/nordnesrepublikken.no\/index.php\/wp-json\/wp\/v2\/media\/17224"}],"wp:attachment":[{"href":"https:\/\/nordnesrepublikken.no\/index.php\/wp-json\/wp\/v2\/media?parent=17223"}],"wp:term":[{"taxonomy":"category","embeddable":true,"href":"https:\/\/nordnesrepublikken.no\/index.php\/wp-json\/wp\/v2\/categories?post=17223"},{"taxonomy":"post_tag","embeddable":true,"href":"https:\/\/nordnesrepublikken.no\/index.php\/wp-json\/wp\/v2\/tags?post=17223"}],"curies":[{"name":"wp","href":"https:\/\/api.w.org\/{rel}","templated":true}]}}