{"id":17211,"date":"2026-04-20T14:44:16","date_gmt":"2026-04-20T12:44:16","guid":{"rendered":"https:\/\/nordnesrepublikken.no\/index.php\/2026\/04\/20\/de-to-fraksjonene-var-en-gang-en-samlet-gruppe-pa-200-individer\/"},"modified":"2026-04-20T14:44:19","modified_gmt":"2026-04-20T12:44:19","slug":"de-to-fraksjonene-var-en-gang-en-samlet-gruppe-pa-200-individer","status":"publish","type":"post","link":"https:\/\/nordnesrepublikken.no\/index.php\/2026\/04\/20\/de-to-fraksjonene-var-en-gang-en-samlet-gruppe-pa-200-individer\/","title":{"rendered":"de to fraksjonene var en gang en samlet gruppe p\u00e5 200 individer"},"content":{"rendered":"<div>\n<div class=\"cp_wrapper cp_wrapper--fw mb-30 mb-20@tablet\">\n<figure class=\"mm\"><picture class=\"img\" style=\"padding-top:56.25%\"><source  media=\"(min-width: 1024px)\"><source  media=\"(min-width: 768px)\"><\/source><\/source><\/picture><\/figure>\n<\/p><\/div>\n<p>Den st\u00f8rste gruppen av <strong>sjimpanse<\/strong> kjent, samfunnet <strong>Ngogo<\/strong> i Uganda som teller utover <strong>200 individer<\/strong>gradvis delt opp i <strong>to separate fraksjoner<\/strong> som har inng\u00e5tt en ekte <strong>&laquo;borgerkrig&raquo;<\/strong>. En studie nylig publisert p\u00e5 beskriver dette sjeldne fenomenet i detalj <em>Vitenskap<\/em>. Det er f\u00f8rste gang en sjimpansegruppe har blitt observert som f\u00f8rer til konflikt siden 1970-tallet, da etolog Jane Goodall studerte en krig mellom to rivaliserende fraksjoner i Gombe nasjonalpark, Tanzania. Dette er imidlertid f\u00f8rste gang noensinne at dette fenomenet har blitt observert selv under forhold p\u00e5 <strong>overflod av ressurser<\/strong>. Dette strider mot ideen om at overflod automatisk f\u00f8rer til st\u00f8rre samarbeid mellom grupper. Tvert imot, n\u00e5r det gjelder sjimpansene i Uganda, ser det ut til at gruppens vekst over en viss terskel har favorisert dannelsen av fraksjoner og til slutt \u00e5pen konflikt.<\/p>\n<h2><b>Hvordan gruppen sjimpanser delte seg i to fraksjoner<\/b><\/h2>\n<p>Saken dokumentert i <em>Vitenskap<\/em> viser i detalj hvordan gruppen sjimpanser gikk fra en enhetlig sosial struktur til en fullstendig oppdeling i to rivaliserende fraksjoner. Gjennom analyser av sosiale assosiasjoner har forskere identifisert den progressive utseendet til <strong>klynge<\/strong> (undergrupper av individer tettere knyttet til hverandre enn til resten av det sosiale nettverket) distinkte innenfor gruppen. Disse undergruppene var i utgangspunktet ikke stabile: mange individer flyttet fra en fraksjon til en annen i l\u00f8pet av \u00e5rene, et tegn p\u00e5 at divisjonen enn\u00e5 ikke var konsolidert. Over tid har imidlertid b\u00e5ndene mellom klyngene blitt svekket. Noen n\u00f8kkelpersoner, som fungerte som &laquo;<strong>broer<\/strong>\u201d mellom undergrupper, har forsvunnet (ogs\u00e5 p\u00e5 grunn av sykdom), noe som ytterligere reduserer forbindelsen mellom fraksjonene.<\/p>\n<p>Disse dynamikkene har f\u00f8rt til en ikke-tilfeldig omorganisering av sosiale relasjoner: b\u00e5nd har endret seg langs en vei <strong>ny skillelinje<\/strong>. P\u00e5 det tidspunktet eksisterte ikke lenger den opprinnelige gruppen som en funksjonell enhet, men hadde forvandlet seg til to distinkte grupper. En interessant analyse fordi den viser at selv i sjimpansesamfunn kan summen av sm\u00e5 kumulative endringer f\u00f8re til et irreversibelt brudd i en struktur som tidligere var sammenhengende.<\/p>\n<h2><b>\u00abBorgerkrigen\u00bb blant sjimpanser i Uganda<\/b><\/h2>\n<p>N\u00e5r separasjonen var fullf\u00f8rt, degenererte forholdet mellom de to sjimpansefraksjonene raskt: <strong>medlemmene av de to gruppene begynte \u00e5 oppf\u00f8re seg som ekte territorielle rivaler<\/strong>.<\/p>\n<p>De f\u00f8rste fasene av konflikten var preget av <strong>grensepatruljer<\/strong>: sm\u00e5 grupper, ofte sammensatt av voksne menn, utforsket grenseomr\u00e5dene mellom territorier. I l\u00f8pet av f\u00e5 \u00e5r har denne spenningen forvandlet seg til <strong>direkte vold<\/strong>konfigurere en ekte &laquo;<strong>borgerkrig<\/strong>\u201d mellom tidligere medlemmer av samme gruppe. Angrepene fokuserte f\u00f8rst p\u00e5 <strong>voksne menn<\/strong> og da ogs\u00e5 strekke seg til de mest s\u00e5rbare individene, som f.eks<strong> spedbarn<\/strong>.<\/p>\n<p>Dette m\u00f8nsteret antyder at vold ikke er tilfeldig, men strategisk, knyttet til konkurranse om territorium, ressurser og reproduksjon. Det mest overraskende faktum er at dette <strong>Opptrapping var ikke for\u00e5rsaket av ressursknapphet<\/strong>: tvert imot, den opprinnelige gruppen trivdes i et rikt milj\u00f8, i stand til \u00e5 fors\u00f8rge en veldig stor befolkning.<\/p>\n<\/p><\/div>\n","protected":false},"excerpt":{"rendered":"<p>Den st\u00f8rste gruppen av sjimpanse kjent, samfunnet Ngogo i Uganda som teller utover 200 individergradvis<\/p>\n","protected":false},"author":1,"featured_media":17212,"comment_status":"closed","ping_status":"open","sticky":false,"template":"","format":"standard","meta":{"footnotes":""},"categories":[24],"tags":[11112,677,2771,11113,81,9393,100],"class_list":["post-17211","post","type-post","status-publish","format-standard","has-post-thumbnail","hentry","category-vitenskap","tag-fraksjonene","tag-gang","tag-gruppe","tag-individer","tag-pa","tag-samlet","tag-var","generate-columns","tablet-grid-50","mobile-grid-100","grid-parent","grid-33","resize-featured-image"],"yoast_head":"<!-- This site is optimized with the Yoast SEO plugin v24.4 - https:\/\/yoast.com\/wordpress\/plugins\/seo\/ -->\n<title>de to fraksjonene var en gang en samlet gruppe p\u00e5 200 individer - Nordnesrepublikken<\/title>\n<meta name=\"robots\" content=\"index, follow, max-snippet:-1, max-image-preview:large, max-video-preview:-1\" \/>\n<link rel=\"canonical\" href=\"https:\/\/nordnesrepublikken.no\/index.php\/2026\/04\/20\/de-to-fraksjonene-var-en-gang-en-samlet-gruppe-pa-200-individer\/\" \/>\n<meta property=\"og:locale\" content=\"nb_NO\" \/>\n<meta property=\"og:type\" content=\"article\" \/>\n<meta property=\"og:title\" content=\"de to fraksjonene var en gang en samlet gruppe p\u00e5 200 individer - Nordnesrepublikken\" \/>\n<meta property=\"og:description\" content=\"Den st\u00f8rste gruppen av sjimpanse kjent, samfunnet Ngogo i Uganda som teller utover 200 individergradvis\" \/>\n<meta property=\"og:url\" content=\"https:\/\/nordnesrepublikken.no\/index.php\/2026\/04\/20\/de-to-fraksjonene-var-en-gang-en-samlet-gruppe-pa-200-individer\/\" \/>\n<meta property=\"og:site_name\" content=\"Nordnesrepublikken\" \/>\n<meta property=\"article:published_time\" content=\"2026-04-20T12:44:16+00:00\" \/>\n<meta property=\"article:modified_time\" content=\"2026-04-20T12:44:19+00:00\" \/>\n<meta property=\"og:image\" content=\"https:\/\/nordnesrepublikken.no\/wp-content\/uploads\/2026\/04\/1776689058_de-to-fraksjonene-var-en-gang-en-samlet-gruppe-pa.jpg\" \/>\n\t<meta property=\"og:image:width\" content=\"2080\" \/>\n\t<meta property=\"og:image:height\" content=\"1266\" \/>\n\t<meta property=\"og:image:type\" content=\"image\/jpeg\" \/>\n<meta name=\"author\" content=\"Ole Andersen\" \/>\n<meta name=\"twitter:card\" content=\"summary_large_image\" \/>\n<meta name=\"twitter:label1\" content=\"Skrevet av\" \/>\n\t<meta name=\"twitter:data1\" content=\"Ole Andersen\" \/>\n\t<meta name=\"twitter:label2\" content=\"Ansl. lesetid\" \/>\n\t<meta name=\"twitter:data2\" content=\"2 minutter\" \/>\n<script type=\"application\/ld+json\" class=\"yoast-schema-graph\">{\"@context\":\"https:\/\/schema.org\",\"@graph\":[{\"@type\":\"Article\",\"@id\":\"https:\/\/nordnesrepublikken.no\/index.php\/2026\/04\/20\/de-to-fraksjonene-var-en-gang-en-samlet-gruppe-pa-200-individer\/#article\",\"isPartOf\":{\"@id\":\"https:\/\/nordnesrepublikken.no\/index.php\/2026\/04\/20\/de-to-fraksjonene-var-en-gang-en-samlet-gruppe-pa-200-individer\/\"},\"author\":{\"name\":\"Ole Andersen\",\"@id\":\"https:\/\/nordnesrepublikken.no\/#\/schema\/person\/2e7e81935bab77882fffb79296240ff1\"},\"headline\":\"de to fraksjonene var en gang en samlet gruppe p\u00e5 200 individer\",\"datePublished\":\"2026-04-20T12:44:16+00:00\",\"dateModified\":\"2026-04-20T12:44:19+00:00\",\"mainEntityOfPage\":{\"@id\":\"https:\/\/nordnesrepublikken.no\/index.php\/2026\/04\/20\/de-to-fraksjonene-var-en-gang-en-samlet-gruppe-pa-200-individer\/\"},\"wordCount\":496,\"publisher\":{\"@id\":\"https:\/\/nordnesrepublikken.no\/#organization\"},\"image\":{\"@id\":\"https:\/\/nordnesrepublikken.no\/index.php\/2026\/04\/20\/de-to-fraksjonene-var-en-gang-en-samlet-gruppe-pa-200-individer\/#primaryimage\"},\"thumbnailUrl\":\"https:\/\/nordnesrepublikken.no\/wp-content\/uploads\/2026\/04\/1776689058_de-to-fraksjonene-var-en-gang-en-samlet-gruppe-pa.jpg\",\"keywords\":[\"fraksjonene\",\"gang\",\"gruppe\",\"individer\",\"p\u00e5\",\"samlet\",\"var\"],\"articleSection\":[\"Vitenskap\"],\"inLanguage\":\"nb-NO\"},{\"@type\":\"WebPage\",\"@id\":\"https:\/\/nordnesrepublikken.no\/index.php\/2026\/04\/20\/de-to-fraksjonene-var-en-gang-en-samlet-gruppe-pa-200-individer\/\",\"url\":\"https:\/\/nordnesrepublikken.no\/index.php\/2026\/04\/20\/de-to-fraksjonene-var-en-gang-en-samlet-gruppe-pa-200-individer\/\",\"name\":\"de to fraksjonene var en gang en samlet gruppe p\u00e5 200 individer - Nordnesrepublikken\",\"isPartOf\":{\"@id\":\"https:\/\/nordnesrepublikken.no\/#website\"},\"primaryImageOfPage\":{\"@id\":\"https:\/\/nordnesrepublikken.no\/index.php\/2026\/04\/20\/de-to-fraksjonene-var-en-gang-en-samlet-gruppe-pa-200-individer\/#primaryimage\"},\"image\":{\"@id\":\"https:\/\/nordnesrepublikken.no\/index.php\/2026\/04\/20\/de-to-fraksjonene-var-en-gang-en-samlet-gruppe-pa-200-individer\/#primaryimage\"},\"thumbnailUrl\":\"https:\/\/nordnesrepublikken.no\/wp-content\/uploads\/2026\/04\/1776689058_de-to-fraksjonene-var-en-gang-en-samlet-gruppe-pa.jpg\",\"datePublished\":\"2026-04-20T12:44:16+00:00\",\"dateModified\":\"2026-04-20T12:44:19+00:00\",\"breadcrumb\":{\"@id\":\"https:\/\/nordnesrepublikken.no\/index.php\/2026\/04\/20\/de-to-fraksjonene-var-en-gang-en-samlet-gruppe-pa-200-individer\/#breadcrumb\"},\"inLanguage\":\"nb-NO\",\"potentialAction\":[{\"@type\":\"ReadAction\",\"target\":[\"https:\/\/nordnesrepublikken.no\/index.php\/2026\/04\/20\/de-to-fraksjonene-var-en-gang-en-samlet-gruppe-pa-200-individer\/\"]}]},{\"@type\":\"ImageObject\",\"inLanguage\":\"nb-NO\",\"@id\":\"https:\/\/nordnesrepublikken.no\/index.php\/2026\/04\/20\/de-to-fraksjonene-var-en-gang-en-samlet-gruppe-pa-200-individer\/#primaryimage\",\"url\":\"https:\/\/nordnesrepublikken.no\/wp-content\/uploads\/2026\/04\/1776689058_de-to-fraksjonene-var-en-gang-en-samlet-gruppe-pa.jpg\",\"contentUrl\":\"https:\/\/nordnesrepublikken.no\/wp-content\/uploads\/2026\/04\/1776689058_de-to-fraksjonene-var-en-gang-en-samlet-gruppe-pa.jpg\",\"width\":2080,\"height\":1266,\"caption\":\"de to fraksjonene var en gang en samlet gruppe p\u00e5 200 individer\"},{\"@type\":\"BreadcrumbList\",\"@id\":\"https:\/\/nordnesrepublikken.no\/index.php\/2026\/04\/20\/de-to-fraksjonene-var-en-gang-en-samlet-gruppe-pa-200-individer\/#breadcrumb\",\"itemListElement\":[{\"@type\":\"ListItem\",\"position\":1,\"name\":\"Home\",\"item\":\"https:\/\/nordnesrepublikken.no\/\"},{\"@type\":\"ListItem\",\"position\":2,\"name\":\"de to fraksjonene var en gang en samlet gruppe p\u00e5 200 individer\"}]},{\"@type\":\"WebSite\",\"@id\":\"https:\/\/nordnesrepublikken.no\/#website\",\"url\":\"https:\/\/nordnesrepublikken.no\/\",\"name\":\"Nordnesrepublikken\",\"description\":\"Stemmer og Visjoner fra Republikkens Hjerte\",\"publisher\":{\"@id\":\"https:\/\/nordnesrepublikken.no\/#organization\"},\"potentialAction\":[{\"@type\":\"SearchAction\",\"target\":{\"@type\":\"EntryPoint\",\"urlTemplate\":\"https:\/\/nordnesrepublikken.no\/?s={search_term_string}\"},\"query-input\":{\"@type\":\"PropertyValueSpecification\",\"valueRequired\":true,\"valueName\":\"search_term_string\"}}],\"inLanguage\":\"nb-NO\"},{\"@type\":\"Organization\",\"@id\":\"https:\/\/nordnesrepublikken.no\/#organization\",\"name\":\"Nordnesrepublikken\",\"url\":\"https:\/\/nordnesrepublikken.no\/\",\"logo\":{\"@type\":\"ImageObject\",\"inLanguage\":\"nb-NO\",\"@id\":\"https:\/\/nordnesrepublikken.no\/#\/schema\/logo\/image\/\",\"url\":\"https:\/\/nordnesrepublikken.no\/wp-content\/uploads\/2025\/02\/cropped-nordnesrepublikken-2.png\",\"contentUrl\":\"https:\/\/nordnesrepublikken.no\/wp-content\/uploads\/2025\/02\/cropped-nordnesrepublikken-2.png\",\"width\":1248,\"height\":362,\"caption\":\"Nordnesrepublikken\"},\"image\":{\"@id\":\"https:\/\/nordnesrepublikken.no\/#\/schema\/logo\/image\/\"}},{\"@type\":\"Person\",\"@id\":\"https:\/\/nordnesrepublikken.no\/#\/schema\/person\/2e7e81935bab77882fffb79296240ff1\",\"name\":\"Ole Andersen\",\"image\":{\"@type\":\"ImageObject\",\"inLanguage\":\"nb-NO\",\"@id\":\"https:\/\/nordnesrepublikken.no\/#\/schema\/person\/image\/\",\"url\":\"https:\/\/nordnesrepublikken.no\/wp-content\/uploads\/2025\/02\/nordnesrepublikken-2-2-150x150.jpg\",\"contentUrl\":\"https:\/\/nordnesrepublikken.no\/wp-content\/uploads\/2025\/02\/nordnesrepublikken-2-2-150x150.jpg\",\"caption\":\"Ole Andersen\"},\"description\":\"Ettersom jeg vokste opp i Oslo, har jeg alltid v\u00e6rt fascinert av ordenes kraft og deres evne til \u00e5 skape endringer. Etter \u00e5 ha fullf\u00f8rt min utdannelse i kommunikasjon ved Universitetet i Bergen, fikk jeg muligheten til \u00e5 jobbe innen ulike medier, der jeg har s\u00f8kt \u00e5 belyse viktige samfunnssp\u00f8rsm\u00e5l. I dag, som redakt\u00f8r for Nordnesrepublikken, pr\u00f8ver jeg \u00e5 forene min kj\u00e6rlighet for journalistikk med min lidenskap for innovasjon og eventyr.\",\"sameAs\":[\"https:\/\/nordnesrepublikken.no\/\"]}]}<\/script>\n<!-- \/ Yoast SEO plugin. -->","yoast_head_json":{"title":"de to fraksjonene var en gang en samlet gruppe p\u00e5 200 individer - Nordnesrepublikken","robots":{"index":"index","follow":"follow","max-snippet":"max-snippet:-1","max-image-preview":"max-image-preview:large","max-video-preview":"max-video-preview:-1"},"canonical":"https:\/\/nordnesrepublikken.no\/index.php\/2026\/04\/20\/de-to-fraksjonene-var-en-gang-en-samlet-gruppe-pa-200-individer\/","og_locale":"nb_NO","og_type":"article","og_title":"de to fraksjonene var en gang en samlet gruppe p\u00e5 200 individer - Nordnesrepublikken","og_description":"Den st\u00f8rste gruppen av sjimpanse kjent, samfunnet Ngogo i Uganda som teller utover 200 individergradvis","og_url":"https:\/\/nordnesrepublikken.no\/index.php\/2026\/04\/20\/de-to-fraksjonene-var-en-gang-en-samlet-gruppe-pa-200-individer\/","og_site_name":"Nordnesrepublikken","article_published_time":"2026-04-20T12:44:16+00:00","article_modified_time":"2026-04-20T12:44:19+00:00","og_image":[{"width":2080,"height":1266,"url":"https:\/\/nordnesrepublikken.no\/wp-content\/uploads\/2026\/04\/1776689058_de-to-fraksjonene-var-en-gang-en-samlet-gruppe-pa.jpg","type":"image\/jpeg"}],"author":"Ole Andersen","twitter_card":"summary_large_image","twitter_misc":{"Skrevet av":"Ole Andersen","Ansl. lesetid":"2 minutter"},"schema":{"@context":"https:\/\/schema.org","@graph":[{"@type":"Article","@id":"https:\/\/nordnesrepublikken.no\/index.php\/2026\/04\/20\/de-to-fraksjonene-var-en-gang-en-samlet-gruppe-pa-200-individer\/#article","isPartOf":{"@id":"https:\/\/nordnesrepublikken.no\/index.php\/2026\/04\/20\/de-to-fraksjonene-var-en-gang-en-samlet-gruppe-pa-200-individer\/"},"author":{"name":"Ole Andersen","@id":"https:\/\/nordnesrepublikken.no\/#\/schema\/person\/2e7e81935bab77882fffb79296240ff1"},"headline":"de to fraksjonene var en gang en samlet gruppe p\u00e5 200 individer","datePublished":"2026-04-20T12:44:16+00:00","dateModified":"2026-04-20T12:44:19+00:00","mainEntityOfPage":{"@id":"https:\/\/nordnesrepublikken.no\/index.php\/2026\/04\/20\/de-to-fraksjonene-var-en-gang-en-samlet-gruppe-pa-200-individer\/"},"wordCount":496,"publisher":{"@id":"https:\/\/nordnesrepublikken.no\/#organization"},"image":{"@id":"https:\/\/nordnesrepublikken.no\/index.php\/2026\/04\/20\/de-to-fraksjonene-var-en-gang-en-samlet-gruppe-pa-200-individer\/#primaryimage"},"thumbnailUrl":"https:\/\/nordnesrepublikken.no\/wp-content\/uploads\/2026\/04\/1776689058_de-to-fraksjonene-var-en-gang-en-samlet-gruppe-pa.jpg","keywords":["fraksjonene","gang","gruppe","individer","p\u00e5","samlet","var"],"articleSection":["Vitenskap"],"inLanguage":"nb-NO"},{"@type":"WebPage","@id":"https:\/\/nordnesrepublikken.no\/index.php\/2026\/04\/20\/de-to-fraksjonene-var-en-gang-en-samlet-gruppe-pa-200-individer\/","url":"https:\/\/nordnesrepublikken.no\/index.php\/2026\/04\/20\/de-to-fraksjonene-var-en-gang-en-samlet-gruppe-pa-200-individer\/","name":"de to fraksjonene var en gang en samlet gruppe p\u00e5 200 individer - Nordnesrepublikken","isPartOf":{"@id":"https:\/\/nordnesrepublikken.no\/#website"},"primaryImageOfPage":{"@id":"https:\/\/nordnesrepublikken.no\/index.php\/2026\/04\/20\/de-to-fraksjonene-var-en-gang-en-samlet-gruppe-pa-200-individer\/#primaryimage"},"image":{"@id":"https:\/\/nordnesrepublikken.no\/index.php\/2026\/04\/20\/de-to-fraksjonene-var-en-gang-en-samlet-gruppe-pa-200-individer\/#primaryimage"},"thumbnailUrl":"https:\/\/nordnesrepublikken.no\/wp-content\/uploads\/2026\/04\/1776689058_de-to-fraksjonene-var-en-gang-en-samlet-gruppe-pa.jpg","datePublished":"2026-04-20T12:44:16+00:00","dateModified":"2026-04-20T12:44:19+00:00","breadcrumb":{"@id":"https:\/\/nordnesrepublikken.no\/index.php\/2026\/04\/20\/de-to-fraksjonene-var-en-gang-en-samlet-gruppe-pa-200-individer\/#breadcrumb"},"inLanguage":"nb-NO","potentialAction":[{"@type":"ReadAction","target":["https:\/\/nordnesrepublikken.no\/index.php\/2026\/04\/20\/de-to-fraksjonene-var-en-gang-en-samlet-gruppe-pa-200-individer\/"]}]},{"@type":"ImageObject","inLanguage":"nb-NO","@id":"https:\/\/nordnesrepublikken.no\/index.php\/2026\/04\/20\/de-to-fraksjonene-var-en-gang-en-samlet-gruppe-pa-200-individer\/#primaryimage","url":"https:\/\/nordnesrepublikken.no\/wp-content\/uploads\/2026\/04\/1776689058_de-to-fraksjonene-var-en-gang-en-samlet-gruppe-pa.jpg","contentUrl":"https:\/\/nordnesrepublikken.no\/wp-content\/uploads\/2026\/04\/1776689058_de-to-fraksjonene-var-en-gang-en-samlet-gruppe-pa.jpg","width":2080,"height":1266,"caption":"de to fraksjonene var en gang en samlet gruppe p\u00e5 200 individer"},{"@type":"BreadcrumbList","@id":"https:\/\/nordnesrepublikken.no\/index.php\/2026\/04\/20\/de-to-fraksjonene-var-en-gang-en-samlet-gruppe-pa-200-individer\/#breadcrumb","itemListElement":[{"@type":"ListItem","position":1,"name":"Home","item":"https:\/\/nordnesrepublikken.no\/"},{"@type":"ListItem","position":2,"name":"de to fraksjonene var en gang en samlet gruppe p\u00e5 200 individer"}]},{"@type":"WebSite","@id":"https:\/\/nordnesrepublikken.no\/#website","url":"https:\/\/nordnesrepublikken.no\/","name":"Nordnesrepublikken","description":"Stemmer og Visjoner fra Republikkens Hjerte","publisher":{"@id":"https:\/\/nordnesrepublikken.no\/#organization"},"potentialAction":[{"@type":"SearchAction","target":{"@type":"EntryPoint","urlTemplate":"https:\/\/nordnesrepublikken.no\/?s={search_term_string}"},"query-input":{"@type":"PropertyValueSpecification","valueRequired":true,"valueName":"search_term_string"}}],"inLanguage":"nb-NO"},{"@type":"Organization","@id":"https:\/\/nordnesrepublikken.no\/#organization","name":"Nordnesrepublikken","url":"https:\/\/nordnesrepublikken.no\/","logo":{"@type":"ImageObject","inLanguage":"nb-NO","@id":"https:\/\/nordnesrepublikken.no\/#\/schema\/logo\/image\/","url":"https:\/\/nordnesrepublikken.no\/wp-content\/uploads\/2025\/02\/cropped-nordnesrepublikken-2.png","contentUrl":"https:\/\/nordnesrepublikken.no\/wp-content\/uploads\/2025\/02\/cropped-nordnesrepublikken-2.png","width":1248,"height":362,"caption":"Nordnesrepublikken"},"image":{"@id":"https:\/\/nordnesrepublikken.no\/#\/schema\/logo\/image\/"}},{"@type":"Person","@id":"https:\/\/nordnesrepublikken.no\/#\/schema\/person\/2e7e81935bab77882fffb79296240ff1","name":"Ole Andersen","image":{"@type":"ImageObject","inLanguage":"nb-NO","@id":"https:\/\/nordnesrepublikken.no\/#\/schema\/person\/image\/","url":"https:\/\/nordnesrepublikken.no\/wp-content\/uploads\/2025\/02\/nordnesrepublikken-2-2-150x150.jpg","contentUrl":"https:\/\/nordnesrepublikken.no\/wp-content\/uploads\/2025\/02\/nordnesrepublikken-2-2-150x150.jpg","caption":"Ole Andersen"},"description":"Ettersom jeg vokste opp i Oslo, har jeg alltid v\u00e6rt fascinert av ordenes kraft og deres evne til \u00e5 skape endringer. Etter \u00e5 ha fullf\u00f8rt min utdannelse i kommunikasjon ved Universitetet i Bergen, fikk jeg muligheten til \u00e5 jobbe innen ulike medier, der jeg har s\u00f8kt \u00e5 belyse viktige samfunnssp\u00f8rsm\u00e5l. I dag, som redakt\u00f8r for Nordnesrepublikken, pr\u00f8ver jeg \u00e5 forene min kj\u00e6rlighet for journalistikk med min lidenskap for innovasjon og eventyr.","sameAs":["https:\/\/nordnesrepublikken.no\/"]}]}},"_links":{"self":[{"href":"https:\/\/nordnesrepublikken.no\/index.php\/wp-json\/wp\/v2\/posts\/17211","targetHints":{"allow":["GET"]}}],"collection":[{"href":"https:\/\/nordnesrepublikken.no\/index.php\/wp-json\/wp\/v2\/posts"}],"about":[{"href":"https:\/\/nordnesrepublikken.no\/index.php\/wp-json\/wp\/v2\/types\/post"}],"author":[{"embeddable":true,"href":"https:\/\/nordnesrepublikken.no\/index.php\/wp-json\/wp\/v2\/users\/1"}],"replies":[{"embeddable":true,"href":"https:\/\/nordnesrepublikken.no\/index.php\/wp-json\/wp\/v2\/comments?post=17211"}],"version-history":[{"count":1,"href":"https:\/\/nordnesrepublikken.no\/index.php\/wp-json\/wp\/v2\/posts\/17211\/revisions"}],"predecessor-version":[{"id":17213,"href":"https:\/\/nordnesrepublikken.no\/index.php\/wp-json\/wp\/v2\/posts\/17211\/revisions\/17213"}],"wp:featuredmedia":[{"embeddable":true,"href":"https:\/\/nordnesrepublikken.no\/index.php\/wp-json\/wp\/v2\/media\/17212"}],"wp:attachment":[{"href":"https:\/\/nordnesrepublikken.no\/index.php\/wp-json\/wp\/v2\/media?parent=17211"}],"wp:term":[{"taxonomy":"category","embeddable":true,"href":"https:\/\/nordnesrepublikken.no\/index.php\/wp-json\/wp\/v2\/categories?post=17211"},{"taxonomy":"post_tag","embeddable":true,"href":"https:\/\/nordnesrepublikken.no\/index.php\/wp-json\/wp\/v2\/tags?post=17211"}],"curies":[{"name":"wp","href":"https:\/\/api.w.org\/{rel}","templated":true}]}}