{"id":17199,"date":"2026-04-20T11:40:23","date_gmt":"2026-04-20T09:40:23","guid":{"rendered":"https:\/\/nordnesrepublikken.no\/index.php\/2026\/04\/20\/episenter-til-sjos-utstedt-tsunamivarsel\/"},"modified":"2026-04-20T11:40:25","modified_gmt":"2026-04-20T09:40:25","slug":"episenter-til-sjos-utstedt-tsunamivarsel","status":"publish","type":"post","link":"https:\/\/nordnesrepublikken.no\/index.php\/2026\/04\/20\/episenter-til-sjos-utstedt-tsunamivarsel\/","title":{"rendered":"episenter til sj\u00f8s, utstedt tsunamivarsel"},"content":{"rendered":"<div>\n<div class=\"cp_wrapper cp_wrapper--fw mb-30 mb-20@tablet\">\n<figure class=\"mm\"><picture class=\"img\" style=\"padding-top:56.25%\"><source  media=\"(min-width: 1024px)\"><source  media=\"(min-width: 768px)\"><\/source><\/source><\/picture><\/figure>\n<\/p><\/div>\n<p>En sterk en<b> jordskjelv med styrke 7,5<\/b> treffer den nord\u00f8stlige kysten av <b>Japan i dag 20. april, <\/b>klokken 16.52 (lokal tid, 9.52 i Italia). I f\u00f8lge det som ble rapportert av INGV, har episenteret blitt lokalisert <strong>til sj\u00f8s<\/strong>ca. 100 km fra kysten av Miyako (Iwate Prefecture), en <strong>dybde<\/strong> Av <strong>29,3 km<\/strong>. Japan Meteorological Agency har utstedt <strong>et tsunamivarsel <\/strong>av et h\u00f8yere niv\u00e5, advarsel om muligheten for <strong>b\u00f8lger opp til 3 meter h\u00f8ye<\/strong> de kunne n\u00e5 noen omr\u00e5der av den japanske kysten <strong>p\u00e5 mindre enn 30 minutter.<\/strong> Spesielt forventes de mest ber\u00f8rte omr\u00e5dene \u00e5 v\u00e6re kysten av Hokkaido i det sentrale Stillehavet, kysten av Aomori Prefecture og kysten av Iwate Prefecture.<\/p>\n<p>For en forholdsregel gjorde myndighetene det <strong>evakuere<\/strong> lokalbefolkningen i <strong>Prefekturene Hokkaido, Aomori, Miyagi og Fukushima<\/strong>. Som kartet nedenfor viser, er kystene der tsunamivarselet er sendt ut markert med r\u00f8dt. Statsministeren <strong>Sanae Takaichi <\/strong>uttalt at regjeringen har etablert <strong>en beredskapsgruppe<\/strong> og oppfordret innbyggerne i de ber\u00f8rte omr\u00e5dene til \u00e5 s\u00f8ke sikkerhet.<\/p>\n<div class=\"cp_wrapper cp_wrapper--fw mb-50\">\n<figure class=\"mm\"><picture class=\"img\" style=\"padding-top:74.343675417661%\"><source  media=\"(min-width: 1024px)\"><source  media=\"(min-width: 768px)\"><img decoding=\"async\" loading=\"lazy\" src=\"https:\/\/nordnesrepublikken.no\/wp-content\/uploads\/2026\/04\/1776678023_561_episenter-til-sjos-utstedt-tsunamivarsel.jpg\" alt=\"japan tsunami\" width=\"1676\" height=\"1246\"\/><\/source><\/source><\/picture><\/figure>\n<\/p><\/div>\n<p>I mellomtiden er Tokyo Electric Power Company <strong>sjekker<\/strong> om jordskjelvet for\u00e5rsaket<strong> problemer ved atomkraftverkene i Fukushima.<\/strong> Sjokket ville ogs\u00e5 v\u00e6rt merket i hovedstaden <strong>Tokyo<\/strong>som ligger omtrent 600 km fra episenteret, med<strong> jernbanetrafikk<\/strong> av Tohoku Shinkansen h\u00f8yhastighetstogene som var <strong>suspendert<\/strong> mellom Tokyo og Shin-Aomori stasjon p\u00e5 grunn av jordskjelvet.<\/p>\n<p>Fra et geologisk synspunkt er Japan et ekstremt seismisk land, som et resultat av <strong>sammenst\u00f8t mellom tektoniske plater<\/strong>: spesifikt er det <strong>Stillehavsplate, som subdukterer under den nordamerikanske platen<\/strong>. Denne aktive tektoniske konteksten oversetter til tilstedev\u00e6relsen av tusenvis av kompresjonsfeil, hvis reaktivering kan generere hyppige og intense jordskjelv. Landet ligger blant annet innenfor den s\u00e5kalte \u00abRing of Fire\u00bb, det vil si planetens b\u00e5nd som er mest ber\u00f8rt av vulkanutbrudd og jordskjelv.<\/p>\n<\/p><\/div>\n","protected":false},"excerpt":{"rendered":"<p>En sterk en jordskjelv med styrke 7,5 treffer den nord\u00f8stlige kysten av Japan i dag<\/p>\n","protected":false},"author":1,"featured_media":17200,"comment_status":"closed","ping_status":"open","sticky":false,"template":"","format":"standard","meta":{"footnotes":""},"categories":[24],"tags":[2076,4915,117,7579,7580],"class_list":["post-17199","post","type-post","status-publish","format-standard","has-post-thumbnail","hentry","category-vitenskap","tag-episenter","tag-sjos","tag-til","tag-tsunamivarsel","tag-utstedt","generate-columns","tablet-grid-50","mobile-grid-100","grid-parent","grid-33","resize-featured-image"],"yoast_head":"<!-- This site is optimized with the Yoast SEO plugin v24.4 - https:\/\/yoast.com\/wordpress\/plugins\/seo\/ -->\n<title>episenter til sj\u00f8s, utstedt tsunamivarsel - Nordnesrepublikken<\/title>\n<meta name=\"robots\" content=\"index, follow, max-snippet:-1, max-image-preview:large, max-video-preview:-1\" \/>\n<link rel=\"canonical\" href=\"https:\/\/nordnesrepublikken.no\/index.php\/2026\/04\/20\/episenter-til-sjos-utstedt-tsunamivarsel\/\" \/>\n<meta property=\"og:locale\" content=\"nb_NO\" \/>\n<meta property=\"og:type\" content=\"article\" \/>\n<meta property=\"og:title\" content=\"episenter til sj\u00f8s, utstedt tsunamivarsel - Nordnesrepublikken\" \/>\n<meta property=\"og:description\" content=\"En sterk en jordskjelv med styrke 7,5 treffer den nord\u00f8stlige kysten av Japan i dag\" \/>\n<meta property=\"og:url\" content=\"https:\/\/nordnesrepublikken.no\/index.php\/2026\/04\/20\/episenter-til-sjos-utstedt-tsunamivarsel\/\" \/>\n<meta property=\"og:site_name\" content=\"Nordnesrepublikken\" \/>\n<meta property=\"article:published_time\" content=\"2026-04-20T09:40:23+00:00\" \/>\n<meta property=\"article:modified_time\" content=\"2026-04-20T09:40:25+00:00\" \/>\n<meta property=\"og:image\" content=\"https:\/\/nordnesrepublikken.no\/wp-content\/uploads\/2026\/04\/1776678024_episenter-til-sjos-utstedt-tsunamivarsel.jpg\" \/>\n\t<meta property=\"og:image:width\" content=\"1280\" \/>\n\t<meta property=\"og:image:height\" content=\"720\" \/>\n\t<meta property=\"og:image:type\" content=\"image\/jpeg\" \/>\n<meta name=\"author\" content=\"Ole Andersen\" \/>\n<meta name=\"twitter:card\" content=\"summary_large_image\" \/>\n<meta name=\"twitter:label1\" content=\"Skrevet av\" \/>\n\t<meta name=\"twitter:data1\" content=\"Ole Andersen\" \/>\n\t<meta name=\"twitter:label2\" content=\"Ansl. lesetid\" \/>\n\t<meta name=\"twitter:data2\" content=\"1 minutt\" \/>\n<script type=\"application\/ld+json\" class=\"yoast-schema-graph\">{\"@context\":\"https:\/\/schema.org\",\"@graph\":[{\"@type\":\"Article\",\"@id\":\"https:\/\/nordnesrepublikken.no\/index.php\/2026\/04\/20\/episenter-til-sjos-utstedt-tsunamivarsel\/#article\",\"isPartOf\":{\"@id\":\"https:\/\/nordnesrepublikken.no\/index.php\/2026\/04\/20\/episenter-til-sjos-utstedt-tsunamivarsel\/\"},\"author\":{\"name\":\"Ole Andersen\",\"@id\":\"https:\/\/nordnesrepublikken.no\/#\/schema\/person\/2e7e81935bab77882fffb79296240ff1\"},\"headline\":\"episenter til sj\u00f8s, utstedt tsunamivarsel\",\"datePublished\":\"2026-04-20T09:40:23+00:00\",\"dateModified\":\"2026-04-20T09:40:25+00:00\",\"mainEntityOfPage\":{\"@id\":\"https:\/\/nordnesrepublikken.no\/index.php\/2026\/04\/20\/episenter-til-sjos-utstedt-tsunamivarsel\/\"},\"wordCount\":295,\"publisher\":{\"@id\":\"https:\/\/nordnesrepublikken.no\/#organization\"},\"image\":{\"@id\":\"https:\/\/nordnesrepublikken.no\/index.php\/2026\/04\/20\/episenter-til-sjos-utstedt-tsunamivarsel\/#primaryimage\"},\"thumbnailUrl\":\"https:\/\/nordnesrepublikken.no\/wp-content\/uploads\/2026\/04\/1776678024_episenter-til-sjos-utstedt-tsunamivarsel.jpg\",\"keywords\":[\"episenter\",\"sj\u00f8s\",\"til\",\"Tsunamivarsel\",\"utstedt\"],\"articleSection\":[\"Vitenskap\"],\"inLanguage\":\"nb-NO\"},{\"@type\":\"WebPage\",\"@id\":\"https:\/\/nordnesrepublikken.no\/index.php\/2026\/04\/20\/episenter-til-sjos-utstedt-tsunamivarsel\/\",\"url\":\"https:\/\/nordnesrepublikken.no\/index.php\/2026\/04\/20\/episenter-til-sjos-utstedt-tsunamivarsel\/\",\"name\":\"episenter til sj\u00f8s, utstedt tsunamivarsel - Nordnesrepublikken\",\"isPartOf\":{\"@id\":\"https:\/\/nordnesrepublikken.no\/#website\"},\"primaryImageOfPage\":{\"@id\":\"https:\/\/nordnesrepublikken.no\/index.php\/2026\/04\/20\/episenter-til-sjos-utstedt-tsunamivarsel\/#primaryimage\"},\"image\":{\"@id\":\"https:\/\/nordnesrepublikken.no\/index.php\/2026\/04\/20\/episenter-til-sjos-utstedt-tsunamivarsel\/#primaryimage\"},\"thumbnailUrl\":\"https:\/\/nordnesrepublikken.no\/wp-content\/uploads\/2026\/04\/1776678024_episenter-til-sjos-utstedt-tsunamivarsel.jpg\",\"datePublished\":\"2026-04-20T09:40:23+00:00\",\"dateModified\":\"2026-04-20T09:40:25+00:00\",\"breadcrumb\":{\"@id\":\"https:\/\/nordnesrepublikken.no\/index.php\/2026\/04\/20\/episenter-til-sjos-utstedt-tsunamivarsel\/#breadcrumb\"},\"inLanguage\":\"nb-NO\",\"potentialAction\":[{\"@type\":\"ReadAction\",\"target\":[\"https:\/\/nordnesrepublikken.no\/index.php\/2026\/04\/20\/episenter-til-sjos-utstedt-tsunamivarsel\/\"]}]},{\"@type\":\"ImageObject\",\"inLanguage\":\"nb-NO\",\"@id\":\"https:\/\/nordnesrepublikken.no\/index.php\/2026\/04\/20\/episenter-til-sjos-utstedt-tsunamivarsel\/#primaryimage\",\"url\":\"https:\/\/nordnesrepublikken.no\/wp-content\/uploads\/2026\/04\/1776678024_episenter-til-sjos-utstedt-tsunamivarsel.jpg\",\"contentUrl\":\"https:\/\/nordnesrepublikken.no\/wp-content\/uploads\/2026\/04\/1776678024_episenter-til-sjos-utstedt-tsunamivarsel.jpg\",\"width\":1280,\"height\":720,\"caption\":\"episenter til sj\u00f8s, utstedt tsunamivarsel\"},{\"@type\":\"BreadcrumbList\",\"@id\":\"https:\/\/nordnesrepublikken.no\/index.php\/2026\/04\/20\/episenter-til-sjos-utstedt-tsunamivarsel\/#breadcrumb\",\"itemListElement\":[{\"@type\":\"ListItem\",\"position\":1,\"name\":\"Home\",\"item\":\"https:\/\/nordnesrepublikken.no\/\"},{\"@type\":\"ListItem\",\"position\":2,\"name\":\"episenter til sj\u00f8s, utstedt tsunamivarsel\"}]},{\"@type\":\"WebSite\",\"@id\":\"https:\/\/nordnesrepublikken.no\/#website\",\"url\":\"https:\/\/nordnesrepublikken.no\/\",\"name\":\"Nordnesrepublikken\",\"description\":\"Stemmer og Visjoner fra Republikkens Hjerte\",\"publisher\":{\"@id\":\"https:\/\/nordnesrepublikken.no\/#organization\"},\"potentialAction\":[{\"@type\":\"SearchAction\",\"target\":{\"@type\":\"EntryPoint\",\"urlTemplate\":\"https:\/\/nordnesrepublikken.no\/?s={search_term_string}\"},\"query-input\":{\"@type\":\"PropertyValueSpecification\",\"valueRequired\":true,\"valueName\":\"search_term_string\"}}],\"inLanguage\":\"nb-NO\"},{\"@type\":\"Organization\",\"@id\":\"https:\/\/nordnesrepublikken.no\/#organization\",\"name\":\"Nordnesrepublikken\",\"url\":\"https:\/\/nordnesrepublikken.no\/\",\"logo\":{\"@type\":\"ImageObject\",\"inLanguage\":\"nb-NO\",\"@id\":\"https:\/\/nordnesrepublikken.no\/#\/schema\/logo\/image\/\",\"url\":\"https:\/\/nordnesrepublikken.no\/wp-content\/uploads\/2025\/02\/cropped-nordnesrepublikken-2.png\",\"contentUrl\":\"https:\/\/nordnesrepublikken.no\/wp-content\/uploads\/2025\/02\/cropped-nordnesrepublikken-2.png\",\"width\":1248,\"height\":362,\"caption\":\"Nordnesrepublikken\"},\"image\":{\"@id\":\"https:\/\/nordnesrepublikken.no\/#\/schema\/logo\/image\/\"}},{\"@type\":\"Person\",\"@id\":\"https:\/\/nordnesrepublikken.no\/#\/schema\/person\/2e7e81935bab77882fffb79296240ff1\",\"name\":\"Ole Andersen\",\"image\":{\"@type\":\"ImageObject\",\"inLanguage\":\"nb-NO\",\"@id\":\"https:\/\/nordnesrepublikken.no\/#\/schema\/person\/image\/\",\"url\":\"https:\/\/nordnesrepublikken.no\/wp-content\/uploads\/2025\/02\/nordnesrepublikken-2-2-150x150.jpg\",\"contentUrl\":\"https:\/\/nordnesrepublikken.no\/wp-content\/uploads\/2025\/02\/nordnesrepublikken-2-2-150x150.jpg\",\"caption\":\"Ole Andersen\"},\"description\":\"Ettersom jeg vokste opp i Oslo, har jeg alltid v\u00e6rt fascinert av ordenes kraft og deres evne til \u00e5 skape endringer. Etter \u00e5 ha fullf\u00f8rt min utdannelse i kommunikasjon ved Universitetet i Bergen, fikk jeg muligheten til \u00e5 jobbe innen ulike medier, der jeg har s\u00f8kt \u00e5 belyse viktige samfunnssp\u00f8rsm\u00e5l. I dag, som redakt\u00f8r for Nordnesrepublikken, pr\u00f8ver jeg \u00e5 forene min kj\u00e6rlighet for journalistikk med min lidenskap for innovasjon og eventyr.\",\"sameAs\":[\"https:\/\/nordnesrepublikken.no\/\"]}]}<\/script>\n<!-- \/ Yoast SEO plugin. -->","yoast_head_json":{"title":"episenter til sj\u00f8s, utstedt tsunamivarsel - Nordnesrepublikken","robots":{"index":"index","follow":"follow","max-snippet":"max-snippet:-1","max-image-preview":"max-image-preview:large","max-video-preview":"max-video-preview:-1"},"canonical":"https:\/\/nordnesrepublikken.no\/index.php\/2026\/04\/20\/episenter-til-sjos-utstedt-tsunamivarsel\/","og_locale":"nb_NO","og_type":"article","og_title":"episenter til sj\u00f8s, utstedt tsunamivarsel - Nordnesrepublikken","og_description":"En sterk en jordskjelv med styrke 7,5 treffer den nord\u00f8stlige kysten av Japan i dag","og_url":"https:\/\/nordnesrepublikken.no\/index.php\/2026\/04\/20\/episenter-til-sjos-utstedt-tsunamivarsel\/","og_site_name":"Nordnesrepublikken","article_published_time":"2026-04-20T09:40:23+00:00","article_modified_time":"2026-04-20T09:40:25+00:00","og_image":[{"width":1280,"height":720,"url":"https:\/\/nordnesrepublikken.no\/wp-content\/uploads\/2026\/04\/1776678024_episenter-til-sjos-utstedt-tsunamivarsel.jpg","type":"image\/jpeg"}],"author":"Ole Andersen","twitter_card":"summary_large_image","twitter_misc":{"Skrevet av":"Ole Andersen","Ansl. lesetid":"1 minutt"},"schema":{"@context":"https:\/\/schema.org","@graph":[{"@type":"Article","@id":"https:\/\/nordnesrepublikken.no\/index.php\/2026\/04\/20\/episenter-til-sjos-utstedt-tsunamivarsel\/#article","isPartOf":{"@id":"https:\/\/nordnesrepublikken.no\/index.php\/2026\/04\/20\/episenter-til-sjos-utstedt-tsunamivarsel\/"},"author":{"name":"Ole Andersen","@id":"https:\/\/nordnesrepublikken.no\/#\/schema\/person\/2e7e81935bab77882fffb79296240ff1"},"headline":"episenter til sj\u00f8s, utstedt tsunamivarsel","datePublished":"2026-04-20T09:40:23+00:00","dateModified":"2026-04-20T09:40:25+00:00","mainEntityOfPage":{"@id":"https:\/\/nordnesrepublikken.no\/index.php\/2026\/04\/20\/episenter-til-sjos-utstedt-tsunamivarsel\/"},"wordCount":295,"publisher":{"@id":"https:\/\/nordnesrepublikken.no\/#organization"},"image":{"@id":"https:\/\/nordnesrepublikken.no\/index.php\/2026\/04\/20\/episenter-til-sjos-utstedt-tsunamivarsel\/#primaryimage"},"thumbnailUrl":"https:\/\/nordnesrepublikken.no\/wp-content\/uploads\/2026\/04\/1776678024_episenter-til-sjos-utstedt-tsunamivarsel.jpg","keywords":["episenter","sj\u00f8s","til","Tsunamivarsel","utstedt"],"articleSection":["Vitenskap"],"inLanguage":"nb-NO"},{"@type":"WebPage","@id":"https:\/\/nordnesrepublikken.no\/index.php\/2026\/04\/20\/episenter-til-sjos-utstedt-tsunamivarsel\/","url":"https:\/\/nordnesrepublikken.no\/index.php\/2026\/04\/20\/episenter-til-sjos-utstedt-tsunamivarsel\/","name":"episenter til sj\u00f8s, utstedt tsunamivarsel - Nordnesrepublikken","isPartOf":{"@id":"https:\/\/nordnesrepublikken.no\/#website"},"primaryImageOfPage":{"@id":"https:\/\/nordnesrepublikken.no\/index.php\/2026\/04\/20\/episenter-til-sjos-utstedt-tsunamivarsel\/#primaryimage"},"image":{"@id":"https:\/\/nordnesrepublikken.no\/index.php\/2026\/04\/20\/episenter-til-sjos-utstedt-tsunamivarsel\/#primaryimage"},"thumbnailUrl":"https:\/\/nordnesrepublikken.no\/wp-content\/uploads\/2026\/04\/1776678024_episenter-til-sjos-utstedt-tsunamivarsel.jpg","datePublished":"2026-04-20T09:40:23+00:00","dateModified":"2026-04-20T09:40:25+00:00","breadcrumb":{"@id":"https:\/\/nordnesrepublikken.no\/index.php\/2026\/04\/20\/episenter-til-sjos-utstedt-tsunamivarsel\/#breadcrumb"},"inLanguage":"nb-NO","potentialAction":[{"@type":"ReadAction","target":["https:\/\/nordnesrepublikken.no\/index.php\/2026\/04\/20\/episenter-til-sjos-utstedt-tsunamivarsel\/"]}]},{"@type":"ImageObject","inLanguage":"nb-NO","@id":"https:\/\/nordnesrepublikken.no\/index.php\/2026\/04\/20\/episenter-til-sjos-utstedt-tsunamivarsel\/#primaryimage","url":"https:\/\/nordnesrepublikken.no\/wp-content\/uploads\/2026\/04\/1776678024_episenter-til-sjos-utstedt-tsunamivarsel.jpg","contentUrl":"https:\/\/nordnesrepublikken.no\/wp-content\/uploads\/2026\/04\/1776678024_episenter-til-sjos-utstedt-tsunamivarsel.jpg","width":1280,"height":720,"caption":"episenter til sj\u00f8s, utstedt tsunamivarsel"},{"@type":"BreadcrumbList","@id":"https:\/\/nordnesrepublikken.no\/index.php\/2026\/04\/20\/episenter-til-sjos-utstedt-tsunamivarsel\/#breadcrumb","itemListElement":[{"@type":"ListItem","position":1,"name":"Home","item":"https:\/\/nordnesrepublikken.no\/"},{"@type":"ListItem","position":2,"name":"episenter til sj\u00f8s, utstedt tsunamivarsel"}]},{"@type":"WebSite","@id":"https:\/\/nordnesrepublikken.no\/#website","url":"https:\/\/nordnesrepublikken.no\/","name":"Nordnesrepublikken","description":"Stemmer og Visjoner fra Republikkens Hjerte","publisher":{"@id":"https:\/\/nordnesrepublikken.no\/#organization"},"potentialAction":[{"@type":"SearchAction","target":{"@type":"EntryPoint","urlTemplate":"https:\/\/nordnesrepublikken.no\/?s={search_term_string}"},"query-input":{"@type":"PropertyValueSpecification","valueRequired":true,"valueName":"search_term_string"}}],"inLanguage":"nb-NO"},{"@type":"Organization","@id":"https:\/\/nordnesrepublikken.no\/#organization","name":"Nordnesrepublikken","url":"https:\/\/nordnesrepublikken.no\/","logo":{"@type":"ImageObject","inLanguage":"nb-NO","@id":"https:\/\/nordnesrepublikken.no\/#\/schema\/logo\/image\/","url":"https:\/\/nordnesrepublikken.no\/wp-content\/uploads\/2025\/02\/cropped-nordnesrepublikken-2.png","contentUrl":"https:\/\/nordnesrepublikken.no\/wp-content\/uploads\/2025\/02\/cropped-nordnesrepublikken-2.png","width":1248,"height":362,"caption":"Nordnesrepublikken"},"image":{"@id":"https:\/\/nordnesrepublikken.no\/#\/schema\/logo\/image\/"}},{"@type":"Person","@id":"https:\/\/nordnesrepublikken.no\/#\/schema\/person\/2e7e81935bab77882fffb79296240ff1","name":"Ole Andersen","image":{"@type":"ImageObject","inLanguage":"nb-NO","@id":"https:\/\/nordnesrepublikken.no\/#\/schema\/person\/image\/","url":"https:\/\/nordnesrepublikken.no\/wp-content\/uploads\/2025\/02\/nordnesrepublikken-2-2-150x150.jpg","contentUrl":"https:\/\/nordnesrepublikken.no\/wp-content\/uploads\/2025\/02\/nordnesrepublikken-2-2-150x150.jpg","caption":"Ole Andersen"},"description":"Ettersom jeg vokste opp i Oslo, har jeg alltid v\u00e6rt fascinert av ordenes kraft og deres evne til \u00e5 skape endringer. Etter \u00e5 ha fullf\u00f8rt min utdannelse i kommunikasjon ved Universitetet i Bergen, fikk jeg muligheten til \u00e5 jobbe innen ulike medier, der jeg har s\u00f8kt \u00e5 belyse viktige samfunnssp\u00f8rsm\u00e5l. I dag, som redakt\u00f8r for Nordnesrepublikken, pr\u00f8ver jeg \u00e5 forene min kj\u00e6rlighet for journalistikk med min lidenskap for innovasjon og eventyr.","sameAs":["https:\/\/nordnesrepublikken.no\/"]}]}},"_links":{"self":[{"href":"https:\/\/nordnesrepublikken.no\/index.php\/wp-json\/wp\/v2\/posts\/17199","targetHints":{"allow":["GET"]}}],"collection":[{"href":"https:\/\/nordnesrepublikken.no\/index.php\/wp-json\/wp\/v2\/posts"}],"about":[{"href":"https:\/\/nordnesrepublikken.no\/index.php\/wp-json\/wp\/v2\/types\/post"}],"author":[{"embeddable":true,"href":"https:\/\/nordnesrepublikken.no\/index.php\/wp-json\/wp\/v2\/users\/1"}],"replies":[{"embeddable":true,"href":"https:\/\/nordnesrepublikken.no\/index.php\/wp-json\/wp\/v2\/comments?post=17199"}],"version-history":[{"count":1,"href":"https:\/\/nordnesrepublikken.no\/index.php\/wp-json\/wp\/v2\/posts\/17199\/revisions"}],"predecessor-version":[{"id":17201,"href":"https:\/\/nordnesrepublikken.no\/index.php\/wp-json\/wp\/v2\/posts\/17199\/revisions\/17201"}],"wp:featuredmedia":[{"embeddable":true,"href":"https:\/\/nordnesrepublikken.no\/index.php\/wp-json\/wp\/v2\/media\/17200"}],"wp:attachment":[{"href":"https:\/\/nordnesrepublikken.no\/index.php\/wp-json\/wp\/v2\/media?parent=17199"}],"wp:term":[{"taxonomy":"category","embeddable":true,"href":"https:\/\/nordnesrepublikken.no\/index.php\/wp-json\/wp\/v2\/categories?post=17199"},{"taxonomy":"post_tag","embeddable":true,"href":"https:\/\/nordnesrepublikken.no\/index.php\/wp-json\/wp\/v2\/tags?post=17199"}],"curies":[{"name":"wp","href":"https:\/\/api.w.org\/{rel}","templated":true}]}}