{"id":17196,"date":"2026-04-20T10:45:54","date_gmt":"2026-04-20T08:45:54","guid":{"rendered":"https:\/\/nordnesrepublikken.no\/index.php\/2026\/04\/20\/jordskjelv-far-undersjoiske-klofter-til-a-trekke-seg-tilbake-og-setter-de-italienske-kystene-i-fare-ingv-studien\/"},"modified":"2026-04-20T10:45:56","modified_gmt":"2026-04-20T08:45:56","slug":"jordskjelv-far-undersjoiske-klofter-til-a-trekke-seg-tilbake-og-setter-de-italienske-kystene-i-fare-ingv-studien","status":"publish","type":"post","link":"https:\/\/nordnesrepublikken.no\/index.php\/2026\/04\/20\/jordskjelv-far-undersjoiske-klofter-til-a-trekke-seg-tilbake-og-setter-de-italienske-kystene-i-fare-ingv-studien\/","title":{"rendered":"Jordskjelv f\u00e5r undersj\u00f8iske kl\u00f8fter til \u00e5 trekke seg tilbake, og setter de italienske kystene i fare: INGV-studien"},"content":{"rendered":"<div>\n<div class=\"cp_wrapper cp_wrapper--fw mb-30 mb-20@tablet\">\n<figure class=\"mm\"><picture class=\"img\" style=\"padding-top:56.25%\"><source  media=\"(min-width: 1024px)\"><source  media=\"(min-width: 768px)\"><\/source><\/source><\/picture><\/figure>\n<\/p><\/div>\n<p>Der <strong>seismisitet<\/strong> av halv\u00f8ya v\u00e5r, kombinert med den store tilf\u00f8rselen av sedimenter n\u00e6r elvemunningene, ville f\u00e5 elvehodene til \u00e5 trekke seg tilbake mot kysten <strong>undersj\u00f8iske kl\u00f8fter<\/strong>. Dette ble avsl\u00f8rt av en ny studie fra INGV (National Institute of Geophysics and Volcanology) og University of Palermo, publisert i <em>Kommunikasjon Jord og milj\u00f8<\/em>. I sin tur f\u00f8rer dette fenomenet til en <strong>potensiell risiko for infrastruktur og kystbefolkning<\/strong>. Som en del av studien analyserte forskerne <strong>2700 kl\u00f8fter<\/strong> <strong>ub\u00e5ter<\/strong> behandling med<strong>kunstig intelligens <\/strong>batymetriske, seismiske og geodetiske data.<\/p>\n<h2>Hva er undervannskl\u00f8fter og hvordan dannes de?<\/h2>\n<p>DE <strong>undersj\u00f8iske kl\u00f8fter<\/strong> det er dype snitt p\u00e5 <strong>kontinentalskr\u00e5ning<\/strong>en skr\u00e5ning som forbinder selve havbunnen (la <strong>avgrunnssletten<\/strong>) med <strong>kontinentalsokkelen<\/strong>en svakt skr\u00e5nende og nedsenket overflate som strekker seg fra kysten, i gjennomsnitt hundre kilometer bred. Hele kontinentalsokkelen og skr\u00e5ningen utgj\u00f8r den s\u00e5kalte <strong>kontinental margin<\/strong> som derfor, i motsetning til hva man skulle tro, ikke tilsvarer kystlinjen men ligger under havoverflaten. En stor mengde sediment fra fastlandet samler seg p\u00e5 kanten av plattformen. Over tid kan disse kollapse ned i skr\u00e5ningen, enten p\u00e5 grunn av tyngdekraften eller som f\u00f8lge av <strong>seismiske sjokk<\/strong>. Blanding med vann, stammer ruskene en str\u00f8m som kalles &laquo;<strong>grumsete str\u00f8m<\/strong>&laquo;, som med sin hastighet, til og med 100 km\/t, er i stand til \u00e5 grave kl\u00f8ftene i skr\u00e5ningen. P\u00e5 denne m\u00e5ten n\u00e5r sedimentene til avgrunnssletten. I verden er de identifisert <strong>ca. 10 000 undersj\u00f8iske kl\u00f8fter<\/strong>selv om antallet kan v\u00e6re mye h\u00f8yere siden, s\u00e5 langt har bare 27 % av planetens havbunn v\u00e6rt<strong> kartlagt<\/strong> h\u00f8y oppl\u00f8sning.<\/p>\n<div class=\"cp_wrapper cp_wrapper--fw mb-50\">\n<figure class=\"mm\"><picture class=\"img\" style=\"padding-top:88.3125%\"><source  media=\"(min-width: 1024px)\"><source  media=\"(min-width: 768px)\"><img decoding=\"async\" loading=\"lazy\" src=\"https:\/\/nordnesrepublikken.no\/wp-content\/uploads\/2026\/04\/Jordskjelv-far-undersjoiske-klofter-til-a-trekke-seg-tilbake-og.jpeg\" alt=\"Bilde\" width=\"1600\" height=\"1413\"\/><\/source><\/source><\/picture><\/figure>\n<\/p><\/div>\n<h2>Studien p\u00e5 de 2700 kl\u00f8ftene langs de italienske kysten<\/h2>\n<p>Forskerne studerte undersj\u00f8iske kl\u00f8fter som strekker seg langs de kontinentale marginene p\u00e5 den italienske halv\u00f8ya. <strong>Over 2700 undersj\u00f8iske canyonhoder<\/strong>dvs. deres omr\u00e5der lenger oppstr\u00f8ms og n\u00e6rmere kysten, ble analysert gjennom en <strong>maskinl\u00e6ringsmodell<\/strong> som integrerer batymetriske, seismiske og geodetiske data.<\/p>\n<blockquote>\n<p>&laquo;Italia er en av f\u00e5 nasjoner i verden som fritt leverer en slik mengde geofysiske og geomorfologiske data hvis integrering tillater oss \u00e5 forbedre evalueringen av fenomenene som former kystmarginer og for \u00e5 styrke naturlige risikoanalyseverkt\u00f8y&raquo;,<\/p>\n<\/blockquote>\n<p>forklarer Salvatore Stramondo, direkt\u00f8r for INGVs jordskjelvavdeling.<\/p>\n<p>Resultatene av studien viser hvordan kl\u00f8ftenes hoder trekker seg tilbake mot kysten over tid. Deres utvikling er fremfor alt drevet av<strong>tektonisk aktivitet<\/strong>som genererer jordskjelv, og fra <strong>n\u00e6rhet til elvemunninger<\/strong>hvor enorme mengder sediment slippes ut i havet. Kombinasjonen av seismisitet og det betydelige bidraget fra rusk fra elvene utgj\u00f8r <strong>kanten av skr\u00e5ningen er ustabil<\/strong>for\u00e5rsaker undervannsskred som graver nye kl\u00f8fter og skyver tilbake eksisterende.<\/p>\n<div class=\"cp_wrapper cp_wrapper--fw mb-50\">\n<figure class=\"mm\"><picture class=\"img\" style=\"padding-top:119.3139448173%\"><source  media=\"(min-width: 1024px)\"><source  media=\"(min-width: 768px)\"><img decoding=\"async\" loading=\"lazy\" src=\"https:\/\/nordnesrepublikken.no\/wp-content\/uploads\/2026\/04\/1776674754_547_Jordskjelv-far-undersjoiske-klofter-til-a-trekke-seg-tilbake-og.jpeg\" alt=\"Bilde\" width=\"1341\" height=\"1600\" class=\"js-seedtag-img\"\/><\/source><\/source><\/picture><\/figure>\n<\/p><\/div>\n<h2>Hva er risikoen for de italienske kystene<\/h2>\n<p>Studien fremhever hvordan undersj\u00f8iske kl\u00f8fter er <strong>dynamiske systemer<\/strong> f\u00f8lsom for tektoniske og sediment\u00e6re prosesser. Disse nedsenkede strukturene, med deres endringer, kan <strong>p\u00e5virke stabiliteten til kontinentale marginer<\/strong> og representerer a <strong>potensiell risikofaktor for kystomr\u00e5der<\/strong>. Ustabiliteten kan f\u00f8re til erosjonsfenomener og undervannsskred, som i de alvorligste tilfellene kan for\u00e5rsake tsunamier. Det f\u00f8lger at konsekvensene for bygninger, infrastruktur og kystbefolkning kan v\u00e6re sv\u00e6rt alvorlige. Vite <strong>havbunnens utvikling<\/strong> det er viktig \u00e5 identifisere omr\u00e5dene med st\u00f8rst risiko og forberede <strong>overv\u00e5kings- og forebyggingsstrategier<\/strong> tiltak som gj\u00f8r v\u00e5re kyster tryggere.<\/p>\n<\/p><\/div>\n","protected":false},"excerpt":{"rendered":"<p>Der seismisitet av halv\u00f8ya v\u00e5r, kombinert med den store tilf\u00f8rselen av sedimenter n\u00e6r elvemunningene, ville<\/p>\n","protected":false},"author":1,"featured_media":17197,"comment_status":"closed","ping_status":"open","sticky":false,"template":"","format":"standard","meta":{"footnotes":""},"categories":[26],"tags":[1111,1416,7049,782,137,11105,11106,96,2747,117,825,4366,8848],"class_list":["post-17196","post","type-post","status-publish","format-standard","has-post-thumbnail","hentry","category-miljo","tag-far","tag-fare","tag-ingvstudien","tag-italienske","tag-jordskjelv","tag-klofter","tag-kystene","tag-seg","tag-setter","tag-til","tag-tilbake","tag-trekke","tag-undersjoiske","generate-columns","tablet-grid-50","mobile-grid-100","grid-parent","grid-33","resize-featured-image"],"yoast_head":"<!-- This site is optimized with the Yoast SEO plugin v24.4 - https:\/\/yoast.com\/wordpress\/plugins\/seo\/ -->\n<title>Jordskjelv f\u00e5r undersj\u00f8iske kl\u00f8fter til \u00e5 trekke seg tilbake, og setter de italienske kystene i fare: INGV-studien - Nordnesrepublikken<\/title>\n<meta name=\"robots\" content=\"index, follow, max-snippet:-1, max-image-preview:large, max-video-preview:-1\" \/>\n<link rel=\"canonical\" href=\"https:\/\/nordnesrepublikken.no\/index.php\/2026\/04\/20\/jordskjelv-far-undersjoiske-klofter-til-a-trekke-seg-tilbake-og-setter-de-italienske-kystene-i-fare-ingv-studien\/\" \/>\n<meta property=\"og:locale\" content=\"nb_NO\" \/>\n<meta property=\"og:type\" content=\"article\" \/>\n<meta property=\"og:title\" content=\"Jordskjelv f\u00e5r undersj\u00f8iske kl\u00f8fter til \u00e5 trekke seg tilbake, og setter de italienske kystene i fare: INGV-studien - Nordnesrepublikken\" \/>\n<meta property=\"og:description\" content=\"Der seismisitet av halv\u00f8ya v\u00e5r, kombinert med den store tilf\u00f8rselen av sedimenter n\u00e6r elvemunningene, ville\" \/>\n<meta property=\"og:url\" content=\"https:\/\/nordnesrepublikken.no\/index.php\/2026\/04\/20\/jordskjelv-far-undersjoiske-klofter-til-a-trekke-seg-tilbake-og-setter-de-italienske-kystene-i-fare-ingv-studien\/\" \/>\n<meta property=\"og:site_name\" content=\"Nordnesrepublikken\" \/>\n<meta property=\"article:published_time\" content=\"2026-04-20T08:45:54+00:00\" \/>\n<meta property=\"article:modified_time\" content=\"2026-04-20T08:45:56+00:00\" \/>\n<meta property=\"og:image\" content=\"https:\/\/nordnesrepublikken.no\/wp-content\/uploads\/2026\/04\/1776674756_Jordskjelv-far-undersjoiske-klofter-til-a-trekke-seg-tilbake-og.jpg\" \/>\n\t<meta property=\"og:image:width\" content=\"1060\" \/>\n\t<meta property=\"og:image:height\" content=\"703\" \/>\n\t<meta property=\"og:image:type\" content=\"image\/jpeg\" \/>\n<meta name=\"author\" content=\"Ole Andersen\" \/>\n<meta name=\"twitter:card\" content=\"summary_large_image\" \/>\n<meta name=\"twitter:label1\" content=\"Skrevet av\" \/>\n\t<meta name=\"twitter:data1\" content=\"Ole Andersen\" \/>\n\t<meta name=\"twitter:label2\" content=\"Ansl. lesetid\" \/>\n\t<meta name=\"twitter:data2\" content=\"3 minutter\" \/>\n<script type=\"application\/ld+json\" class=\"yoast-schema-graph\">{\"@context\":\"https:\/\/schema.org\",\"@graph\":[{\"@type\":\"Article\",\"@id\":\"https:\/\/nordnesrepublikken.no\/index.php\/2026\/04\/20\/jordskjelv-far-undersjoiske-klofter-til-a-trekke-seg-tilbake-og-setter-de-italienske-kystene-i-fare-ingv-studien\/#article\",\"isPartOf\":{\"@id\":\"https:\/\/nordnesrepublikken.no\/index.php\/2026\/04\/20\/jordskjelv-far-undersjoiske-klofter-til-a-trekke-seg-tilbake-og-setter-de-italienske-kystene-i-fare-ingv-studien\/\"},\"author\":{\"name\":\"Ole Andersen\",\"@id\":\"https:\/\/nordnesrepublikken.no\/#\/schema\/person\/2e7e81935bab77882fffb79296240ff1\"},\"headline\":\"Jordskjelv f\u00e5r undersj\u00f8iske kl\u00f8fter til \u00e5 trekke seg tilbake, og setter de italienske kystene i fare: INGV-studien\",\"datePublished\":\"2026-04-20T08:45:54+00:00\",\"dateModified\":\"2026-04-20T08:45:56+00:00\",\"mainEntityOfPage\":{\"@id\":\"https:\/\/nordnesrepublikken.no\/index.php\/2026\/04\/20\/jordskjelv-far-undersjoiske-klofter-til-a-trekke-seg-tilbake-og-setter-de-italienske-kystene-i-fare-ingv-studien\/\"},\"wordCount\":562,\"publisher\":{\"@id\":\"https:\/\/nordnesrepublikken.no\/#organization\"},\"image\":{\"@id\":\"https:\/\/nordnesrepublikken.no\/index.php\/2026\/04\/20\/jordskjelv-far-undersjoiske-klofter-til-a-trekke-seg-tilbake-og-setter-de-italienske-kystene-i-fare-ingv-studien\/#primaryimage\"},\"thumbnailUrl\":\"https:\/\/nordnesrepublikken.no\/wp-content\/uploads\/2026\/04\/1776674756_Jordskjelv-far-undersjoiske-klofter-til-a-trekke-seg-tilbake-og.jpg\",\"keywords\":[\"f\u00e5r\",\"fare\",\"INGVstudien\",\"italienske\",\"Jordskjelv\",\"kl\u00f8fter\",\"kystene\",\"seg\",\"setter\",\"til\",\"tilbake\",\"trekke\",\"undersj\u00f8iske\"],\"articleSection\":[\"Milj\u00f8\"],\"inLanguage\":\"nb-NO\"},{\"@type\":\"WebPage\",\"@id\":\"https:\/\/nordnesrepublikken.no\/index.php\/2026\/04\/20\/jordskjelv-far-undersjoiske-klofter-til-a-trekke-seg-tilbake-og-setter-de-italienske-kystene-i-fare-ingv-studien\/\",\"url\":\"https:\/\/nordnesrepublikken.no\/index.php\/2026\/04\/20\/jordskjelv-far-undersjoiske-klofter-til-a-trekke-seg-tilbake-og-setter-de-italienske-kystene-i-fare-ingv-studien\/\",\"name\":\"Jordskjelv f\u00e5r undersj\u00f8iske kl\u00f8fter til \u00e5 trekke seg tilbake, og setter de italienske kystene i fare: INGV-studien - Nordnesrepublikken\",\"isPartOf\":{\"@id\":\"https:\/\/nordnesrepublikken.no\/#website\"},\"primaryImageOfPage\":{\"@id\":\"https:\/\/nordnesrepublikken.no\/index.php\/2026\/04\/20\/jordskjelv-far-undersjoiske-klofter-til-a-trekke-seg-tilbake-og-setter-de-italienske-kystene-i-fare-ingv-studien\/#primaryimage\"},\"image\":{\"@id\":\"https:\/\/nordnesrepublikken.no\/index.php\/2026\/04\/20\/jordskjelv-far-undersjoiske-klofter-til-a-trekke-seg-tilbake-og-setter-de-italienske-kystene-i-fare-ingv-studien\/#primaryimage\"},\"thumbnailUrl\":\"https:\/\/nordnesrepublikken.no\/wp-content\/uploads\/2026\/04\/1776674756_Jordskjelv-far-undersjoiske-klofter-til-a-trekke-seg-tilbake-og.jpg\",\"datePublished\":\"2026-04-20T08:45:54+00:00\",\"dateModified\":\"2026-04-20T08:45:56+00:00\",\"breadcrumb\":{\"@id\":\"https:\/\/nordnesrepublikken.no\/index.php\/2026\/04\/20\/jordskjelv-far-undersjoiske-klofter-til-a-trekke-seg-tilbake-og-setter-de-italienske-kystene-i-fare-ingv-studien\/#breadcrumb\"},\"inLanguage\":\"nb-NO\",\"potentialAction\":[{\"@type\":\"ReadAction\",\"target\":[\"https:\/\/nordnesrepublikken.no\/index.php\/2026\/04\/20\/jordskjelv-far-undersjoiske-klofter-til-a-trekke-seg-tilbake-og-setter-de-italienske-kystene-i-fare-ingv-studien\/\"]}]},{\"@type\":\"ImageObject\",\"inLanguage\":\"nb-NO\",\"@id\":\"https:\/\/nordnesrepublikken.no\/index.php\/2026\/04\/20\/jordskjelv-far-undersjoiske-klofter-til-a-trekke-seg-tilbake-og-setter-de-italienske-kystene-i-fare-ingv-studien\/#primaryimage\",\"url\":\"https:\/\/nordnesrepublikken.no\/wp-content\/uploads\/2026\/04\/1776674756_Jordskjelv-far-undersjoiske-klofter-til-a-trekke-seg-tilbake-og.jpg\",\"contentUrl\":\"https:\/\/nordnesrepublikken.no\/wp-content\/uploads\/2026\/04\/1776674756_Jordskjelv-far-undersjoiske-klofter-til-a-trekke-seg-tilbake-og.jpg\",\"width\":1060,\"height\":703,\"caption\":\"Jordskjelv f\u00e5r undersj\u00f8iske kl\u00f8fter til \u00e5 trekke seg tilbake, og setter de italienske kystene i fare: INGV-studien\"},{\"@type\":\"BreadcrumbList\",\"@id\":\"https:\/\/nordnesrepublikken.no\/index.php\/2026\/04\/20\/jordskjelv-far-undersjoiske-klofter-til-a-trekke-seg-tilbake-og-setter-de-italienske-kystene-i-fare-ingv-studien\/#breadcrumb\",\"itemListElement\":[{\"@type\":\"ListItem\",\"position\":1,\"name\":\"Home\",\"item\":\"https:\/\/nordnesrepublikken.no\/\"},{\"@type\":\"ListItem\",\"position\":2,\"name\":\"Jordskjelv f\u00e5r undersj\u00f8iske kl\u00f8fter til \u00e5 trekke seg tilbake, og setter de italienske kystene i fare: INGV-studien\"}]},{\"@type\":\"WebSite\",\"@id\":\"https:\/\/nordnesrepublikken.no\/#website\",\"url\":\"https:\/\/nordnesrepublikken.no\/\",\"name\":\"Nordnesrepublikken\",\"description\":\"Stemmer og Visjoner fra Republikkens Hjerte\",\"publisher\":{\"@id\":\"https:\/\/nordnesrepublikken.no\/#organization\"},\"potentialAction\":[{\"@type\":\"SearchAction\",\"target\":{\"@type\":\"EntryPoint\",\"urlTemplate\":\"https:\/\/nordnesrepublikken.no\/?s={search_term_string}\"},\"query-input\":{\"@type\":\"PropertyValueSpecification\",\"valueRequired\":true,\"valueName\":\"search_term_string\"}}],\"inLanguage\":\"nb-NO\"},{\"@type\":\"Organization\",\"@id\":\"https:\/\/nordnesrepublikken.no\/#organization\",\"name\":\"Nordnesrepublikken\",\"url\":\"https:\/\/nordnesrepublikken.no\/\",\"logo\":{\"@type\":\"ImageObject\",\"inLanguage\":\"nb-NO\",\"@id\":\"https:\/\/nordnesrepublikken.no\/#\/schema\/logo\/image\/\",\"url\":\"https:\/\/nordnesrepublikken.no\/wp-content\/uploads\/2025\/02\/cropped-nordnesrepublikken-2.png\",\"contentUrl\":\"https:\/\/nordnesrepublikken.no\/wp-content\/uploads\/2025\/02\/cropped-nordnesrepublikken-2.png\",\"width\":1248,\"height\":362,\"caption\":\"Nordnesrepublikken\"},\"image\":{\"@id\":\"https:\/\/nordnesrepublikken.no\/#\/schema\/logo\/image\/\"}},{\"@type\":\"Person\",\"@id\":\"https:\/\/nordnesrepublikken.no\/#\/schema\/person\/2e7e81935bab77882fffb79296240ff1\",\"name\":\"Ole Andersen\",\"image\":{\"@type\":\"ImageObject\",\"inLanguage\":\"nb-NO\",\"@id\":\"https:\/\/nordnesrepublikken.no\/#\/schema\/person\/image\/\",\"url\":\"https:\/\/nordnesrepublikken.no\/wp-content\/uploads\/2025\/02\/nordnesrepublikken-2-2-150x150.jpg\",\"contentUrl\":\"https:\/\/nordnesrepublikken.no\/wp-content\/uploads\/2025\/02\/nordnesrepublikken-2-2-150x150.jpg\",\"caption\":\"Ole Andersen\"},\"description\":\"Ettersom jeg vokste opp i Oslo, har jeg alltid v\u00e6rt fascinert av ordenes kraft og deres evne til \u00e5 skape endringer. Etter \u00e5 ha fullf\u00f8rt min utdannelse i kommunikasjon ved Universitetet i Bergen, fikk jeg muligheten til \u00e5 jobbe innen ulike medier, der jeg har s\u00f8kt \u00e5 belyse viktige samfunnssp\u00f8rsm\u00e5l. I dag, som redakt\u00f8r for Nordnesrepublikken, pr\u00f8ver jeg \u00e5 forene min kj\u00e6rlighet for journalistikk med min lidenskap for innovasjon og eventyr.\",\"sameAs\":[\"https:\/\/nordnesrepublikken.no\/\"]}]}<\/script>\n<!-- \/ Yoast SEO plugin. -->","yoast_head_json":{"title":"Jordskjelv f\u00e5r undersj\u00f8iske kl\u00f8fter til \u00e5 trekke seg tilbake, og setter de italienske kystene i fare: INGV-studien - Nordnesrepublikken","robots":{"index":"index","follow":"follow","max-snippet":"max-snippet:-1","max-image-preview":"max-image-preview:large","max-video-preview":"max-video-preview:-1"},"canonical":"https:\/\/nordnesrepublikken.no\/index.php\/2026\/04\/20\/jordskjelv-far-undersjoiske-klofter-til-a-trekke-seg-tilbake-og-setter-de-italienske-kystene-i-fare-ingv-studien\/","og_locale":"nb_NO","og_type":"article","og_title":"Jordskjelv f\u00e5r undersj\u00f8iske kl\u00f8fter til \u00e5 trekke seg tilbake, og setter de italienske kystene i fare: INGV-studien - Nordnesrepublikken","og_description":"Der seismisitet av halv\u00f8ya v\u00e5r, kombinert med den store tilf\u00f8rselen av sedimenter n\u00e6r elvemunningene, ville","og_url":"https:\/\/nordnesrepublikken.no\/index.php\/2026\/04\/20\/jordskjelv-far-undersjoiske-klofter-til-a-trekke-seg-tilbake-og-setter-de-italienske-kystene-i-fare-ingv-studien\/","og_site_name":"Nordnesrepublikken","article_published_time":"2026-04-20T08:45:54+00:00","article_modified_time":"2026-04-20T08:45:56+00:00","og_image":[{"width":1060,"height":703,"url":"https:\/\/nordnesrepublikken.no\/wp-content\/uploads\/2026\/04\/1776674756_Jordskjelv-far-undersjoiske-klofter-til-a-trekke-seg-tilbake-og.jpg","type":"image\/jpeg"}],"author":"Ole Andersen","twitter_card":"summary_large_image","twitter_misc":{"Skrevet av":"Ole Andersen","Ansl. lesetid":"3 minutter"},"schema":{"@context":"https:\/\/schema.org","@graph":[{"@type":"Article","@id":"https:\/\/nordnesrepublikken.no\/index.php\/2026\/04\/20\/jordskjelv-far-undersjoiske-klofter-til-a-trekke-seg-tilbake-og-setter-de-italienske-kystene-i-fare-ingv-studien\/#article","isPartOf":{"@id":"https:\/\/nordnesrepublikken.no\/index.php\/2026\/04\/20\/jordskjelv-far-undersjoiske-klofter-til-a-trekke-seg-tilbake-og-setter-de-italienske-kystene-i-fare-ingv-studien\/"},"author":{"name":"Ole Andersen","@id":"https:\/\/nordnesrepublikken.no\/#\/schema\/person\/2e7e81935bab77882fffb79296240ff1"},"headline":"Jordskjelv f\u00e5r undersj\u00f8iske kl\u00f8fter til \u00e5 trekke seg tilbake, og setter de italienske kystene i fare: INGV-studien","datePublished":"2026-04-20T08:45:54+00:00","dateModified":"2026-04-20T08:45:56+00:00","mainEntityOfPage":{"@id":"https:\/\/nordnesrepublikken.no\/index.php\/2026\/04\/20\/jordskjelv-far-undersjoiske-klofter-til-a-trekke-seg-tilbake-og-setter-de-italienske-kystene-i-fare-ingv-studien\/"},"wordCount":562,"publisher":{"@id":"https:\/\/nordnesrepublikken.no\/#organization"},"image":{"@id":"https:\/\/nordnesrepublikken.no\/index.php\/2026\/04\/20\/jordskjelv-far-undersjoiske-klofter-til-a-trekke-seg-tilbake-og-setter-de-italienske-kystene-i-fare-ingv-studien\/#primaryimage"},"thumbnailUrl":"https:\/\/nordnesrepublikken.no\/wp-content\/uploads\/2026\/04\/1776674756_Jordskjelv-far-undersjoiske-klofter-til-a-trekke-seg-tilbake-og.jpg","keywords":["f\u00e5r","fare","INGVstudien","italienske","Jordskjelv","kl\u00f8fter","kystene","seg","setter","til","tilbake","trekke","undersj\u00f8iske"],"articleSection":["Milj\u00f8"],"inLanguage":"nb-NO"},{"@type":"WebPage","@id":"https:\/\/nordnesrepublikken.no\/index.php\/2026\/04\/20\/jordskjelv-far-undersjoiske-klofter-til-a-trekke-seg-tilbake-og-setter-de-italienske-kystene-i-fare-ingv-studien\/","url":"https:\/\/nordnesrepublikken.no\/index.php\/2026\/04\/20\/jordskjelv-far-undersjoiske-klofter-til-a-trekke-seg-tilbake-og-setter-de-italienske-kystene-i-fare-ingv-studien\/","name":"Jordskjelv f\u00e5r undersj\u00f8iske kl\u00f8fter til \u00e5 trekke seg tilbake, og setter de italienske kystene i fare: INGV-studien - Nordnesrepublikken","isPartOf":{"@id":"https:\/\/nordnesrepublikken.no\/#website"},"primaryImageOfPage":{"@id":"https:\/\/nordnesrepublikken.no\/index.php\/2026\/04\/20\/jordskjelv-far-undersjoiske-klofter-til-a-trekke-seg-tilbake-og-setter-de-italienske-kystene-i-fare-ingv-studien\/#primaryimage"},"image":{"@id":"https:\/\/nordnesrepublikken.no\/index.php\/2026\/04\/20\/jordskjelv-far-undersjoiske-klofter-til-a-trekke-seg-tilbake-og-setter-de-italienske-kystene-i-fare-ingv-studien\/#primaryimage"},"thumbnailUrl":"https:\/\/nordnesrepublikken.no\/wp-content\/uploads\/2026\/04\/1776674756_Jordskjelv-far-undersjoiske-klofter-til-a-trekke-seg-tilbake-og.jpg","datePublished":"2026-04-20T08:45:54+00:00","dateModified":"2026-04-20T08:45:56+00:00","breadcrumb":{"@id":"https:\/\/nordnesrepublikken.no\/index.php\/2026\/04\/20\/jordskjelv-far-undersjoiske-klofter-til-a-trekke-seg-tilbake-og-setter-de-italienske-kystene-i-fare-ingv-studien\/#breadcrumb"},"inLanguage":"nb-NO","potentialAction":[{"@type":"ReadAction","target":["https:\/\/nordnesrepublikken.no\/index.php\/2026\/04\/20\/jordskjelv-far-undersjoiske-klofter-til-a-trekke-seg-tilbake-og-setter-de-italienske-kystene-i-fare-ingv-studien\/"]}]},{"@type":"ImageObject","inLanguage":"nb-NO","@id":"https:\/\/nordnesrepublikken.no\/index.php\/2026\/04\/20\/jordskjelv-far-undersjoiske-klofter-til-a-trekke-seg-tilbake-og-setter-de-italienske-kystene-i-fare-ingv-studien\/#primaryimage","url":"https:\/\/nordnesrepublikken.no\/wp-content\/uploads\/2026\/04\/1776674756_Jordskjelv-far-undersjoiske-klofter-til-a-trekke-seg-tilbake-og.jpg","contentUrl":"https:\/\/nordnesrepublikken.no\/wp-content\/uploads\/2026\/04\/1776674756_Jordskjelv-far-undersjoiske-klofter-til-a-trekke-seg-tilbake-og.jpg","width":1060,"height":703,"caption":"Jordskjelv f\u00e5r undersj\u00f8iske kl\u00f8fter til \u00e5 trekke seg tilbake, og setter de italienske kystene i fare: INGV-studien"},{"@type":"BreadcrumbList","@id":"https:\/\/nordnesrepublikken.no\/index.php\/2026\/04\/20\/jordskjelv-far-undersjoiske-klofter-til-a-trekke-seg-tilbake-og-setter-de-italienske-kystene-i-fare-ingv-studien\/#breadcrumb","itemListElement":[{"@type":"ListItem","position":1,"name":"Home","item":"https:\/\/nordnesrepublikken.no\/"},{"@type":"ListItem","position":2,"name":"Jordskjelv f\u00e5r undersj\u00f8iske kl\u00f8fter til \u00e5 trekke seg tilbake, og setter de italienske kystene i fare: INGV-studien"}]},{"@type":"WebSite","@id":"https:\/\/nordnesrepublikken.no\/#website","url":"https:\/\/nordnesrepublikken.no\/","name":"Nordnesrepublikken","description":"Stemmer og Visjoner fra Republikkens Hjerte","publisher":{"@id":"https:\/\/nordnesrepublikken.no\/#organization"},"potentialAction":[{"@type":"SearchAction","target":{"@type":"EntryPoint","urlTemplate":"https:\/\/nordnesrepublikken.no\/?s={search_term_string}"},"query-input":{"@type":"PropertyValueSpecification","valueRequired":true,"valueName":"search_term_string"}}],"inLanguage":"nb-NO"},{"@type":"Organization","@id":"https:\/\/nordnesrepublikken.no\/#organization","name":"Nordnesrepublikken","url":"https:\/\/nordnesrepublikken.no\/","logo":{"@type":"ImageObject","inLanguage":"nb-NO","@id":"https:\/\/nordnesrepublikken.no\/#\/schema\/logo\/image\/","url":"https:\/\/nordnesrepublikken.no\/wp-content\/uploads\/2025\/02\/cropped-nordnesrepublikken-2.png","contentUrl":"https:\/\/nordnesrepublikken.no\/wp-content\/uploads\/2025\/02\/cropped-nordnesrepublikken-2.png","width":1248,"height":362,"caption":"Nordnesrepublikken"},"image":{"@id":"https:\/\/nordnesrepublikken.no\/#\/schema\/logo\/image\/"}},{"@type":"Person","@id":"https:\/\/nordnesrepublikken.no\/#\/schema\/person\/2e7e81935bab77882fffb79296240ff1","name":"Ole Andersen","image":{"@type":"ImageObject","inLanguage":"nb-NO","@id":"https:\/\/nordnesrepublikken.no\/#\/schema\/person\/image\/","url":"https:\/\/nordnesrepublikken.no\/wp-content\/uploads\/2025\/02\/nordnesrepublikken-2-2-150x150.jpg","contentUrl":"https:\/\/nordnesrepublikken.no\/wp-content\/uploads\/2025\/02\/nordnesrepublikken-2-2-150x150.jpg","caption":"Ole Andersen"},"description":"Ettersom jeg vokste opp i Oslo, har jeg alltid v\u00e6rt fascinert av ordenes kraft og deres evne til \u00e5 skape endringer. Etter \u00e5 ha fullf\u00f8rt min utdannelse i kommunikasjon ved Universitetet i Bergen, fikk jeg muligheten til \u00e5 jobbe innen ulike medier, der jeg har s\u00f8kt \u00e5 belyse viktige samfunnssp\u00f8rsm\u00e5l. I dag, som redakt\u00f8r for Nordnesrepublikken, pr\u00f8ver jeg \u00e5 forene min kj\u00e6rlighet for journalistikk med min lidenskap for innovasjon og eventyr.","sameAs":["https:\/\/nordnesrepublikken.no\/"]}]}},"_links":{"self":[{"href":"https:\/\/nordnesrepublikken.no\/index.php\/wp-json\/wp\/v2\/posts\/17196","targetHints":{"allow":["GET"]}}],"collection":[{"href":"https:\/\/nordnesrepublikken.no\/index.php\/wp-json\/wp\/v2\/posts"}],"about":[{"href":"https:\/\/nordnesrepublikken.no\/index.php\/wp-json\/wp\/v2\/types\/post"}],"author":[{"embeddable":true,"href":"https:\/\/nordnesrepublikken.no\/index.php\/wp-json\/wp\/v2\/users\/1"}],"replies":[{"embeddable":true,"href":"https:\/\/nordnesrepublikken.no\/index.php\/wp-json\/wp\/v2\/comments?post=17196"}],"version-history":[{"count":1,"href":"https:\/\/nordnesrepublikken.no\/index.php\/wp-json\/wp\/v2\/posts\/17196\/revisions"}],"predecessor-version":[{"id":17198,"href":"https:\/\/nordnesrepublikken.no\/index.php\/wp-json\/wp\/v2\/posts\/17196\/revisions\/17198"}],"wp:featuredmedia":[{"embeddable":true,"href":"https:\/\/nordnesrepublikken.no\/index.php\/wp-json\/wp\/v2\/media\/17197"}],"wp:attachment":[{"href":"https:\/\/nordnesrepublikken.no\/index.php\/wp-json\/wp\/v2\/media?parent=17196"}],"wp:term":[{"taxonomy":"category","embeddable":true,"href":"https:\/\/nordnesrepublikken.no\/index.php\/wp-json\/wp\/v2\/categories?post=17196"},{"taxonomy":"post_tag","embeddable":true,"href":"https:\/\/nordnesrepublikken.no\/index.php\/wp-json\/wp\/v2\/tags?post=17196"}],"curies":[{"name":"wp","href":"https:\/\/api.w.org\/{rel}","templated":true}]}}