{"id":17178,"date":"2026-04-19T17:08:59","date_gmt":"2026-04-19T15:08:59","guid":{"rendered":"https:\/\/nordnesrepublikken.no\/index.php\/2026\/04\/19\/nar-de-to-preposisjonene-skal-brukes\/"},"modified":"2026-04-19T17:09:01","modified_gmt":"2026-04-19T15:09:01","slug":"nar-de-to-preposisjonene-skal-brukes","status":"publish","type":"post","link":"https:\/\/nordnesrepublikken.no\/index.php\/2026\/04\/19\/nar-de-to-preposisjonene-skal-brukes\/","title":{"rendered":"n\u00e5r de to preposisjonene skal brukes"},"content":{"rendered":"<div>\n<div class=\"cp_wrapper cp_wrapper--fw mb-30 mb-20@tablet\">\n<figure class=\"mm\"><picture class=\"img\" style=\"padding-top:56.25%\"><source  media=\"(min-width: 1024px)\"><source  media=\"(min-width: 768px)\"><\/source><\/source><\/picture><\/figure>\n<\/p><\/div>\n<p>Kanskje ikke alle har kommet over en gjenstand som n\u00e5 anses som &laquo;vintage&raquo;: f\u00f8dt p\u00e5 slutten av det nittende \u00e5rhundre, <strong>skrivemaskinen<\/strong> hun er p\u00e5 sin egen m\u00e5te stamfaren til datamaskinen, et ingeni\u00f8rmesterverk som revolusjonerte samfunnet, gjorde rask og presis skriving mulig og ogs\u00e5 skapte historie i Italia, takket v\u00e6re Camillo Olivetti og deretter s\u00f8nnen Adriano.<\/p>\n<p>I alle fall, selv om dere ikke har hatt en i hendene, vil dere alle ha h\u00f8rt om den&#8230; nesten helt sikkert hvordan <strong>&laquo;skrivemaskin&raquo;<\/strong>. Det finnes imidlertid en annen grammatisk form, \u00abskrivemaskin\u00bb, som p\u00e5 papiret burde v\u00e6re mer korrekt, selv om de f\u00e6rreste bruker den p\u00e5 vanlig spr\u00e5k. I denne artikkelen forklarer vi om vi skal bruke preposisjonen for eller preposisjonen fra og hvor utbredt de to formene er.<\/p>\n<h2>Olivetti-saken: en historisk retningsendring<\/h2>\n<p>Ved \u00e5 returnere til Olivetti og trekke p\u00e5 historien, ble selskapet etablert i 1908 som den &laquo;f\u00f8rste nasjonale skrivemaskinfabrikken&raquo;. Imidlertid, if\u00f8lge<strong>Crusca-akademiet<\/strong>den st\u00f8rste referansen for det italienske spr\u00e5ket, som har rekonstruert bruken av disse formene gjennom historien, <b>begge er legitime<\/b> da de begge har v\u00e6rt ansatt av forfattere, journalister og forfattere.<\/p>\n<p>Innenfor litteraturhistorien rapporterer Accademia della Crusca hvordan Umberto Eco foretrekker &laquo;skrivemaskin&raquo; innen <em>Kirkeg\u00e5rden i Praha<\/em> (2010), samt Alberto Moravia i <em>En ting er \u00e9n ting<\/em> (1967), mens Luigi Pirandello og Italo Svevo foretrekker &laquo;skrivemaskin&raquo;-formen.<\/p>\n<p>&laquo;Skrivemaskin&raquo; er rapportert i mange ordb\u00f8ker som en akseptert variant, men ogs\u00e5 som den viktigste eller eneste. Ordboken <em>Treccani<\/em> inneholder skjemaet &laquo;maskin for (eller, mer vanlig, \u00e5 bli) skrevet&raquo;. Generelt godtar italienske ordb\u00f8ker begge former: Zingarelli &laquo;maskin for eller \u00e5 skrive&raquo;, GRADIT &laquo;maskin for, \u00e5 skrive&raquo;, Sabatini-Coletti, &laquo;maskin for (eller \u00e5) skrive&raquo; mens Devoto-Oli velger alternativet fra, uten alternativer.<\/p>\n<h2><b>Hvor kommer dilemmaet mellom &laquo;fra&raquo; og &laquo;for&raquo; fra?<\/b><\/h2>\n<p>P\u00e5 italiensk, riktig preposisjon \u00e5 bruke n\u00e5r du vil indikere<strong> hvilken hensikt tjener en gjenstand?<\/strong> gjennom en infinitiv verb er vanligvis <em>Til, <\/em>med strukturen &laquo;objekt + for + infinitiv&raquo;. I henhold til denne regelen b\u00f8r vi derfor bruke &laquo;skrivemaskin&raquo;-formene. Det samme gjelder &laquo;viskere&raquo; &#8211; som mange kaller p\u00e5 gjeldende spr\u00e5k &laquo;\u00e5 slette&raquo; -, for &laquo;syn\u00e5l&raquo; og s\u00e5 videre. Preposisjonen <em>Til<\/em> her indikerer det form\u00e5l eller destinasjon: den maskinen eksisterer for \u00e5 skrive, at viskel\u00e6ret tjener form\u00e5let \u00e5 slette.<\/p>\n<p>N\u00e5r v\u00e5r intensjon er \u00e5 bruke <strong>den passive formen<\/strong>kan vi bruke preposisjonen <em>fra<\/em>. For eksempel &laquo;kaffe som skal males&raquo;, dvs. &laquo;som m\u00e5 eller kan males&raquo;. \u00c5 f\u00f8lge denne regelen vil derfor \u00e5 si &laquo;skrivemaskin&raquo; tilsvare &laquo;maskinen som m\u00e5 eller kan skrives&raquo;. Egentlig preposisjonen <em>fra<\/em> det er multifunksjonelt og som alle preposisjoner tjener det til \u00e5 uttrykke forskjellige betydninger: blant disse, n\u00e5r det etterf\u00f8lges av et infinitivverb, ikke utelukkende det passive, men ogs\u00e5 det for ende eller hensikt, destinasjonen til objektet det snakkes om og bruken det brukes til, som i tilfellet &laquo;skrivemaskin&raquo;, &laquo;viskel\u00e6r&raquo;, osv. Selvf\u00f8lgelig er det mer vanlig, i bruk,<em> fra + substantiv<\/em>som i tilfellet med &laquo;l\u00f8pesko&raquo;, &laquo;ballsal&raquo;, &laquo;fotball&raquo; og s\u00e5 videre.<\/p>\n<p>S\u00e5 hvilken form er den mest korrekte? Konklusjonen til Accademia della Crusca er at &laquo;former som skrivemaskiner eller symaskiner er i dag krystalliserte rester av en konstruksjon som sikkert var mye mer produktiv i fortiden, men dette tar ikke fra dem retten til \u00e5 v\u00e6re og forbli i det italienske vokabularet&raquo;. Derfor ville en symaskin v\u00e6rt mer riktig, men bruk har, som ofte skjer, legitimert sitt alternativ.<\/p>\n<\/p><\/div>\n","protected":false},"excerpt":{"rendered":"<p>Kanskje ikke alle har kommet over en gjenstand som n\u00e5 anses som &laquo;vintage&raquo;: f\u00f8dt p\u00e5<\/p>\n","protected":false},"author":1,"featured_media":17179,"comment_status":"closed","ping_status":"open","sticky":false,"template":"","format":"standard","meta":{"footnotes":""},"categories":[104],"tags":[396,16,11096,741],"class_list":["post-17178","post","type-post","status-publish","format-standard","has-post-thumbnail","hentry","category-samfunn","tag-brukes","tag-nar","tag-preposisjonene","tag-skal","generate-columns","tablet-grid-50","mobile-grid-100","grid-parent","grid-33","resize-featured-image"],"yoast_head":"<!-- This site is optimized with the Yoast SEO plugin v24.4 - https:\/\/yoast.com\/wordpress\/plugins\/seo\/ -->\n<title>n\u00e5r de to preposisjonene skal brukes - Nordnesrepublikken<\/title>\n<meta name=\"robots\" content=\"index, follow, max-snippet:-1, max-image-preview:large, max-video-preview:-1\" \/>\n<link rel=\"canonical\" href=\"https:\/\/nordnesrepublikken.no\/index.php\/2026\/04\/19\/nar-de-to-preposisjonene-skal-brukes\/\" \/>\n<meta property=\"og:locale\" content=\"nb_NO\" \/>\n<meta property=\"og:type\" content=\"article\" \/>\n<meta property=\"og:title\" content=\"n\u00e5r de to preposisjonene skal brukes - Nordnesrepublikken\" \/>\n<meta property=\"og:description\" content=\"Kanskje ikke alle har kommet over en gjenstand som n\u00e5 anses som &laquo;vintage&raquo;: f\u00f8dt p\u00e5\" \/>\n<meta property=\"og:url\" content=\"https:\/\/nordnesrepublikken.no\/index.php\/2026\/04\/19\/nar-de-to-preposisjonene-skal-brukes\/\" \/>\n<meta property=\"og:site_name\" content=\"Nordnesrepublikken\" \/>\n<meta property=\"article:published_time\" content=\"2026-04-19T15:08:59+00:00\" \/>\n<meta property=\"article:modified_time\" content=\"2026-04-19T15:09:01+00:00\" \/>\n<meta property=\"og:image\" content=\"https:\/\/nordnesrepublikken.no\/wp-content\/uploads\/2026\/04\/1776611341_nar-de-to-preposisjonene-skal-brukes.jpg\" \/>\n\t<meta property=\"og:image:width\" content=\"1376\" \/>\n\t<meta property=\"og:image:height\" content=\"768\" \/>\n\t<meta property=\"og:image:type\" content=\"image\/jpeg\" \/>\n<meta name=\"author\" content=\"Ole Andersen\" \/>\n<meta name=\"twitter:card\" content=\"summary_large_image\" \/>\n<meta name=\"twitter:label1\" content=\"Skrevet av\" \/>\n\t<meta name=\"twitter:data1\" content=\"Ole Andersen\" \/>\n\t<meta name=\"twitter:label2\" content=\"Ansl. lesetid\" \/>\n\t<meta name=\"twitter:data2\" content=\"3 minutter\" \/>\n<script type=\"application\/ld+json\" class=\"yoast-schema-graph\">{\"@context\":\"https:\/\/schema.org\",\"@graph\":[{\"@type\":\"Article\",\"@id\":\"https:\/\/nordnesrepublikken.no\/index.php\/2026\/04\/19\/nar-de-to-preposisjonene-skal-brukes\/#article\",\"isPartOf\":{\"@id\":\"https:\/\/nordnesrepublikken.no\/index.php\/2026\/04\/19\/nar-de-to-preposisjonene-skal-brukes\/\"},\"author\":{\"name\":\"Ole Andersen\",\"@id\":\"https:\/\/nordnesrepublikken.no\/#\/schema\/person\/2e7e81935bab77882fffb79296240ff1\"},\"headline\":\"n\u00e5r de to preposisjonene skal brukes\",\"datePublished\":\"2026-04-19T15:08:59+00:00\",\"dateModified\":\"2026-04-19T15:09:01+00:00\",\"mainEntityOfPage\":{\"@id\":\"https:\/\/nordnesrepublikken.no\/index.php\/2026\/04\/19\/nar-de-to-preposisjonene-skal-brukes\/\"},\"wordCount\":560,\"publisher\":{\"@id\":\"https:\/\/nordnesrepublikken.no\/#organization\"},\"image\":{\"@id\":\"https:\/\/nordnesrepublikken.no\/index.php\/2026\/04\/19\/nar-de-to-preposisjonene-skal-brukes\/#primaryimage\"},\"thumbnailUrl\":\"https:\/\/nordnesrepublikken.no\/wp-content\/uploads\/2026\/04\/1776611341_nar-de-to-preposisjonene-skal-brukes.jpg\",\"keywords\":[\"brukes\",\"n\u00e5r\",\"preposisjonene\",\"skal\"],\"articleSection\":[\"Samfunn\"],\"inLanguage\":\"nb-NO\"},{\"@type\":\"WebPage\",\"@id\":\"https:\/\/nordnesrepublikken.no\/index.php\/2026\/04\/19\/nar-de-to-preposisjonene-skal-brukes\/\",\"url\":\"https:\/\/nordnesrepublikken.no\/index.php\/2026\/04\/19\/nar-de-to-preposisjonene-skal-brukes\/\",\"name\":\"n\u00e5r de to preposisjonene skal brukes - Nordnesrepublikken\",\"isPartOf\":{\"@id\":\"https:\/\/nordnesrepublikken.no\/#website\"},\"primaryImageOfPage\":{\"@id\":\"https:\/\/nordnesrepublikken.no\/index.php\/2026\/04\/19\/nar-de-to-preposisjonene-skal-brukes\/#primaryimage\"},\"image\":{\"@id\":\"https:\/\/nordnesrepublikken.no\/index.php\/2026\/04\/19\/nar-de-to-preposisjonene-skal-brukes\/#primaryimage\"},\"thumbnailUrl\":\"https:\/\/nordnesrepublikken.no\/wp-content\/uploads\/2026\/04\/1776611341_nar-de-to-preposisjonene-skal-brukes.jpg\",\"datePublished\":\"2026-04-19T15:08:59+00:00\",\"dateModified\":\"2026-04-19T15:09:01+00:00\",\"breadcrumb\":{\"@id\":\"https:\/\/nordnesrepublikken.no\/index.php\/2026\/04\/19\/nar-de-to-preposisjonene-skal-brukes\/#breadcrumb\"},\"inLanguage\":\"nb-NO\",\"potentialAction\":[{\"@type\":\"ReadAction\",\"target\":[\"https:\/\/nordnesrepublikken.no\/index.php\/2026\/04\/19\/nar-de-to-preposisjonene-skal-brukes\/\"]}]},{\"@type\":\"ImageObject\",\"inLanguage\":\"nb-NO\",\"@id\":\"https:\/\/nordnesrepublikken.no\/index.php\/2026\/04\/19\/nar-de-to-preposisjonene-skal-brukes\/#primaryimage\",\"url\":\"https:\/\/nordnesrepublikken.no\/wp-content\/uploads\/2026\/04\/1776611341_nar-de-to-preposisjonene-skal-brukes.jpg\",\"contentUrl\":\"https:\/\/nordnesrepublikken.no\/wp-content\/uploads\/2026\/04\/1776611341_nar-de-to-preposisjonene-skal-brukes.jpg\",\"width\":1376,\"height\":768,\"caption\":\"n\u00e5r de to preposisjonene skal brukes\"},{\"@type\":\"BreadcrumbList\",\"@id\":\"https:\/\/nordnesrepublikken.no\/index.php\/2026\/04\/19\/nar-de-to-preposisjonene-skal-brukes\/#breadcrumb\",\"itemListElement\":[{\"@type\":\"ListItem\",\"position\":1,\"name\":\"Home\",\"item\":\"https:\/\/nordnesrepublikken.no\/\"},{\"@type\":\"ListItem\",\"position\":2,\"name\":\"n\u00e5r de to preposisjonene skal brukes\"}]},{\"@type\":\"WebSite\",\"@id\":\"https:\/\/nordnesrepublikken.no\/#website\",\"url\":\"https:\/\/nordnesrepublikken.no\/\",\"name\":\"Nordnesrepublikken\",\"description\":\"Stemmer og Visjoner fra Republikkens Hjerte\",\"publisher\":{\"@id\":\"https:\/\/nordnesrepublikken.no\/#organization\"},\"potentialAction\":[{\"@type\":\"SearchAction\",\"target\":{\"@type\":\"EntryPoint\",\"urlTemplate\":\"https:\/\/nordnesrepublikken.no\/?s={search_term_string}\"},\"query-input\":{\"@type\":\"PropertyValueSpecification\",\"valueRequired\":true,\"valueName\":\"search_term_string\"}}],\"inLanguage\":\"nb-NO\"},{\"@type\":\"Organization\",\"@id\":\"https:\/\/nordnesrepublikken.no\/#organization\",\"name\":\"Nordnesrepublikken\",\"url\":\"https:\/\/nordnesrepublikken.no\/\",\"logo\":{\"@type\":\"ImageObject\",\"inLanguage\":\"nb-NO\",\"@id\":\"https:\/\/nordnesrepublikken.no\/#\/schema\/logo\/image\/\",\"url\":\"https:\/\/nordnesrepublikken.no\/wp-content\/uploads\/2025\/02\/cropped-nordnesrepublikken-2.png\",\"contentUrl\":\"https:\/\/nordnesrepublikken.no\/wp-content\/uploads\/2025\/02\/cropped-nordnesrepublikken-2.png\",\"width\":1248,\"height\":362,\"caption\":\"Nordnesrepublikken\"},\"image\":{\"@id\":\"https:\/\/nordnesrepublikken.no\/#\/schema\/logo\/image\/\"}},{\"@type\":\"Person\",\"@id\":\"https:\/\/nordnesrepublikken.no\/#\/schema\/person\/2e7e81935bab77882fffb79296240ff1\",\"name\":\"Ole Andersen\",\"image\":{\"@type\":\"ImageObject\",\"inLanguage\":\"nb-NO\",\"@id\":\"https:\/\/nordnesrepublikken.no\/#\/schema\/person\/image\/\",\"url\":\"https:\/\/nordnesrepublikken.no\/wp-content\/uploads\/2025\/02\/nordnesrepublikken-2-2-150x150.jpg\",\"contentUrl\":\"https:\/\/nordnesrepublikken.no\/wp-content\/uploads\/2025\/02\/nordnesrepublikken-2-2-150x150.jpg\",\"caption\":\"Ole Andersen\"},\"description\":\"Ettersom jeg vokste opp i Oslo, har jeg alltid v\u00e6rt fascinert av ordenes kraft og deres evne til \u00e5 skape endringer. Etter \u00e5 ha fullf\u00f8rt min utdannelse i kommunikasjon ved Universitetet i Bergen, fikk jeg muligheten til \u00e5 jobbe innen ulike medier, der jeg har s\u00f8kt \u00e5 belyse viktige samfunnssp\u00f8rsm\u00e5l. I dag, som redakt\u00f8r for Nordnesrepublikken, pr\u00f8ver jeg \u00e5 forene min kj\u00e6rlighet for journalistikk med min lidenskap for innovasjon og eventyr.\",\"sameAs\":[\"https:\/\/nordnesrepublikken.no\/\"]}]}<\/script>\n<!-- \/ Yoast SEO plugin. -->","yoast_head_json":{"title":"n\u00e5r de to preposisjonene skal brukes - Nordnesrepublikken","robots":{"index":"index","follow":"follow","max-snippet":"max-snippet:-1","max-image-preview":"max-image-preview:large","max-video-preview":"max-video-preview:-1"},"canonical":"https:\/\/nordnesrepublikken.no\/index.php\/2026\/04\/19\/nar-de-to-preposisjonene-skal-brukes\/","og_locale":"nb_NO","og_type":"article","og_title":"n\u00e5r de to preposisjonene skal brukes - Nordnesrepublikken","og_description":"Kanskje ikke alle har kommet over en gjenstand som n\u00e5 anses som &laquo;vintage&raquo;: f\u00f8dt p\u00e5","og_url":"https:\/\/nordnesrepublikken.no\/index.php\/2026\/04\/19\/nar-de-to-preposisjonene-skal-brukes\/","og_site_name":"Nordnesrepublikken","article_published_time":"2026-04-19T15:08:59+00:00","article_modified_time":"2026-04-19T15:09:01+00:00","og_image":[{"width":1376,"height":768,"url":"https:\/\/nordnesrepublikken.no\/wp-content\/uploads\/2026\/04\/1776611341_nar-de-to-preposisjonene-skal-brukes.jpg","type":"image\/jpeg"}],"author":"Ole Andersen","twitter_card":"summary_large_image","twitter_misc":{"Skrevet av":"Ole Andersen","Ansl. lesetid":"3 minutter"},"schema":{"@context":"https:\/\/schema.org","@graph":[{"@type":"Article","@id":"https:\/\/nordnesrepublikken.no\/index.php\/2026\/04\/19\/nar-de-to-preposisjonene-skal-brukes\/#article","isPartOf":{"@id":"https:\/\/nordnesrepublikken.no\/index.php\/2026\/04\/19\/nar-de-to-preposisjonene-skal-brukes\/"},"author":{"name":"Ole Andersen","@id":"https:\/\/nordnesrepublikken.no\/#\/schema\/person\/2e7e81935bab77882fffb79296240ff1"},"headline":"n\u00e5r de to preposisjonene skal brukes","datePublished":"2026-04-19T15:08:59+00:00","dateModified":"2026-04-19T15:09:01+00:00","mainEntityOfPage":{"@id":"https:\/\/nordnesrepublikken.no\/index.php\/2026\/04\/19\/nar-de-to-preposisjonene-skal-brukes\/"},"wordCount":560,"publisher":{"@id":"https:\/\/nordnesrepublikken.no\/#organization"},"image":{"@id":"https:\/\/nordnesrepublikken.no\/index.php\/2026\/04\/19\/nar-de-to-preposisjonene-skal-brukes\/#primaryimage"},"thumbnailUrl":"https:\/\/nordnesrepublikken.no\/wp-content\/uploads\/2026\/04\/1776611341_nar-de-to-preposisjonene-skal-brukes.jpg","keywords":["brukes","n\u00e5r","preposisjonene","skal"],"articleSection":["Samfunn"],"inLanguage":"nb-NO"},{"@type":"WebPage","@id":"https:\/\/nordnesrepublikken.no\/index.php\/2026\/04\/19\/nar-de-to-preposisjonene-skal-brukes\/","url":"https:\/\/nordnesrepublikken.no\/index.php\/2026\/04\/19\/nar-de-to-preposisjonene-skal-brukes\/","name":"n\u00e5r de to preposisjonene skal brukes - Nordnesrepublikken","isPartOf":{"@id":"https:\/\/nordnesrepublikken.no\/#website"},"primaryImageOfPage":{"@id":"https:\/\/nordnesrepublikken.no\/index.php\/2026\/04\/19\/nar-de-to-preposisjonene-skal-brukes\/#primaryimage"},"image":{"@id":"https:\/\/nordnesrepublikken.no\/index.php\/2026\/04\/19\/nar-de-to-preposisjonene-skal-brukes\/#primaryimage"},"thumbnailUrl":"https:\/\/nordnesrepublikken.no\/wp-content\/uploads\/2026\/04\/1776611341_nar-de-to-preposisjonene-skal-brukes.jpg","datePublished":"2026-04-19T15:08:59+00:00","dateModified":"2026-04-19T15:09:01+00:00","breadcrumb":{"@id":"https:\/\/nordnesrepublikken.no\/index.php\/2026\/04\/19\/nar-de-to-preposisjonene-skal-brukes\/#breadcrumb"},"inLanguage":"nb-NO","potentialAction":[{"@type":"ReadAction","target":["https:\/\/nordnesrepublikken.no\/index.php\/2026\/04\/19\/nar-de-to-preposisjonene-skal-brukes\/"]}]},{"@type":"ImageObject","inLanguage":"nb-NO","@id":"https:\/\/nordnesrepublikken.no\/index.php\/2026\/04\/19\/nar-de-to-preposisjonene-skal-brukes\/#primaryimage","url":"https:\/\/nordnesrepublikken.no\/wp-content\/uploads\/2026\/04\/1776611341_nar-de-to-preposisjonene-skal-brukes.jpg","contentUrl":"https:\/\/nordnesrepublikken.no\/wp-content\/uploads\/2026\/04\/1776611341_nar-de-to-preposisjonene-skal-brukes.jpg","width":1376,"height":768,"caption":"n\u00e5r de to preposisjonene skal brukes"},{"@type":"BreadcrumbList","@id":"https:\/\/nordnesrepublikken.no\/index.php\/2026\/04\/19\/nar-de-to-preposisjonene-skal-brukes\/#breadcrumb","itemListElement":[{"@type":"ListItem","position":1,"name":"Home","item":"https:\/\/nordnesrepublikken.no\/"},{"@type":"ListItem","position":2,"name":"n\u00e5r de to preposisjonene skal brukes"}]},{"@type":"WebSite","@id":"https:\/\/nordnesrepublikken.no\/#website","url":"https:\/\/nordnesrepublikken.no\/","name":"Nordnesrepublikken","description":"Stemmer og Visjoner fra Republikkens Hjerte","publisher":{"@id":"https:\/\/nordnesrepublikken.no\/#organization"},"potentialAction":[{"@type":"SearchAction","target":{"@type":"EntryPoint","urlTemplate":"https:\/\/nordnesrepublikken.no\/?s={search_term_string}"},"query-input":{"@type":"PropertyValueSpecification","valueRequired":true,"valueName":"search_term_string"}}],"inLanguage":"nb-NO"},{"@type":"Organization","@id":"https:\/\/nordnesrepublikken.no\/#organization","name":"Nordnesrepublikken","url":"https:\/\/nordnesrepublikken.no\/","logo":{"@type":"ImageObject","inLanguage":"nb-NO","@id":"https:\/\/nordnesrepublikken.no\/#\/schema\/logo\/image\/","url":"https:\/\/nordnesrepublikken.no\/wp-content\/uploads\/2025\/02\/cropped-nordnesrepublikken-2.png","contentUrl":"https:\/\/nordnesrepublikken.no\/wp-content\/uploads\/2025\/02\/cropped-nordnesrepublikken-2.png","width":1248,"height":362,"caption":"Nordnesrepublikken"},"image":{"@id":"https:\/\/nordnesrepublikken.no\/#\/schema\/logo\/image\/"}},{"@type":"Person","@id":"https:\/\/nordnesrepublikken.no\/#\/schema\/person\/2e7e81935bab77882fffb79296240ff1","name":"Ole Andersen","image":{"@type":"ImageObject","inLanguage":"nb-NO","@id":"https:\/\/nordnesrepublikken.no\/#\/schema\/person\/image\/","url":"https:\/\/nordnesrepublikken.no\/wp-content\/uploads\/2025\/02\/nordnesrepublikken-2-2-150x150.jpg","contentUrl":"https:\/\/nordnesrepublikken.no\/wp-content\/uploads\/2025\/02\/nordnesrepublikken-2-2-150x150.jpg","caption":"Ole Andersen"},"description":"Ettersom jeg vokste opp i Oslo, har jeg alltid v\u00e6rt fascinert av ordenes kraft og deres evne til \u00e5 skape endringer. Etter \u00e5 ha fullf\u00f8rt min utdannelse i kommunikasjon ved Universitetet i Bergen, fikk jeg muligheten til \u00e5 jobbe innen ulike medier, der jeg har s\u00f8kt \u00e5 belyse viktige samfunnssp\u00f8rsm\u00e5l. I dag, som redakt\u00f8r for Nordnesrepublikken, pr\u00f8ver jeg \u00e5 forene min kj\u00e6rlighet for journalistikk med min lidenskap for innovasjon og eventyr.","sameAs":["https:\/\/nordnesrepublikken.no\/"]}]}},"_links":{"self":[{"href":"https:\/\/nordnesrepublikken.no\/index.php\/wp-json\/wp\/v2\/posts\/17178","targetHints":{"allow":["GET"]}}],"collection":[{"href":"https:\/\/nordnesrepublikken.no\/index.php\/wp-json\/wp\/v2\/posts"}],"about":[{"href":"https:\/\/nordnesrepublikken.no\/index.php\/wp-json\/wp\/v2\/types\/post"}],"author":[{"embeddable":true,"href":"https:\/\/nordnesrepublikken.no\/index.php\/wp-json\/wp\/v2\/users\/1"}],"replies":[{"embeddable":true,"href":"https:\/\/nordnesrepublikken.no\/index.php\/wp-json\/wp\/v2\/comments?post=17178"}],"version-history":[{"count":1,"href":"https:\/\/nordnesrepublikken.no\/index.php\/wp-json\/wp\/v2\/posts\/17178\/revisions"}],"predecessor-version":[{"id":17180,"href":"https:\/\/nordnesrepublikken.no\/index.php\/wp-json\/wp\/v2\/posts\/17178\/revisions\/17180"}],"wp:featuredmedia":[{"embeddable":true,"href":"https:\/\/nordnesrepublikken.no\/index.php\/wp-json\/wp\/v2\/media\/17179"}],"wp:attachment":[{"href":"https:\/\/nordnesrepublikken.no\/index.php\/wp-json\/wp\/v2\/media?parent=17178"}],"wp:term":[{"taxonomy":"category","embeddable":true,"href":"https:\/\/nordnesrepublikken.no\/index.php\/wp-json\/wp\/v2\/categories?post=17178"},{"taxonomy":"post_tag","embeddable":true,"href":"https:\/\/nordnesrepublikken.no\/index.php\/wp-json\/wp\/v2\/tags?post=17178"}],"curies":[{"name":"wp","href":"https:\/\/api.w.org\/{rel}","templated":true}]}}