{"id":17175,"date":"2026-04-19T17:07:47","date_gmt":"2026-04-19T15:07:47","guid":{"rendered":"https:\/\/nordnesrepublikken.no\/index.php\/2026\/04\/19\/advarsel-om-feriekaos-nar-aer-lingus-reduserer-flyvningene-fra-sommeren-2026\/"},"modified":"2026-04-19T17:07:50","modified_gmt":"2026-04-19T15:07:50","slug":"advarsel-om-feriekaos-nar-aer-lingus-reduserer-flyvningene-fra-sommeren-2026","status":"publish","type":"post","link":"https:\/\/nordnesrepublikken.no\/index.php\/2026\/04\/19\/advarsel-om-feriekaos-nar-aer-lingus-reduserer-flyvningene-fra-sommeren-2026\/","title":{"rendered":"Advarsel om feriekaos n\u00e5r Aer Lingus reduserer flyvningene fra sommeren 2026"},"content":{"rendered":"<p><\/p>\n<div class=\"wordpress-content\">\n                    <!-- Article Start --><\/p>\n<p data-start=\"698\" data-end=\"1007\">Aer Lingus har annonsert kanselleringer og endringer i tidtabellen som en del av flyprogrammet sommeren 2026, som p\u00e5virker tjenester mellom Irland og Storbritannia. Justeringene inneb\u00e6rer fjerning og omlegging av et antall flyreiser gjennom sesongen i stedet for en enkelt fast dato for avbrudd.<\/p>\n<p data-start=\"1009\" data-end=\"1255\">Flyselskapet har indikert at endringene er en del av planlagt rutestyring for sommerperioden. Dette inkluderer operasjonelle tilpasninger knyttet til fl\u00e5teplanlegging, vedlikeholdskrav og kapasitetstildeling. Rapporter indikerer at mer enn 500 flyvninger er ber\u00f8rt p\u00e5 tvers av flyselskapets sommertidsplan, selv om det n\u00f8yaktige antallet varierer avhengig av om tidsbestemte tjenester regnes sammen med kanselleringer.<\/p>\n<h2 data-section-id=\"mhzs0d\" data-start=\"1461\" data-end=\"1502\">Storbritannias flyplasser ber\u00f8rt av endringene<\/h2>\n<p data-start=\"1503\" data-end=\"1610\">Tidsplanreduksjonene p\u00e5virker flere store britiske flyplasser som inng\u00e5r i <strong>Aer Lingus sitt kortdistansenettverk<\/strong>:<\/p>\n<div class=\"sra_unit\"><link rel=\"stylesheet\" id=\"block-sra\" href=\"https:\/\/euroweeklynews.com\/wp-content\/plugins\/snack-related-articles\/dist\/css\/snack-related.min.css?250312-193541\" type=\"text\/css\" media=\"all\">\n<\/div>\n<ul data-start=\"1612\" data-end=\"1729\">\n<li data-section-id=\"1ye9kah\" data-start=\"1612\" data-end=\"1639\">London Heathrow flyplass<\/li>\n<li data-section-id=\"wfjzef\" data-start=\"1640\" data-end=\"1662\">Manchester flyplass<\/li>\n<li data-section-id=\"ea3uwr\" data-start=\"1663\" data-end=\"1685\">Birmingham flyplass<\/li>\n<li data-section-id=\"1m1t4dj\" data-start=\"1686\" data-end=\"1707\">Edinburgh flyplass<\/li>\n<li data-section-id=\"czlrh7\" data-start=\"1708\" data-end=\"1729\">Newcastle flyplass<\/li>\n<\/ul>\n<p data-start=\"1731\" data-end=\"1997\">Disse flyplassene driver regelmessige tjenester til Dublin og Cork, som er blant Aer Lingus&#8217; mest betjente kortdistanseruter. Heathrow og Manchester h\u00e5ndterer det h\u00f8yeste volumet av flyreiser, mens Birmingham, Edinburgh og Newcastle har f\u00e6rre daglige avganger.<\/p>\n<p data-start=\"1999\" data-end=\"2163\">Som et resultat blir passasjerer p\u00e5virket forskjellig avhengig av rutefrekvens, med noen tjenester som blir omtidsbestemt og andre fjernet helt fra timeplanen.<\/p>\n<h2 data-section-id=\"9e06tq\" data-start=\"2165\" data-end=\"2208\">Tidspunkt og gjennomf\u00f8ring av kuttene<\/h2>\n<p data-start=\"2209\" data-end=\"2476\"><strong>Endringene gjelder over driftssesongen sommeren 2026<\/strong> og blir introdusert fortl\u00f8pende. Dette betyr at ber\u00f8rte flyvninger blir fjernet, omplanlagt eller justert p\u00e5 tvers av forskjellige datoer innenfor sommertidtabellen i stedet for fra ett enkelt startpunkt.<\/p>\n<p data-start=\"2478\" data-end=\"2695\">Passasjerer kan se endringer vises gradvis i bestillingssystemene etter hvert som flyselskapet oppdaterer tidsplanen. Noen flyvninger forblir up\u00e5virket, mens andre p\u00e5 samme rute kan bli justert avhengig av operasjonelle krav.<\/p>\n<h2 data-section-id=\"kq2fau\" data-start=\"2697\" data-end=\"2737\">Arten av tidsplanjusteringene<\/h2>\n<p data-start=\"2738\" data-end=\"3014\">Aer Lingus har ikke tilskrevet endringene til en eneste forstyrrelse. I stedet ser det ut til at flyselskapet administrerer sommernettverket sitt gjennom standard operasjonsplanlegging. Dette inkluderer flyrotasjon, vedlikeholdsplanlegging, mannskapsallokering og balansering av kapasitet med ettersp\u00f8rsel.<\/p>\n<p data-start=\"3016\" data-end=\"3222\">Flyselskapet driver b\u00e5de kortdistanse europeiske ruter og langdistanse transatlantiske tjenester. UK-ruter, spesielt London Heathrow til Dublin, opererer flere ganger daglig og utgj\u00f8r en sentral del av nettverket.<\/p>\n<p data-start=\"3224\" data-end=\"3492\">Der det oppst\u00e5r kanselleringer, blir passasjerer vanligvis ombooket til alternative tjenester eller tilbudt refusjon i tr\u00e5d med passasjerrettighetsforskrifter. Aer Lingus har uttalt at de har som m\u00e5l \u00e5 minimere forstyrrelser ved \u00e5 omfordele passasjerer innenfor sitt nettverk der det er mulig.<\/p>\n<h2 data-section-id=\"1kp330l\" data-start=\"3494\" data-end=\"3533\">Passasjerp\u00e5virkning p\u00e5 tvers av britiske ruter<\/h2>\n<p data-start=\"3534\" data-end=\"3764\">P\u00e5 Heathrow og Manchester gir tjenester med h\u00f8yere frekvens flere ombestillingsmuligheter for ber\u00f8rte passasjerer. Men i Birmingham, Edinburgh og Newcastle kan f\u00e6rre daglige flyvninger f\u00f8re til lengre forsinkelser eller alternativ rute.<\/p>\n<p data-start=\"3766\" data-end=\"4015\">I noen tilfeller har flyreiser blitt endret i stedet for kansellert helt, mens andre har blitt fjernet fra rutetabellen helt. Dette har p\u00e5virket b\u00e5de forretnings- og fritidsreisende, spesielt de som er avhengige av faste kortdistanseforbindelser.<\/p>\n<h2 data-section-id=\"1me77dj\" data-start=\"4017\" data-end=\"4045\">St\u00f8rre luftfartskontekst<\/h2>\n<p data-start=\"4046\" data-end=\"4315\">Europeiske flyselskaper fortsetter \u00e5 h\u00e5ndtere h\u00f8y ettersp\u00f8rsel sammen med operasjonelle begrensninger som fl\u00e5tetilgjengelighet og vedlikeholdssykluser. Sommerrutene er spesielt f\u00f8lsomme for dette presset p\u00e5 grunn av \u00f8kt passasjervolum og stram planlegging av flyrotasjon.<\/p>\n<p data-start=\"4317\" data-end=\"4571\">Bransjeanalytikere bemerker at selv relativt sm\u00e5 endringer i fl\u00e5ten eller mannskapets tilgjengelighet kan f\u00f8re til kanselleringer p\u00e5 tvers av flere flyplasser innenfor et nettverk, spesielt p\u00e5 h\u00f8yfrekvente kortdistanseruter som mellom Storbritannia og Irland.<\/p>\n<h2 data-section-id=\"q66ci1\" data-start=\"4573\" data-end=\"4596\">N\u00e5v\u00e6rende situasjon<\/h2>\n<p data-start=\"4597\" data-end=\"4854\"><strong>Aer Lingus fortsetter \u00e5 operere<\/strong> flertallet av tjenestene i Storbritannia og Irland i l\u00f8pet av sommeren 2026. Kjerneruter mellom London Heathrow, Manchester og Dublin er fortsatt i drift, sammen med regionale tjenester fra Birmingham, Edinburgh og Newcastle.<\/p>\n<p data-start=\"4856\" data-end=\"5046\">Passasjerer som er ber\u00f8rt av ruteendringer, blir bedt om \u00e5 sjekke bestillingene sine direkte med flyselskapet, ettersom ytterligere rutetabelloppdateringer kan fortsette \u00e5 dukke opp gjennom sommersesongen.<\/p>\n<p data-start=\"5048\" data-end=\"5229\" data-is-last-node=\"\" data-is-only-node=\"\">Forstyrrelsen reflekterer planlagte sommernettverksjusteringer snarere enn en strukturell reduksjon i UK-tilkoblingen, selv om kortsiktige konsekvenser merkes p\u00e5 flere flyplasser.<\/p>\n<p>                    <!-- Originally published at https:\/\/euroweeklynews.com\/2026\/04\/19\/holiday-chaos-warning-as-aer-lingus-slashes-summer-2026-flights\/ on 19 Apr 2026 at 16:28 by Molly Grace --><br \/>\n                    <!-- Article End -->\n                <\/div>\n","protected":false},"excerpt":{"rendered":"<p>Aer Lingus har annonsert kanselleringer og endringer i tidtabellen som en del av flyprogrammet sommeren<\/p>\n","protected":false},"author":1,"featured_media":17176,"comment_status":"closed","ping_status":"open","sticky":false,"template":"","format":"standard","meta":{"footnotes":""},"categories":[105],"tags":[998,9804,11095,10275,125,9805,16,1594,2664],"class_list":["post-17175","post","type-post","status-publish","format-standard","has-post-thumbnail","hentry","category-livsstil","tag-advarsel","tag-aer","tag-feriekaos","tag-flyvningene","tag-fra","tag-lingus","tag-nar","tag-reduserer","tag-sommeren","generate-columns","tablet-grid-50","mobile-grid-100","grid-parent","grid-33","resize-featured-image"],"yoast_head":"<!-- This site is optimized with the Yoast SEO plugin v24.4 - https:\/\/yoast.com\/wordpress\/plugins\/seo\/ -->\n<title>Advarsel om feriekaos n\u00e5r Aer Lingus reduserer flyvningene fra sommeren 2026 - Nordnesrepublikken<\/title>\n<meta name=\"robots\" content=\"index, follow, max-snippet:-1, max-image-preview:large, max-video-preview:-1\" \/>\n<link rel=\"canonical\" href=\"https:\/\/nordnesrepublikken.no\/index.php\/2026\/04\/19\/advarsel-om-feriekaos-nar-aer-lingus-reduserer-flyvningene-fra-sommeren-2026\/\" \/>\n<meta property=\"og:locale\" content=\"nb_NO\" \/>\n<meta property=\"og:type\" content=\"article\" \/>\n<meta property=\"og:title\" content=\"Advarsel om feriekaos n\u00e5r Aer Lingus reduserer flyvningene fra sommeren 2026 - Nordnesrepublikken\" \/>\n<meta property=\"og:description\" content=\"Aer Lingus har annonsert kanselleringer og endringer i tidtabellen som en del av flyprogrammet sommeren\" \/>\n<meta property=\"og:url\" content=\"https:\/\/nordnesrepublikken.no\/index.php\/2026\/04\/19\/advarsel-om-feriekaos-nar-aer-lingus-reduserer-flyvningene-fra-sommeren-2026\/\" \/>\n<meta property=\"og:site_name\" content=\"Nordnesrepublikken\" \/>\n<meta property=\"article:published_time\" content=\"2026-04-19T15:07:47+00:00\" \/>\n<meta property=\"article:modified_time\" content=\"2026-04-19T15:07:50+00:00\" \/>\n<meta property=\"og:image\" content=\"https:\/\/nordnesrepublikken.no\/wp-content\/uploads\/2026\/04\/1776611268_Advarsel-om-feriekaos-nar-Aer-Lingus-reduserer-flyvningene-fra-sommeren.png\" \/>\n\t<meta property=\"og:image:width\" content=\"1343\" \/>\n\t<meta property=\"og:image:height\" content=\"900\" \/>\n\t<meta property=\"og:image:type\" content=\"image\/png\" \/>\n<meta name=\"author\" content=\"Ole Andersen\" \/>\n<meta name=\"twitter:card\" content=\"summary_large_image\" \/>\n<meta name=\"twitter:label1\" content=\"Skrevet av\" \/>\n\t<meta name=\"twitter:data1\" content=\"Ole Andersen\" \/>\n\t<meta name=\"twitter:label2\" content=\"Ansl. lesetid\" \/>\n\t<meta name=\"twitter:data2\" content=\"3 minutter\" \/>\n<script type=\"application\/ld+json\" class=\"yoast-schema-graph\">{\"@context\":\"https:\/\/schema.org\",\"@graph\":[{\"@type\":\"Article\",\"@id\":\"https:\/\/nordnesrepublikken.no\/index.php\/2026\/04\/19\/advarsel-om-feriekaos-nar-aer-lingus-reduserer-flyvningene-fra-sommeren-2026\/#article\",\"isPartOf\":{\"@id\":\"https:\/\/nordnesrepublikken.no\/index.php\/2026\/04\/19\/advarsel-om-feriekaos-nar-aer-lingus-reduserer-flyvningene-fra-sommeren-2026\/\"},\"author\":{\"name\":\"Ole Andersen\",\"@id\":\"https:\/\/nordnesrepublikken.no\/#\/schema\/person\/2e7e81935bab77882fffb79296240ff1\"},\"headline\":\"Advarsel om feriekaos n\u00e5r Aer Lingus reduserer flyvningene fra sommeren 2026\",\"datePublished\":\"2026-04-19T15:07:47+00:00\",\"dateModified\":\"2026-04-19T15:07:50+00:00\",\"mainEntityOfPage\":{\"@id\":\"https:\/\/nordnesrepublikken.no\/index.php\/2026\/04\/19\/advarsel-om-feriekaos-nar-aer-lingus-reduserer-flyvningene-fra-sommeren-2026\/\"},\"wordCount\":622,\"publisher\":{\"@id\":\"https:\/\/nordnesrepublikken.no\/#organization\"},\"image\":{\"@id\":\"https:\/\/nordnesrepublikken.no\/index.php\/2026\/04\/19\/advarsel-om-feriekaos-nar-aer-lingus-reduserer-flyvningene-fra-sommeren-2026\/#primaryimage\"},\"thumbnailUrl\":\"https:\/\/nordnesrepublikken.no\/wp-content\/uploads\/2026\/04\/1776611268_Advarsel-om-feriekaos-nar-Aer-Lingus-reduserer-flyvningene-fra-sommeren.png\",\"keywords\":[\"Advarsel\",\"Aer\",\"feriekaos\",\"flyvningene\",\"fra\",\"Lingus\",\"n\u00e5r\",\"reduserer\",\"sommeren\"],\"articleSection\":[\"Livsstil\"],\"inLanguage\":\"nb-NO\"},{\"@type\":\"WebPage\",\"@id\":\"https:\/\/nordnesrepublikken.no\/index.php\/2026\/04\/19\/advarsel-om-feriekaos-nar-aer-lingus-reduserer-flyvningene-fra-sommeren-2026\/\",\"url\":\"https:\/\/nordnesrepublikken.no\/index.php\/2026\/04\/19\/advarsel-om-feriekaos-nar-aer-lingus-reduserer-flyvningene-fra-sommeren-2026\/\",\"name\":\"Advarsel om feriekaos n\u00e5r Aer Lingus reduserer flyvningene fra sommeren 2026 - Nordnesrepublikken\",\"isPartOf\":{\"@id\":\"https:\/\/nordnesrepublikken.no\/#website\"},\"primaryImageOfPage\":{\"@id\":\"https:\/\/nordnesrepublikken.no\/index.php\/2026\/04\/19\/advarsel-om-feriekaos-nar-aer-lingus-reduserer-flyvningene-fra-sommeren-2026\/#primaryimage\"},\"image\":{\"@id\":\"https:\/\/nordnesrepublikken.no\/index.php\/2026\/04\/19\/advarsel-om-feriekaos-nar-aer-lingus-reduserer-flyvningene-fra-sommeren-2026\/#primaryimage\"},\"thumbnailUrl\":\"https:\/\/nordnesrepublikken.no\/wp-content\/uploads\/2026\/04\/1776611268_Advarsel-om-feriekaos-nar-Aer-Lingus-reduserer-flyvningene-fra-sommeren.png\",\"datePublished\":\"2026-04-19T15:07:47+00:00\",\"dateModified\":\"2026-04-19T15:07:50+00:00\",\"breadcrumb\":{\"@id\":\"https:\/\/nordnesrepublikken.no\/index.php\/2026\/04\/19\/advarsel-om-feriekaos-nar-aer-lingus-reduserer-flyvningene-fra-sommeren-2026\/#breadcrumb\"},\"inLanguage\":\"nb-NO\",\"potentialAction\":[{\"@type\":\"ReadAction\",\"target\":[\"https:\/\/nordnesrepublikken.no\/index.php\/2026\/04\/19\/advarsel-om-feriekaos-nar-aer-lingus-reduserer-flyvningene-fra-sommeren-2026\/\"]}]},{\"@type\":\"ImageObject\",\"inLanguage\":\"nb-NO\",\"@id\":\"https:\/\/nordnesrepublikken.no\/index.php\/2026\/04\/19\/advarsel-om-feriekaos-nar-aer-lingus-reduserer-flyvningene-fra-sommeren-2026\/#primaryimage\",\"url\":\"https:\/\/nordnesrepublikken.no\/wp-content\/uploads\/2026\/04\/1776611268_Advarsel-om-feriekaos-nar-Aer-Lingus-reduserer-flyvningene-fra-sommeren.png\",\"contentUrl\":\"https:\/\/nordnesrepublikken.no\/wp-content\/uploads\/2026\/04\/1776611268_Advarsel-om-feriekaos-nar-Aer-Lingus-reduserer-flyvningene-fra-sommeren.png\",\"width\":1343,\"height\":900,\"caption\":\"Advarsel om feriekaos n\u00e5r Aer Lingus reduserer flyvningene fra sommeren 2026\"},{\"@type\":\"BreadcrumbList\",\"@id\":\"https:\/\/nordnesrepublikken.no\/index.php\/2026\/04\/19\/advarsel-om-feriekaos-nar-aer-lingus-reduserer-flyvningene-fra-sommeren-2026\/#breadcrumb\",\"itemListElement\":[{\"@type\":\"ListItem\",\"position\":1,\"name\":\"Home\",\"item\":\"https:\/\/nordnesrepublikken.no\/\"},{\"@type\":\"ListItem\",\"position\":2,\"name\":\"Advarsel om feriekaos n\u00e5r Aer Lingus reduserer flyvningene fra sommeren 2026\"}]},{\"@type\":\"WebSite\",\"@id\":\"https:\/\/nordnesrepublikken.no\/#website\",\"url\":\"https:\/\/nordnesrepublikken.no\/\",\"name\":\"Nordnesrepublikken\",\"description\":\"Stemmer og Visjoner fra Republikkens Hjerte\",\"publisher\":{\"@id\":\"https:\/\/nordnesrepublikken.no\/#organization\"},\"potentialAction\":[{\"@type\":\"SearchAction\",\"target\":{\"@type\":\"EntryPoint\",\"urlTemplate\":\"https:\/\/nordnesrepublikken.no\/?s={search_term_string}\"},\"query-input\":{\"@type\":\"PropertyValueSpecification\",\"valueRequired\":true,\"valueName\":\"search_term_string\"}}],\"inLanguage\":\"nb-NO\"},{\"@type\":\"Organization\",\"@id\":\"https:\/\/nordnesrepublikken.no\/#organization\",\"name\":\"Nordnesrepublikken\",\"url\":\"https:\/\/nordnesrepublikken.no\/\",\"logo\":{\"@type\":\"ImageObject\",\"inLanguage\":\"nb-NO\",\"@id\":\"https:\/\/nordnesrepublikken.no\/#\/schema\/logo\/image\/\",\"url\":\"https:\/\/nordnesrepublikken.no\/wp-content\/uploads\/2025\/02\/cropped-nordnesrepublikken-2.png\",\"contentUrl\":\"https:\/\/nordnesrepublikken.no\/wp-content\/uploads\/2025\/02\/cropped-nordnesrepublikken-2.png\",\"width\":1248,\"height\":362,\"caption\":\"Nordnesrepublikken\"},\"image\":{\"@id\":\"https:\/\/nordnesrepublikken.no\/#\/schema\/logo\/image\/\"}},{\"@type\":\"Person\",\"@id\":\"https:\/\/nordnesrepublikken.no\/#\/schema\/person\/2e7e81935bab77882fffb79296240ff1\",\"name\":\"Ole Andersen\",\"image\":{\"@type\":\"ImageObject\",\"inLanguage\":\"nb-NO\",\"@id\":\"https:\/\/nordnesrepublikken.no\/#\/schema\/person\/image\/\",\"url\":\"https:\/\/nordnesrepublikken.no\/wp-content\/uploads\/2025\/02\/nordnesrepublikken-2-2-150x150.jpg\",\"contentUrl\":\"https:\/\/nordnesrepublikken.no\/wp-content\/uploads\/2025\/02\/nordnesrepublikken-2-2-150x150.jpg\",\"caption\":\"Ole Andersen\"},\"description\":\"Ettersom jeg vokste opp i Oslo, har jeg alltid v\u00e6rt fascinert av ordenes kraft og deres evne til \u00e5 skape endringer. Etter \u00e5 ha fullf\u00f8rt min utdannelse i kommunikasjon ved Universitetet i Bergen, fikk jeg muligheten til \u00e5 jobbe innen ulike medier, der jeg har s\u00f8kt \u00e5 belyse viktige samfunnssp\u00f8rsm\u00e5l. I dag, som redakt\u00f8r for Nordnesrepublikken, pr\u00f8ver jeg \u00e5 forene min kj\u00e6rlighet for journalistikk med min lidenskap for innovasjon og eventyr.\",\"sameAs\":[\"https:\/\/nordnesrepublikken.no\/\"]}]}<\/script>\n<!-- \/ Yoast SEO plugin. -->","yoast_head_json":{"title":"Advarsel om feriekaos n\u00e5r Aer Lingus reduserer flyvningene fra sommeren 2026 - Nordnesrepublikken","robots":{"index":"index","follow":"follow","max-snippet":"max-snippet:-1","max-image-preview":"max-image-preview:large","max-video-preview":"max-video-preview:-1"},"canonical":"https:\/\/nordnesrepublikken.no\/index.php\/2026\/04\/19\/advarsel-om-feriekaos-nar-aer-lingus-reduserer-flyvningene-fra-sommeren-2026\/","og_locale":"nb_NO","og_type":"article","og_title":"Advarsel om feriekaos n\u00e5r Aer Lingus reduserer flyvningene fra sommeren 2026 - Nordnesrepublikken","og_description":"Aer Lingus har annonsert kanselleringer og endringer i tidtabellen som en del av flyprogrammet sommeren","og_url":"https:\/\/nordnesrepublikken.no\/index.php\/2026\/04\/19\/advarsel-om-feriekaos-nar-aer-lingus-reduserer-flyvningene-fra-sommeren-2026\/","og_site_name":"Nordnesrepublikken","article_published_time":"2026-04-19T15:07:47+00:00","article_modified_time":"2026-04-19T15:07:50+00:00","og_image":[{"width":1343,"height":900,"url":"https:\/\/nordnesrepublikken.no\/wp-content\/uploads\/2026\/04\/1776611268_Advarsel-om-feriekaos-nar-Aer-Lingus-reduserer-flyvningene-fra-sommeren.png","type":"image\/png"}],"author":"Ole Andersen","twitter_card":"summary_large_image","twitter_misc":{"Skrevet av":"Ole Andersen","Ansl. lesetid":"3 minutter"},"schema":{"@context":"https:\/\/schema.org","@graph":[{"@type":"Article","@id":"https:\/\/nordnesrepublikken.no\/index.php\/2026\/04\/19\/advarsel-om-feriekaos-nar-aer-lingus-reduserer-flyvningene-fra-sommeren-2026\/#article","isPartOf":{"@id":"https:\/\/nordnesrepublikken.no\/index.php\/2026\/04\/19\/advarsel-om-feriekaos-nar-aer-lingus-reduserer-flyvningene-fra-sommeren-2026\/"},"author":{"name":"Ole Andersen","@id":"https:\/\/nordnesrepublikken.no\/#\/schema\/person\/2e7e81935bab77882fffb79296240ff1"},"headline":"Advarsel om feriekaos n\u00e5r Aer Lingus reduserer flyvningene fra sommeren 2026","datePublished":"2026-04-19T15:07:47+00:00","dateModified":"2026-04-19T15:07:50+00:00","mainEntityOfPage":{"@id":"https:\/\/nordnesrepublikken.no\/index.php\/2026\/04\/19\/advarsel-om-feriekaos-nar-aer-lingus-reduserer-flyvningene-fra-sommeren-2026\/"},"wordCount":622,"publisher":{"@id":"https:\/\/nordnesrepublikken.no\/#organization"},"image":{"@id":"https:\/\/nordnesrepublikken.no\/index.php\/2026\/04\/19\/advarsel-om-feriekaos-nar-aer-lingus-reduserer-flyvningene-fra-sommeren-2026\/#primaryimage"},"thumbnailUrl":"https:\/\/nordnesrepublikken.no\/wp-content\/uploads\/2026\/04\/1776611268_Advarsel-om-feriekaos-nar-Aer-Lingus-reduserer-flyvningene-fra-sommeren.png","keywords":["Advarsel","Aer","feriekaos","flyvningene","fra","Lingus","n\u00e5r","reduserer","sommeren"],"articleSection":["Livsstil"],"inLanguage":"nb-NO"},{"@type":"WebPage","@id":"https:\/\/nordnesrepublikken.no\/index.php\/2026\/04\/19\/advarsel-om-feriekaos-nar-aer-lingus-reduserer-flyvningene-fra-sommeren-2026\/","url":"https:\/\/nordnesrepublikken.no\/index.php\/2026\/04\/19\/advarsel-om-feriekaos-nar-aer-lingus-reduserer-flyvningene-fra-sommeren-2026\/","name":"Advarsel om feriekaos n\u00e5r Aer Lingus reduserer flyvningene fra sommeren 2026 - Nordnesrepublikken","isPartOf":{"@id":"https:\/\/nordnesrepublikken.no\/#website"},"primaryImageOfPage":{"@id":"https:\/\/nordnesrepublikken.no\/index.php\/2026\/04\/19\/advarsel-om-feriekaos-nar-aer-lingus-reduserer-flyvningene-fra-sommeren-2026\/#primaryimage"},"image":{"@id":"https:\/\/nordnesrepublikken.no\/index.php\/2026\/04\/19\/advarsel-om-feriekaos-nar-aer-lingus-reduserer-flyvningene-fra-sommeren-2026\/#primaryimage"},"thumbnailUrl":"https:\/\/nordnesrepublikken.no\/wp-content\/uploads\/2026\/04\/1776611268_Advarsel-om-feriekaos-nar-Aer-Lingus-reduserer-flyvningene-fra-sommeren.png","datePublished":"2026-04-19T15:07:47+00:00","dateModified":"2026-04-19T15:07:50+00:00","breadcrumb":{"@id":"https:\/\/nordnesrepublikken.no\/index.php\/2026\/04\/19\/advarsel-om-feriekaos-nar-aer-lingus-reduserer-flyvningene-fra-sommeren-2026\/#breadcrumb"},"inLanguage":"nb-NO","potentialAction":[{"@type":"ReadAction","target":["https:\/\/nordnesrepublikken.no\/index.php\/2026\/04\/19\/advarsel-om-feriekaos-nar-aer-lingus-reduserer-flyvningene-fra-sommeren-2026\/"]}]},{"@type":"ImageObject","inLanguage":"nb-NO","@id":"https:\/\/nordnesrepublikken.no\/index.php\/2026\/04\/19\/advarsel-om-feriekaos-nar-aer-lingus-reduserer-flyvningene-fra-sommeren-2026\/#primaryimage","url":"https:\/\/nordnesrepublikken.no\/wp-content\/uploads\/2026\/04\/1776611268_Advarsel-om-feriekaos-nar-Aer-Lingus-reduserer-flyvningene-fra-sommeren.png","contentUrl":"https:\/\/nordnesrepublikken.no\/wp-content\/uploads\/2026\/04\/1776611268_Advarsel-om-feriekaos-nar-Aer-Lingus-reduserer-flyvningene-fra-sommeren.png","width":1343,"height":900,"caption":"Advarsel om feriekaos n\u00e5r Aer Lingus reduserer flyvningene fra sommeren 2026"},{"@type":"BreadcrumbList","@id":"https:\/\/nordnesrepublikken.no\/index.php\/2026\/04\/19\/advarsel-om-feriekaos-nar-aer-lingus-reduserer-flyvningene-fra-sommeren-2026\/#breadcrumb","itemListElement":[{"@type":"ListItem","position":1,"name":"Home","item":"https:\/\/nordnesrepublikken.no\/"},{"@type":"ListItem","position":2,"name":"Advarsel om feriekaos n\u00e5r Aer Lingus reduserer flyvningene fra sommeren 2026"}]},{"@type":"WebSite","@id":"https:\/\/nordnesrepublikken.no\/#website","url":"https:\/\/nordnesrepublikken.no\/","name":"Nordnesrepublikken","description":"Stemmer og Visjoner fra Republikkens Hjerte","publisher":{"@id":"https:\/\/nordnesrepublikken.no\/#organization"},"potentialAction":[{"@type":"SearchAction","target":{"@type":"EntryPoint","urlTemplate":"https:\/\/nordnesrepublikken.no\/?s={search_term_string}"},"query-input":{"@type":"PropertyValueSpecification","valueRequired":true,"valueName":"search_term_string"}}],"inLanguage":"nb-NO"},{"@type":"Organization","@id":"https:\/\/nordnesrepublikken.no\/#organization","name":"Nordnesrepublikken","url":"https:\/\/nordnesrepublikken.no\/","logo":{"@type":"ImageObject","inLanguage":"nb-NO","@id":"https:\/\/nordnesrepublikken.no\/#\/schema\/logo\/image\/","url":"https:\/\/nordnesrepublikken.no\/wp-content\/uploads\/2025\/02\/cropped-nordnesrepublikken-2.png","contentUrl":"https:\/\/nordnesrepublikken.no\/wp-content\/uploads\/2025\/02\/cropped-nordnesrepublikken-2.png","width":1248,"height":362,"caption":"Nordnesrepublikken"},"image":{"@id":"https:\/\/nordnesrepublikken.no\/#\/schema\/logo\/image\/"}},{"@type":"Person","@id":"https:\/\/nordnesrepublikken.no\/#\/schema\/person\/2e7e81935bab77882fffb79296240ff1","name":"Ole Andersen","image":{"@type":"ImageObject","inLanguage":"nb-NO","@id":"https:\/\/nordnesrepublikken.no\/#\/schema\/person\/image\/","url":"https:\/\/nordnesrepublikken.no\/wp-content\/uploads\/2025\/02\/nordnesrepublikken-2-2-150x150.jpg","contentUrl":"https:\/\/nordnesrepublikken.no\/wp-content\/uploads\/2025\/02\/nordnesrepublikken-2-2-150x150.jpg","caption":"Ole Andersen"},"description":"Ettersom jeg vokste opp i Oslo, har jeg alltid v\u00e6rt fascinert av ordenes kraft og deres evne til \u00e5 skape endringer. Etter \u00e5 ha fullf\u00f8rt min utdannelse i kommunikasjon ved Universitetet i Bergen, fikk jeg muligheten til \u00e5 jobbe innen ulike medier, der jeg har s\u00f8kt \u00e5 belyse viktige samfunnssp\u00f8rsm\u00e5l. I dag, som redakt\u00f8r for Nordnesrepublikken, pr\u00f8ver jeg \u00e5 forene min kj\u00e6rlighet for journalistikk med min lidenskap for innovasjon og eventyr.","sameAs":["https:\/\/nordnesrepublikken.no\/"]}]}},"_links":{"self":[{"href":"https:\/\/nordnesrepublikken.no\/index.php\/wp-json\/wp\/v2\/posts\/17175","targetHints":{"allow":["GET"]}}],"collection":[{"href":"https:\/\/nordnesrepublikken.no\/index.php\/wp-json\/wp\/v2\/posts"}],"about":[{"href":"https:\/\/nordnesrepublikken.no\/index.php\/wp-json\/wp\/v2\/types\/post"}],"author":[{"embeddable":true,"href":"https:\/\/nordnesrepublikken.no\/index.php\/wp-json\/wp\/v2\/users\/1"}],"replies":[{"embeddable":true,"href":"https:\/\/nordnesrepublikken.no\/index.php\/wp-json\/wp\/v2\/comments?post=17175"}],"version-history":[{"count":1,"href":"https:\/\/nordnesrepublikken.no\/index.php\/wp-json\/wp\/v2\/posts\/17175\/revisions"}],"predecessor-version":[{"id":17177,"href":"https:\/\/nordnesrepublikken.no\/index.php\/wp-json\/wp\/v2\/posts\/17175\/revisions\/17177"}],"wp:featuredmedia":[{"embeddable":true,"href":"https:\/\/nordnesrepublikken.no\/index.php\/wp-json\/wp\/v2\/media\/17176"}],"wp:attachment":[{"href":"https:\/\/nordnesrepublikken.no\/index.php\/wp-json\/wp\/v2\/media?parent=17175"}],"wp:term":[{"taxonomy":"category","embeddable":true,"href":"https:\/\/nordnesrepublikken.no\/index.php\/wp-json\/wp\/v2\/categories?post=17175"},{"taxonomy":"post_tag","embeddable":true,"href":"https:\/\/nordnesrepublikken.no\/index.php\/wp-json\/wp\/v2\/tags?post=17175"}],"curies":[{"name":"wp","href":"https:\/\/api.w.org\/{rel}","templated":true}]}}