{"id":17160,"date":"2026-04-19T08:13:00","date_gmt":"2026-04-19T06:13:00","guid":{"rendered":"https:\/\/nordnesrepublikken.no\/index.php\/2026\/04\/19\/avhenger-av-flyktige-gronne-blader-en-kjemisk-melding-om-hjelp\/"},"modified":"2026-04-19T08:13:07","modified_gmt":"2026-04-19T06:13:07","slug":"avhenger-av-flyktige-gronne-blader-en-kjemisk-melding-om-hjelp","status":"publish","type":"post","link":"https:\/\/nordnesrepublikken.no\/index.php\/2026\/04\/19\/avhenger-av-flyktige-gronne-blader-en-kjemisk-melding-om-hjelp\/","title":{"rendered":"avhenger av flyktige gr\u00f8nne blader, en kjemisk melding om &laquo;hjelp&raquo;"},"content":{"rendered":"<div>\n<div class=\"cp_wrapper cp_wrapper--fw mb-30 mb-20@tablet\">\n<figure class=\"mm\"><picture class=\"img\" style=\"padding-top:56.25%\"><source  media=\"(min-width: 1024px)\"><source  media=\"(min-width: 768px)\"><\/source><\/source><\/picture><\/figure>\n<\/p><\/div>\n<p>Vi er alle klar over den typiske lukten av klippet gress, det spiller ingen rolle om vi bruker en gressklipper eller et annet verkt\u00f8y, nesen v\u00e5r vil i alle fall oppfatte den lukten. <strong>karakteristisk lukt<\/strong>for noen nesten <strong>hyggelig<\/strong>. Har du noen gang lurt p\u00e5 hva dens opprinnelse er? Vel, lukten vi snakker om er ikke en vanlig &laquo;blomster&raquo; duft, men resultatet av en ekte <strong>kjemisk mekanisme<\/strong> som trer i kraft n\u00e5r vi klipper gresset p\u00e5 plenen v\u00e5r. Det er som om vi klipper gresset <strong>skade selve planten<\/strong>som reagerer gjennom lukten vi lukter. Kort sagt, den aromaen er gitt av <strong>flyktige molekyler<\/strong> \u2013 ikke annet enn kjemiske forbindelser som lett \u00abflyr\u00bb opp i luften i form av gasser som vi kan lukte \u2013 som gress produserer n\u00e5r cellene brytes ned. La oss snakke om <strong>flyktige gr\u00f8nne blader,<\/strong> &laquo;flyktige forbindelser av gr\u00f8nne blader&raquo;: organiske molekyler som inneholder oksygen som slippes ut i luften n\u00e5r de kuttes. Kort sagt, n\u00e5r vi klipper det, skriker gresset faktisk &laquo;au!&raquo; p\u00e5 sin egen m\u00e5te.<\/p>\n<h2>Hvordan lukten av klippet gress frigj\u00f8res: GLVs<\/h2>\n<p>N\u00e5r gressklipperen g\u00e5r forbi og den umiskjennelige duften kommer opp, &laquo;lytter&raquo; vi faktisk til plantens kjemiske melodi. gresset, &laquo;<strong>s\u00e5r&raquo; fra kuttet<\/strong>frigj\u00f8r en serie sm\u00e5 flyktige molekyler, flyktige gr\u00f8nne blader (GLV), som slippes ut i luften n\u00e5r gressplantecellene brytes ned. Disse molekylene oppst\u00e5r fra <strong>naturlig fett<\/strong> tilstede i bladene: n\u00e5r de er skadet, den <strong>enzymer <\/strong>de forvandler dem til luktende forbindelser. La oss snakke om enkle kjemikalier, som <strong>aldehyder og alkoholer,<\/strong> som luften raskt bringer til nesen v\u00e5r. En av disse, kalt (Z)-3-heksanal, er hovedsakelig ansvarlig for karakteristikken &laquo;<strong>lukt av gr\u00f8nt<\/strong>Sm\u00e5 mengder er nok til at hjernen v\u00e5r kan oppfatte det: dette er grunnen til at selv en enkelt omgang med bladet fyller hagen med lukt.<\/p>\n<p>Frigj\u00f8ringen av disse molekylene er ikke konstant: <strong>\u00f8ker umiddelbart etter kutting<\/strong>og avtar deretter gradvis ettersom overflatene t\u00f8rker sakte ut. Intensiteten avhenger ogs\u00e5 av <strong>klima og fuktighet<\/strong>p\u00e5 en varm og solrik ettermiddag er aromaen sterkere, mens den etter regnet er svakere.<\/p>\n<p>I virkeligheten er duften av klippet gress ikke bare en slags bivirkning: den er ekte for planten <strong>beskjed<\/strong>. Faktisk tjener disse stoffene til \u00e5 signalisere en fare for n\u00e6rliggende planter, som dermed aktiverer sine egne <strong>forsvarsmekanismer<\/strong>. Noen studier viser at de ogs\u00e5 tiltrekkes <strong>insekter<\/strong> &laquo;bra&raquo; for planter, rovdyr av de som lever av bladene. Kort sagt, mens vi lukter hagen v\u00e5r, kommuniserer plenen i kode at den er under angrep og reagerer p\u00e5 sin egen m\u00e5te.<\/p>\n<h2><strong>Menneskelig oppfatning: hvorfor vi liker den parfymen<\/strong><\/h2>\n<p>For mange av oss mennesker oppfattes duften av klippet gress som <strong>hyggelig<\/strong>. Det er et faktum som har et reelt vitenskapelig grunnlag p\u00e5 grunn av noen <strong>faktorer<\/strong>. For det f\u00f8rste har noen av disse molekylene en lav luktterskel, s\u00e5 allerede sm\u00e5 mengder er det <strong>klart merkbar og gjenkjennelig. <\/strong>Videre er GLV-molekyler <strong>lignende<\/strong> til de som planter frigj\u00f8r n\u00e5r gr\u00f8nnsaker eller frukt modnes eller kuttes. Til slutt, siden duften er sterk <strong>&laquo;gr\u00f8nn&raquo;<\/strong>minner om mentale assosiasjoner til naturen, friskhet, \u00e5pne rom og en generell f\u00f8lelse av avslapning.<\/p>\n<p>Faktisk er det ogs\u00e5 et viktig psykologisk aspekt: \u200b\u200bhvem han assosierte <strong>hyggelige \u00f8yeblikk<\/strong> til den velstelte plenen og hagen, kobler ofte den duften til positive minner, noe som gj\u00f8r det mer behagelig, selv om plenen v\u00e5r i virkeligheten skriker &laquo;hjelp!&raquo;.<\/p>\n<\/p><\/div>\n","protected":false},"excerpt":{"rendered":"<p>Vi er alle klar over den typiske lukten av klippet gress, det spiller ingen rolle<\/p>\n","protected":false},"author":1,"featured_media":17161,"comment_status":"closed","ping_status":"open","sticky":false,"template":"","format":"standard","meta":{"footnotes":""},"categories":[24],"tags":[4542,11089,11088,1155,382,7364,5625],"class_list":["post-17160","post","type-post","status-publish","format-standard","has-post-thumbnail","hentry","category-vitenskap","tag-avhenger","tag-blader","tag-flyktige","tag-gronne","tag-hjelp","tag-kjemisk","tag-melding","generate-columns","tablet-grid-50","mobile-grid-100","grid-parent","grid-33","resize-featured-image"],"yoast_head":"<!-- This site is optimized with the Yoast SEO plugin v24.4 - https:\/\/yoast.com\/wordpress\/plugins\/seo\/ -->\n<title>avhenger av flyktige gr\u00f8nne blader, en kjemisk melding om &quot;hjelp&quot; - Nordnesrepublikken<\/title>\n<meta name=\"robots\" content=\"index, follow, max-snippet:-1, max-image-preview:large, max-video-preview:-1\" \/>\n<link rel=\"canonical\" href=\"https:\/\/nordnesrepublikken.no\/index.php\/2026\/04\/19\/avhenger-av-flyktige-gronne-blader-en-kjemisk-melding-om-hjelp\/\" \/>\n<meta property=\"og:locale\" content=\"nb_NO\" \/>\n<meta property=\"og:type\" content=\"article\" \/>\n<meta property=\"og:title\" content=\"avhenger av flyktige gr\u00f8nne blader, en kjemisk melding om &quot;hjelp&quot; - Nordnesrepublikken\" \/>\n<meta property=\"og:description\" content=\"Vi er alle klar over den typiske lukten av klippet gress, det spiller ingen rolle\" \/>\n<meta property=\"og:url\" content=\"https:\/\/nordnesrepublikken.no\/index.php\/2026\/04\/19\/avhenger-av-flyktige-gronne-blader-en-kjemisk-melding-om-hjelp\/\" \/>\n<meta property=\"og:site_name\" content=\"Nordnesrepublikken\" \/>\n<meta property=\"article:published_time\" content=\"2026-04-19T06:13:00+00:00\" \/>\n<meta property=\"article:modified_time\" content=\"2026-04-19T06:13:07+00:00\" \/>\n<meta property=\"og:image\" content=\"https:\/\/nordnesrepublikken.no\/wp-content\/uploads\/2026\/04\/1776579182_avhenger-av-flyktige-gronne-blader-en-kjemisk-melding-om-hjelp-scaled.jpg\" \/>\n\t<meta property=\"og:image:width\" content=\"2560\" \/>\n\t<meta property=\"og:image:height\" content=\"1707\" \/>\n\t<meta property=\"og:image:type\" content=\"image\/jpeg\" \/>\n<meta name=\"author\" content=\"Ole Andersen\" \/>\n<meta name=\"twitter:card\" content=\"summary_large_image\" \/>\n<meta name=\"twitter:label1\" content=\"Skrevet av\" \/>\n\t<meta name=\"twitter:data1\" content=\"Ole Andersen\" \/>\n\t<meta name=\"twitter:label2\" content=\"Ansl. lesetid\" \/>\n\t<meta name=\"twitter:data2\" content=\"3 minutter\" \/>\n<script type=\"application\/ld+json\" class=\"yoast-schema-graph\">{\"@context\":\"https:\/\/schema.org\",\"@graph\":[{\"@type\":\"Article\",\"@id\":\"https:\/\/nordnesrepublikken.no\/index.php\/2026\/04\/19\/avhenger-av-flyktige-gronne-blader-en-kjemisk-melding-om-hjelp\/#article\",\"isPartOf\":{\"@id\":\"https:\/\/nordnesrepublikken.no\/index.php\/2026\/04\/19\/avhenger-av-flyktige-gronne-blader-en-kjemisk-melding-om-hjelp\/\"},\"author\":{\"name\":\"Ole Andersen\",\"@id\":\"https:\/\/nordnesrepublikken.no\/#\/schema\/person\/2e7e81935bab77882fffb79296240ff1\"},\"headline\":\"avhenger av flyktige gr\u00f8nne blader, en kjemisk melding om &laquo;hjelp&raquo;\",\"datePublished\":\"2026-04-19T06:13:00+00:00\",\"dateModified\":\"2026-04-19T06:13:07+00:00\",\"mainEntityOfPage\":{\"@id\":\"https:\/\/nordnesrepublikken.no\/index.php\/2026\/04\/19\/avhenger-av-flyktige-gronne-blader-en-kjemisk-melding-om-hjelp\/\"},\"wordCount\":584,\"publisher\":{\"@id\":\"https:\/\/nordnesrepublikken.no\/#organization\"},\"image\":{\"@id\":\"https:\/\/nordnesrepublikken.no\/index.php\/2026\/04\/19\/avhenger-av-flyktige-gronne-blader-en-kjemisk-melding-om-hjelp\/#primaryimage\"},\"thumbnailUrl\":\"https:\/\/nordnesrepublikken.no\/wp-content\/uploads\/2026\/04\/1776579182_avhenger-av-flyktige-gronne-blader-en-kjemisk-melding-om-hjelp-scaled.jpg\",\"keywords\":[\"avhenger\",\"blader\",\"flyktige\",\"gr\u00f8nne\",\"hjelp\",\"kjemisk\",\"melding\"],\"articleSection\":[\"Vitenskap\"],\"inLanguage\":\"nb-NO\"},{\"@type\":\"WebPage\",\"@id\":\"https:\/\/nordnesrepublikken.no\/index.php\/2026\/04\/19\/avhenger-av-flyktige-gronne-blader-en-kjemisk-melding-om-hjelp\/\",\"url\":\"https:\/\/nordnesrepublikken.no\/index.php\/2026\/04\/19\/avhenger-av-flyktige-gronne-blader-en-kjemisk-melding-om-hjelp\/\",\"name\":\"avhenger av flyktige gr\u00f8nne blader, en kjemisk melding om \\\"hjelp\\\" - Nordnesrepublikken\",\"isPartOf\":{\"@id\":\"https:\/\/nordnesrepublikken.no\/#website\"},\"primaryImageOfPage\":{\"@id\":\"https:\/\/nordnesrepublikken.no\/index.php\/2026\/04\/19\/avhenger-av-flyktige-gronne-blader-en-kjemisk-melding-om-hjelp\/#primaryimage\"},\"image\":{\"@id\":\"https:\/\/nordnesrepublikken.no\/index.php\/2026\/04\/19\/avhenger-av-flyktige-gronne-blader-en-kjemisk-melding-om-hjelp\/#primaryimage\"},\"thumbnailUrl\":\"https:\/\/nordnesrepublikken.no\/wp-content\/uploads\/2026\/04\/1776579182_avhenger-av-flyktige-gronne-blader-en-kjemisk-melding-om-hjelp-scaled.jpg\",\"datePublished\":\"2026-04-19T06:13:00+00:00\",\"dateModified\":\"2026-04-19T06:13:07+00:00\",\"breadcrumb\":{\"@id\":\"https:\/\/nordnesrepublikken.no\/index.php\/2026\/04\/19\/avhenger-av-flyktige-gronne-blader-en-kjemisk-melding-om-hjelp\/#breadcrumb\"},\"inLanguage\":\"nb-NO\",\"potentialAction\":[{\"@type\":\"ReadAction\",\"target\":[\"https:\/\/nordnesrepublikken.no\/index.php\/2026\/04\/19\/avhenger-av-flyktige-gronne-blader-en-kjemisk-melding-om-hjelp\/\"]}]},{\"@type\":\"ImageObject\",\"inLanguage\":\"nb-NO\",\"@id\":\"https:\/\/nordnesrepublikken.no\/index.php\/2026\/04\/19\/avhenger-av-flyktige-gronne-blader-en-kjemisk-melding-om-hjelp\/#primaryimage\",\"url\":\"https:\/\/nordnesrepublikken.no\/wp-content\/uploads\/2026\/04\/1776579182_avhenger-av-flyktige-gronne-blader-en-kjemisk-melding-om-hjelp-scaled.jpg\",\"contentUrl\":\"https:\/\/nordnesrepublikken.no\/wp-content\/uploads\/2026\/04\/1776579182_avhenger-av-flyktige-gronne-blader-en-kjemisk-melding-om-hjelp-scaled.jpg\",\"width\":2560,\"height\":1707,\"caption\":\"avhenger av flyktige gr\u00f8nne blader, en kjemisk melding om \\\"hjelp\\\"\"},{\"@type\":\"BreadcrumbList\",\"@id\":\"https:\/\/nordnesrepublikken.no\/index.php\/2026\/04\/19\/avhenger-av-flyktige-gronne-blader-en-kjemisk-melding-om-hjelp\/#breadcrumb\",\"itemListElement\":[{\"@type\":\"ListItem\",\"position\":1,\"name\":\"Home\",\"item\":\"https:\/\/nordnesrepublikken.no\/\"},{\"@type\":\"ListItem\",\"position\":2,\"name\":\"avhenger av flyktige gr\u00f8nne blader, en kjemisk melding om &laquo;hjelp&raquo;\"}]},{\"@type\":\"WebSite\",\"@id\":\"https:\/\/nordnesrepublikken.no\/#website\",\"url\":\"https:\/\/nordnesrepublikken.no\/\",\"name\":\"Nordnesrepublikken\",\"description\":\"Stemmer og Visjoner fra Republikkens Hjerte\",\"publisher\":{\"@id\":\"https:\/\/nordnesrepublikken.no\/#organization\"},\"potentialAction\":[{\"@type\":\"SearchAction\",\"target\":{\"@type\":\"EntryPoint\",\"urlTemplate\":\"https:\/\/nordnesrepublikken.no\/?s={search_term_string}\"},\"query-input\":{\"@type\":\"PropertyValueSpecification\",\"valueRequired\":true,\"valueName\":\"search_term_string\"}}],\"inLanguage\":\"nb-NO\"},{\"@type\":\"Organization\",\"@id\":\"https:\/\/nordnesrepublikken.no\/#organization\",\"name\":\"Nordnesrepublikken\",\"url\":\"https:\/\/nordnesrepublikken.no\/\",\"logo\":{\"@type\":\"ImageObject\",\"inLanguage\":\"nb-NO\",\"@id\":\"https:\/\/nordnesrepublikken.no\/#\/schema\/logo\/image\/\",\"url\":\"https:\/\/nordnesrepublikken.no\/wp-content\/uploads\/2025\/02\/cropped-nordnesrepublikken-2.png\",\"contentUrl\":\"https:\/\/nordnesrepublikken.no\/wp-content\/uploads\/2025\/02\/cropped-nordnesrepublikken-2.png\",\"width\":1248,\"height\":362,\"caption\":\"Nordnesrepublikken\"},\"image\":{\"@id\":\"https:\/\/nordnesrepublikken.no\/#\/schema\/logo\/image\/\"}},{\"@type\":\"Person\",\"@id\":\"https:\/\/nordnesrepublikken.no\/#\/schema\/person\/2e7e81935bab77882fffb79296240ff1\",\"name\":\"Ole Andersen\",\"image\":{\"@type\":\"ImageObject\",\"inLanguage\":\"nb-NO\",\"@id\":\"https:\/\/nordnesrepublikken.no\/#\/schema\/person\/image\/\",\"url\":\"https:\/\/nordnesrepublikken.no\/wp-content\/uploads\/2025\/02\/nordnesrepublikken-2-2-150x150.jpg\",\"contentUrl\":\"https:\/\/nordnesrepublikken.no\/wp-content\/uploads\/2025\/02\/nordnesrepublikken-2-2-150x150.jpg\",\"caption\":\"Ole Andersen\"},\"description\":\"Ettersom jeg vokste opp i Oslo, har jeg alltid v\u00e6rt fascinert av ordenes kraft og deres evne til \u00e5 skape endringer. Etter \u00e5 ha fullf\u00f8rt min utdannelse i kommunikasjon ved Universitetet i Bergen, fikk jeg muligheten til \u00e5 jobbe innen ulike medier, der jeg har s\u00f8kt \u00e5 belyse viktige samfunnssp\u00f8rsm\u00e5l. I dag, som redakt\u00f8r for Nordnesrepublikken, pr\u00f8ver jeg \u00e5 forene min kj\u00e6rlighet for journalistikk med min lidenskap for innovasjon og eventyr.\",\"sameAs\":[\"https:\/\/nordnesrepublikken.no\/\"]}]}<\/script>\n<!-- \/ Yoast SEO plugin. -->","yoast_head_json":{"title":"avhenger av flyktige gr\u00f8nne blader, en kjemisk melding om \"hjelp\" - Nordnesrepublikken","robots":{"index":"index","follow":"follow","max-snippet":"max-snippet:-1","max-image-preview":"max-image-preview:large","max-video-preview":"max-video-preview:-1"},"canonical":"https:\/\/nordnesrepublikken.no\/index.php\/2026\/04\/19\/avhenger-av-flyktige-gronne-blader-en-kjemisk-melding-om-hjelp\/","og_locale":"nb_NO","og_type":"article","og_title":"avhenger av flyktige gr\u00f8nne blader, en kjemisk melding om \"hjelp\" - Nordnesrepublikken","og_description":"Vi er alle klar over den typiske lukten av klippet gress, det spiller ingen rolle","og_url":"https:\/\/nordnesrepublikken.no\/index.php\/2026\/04\/19\/avhenger-av-flyktige-gronne-blader-en-kjemisk-melding-om-hjelp\/","og_site_name":"Nordnesrepublikken","article_published_time":"2026-04-19T06:13:00+00:00","article_modified_time":"2026-04-19T06:13:07+00:00","og_image":[{"width":2560,"height":1707,"url":"https:\/\/nordnesrepublikken.no\/wp-content\/uploads\/2026\/04\/1776579182_avhenger-av-flyktige-gronne-blader-en-kjemisk-melding-om-hjelp-scaled.jpg","type":"image\/jpeg"}],"author":"Ole Andersen","twitter_card":"summary_large_image","twitter_misc":{"Skrevet av":"Ole Andersen","Ansl. lesetid":"3 minutter"},"schema":{"@context":"https:\/\/schema.org","@graph":[{"@type":"Article","@id":"https:\/\/nordnesrepublikken.no\/index.php\/2026\/04\/19\/avhenger-av-flyktige-gronne-blader-en-kjemisk-melding-om-hjelp\/#article","isPartOf":{"@id":"https:\/\/nordnesrepublikken.no\/index.php\/2026\/04\/19\/avhenger-av-flyktige-gronne-blader-en-kjemisk-melding-om-hjelp\/"},"author":{"name":"Ole Andersen","@id":"https:\/\/nordnesrepublikken.no\/#\/schema\/person\/2e7e81935bab77882fffb79296240ff1"},"headline":"avhenger av flyktige gr\u00f8nne blader, en kjemisk melding om &laquo;hjelp&raquo;","datePublished":"2026-04-19T06:13:00+00:00","dateModified":"2026-04-19T06:13:07+00:00","mainEntityOfPage":{"@id":"https:\/\/nordnesrepublikken.no\/index.php\/2026\/04\/19\/avhenger-av-flyktige-gronne-blader-en-kjemisk-melding-om-hjelp\/"},"wordCount":584,"publisher":{"@id":"https:\/\/nordnesrepublikken.no\/#organization"},"image":{"@id":"https:\/\/nordnesrepublikken.no\/index.php\/2026\/04\/19\/avhenger-av-flyktige-gronne-blader-en-kjemisk-melding-om-hjelp\/#primaryimage"},"thumbnailUrl":"https:\/\/nordnesrepublikken.no\/wp-content\/uploads\/2026\/04\/1776579182_avhenger-av-flyktige-gronne-blader-en-kjemisk-melding-om-hjelp-scaled.jpg","keywords":["avhenger","blader","flyktige","gr\u00f8nne","hjelp","kjemisk","melding"],"articleSection":["Vitenskap"],"inLanguage":"nb-NO"},{"@type":"WebPage","@id":"https:\/\/nordnesrepublikken.no\/index.php\/2026\/04\/19\/avhenger-av-flyktige-gronne-blader-en-kjemisk-melding-om-hjelp\/","url":"https:\/\/nordnesrepublikken.no\/index.php\/2026\/04\/19\/avhenger-av-flyktige-gronne-blader-en-kjemisk-melding-om-hjelp\/","name":"avhenger av flyktige gr\u00f8nne blader, en kjemisk melding om \"hjelp\" - Nordnesrepublikken","isPartOf":{"@id":"https:\/\/nordnesrepublikken.no\/#website"},"primaryImageOfPage":{"@id":"https:\/\/nordnesrepublikken.no\/index.php\/2026\/04\/19\/avhenger-av-flyktige-gronne-blader-en-kjemisk-melding-om-hjelp\/#primaryimage"},"image":{"@id":"https:\/\/nordnesrepublikken.no\/index.php\/2026\/04\/19\/avhenger-av-flyktige-gronne-blader-en-kjemisk-melding-om-hjelp\/#primaryimage"},"thumbnailUrl":"https:\/\/nordnesrepublikken.no\/wp-content\/uploads\/2026\/04\/1776579182_avhenger-av-flyktige-gronne-blader-en-kjemisk-melding-om-hjelp-scaled.jpg","datePublished":"2026-04-19T06:13:00+00:00","dateModified":"2026-04-19T06:13:07+00:00","breadcrumb":{"@id":"https:\/\/nordnesrepublikken.no\/index.php\/2026\/04\/19\/avhenger-av-flyktige-gronne-blader-en-kjemisk-melding-om-hjelp\/#breadcrumb"},"inLanguage":"nb-NO","potentialAction":[{"@type":"ReadAction","target":["https:\/\/nordnesrepublikken.no\/index.php\/2026\/04\/19\/avhenger-av-flyktige-gronne-blader-en-kjemisk-melding-om-hjelp\/"]}]},{"@type":"ImageObject","inLanguage":"nb-NO","@id":"https:\/\/nordnesrepublikken.no\/index.php\/2026\/04\/19\/avhenger-av-flyktige-gronne-blader-en-kjemisk-melding-om-hjelp\/#primaryimage","url":"https:\/\/nordnesrepublikken.no\/wp-content\/uploads\/2026\/04\/1776579182_avhenger-av-flyktige-gronne-blader-en-kjemisk-melding-om-hjelp-scaled.jpg","contentUrl":"https:\/\/nordnesrepublikken.no\/wp-content\/uploads\/2026\/04\/1776579182_avhenger-av-flyktige-gronne-blader-en-kjemisk-melding-om-hjelp-scaled.jpg","width":2560,"height":1707,"caption":"avhenger av flyktige gr\u00f8nne blader, en kjemisk melding om \"hjelp\""},{"@type":"BreadcrumbList","@id":"https:\/\/nordnesrepublikken.no\/index.php\/2026\/04\/19\/avhenger-av-flyktige-gronne-blader-en-kjemisk-melding-om-hjelp\/#breadcrumb","itemListElement":[{"@type":"ListItem","position":1,"name":"Home","item":"https:\/\/nordnesrepublikken.no\/"},{"@type":"ListItem","position":2,"name":"avhenger av flyktige gr\u00f8nne blader, en kjemisk melding om &laquo;hjelp&raquo;"}]},{"@type":"WebSite","@id":"https:\/\/nordnesrepublikken.no\/#website","url":"https:\/\/nordnesrepublikken.no\/","name":"Nordnesrepublikken","description":"Stemmer og Visjoner fra Republikkens Hjerte","publisher":{"@id":"https:\/\/nordnesrepublikken.no\/#organization"},"potentialAction":[{"@type":"SearchAction","target":{"@type":"EntryPoint","urlTemplate":"https:\/\/nordnesrepublikken.no\/?s={search_term_string}"},"query-input":{"@type":"PropertyValueSpecification","valueRequired":true,"valueName":"search_term_string"}}],"inLanguage":"nb-NO"},{"@type":"Organization","@id":"https:\/\/nordnesrepublikken.no\/#organization","name":"Nordnesrepublikken","url":"https:\/\/nordnesrepublikken.no\/","logo":{"@type":"ImageObject","inLanguage":"nb-NO","@id":"https:\/\/nordnesrepublikken.no\/#\/schema\/logo\/image\/","url":"https:\/\/nordnesrepublikken.no\/wp-content\/uploads\/2025\/02\/cropped-nordnesrepublikken-2.png","contentUrl":"https:\/\/nordnesrepublikken.no\/wp-content\/uploads\/2025\/02\/cropped-nordnesrepublikken-2.png","width":1248,"height":362,"caption":"Nordnesrepublikken"},"image":{"@id":"https:\/\/nordnesrepublikken.no\/#\/schema\/logo\/image\/"}},{"@type":"Person","@id":"https:\/\/nordnesrepublikken.no\/#\/schema\/person\/2e7e81935bab77882fffb79296240ff1","name":"Ole Andersen","image":{"@type":"ImageObject","inLanguage":"nb-NO","@id":"https:\/\/nordnesrepublikken.no\/#\/schema\/person\/image\/","url":"https:\/\/nordnesrepublikken.no\/wp-content\/uploads\/2025\/02\/nordnesrepublikken-2-2-150x150.jpg","contentUrl":"https:\/\/nordnesrepublikken.no\/wp-content\/uploads\/2025\/02\/nordnesrepublikken-2-2-150x150.jpg","caption":"Ole Andersen"},"description":"Ettersom jeg vokste opp i Oslo, har jeg alltid v\u00e6rt fascinert av ordenes kraft og deres evne til \u00e5 skape endringer. Etter \u00e5 ha fullf\u00f8rt min utdannelse i kommunikasjon ved Universitetet i Bergen, fikk jeg muligheten til \u00e5 jobbe innen ulike medier, der jeg har s\u00f8kt \u00e5 belyse viktige samfunnssp\u00f8rsm\u00e5l. I dag, som redakt\u00f8r for Nordnesrepublikken, pr\u00f8ver jeg \u00e5 forene min kj\u00e6rlighet for journalistikk med min lidenskap for innovasjon og eventyr.","sameAs":["https:\/\/nordnesrepublikken.no\/"]}]}},"_links":{"self":[{"href":"https:\/\/nordnesrepublikken.no\/index.php\/wp-json\/wp\/v2\/posts\/17160","targetHints":{"allow":["GET"]}}],"collection":[{"href":"https:\/\/nordnesrepublikken.no\/index.php\/wp-json\/wp\/v2\/posts"}],"about":[{"href":"https:\/\/nordnesrepublikken.no\/index.php\/wp-json\/wp\/v2\/types\/post"}],"author":[{"embeddable":true,"href":"https:\/\/nordnesrepublikken.no\/index.php\/wp-json\/wp\/v2\/users\/1"}],"replies":[{"embeddable":true,"href":"https:\/\/nordnesrepublikken.no\/index.php\/wp-json\/wp\/v2\/comments?post=17160"}],"version-history":[{"count":1,"href":"https:\/\/nordnesrepublikken.no\/index.php\/wp-json\/wp\/v2\/posts\/17160\/revisions"}],"predecessor-version":[{"id":17162,"href":"https:\/\/nordnesrepublikken.no\/index.php\/wp-json\/wp\/v2\/posts\/17160\/revisions\/17162"}],"wp:featuredmedia":[{"embeddable":true,"href":"https:\/\/nordnesrepublikken.no\/index.php\/wp-json\/wp\/v2\/media\/17161"}],"wp:attachment":[{"href":"https:\/\/nordnesrepublikken.no\/index.php\/wp-json\/wp\/v2\/media?parent=17160"}],"wp:term":[{"taxonomy":"category","embeddable":true,"href":"https:\/\/nordnesrepublikken.no\/index.php\/wp-json\/wp\/v2\/categories?post=17160"},{"taxonomy":"post_tag","embeddable":true,"href":"https:\/\/nordnesrepublikken.no\/index.php\/wp-json\/wp\/v2\/tags?post=17160"}],"curies":[{"name":"wp","href":"https:\/\/api.w.org\/{rel}","templated":true}]}}