{"id":17151,"date":"2026-04-18T20:46:57","date_gmt":"2026-04-18T18:46:57","guid":{"rendered":"https:\/\/nordnesrepublikken.no\/index.php\/2026\/04\/18\/brussel-gir-en-presserende-oppdatering-etter-frykt-for-at-flyreiser-til-spania-kan-bli-kansellert-pa-grunn-av-drivstoffmangel\/"},"modified":"2026-04-18T20:46:59","modified_gmt":"2026-04-18T18:46:59","slug":"brussel-gir-en-presserende-oppdatering-etter-frykt-for-at-flyreiser-til-spania-kan-bli-kansellert-pa-grunn-av-drivstoffmangel","status":"publish","type":"post","link":"https:\/\/nordnesrepublikken.no\/index.php\/2026\/04\/18\/brussel-gir-en-presserende-oppdatering-etter-frykt-for-at-flyreiser-til-spania-kan-bli-kansellert-pa-grunn-av-drivstoffmangel\/","title":{"rendered":"Brussel gir en presserende oppdatering etter frykt for at flyreiser til Spania kan bli kansellert p\u00e5 grunn av drivstoffmangel"},"content":{"rendered":"<p><\/p>\n<div class=\"wordpress-content\">\n                    <!-- Article Start --><\/p>\n<p>Alle som flyr til Spania eller andre steder i Europa i l\u00f8pet av de kommende ukene kan ha sett bekymrende overskrifter om mulige kanselleringer av fly knyttet til <strong>drivstoffmangel<\/strong>. Brussel har n\u00e5 flyttet for \u00e5 roe denne frykten, og sier at det ikke er noen umiddelbar risiko for omfattende kanselleringer for\u00e5rsaket av mangel p\u00e5 flydrivstoff. EU-kommisjonen sier den overv\u00e5ker situasjonen n\u00f8ye, men forel\u00f8pig st\u00e5r ikke passasjerer overfor en plutselig stengning av ruter.<\/p>\n<p>Denne tryggheten vil ha betydning for millioner av reisende som forbereder seg p\u00e5 v\u00e5rferier og tidlig sommerferie.<\/p>\n<p>Etter \u00e5r med streiker, forsinkelser og forstyrrelser er mange passasjerer raske til \u00e5 bekymre seg n\u00e5r et nytt reiseproblem dukker opp.<\/p>\n<div class=\"sra_unit\"><link rel=\"stylesheet\" id=\"block-sra\" href=\"https:\/\/euroweeklynews.com\/wp-content\/plugins\/snack-related-articles\/dist\/css\/snack-related.min.css?250312-193541\" type=\"text\/css\" media=\"all\">\n<\/div>\n<h2>Hvorfor drivstoffbekymringer plutselig traff reiseagendaen<\/h2>\n<p>De fleste reisende tenker aldri p\u00e5 flydrivstoff f\u00f8r det blir en trussel mot reisen deres.<\/p>\n<p>Det var nok til \u00e5 utl\u00f8se bekymring blant passasjerer som allerede bestiller fly eller s\u00e5 prisene stige. Det bredere problemet kommer fra usikkerhet i globale energimarkeder og p\u00e5g\u00e5ende spenninger som p\u00e5virker forsyningskjeder.<\/p>\n<p>Europa produserer mye av drivstoffet det bruker gjennom raffinerier, men ikke alt. Import spiller fortsatt en viktig rolle.<\/p>\n<p>N\u00e5r internasjonale markeder blir ustabile, begynner flyselskapene \u00e5 se n\u00f8ye p\u00e5 kostnader, leveranser og fremtidig tilgjengelighet. Det betyr ikke automatisk at det kommer kanselleringer, men det forklarer hvorfor bransjen slo alarm.<\/p>\n<h2>Hva Brussel sier n\u00e5<\/h2>\n<p>EU-kommisjonen har fors\u00f8kt \u00e5 roe nervene.<\/p>\n<p>Tjenestemenn sier at de forel\u00f8pig ikke ser noen tegn til en systemisk mangel som vil f\u00f8re til massekanselleringer over hele Europa.<\/p>\n<p>De har ogs\u00e5 sagt at de fortsatt er i kontakt med luftfartssektoren og internasjonale energiorganer mens de fortsetter \u00e5 f\u00f8lge utviklingen.<\/p>\n<p>Det betyr noe fordi Europa g\u00e5r inn i en av \u00e5rets travleste reiseperioder.<\/p>\n<p>Flyplasser i Spania, Portugal, Hellas, Italia og Frankrike forbereder seg p\u00e5 millioner av passasjerer i l\u00f8pet av de neste m\u00e5nedene. Hvis det var et akutt forsyningsproblem, ville myndighetene bli raskt under press.<\/p>\n<p>Forel\u00f8pig sier Brussel at det ikke er tilfelle.<\/p>\n<h2>Hvorfor Spania reisende f\u00f8lger n\u00f8ye med<\/h2>\n<p>Spania er sterkt avhengig av flyreiser.<\/p>\n<p>Fra Balearene og Kanari\u00f8yene til Costa del Sol, Alicante, Barcelona og Madrid kommer enorme antall bes\u00f8kende med fly og britiske turister alene utgj\u00f8r en av de st\u00f8rste bes\u00f8ksgruppene.<\/p>\n<p>Det betyr at enhver forstyrrelse av flyreiser vil merkes raskt p\u00e5 hoteller, flyplasser, bilutleieskranker og feriesteder.<\/p>\n<p>Det betyr ogs\u00e5 at reisende er spesielt f\u00f8lsomme overfor enhver overskrift som nevner kansellerte ruter.<\/p>\n<p>Mange husker fortsatt flyplasskaos for\u00e5rsaket av streiker, personalmangel og tekniske feil de siste \u00e5rene.<\/p>\n<p>S\u00e5 n\u00e5r drivstoffbekymringer dukker opp, lurer passasjerene naturligvis p\u00e5 om nok en vanskelig sommer kommer.<\/p>\n<p>For \u00f8yeblikket er det ingen offisielle bevis for det.<\/p>\n<h2>Hvordan Europa beskytter seg selv<\/h2>\n<p>En grunn til at Brussel h\u00f8res relativt rolig ut, er at Europa ikke bare er avhengig av daglige drivstoffleveranser.<\/p>\n<p>EU-landene er p\u00e5lagt \u00e5 ha strategiske oljereserver som kan hjelpe dersom forsyningen blir forstyrret.<\/p>\n<p>Kommersielle drivstofflagre finnes ogs\u00e5, mens raffinerier fortsetter \u00e5 produsere store volumer over hele regionen.<\/p>\n<p>Det skaper pusterom hvis markedene blir anspente.<\/p>\n<p>Det betyr ikke at prisene ikke kan stige eller at lokale presspunkter er umulige, men det reduserer sjansen for en umiddelbar mangel p\u00e5 kontinent.<\/p>\n<p>Enkelt sagt har Europa buffere p\u00e5 plass.<\/p>\n<h2>Kan flyreiser fortsatt bli p\u00e5virket senere?<\/h2>\n<p>Ingen kan love at det vil v\u00e6re null problemer i fremtiden.<\/p>\n<p>Hvis globale spenninger forverres, skipsruter blir forstyrret eller raffineriproblemer dukker opp, kan flyselskapene m\u00f8te h\u00f8yere kostnader eller strammere tilbud.<\/p>\n<p>Det kan p\u00e5virke priser, rutetider eller noen mindre l\u00f8nnsomme ruter senere.<\/p>\n<p>Men det er veldig forskjellig fra \u00e5 si at din bestilte feriereise er i ferd med \u00e5 bli kansellert n\u00e5.<\/p>\n<p>P\u00e5 dette stadiet snakker Brussel om den n\u00e5v\u00e6rende situasjonen, og det n\u00e5v\u00e6rende budskapet er betryggende.<\/p>\n<h2>Hva passasjerene b\u00f8r gj\u00f8re n\u00e5<\/h2>\n<p>Hvis du snart skal fly, er det ingen klar grunn til panikk eller endre planer p\u00e5 grunn av drivstoffoverskrifter alene.<\/p>\n<p>Sjekk oppdateringer direkte med flyselskapet ditt.<\/p>\n<p>Hold \u00f8ye med e-poster eller appvarsler.<\/p>\n<p>Hvis du fortsatt bestiller, sammenlign prisene tidlig, siden drivstoffproblemer kan p\u00e5virke prisene selv n\u00e5r flyvningene fortsetter normalt.<\/p>\n<p>Reiseforsikring og fleksible bestillingsalternativer kan ogs\u00e5 gi trygghet.<\/p>\n<p>Viktigst, unng\u00e5 \u00e5 anta at rykter er lik virkeligheten.<\/p>\n<h2>Hvorfor dette betyr noe<\/h2>\n<p>Reisende har blitt vant til usikkerhet. \u00c9n advarsel kan spre seg p\u00e5 nettet i l\u00f8pet av minutter og skape et inntrykk av at kaos allerede skjer.<\/p>\n<p>Akkurat n\u00e5 er imidlertid Europas budskap roligere enn overskriftene.<\/p>\n<p>Drivstoffforsyningen f\u00f8lges n\u00f8ye, flyselskapene \u00f8nsker beredskapsplaner, og flyvningene fortsetter som normalt.<\/p>\n<p>For alle som snart skal til Spania, kan flyplassk\u00f8en fortsatt sette t\u00e5lmodigheten din p\u00e5 pr\u00f8ve.<\/p>\n<p>Men forel\u00f8pig er ikke drivstoffmangel \u00e5rsaken.<\/p>\n<p>                    <!-- Originally published at https:\/\/euroweeklynews.com\/2026\/04\/18\/brussels-issues-urgent-update-after-fears-flights-to-spain-could-be-cancelled-over-fuel-shortage\/ on 18 Apr 2026 at 19:49 by Farah Mokrani --><br \/>\n                    <!-- Article End -->\n                <\/div>\n","protected":false},"excerpt":{"rendered":"<p>Alle som flyr til Spania eller andre steder i Europa i l\u00f8pet av de kommende<\/p>\n","protected":false},"author":1,"featured_media":17152,"comment_status":"closed","ping_status":"open","sticky":false,"template":"","format":"standard","meta":{"footnotes":""},"categories":[105],"tags":[218,5163,10828,92,805,484,1318,576,339,3662,888,81,108,529,117],"class_list":["post-17151","post","type-post","status-publish","format-standard","has-post-thumbnail","hentry","category-livsstil","tag-bli","tag-brussel","tag-drivstoffmangel","tag-etter","tag-flyreiser","tag-frykt","tag-gir","tag-grunn","tag-kan","tag-kansellert","tag-oppdatering","tag-pa","tag-presserende","tag-spania","tag-til","generate-columns","tablet-grid-50","mobile-grid-100","grid-parent","grid-33","resize-featured-image"],"yoast_head":"<!-- This site is optimized with the Yoast SEO plugin v24.4 - https:\/\/yoast.com\/wordpress\/plugins\/seo\/ -->\n<title>Brussel gir en presserende oppdatering etter frykt for at flyreiser til Spania kan bli kansellert p\u00e5 grunn av drivstoffmangel - Nordnesrepublikken<\/title>\n<meta name=\"robots\" content=\"index, follow, max-snippet:-1, max-image-preview:large, max-video-preview:-1\" \/>\n<link rel=\"canonical\" href=\"https:\/\/nordnesrepublikken.no\/index.php\/2026\/04\/18\/brussel-gir-en-presserende-oppdatering-etter-frykt-for-at-flyreiser-til-spania-kan-bli-kansellert-pa-grunn-av-drivstoffmangel\/\" \/>\n<meta property=\"og:locale\" content=\"nb_NO\" \/>\n<meta property=\"og:type\" content=\"article\" \/>\n<meta property=\"og:title\" content=\"Brussel gir en presserende oppdatering etter frykt for at flyreiser til Spania kan bli kansellert p\u00e5 grunn av drivstoffmangel - Nordnesrepublikken\" \/>\n<meta property=\"og:description\" content=\"Alle som flyr til Spania eller andre steder i Europa i l\u00f8pet av de kommende\" \/>\n<meta property=\"og:url\" content=\"https:\/\/nordnesrepublikken.no\/index.php\/2026\/04\/18\/brussel-gir-en-presserende-oppdatering-etter-frykt-for-at-flyreiser-til-spania-kan-bli-kansellert-pa-grunn-av-drivstoffmangel\/\" \/>\n<meta property=\"og:site_name\" content=\"Nordnesrepublikken\" \/>\n<meta property=\"article:published_time\" content=\"2026-04-18T18:46:57+00:00\" \/>\n<meta property=\"article:modified_time\" content=\"2026-04-18T18:46:59+00:00\" \/>\n<meta property=\"og:image\" content=\"https:\/\/nordnesrepublikken.no\/wp-content\/uploads\/2026\/04\/1776538018_Brussel-gir-en-presserende-oppdatering-etter-frykt-for-at-flyreiser.jpg\" \/>\n\t<meta property=\"og:image:width\" content=\"1200\" \/>\n\t<meta property=\"og:image:height\" content=\"795\" \/>\n\t<meta property=\"og:image:type\" content=\"image\/jpeg\" \/>\n<meta name=\"author\" content=\"Ole Andersen\" \/>\n<meta name=\"twitter:card\" content=\"summary_large_image\" \/>\n<meta name=\"twitter:label1\" content=\"Skrevet av\" \/>\n\t<meta name=\"twitter:data1\" content=\"Ole Andersen\" \/>\n\t<meta name=\"twitter:label2\" content=\"Ansl. lesetid\" \/>\n\t<meta name=\"twitter:data2\" content=\"4 minutter\" \/>\n<script type=\"application\/ld+json\" class=\"yoast-schema-graph\">{\"@context\":\"https:\/\/schema.org\",\"@graph\":[{\"@type\":\"Article\",\"@id\":\"https:\/\/nordnesrepublikken.no\/index.php\/2026\/04\/18\/brussel-gir-en-presserende-oppdatering-etter-frykt-for-at-flyreiser-til-spania-kan-bli-kansellert-pa-grunn-av-drivstoffmangel\/#article\",\"isPartOf\":{\"@id\":\"https:\/\/nordnesrepublikken.no\/index.php\/2026\/04\/18\/brussel-gir-en-presserende-oppdatering-etter-frykt-for-at-flyreiser-til-spania-kan-bli-kansellert-pa-grunn-av-drivstoffmangel\/\"},\"author\":{\"name\":\"Ole Andersen\",\"@id\":\"https:\/\/nordnesrepublikken.no\/#\/schema\/person\/2e7e81935bab77882fffb79296240ff1\"},\"headline\":\"Brussel gir en presserende oppdatering etter frykt for at flyreiser til Spania kan bli kansellert p\u00e5 grunn av drivstoffmangel\",\"datePublished\":\"2026-04-18T18:46:57+00:00\",\"dateModified\":\"2026-04-18T18:46:59+00:00\",\"mainEntityOfPage\":{\"@id\":\"https:\/\/nordnesrepublikken.no\/index.php\/2026\/04\/18\/brussel-gir-en-presserende-oppdatering-etter-frykt-for-at-flyreiser-til-spania-kan-bli-kansellert-pa-grunn-av-drivstoffmangel\/\"},\"wordCount\":803,\"publisher\":{\"@id\":\"https:\/\/nordnesrepublikken.no\/#organization\"},\"image\":{\"@id\":\"https:\/\/nordnesrepublikken.no\/index.php\/2026\/04\/18\/brussel-gir-en-presserende-oppdatering-etter-frykt-for-at-flyreiser-til-spania-kan-bli-kansellert-pa-grunn-av-drivstoffmangel\/#primaryimage\"},\"thumbnailUrl\":\"https:\/\/nordnesrepublikken.no\/wp-content\/uploads\/2026\/04\/1776538018_Brussel-gir-en-presserende-oppdatering-etter-frykt-for-at-flyreiser.jpg\",\"keywords\":[\"bli\",\"Brussel\",\"drivstoffmangel\",\"Etter\",\"flyreiser\",\"frykt\",\"gir\",\"grunn\",\"kan\",\"kansellert\",\"oppdatering\",\"p\u00e5\",\"presserende\",\"Spania\",\"til\"],\"articleSection\":[\"Livsstil\"],\"inLanguage\":\"nb-NO\"},{\"@type\":\"WebPage\",\"@id\":\"https:\/\/nordnesrepublikken.no\/index.php\/2026\/04\/18\/brussel-gir-en-presserende-oppdatering-etter-frykt-for-at-flyreiser-til-spania-kan-bli-kansellert-pa-grunn-av-drivstoffmangel\/\",\"url\":\"https:\/\/nordnesrepublikken.no\/index.php\/2026\/04\/18\/brussel-gir-en-presserende-oppdatering-etter-frykt-for-at-flyreiser-til-spania-kan-bli-kansellert-pa-grunn-av-drivstoffmangel\/\",\"name\":\"Brussel gir en presserende oppdatering etter frykt for at flyreiser til Spania kan bli kansellert p\u00e5 grunn av drivstoffmangel - Nordnesrepublikken\",\"isPartOf\":{\"@id\":\"https:\/\/nordnesrepublikken.no\/#website\"},\"primaryImageOfPage\":{\"@id\":\"https:\/\/nordnesrepublikken.no\/index.php\/2026\/04\/18\/brussel-gir-en-presserende-oppdatering-etter-frykt-for-at-flyreiser-til-spania-kan-bli-kansellert-pa-grunn-av-drivstoffmangel\/#primaryimage\"},\"image\":{\"@id\":\"https:\/\/nordnesrepublikken.no\/index.php\/2026\/04\/18\/brussel-gir-en-presserende-oppdatering-etter-frykt-for-at-flyreiser-til-spania-kan-bli-kansellert-pa-grunn-av-drivstoffmangel\/#primaryimage\"},\"thumbnailUrl\":\"https:\/\/nordnesrepublikken.no\/wp-content\/uploads\/2026\/04\/1776538018_Brussel-gir-en-presserende-oppdatering-etter-frykt-for-at-flyreiser.jpg\",\"datePublished\":\"2026-04-18T18:46:57+00:00\",\"dateModified\":\"2026-04-18T18:46:59+00:00\",\"breadcrumb\":{\"@id\":\"https:\/\/nordnesrepublikken.no\/index.php\/2026\/04\/18\/brussel-gir-en-presserende-oppdatering-etter-frykt-for-at-flyreiser-til-spania-kan-bli-kansellert-pa-grunn-av-drivstoffmangel\/#breadcrumb\"},\"inLanguage\":\"nb-NO\",\"potentialAction\":[{\"@type\":\"ReadAction\",\"target\":[\"https:\/\/nordnesrepublikken.no\/index.php\/2026\/04\/18\/brussel-gir-en-presserende-oppdatering-etter-frykt-for-at-flyreiser-til-spania-kan-bli-kansellert-pa-grunn-av-drivstoffmangel\/\"]}]},{\"@type\":\"ImageObject\",\"inLanguage\":\"nb-NO\",\"@id\":\"https:\/\/nordnesrepublikken.no\/index.php\/2026\/04\/18\/brussel-gir-en-presserende-oppdatering-etter-frykt-for-at-flyreiser-til-spania-kan-bli-kansellert-pa-grunn-av-drivstoffmangel\/#primaryimage\",\"url\":\"https:\/\/nordnesrepublikken.no\/wp-content\/uploads\/2026\/04\/1776538018_Brussel-gir-en-presserende-oppdatering-etter-frykt-for-at-flyreiser.jpg\",\"contentUrl\":\"https:\/\/nordnesrepublikken.no\/wp-content\/uploads\/2026\/04\/1776538018_Brussel-gir-en-presserende-oppdatering-etter-frykt-for-at-flyreiser.jpg\",\"width\":1200,\"height\":795,\"caption\":\"Brussel gir en presserende oppdatering etter frykt for at flyreiser til Spania kan bli kansellert p\u00e5 grunn av drivstoffmangel\"},{\"@type\":\"BreadcrumbList\",\"@id\":\"https:\/\/nordnesrepublikken.no\/index.php\/2026\/04\/18\/brussel-gir-en-presserende-oppdatering-etter-frykt-for-at-flyreiser-til-spania-kan-bli-kansellert-pa-grunn-av-drivstoffmangel\/#breadcrumb\",\"itemListElement\":[{\"@type\":\"ListItem\",\"position\":1,\"name\":\"Home\",\"item\":\"https:\/\/nordnesrepublikken.no\/\"},{\"@type\":\"ListItem\",\"position\":2,\"name\":\"Brussel gir en presserende oppdatering etter frykt for at flyreiser til Spania kan bli kansellert p\u00e5 grunn av drivstoffmangel\"}]},{\"@type\":\"WebSite\",\"@id\":\"https:\/\/nordnesrepublikken.no\/#website\",\"url\":\"https:\/\/nordnesrepublikken.no\/\",\"name\":\"Nordnesrepublikken\",\"description\":\"Stemmer og Visjoner fra Republikkens Hjerte\",\"publisher\":{\"@id\":\"https:\/\/nordnesrepublikken.no\/#organization\"},\"potentialAction\":[{\"@type\":\"SearchAction\",\"target\":{\"@type\":\"EntryPoint\",\"urlTemplate\":\"https:\/\/nordnesrepublikken.no\/?s={search_term_string}\"},\"query-input\":{\"@type\":\"PropertyValueSpecification\",\"valueRequired\":true,\"valueName\":\"search_term_string\"}}],\"inLanguage\":\"nb-NO\"},{\"@type\":\"Organization\",\"@id\":\"https:\/\/nordnesrepublikken.no\/#organization\",\"name\":\"Nordnesrepublikken\",\"url\":\"https:\/\/nordnesrepublikken.no\/\",\"logo\":{\"@type\":\"ImageObject\",\"inLanguage\":\"nb-NO\",\"@id\":\"https:\/\/nordnesrepublikken.no\/#\/schema\/logo\/image\/\",\"url\":\"https:\/\/nordnesrepublikken.no\/wp-content\/uploads\/2025\/02\/cropped-nordnesrepublikken-2.png\",\"contentUrl\":\"https:\/\/nordnesrepublikken.no\/wp-content\/uploads\/2025\/02\/cropped-nordnesrepublikken-2.png\",\"width\":1248,\"height\":362,\"caption\":\"Nordnesrepublikken\"},\"image\":{\"@id\":\"https:\/\/nordnesrepublikken.no\/#\/schema\/logo\/image\/\"}},{\"@type\":\"Person\",\"@id\":\"https:\/\/nordnesrepublikken.no\/#\/schema\/person\/2e7e81935bab77882fffb79296240ff1\",\"name\":\"Ole Andersen\",\"image\":{\"@type\":\"ImageObject\",\"inLanguage\":\"nb-NO\",\"@id\":\"https:\/\/nordnesrepublikken.no\/#\/schema\/person\/image\/\",\"url\":\"https:\/\/nordnesrepublikken.no\/wp-content\/uploads\/2025\/02\/nordnesrepublikken-2-2-150x150.jpg\",\"contentUrl\":\"https:\/\/nordnesrepublikken.no\/wp-content\/uploads\/2025\/02\/nordnesrepublikken-2-2-150x150.jpg\",\"caption\":\"Ole Andersen\"},\"description\":\"Ettersom jeg vokste opp i Oslo, har jeg alltid v\u00e6rt fascinert av ordenes kraft og deres evne til \u00e5 skape endringer. Etter \u00e5 ha fullf\u00f8rt min utdannelse i kommunikasjon ved Universitetet i Bergen, fikk jeg muligheten til \u00e5 jobbe innen ulike medier, der jeg har s\u00f8kt \u00e5 belyse viktige samfunnssp\u00f8rsm\u00e5l. I dag, som redakt\u00f8r for Nordnesrepublikken, pr\u00f8ver jeg \u00e5 forene min kj\u00e6rlighet for journalistikk med min lidenskap for innovasjon og eventyr.\",\"sameAs\":[\"https:\/\/nordnesrepublikken.no\/\"]}]}<\/script>\n<!-- \/ Yoast SEO plugin. -->","yoast_head_json":{"title":"Brussel gir en presserende oppdatering etter frykt for at flyreiser til Spania kan bli kansellert p\u00e5 grunn av drivstoffmangel - Nordnesrepublikken","robots":{"index":"index","follow":"follow","max-snippet":"max-snippet:-1","max-image-preview":"max-image-preview:large","max-video-preview":"max-video-preview:-1"},"canonical":"https:\/\/nordnesrepublikken.no\/index.php\/2026\/04\/18\/brussel-gir-en-presserende-oppdatering-etter-frykt-for-at-flyreiser-til-spania-kan-bli-kansellert-pa-grunn-av-drivstoffmangel\/","og_locale":"nb_NO","og_type":"article","og_title":"Brussel gir en presserende oppdatering etter frykt for at flyreiser til Spania kan bli kansellert p\u00e5 grunn av drivstoffmangel - Nordnesrepublikken","og_description":"Alle som flyr til Spania eller andre steder i Europa i l\u00f8pet av de kommende","og_url":"https:\/\/nordnesrepublikken.no\/index.php\/2026\/04\/18\/brussel-gir-en-presserende-oppdatering-etter-frykt-for-at-flyreiser-til-spania-kan-bli-kansellert-pa-grunn-av-drivstoffmangel\/","og_site_name":"Nordnesrepublikken","article_published_time":"2026-04-18T18:46:57+00:00","article_modified_time":"2026-04-18T18:46:59+00:00","og_image":[{"width":1200,"height":795,"url":"https:\/\/nordnesrepublikken.no\/wp-content\/uploads\/2026\/04\/1776538018_Brussel-gir-en-presserende-oppdatering-etter-frykt-for-at-flyreiser.jpg","type":"image\/jpeg"}],"author":"Ole Andersen","twitter_card":"summary_large_image","twitter_misc":{"Skrevet av":"Ole Andersen","Ansl. lesetid":"4 minutter"},"schema":{"@context":"https:\/\/schema.org","@graph":[{"@type":"Article","@id":"https:\/\/nordnesrepublikken.no\/index.php\/2026\/04\/18\/brussel-gir-en-presserende-oppdatering-etter-frykt-for-at-flyreiser-til-spania-kan-bli-kansellert-pa-grunn-av-drivstoffmangel\/#article","isPartOf":{"@id":"https:\/\/nordnesrepublikken.no\/index.php\/2026\/04\/18\/brussel-gir-en-presserende-oppdatering-etter-frykt-for-at-flyreiser-til-spania-kan-bli-kansellert-pa-grunn-av-drivstoffmangel\/"},"author":{"name":"Ole Andersen","@id":"https:\/\/nordnesrepublikken.no\/#\/schema\/person\/2e7e81935bab77882fffb79296240ff1"},"headline":"Brussel gir en presserende oppdatering etter frykt for at flyreiser til Spania kan bli kansellert p\u00e5 grunn av drivstoffmangel","datePublished":"2026-04-18T18:46:57+00:00","dateModified":"2026-04-18T18:46:59+00:00","mainEntityOfPage":{"@id":"https:\/\/nordnesrepublikken.no\/index.php\/2026\/04\/18\/brussel-gir-en-presserende-oppdatering-etter-frykt-for-at-flyreiser-til-spania-kan-bli-kansellert-pa-grunn-av-drivstoffmangel\/"},"wordCount":803,"publisher":{"@id":"https:\/\/nordnesrepublikken.no\/#organization"},"image":{"@id":"https:\/\/nordnesrepublikken.no\/index.php\/2026\/04\/18\/brussel-gir-en-presserende-oppdatering-etter-frykt-for-at-flyreiser-til-spania-kan-bli-kansellert-pa-grunn-av-drivstoffmangel\/#primaryimage"},"thumbnailUrl":"https:\/\/nordnesrepublikken.no\/wp-content\/uploads\/2026\/04\/1776538018_Brussel-gir-en-presserende-oppdatering-etter-frykt-for-at-flyreiser.jpg","keywords":["bli","Brussel","drivstoffmangel","Etter","flyreiser","frykt","gir","grunn","kan","kansellert","oppdatering","p\u00e5","presserende","Spania","til"],"articleSection":["Livsstil"],"inLanguage":"nb-NO"},{"@type":"WebPage","@id":"https:\/\/nordnesrepublikken.no\/index.php\/2026\/04\/18\/brussel-gir-en-presserende-oppdatering-etter-frykt-for-at-flyreiser-til-spania-kan-bli-kansellert-pa-grunn-av-drivstoffmangel\/","url":"https:\/\/nordnesrepublikken.no\/index.php\/2026\/04\/18\/brussel-gir-en-presserende-oppdatering-etter-frykt-for-at-flyreiser-til-spania-kan-bli-kansellert-pa-grunn-av-drivstoffmangel\/","name":"Brussel gir en presserende oppdatering etter frykt for at flyreiser til Spania kan bli kansellert p\u00e5 grunn av drivstoffmangel - Nordnesrepublikken","isPartOf":{"@id":"https:\/\/nordnesrepublikken.no\/#website"},"primaryImageOfPage":{"@id":"https:\/\/nordnesrepublikken.no\/index.php\/2026\/04\/18\/brussel-gir-en-presserende-oppdatering-etter-frykt-for-at-flyreiser-til-spania-kan-bli-kansellert-pa-grunn-av-drivstoffmangel\/#primaryimage"},"image":{"@id":"https:\/\/nordnesrepublikken.no\/index.php\/2026\/04\/18\/brussel-gir-en-presserende-oppdatering-etter-frykt-for-at-flyreiser-til-spania-kan-bli-kansellert-pa-grunn-av-drivstoffmangel\/#primaryimage"},"thumbnailUrl":"https:\/\/nordnesrepublikken.no\/wp-content\/uploads\/2026\/04\/1776538018_Brussel-gir-en-presserende-oppdatering-etter-frykt-for-at-flyreiser.jpg","datePublished":"2026-04-18T18:46:57+00:00","dateModified":"2026-04-18T18:46:59+00:00","breadcrumb":{"@id":"https:\/\/nordnesrepublikken.no\/index.php\/2026\/04\/18\/brussel-gir-en-presserende-oppdatering-etter-frykt-for-at-flyreiser-til-spania-kan-bli-kansellert-pa-grunn-av-drivstoffmangel\/#breadcrumb"},"inLanguage":"nb-NO","potentialAction":[{"@type":"ReadAction","target":["https:\/\/nordnesrepublikken.no\/index.php\/2026\/04\/18\/brussel-gir-en-presserende-oppdatering-etter-frykt-for-at-flyreiser-til-spania-kan-bli-kansellert-pa-grunn-av-drivstoffmangel\/"]}]},{"@type":"ImageObject","inLanguage":"nb-NO","@id":"https:\/\/nordnesrepublikken.no\/index.php\/2026\/04\/18\/brussel-gir-en-presserende-oppdatering-etter-frykt-for-at-flyreiser-til-spania-kan-bli-kansellert-pa-grunn-av-drivstoffmangel\/#primaryimage","url":"https:\/\/nordnesrepublikken.no\/wp-content\/uploads\/2026\/04\/1776538018_Brussel-gir-en-presserende-oppdatering-etter-frykt-for-at-flyreiser.jpg","contentUrl":"https:\/\/nordnesrepublikken.no\/wp-content\/uploads\/2026\/04\/1776538018_Brussel-gir-en-presserende-oppdatering-etter-frykt-for-at-flyreiser.jpg","width":1200,"height":795,"caption":"Brussel gir en presserende oppdatering etter frykt for at flyreiser til Spania kan bli kansellert p\u00e5 grunn av drivstoffmangel"},{"@type":"BreadcrumbList","@id":"https:\/\/nordnesrepublikken.no\/index.php\/2026\/04\/18\/brussel-gir-en-presserende-oppdatering-etter-frykt-for-at-flyreiser-til-spania-kan-bli-kansellert-pa-grunn-av-drivstoffmangel\/#breadcrumb","itemListElement":[{"@type":"ListItem","position":1,"name":"Home","item":"https:\/\/nordnesrepublikken.no\/"},{"@type":"ListItem","position":2,"name":"Brussel gir en presserende oppdatering etter frykt for at flyreiser til Spania kan bli kansellert p\u00e5 grunn av drivstoffmangel"}]},{"@type":"WebSite","@id":"https:\/\/nordnesrepublikken.no\/#website","url":"https:\/\/nordnesrepublikken.no\/","name":"Nordnesrepublikken","description":"Stemmer og Visjoner fra Republikkens Hjerte","publisher":{"@id":"https:\/\/nordnesrepublikken.no\/#organization"},"potentialAction":[{"@type":"SearchAction","target":{"@type":"EntryPoint","urlTemplate":"https:\/\/nordnesrepublikken.no\/?s={search_term_string}"},"query-input":{"@type":"PropertyValueSpecification","valueRequired":true,"valueName":"search_term_string"}}],"inLanguage":"nb-NO"},{"@type":"Organization","@id":"https:\/\/nordnesrepublikken.no\/#organization","name":"Nordnesrepublikken","url":"https:\/\/nordnesrepublikken.no\/","logo":{"@type":"ImageObject","inLanguage":"nb-NO","@id":"https:\/\/nordnesrepublikken.no\/#\/schema\/logo\/image\/","url":"https:\/\/nordnesrepublikken.no\/wp-content\/uploads\/2025\/02\/cropped-nordnesrepublikken-2.png","contentUrl":"https:\/\/nordnesrepublikken.no\/wp-content\/uploads\/2025\/02\/cropped-nordnesrepublikken-2.png","width":1248,"height":362,"caption":"Nordnesrepublikken"},"image":{"@id":"https:\/\/nordnesrepublikken.no\/#\/schema\/logo\/image\/"}},{"@type":"Person","@id":"https:\/\/nordnesrepublikken.no\/#\/schema\/person\/2e7e81935bab77882fffb79296240ff1","name":"Ole Andersen","image":{"@type":"ImageObject","inLanguage":"nb-NO","@id":"https:\/\/nordnesrepublikken.no\/#\/schema\/person\/image\/","url":"https:\/\/nordnesrepublikken.no\/wp-content\/uploads\/2025\/02\/nordnesrepublikken-2-2-150x150.jpg","contentUrl":"https:\/\/nordnesrepublikken.no\/wp-content\/uploads\/2025\/02\/nordnesrepublikken-2-2-150x150.jpg","caption":"Ole Andersen"},"description":"Ettersom jeg vokste opp i Oslo, har jeg alltid v\u00e6rt fascinert av ordenes kraft og deres evne til \u00e5 skape endringer. Etter \u00e5 ha fullf\u00f8rt min utdannelse i kommunikasjon ved Universitetet i Bergen, fikk jeg muligheten til \u00e5 jobbe innen ulike medier, der jeg har s\u00f8kt \u00e5 belyse viktige samfunnssp\u00f8rsm\u00e5l. I dag, som redakt\u00f8r for Nordnesrepublikken, pr\u00f8ver jeg \u00e5 forene min kj\u00e6rlighet for journalistikk med min lidenskap for innovasjon og eventyr.","sameAs":["https:\/\/nordnesrepublikken.no\/"]}]}},"_links":{"self":[{"href":"https:\/\/nordnesrepublikken.no\/index.php\/wp-json\/wp\/v2\/posts\/17151","targetHints":{"allow":["GET"]}}],"collection":[{"href":"https:\/\/nordnesrepublikken.no\/index.php\/wp-json\/wp\/v2\/posts"}],"about":[{"href":"https:\/\/nordnesrepublikken.no\/index.php\/wp-json\/wp\/v2\/types\/post"}],"author":[{"embeddable":true,"href":"https:\/\/nordnesrepublikken.no\/index.php\/wp-json\/wp\/v2\/users\/1"}],"replies":[{"embeddable":true,"href":"https:\/\/nordnesrepublikken.no\/index.php\/wp-json\/wp\/v2\/comments?post=17151"}],"version-history":[{"count":1,"href":"https:\/\/nordnesrepublikken.no\/index.php\/wp-json\/wp\/v2\/posts\/17151\/revisions"}],"predecessor-version":[{"id":17153,"href":"https:\/\/nordnesrepublikken.no\/index.php\/wp-json\/wp\/v2\/posts\/17151\/revisions\/17153"}],"wp:featuredmedia":[{"embeddable":true,"href":"https:\/\/nordnesrepublikken.no\/index.php\/wp-json\/wp\/v2\/media\/17152"}],"wp:attachment":[{"href":"https:\/\/nordnesrepublikken.no\/index.php\/wp-json\/wp\/v2\/media?parent=17151"}],"wp:term":[{"taxonomy":"category","embeddable":true,"href":"https:\/\/nordnesrepublikken.no\/index.php\/wp-json\/wp\/v2\/categories?post=17151"},{"taxonomy":"post_tag","embeddable":true,"href":"https:\/\/nordnesrepublikken.no\/index.php\/wp-json\/wp\/v2\/tags?post=17151"}],"curies":[{"name":"wp","href":"https:\/\/api.w.org\/{rel}","templated":true}]}}